{"id":244478,"date":"2022-05-06T17:08:51","date_gmt":"2022-05-06T13:08:51","guid":{"rendered":"https:\/\/www.meydan.tv\/?p=244478"},"modified":"2022-05-06T17:08:52","modified_gmt":"2022-05-06T13:08:52","slug":"friday-wrap-up-may-first-state-of-the-media-in-azerbaijan-and-eu-press-conference","status":"publish","type":"post","link":"https:\/\/www.meydan.tv\/en\/article\/friday-wrap-up-may-first-state-of-the-media-in-azerbaijan-and-eu-press-conference\/","title":{"rendered":"Friday Wrap-up: May first, state of the media in Azerbaijan and EU press conference"},"content":{"rendered":"\n<p>The week of May 2-6 saw May first protest in Baku, numbers of incidents with journalists in Azerbaijan for 2022 and a press conference with the head of the EU Delegation to Azerbaijan.<\/p>\n\n\n\n<h2 class=\"gb-headline gb-headline-67fa7296 gb-headline-text\">Police in riot gear stormed a rally on May 1, removing hundreds of protesters by truck<\/h2>\n\n\n\n<figure class=\"wp-block-embed is-type-video is-provider-youtube wp-block-embed-youtube wp-embed-aspect-16-9 wp-has-aspect-ratio\"><div class=\"wp-block-embed__wrapper\">\n<iframe title=\"Bak\u0131da 1 May aksiyas\u0131nda polis aksiyan\u0131 da\u011f\u0131td\u0131\" width=\"1200\" height=\"675\" data-src=\"https:\/\/www.youtube.com\/embed\/Ap6GtG69dyw?feature=oembed\" frameborder=\"0\" allow=\"accelerometer; autoplay; clipboard-write; encrypted-media; gyroscope; picture-in-picture\" allowfullscreen src=\"data:image\/svg+xml;base64,PHN2ZyB3aWR0aD0iMSIgaGVpZ2h0PSIxIiB4bWxucz0iaHR0cDovL3d3dy53My5vcmcvMjAwMC9zdmciPjwvc3ZnPg==\" class=\"lazyload\" data-load-mode=\"1\"><\/iframe>\n<\/div><\/figure>\n\n\n\n<p>The D18 Movement held a rally in front of the labor monument on International Labor Day, May first. Protesters <a href=\"https:\/\/www.meydan.tv\/en\/article\/bolt-food-and-wolt-couriers-are-protesting-against-low-wages-and-working-conditions\/\" target=\"_blank\" rel=\"noreferrer noopener\">dedicated the rally to Bolt and Volt couriers<\/a> and chanted &#8220;end to exploitation&#8221;. Police officers in the area intervened in the meeting. Ten activists were detained and later released.<\/p>\n\n\n\n<h2 class=\"gb-headline gb-headline-c21e1b12 gb-headline-text\">60 registered incidents with journalists in the first four months of 2022<\/h2>\n\n\n\n<p>In the first four months of this year, <a href=\"https:\/\/www.meydan.tv\/az\/article\/azerbaycanda-medianin-durumu-4-ayda-60-insident\/\" target=\"_blank\" rel=\"noreferrer noopener\">at least 60 incidents<\/a> involving journalists took place in Azerbaijan. <\/p>\n\n\n\n<p>This includes harassment of professional journalists, prosecution, fines, criminal proceedings, travel bans, denial of access to information about court proceedings, summonses to the prosecutor&#8217;s office for questioning, and so on.\u00a0<\/p>\n\n\n\n<p>The statement was prepared by media rights expert Khalid Agaliyev on the occasion of the World Press Freedom Day. According to the lawyer, the most noticeable trend this year is the increase in defamation accusations. Agaliyev also added that over the past four months, government agencies and courts have made more than 40 decisions in cases involving journalists.\u00a0Only three of them were in their favor.<\/p>\n\n\n\n<h2 class=\"wp-block-heading\">Peter Michalko: &#8220;Media can develop only when it is independent&#8221;<\/h2>\n\n\n\n<p>The head of the EU Delegation to Azerbaijan Peter Michalko held a <a href=\"https:\/\/www.meydan.tv\/az\/article\/peter-mixalko-media-ancaq-musteqil-olduqda-inkisaf-ede-biler\/\" target=\"_blank\" rel=\"noreferrer noopener\">press conference on May 4<\/a> for Azerbaijani media representatives in Baku.<\/p>\n\n\n\n<p>Michalko reminded that the European Union has allocated two-billion euros for economic and investment projects in Azerbaijan. The diplomat believes that with the new agreement, the Baku-Brussels partnership can reach a higher level.\u00a0According to him, the projects and programs open new opportunities for government agencies, civil society and students.<\/p>\n\n\n\n<p>When asked about the new media law, Michalko said he hopes that the law does not affect rights of the journalists in the country, because he believes &#8220;media can only develop when it is independent&#8221;.\u00a0He added that the EU wants to provide concrete assistance in improving the skills of Azerbaijani media, especially outside of Baku. <\/p>\n\n\n\n<p><\/p>\n","protected":false},"excerpt":{"rendered":"<p>The week of May 2-6 saw May first protest in &#8230; <\/p>\n<p class=\"read-more-container\"><a title=\"Friday Wrap-up: May first, state of the media in Azerbaijan and EU press conference\" class=\"read-more button\" href=\"https:\/\/www.meydan.tv\/en\/article\/friday-wrap-up-may-first-state-of-the-media-in-azerbaijan-and-eu-press-conference\/#more-244478\" aria-label=\"Read more about Friday Wrap-up: May first, state of the media in Azerbaijan and EU press conference\">Read more<\/a><\/p>\n","protected":false},"author":17,"featured_media":244481,"comment_status":"closed","ping_status":"closed","sticky":false,"template":"","format":"standard","meta":{"_acf_changed":false,"_sitemap_exclude":false,"_sitemap_priority":"","_sitemap_frequency":"","footnotes":""},"categories":[80,37,38],"tags":[],"class_list":["post-244478","post","type-post","status-publish","format-standard","has-post-thumbnail","hentry","category-featured-en","category-news","category-politics","infinite-scroll-item","generate-columns","tablet-grid-50","mobile-grid-100","grid-parent","grid-33","no-featured-image-padding"],"acf":[],"yoast_head":"<!-- This site is optimized with the Yoast SEO plugin v27.4 - https:\/\/yoast.com\/product\/yoast-seo-wordpress\/ -->\n<title>Friday Wrap-up: May first, state of the media in Azerbaijan and EU press conference - MEYDAN.TV<\/title>\n<meta name=\"robots\" content=\"index, follow, max-snippet:-1, max-image-preview:large, max-video-preview:-1\" \/>\n<link rel=\"canonical\" href=\"https:\/\/www.meydan.tv\/en\/article\/friday-wrap-up-may-first-state-of-the-media-in-azerbaijan-and-eu-press-conference\/\" \/>\n<meta property=\"og:locale\" content=\"en_US\" \/>\n<meta property=\"og:type\" content=\"article\" \/>\n<meta property=\"og:title\" content=\"Friday Wrap-up: May first, state of the media in Azerbaijan and EU press conference - MEYDAN.TV\" \/>\n<meta property=\"og:description\" content=\"The week of May 2-6 saw May first protest in ... Read more\" \/>\n<meta property=\"og:url\" content=\"https:\/\/www.meydan.tv\/en\/article\/friday-wrap-up-may-first-state-of-the-media-in-azerbaijan-and-eu-press-conference\/\" \/>\n<meta property=\"og:site_name\" content=\"MEYDAN.TV\" \/>\n<meta property=\"article:published_time\" content=\"2022-05-06T13:08:51+00:00\" \/>\n<meta property=\"article:modified_time\" content=\"2022-05-06T13:08:52+00:00\" \/>\n<meta property=\"og:image\" content=\"https:\/\/www.meydan.tv\/wp-content\/uploads\/1_maj.jpg\" \/>\n\t<meta property=\"og:image:width\" content=\"1920\" \/>\n\t<meta property=\"og:image:height\" content=\"1080\" \/>\n\t<meta property=\"og:image:type\" content=\"image\/jpeg\" \/>\n<meta name=\"author\" content=\"alice\" \/>\n<meta name=\"twitter:card\" content=\"summary_large_image\" \/>\n<script type=\"application\/ld+json\" class=\"yoast-schema-graph\">{\"@context\":\"https:\\\/\\\/schema.org\",\"@graph\":[{\"@type\":\"Article\",\"@id\":\"https:\\\/\\\/www.meydan.tv\\\/en\\\/article\\\/friday-wrap-up-may-first-state-of-the-media-in-azerbaijan-and-eu-press-conference\\\/#article\",\"isPartOf\":{\"@id\":\"https:\\\/\\\/www.meydan.tv\\\/en\\\/article\\\/friday-wrap-up-may-first-state-of-the-media-in-azerbaijan-and-eu-press-conference\\\/\"},\"author\":{\"name\":\"alice\",\"@id\":\"https:\\\/\\\/www.meydan.tv\\\/en\\\/#\\\/schema\\\/person\\\/1b55b5732fd34354bb11472dcc58e27f\"},\"headline\":\"Friday Wrap-up: May first, state of the media in Azerbaijan and EU press conference\",\"datePublished\":\"2022-05-06T13:08:51+00:00\",\"dateModified\":\"2022-05-06T13:08:52+00:00\",\"mainEntityOfPage\":{\"@id\":\"https:\\\/\\\/www.meydan.tv\\\/en\\\/article\\\/friday-wrap-up-may-first-state-of-the-media-in-azerbaijan-and-eu-press-conference\\\/\"},\"wordCount\":379,\"publisher\":{\"@id\":\"https:\\\/\\\/www.meydan.tv\\\/en\\\/#organization\"},\"image\":{\"@id\":\"https:\\\/\\\/www.meydan.tv\\\/en\\\/article\\\/friday-wrap-up-may-first-state-of-the-media-in-azerbaijan-and-eu-press-conference\\\/#primaryimage\"},\"thumbnailUrl\":\"https:\\\/\\\/www.meydan.tv\\\/wp-content\\\/uploads\\\/1_maj.jpg\",\"articleSection\":[\"Featured\",\"News\",\"Politics\"],\"inLanguage\":\"en-US\"},{\"@type\":\"WebPage\",\"@id\":\"https:\\\/\\\/www.meydan.tv\\\/en\\\/article\\\/friday-wrap-up-may-first-state-of-the-media-in-azerbaijan-and-eu-press-conference\\\/\",\"url\":\"https:\\\/\\\/www.meydan.tv\\\/en\\\/article\\\/friday-wrap-up-may-first-state-of-the-media-in-azerbaijan-and-eu-press-conference\\\/\",\"name\":\"Friday Wrap-up: May first, state of the media in Azerbaijan and EU press conference - MEYDAN.TV\",\"isPartOf\":{\"@id\":\"https:\\\/\\\/www.meydan.tv\\\/en\\\/#website\"},\"primaryImageOfPage\":{\"@id\":\"https:\\\/\\\/www.meydan.tv\\\/en\\\/article\\\/friday-wrap-up-may-first-state-of-the-media-in-azerbaijan-and-eu-press-conference\\\/#primaryimage\"},\"image\":{\"@id\":\"https:\\\/\\\/www.meydan.tv\\\/en\\\/article\\\/friday-wrap-up-may-first-state-of-the-media-in-azerbaijan-and-eu-press-conference\\\/#primaryimage\"},\"thumbnailUrl\":\"https:\\\/\\\/www.meydan.tv\\\/wp-content\\\/uploads\\\/1_maj.jpg\",\"datePublished\":\"2022-05-06T13:08:51+00:00\",\"dateModified\":\"2022-05-06T13:08:52+00:00\",\"breadcrumb\":{\"@id\":\"https:\\\/\\\/www.meydan.tv\\\/en\\\/article\\\/friday-wrap-up-may-first-state-of-the-media-in-azerbaijan-and-eu-press-conference\\\/#breadcrumb\"},\"inLanguage\":\"en-US\",\"potentialAction\":[{\"@type\":\"ReadAction\",\"target\":[\"https:\\\/\\\/www.meydan.tv\\\/en\\\/article\\\/friday-wrap-up-may-first-state-of-the-media-in-azerbaijan-and-eu-press-conference\\\/\"]}]},{\"@type\":\"ImageObject\",\"inLanguage\":\"en-US\",\"@id\":\"https:\\\/\\\/www.meydan.tv\\\/en\\\/article\\\/friday-wrap-up-may-first-state-of-the-media-in-azerbaijan-and-eu-press-conference\\\/#primaryimage\",\"url\":\"https:\\\/\\\/www.meydan.tv\\\/wp-content\\\/uploads\\\/1_maj.jpg\",\"contentUrl\":\"https:\\\/\\\/www.meydan.tv\\\/wp-content\\\/uploads\\\/1_maj.jpg\",\"width\":1920,\"height\":1080,\"caption\":\"Illustration of May first's action. Source: Meydan TV.\"},{\"@type\":\"BreadcrumbList\",\"@id\":\"https:\\\/\\\/www.meydan.tv\\\/en\\\/article\\\/friday-wrap-up-may-first-state-of-the-media-in-azerbaijan-and-eu-press-conference\\\/#breadcrumb\",\"itemListElement\":[{\"@type\":\"ListItem\",\"position\":1,\"name\":\"\u0413\u043b\u0430\u0432\u043d\u0430\u044f\",\"item\":\"https:\\\/\\\/www.meydan.tv\\\/en\\\/\"},{\"@type\":\"ListItem\",\"position\":2,\"name\":\"Featured\",\"item\":\"https:\\\/\\\/www.meydan.tv\\\/en\\\/section\\\/featured-en\\\/\"},{\"@type\":\"ListItem\",\"position\":3,\"name\":\"Friday Wrap-up: May first, state of the media in Azerbaijan and EU press conference\"}]},{\"@type\":\"WebSite\",\"@id\":\"https:\\\/\\\/www.meydan.tv\\\/en\\\/#website\",\"url\":\"https:\\\/\\\/www.meydan.tv\\\/en\\\/\",\"name\":\"MEYDAN.TV\",\"description\":\"Meydan TV Az\u0259rbaycan\u0131n media m\u0259kan\u0131ndak\u0131 alternativ s\u0259sidir\",\"publisher\":{\"@id\":\"https:\\\/\\\/www.meydan.tv\\\/en\\\/#organization\"},\"potentialAction\":[{\"@type\":\"SearchAction\",\"target\":{\"@type\":\"EntryPoint\",\"urlTemplate\":\"https:\\\/\\\/www.meydan.tv\\\/en\\\/?s={search_term_string}\"},\"query-input\":{\"@type\":\"PropertyValueSpecification\",\"valueRequired\":true,\"valueName\":\"search_term_string\"}}],\"inLanguage\":\"en-US\"},{\"@type\":\"Organization\",\"@id\":\"https:\\\/\\\/www.meydan.tv\\\/en\\\/#organization\",\"name\":\"Meydan TV\",\"url\":\"https:\\\/\\\/www.meydan.tv\\\/en\\\/\",\"logo\":{\"@type\":\"ImageObject\",\"inLanguage\":\"en-US\",\"@id\":\"https:\\\/\\\/www.meydan.tv\\\/en\\\/#\\\/schema\\\/logo\\\/image\\\/\",\"url\":\"https:\\\/\\\/www.meydan.tv\\\/wp-content\\\/uploads\\\/2021\\\/07\\\/meydan-logo.svg\",\"contentUrl\":\"https:\\\/\\\/www.meydan.tv\\\/wp-content\\\/uploads\\\/2021\\\/07\\\/meydan-logo.svg\",\"width\":195,\"height\":46,\"caption\":\"Meydan TV\"},\"image\":{\"@id\":\"https:\\\/\\\/www.meydan.tv\\\/en\\\/#\\\/schema\\\/logo\\\/image\\\/\"}},{\"@type\":\"Person\",\"@id\":\"https:\\\/\\\/www.meydan.tv\\\/en\\\/#\\\/schema\\\/person\\\/1b55b5732fd34354bb11472dcc58e27f\",\"name\":\"alice\"}]}<\/script>\n<!-- \/ Yoast SEO plugin. -->","yoast_head_json":{"title":"Friday Wrap-up: May first, state of the media in Azerbaijan and EU press conference - MEYDAN.TV","robots":{"index":"index","follow":"follow","max-snippet":"max-snippet:-1","max-image-preview":"max-image-preview:large","max-video-preview":"max-video-preview:-1"},"canonical":"https:\/\/www.meydan.tv\/en\/article\/friday-wrap-up-may-first-state-of-the-media-in-azerbaijan-and-eu-press-conference\/","og_locale":"en_US","og_type":"article","og_title":"Friday Wrap-up: May first, state of the media in Azerbaijan and EU press conference - MEYDAN.TV","og_description":"The week of May 2-6 saw May first protest in ... Read more","og_url":"https:\/\/www.meydan.tv\/en\/article\/friday-wrap-up-may-first-state-of-the-media-in-azerbaijan-and-eu-press-conference\/","og_site_name":"MEYDAN.TV","article_published_time":"2022-05-06T13:08:51+00:00","article_modified_time":"2022-05-06T13:08:52+00:00","og_image":[{"width":1920,"height":1080,"url":"https:\/\/www.meydan.tv\/wp-content\/uploads\/1_maj.jpg","type":"image\/jpeg"}],"author":"alice","twitter_card":"summary_large_image","schema":{"@context":"https:\/\/schema.org","@graph":[{"@type":"Article","@id":"https:\/\/www.meydan.tv\/en\/article\/friday-wrap-up-may-first-state-of-the-media-in-azerbaijan-and-eu-press-conference\/#article","isPartOf":{"@id":"https:\/\/www.meydan.tv\/en\/article\/friday-wrap-up-may-first-state-of-the-media-in-azerbaijan-and-eu-press-conference\/"},"author":{"name":"alice","@id":"https:\/\/www.meydan.tv\/en\/#\/schema\/person\/1b55b5732fd34354bb11472dcc58e27f"},"headline":"Friday Wrap-up: May first, state of the media in Azerbaijan and EU press conference","datePublished":"2022-05-06T13:08:51+00:00","dateModified":"2022-05-06T13:08:52+00:00","mainEntityOfPage":{"@id":"https:\/\/www.meydan.tv\/en\/article\/friday-wrap-up-may-first-state-of-the-media-in-azerbaijan-and-eu-press-conference\/"},"wordCount":379,"publisher":{"@id":"https:\/\/www.meydan.tv\/en\/#organization"},"image":{"@id":"https:\/\/www.meydan.tv\/en\/article\/friday-wrap-up-may-first-state-of-the-media-in-azerbaijan-and-eu-press-conference\/#primaryimage"},"thumbnailUrl":"https:\/\/www.meydan.tv\/wp-content\/uploads\/1_maj.jpg","articleSection":["Featured","News","Politics"],"inLanguage":"en-US"},{"@type":"WebPage","@id":"https:\/\/www.meydan.tv\/en\/article\/friday-wrap-up-may-first-state-of-the-media-in-azerbaijan-and-eu-press-conference\/","url":"https:\/\/www.meydan.tv\/en\/article\/friday-wrap-up-may-first-state-of-the-media-in-azerbaijan-and-eu-press-conference\/","name":"Friday Wrap-up: May first, state of the media in Azerbaijan and EU press conference - MEYDAN.TV","isPartOf":{"@id":"https:\/\/www.meydan.tv\/en\/#website"},"primaryImageOfPage":{"@id":"https:\/\/www.meydan.tv\/en\/article\/friday-wrap-up-may-first-state-of-the-media-in-azerbaijan-and-eu-press-conference\/#primaryimage"},"image":{"@id":"https:\/\/www.meydan.tv\/en\/article\/friday-wrap-up-may-first-state-of-the-media-in-azerbaijan-and-eu-press-conference\/#primaryimage"},"thumbnailUrl":"https:\/\/www.meydan.tv\/wp-content\/uploads\/1_maj.jpg","datePublished":"2022-05-06T13:08:51+00:00","dateModified":"2022-05-06T13:08:52+00:00","breadcrumb":{"@id":"https:\/\/www.meydan.tv\/en\/article\/friday-wrap-up-may-first-state-of-the-media-in-azerbaijan-and-eu-press-conference\/#breadcrumb"},"inLanguage":"en-US","potentialAction":[{"@type":"ReadAction","target":["https:\/\/www.meydan.tv\/en\/article\/friday-wrap-up-may-first-state-of-the-media-in-azerbaijan-and-eu-press-conference\/"]}]},{"@type":"ImageObject","inLanguage":"en-US","@id":"https:\/\/www.meydan.tv\/en\/article\/friday-wrap-up-may-first-state-of-the-media-in-azerbaijan-and-eu-press-conference\/#primaryimage","url":"https:\/\/www.meydan.tv\/wp-content\/uploads\/1_maj.jpg","contentUrl":"https:\/\/www.meydan.tv\/wp-content\/uploads\/1_maj.jpg","width":1920,"height":1080,"caption":"Illustration of May first's action. Source: Meydan TV."},{"@type":"BreadcrumbList","@id":"https:\/\/www.meydan.tv\/en\/article\/friday-wrap-up-may-first-state-of-the-media-in-azerbaijan-and-eu-press-conference\/#breadcrumb","itemListElement":[{"@type":"ListItem","position":1,"name":"\u0413\u043b\u0430\u0432\u043d\u0430\u044f","item":"https:\/\/www.meydan.tv\/en\/"},{"@type":"ListItem","position":2,"name":"Featured","item":"https:\/\/www.meydan.tv\/en\/section\/featured-en\/"},{"@type":"ListItem","position":3,"name":"Friday Wrap-up: May first, state of the media in Azerbaijan and EU press conference"}]},{"@type":"WebSite","@id":"https:\/\/www.meydan.tv\/en\/#website","url":"https:\/\/www.meydan.tv\/en\/","name":"MEYDAN.TV","description":"Meydan TV Az\u0259rbaycan\u0131n media m\u0259kan\u0131ndak\u0131 alternativ s\u0259sidir","publisher":{"@id":"https:\/\/www.meydan.tv\/en\/#organization"},"potentialAction":[{"@type":"SearchAction","target":{"@type":"EntryPoint","urlTemplate":"https:\/\/www.meydan.tv\/en\/?s={search_term_string}"},"query-input":{"@type":"PropertyValueSpecification","valueRequired":true,"valueName":"search_term_string"}}],"inLanguage":"en-US"},{"@type":"Organization","@id":"https:\/\/www.meydan.tv\/en\/#organization","name":"Meydan TV","url":"https:\/\/www.meydan.tv\/en\/","logo":{"@type":"ImageObject","inLanguage":"en-US","@id":"https:\/\/www.meydan.tv\/en\/#\/schema\/logo\/image\/","url":"https:\/\/www.meydan.tv\/wp-content\/uploads\/2021\/07\/meydan-logo.svg","contentUrl":"https:\/\/www.meydan.tv\/wp-content\/uploads\/2021\/07\/meydan-logo.svg","width":195,"height":46,"caption":"Meydan TV"},"image":{"@id":"https:\/\/www.meydan.tv\/en\/#\/schema\/logo\/image\/"}},{"@type":"Person","@id":"https:\/\/www.meydan.tv\/en\/#\/schema\/person\/1b55b5732fd34354bb11472dcc58e27f","name":"alice"}]}},"_links":{"self":[{"href":"https:\/\/www.meydan.tv\/en\/wp-json\/wp\/v2\/posts\/244478","targetHints":{"allow":["GET"]}}],"collection":[{"href":"https:\/\/www.meydan.tv\/en\/wp-json\/wp\/v2\/posts"}],"about":[{"href":"https:\/\/www.meydan.tv\/en\/wp-json\/wp\/v2\/types\/post"}],"author":[{"embeddable":true,"href":"https:\/\/www.meydan.tv\/en\/wp-json\/wp\/v2\/users\/17"}],"replies":[{"embeddable":true,"href":"https:\/\/www.meydan.tv\/en\/wp-json\/wp\/v2\/comments?post=244478"}],"version-history":[{"count":2,"href":"https:\/\/www.meydan.tv\/en\/wp-json\/wp\/v2\/posts\/244478\/revisions"}],"predecessor-version":[{"id":244485,"href":"https:\/\/www.meydan.tv\/en\/wp-json\/wp\/v2\/posts\/244478\/revisions\/244485"}],"wp:featuredmedia":[{"embeddable":true,"href":"https:\/\/www.meydan.tv\/en\/wp-json\/wp\/v2\/media\/244481"}],"wp:attachment":[{"href":"https:\/\/www.meydan.tv\/en\/wp-json\/wp\/v2\/media?parent=244478"}],"wp:term":[{"taxonomy":"category","embeddable":true,"href":"https:\/\/www.meydan.tv\/en\/wp-json\/wp\/v2\/categories?post=244478"},{"taxonomy":"post_tag","embeddable":true,"href":"https:\/\/www.meydan.tv\/en\/wp-json\/wp\/v2\/tags?post=244478"}],"curies":[{"name":"wp","href":"https:\/\/api.w.org\/{rel}","templated":true}]}}