{"id":237204,"date":"2022-03-04T20:38:57","date_gmt":"2022-03-04T16:38:57","guid":{"rendered":"https:\/\/www.meydan.tv\/?p=237204"},"modified":"2022-03-04T20:38:59","modified_gmt":"2022-03-04T16:38:59","slug":"friday-wrap-up-azerbaijanis-in-ukraine-political-party-in-azerbaijan-denied-registration","status":"publish","type":"post","link":"https:\/\/www.meydan.tv\/en\/article\/friday-wrap-up-azerbaijanis-in-ukraine-political-party-in-azerbaijan-denied-registration\/","title":{"rendered":"Friday Wrap-up: Azerbaijanis in Ukraine, political party in Azerbaijan denied registration"},"content":{"rendered":"\n<p>The week of 28 February-4 March saw Azerbaijanis stuck in Ukraine, Azerbaijanis collecting aid for Ukraine, and the denial of a political party&#8217;s registration.<\/p>\n\n\n\n<h2 class=\"wp-block-heading\" id=\"tofig-yagublu-met-with-the-us-ambassador\">Azerbaijanis allege being stuck in Kharkiv without help from the consulate<\/h2>\n\n\n\n<figure class=\"wp-block-embed is-type-video is-provider-youtube wp-block-embed-youtube wp-embed-aspect-16-9 wp-has-aspect-ratio\"><div class=\"wp-block-embed__wrapper\">\n<iframe title=\"Ukraynan\u0131n 2-ci b\u00f6y\u00fck \u015f\u0259h\u0259ri Xarkov bombard\u0131mandan sonra\" width=\"1200\" height=\"675\" data-src=\"https:\/\/www.youtube.com\/embed\/lWZiz6wUzBQ?feature=oembed\" frameborder=\"0\" allow=\"accelerometer; autoplay; clipboard-write; encrypted-media; gyroscope; picture-in-picture\" allowfullscreen src=\"data:image\/svg+xml;base64,PHN2ZyB3aWR0aD0iMSIgaGVpZ2h0PSIxIiB4bWxucz0iaHR0cDovL3d3dy53My5vcmcvMjAwMC9zdmciPjwvc3ZnPg==\" class=\"lazyload\" data-load-mode=\"1\"><\/iframe>\n<\/div><figcaption>(Video report in Azerbaijani)<\/figcaption><\/figure>\n\n\n\n<p>On 1 March, Azerbaijanis at the Kharkiv railway station shared on social networks the help promised to them by Azerbaijan. The Azerbaijani consulate had released a statement saying that 1,500 Azerbaijanis had been sent from the Ukrainian city of Kharkiv to Lviv, where they would be helped to cross the Ukrainian-Polish border from Lviv.<\/p>\n\n\n\n<p>According to the Azerbaijanis in Kharkiv, the statements were false. \u201cWe were promised that a carriage would be allocated for Azerbaijanis and [&#8230;] evacuated.\u00a0We have gathered, there is nothing.\u00a0We call the embassy, \u200b\u200bwe call the consulate, but there is no answer&#8221;, they stated.<\/p>\n\n\n\n<p>Complainants said that bombs were being dropped near the station and the building is being shaken, saying, &#8220;People go to Lviv as they can, and from there it is difficult to walk 20 kilometers to the Polish border.&#8221;<\/p>\n\n\n\n<h2 class=\"wp-block-heading\" id=\"repression-on-a-protest-covering-in-baku\">Azerbaijanis collect aid products to send to Ukraine<\/h2>\n\n\n\n<figure class=\"wp-block-embed is-type-video is-provider-youtube wp-block-embed-youtube wp-embed-aspect-16-9 wp-has-aspect-ratio\"><div class=\"wp-block-embed__wrapper\">\n<iframe title=\"Azerbaijanis collect aid products to send to Ukraine | Meydan TV English\" width=\"1200\" height=\"675\" data-src=\"https:\/\/www.youtube.com\/embed\/JjPkrOydQJw?feature=oembed\" frameborder=\"0\" allow=\"accelerometer; autoplay; clipboard-write; encrypted-media; gyroscope; picture-in-picture\" allowfullscreen src=\"data:image\/svg+xml;base64,PHN2ZyB3aWR0aD0iMSIgaGVpZ2h0PSIxIiB4bWxucz0iaHR0cDovL3d3dy53My5vcmcvMjAwMC9zdmciPjwvc3ZnPg==\" class=\"lazyload\" data-load-mode=\"1\"><\/iframe>\n<\/div><\/figure>\n\n\n\n<p>Azerbaijanis who came to the embassy to support the Ukrainians brought with them various aid packages. Some came with bedding and clothes that they had not yet opened, and some came with sanitary products and canned food.<\/p>\n\n\n\n<h2 class=\"gb-headline gb-headline-b64e7f97 gb-headline-text\">The Ministry of Justice refuses registration of ADR Party<\/h2>\n\n\n\n<p>According to the party&#8217;s chairman, economist Gubad Ibadoglu, the Azerbaijani Ministry of Justice has refused to register the Azerbaijan Democracy and Welfare Party <em>(Az\u0259rbaycan Demokratiya v\u0259 Rifah Partiyas\u0131)<\/em>, or ADR.<\/p>\n\n\n\n<p>The ADR had been founded as a movement in 2014 by those who had left oppositional Musavat Pary, and officially formed in October 2021, shortly whereafter it submitted registration documents to the ministry. The ministry denied the registration, stating there were mistakes in the application. Ibadoglu alleges that the ministry&#8217;s claim is unfounded and claims that the decision not to allow the registration is political.<\/p>\n","protected":false},"excerpt":{"rendered":"<p>The week of 28 February-4 March saw Azerbaijanis stuck in &#8230; <\/p>\n<p class=\"read-more-container\"><a title=\"Friday Wrap-up: Azerbaijanis in Ukraine, political party in Azerbaijan denied registration\" class=\"read-more button\" href=\"https:\/\/www.meydan.tv\/en\/article\/friday-wrap-up-azerbaijanis-in-ukraine-political-party-in-azerbaijan-denied-registration\/#more-237204\" aria-label=\"Read more about Friday Wrap-up: Azerbaijanis in Ukraine, political party in Azerbaijan denied registration\">Read more<\/a><\/p>\n","protected":false},"author":9,"featured_media":237209,"comment_status":"closed","ping_status":"closed","sticky":false,"template":"","format":"standard","meta":{"_acf_changed":false,"_sitemap_exclude":false,"_sitemap_priority":"","_sitemap_frequency":"","footnotes":""},"categories":[80,37],"tags":[],"class_list":["post-237204","post","type-post","status-publish","format-standard","has-post-thumbnail","hentry","category-featured-en","category-news","infinite-scroll-item","generate-columns","tablet-grid-50","mobile-grid-100","grid-parent","grid-33","no-featured-image-padding"],"acf":[],"yoast_head":"<!-- This site is optimized with the Yoast SEO plugin v27.5 - https:\/\/yoast.com\/product\/yoast-seo-wordpress\/ -->\n<title>Friday Wrap-up: Azerbaijanis in Ukraine, political party in Azerbaijan denied registration - MEYDAN.TV<\/title>\n<meta name=\"robots\" content=\"index, follow, max-snippet:-1, max-image-preview:large, max-video-preview:-1\" \/>\n<link rel=\"canonical\" href=\"https:\/\/www.meydan.tv\/en\/article\/friday-wrap-up-azerbaijanis-in-ukraine-political-party-in-azerbaijan-denied-registration\/\" \/>\n<meta property=\"og:locale\" content=\"en_US\" \/>\n<meta property=\"og:type\" content=\"article\" \/>\n<meta property=\"og:title\" content=\"Friday Wrap-up: Azerbaijanis in Ukraine, political party in Azerbaijan denied registration - MEYDAN.TV\" \/>\n<meta property=\"og:description\" content=\"The week of 28 February-4 March saw Azerbaijanis stuck in ... Read more\" \/>\n<meta property=\"og:url\" content=\"https:\/\/www.meydan.tv\/en\/article\/friday-wrap-up-azerbaijanis-in-ukraine-political-party-in-azerbaijan-denied-registration\/\" \/>\n<meta property=\"og:site_name\" content=\"MEYDAN.TV\" \/>\n<meta property=\"article:published_time\" content=\"2022-03-04T16:38:57+00:00\" \/>\n<meta property=\"article:modified_time\" content=\"2022-03-04T16:38:59+00:00\" \/>\n<meta property=\"og:image\" content=\"https:\/\/www.meydan.tv\/wp-content\/uploads\/image-from-ios-16-scaled.jpg\" \/>\n\t<meta property=\"og:image:width\" content=\"2560\" \/>\n\t<meta property=\"og:image:height\" content=\"1440\" \/>\n\t<meta property=\"og:image:type\" content=\"image\/jpeg\" \/>\n<meta name=\"author\" content=\"matt\" \/>\n<meta name=\"twitter:card\" content=\"summary_large_image\" \/>\n<script type=\"application\/ld+json\" class=\"yoast-schema-graph\">{\"@context\":\"https:\\\/\\\/schema.org\",\"@graph\":[{\"@type\":\"Article\",\"@id\":\"https:\\\/\\\/www.meydan.tv\\\/en\\\/article\\\/friday-wrap-up-azerbaijanis-in-ukraine-political-party-in-azerbaijan-denied-registration\\\/#article\",\"isPartOf\":{\"@id\":\"https:\\\/\\\/www.meydan.tv\\\/en\\\/article\\\/friday-wrap-up-azerbaijanis-in-ukraine-political-party-in-azerbaijan-denied-registration\\\/\"},\"author\":{\"name\":\"matt\",\"@id\":\"https:\\\/\\\/www.meydan.tv\\\/en\\\/#\\\/schema\\\/person\\\/be725456033c57518d866dd980b43d05\"},\"headline\":\"Friday Wrap-up: Azerbaijanis in Ukraine, political party in Azerbaijan denied registration\",\"datePublished\":\"2022-03-04T16:38:57+00:00\",\"dateModified\":\"2022-03-04T16:38:59+00:00\",\"mainEntityOfPage\":{\"@id\":\"https:\\\/\\\/www.meydan.tv\\\/en\\\/article\\\/friday-wrap-up-azerbaijanis-in-ukraine-political-party-in-azerbaijan-denied-registration\\\/\"},\"wordCount\":342,\"publisher\":{\"@id\":\"https:\\\/\\\/www.meydan.tv\\\/en\\\/#organization\"},\"image\":{\"@id\":\"https:\\\/\\\/www.meydan.tv\\\/en\\\/article\\\/friday-wrap-up-azerbaijanis-in-ukraine-political-party-in-azerbaijan-denied-registration\\\/#primaryimage\"},\"thumbnailUrl\":\"https:\\\/\\\/www.meydan.tv\\\/wp-content\\\/uploads\\\/image-from-ios-16-scaled.jpg\",\"articleSection\":[\"Featured\",\"News\"],\"inLanguage\":\"en-US\"},{\"@type\":\"WebPage\",\"@id\":\"https:\\\/\\\/www.meydan.tv\\\/en\\\/article\\\/friday-wrap-up-azerbaijanis-in-ukraine-political-party-in-azerbaijan-denied-registration\\\/\",\"url\":\"https:\\\/\\\/www.meydan.tv\\\/en\\\/article\\\/friday-wrap-up-azerbaijanis-in-ukraine-political-party-in-azerbaijan-denied-registration\\\/\",\"name\":\"Friday Wrap-up: Azerbaijanis in Ukraine, political party in Azerbaijan denied registration - MEYDAN.TV\",\"isPartOf\":{\"@id\":\"https:\\\/\\\/www.meydan.tv\\\/en\\\/#website\"},\"primaryImageOfPage\":{\"@id\":\"https:\\\/\\\/www.meydan.tv\\\/en\\\/article\\\/friday-wrap-up-azerbaijanis-in-ukraine-political-party-in-azerbaijan-denied-registration\\\/#primaryimage\"},\"image\":{\"@id\":\"https:\\\/\\\/www.meydan.tv\\\/en\\\/article\\\/friday-wrap-up-azerbaijanis-in-ukraine-political-party-in-azerbaijan-denied-registration\\\/#primaryimage\"},\"thumbnailUrl\":\"https:\\\/\\\/www.meydan.tv\\\/wp-content\\\/uploads\\\/image-from-ios-16-scaled.jpg\",\"datePublished\":\"2022-03-04T16:38:57+00:00\",\"dateModified\":\"2022-03-04T16:38:59+00:00\",\"breadcrumb\":{\"@id\":\"https:\\\/\\\/www.meydan.tv\\\/en\\\/article\\\/friday-wrap-up-azerbaijanis-in-ukraine-political-party-in-azerbaijan-denied-registration\\\/#breadcrumb\"},\"inLanguage\":\"en-US\",\"potentialAction\":[{\"@type\":\"ReadAction\",\"target\":[\"https:\\\/\\\/www.meydan.tv\\\/en\\\/article\\\/friday-wrap-up-azerbaijanis-in-ukraine-political-party-in-azerbaijan-denied-registration\\\/\"]}]},{\"@type\":\"ImageObject\",\"inLanguage\":\"en-US\",\"@id\":\"https:\\\/\\\/www.meydan.tv\\\/en\\\/article\\\/friday-wrap-up-azerbaijanis-in-ukraine-political-party-in-azerbaijan-denied-registration\\\/#primaryimage\",\"url\":\"https:\\\/\\\/www.meydan.tv\\\/wp-content\\\/uploads\\\/image-from-ios-16-scaled.jpg\",\"contentUrl\":\"https:\\\/\\\/www.meydan.tv\\\/wp-content\\\/uploads\\\/image-from-ios-16-scaled.jpg\",\"width\":2560,\"height\":1440,\"caption\":\"An illustrator's depiction of refugees fleeing Ukraine. Illustration: Meydan TV\"},{\"@type\":\"BreadcrumbList\",\"@id\":\"https:\\\/\\\/www.meydan.tv\\\/en\\\/article\\\/friday-wrap-up-azerbaijanis-in-ukraine-political-party-in-azerbaijan-denied-registration\\\/#breadcrumb\",\"itemListElement\":[{\"@type\":\"ListItem\",\"position\":1,\"name\":\"\u0413\u043b\u0430\u0432\u043d\u0430\u044f\",\"item\":\"https:\\\/\\\/www.meydan.tv\\\/en\\\/\"},{\"@type\":\"ListItem\",\"position\":2,\"name\":\"News\",\"item\":\"https:\\\/\\\/www.meydan.tv\\\/en\\\/section\\\/news\\\/\"},{\"@type\":\"ListItem\",\"position\":3,\"name\":\"Friday Wrap-up: Azerbaijanis in Ukraine, political party in Azerbaijan denied registration\"}]},{\"@type\":\"WebSite\",\"@id\":\"https:\\\/\\\/www.meydan.tv\\\/en\\\/#website\",\"url\":\"https:\\\/\\\/www.meydan.tv\\\/en\\\/\",\"name\":\"MEYDAN.TV\",\"description\":\"Meydan TV Az\u0259rbaycan\u0131n media m\u0259kan\u0131ndak\u0131 alternativ s\u0259sidir\",\"publisher\":{\"@id\":\"https:\\\/\\\/www.meydan.tv\\\/en\\\/#organization\"},\"potentialAction\":[{\"@type\":\"SearchAction\",\"target\":{\"@type\":\"EntryPoint\",\"urlTemplate\":\"https:\\\/\\\/www.meydan.tv\\\/en\\\/?s={search_term_string}\"},\"query-input\":{\"@type\":\"PropertyValueSpecification\",\"valueRequired\":true,\"valueName\":\"search_term_string\"}}],\"inLanguage\":\"en-US\"},{\"@type\":\"Organization\",\"@id\":\"https:\\\/\\\/www.meydan.tv\\\/en\\\/#organization\",\"name\":\"Meydan TV\",\"url\":\"https:\\\/\\\/www.meydan.tv\\\/en\\\/\",\"logo\":{\"@type\":\"ImageObject\",\"inLanguage\":\"en-US\",\"@id\":\"https:\\\/\\\/www.meydan.tv\\\/en\\\/#\\\/schema\\\/logo\\\/image\\\/\",\"url\":\"https:\\\/\\\/www.meydan.tv\\\/wp-content\\\/uploads\\\/2021\\\/07\\\/meydan-logo.svg\",\"contentUrl\":\"https:\\\/\\\/www.meydan.tv\\\/wp-content\\\/uploads\\\/2021\\\/07\\\/meydan-logo.svg\",\"width\":195,\"height\":46,\"caption\":\"Meydan TV\"},\"image\":{\"@id\":\"https:\\\/\\\/www.meydan.tv\\\/en\\\/#\\\/schema\\\/logo\\\/image\\\/\"}},{\"@type\":\"Person\",\"@id\":\"https:\\\/\\\/www.meydan.tv\\\/en\\\/#\\\/schema\\\/person\\\/be725456033c57518d866dd980b43d05\",\"name\":\"matt\"}]}<\/script>\n<!-- \/ Yoast SEO plugin. -->","yoast_head_json":{"title":"Friday Wrap-up: Azerbaijanis in Ukraine, political party in Azerbaijan denied registration - MEYDAN.TV","robots":{"index":"index","follow":"follow","max-snippet":"max-snippet:-1","max-image-preview":"max-image-preview:large","max-video-preview":"max-video-preview:-1"},"canonical":"https:\/\/www.meydan.tv\/en\/article\/friday-wrap-up-azerbaijanis-in-ukraine-political-party-in-azerbaijan-denied-registration\/","og_locale":"en_US","og_type":"article","og_title":"Friday Wrap-up: Azerbaijanis in Ukraine, political party in Azerbaijan denied registration - MEYDAN.TV","og_description":"The week of 28 February-4 March saw Azerbaijanis stuck in ... Read more","og_url":"https:\/\/www.meydan.tv\/en\/article\/friday-wrap-up-azerbaijanis-in-ukraine-political-party-in-azerbaijan-denied-registration\/","og_site_name":"MEYDAN.TV","article_published_time":"2022-03-04T16:38:57+00:00","article_modified_time":"2022-03-04T16:38:59+00:00","og_image":[{"width":2560,"height":1440,"url":"https:\/\/www.meydan.tv\/wp-content\/uploads\/image-from-ios-16-scaled.jpg","type":"image\/jpeg"}],"author":"matt","twitter_card":"summary_large_image","schema":{"@context":"https:\/\/schema.org","@graph":[{"@type":"Article","@id":"https:\/\/www.meydan.tv\/en\/article\/friday-wrap-up-azerbaijanis-in-ukraine-political-party-in-azerbaijan-denied-registration\/#article","isPartOf":{"@id":"https:\/\/www.meydan.tv\/en\/article\/friday-wrap-up-azerbaijanis-in-ukraine-political-party-in-azerbaijan-denied-registration\/"},"author":{"name":"matt","@id":"https:\/\/www.meydan.tv\/en\/#\/schema\/person\/be725456033c57518d866dd980b43d05"},"headline":"Friday Wrap-up: Azerbaijanis in Ukraine, political party in Azerbaijan denied registration","datePublished":"2022-03-04T16:38:57+00:00","dateModified":"2022-03-04T16:38:59+00:00","mainEntityOfPage":{"@id":"https:\/\/www.meydan.tv\/en\/article\/friday-wrap-up-azerbaijanis-in-ukraine-political-party-in-azerbaijan-denied-registration\/"},"wordCount":342,"publisher":{"@id":"https:\/\/www.meydan.tv\/en\/#organization"},"image":{"@id":"https:\/\/www.meydan.tv\/en\/article\/friday-wrap-up-azerbaijanis-in-ukraine-political-party-in-azerbaijan-denied-registration\/#primaryimage"},"thumbnailUrl":"https:\/\/www.meydan.tv\/wp-content\/uploads\/image-from-ios-16-scaled.jpg","articleSection":["Featured","News"],"inLanguage":"en-US"},{"@type":"WebPage","@id":"https:\/\/www.meydan.tv\/en\/article\/friday-wrap-up-azerbaijanis-in-ukraine-political-party-in-azerbaijan-denied-registration\/","url":"https:\/\/www.meydan.tv\/en\/article\/friday-wrap-up-azerbaijanis-in-ukraine-political-party-in-azerbaijan-denied-registration\/","name":"Friday Wrap-up: Azerbaijanis in Ukraine, political party in Azerbaijan denied registration - MEYDAN.TV","isPartOf":{"@id":"https:\/\/www.meydan.tv\/en\/#website"},"primaryImageOfPage":{"@id":"https:\/\/www.meydan.tv\/en\/article\/friday-wrap-up-azerbaijanis-in-ukraine-political-party-in-azerbaijan-denied-registration\/#primaryimage"},"image":{"@id":"https:\/\/www.meydan.tv\/en\/article\/friday-wrap-up-azerbaijanis-in-ukraine-political-party-in-azerbaijan-denied-registration\/#primaryimage"},"thumbnailUrl":"https:\/\/www.meydan.tv\/wp-content\/uploads\/image-from-ios-16-scaled.jpg","datePublished":"2022-03-04T16:38:57+00:00","dateModified":"2022-03-04T16:38:59+00:00","breadcrumb":{"@id":"https:\/\/www.meydan.tv\/en\/article\/friday-wrap-up-azerbaijanis-in-ukraine-political-party-in-azerbaijan-denied-registration\/#breadcrumb"},"inLanguage":"en-US","potentialAction":[{"@type":"ReadAction","target":["https:\/\/www.meydan.tv\/en\/article\/friday-wrap-up-azerbaijanis-in-ukraine-political-party-in-azerbaijan-denied-registration\/"]}]},{"@type":"ImageObject","inLanguage":"en-US","@id":"https:\/\/www.meydan.tv\/en\/article\/friday-wrap-up-azerbaijanis-in-ukraine-political-party-in-azerbaijan-denied-registration\/#primaryimage","url":"https:\/\/www.meydan.tv\/wp-content\/uploads\/image-from-ios-16-scaled.jpg","contentUrl":"https:\/\/www.meydan.tv\/wp-content\/uploads\/image-from-ios-16-scaled.jpg","width":2560,"height":1440,"caption":"An illustrator's depiction of refugees fleeing Ukraine. Illustration: Meydan TV"},{"@type":"BreadcrumbList","@id":"https:\/\/www.meydan.tv\/en\/article\/friday-wrap-up-azerbaijanis-in-ukraine-political-party-in-azerbaijan-denied-registration\/#breadcrumb","itemListElement":[{"@type":"ListItem","position":1,"name":"\u0413\u043b\u0430\u0432\u043d\u0430\u044f","item":"https:\/\/www.meydan.tv\/en\/"},{"@type":"ListItem","position":2,"name":"News","item":"https:\/\/www.meydan.tv\/en\/section\/news\/"},{"@type":"ListItem","position":3,"name":"Friday Wrap-up: Azerbaijanis in Ukraine, political party in Azerbaijan denied registration"}]},{"@type":"WebSite","@id":"https:\/\/www.meydan.tv\/en\/#website","url":"https:\/\/www.meydan.tv\/en\/","name":"MEYDAN.TV","description":"Meydan TV Az\u0259rbaycan\u0131n media m\u0259kan\u0131ndak\u0131 alternativ s\u0259sidir","publisher":{"@id":"https:\/\/www.meydan.tv\/en\/#organization"},"potentialAction":[{"@type":"SearchAction","target":{"@type":"EntryPoint","urlTemplate":"https:\/\/www.meydan.tv\/en\/?s={search_term_string}"},"query-input":{"@type":"PropertyValueSpecification","valueRequired":true,"valueName":"search_term_string"}}],"inLanguage":"en-US"},{"@type":"Organization","@id":"https:\/\/www.meydan.tv\/en\/#organization","name":"Meydan TV","url":"https:\/\/www.meydan.tv\/en\/","logo":{"@type":"ImageObject","inLanguage":"en-US","@id":"https:\/\/www.meydan.tv\/en\/#\/schema\/logo\/image\/","url":"https:\/\/www.meydan.tv\/wp-content\/uploads\/2021\/07\/meydan-logo.svg","contentUrl":"https:\/\/www.meydan.tv\/wp-content\/uploads\/2021\/07\/meydan-logo.svg","width":195,"height":46,"caption":"Meydan TV"},"image":{"@id":"https:\/\/www.meydan.tv\/en\/#\/schema\/logo\/image\/"}},{"@type":"Person","@id":"https:\/\/www.meydan.tv\/en\/#\/schema\/person\/be725456033c57518d866dd980b43d05","name":"matt"}]}},"_links":{"self":[{"href":"https:\/\/www.meydan.tv\/en\/wp-json\/wp\/v2\/posts\/237204","targetHints":{"allow":["GET"]}}],"collection":[{"href":"https:\/\/www.meydan.tv\/en\/wp-json\/wp\/v2\/posts"}],"about":[{"href":"https:\/\/www.meydan.tv\/en\/wp-json\/wp\/v2\/types\/post"}],"author":[{"embeddable":true,"href":"https:\/\/www.meydan.tv\/en\/wp-json\/wp\/v2\/users\/9"}],"replies":[{"embeddable":true,"href":"https:\/\/www.meydan.tv\/en\/wp-json\/wp\/v2\/comments?post=237204"}],"version-history":[{"count":3,"href":"https:\/\/www.meydan.tv\/en\/wp-json\/wp\/v2\/posts\/237204\/revisions"}],"predecessor-version":[{"id":237220,"href":"https:\/\/www.meydan.tv\/en\/wp-json\/wp\/v2\/posts\/237204\/revisions\/237220"}],"wp:featuredmedia":[{"embeddable":true,"href":"https:\/\/www.meydan.tv\/en\/wp-json\/wp\/v2\/media\/237209"}],"wp:attachment":[{"href":"https:\/\/www.meydan.tv\/en\/wp-json\/wp\/v2\/media?parent=237204"}],"wp:term":[{"taxonomy":"category","embeddable":true,"href":"https:\/\/www.meydan.tv\/en\/wp-json\/wp\/v2\/categories?post=237204"},{"taxonomy":"post_tag","embeddable":true,"href":"https:\/\/www.meydan.tv\/en\/wp-json\/wp\/v2\/tags?post=237204"}],"curies":[{"name":"wp","href":"https:\/\/api.w.org\/{rel}","templated":true}]}}