{"id":203164,"date":"2020-10-22T16:49:06","date_gmt":"2020-10-22T16:49:06","guid":{"rendered":"https:\/\/www.meydan.tv\/article\/civilians-both-sides-nagorno-karabakh\/"},"modified":"2021-10-29T15:01:33","modified_gmt":"2021-10-29T11:01:33","slug":"civilians-both-sides-nagorno-karabakh","status":"publish","type":"post","link":"https:\/\/www.meydan.tv\/en\/article\/civilians-both-sides-nagorno-karabakh\/","title":{"rendered":"Civilians suffer heavy losses on both sides in the Nagorno-Karabakh conflict"},"content":{"rendered":"<p>\n  The latest shelling by Armenian forces on Azerbaijan&#x27;s second largest city of Ganja has caused more resilience among the population despite sorrow and grief for the loss of their closed ones.\n<\/p>\n<p>\n  At least 23 civilians, including two children, were killed and more than 80 wounded in an attack on Saturday.\n<\/p>\n<p>\n  The attack took place while the victims were sleeping, and intensified the escalation around the Nagorno-Karabakh conflict that has been a hot spot between the two South Caucasian neighbors since the early 1990s.\n<\/p>\n<p>\n  \u201cIt was nearly 1 a.m. I was sleeping and I heard a terribly loud voice. When I opened my eyes the roof of my house was damaged,\u201d Parvin Maharrami, a victim of the Ganja attack, told Meydan TV. \u201cMy eyes are still quivering with fear and stress since that attack.\u201d\n<\/p>\n<figure class=\"wp-block-embed is-type-video is-provider-youtube wp-block-embed-youtube wp-embed-aspect-16-9 wp-has-aspect-ratio\">\n<div class=\"wp-block-embed__wrapper\">\n    <iframe\ttitle=\"Vox Pop: How do Ganja residents feel after the third missile strike?\" width=\"1200\" height=\"675\" data-src=\"https:\/\/www.youtube.com\/embed\/watch?v=2C4K2MhX0no\"\tframeborder=\"0\"\tallow=\"accelerometer; autoplay; clipboard-write; encrypted-media; gyroscope; picture-in-picture\" allowfullscreen src=\"data:image\/svg+xml;base64,PHN2ZyB3aWR0aD0iMSIgaGVpZ2h0PSIxIiB4bWxucz0iaHR0cDovL3d3dy53My5vcmcvMjAwMC9zdmciPjwvc3ZnPg==\" class=\"lazyload\" data-load-mode=\"1\"><\/iframe>\n  <\/div><figcaption>\n    Vox Pop: How do Ganja residents feel after the third missile strike?<br \/>\n  <\/figcaption><\/figure>\n<p>\n  Ganja is a large industrial city and home to a population of over 300,000 people. Although the city is far from the conflict zone, it has been shelled frequently together with other populated areas of Azerbaijan.\n<\/p>\n<p>\n  Despite the danger, residents say they plan to stay put.\n<\/p>\n<p>\n  \u201cI will not leave. This is my home and I will not abandon it,\u201d an elderly Ganja resident told Meydan TV.\n<\/p>\n<p>\n  Another resident, Gunel Aliyeva, says her family members are concerned since nothing was left from their houses after the recent attack.\n<\/p>\n<p>\n  \u201cWhen we came my parents were outside in fear. They are still shocked, as they have lost their neighbors and some are seriously wounded,\u201d Aliyeva added.\n<\/p>\n<p>\n  \u201cI wish that no one dies,\u201d Madina Aliyeva, another Ganja resident, told Meydan TV among the ruins of her house.\n<\/p>\n<p>\n  Hikmat Hajiyev, an aide to the Azerbaijani president, said more than 20 houses were destroyed in the attack.\n<\/p>\n<p>\n  Shortly after the shelling Azerbaijani President Ilham Aliyev said the country\u2019s armed forces would retaliate against Yerevan and \u201ctake revenge on the battlefield\u201d.\n<\/p>\n<p>\n  Armenian defence ministry denied Yerevan was behind the shelling and accused Baku of continuing to shell populated areas inside Nagorno-Karabakh, including Khankendi (Stepanakert), the administrative city of the enclave.\n<\/p>\n<p>\n  Three civilians were wounded in Nagorno-Karabakh, according to the figures of the Armenian foreign ministry.\n<\/p>\n<figure class=\"wp-block-embed is-type-video is-provider-youtube wp-block-embed-youtube wp-embed-aspect-16-9 wp-has-aspect-ratio\">\n<div class=\"wp-block-embed__wrapper\">\n    <iframe\ttitle=\"Civilians in Tartar and Khankhendi (Stepanakert) after attacks in early October (in Azerbaijani, Russian).\" width=\"1200\" height=\"675\" data-src=\"https:\/\/www.youtube.com\/embed\/watch?v=2C4K2MhX0no\"\tframeborder=\"0\"\tallow=\"accelerometer; autoplay; clipboard-write; encrypted-media; gyroscope; picture-in-picture\" allowfullscreen src=\"data:image\/svg+xml;base64,PHN2ZyB3aWR0aD0iMSIgaGVpZ2h0PSIxIiB4bWxucz0iaHR0cDovL3d3dy53My5vcmcvMjAwMC9zdmciPjwvc3ZnPg==\" class=\"lazyload\" data-load-mode=\"1\"><\/iframe>\n  <\/div><figcaption>\n    Civilians in Tartar and Khankhendi (Stepanakert) after attacks in early October (in Azerbaijani, Russian).<br \/>\n  <\/figcaption><\/figure>\n<p>\n  \u201cWe woke up at 4 a.m. due to an awful blast, it was not just a strike, it was something more powerful \u2026 we are scared, but we got used to it,\u201d Lika Zakaryan, a 26-year-old resident of Khankendi was quoted as saying by Reuters.\n<\/p>\n<p>\n  The few civilians left in Khankendi are consigned to underground life in the shelters, according to Aljazeera reports which state that some people are high in spirits, but others were distraught.\n<\/p>\n<p>\n  \u201cI have four grandsons fighting on the front right now,\u201d 69 years old Nurvard was quoted as saying by Aljazeera. \u201cOne of them died three days ago. The others are still there. What do the Turks want with us?\u201d she said in tears.\n<\/p>\n<p>\n  The region of Nagorno-Karabakh, internationally recognized as part of Azerbaijan, was declared independent by ethnic Armenians living there as the Soviet Union collapsed. An estimated 30,000 were killed when the conflict turned into a full-fledged war,. A ceasefire signed in 1994 under the auspices of Moscow put a fragile end to a large-scale conflict. Peace talks mediated by France, US and Russia were unsuccessful and since then, conflict is volatile, with flare-ups sporadically occurring.<\/p>\n","protected":false},"excerpt":{"rendered":"<p>Civilian casualties on both sides continue to rise.<\/p>\n","protected":false},"author":11,"featured_media":149996,"comment_status":"closed","ping_status":"open","sticky":false,"template":"","format":"standard","meta":{"_acf_changed":false,"_sitemap_exclude":false,"_sitemap_priority":"","_sitemap_frequency":"","footnotes":""},"categories":[37],"tags":[],"class_list":["post-203164","post","type-post","status-publish","format-standard","has-post-thumbnail","hentry","category-news","infinite-scroll-item","generate-columns","tablet-grid-50","mobile-grid-100","grid-parent","grid-33","no-featured-image-padding"],"acf":[],"yoast_head":"<!-- This site is optimized with the Yoast SEO plugin v27.5 - https:\/\/yoast.com\/product\/yoast-seo-wordpress\/ -->\n<title>Civilians suffer heavy losses on both sides in the Nagorno-Karabakh conflict - MEYDAN.TV<\/title>\n<meta name=\"robots\" content=\"index, follow, max-snippet:-1, max-image-preview:large, max-video-preview:-1\" \/>\n<link rel=\"canonical\" href=\"https:\/\/www.meydan.tv\/en\/article\/civilians-both-sides-nagorno-karabakh\/\" \/>\n<meta property=\"og:locale\" content=\"en_US\" \/>\n<meta property=\"og:type\" content=\"article\" \/>\n<meta property=\"og:title\" content=\"Civilians suffer heavy losses on both sides in the Nagorno-Karabakh conflict - MEYDAN.TV\" \/>\n<meta property=\"og:description\" content=\"Civilian casualties on both sides continue to rise.\" \/>\n<meta property=\"og:url\" content=\"https:\/\/www.meydan.tv\/en\/article\/civilians-both-sides-nagorno-karabakh\/\" \/>\n<meta property=\"og:site_name\" content=\"MEYDAN.TV\" \/>\n<meta property=\"article:published_time\" content=\"2020-10-22T16:49:06+00:00\" \/>\n<meta property=\"article:modified_time\" content=\"2021-10-29T11:01:33+00:00\" \/>\n<meta property=\"og:image\" content=\"https:\/\/www.meydan.tv\/wp-content\/uploads\/screenshot_at_oct_20_16-30-43-1200x673.png\" \/>\n\t<meta property=\"og:image:width\" content=\"1200\" \/>\n\t<meta property=\"og:image:height\" content=\"673\" \/>\n\t<meta property=\"og:image:type\" content=\"image\/png\" \/>\n<meta name=\"author\" content=\"user-manager\" \/>\n<meta name=\"twitter:card\" content=\"summary_large_image\" \/>\n<script type=\"application\/ld+json\" class=\"yoast-schema-graph\">{\"@context\":\"https:\\\/\\\/schema.org\",\"@graph\":[{\"@type\":\"Article\",\"@id\":\"https:\\\/\\\/www.meydan.tv\\\/en\\\/article\\\/civilians-both-sides-nagorno-karabakh\\\/#article\",\"isPartOf\":{\"@id\":\"https:\\\/\\\/www.meydan.tv\\\/en\\\/article\\\/civilians-both-sides-nagorno-karabakh\\\/\"},\"author\":{\"name\":\"user-manager\",\"@id\":\"https:\\\/\\\/www.meydan.tv\\\/en\\\/#\\\/schema\\\/person\\\/10d11eccf6da3662cf5fdab9806ea91a\"},\"headline\":\"Civilians suffer heavy losses on both sides in the Nagorno-Karabakh conflict\",\"datePublished\":\"2020-10-22T16:49:06+00:00\",\"dateModified\":\"2021-10-29T11:01:33+00:00\",\"mainEntityOfPage\":{\"@id\":\"https:\\\/\\\/www.meydan.tv\\\/en\\\/article\\\/civilians-both-sides-nagorno-karabakh\\\/\"},\"wordCount\":577,\"publisher\":{\"@id\":\"https:\\\/\\\/www.meydan.tv\\\/en\\\/#organization\"},\"image\":{\"@id\":\"https:\\\/\\\/www.meydan.tv\\\/en\\\/article\\\/civilians-both-sides-nagorno-karabakh\\\/#primaryimage\"},\"thumbnailUrl\":\"https:\\\/\\\/www.meydan.tv\\\/wp-content\\\/uploads\\\/screenshot_at_oct_20_16-30-43.png\",\"articleSection\":[\"News\"],\"inLanguage\":\"en-US\"},{\"@type\":\"WebPage\",\"@id\":\"https:\\\/\\\/www.meydan.tv\\\/en\\\/article\\\/civilians-both-sides-nagorno-karabakh\\\/\",\"url\":\"https:\\\/\\\/www.meydan.tv\\\/en\\\/article\\\/civilians-both-sides-nagorno-karabakh\\\/\",\"name\":\"Civilians suffer heavy losses on both sides in the Nagorno-Karabakh conflict - MEYDAN.TV\",\"isPartOf\":{\"@id\":\"https:\\\/\\\/www.meydan.tv\\\/en\\\/#website\"},\"primaryImageOfPage\":{\"@id\":\"https:\\\/\\\/www.meydan.tv\\\/en\\\/article\\\/civilians-both-sides-nagorno-karabakh\\\/#primaryimage\"},\"image\":{\"@id\":\"https:\\\/\\\/www.meydan.tv\\\/en\\\/article\\\/civilians-both-sides-nagorno-karabakh\\\/#primaryimage\"},\"thumbnailUrl\":\"https:\\\/\\\/www.meydan.tv\\\/wp-content\\\/uploads\\\/screenshot_at_oct_20_16-30-43.png\",\"datePublished\":\"2020-10-22T16:49:06+00:00\",\"dateModified\":\"2021-10-29T11:01:33+00:00\",\"breadcrumb\":{\"@id\":\"https:\\\/\\\/www.meydan.tv\\\/en\\\/article\\\/civilians-both-sides-nagorno-karabakh\\\/#breadcrumb\"},\"inLanguage\":\"en-US\",\"potentialAction\":[{\"@type\":\"ReadAction\",\"target\":[\"https:\\\/\\\/www.meydan.tv\\\/en\\\/article\\\/civilians-both-sides-nagorno-karabakh\\\/\"]}]},{\"@type\":\"ImageObject\",\"inLanguage\":\"en-US\",\"@id\":\"https:\\\/\\\/www.meydan.tv\\\/en\\\/article\\\/civilians-both-sides-nagorno-karabakh\\\/#primaryimage\",\"url\":\"https:\\\/\\\/www.meydan.tv\\\/wp-content\\\/uploads\\\/screenshot_at_oct_20_16-30-43.png\",\"contentUrl\":\"https:\\\/\\\/www.meydan.tv\\\/wp-content\\\/uploads\\\/screenshot_at_oct_20_16-30-43.png\",\"width\":1294,\"height\":726,\"caption\":\"G\u0259nc\u0259 sakini: \\\"Ka\u015f h\u0259r k\u0259sin evi da\u011f\u0131lard\u0131, \u00f6zl\u0259rin\u0259 bir \u015fey olmazd\u0131\\\"\"},{\"@type\":\"BreadcrumbList\",\"@id\":\"https:\\\/\\\/www.meydan.tv\\\/en\\\/article\\\/civilians-both-sides-nagorno-karabakh\\\/#breadcrumb\",\"itemListElement\":[{\"@type\":\"ListItem\",\"position\":1,\"name\":\"\u0413\u043b\u0430\u0432\u043d\u0430\u044f\",\"item\":\"https:\\\/\\\/www.meydan.tv\\\/en\\\/\"},{\"@type\":\"ListItem\",\"position\":2,\"name\":\"News\",\"item\":\"https:\\\/\\\/www.meydan.tv\\\/en\\\/section\\\/news\\\/\"},{\"@type\":\"ListItem\",\"position\":3,\"name\":\"Civilians suffer heavy losses on both sides in the Nagorno-Karabakh conflict\"}]},{\"@type\":\"WebSite\",\"@id\":\"https:\\\/\\\/www.meydan.tv\\\/en\\\/#website\",\"url\":\"https:\\\/\\\/www.meydan.tv\\\/en\\\/\",\"name\":\"MEYDAN.TV\",\"description\":\"Meydan TV Az\u0259rbaycan\u0131n media m\u0259kan\u0131ndak\u0131 alternativ s\u0259sidir\",\"publisher\":{\"@id\":\"https:\\\/\\\/www.meydan.tv\\\/en\\\/#organization\"},\"potentialAction\":[{\"@type\":\"SearchAction\",\"target\":{\"@type\":\"EntryPoint\",\"urlTemplate\":\"https:\\\/\\\/www.meydan.tv\\\/en\\\/?s={search_term_string}\"},\"query-input\":{\"@type\":\"PropertyValueSpecification\",\"valueRequired\":true,\"valueName\":\"search_term_string\"}}],\"inLanguage\":\"en-US\"},{\"@type\":\"Organization\",\"@id\":\"https:\\\/\\\/www.meydan.tv\\\/en\\\/#organization\",\"name\":\"Meydan TV\",\"url\":\"https:\\\/\\\/www.meydan.tv\\\/en\\\/\",\"logo\":{\"@type\":\"ImageObject\",\"inLanguage\":\"en-US\",\"@id\":\"https:\\\/\\\/www.meydan.tv\\\/en\\\/#\\\/schema\\\/logo\\\/image\\\/\",\"url\":\"https:\\\/\\\/www.meydan.tv\\\/wp-content\\\/uploads\\\/2021\\\/07\\\/meydan-logo.svg\",\"contentUrl\":\"https:\\\/\\\/www.meydan.tv\\\/wp-content\\\/uploads\\\/2021\\\/07\\\/meydan-logo.svg\",\"width\":195,\"height\":46,\"caption\":\"Meydan TV\"},\"image\":{\"@id\":\"https:\\\/\\\/www.meydan.tv\\\/en\\\/#\\\/schema\\\/logo\\\/image\\\/\"}},{\"@type\":\"Person\",\"@id\":\"https:\\\/\\\/www.meydan.tv\\\/en\\\/#\\\/schema\\\/person\\\/10d11eccf6da3662cf5fdab9806ea91a\",\"name\":\"user-manager\"}]}<\/script>\n<!-- \/ Yoast SEO plugin. -->","yoast_head_json":{"title":"Civilians suffer heavy losses on both sides in the Nagorno-Karabakh conflict - MEYDAN.TV","robots":{"index":"index","follow":"follow","max-snippet":"max-snippet:-1","max-image-preview":"max-image-preview:large","max-video-preview":"max-video-preview:-1"},"canonical":"https:\/\/www.meydan.tv\/en\/article\/civilians-both-sides-nagorno-karabakh\/","og_locale":"en_US","og_type":"article","og_title":"Civilians suffer heavy losses on both sides in the Nagorno-Karabakh conflict - MEYDAN.TV","og_description":"Civilian casualties on both sides continue to rise.","og_url":"https:\/\/www.meydan.tv\/en\/article\/civilians-both-sides-nagorno-karabakh\/","og_site_name":"MEYDAN.TV","article_published_time":"2020-10-22T16:49:06+00:00","article_modified_time":"2021-10-29T11:01:33+00:00","og_image":[{"width":1200,"height":673,"url":"https:\/\/www.meydan.tv\/wp-content\/uploads\/screenshot_at_oct_20_16-30-43-1200x673.png","type":"image\/png"}],"author":"user-manager","twitter_card":"summary_large_image","schema":{"@context":"https:\/\/schema.org","@graph":[{"@type":"Article","@id":"https:\/\/www.meydan.tv\/en\/article\/civilians-both-sides-nagorno-karabakh\/#article","isPartOf":{"@id":"https:\/\/www.meydan.tv\/en\/article\/civilians-both-sides-nagorno-karabakh\/"},"author":{"name":"user-manager","@id":"https:\/\/www.meydan.tv\/en\/#\/schema\/person\/10d11eccf6da3662cf5fdab9806ea91a"},"headline":"Civilians suffer heavy losses on both sides in the Nagorno-Karabakh conflict","datePublished":"2020-10-22T16:49:06+00:00","dateModified":"2021-10-29T11:01:33+00:00","mainEntityOfPage":{"@id":"https:\/\/www.meydan.tv\/en\/article\/civilians-both-sides-nagorno-karabakh\/"},"wordCount":577,"publisher":{"@id":"https:\/\/www.meydan.tv\/en\/#organization"},"image":{"@id":"https:\/\/www.meydan.tv\/en\/article\/civilians-both-sides-nagorno-karabakh\/#primaryimage"},"thumbnailUrl":"https:\/\/www.meydan.tv\/wp-content\/uploads\/screenshot_at_oct_20_16-30-43.png","articleSection":["News"],"inLanguage":"en-US"},{"@type":"WebPage","@id":"https:\/\/www.meydan.tv\/en\/article\/civilians-both-sides-nagorno-karabakh\/","url":"https:\/\/www.meydan.tv\/en\/article\/civilians-both-sides-nagorno-karabakh\/","name":"Civilians suffer heavy losses on both sides in the Nagorno-Karabakh conflict - MEYDAN.TV","isPartOf":{"@id":"https:\/\/www.meydan.tv\/en\/#website"},"primaryImageOfPage":{"@id":"https:\/\/www.meydan.tv\/en\/article\/civilians-both-sides-nagorno-karabakh\/#primaryimage"},"image":{"@id":"https:\/\/www.meydan.tv\/en\/article\/civilians-both-sides-nagorno-karabakh\/#primaryimage"},"thumbnailUrl":"https:\/\/www.meydan.tv\/wp-content\/uploads\/screenshot_at_oct_20_16-30-43.png","datePublished":"2020-10-22T16:49:06+00:00","dateModified":"2021-10-29T11:01:33+00:00","breadcrumb":{"@id":"https:\/\/www.meydan.tv\/en\/article\/civilians-both-sides-nagorno-karabakh\/#breadcrumb"},"inLanguage":"en-US","potentialAction":[{"@type":"ReadAction","target":["https:\/\/www.meydan.tv\/en\/article\/civilians-both-sides-nagorno-karabakh\/"]}]},{"@type":"ImageObject","inLanguage":"en-US","@id":"https:\/\/www.meydan.tv\/en\/article\/civilians-both-sides-nagorno-karabakh\/#primaryimage","url":"https:\/\/www.meydan.tv\/wp-content\/uploads\/screenshot_at_oct_20_16-30-43.png","contentUrl":"https:\/\/www.meydan.tv\/wp-content\/uploads\/screenshot_at_oct_20_16-30-43.png","width":1294,"height":726,"caption":"G\u0259nc\u0259 sakini: \"Ka\u015f h\u0259r k\u0259sin evi da\u011f\u0131lard\u0131, \u00f6zl\u0259rin\u0259 bir \u015fey olmazd\u0131\""},{"@type":"BreadcrumbList","@id":"https:\/\/www.meydan.tv\/en\/article\/civilians-both-sides-nagorno-karabakh\/#breadcrumb","itemListElement":[{"@type":"ListItem","position":1,"name":"\u0413\u043b\u0430\u0432\u043d\u0430\u044f","item":"https:\/\/www.meydan.tv\/en\/"},{"@type":"ListItem","position":2,"name":"News","item":"https:\/\/www.meydan.tv\/en\/section\/news\/"},{"@type":"ListItem","position":3,"name":"Civilians suffer heavy losses on both sides in the Nagorno-Karabakh conflict"}]},{"@type":"WebSite","@id":"https:\/\/www.meydan.tv\/en\/#website","url":"https:\/\/www.meydan.tv\/en\/","name":"MEYDAN.TV","description":"Meydan TV Az\u0259rbaycan\u0131n media m\u0259kan\u0131ndak\u0131 alternativ s\u0259sidir","publisher":{"@id":"https:\/\/www.meydan.tv\/en\/#organization"},"potentialAction":[{"@type":"SearchAction","target":{"@type":"EntryPoint","urlTemplate":"https:\/\/www.meydan.tv\/en\/?s={search_term_string}"},"query-input":{"@type":"PropertyValueSpecification","valueRequired":true,"valueName":"search_term_string"}}],"inLanguage":"en-US"},{"@type":"Organization","@id":"https:\/\/www.meydan.tv\/en\/#organization","name":"Meydan TV","url":"https:\/\/www.meydan.tv\/en\/","logo":{"@type":"ImageObject","inLanguage":"en-US","@id":"https:\/\/www.meydan.tv\/en\/#\/schema\/logo\/image\/","url":"https:\/\/www.meydan.tv\/wp-content\/uploads\/2021\/07\/meydan-logo.svg","contentUrl":"https:\/\/www.meydan.tv\/wp-content\/uploads\/2021\/07\/meydan-logo.svg","width":195,"height":46,"caption":"Meydan TV"},"image":{"@id":"https:\/\/www.meydan.tv\/en\/#\/schema\/logo\/image\/"}},{"@type":"Person","@id":"https:\/\/www.meydan.tv\/en\/#\/schema\/person\/10d11eccf6da3662cf5fdab9806ea91a","name":"user-manager"}]}},"_links":{"self":[{"href":"https:\/\/www.meydan.tv\/en\/wp-json\/wp\/v2\/posts\/203164","targetHints":{"allow":["GET"]}}],"collection":[{"href":"https:\/\/www.meydan.tv\/en\/wp-json\/wp\/v2\/posts"}],"about":[{"href":"https:\/\/www.meydan.tv\/en\/wp-json\/wp\/v2\/types\/post"}],"author":[{"embeddable":true,"href":"https:\/\/www.meydan.tv\/en\/wp-json\/wp\/v2\/users\/11"}],"replies":[{"embeddable":true,"href":"https:\/\/www.meydan.tv\/en\/wp-json\/wp\/v2\/comments?post=203164"}],"version-history":[{"count":1,"href":"https:\/\/www.meydan.tv\/en\/wp-json\/wp\/v2\/posts\/203164\/revisions"}],"predecessor-version":[{"id":215958,"href":"https:\/\/www.meydan.tv\/en\/wp-json\/wp\/v2\/posts\/203164\/revisions\/215958"}],"wp:featuredmedia":[{"embeddable":true,"href":"https:\/\/www.meydan.tv\/en\/wp-json\/wp\/v2\/media\/149996"}],"wp:attachment":[{"href":"https:\/\/www.meydan.tv\/en\/wp-json\/wp\/v2\/media?parent=203164"}],"wp:term":[{"taxonomy":"category","embeddable":true,"href":"https:\/\/www.meydan.tv\/en\/wp-json\/wp\/v2\/categories?post=203164"},{"taxonomy":"post_tag","embeddable":true,"href":"https:\/\/www.meydan.tv\/en\/wp-json\/wp\/v2\/tags?post=203164"}],"curies":[{"name":"wp","href":"https:\/\/api.w.org\/{rel}","templated":true}]}}