{"id":348853,"date":"2026-09-04T18:27:23","date_gmt":"2026-09-04T14:27:23","guid":{"rendered":"https:\/\/www.meydan.tv\/?p=348853"},"modified":"2026-09-04T18:31:58","modified_gmt":"2026-09-04T14:31:58","slug":"frank-svabe-%c9%99li-k%c9%99rimlinin-azadliga-buraxilmasini-t%c9%99l%c9%99b-edib","status":"publish","type":"post","link":"https:\/\/www.meydan.tv\/az\/article\/frank-svabe-%c9%99li-k%c9%99rimlinin-azadliga-buraxilmasini-t%c9%99l%c9%99b-edib\/","title":{"rendered":"Frank \u015evabe \u018fli K\u0259rimlinin azadl\u0131\u011fa burax\u0131lmas\u0131n\u0131 t\u0259l\u0259b edib"},"content":{"rendered":"\n<p class=\"wp-block-paragraph\">Avropa \u015euras\u0131 Parlament Assambleyas\u0131n\u0131n (A\u015ePA) Almaniyadan olan deputat\u0131 Frank \u015evabe haz\u0131rda h\u0259bsd\u0259 olan Az\u0259rbaycan Xalq C\u0259bh\u0259si Partiyas\u0131n\u0131n (AXCP) s\u0259dri \u018fli K\u0259rimlinin azadl\u0131\u011fa burax\u0131lmas\u0131n\u0131 t\u0259l\u0259b edib.<\/p>\n\n\n\n<p class=\"wp-block-paragraph\">Almaniyal\u0131 deputat bu bar\u0259d\u0259 \u201cX\u201d platformas\u0131nda <a href=\"https:\/\/x.com\/FrankSchwabe\/status\/2095544060186394842\" target=\"_blank\" rel=\"noreferrer noopener nofollow\">payla\u015f\u0131m <\/a>edib.<\/p>\n\n\n\n<p class=\"wp-block-paragraph\">\u015evabe Avropa \u0130nsan H\u00fcquqlar\u0131 M\u0259hk\u0259m\u0259sinin \u018fli K\u0259rimlinin sa\u011flaml\u0131q durumu il\u0259 ba\u011fl\u0131 m\u00fcraci\u0259tin\u0259 cavab olaraq bunu yaz\u0131b. Avropa \u0130nsan H\u00fcquqlar\u0131 M\u0259hk\u0259m\u0259si Az\u0259rbaycan h\u00f6kum\u0259tind\u0259n AXCP s\u0259dri \u018fli K\u0259rimlinin s\u0259hh\u0259ti v\u0259 saxlanma \u015f\u0259raiti bar\u0259d\u0259 m\u0259lumat verm\u0259sini ist\u0259yib.<\/p>\n\n\n\n<p class=\"wp-block-paragraph\"><em>\u201c\u018fli K\u0259rimli Az\u0259rbaycandak\u0131 300-d\u0259n \u00e7ox siyasi m\u0259hbusdan biridir. Avropa \u0130nsan H\u00fcquqlar\u0131 M\u0259hk\u0259m\u0259si indi onun s\u0259hh\u0259ti il\u0259 ba\u011fl\u0131 m\u0259s\u0259l\u0259y\u0259 reaksiya verir. \u018fn do\u011frusu onun d\u0259rhal azadl\u0131\u011fa burax\u0131lmas\u0131 olard\u0131\u201d<\/em>, &#8211; Frank \u015evabe bel\u0259 yaz\u0131b. <\/p>\n\n\n\n<h4 class=\"wp-block-heading\"><strong>\u018fli K\u0259rimliy\u0259 qar\u015f\u0131 t\u0259zyiql\u0259r<\/strong><\/h4>\n\n\n\n<p class=\"wp-block-paragraph\">AXCP-d\u0259n veril\u0259n m\u0259lumata g\u00f6r\u0259, iyunun 23-d\u0259n etibar\u0259n \u018fli K\u0259rimlinin saxlan\u0131ld\u0131\u011f\u0131 kameraya psixi sa\u011flaml\u0131q durumu yax\u015f\u0131 olmayan m\u0259hbus <a href=\"https:\/\/storage.googleapis.com\/qurium\/www.meydan.tv\/az-article-axcp-s%c9%99drinin-huquqlarinin-mudafi%c9%99-komit%c9%99si-%c9%99li-k%c9%99rimlinin-h%c9%99yatina-qarsi-m%c9%99krli-planlar-var.html\" target=\"_blank\" rel=\"noreferrer noopener nofollow\">yerl\u0259\u015fdirilib<\/a>. H\u0259min m\u0259hbus gec\u0259l\u0259r y\u00fcks\u0259k s\u0259sl\u0259 \u201czikr\u201d edir, dini ayinl\u0259r oxuyur. Bu v\u0259ziyy\u0259t K\u0259rimlinin gec\u0259 yata bilm\u0259m\u0259sin\u0259 v\u0259 yuxu probleml\u0259rinin yaranmas\u0131na g\u0259tirib \u00e7\u0131xar\u0131r.<\/p>\n\n\n\n<p class=\"wp-block-paragraph\">H\u0259m\u00e7inin partiyadan bildirilib ki, onun g\u00fcnd\u0259lik iki saat olan g\u0259zinti m\u00fcdd\u0259ti bir saata endirilib.&nbsp;<\/p>\n\n\n\n<p class=\"wp-block-paragraph\">Bundan ba\u015fqa avqustun 7-d\u0259 \u018fli K\u0259rimli m\u0259hk\u0259m\u0259y\u0259 apar\u0131lark\u0259n Penitensiar Xidm\u0259tin \u0259m\u0259kda\u015flar\u0131ndan su ist\u0259yib. Ail\u0259si bildirib ki, Penitensiar Xidm\u0259tin \u0259m\u0259kda\u015flar\u0131 partiya r\u0259hb\u0259rin\u0259 su verm\u0259yib, \u00fcst\u0259lik isti hava s\u0259b\u0259bind\u0259n o hu\u015funu <a href=\"https:\/\/toplummedia.tv\/mehkeme\/pyaxinlari-quoteli-kerimli-mehkemeye-aparilarken-husunu-itiribquotp\">itirib<\/a>.<\/p>\n\n\n\n<h4 class=\"wp-block-heading\"><strong>\u018fli K\u0259rimlinin h\u0259bsi<\/strong><\/h4>\n\n\n\n<p class=\"wp-block-paragraph\">AXCP s\u0259dri \u018fli K\u0259rimli 2025-ci il noyabr\u0131n 29-dan h\u0259bs\u0259dir. Onunla b\u0259rab\u0259r Partiyan\u0131n M\u0259clis \u00fczv\u00fc M\u0259mm\u0259d \u0130brahim d\u0259 saxlan\u0131l\u0131b. Onlara qar\u015f\u0131 d\u00f6vl\u0259tin konstitusiya qurulu\u015funu zorla d\u0259yi\u015fdirm\u0259y\u0259 y\u00f6n\u0259l\u0259n h\u0259r\u0259k\u0259tl\u0259r ittihamlar\u0131 ir\u0259li s\u00fcr\u00fcl\u00fcb.<\/p>\n\n\n\n<p class=\"wp-block-paragraph\">H\u0259r ikisinin d\u0259 h\u0259bsi sabiq Prezident Administrasiyas\u0131 r\u0259hb\u0259ri Ramiz Mehdiyev \u0259traf\u0131nda apar\u0131lan geni\u015f ara\u015fd\u0131rmalarla \u0259laq\u0259l\u0259ndirilir.<\/p>\n\n\n\n<p class=\"wp-block-paragraph\">M\u00fcxalif\u0259t v\u0259 t\u0259r\u0259fdarlar\u0131 bu h\u0259bsin siyasi motivli oldu\u011funu bildirir. Beyn\u0259lxalq insan h\u00fcquqlar\u0131 t\u0259\u015fkilatlar\u0131 v\u0259 m\u00fc\u015fahid\u0259\u00e7il\u0259r bu h\u0259bsi siyasi represiyan\u0131n n\u00fcmun\u0259si kimi qiym\u0259tl\u0259ndiribl\u0259r.<\/p>\n\n\n\n<p class=\"wp-block-paragraph\">\u00dcmumilikd\u0259 is\u0259 haz\u0131rda 20-d\u0259n \u00e7ox AXCP \u00fczv\u00fc v\u0259 f\u0259al\u0131 h\u0259bsd\u0259dir. Partiya onlar\u0131n da siyasi motivl\u0259rl\u0259 t\u0259qib olundu\u011funu b\u0259yan edir.<\/p>\n\n\n\n<p class=\"wp-block-paragraph\">Az\u0259rbaycan\u0131n Siyasi M\u0259hbuslar\u0131n\u0131n Azadl\u0131\u011f\u0131 U\u011frunda \u0130ttifaq\u0131n son siyah\u0131s\u0131nda 328 siyasi m\u0259hbusun ad\u0131 var.<\/p>\n\n\n\n<p class=\"wp-block-paragraph\">Az\u0259rbaycan hakimiyy\u0259ti is\u0259 \u00f6lk\u0259d\u0259 siyasi motivli h\u0259bsl\u0259rin olmas\u0131 il\u0259 ba\u011fl\u0131 iddialar\u0131 r\u0259dd edir. R\u0259smi qurumlar bildirirl\u0259r ki, h\u0259bs olunan \u015f\u0259xsl\u0259r siyasi bax\u0131\u015flar\u0131na g\u00f6r\u0259 deyil, konkret cinay\u0259t \u0259m\u0259ll\u0259rin\u0259 g\u00f6r\u0259 m\u0259suliyy\u0259t\u0259 c\u0259lb edilibl\u0259r.<\/p>\n","protected":false},"excerpt":{"rendered":"<p>Avropa \u015euras\u0131 Parlament Assambleyas\u0131n\u0131n (A\u015ePA) Almaniyadan olan deputat\u0131 Frank \u015evabe &#8230; <\/p>\n<p class=\"read-more-container\"><a title=\"Frank \u015evabe \u018fli K\u0259rimlinin azadl\u0131\u011fa burax\u0131lmas\u0131n\u0131 t\u0259l\u0259b edib\" class=\"read-more button\" href=\"https:\/\/www.meydan.tv\/az\/article\/frank-svabe-%c9%99li-k%c9%99rimlinin-azadliga-buraxilmasini-t%c9%99l%c9%99b-edib\/#more-348853\" aria-label=\"Read more about Frank \u015evabe \u018fli K\u0259rimlinin azadl\u0131\u011fa burax\u0131lmas\u0131n\u0131 t\u0259l\u0259b edib\">Davam\u0131<\/a><\/p>\n","protected":false},"author":21,"featured_media":338399,"comment_status":"closed","ping_status":"closed","sticky":false,"template":"","format":"standard","meta":{"_acf_changed":false,"_sitemap_exclude":false,"_sitemap_priority":"","_sitemap_frequency":"","footnotes":""},"categories":[59,79,56],"tags":[],"class_list":["post-348853","post","type-post","status-publish","format-standard","has-post-thumbnail","hentry","category-siyaset","category-featured","category-xeberler","infinite-scroll-item","generate-columns","tablet-grid-50","mobile-grid-100","grid-parent","grid-33","no-featured-image-padding"],"acf":[],"yoast_head":"<!-- This site is optimized with the Yoast SEO plugin v28.4 - https:\/\/yoast.com\/product\/yoast-seo-wordpress\/ -->\n<title>Frank \u015evabe \u018fli K\u0259rimlinin azadl\u0131\u011fa burax\u0131lmas\u0131n\u0131 t\u0259l\u0259b edib - MEYDAN.TV<\/title>\n<meta name=\"robots\" content=\"index, follow, max-snippet:-1, max-image-preview:large, max-video-preview:-1\" \/>\n<link rel=\"canonical\" href=\"https:\/\/www.meydan.tv\/az\/article\/frank-svabe-%c9%99li-k%c9%99rimlinin-azadliga-buraxilmasini-t%c9%99l%c9%99b-edib\/\" \/>\n<meta property=\"og:locale\" content=\"az_AZ\" \/>\n<meta property=\"og:type\" content=\"article\" \/>\n<meta property=\"og:title\" content=\"Frank \u015evabe \u018fli K\u0259rimlinin azadl\u0131\u011fa burax\u0131lmas\u0131n\u0131 t\u0259l\u0259b edib - MEYDAN.TV\" \/>\n<meta property=\"og:description\" content=\"Avropa \u015euras\u0131 Parlament Assambleyas\u0131n\u0131n (A\u015ePA) Almaniyadan olan deputat\u0131 Frank \u015evabe ... Davam\u0131\" \/>\n<meta property=\"og:url\" content=\"https:\/\/www.meydan.tv\/az\/article\/frank-svabe-%c9%99li-k%c9%99rimlinin-azadliga-buraxilmasini-t%c9%99l%c9%99b-edib\/\" \/>\n<meta property=\"og:site_name\" content=\"MEYDAN.TV\" \/>\n<meta property=\"article:published_time\" content=\"2026-09-04T14:27:23+00:00\" \/>\n<meta property=\"article:modified_time\" content=\"2026-09-04T14:31:58+00:00\" \/>\n<meta property=\"og:image\" content=\"https:\/\/www.meydan.tv\/wp-content\/uploads\/7884.png\" \/>\n\t<meta property=\"og:image:width\" content=\"1920\" \/>\n\t<meta property=\"og:image:height\" content=\"938\" \/>\n\t<meta property=\"og:image:type\" content=\"image\/png\" \/>\n<meta name=\"twitter:card\" content=\"summary_large_image\" \/>\n<!-- \/ Yoast SEO plugin. -->","yoast_head_json":{"title":"Frank \u015evabe \u018fli K\u0259rimlinin azadl\u0131\u011fa burax\u0131lmas\u0131n\u0131 t\u0259l\u0259b edib - MEYDAN.TV","robots":{"index":"index","follow":"follow","max-snippet":"max-snippet:-1","max-image-preview":"max-image-preview:large","max-video-preview":"max-video-preview:-1"},"canonical":"https:\/\/www.meydan.tv\/az\/article\/frank-svabe-%c9%99li-k%c9%99rimlinin-azadliga-buraxilmasini-t%c9%99l%c9%99b-edib\/","og_locale":"az_AZ","og_type":"article","og_title":"Frank \u015evabe \u018fli K\u0259rimlinin azadl\u0131\u011fa burax\u0131lmas\u0131n\u0131 t\u0259l\u0259b edib - MEYDAN.TV","og_description":"Avropa \u015euras\u0131 Parlament Assambleyas\u0131n\u0131n (A\u015ePA) Almaniyadan olan deputat\u0131 Frank \u015evabe ... Davam\u0131","og_url":"https:\/\/www.meydan.tv\/az\/article\/frank-svabe-%c9%99li-k%c9%99rimlinin-azadliga-buraxilmasini-t%c9%99l%c9%99b-edib\/","og_site_name":"MEYDAN.TV","article_published_time":"2026-09-04T14:27:23+00:00","article_modified_time":"2026-09-04T14:31:58+00:00","og_image":[{"width":1920,"height":938,"url":"https:\/\/www.meydan.tv\/wp-content\/uploads\/7884.png","type":"image\/png"}],"twitter_card":"summary_large_image","schema":{"@context":"https:\/\/schema.org","@graph":[{"@type":"Article","@id":"https:\/\/www.meydan.tv\/az\/article\/frank-svabe-%c9%99li-k%c9%99rimlinin-azadliga-buraxilmasini-t%c9%99l%c9%99b-edib\/#article","isPartOf":{"@id":"https:\/\/www.meydan.tv\/az\/article\/frank-svabe-%c9%99li-k%c9%99rimlinin-azadliga-buraxilmasini-t%c9%99l%c9%99b-edib\/"},"author":{"name":"mahmud","@id":"https:\/\/www.meydan.tv\/az\/#\/schema\/person\/09863e516102a829e72bedcf3f84c6b0"},"headline":"Frank \u015evabe \u018fli K\u0259rimlinin azadl\u0131\u011fa burax\u0131lmas\u0131n\u0131 t\u0259l\u0259b edib","datePublished":"2026-09-04T14:27:23+00:00","dateModified":"2026-09-04T14:31:58+00:00","mainEntityOfPage":{"@id":"https:\/\/www.meydan.tv\/az\/article\/frank-svabe-%c9%99li-k%c9%99rimlinin-azadliga-buraxilmasini-t%c9%99l%c9%99b-edib\/"},"wordCount":566,"publisher":{"@id":"https:\/\/www.meydan.tv\/az\/#organization"},"image":{"@id":"https:\/\/www.meydan.tv\/az\/article\/frank-svabe-%c9%99li-k%c9%99rimlinin-azadliga-buraxilmasini-t%c9%99l%c9%99b-edib\/#primaryimage"},"thumbnailUrl":"https:\/\/www.meydan.tv\/wp-content\/uploads\/7884.png","articleSection":["Siyas\u0259t","T\u00f6vsiy\u0259","X\u0259b\u0259rl\u0259r"],"inLanguage":"az"},{"@type":"WebPage","@id":"https:\/\/www.meydan.tv\/az\/article\/frank-svabe-%c9%99li-k%c9%99rimlinin-azadliga-buraxilmasini-t%c9%99l%c9%99b-edib\/","url":"https:\/\/www.meydan.tv\/az\/article\/frank-svabe-%c9%99li-k%c9%99rimlinin-azadliga-buraxilmasini-t%c9%99l%c9%99b-edib\/","name":"Frank \u015evabe \u018fli K\u0259rimlinin azadl\u0131\u011fa burax\u0131lmas\u0131n\u0131 t\u0259l\u0259b edib - MEYDAN.TV","isPartOf":{"@id":"https:\/\/www.meydan.tv\/az\/#website"},"primaryImageOfPage":{"@id":"https:\/\/www.meydan.tv\/az\/article\/frank-svabe-%c9%99li-k%c9%99rimlinin-azadliga-buraxilmasini-t%c9%99l%c9%99b-edib\/#primaryimage"},"image":{"@id":"https:\/\/www.meydan.tv\/az\/article\/frank-svabe-%c9%99li-k%c9%99rimlinin-azadliga-buraxilmasini-t%c9%99l%c9%99b-edib\/#primaryimage"},"thumbnailUrl":"https:\/\/www.meydan.tv\/wp-content\/uploads\/7884.png","datePublished":"2026-09-04T14:27:23+00:00","dateModified":"2026-09-04T14:31:58+00:00","breadcrumb":{"@id":"https:\/\/www.meydan.tv\/az\/article\/frank-svabe-%c9%99li-k%c9%99rimlinin-azadliga-buraxilmasini-t%c9%99l%c9%99b-edib\/#breadcrumb"},"inLanguage":"az","potentialAction":[{"@type":"ReadAction","target":["https:\/\/www.meydan.tv\/az\/article\/frank-svabe-%c9%99li-k%c9%99rimlinin-azadliga-buraxilmasini-t%c9%99l%c9%99b-edib\/"]}]},{"@type":"ImageObject","inLanguage":"az","@id":"https:\/\/www.meydan.tv\/az\/article\/frank-svabe-%c9%99li-k%c9%99rimlinin-azadliga-buraxilmasini-t%c9%99l%c9%99b-edib\/#primaryimage","url":"https:\/\/www.meydan.tv\/wp-content\/uploads\/7884.png","contentUrl":"https:\/\/www.meydan.tv\/wp-content\/uploads\/7884.png","width":1920,"height":938,"caption":"\u018fli K\u0259rimli - Foto: Meydan TV"},{"@type":"BreadcrumbList","@id":"https:\/\/www.meydan.tv\/az\/article\/frank-svabe-%c9%99li-k%c9%99rimlinin-azadliga-buraxilmasini-t%c9%99l%c9%99b-edib\/#breadcrumb","itemListElement":[{"@type":"ListItem","position":1,"name":"Ana s\u0259hif\u0259","item":"https:\/\/www.meydan.tv\/az\/"},{"@type":"ListItem","position":2,"name":"Siyas\u0259t","item":"https:\/\/www.meydan.tv\/az\/section\/siyaset\/"},{"@type":"ListItem","position":3,"name":"Frank \u015evabe \u018fli K\u0259rimlinin azadl\u0131\u011fa burax\u0131lmas\u0131n\u0131 t\u0259l\u0259b edib"}]},{"@type":"WebSite","@id":"https:\/\/www.meydan.tv\/az\/#website","url":"https:\/\/www.meydan.tv\/az\/","name":"MEYDAN.TV","description":"Meydan TV Az\u0259rbaycan\u0131n media m\u0259kan\u0131ndak\u0131 alternativ s\u0259sidir","publisher":{"@id":"https:\/\/www.meydan.tv\/az\/#organization"},"potentialAction":[{"@type":"SearchAction","target":{"@type":"EntryPoint","urlTemplate":"https:\/\/www.meydan.tv\/az\/?s={search_term_string}"},"query-input":{"@type":"PropertyValueSpecification","valueRequired":true,"valueName":"search_term_string"}}],"inLanguage":"az"},{"@type":"Organization","@id":"https:\/\/www.meydan.tv\/az\/#organization","name":"Meydan TV","url":"https:\/\/www.meydan.tv\/az\/","logo":{"@type":"ImageObject","inLanguage":"az","@id":"https:\/\/www.meydan.tv\/az\/#\/schema\/logo\/image\/","url":"https:\/\/www.meydan.tv\/wp-content\/uploads\/2021\/07\/meydan-logo.svg","contentUrl":"https:\/\/www.meydan.tv\/wp-content\/uploads\/2021\/07\/meydan-logo.svg","width":195,"height":46,"caption":"Meydan TV"},"image":{"@id":"https:\/\/www.meydan.tv\/az\/#\/schema\/logo\/image\/"}},{"@type":"Person","@id":"https:\/\/www.meydan.tv\/az\/#\/schema\/person\/09863e516102a829e72bedcf3f84c6b0","name":"mahmud"}]}},"_links":{"self":[{"href":"https:\/\/www.meydan.tv\/az\/wp-json\/wp\/v2\/posts\/348853","targetHints":{"allow":["GET"]}}],"collection":[{"href":"https:\/\/www.meydan.tv\/az\/wp-json\/wp\/v2\/posts"}],"about":[{"href":"https:\/\/www.meydan.tv\/az\/wp-json\/wp\/v2\/types\/post"}],"author":[{"embeddable":true,"href":"https:\/\/www.meydan.tv\/az\/wp-json\/wp\/v2\/users\/21"}],"replies":[{"embeddable":true,"href":"https:\/\/www.meydan.tv\/az\/wp-json\/wp\/v2\/comments?post=348853"}],"version-history":[{"count":3,"href":"https:\/\/www.meydan.tv\/az\/wp-json\/wp\/v2\/posts\/348853\/revisions"}],"predecessor-version":[{"id":348856,"href":"https:\/\/www.meydan.tv\/az\/wp-json\/wp\/v2\/posts\/348853\/revisions\/348856"}],"wp:featuredmedia":[{"embeddable":true,"href":"https:\/\/www.meydan.tv\/az\/wp-json\/wp\/v2\/media\/338399"}],"wp:attachment":[{"href":"https:\/\/www.meydan.tv\/az\/wp-json\/wp\/v2\/media?parent=348853"}],"wp:term":[{"taxonomy":"category","embeddable":true,"href":"https:\/\/www.meydan.tv\/az\/wp-json\/wp\/v2\/categories?post=348853"},{"taxonomy":"post_tag","embeddable":true,"href":"https:\/\/www.meydan.tv\/az\/wp-json\/wp\/v2\/tags?post=348853"}],"curies":[{"name":"wp","href":"https:\/\/api.w.org\/{rel}","templated":true}]}}