{"id":348845,"date":"2026-09-04T17:51:17","date_gmt":"2026-09-04T13:51:17","guid":{"rendered":"https:\/\/www.meydan.tv\/?p=348845"},"modified":"2026-09-04T17:51:20","modified_gmt":"2026-09-04T13:51:20","slug":"qarabagda-calisib-pulunu-ala-bilm%c9%99y%c9%99n-mmc-r%c9%99hb%c9%99ri-h%c9%99bsl%c9%99-h%c9%99d%c9%99l%c9%99nir","status":"publish","type":"post","link":"https:\/\/www.meydan.tv\/az\/article\/qarabagda-calisib-pulunu-ala-bilm%c9%99y%c9%99n-mmc-r%c9%99hb%c9%99ri-h%c9%99bsl%c9%99-h%c9%99d%c9%99l%c9%99nir\/","title":{"rendered":"Qaraba\u011fda \u00e7al\u0131\u015f\u0131b, pulunu ala bilm\u0259y\u0259n MMC r\u0259hb\u0259ri h\u0259bsl\u0259 h\u0259d\u0259l\u0259nir"},"content":{"rendered":"\n<figure class=\"wp-block-embed is-type-video is-provider-youtube wp-block-embed-youtube wp-embed-aspect-16-9 wp-has-aspect-ratio\"><div class=\"wp-block-embed__wrapper\">\n<iframe loading=\"lazy\" title=\"Qaraba\u011fda \u00e7al\u0131\u015f\u0131b, pulunu ala bilm\u0259y\u0259n MMC r\u0259hb\u0259ri h\u0259bsl\u0259 h\u0259d\u0259l\u0259nir\" width=\"1200\" height=\"675\" src=\"https:\/\/www.youtube.com\/embed\/jYs6oIphgFY?feature=oembed\" frameborder=\"0\" allow=\"accelerometer; autoplay; clipboard-write; encrypted-media; gyroscope; picture-in-picture; web-share\" referrerpolicy=\"strict-origin-when-cross-origin\" allowfullscreen><\/iframe>\n<\/div><\/figure>\n\n\n\n<p class=\"wp-block-paragraph\">Xocal\u0131n\u0131n Da\u015fbulaq k\u0259ndind\u0259 t\u0259mir b\u0259rpa i\u015fl\u0259ri aparan MMC r\u0259hb\u0259ri uzun m\u00fcdd\u0259tdir ki, \u00f6d\u0259ni\u015fini ala bilmir. Deyir ki, \u015fikay\u0259t videosu payla\u015fd\u0131qdan sonra n\u0259inki pulunu verdil\u0259r, polis v\u0259 Prezidentin N\u00fcmay\u0259nd\u0259liyind\u0259n z\u0259ng edib onu h\u0259bsl\u0259 h\u0259d\u0259l\u0259dil\u0259r:<\/p>\n\n\n\n<p class=\"wp-block-paragraph\">&#8220;H\u0259min m\u0259bl\u0259\u011f d\u0259 i\u015f\u00e7il\u0259r\u0259 \u00e7atacaq puldur. Alacaql\u0131lar\u0131n \u0259lind\u0259n evimd\u0259n did\u0259rgin d\u00fc\u015fm\u00fc\u015f\u0259m&#8221;.<\/p>\n","protected":false},"excerpt":{"rendered":"<p>Xocal\u0131n\u0131n Da\u015fbulaq k\u0259ndind\u0259 t\u0259mir b\u0259rpa i\u015fl\u0259ri aparan MMC r\u0259hb\u0259ri uzun &#8230; <\/p>\n<p class=\"read-more-container\"><a title=\"Qaraba\u011fda \u00e7al\u0131\u015f\u0131b, pulunu ala bilm\u0259y\u0259n MMC r\u0259hb\u0259ri h\u0259bsl\u0259 h\u0259d\u0259l\u0259nir\" class=\"read-more button\" href=\"https:\/\/www.meydan.tv\/az\/article\/qarabagda-calisib-pulunu-ala-bilm%c9%99y%c9%99n-mmc-r%c9%99hb%c9%99ri-h%c9%99bsl%c9%99-h%c9%99d%c9%99l%c9%99nir\/#more-348845\" aria-label=\"Read more about Qaraba\u011fda \u00e7al\u0131\u015f\u0131b, pulunu ala bilm\u0259y\u0259n MMC r\u0259hb\u0259ri h\u0259bsl\u0259 h\u0259d\u0259l\u0259nir\">Davam\u0131<\/a><\/p>\n","protected":false},"author":12,"featured_media":348847,"comment_status":"closed","ping_status":"closed","sticky":false,"template":"","format":"standard","meta":{"_acf_changed":false,"_sitemap_exclude":false,"_sitemap_priority":"","_sitemap_frequency":"","footnotes":""},"categories":[62,63,56],"tags":[],"class_list":["post-348845","post","type-post","status-publish","format-standard","has-post-thumbnail","hentry","category-sosial","category-video-2","category-xeberler","infinite-scroll-item","generate-columns","tablet-grid-50","mobile-grid-100","grid-parent","grid-33","no-featured-image-padding"],"acf":[],"yoast_head":"<!-- This site is optimized with the Yoast SEO plugin v28.4 - https:\/\/yoast.com\/product\/yoast-seo-wordpress\/ -->\n<title>Qaraba\u011fda \u00e7al\u0131\u015f\u0131b, pulunu ala bilm\u0259y\u0259n MMC r\u0259hb\u0259ri h\u0259bsl\u0259 h\u0259d\u0259l\u0259nir - MEYDAN.TV<\/title>\n<meta name=\"robots\" content=\"index, follow, max-snippet:-1, max-image-preview:large, max-video-preview:-1\" \/>\n<link rel=\"canonical\" href=\"https:\/\/www.meydan.tv\/az\/article\/qarabagda-calisib-pulunu-ala-bilm%c9%99y%c9%99n-mmc-r%c9%99hb%c9%99ri-h%c9%99bsl%c9%99-h%c9%99d%c9%99l%c9%99nir\/\" \/>\n<meta property=\"og:locale\" content=\"az_AZ\" \/>\n<meta property=\"og:type\" content=\"article\" \/>\n<meta property=\"og:title\" content=\"Qaraba\u011fda \u00e7al\u0131\u015f\u0131b, pulunu ala bilm\u0259y\u0259n MMC r\u0259hb\u0259ri h\u0259bsl\u0259 h\u0259d\u0259l\u0259nir - MEYDAN.TV\" \/>\n<meta property=\"og:description\" content=\"Xocal\u0131n\u0131n Da\u015fbulaq k\u0259ndind\u0259 t\u0259mir b\u0259rpa i\u015fl\u0259ri aparan MMC r\u0259hb\u0259ri uzun ... Davam\u0131\" \/>\n<meta property=\"og:url\" content=\"https:\/\/www.meydan.tv\/az\/article\/qarabagda-calisib-pulunu-ala-bilm%c9%99y%c9%99n-mmc-r%c9%99hb%c9%99ri-h%c9%99bsl%c9%99-h%c9%99d%c9%99l%c9%99nir\/\" \/>\n<meta property=\"og:site_name\" content=\"MEYDAN.TV\" \/>\n<meta property=\"article:published_time\" content=\"2026-09-04T13:51:17+00:00\" \/>\n<meta property=\"article:modified_time\" content=\"2026-09-04T13:51:20+00:00\" \/>\n<meta property=\"og:image\" content=\"https:\/\/www.meydan.tv\/wp-content\/uploads\/screenshot-2026-09-04-at-15.43.45.jpg\" \/>\n\t<meta property=\"og:image:width\" content=\"1780\" \/>\n\t<meta property=\"og:image:height\" content=\"1052\" \/>\n\t<meta property=\"og:image:type\" content=\"image\/jpeg\" \/>\n<meta name=\"twitter:card\" content=\"summary_large_image\" \/>\n<!-- \/ Yoast SEO plugin. -->","yoast_head_json":{"title":"Qaraba\u011fda \u00e7al\u0131\u015f\u0131b, pulunu ala bilm\u0259y\u0259n MMC r\u0259hb\u0259ri h\u0259bsl\u0259 h\u0259d\u0259l\u0259nir - MEYDAN.TV","robots":{"index":"index","follow":"follow","max-snippet":"max-snippet:-1","max-image-preview":"max-image-preview:large","max-video-preview":"max-video-preview:-1"},"canonical":"https:\/\/www.meydan.tv\/az\/article\/qarabagda-calisib-pulunu-ala-bilm%c9%99y%c9%99n-mmc-r%c9%99hb%c9%99ri-h%c9%99bsl%c9%99-h%c9%99d%c9%99l%c9%99nir\/","og_locale":"az_AZ","og_type":"article","og_title":"Qaraba\u011fda \u00e7al\u0131\u015f\u0131b, pulunu ala bilm\u0259y\u0259n MMC r\u0259hb\u0259ri h\u0259bsl\u0259 h\u0259d\u0259l\u0259nir - MEYDAN.TV","og_description":"Xocal\u0131n\u0131n Da\u015fbulaq k\u0259ndind\u0259 t\u0259mir b\u0259rpa i\u015fl\u0259ri aparan MMC r\u0259hb\u0259ri uzun ... Davam\u0131","og_url":"https:\/\/www.meydan.tv\/az\/article\/qarabagda-calisib-pulunu-ala-bilm%c9%99y%c9%99n-mmc-r%c9%99hb%c9%99ri-h%c9%99bsl%c9%99-h%c9%99d%c9%99l%c9%99nir\/","og_site_name":"MEYDAN.TV","article_published_time":"2026-09-04T13:51:17+00:00","article_modified_time":"2026-09-04T13:51:20+00:00","og_image":[{"width":1780,"height":1052,"url":"https:\/\/www.meydan.tv\/wp-content\/uploads\/screenshot-2026-09-04-at-15.43.45.jpg","type":"image\/jpeg"}],"twitter_card":"summary_large_image","schema":{"@context":"https:\/\/schema.org","@graph":[{"@type":"Article","@id":"https:\/\/www.meydan.tv\/az\/article\/qarabagda-calisib-pulunu-ala-bilm%c9%99y%c9%99n-mmc-r%c9%99hb%c9%99ri-h%c9%99bsl%c9%99-h%c9%99d%c9%99l%c9%99nir\/#article","isPartOf":{"@id":"https:\/\/www.meydan.tv\/az\/article\/qarabagda-calisib-pulunu-ala-bilm%c9%99y%c9%99n-mmc-r%c9%99hb%c9%99ri-h%c9%99bsl%c9%99-h%c9%99d%c9%99l%c9%99nir\/"},"author":{"name":"aleks","@id":"https:\/\/www.meydan.tv\/az\/#\/schema\/person\/476e9360e593fa131d5d71d51866f8da"},"headline":"Qaraba\u011fda \u00e7al\u0131\u015f\u0131b, pulunu ala bilm\u0259y\u0259n MMC r\u0259hb\u0259ri h\u0259bsl\u0259 h\u0259d\u0259l\u0259nir","datePublished":"2026-09-04T13:51:17+00:00","dateModified":"2026-09-04T13:51:20+00:00","mainEntityOfPage":{"@id":"https:\/\/www.meydan.tv\/az\/article\/qarabagda-calisib-pulunu-ala-bilm%c9%99y%c9%99n-mmc-r%c9%99hb%c9%99ri-h%c9%99bsl%c9%99-h%c9%99d%c9%99l%c9%99nir\/"},"wordCount":108,"publisher":{"@id":"https:\/\/www.meydan.tv\/az\/#organization"},"image":{"@id":"https:\/\/www.meydan.tv\/az\/article\/qarabagda-calisib-pulunu-ala-bilm%c9%99y%c9%99n-mmc-r%c9%99hb%c9%99ri-h%c9%99bsl%c9%99-h%c9%99d%c9%99l%c9%99nir\/#primaryimage"},"thumbnailUrl":"https:\/\/www.meydan.tv\/wp-content\/uploads\/screenshot-2026-09-04-at-15.43.45.jpg","articleSection":["Sosial","Video","X\u0259b\u0259rl\u0259r"],"inLanguage":"az"},{"@type":"WebPage","@id":"https:\/\/www.meydan.tv\/az\/article\/qarabagda-calisib-pulunu-ala-bilm%c9%99y%c9%99n-mmc-r%c9%99hb%c9%99ri-h%c9%99bsl%c9%99-h%c9%99d%c9%99l%c9%99nir\/","url":"https:\/\/www.meydan.tv\/az\/article\/qarabagda-calisib-pulunu-ala-bilm%c9%99y%c9%99n-mmc-r%c9%99hb%c9%99ri-h%c9%99bsl%c9%99-h%c9%99d%c9%99l%c9%99nir\/","name":"Qaraba\u011fda \u00e7al\u0131\u015f\u0131b, pulunu ala bilm\u0259y\u0259n MMC r\u0259hb\u0259ri h\u0259bsl\u0259 h\u0259d\u0259l\u0259nir - MEYDAN.TV","isPartOf":{"@id":"https:\/\/www.meydan.tv\/az\/#website"},"primaryImageOfPage":{"@id":"https:\/\/www.meydan.tv\/az\/article\/qarabagda-calisib-pulunu-ala-bilm%c9%99y%c9%99n-mmc-r%c9%99hb%c9%99ri-h%c9%99bsl%c9%99-h%c9%99d%c9%99l%c9%99nir\/#primaryimage"},"image":{"@id":"https:\/\/www.meydan.tv\/az\/article\/qarabagda-calisib-pulunu-ala-bilm%c9%99y%c9%99n-mmc-r%c9%99hb%c9%99ri-h%c9%99bsl%c9%99-h%c9%99d%c9%99l%c9%99nir\/#primaryimage"},"thumbnailUrl":"https:\/\/www.meydan.tv\/wp-content\/uploads\/screenshot-2026-09-04-at-15.43.45.jpg","datePublished":"2026-09-04T13:51:17+00:00","dateModified":"2026-09-04T13:51:20+00:00","breadcrumb":{"@id":"https:\/\/www.meydan.tv\/az\/article\/qarabagda-calisib-pulunu-ala-bilm%c9%99y%c9%99n-mmc-r%c9%99hb%c9%99ri-h%c9%99bsl%c9%99-h%c9%99d%c9%99l%c9%99nir\/#breadcrumb"},"inLanguage":"az","potentialAction":[{"@type":"ReadAction","target":["https:\/\/www.meydan.tv\/az\/article\/qarabagda-calisib-pulunu-ala-bilm%c9%99y%c9%99n-mmc-r%c9%99hb%c9%99ri-h%c9%99bsl%c9%99-h%c9%99d%c9%99l%c9%99nir\/"]}]},{"@type":"ImageObject","inLanguage":"az","@id":"https:\/\/www.meydan.tv\/az\/article\/qarabagda-calisib-pulunu-ala-bilm%c9%99y%c9%99n-mmc-r%c9%99hb%c9%99ri-h%c9%99bsl%c9%99-h%c9%99d%c9%99l%c9%99nir\/#primaryimage","url":"https:\/\/www.meydan.tv\/wp-content\/uploads\/screenshot-2026-09-04-at-15.43.45.jpg","contentUrl":"https:\/\/www.meydan.tv\/wp-content\/uploads\/screenshot-2026-09-04-at-15.43.45.jpg","width":1780,"height":1052},{"@type":"BreadcrumbList","@id":"https:\/\/www.meydan.tv\/az\/article\/qarabagda-calisib-pulunu-ala-bilm%c9%99y%c9%99n-mmc-r%c9%99hb%c9%99ri-h%c9%99bsl%c9%99-h%c9%99d%c9%99l%c9%99nir\/#breadcrumb","itemListElement":[{"@type":"ListItem","position":1,"name":"Ana s\u0259hif\u0259","item":"https:\/\/www.meydan.tv\/az\/"},{"@type":"ListItem","position":2,"name":"X\u0259b\u0259rl\u0259r","item":"https:\/\/www.meydan.tv\/az\/section\/xeberler\/"},{"@type":"ListItem","position":3,"name":"Qaraba\u011fda \u00e7al\u0131\u015f\u0131b, pulunu ala bilm\u0259y\u0259n MMC r\u0259hb\u0259ri h\u0259bsl\u0259 h\u0259d\u0259l\u0259nir"}]},{"@type":"WebSite","@id":"https:\/\/www.meydan.tv\/az\/#website","url":"https:\/\/www.meydan.tv\/az\/","name":"MEYDAN.TV","description":"Meydan TV Az\u0259rbaycan\u0131n media m\u0259kan\u0131ndak\u0131 alternativ s\u0259sidir","publisher":{"@id":"https:\/\/www.meydan.tv\/az\/#organization"},"potentialAction":[{"@type":"SearchAction","target":{"@type":"EntryPoint","urlTemplate":"https:\/\/www.meydan.tv\/az\/?s={search_term_string}"},"query-input":{"@type":"PropertyValueSpecification","valueRequired":true,"valueName":"search_term_string"}}],"inLanguage":"az"},{"@type":"Organization","@id":"https:\/\/www.meydan.tv\/az\/#organization","name":"Meydan TV","url":"https:\/\/www.meydan.tv\/az\/","logo":{"@type":"ImageObject","inLanguage":"az","@id":"https:\/\/www.meydan.tv\/az\/#\/schema\/logo\/image\/","url":"https:\/\/www.meydan.tv\/wp-content\/uploads\/2021\/07\/meydan-logo.svg","contentUrl":"https:\/\/www.meydan.tv\/wp-content\/uploads\/2021\/07\/meydan-logo.svg","width":195,"height":46,"caption":"Meydan TV"},"image":{"@id":"https:\/\/www.meydan.tv\/az\/#\/schema\/logo\/image\/"}},{"@type":"Person","@id":"https:\/\/www.meydan.tv\/az\/#\/schema\/person\/476e9360e593fa131d5d71d51866f8da","name":"aleks"}]}},"_links":{"self":[{"href":"https:\/\/www.meydan.tv\/az\/wp-json\/wp\/v2\/posts\/348845","targetHints":{"allow":["GET"]}}],"collection":[{"href":"https:\/\/www.meydan.tv\/az\/wp-json\/wp\/v2\/posts"}],"about":[{"href":"https:\/\/www.meydan.tv\/az\/wp-json\/wp\/v2\/types\/post"}],"author":[{"embeddable":true,"href":"https:\/\/www.meydan.tv\/az\/wp-json\/wp\/v2\/users\/12"}],"replies":[{"embeddable":true,"href":"https:\/\/www.meydan.tv\/az\/wp-json\/wp\/v2\/comments?post=348845"}],"version-history":[{"count":2,"href":"https:\/\/www.meydan.tv\/az\/wp-json\/wp\/v2\/posts\/348845\/revisions"}],"predecessor-version":[{"id":348851,"href":"https:\/\/www.meydan.tv\/az\/wp-json\/wp\/v2\/posts\/348845\/revisions\/348851"}],"wp:featuredmedia":[{"embeddable":true,"href":"https:\/\/www.meydan.tv\/az\/wp-json\/wp\/v2\/media\/348847"}],"wp:attachment":[{"href":"https:\/\/www.meydan.tv\/az\/wp-json\/wp\/v2\/media?parent=348845"}],"wp:term":[{"taxonomy":"category","embeddable":true,"href":"https:\/\/www.meydan.tv\/az\/wp-json\/wp\/v2\/categories?post=348845"},{"taxonomy":"post_tag","embeddable":true,"href":"https:\/\/www.meydan.tv\/az\/wp-json\/wp\/v2\/tags?post=348845"}],"curies":[{"name":"wp","href":"https:\/\/api.w.org\/{rel}","templated":true}]}}