{"id":348843,"date":"2026-09-04T17:26:06","date_gmt":"2026-09-04T13:26:06","guid":{"rendered":"https:\/\/www.meydan.tv\/?p=348843"},"modified":"2026-09-04T17:52:29","modified_gmt":"2026-09-04T13:52:29","slug":"%c9%99lizamin-salayev-saxlanilib","status":"publish","type":"post","link":"https:\/\/www.meydan.tv\/az\/article\/%c9%99lizamin-salayev-saxlanilib\/","title":{"rendered":"\u018flizamin Salayev yenid\u0259n saxlan\u0131l\u0131b"},"content":{"rendered":"\n<p class=\"wp-block-paragraph\">Az\u0259rbaycan Xalq C\u0259bh\u0259si Partiyas\u0131n\u0131n (AXCP) Salyan rayon \u015f\u00f6b\u0259sinin s\u0259dri \u018flizamin Salayev saxlan\u0131l\u0131b.<\/p>\n\n\n\n<p class=\"wp-block-paragraph\">Bu bar\u0259d\u0259 AXCP-nin m\u0259tbuat xidm\u0259ti Natiq \u018fdilov m\u0259lumat yay\u0131b.<\/p>\n\n\n\n<p class=\"wp-block-paragraph\">O bildirib ki, Salayevi ya\u015fad\u0131\u011f\u0131 Salyan \u015f\u0259h\u0259rind\u0259 saxlan\u0131laraq Bak\u0131ya g\u0259tirilib. \u018fdilov deyir ki, ail\u0259sinin verdiyi m\u0259lumata g\u00f6r\u0259 sentyabr\u0131n 3-\u00fc ax\u015fam saatlar\u0131nda Salayev bir ne\u00e7\u0259 m\u00fclki geyimli \u015f\u0259xs t\u0259r\u0259find\u0259n izl\u0259nilib.<\/p>\n\n\n\n<p class=\"wp-block-paragraph\"><em>\u201cBu g\u00fcn\u00a0 saat 12 rad\u0259l\u0259rind\u0259 R\u00f6v\u015f\u0259n Ba\u011f\u0131rov adl\u0131 g\u0259ncl\u0259 \u0259vv\u0259lc\u0259d\u0259n planla\u015fd\u0131rd\u0131qlar\u0131 kimi rayon polis idar\u0259sin\u0259 gedibl\u0259r (Orda ikincinin avtomobil c\u0259rim\u0259sini h\u0259ll etm\u0259k \u00fc\u00e7\u00fcn). T\u0259xmin\u0259n saat 14 rad\u0259l\u0259rind\u0259 onlar\u0131n saxlan\u0131lmas\u0131 bar\u0259d\u0259 yax\u0131nlar\u0131na x\u0259b\u0259r \u00e7at\u0131b\u201d <\/em>&#8211; dey\u0259 \u018fdilov qeyd edib.<\/p>\n\n\n\n<p class=\"wp-block-paragraph\">\u018fdilov qeyd edib ki, hadis\u0259 ictimail\u0259\u015fdirdikd\u0259n sonra ail\u0259si il\u0259 \u0259laq\u0259 saxlan\u0131l\u0131b v\u0259 onlar polis r\u0259isi N\u0259z\u0259r \u018fsk\u0259rov t\u0259r\u0259find\u0259n idar\u0259y\u0259 d\u0259v\u0259t olunublar. \u018fsk\u0259rov saat 19-20 rad\u0259l\u0259rind\u0259 Salayevin hans\u0131 s\u0259b\u0259bd\u0259n saxlan\u0131ld\u0131\u011f\u0131 bar\u0259d\u0259 m\u0259lumat veril\u0259c\u0259yini deyib.<\/p>\n\n\n\n<p class=\"wp-block-paragraph\">AXCP-nin Salyan rayon \u015f\u00f6b\u0259sinin s\u0259dri \u018flizamin Salayev 2023-c\u00fc il fevral\u0131n 7-d\u0259n h\u0259bs edilmi\u015fdi. Cinay\u0259t M\u0259c\u0259ll\u0259sinin 221.3-c\u00fc (silah v\u0259 ya silah qismind\u0259 \u0259\u015fyadan istifad\u0259 etm\u0259kl\u0259 xuliqanl\u0131q) madd\u0259si il\u0259 ittiham olunurdu. Salayev Qarada\u011f Rayon M\u0259hk\u0259m\u0259sinin h\u00f6km\u00fc il\u0259 4 il azadl\u0131qdan m\u0259hrum edilmi\u015fdi. O, avqustun 7-d\u0259 h\u0259bs m\u00fcdd\u0259tini ba\u015fa vuraraq azadl\u0131\u011fa \u00e7\u0131xm\u0131\u015fd\u0131.<\/p>\n\n\n\n<p class=\"wp-block-paragraph\">Cinay\u0259t i\u015finin materiallar\u0131nda iddia olunurdu ki, AXCP f\u0259al\u0131 \u201cL\u00f6kbatan dair\u0259si\u201d adlanan \u0259razid\u0259 Natiq S\u00fcleymanovu t\u0259hqir edib, yumruqla vurub, ard\u0131nca b\u0131\u00e7aqla x\u0259sar\u0259t yetirib.\u00a0<\/p>\n","protected":false},"excerpt":{"rendered":"<p>Az\u0259rbaycan Xalq C\u0259bh\u0259si Partiyas\u0131n\u0131n (AXCP) Salyan rayon \u015f\u00f6b\u0259sinin s\u0259dri \u018flizamin &#8230; <\/p>\n<p class=\"read-more-container\"><a title=\"\u018flizamin Salayev yenid\u0259n saxlan\u0131l\u0131b\" class=\"read-more button\" href=\"https:\/\/www.meydan.tv\/az\/article\/%c9%99lizamin-salayev-saxlanilib\/#more-348843\" aria-label=\"Read more about \u018flizamin Salayev yenid\u0259n saxlan\u0131l\u0131b\">Davam\u0131<\/a><\/p>\n","protected":false},"author":21,"featured_media":136228,"comment_status":"closed","ping_status":"closed","sticky":false,"template":"","format":"standard","meta":{"_acf_changed":false,"_sitemap_exclude":false,"_sitemap_priority":"","_sitemap_frequency":"","footnotes":""},"categories":[59,79,56],"tags":[],"class_list":["post-348843","post","type-post","status-publish","format-standard","has-post-thumbnail","hentry","category-siyaset","category-featured","category-xeberler","infinite-scroll-item","generate-columns","tablet-grid-50","mobile-grid-100","grid-parent","grid-33","no-featured-image-padding"],"acf":[],"yoast_head":"<!-- This site is optimized with the Yoast SEO plugin v28.4 - https:\/\/yoast.com\/product\/yoast-seo-wordpress\/ -->\n<title>\u018flizamin Salayev yenid\u0259n saxlan\u0131l\u0131b - MEYDAN.TV<\/title>\n<meta name=\"robots\" content=\"index, follow, max-snippet:-1, max-image-preview:large, max-video-preview:-1\" \/>\n<link rel=\"canonical\" href=\"https:\/\/www.meydan.tv\/az\/article\/%c9%99lizamin-salayev-saxlanilib\/\" \/>\n<meta property=\"og:locale\" content=\"az_AZ\" \/>\n<meta property=\"og:type\" content=\"article\" \/>\n<meta property=\"og:title\" content=\"\u018flizamin Salayev yenid\u0259n saxlan\u0131l\u0131b - MEYDAN.TV\" \/>\n<meta property=\"og:description\" content=\"Az\u0259rbaycan Xalq C\u0259bh\u0259si Partiyas\u0131n\u0131n (AXCP) Salyan rayon \u015f\u00f6b\u0259sinin s\u0259dri \u018flizamin ... Davam\u0131\" \/>\n<meta property=\"og:url\" content=\"https:\/\/www.meydan.tv\/az\/article\/%c9%99lizamin-salayev-saxlanilib\/\" \/>\n<meta property=\"og:site_name\" content=\"MEYDAN.TV\" \/>\n<meta property=\"article:published_time\" content=\"2026-09-04T13:26:06+00:00\" \/>\n<meta property=\"article:modified_time\" content=\"2026-09-04T13:52:29+00:00\" \/>\n<meta property=\"og:image\" content=\"https:\/\/www.meydan.tv\/wp-content\/uploads\/untitled_design_-_2020-01-22t132428.989-e1658425827835.jpg\" \/>\n\t<meta property=\"og:image:width\" content=\"1280\" \/>\n\t<meta property=\"og:image:height\" content=\"665\" \/>\n\t<meta property=\"og:image:type\" content=\"image\/jpeg\" \/>\n<meta name=\"twitter:card\" content=\"summary_large_image\" \/>\n<!-- \/ Yoast SEO plugin. -->","yoast_head_json":{"title":"\u018flizamin Salayev yenid\u0259n saxlan\u0131l\u0131b - MEYDAN.TV","robots":{"index":"index","follow":"follow","max-snippet":"max-snippet:-1","max-image-preview":"max-image-preview:large","max-video-preview":"max-video-preview:-1"},"canonical":"https:\/\/www.meydan.tv\/az\/article\/%c9%99lizamin-salayev-saxlanilib\/","og_locale":"az_AZ","og_type":"article","og_title":"\u018flizamin Salayev yenid\u0259n saxlan\u0131l\u0131b - MEYDAN.TV","og_description":"Az\u0259rbaycan Xalq C\u0259bh\u0259si Partiyas\u0131n\u0131n (AXCP) Salyan rayon \u015f\u00f6b\u0259sinin s\u0259dri \u018flizamin ... Davam\u0131","og_url":"https:\/\/www.meydan.tv\/az\/article\/%c9%99lizamin-salayev-saxlanilib\/","og_site_name":"MEYDAN.TV","article_published_time":"2026-09-04T13:26:06+00:00","article_modified_time":"2026-09-04T13:52:29+00:00","og_image":[{"width":1280,"height":665,"url":"https:\/\/www.meydan.tv\/wp-content\/uploads\/untitled_design_-_2020-01-22t132428.989-e1658425827835.jpg","type":"image\/jpeg"}],"twitter_card":"summary_large_image","schema":{"@context":"https:\/\/schema.org","@graph":[{"@type":"Article","@id":"https:\/\/www.meydan.tv\/az\/article\/%c9%99lizamin-salayev-saxlanilib\/#article","isPartOf":{"@id":"https:\/\/www.meydan.tv\/az\/article\/%c9%99lizamin-salayev-saxlanilib\/"},"author":{"name":"mahmud","@id":"https:\/\/www.meydan.tv\/az\/#\/schema\/person\/09863e516102a829e72bedcf3f84c6b0"},"headline":"\u018flizamin Salayev yenid\u0259n saxlan\u0131l\u0131b","datePublished":"2026-09-04T13:26:06+00:00","dateModified":"2026-09-04T13:52:29+00:00","mainEntityOfPage":{"@id":"https:\/\/www.meydan.tv\/az\/article\/%c9%99lizamin-salayev-saxlanilib\/"},"wordCount":321,"publisher":{"@id":"https:\/\/www.meydan.tv\/az\/#organization"},"image":{"@id":"https:\/\/www.meydan.tv\/az\/article\/%c9%99lizamin-salayev-saxlanilib\/#primaryimage"},"thumbnailUrl":"https:\/\/www.meydan.tv\/wp-content\/uploads\/untitled_design_-_2020-01-22t132428.989-e1658425827835.jpg","articleSection":["Siyas\u0259t","T\u00f6vsiy\u0259","X\u0259b\u0259rl\u0259r"],"inLanguage":"az"},{"@type":"WebPage","@id":"https:\/\/www.meydan.tv\/az\/article\/%c9%99lizamin-salayev-saxlanilib\/","url":"https:\/\/www.meydan.tv\/az\/article\/%c9%99lizamin-salayev-saxlanilib\/","name":"\u018flizamin Salayev yenid\u0259n saxlan\u0131l\u0131b - MEYDAN.TV","isPartOf":{"@id":"https:\/\/www.meydan.tv\/az\/#website"},"primaryImageOfPage":{"@id":"https:\/\/www.meydan.tv\/az\/article\/%c9%99lizamin-salayev-saxlanilib\/#primaryimage"},"image":{"@id":"https:\/\/www.meydan.tv\/az\/article\/%c9%99lizamin-salayev-saxlanilib\/#primaryimage"},"thumbnailUrl":"https:\/\/www.meydan.tv\/wp-content\/uploads\/untitled_design_-_2020-01-22t132428.989-e1658425827835.jpg","datePublished":"2026-09-04T13:26:06+00:00","dateModified":"2026-09-04T13:52:29+00:00","breadcrumb":{"@id":"https:\/\/www.meydan.tv\/az\/article\/%c9%99lizamin-salayev-saxlanilib\/#breadcrumb"},"inLanguage":"az","potentialAction":[{"@type":"ReadAction","target":["https:\/\/www.meydan.tv\/az\/article\/%c9%99lizamin-salayev-saxlanilib\/"]}]},{"@type":"ImageObject","inLanguage":"az","@id":"https:\/\/www.meydan.tv\/az\/article\/%c9%99lizamin-salayev-saxlanilib\/#primaryimage","url":"https:\/\/www.meydan.tv\/wp-content\/uploads\/untitled_design_-_2020-01-22t132428.989-e1658425827835.jpg","contentUrl":"https:\/\/www.meydan.tv\/wp-content\/uploads\/untitled_design_-_2020-01-22t132428.989-e1658425827835.jpg","width":1280,"height":665,"caption":"Foto: Meydan TV"},{"@type":"BreadcrumbList","@id":"https:\/\/www.meydan.tv\/az\/article\/%c9%99lizamin-salayev-saxlanilib\/#breadcrumb","itemListElement":[{"@type":"ListItem","position":1,"name":"Ana s\u0259hif\u0259","item":"https:\/\/www.meydan.tv\/az\/"},{"@type":"ListItem","position":2,"name":"Siyas\u0259t","item":"https:\/\/www.meydan.tv\/az\/section\/siyaset\/"},{"@type":"ListItem","position":3,"name":"\u018flizamin Salayev yenid\u0259n saxlan\u0131l\u0131b"}]},{"@type":"WebSite","@id":"https:\/\/www.meydan.tv\/az\/#website","url":"https:\/\/www.meydan.tv\/az\/","name":"MEYDAN.TV","description":"Meydan TV Az\u0259rbaycan\u0131n media m\u0259kan\u0131ndak\u0131 alternativ s\u0259sidir","publisher":{"@id":"https:\/\/www.meydan.tv\/az\/#organization"},"potentialAction":[{"@type":"SearchAction","target":{"@type":"EntryPoint","urlTemplate":"https:\/\/www.meydan.tv\/az\/?s={search_term_string}"},"query-input":{"@type":"PropertyValueSpecification","valueRequired":true,"valueName":"search_term_string"}}],"inLanguage":"az"},{"@type":"Organization","@id":"https:\/\/www.meydan.tv\/az\/#organization","name":"Meydan TV","url":"https:\/\/www.meydan.tv\/az\/","logo":{"@type":"ImageObject","inLanguage":"az","@id":"https:\/\/www.meydan.tv\/az\/#\/schema\/logo\/image\/","url":"https:\/\/www.meydan.tv\/wp-content\/uploads\/2021\/07\/meydan-logo.svg","contentUrl":"https:\/\/www.meydan.tv\/wp-content\/uploads\/2021\/07\/meydan-logo.svg","width":195,"height":46,"caption":"Meydan TV"},"image":{"@id":"https:\/\/www.meydan.tv\/az\/#\/schema\/logo\/image\/"}},{"@type":"Person","@id":"https:\/\/www.meydan.tv\/az\/#\/schema\/person\/09863e516102a829e72bedcf3f84c6b0","name":"mahmud"}]}},"_links":{"self":[{"href":"https:\/\/www.meydan.tv\/az\/wp-json\/wp\/v2\/posts\/348843","targetHints":{"allow":["GET"]}}],"collection":[{"href":"https:\/\/www.meydan.tv\/az\/wp-json\/wp\/v2\/posts"}],"about":[{"href":"https:\/\/www.meydan.tv\/az\/wp-json\/wp\/v2\/types\/post"}],"author":[{"embeddable":true,"href":"https:\/\/www.meydan.tv\/az\/wp-json\/wp\/v2\/users\/21"}],"replies":[{"embeddable":true,"href":"https:\/\/www.meydan.tv\/az\/wp-json\/wp\/v2\/comments?post=348843"}],"version-history":[{"count":2,"href":"https:\/\/www.meydan.tv\/az\/wp-json\/wp\/v2\/posts\/348843\/revisions"}],"predecessor-version":[{"id":348852,"href":"https:\/\/www.meydan.tv\/az\/wp-json\/wp\/v2\/posts\/348843\/revisions\/348852"}],"wp:featuredmedia":[{"embeddable":true,"href":"https:\/\/www.meydan.tv\/az\/wp-json\/wp\/v2\/media\/136228"}],"wp:attachment":[{"href":"https:\/\/www.meydan.tv\/az\/wp-json\/wp\/v2\/media?parent=348843"}],"wp:term":[{"taxonomy":"category","embeddable":true,"href":"https:\/\/www.meydan.tv\/az\/wp-json\/wp\/v2\/categories?post=348843"},{"taxonomy":"post_tag","embeddable":true,"href":"https:\/\/www.meydan.tv\/az\/wp-json\/wp\/v2\/tags?post=348843"}],"curies":[{"name":"wp","href":"https:\/\/api.w.org\/{rel}","templated":true}]}}