{"id":348826,"date":"2026-09-04T16:10:40","date_gmt":"2026-09-04T12:10:40","guid":{"rendered":"https:\/\/www.meydan.tv\/?p=348826"},"modified":"2026-09-04T16:12:10","modified_gmt":"2026-09-04T12:12:10","slug":"fransada-yasayan-az%c9%99rbaycanli-ictimai-f%c9%99al-t%c9%99nqidi-paylasimlarina-gor%c9%99-oluml%c9%99-t%c9%99hdid-edildiyini-bildirir","status":"publish","type":"post","link":"https:\/\/www.meydan.tv\/az\/article\/fransada-yasayan-az%c9%99rbaycanli-ictimai-f%c9%99al-t%c9%99nqidi-paylasimlarina-gor%c9%99-oluml%c9%99-t%c9%99hdid-edildiyini-bildirir\/","title":{"rendered":"Fransada ya\u015fayan az\u0259rbaycanl\u0131 f\u0259al t\u0259nqidi payla\u015f\u0131mlar\u0131na g\u00f6r\u0259 \u00f6l\u00fcml\u0259 t\u0259hdid edildiyini bildirir"},"content":{"rendered":"\n<p class=\"wp-block-paragraph\">Fransada ya\u015fayan az\u0259rbaycanl\u0131 ictimai f\u0259al Ramazan Ta\u011f\u0131yev sosial \u015f\u0259b\u0259k\u0259l\u0259rd\u0259ki t\u0259nqidi payla\u015f\u0131mlar\u0131na g\u00f6r\u0259 t\u0259hdidl\u0259rl\u0259 \u00fczl\u0259\u015fib. <\/p>\n\n\n\n<p class=\"wp-block-paragraph\">Bu bar\u0259d\u0259 Meydan TV-y\u0259 m\u0259lumat ver\u0259n f\u0259al bildirib ki, mart ay\u0131ndan etibar\u0259n sosial media hesablar\u0131nda t\u0259nqidi fikirl\u0259r v\u0259 meyxana\u00e7\u0131 R\u0259\u015fad Da\u011fl\u0131 bar\u0259d\u0259 payla\u015f\u0131m etdikd\u0259n sonra ona qar\u015f\u0131 k\u00fctl\u0259vi kiberh\u00fccumlar v\u0259 t\u0259hdidl\u0259r ba\u015flay\u0131b. F\u0259al\u0131n s\u00f6zl\u0259rin\u0259 g\u00f6r\u0259, h\u0259min payla\u015f\u0131mdan sonra nam\u0259lum \u015f\u0259xsl\u0259r onunla \u0259laq\u0259 saxlayaraq onu \u00f6l\u00fcml\u0259 t\u0259hdid edibl\u0259r. <\/p>\n\n\n\n<figure class=\"wp-block-image size-large\"><img loading=\"lazy\" decoding=\"async\" width=\"597\" height=\"821\" src=\"https:\/\/www.meydan.tv\/wp-content\/uploads\/30691618-f865-435f-a9da-3337319ee620-597x821.jpeg\" alt=\"\" class=\"wp-image-348827\"\/><\/figure>\n\n\n\n<p class=\"wp-block-paragraph\">Ramazan Ta\u011f\u0131yev bildirir ki, onu t\u0259hdid ed\u0259n \u015f\u0259xsl\u0259rd\u0259n biri Fransada ya\u015fayan bloger M\u0259h\u0259mm\u0259d Mirz\u0259liy\u0259 qar\u015f\u0131 h\u00fccum i\u015find\u0259 ad\u0131 hallanan, daha sonra is\u0259 s\u0259rb\u0259st burax\u0131lan &#8220;Roma&#8221; l\u0259q\u0259bi il\u0259 tan\u0131nan R\u0259\u015fad adl\u0131 \u015f\u0259xsdir. F\u0259al\u0131n s\u00f6zl\u0259rin\u0259 g\u00f6r\u0259, h\u0259min \u015f\u0259xs etdiyi t\u0259hdid mesajlar\u0131nda M\u0259h\u0259mm\u0259d Mirz\u0259liy\u0259 qar\u015f\u0131 t\u00f6r\u0259tdikl\u0259ri akt\u0131 ona qar\u015f\u0131 da t\u00f6r\u0259d\u0259c\u0259kl\u0259rini deyib.<\/p>\n\n\n\n<p class=\"wp-block-paragraph\">Buna s\u0259b\u0259b onun &#8220;Cavan TV&#8221; v\u0259 blogerl\u0259ri bar\u0259d\u0259 silsil\u0259 <a href=\"https:\/\/www.instagram.com\/p\/DYMDaQYjFjT\/?igsi=NGdncHAyZzB2YW1u\" target=\"_blank\" rel=\"noreferrer noopener nofollow\">payla\u015f\u0131mlar<\/a> etm\u0259si olub. Onun s\u00f6zl\u0259rin\u0259 g\u00f6r\u0259, bundan sonra onun profilin\u0259 Bak\u0131 \u015f\u0259h\u0259rinin Yasamal rayonu, Parlament prospektind\u0259n \u00fcmumilikd\u0259 1100 d\u0259f\u0259 k\u00fctl\u0259vi kiberh\u00fccum c\u0259hdi olub v\u0259 n\u0259tic\u0259d\u0259 &#8220;Meta&#8221; \u015firk\u0259ti t\u0259hl\u00fck\u0259sizlik m\u0259qs\u0259dil\u0259 onun hesab\u0131n\u0131 kilidl\u0259yib. <\/p>\n\n\n\n<p class=\"wp-block-paragraph\"><em>&#8220;\u0130nstagramda siyasi statuslar\u0131ma davam etm\u0259y\u0259 ba\u015flayandan t\u0259hdidl\u0259r d\u0259 davam etdi. Bir ne\u00e7\u0259 profild\u0259n t\u0259xmini eyni mesajlar\u0131 al\u0131rd\u0131m. R\u0259\u015fad adl\u0131 \u015f\u0259xs yaz\u0131rd\u0131 ki, M\u0259h\u0259mm\u0259d Mirz\u0259liy\u0259 qar\u015f\u0131 i\u015fimiz yar\u0131m\u00e7\u0131q qalm\u0131\u015fd\u0131, amma indi ikinizin d\u0259 i\u015fini tamamlayaca\u011f\u0131q. Qald\u0131\u011f\u0131n yeri bilir\u0259m, ora g\u0259lir\u0259m<\/em>&#8220;.<\/p>\n\n\n\n<p class=\"wp-block-paragraph\">T\u0259hdidl\u0259rd\u0259n sonra Ramazan Ta\u011f\u0131yev h\u0259min \u015f\u0259xsi Fransa polisin\u0259 \u015fikay\u0259t edib. F\u0259al qeyd edib ki, polis q\u0131sa m\u00fcdd\u0259td\u0259 t\u0259hdid ed\u0259n \u015f\u0259xsin \u015f\u0259xsiyy\u0259tini v\u0259 yerini m\u00fc\u0259yy\u0259nl\u0259\u015fdirib. M\u0259lum olub ki, h\u0259min \u015f\u0259xs Fransan\u0131n Tuluza \u015f\u0259h\u0259rinin Kolomye q\u0259s\u0259b\u0259sind\u0259 gizl\u0259nir.  Ramazan Ta\u011f\u0131yev bildirib ki, polis t\u0259r\u0259find\u0259n faktla ba\u011fl\u0131 r\u0259smi cinay\u0259t i\u015fi ba\u015flad\u0131l\u0131b, \u015f\u00fcbh\u0259linin saxlan\u0131lmas\u0131 \u00fc\u00e7\u00fcn \u0259raziy\u0259 x\u00fcsusi briqada y\u00f6n\u0259l\u0259ndirilib v\u0259 onun \u00f6lk\u0259ni t\u0259rk etm\u0259sinin qar\u015f\u0131s\u0131n\u0131 almaq \u00fc\u00e7\u00fcn s\u0259rh\u0259d-ke\u00e7id m\u0259nt\u0259q\u0259l\u0259rin\u0259 x\u0259b\u0259rdarl\u0131q g\u00f6nd\u0259rilib. <\/p>\n\n\n\n<p class=\"wp-block-paragraph\">\u0130ctimai f\u0259al ona qar\u015f\u0131 edil\u0259n bu t\u0259zyiql\u0259rin m\u0259i\u015f\u0259t z\u0259minind\u0259 olmad\u0131\u011f\u0131n\u0131, birba\u015fa onun ifad\u0259 azadl\u0131\u011f\u0131 v\u0259 ictimai f\u0259aliyy\u0259ti il\u0259 ba\u011fl\u0131 oldu\u011funu vur\u011fulay\u0131b.<\/p>\n","protected":false},"excerpt":{"rendered":"<p>Fransada ya\u015fayan az\u0259rbaycanl\u0131 ictimai f\u0259al Ramazan Ta\u011f\u0131yev sosial \u015f\u0259b\u0259k\u0259l\u0259rd\u0259ki t\u0259nqidi &#8230; <\/p>\n<p class=\"read-more-container\"><a title=\"Fransada ya\u015fayan az\u0259rbaycanl\u0131 f\u0259al t\u0259nqidi payla\u015f\u0131mlar\u0131na g\u00f6r\u0259 \u00f6l\u00fcml\u0259 t\u0259hdid edildiyini bildirir\" class=\"read-more button\" href=\"https:\/\/www.meydan.tv\/az\/article\/fransada-yasayan-az%c9%99rbaycanli-ictimai-f%c9%99al-t%c9%99nqidi-paylasimlarina-gor%c9%99-oluml%c9%99-t%c9%99hdid-edildiyini-bildirir\/#more-348826\" aria-label=\"Read more about Fransada ya\u015fayan az\u0259rbaycanl\u0131 f\u0259al t\u0259nqidi payla\u015f\u0131mlar\u0131na g\u00f6r\u0259 \u00f6l\u00fcml\u0259 t\u0259hdid edildiyini bildirir\">Davam\u0131<\/a><\/p>\n","protected":false},"author":21,"featured_media":348830,"comment_status":"closed","ping_status":"closed","sticky":false,"template":"","format":"standard","meta":{"_acf_changed":false,"_sitemap_exclude":false,"_sitemap_priority":"","_sitemap_frequency":"","footnotes":""},"categories":[59,79,56],"tags":[],"class_list":["post-348826","post","type-post","status-publish","format-standard","has-post-thumbnail","hentry","category-siyaset","category-featured","category-xeberler","infinite-scroll-item","generate-columns","tablet-grid-50","mobile-grid-100","grid-parent","grid-33","no-featured-image-padding"],"acf":[],"yoast_head":"<!-- This site is optimized with the Yoast SEO plugin v28.4 - https:\/\/yoast.com\/product\/yoast-seo-wordpress\/ -->\n<title>Fransada ya\u015fayan az\u0259rbaycanl\u0131 f\u0259al t\u0259nqidi payla\u015f\u0131mlar\u0131na g\u00f6r\u0259 \u00f6l\u00fcml\u0259 t\u0259hdid edildiyini bildirir - MEYDAN.TV<\/title>\n<meta name=\"robots\" content=\"index, follow, max-snippet:-1, max-image-preview:large, max-video-preview:-1\" \/>\n<link rel=\"canonical\" href=\"https:\/\/www.meydan.tv\/az\/article\/fransada-yasayan-az%c9%99rbaycanli-ictimai-f%c9%99al-t%c9%99nqidi-paylasimlarina-gor%c9%99-oluml%c9%99-t%c9%99hdid-edildiyini-bildirir\/\" \/>\n<meta property=\"og:locale\" content=\"az_AZ\" \/>\n<meta property=\"og:type\" content=\"article\" \/>\n<meta property=\"og:title\" content=\"Fransada ya\u015fayan az\u0259rbaycanl\u0131 f\u0259al t\u0259nqidi payla\u015f\u0131mlar\u0131na g\u00f6r\u0259 \u00f6l\u00fcml\u0259 t\u0259hdid edildiyini bildirir - MEYDAN.TV\" \/>\n<meta property=\"og:description\" content=\"Fransada ya\u015fayan az\u0259rbaycanl\u0131 ictimai f\u0259al Ramazan Ta\u011f\u0131yev sosial \u015f\u0259b\u0259k\u0259l\u0259rd\u0259ki t\u0259nqidi ... Davam\u0131\" \/>\n<meta property=\"og:url\" content=\"https:\/\/www.meydan.tv\/az\/article\/fransada-yasayan-az%c9%99rbaycanli-ictimai-f%c9%99al-t%c9%99nqidi-paylasimlarina-gor%c9%99-oluml%c9%99-t%c9%99hdid-edildiyini-bildirir\/\" \/>\n<meta property=\"og:site_name\" content=\"MEYDAN.TV\" \/>\n<meta property=\"article:published_time\" content=\"2026-09-04T12:10:40+00:00\" \/>\n<meta property=\"article:modified_time\" content=\"2026-09-04T12:12:10+00:00\" \/>\n<meta name=\"twitter:card\" content=\"summary_large_image\" \/>\n<!-- \/ Yoast SEO plugin. -->","yoast_head_json":{"title":"Fransada ya\u015fayan az\u0259rbaycanl\u0131 f\u0259al t\u0259nqidi payla\u015f\u0131mlar\u0131na g\u00f6r\u0259 \u00f6l\u00fcml\u0259 t\u0259hdid edildiyini bildirir - MEYDAN.TV","robots":{"index":"index","follow":"follow","max-snippet":"max-snippet:-1","max-image-preview":"max-image-preview:large","max-video-preview":"max-video-preview:-1"},"canonical":"https:\/\/www.meydan.tv\/az\/article\/fransada-yasayan-az%c9%99rbaycanli-ictimai-f%c9%99al-t%c9%99nqidi-paylasimlarina-gor%c9%99-oluml%c9%99-t%c9%99hdid-edildiyini-bildirir\/","og_locale":"az_AZ","og_type":"article","og_title":"Fransada ya\u015fayan az\u0259rbaycanl\u0131 f\u0259al t\u0259nqidi payla\u015f\u0131mlar\u0131na g\u00f6r\u0259 \u00f6l\u00fcml\u0259 t\u0259hdid edildiyini bildirir - MEYDAN.TV","og_description":"Fransada ya\u015fayan az\u0259rbaycanl\u0131 ictimai f\u0259al Ramazan Ta\u011f\u0131yev sosial \u015f\u0259b\u0259k\u0259l\u0259rd\u0259ki t\u0259nqidi ... Davam\u0131","og_url":"https:\/\/www.meydan.tv\/az\/article\/fransada-yasayan-az%c9%99rbaycanli-ictimai-f%c9%99al-t%c9%99nqidi-paylasimlarina-gor%c9%99-oluml%c9%99-t%c9%99hdid-edildiyini-bildirir\/","og_site_name":"MEYDAN.TV","article_published_time":"2026-09-04T12:10:40+00:00","article_modified_time":"2026-09-04T12:12:10+00:00","twitter_card":"summary_large_image","schema":{"@context":"https:\/\/schema.org","@graph":[{"@type":"Article","@id":"https:\/\/www.meydan.tv\/az\/article\/fransada-yasayan-az%c9%99rbaycanli-ictimai-f%c9%99al-t%c9%99nqidi-paylasimlarina-gor%c9%99-oluml%c9%99-t%c9%99hdid-edildiyini-bildirir\/#article","isPartOf":{"@id":"https:\/\/www.meydan.tv\/az\/article\/fransada-yasayan-az%c9%99rbaycanli-ictimai-f%c9%99al-t%c9%99nqidi-paylasimlarina-gor%c9%99-oluml%c9%99-t%c9%99hdid-edildiyini-bildirir\/"},"author":{"name":"mahmud","@id":"https:\/\/www.meydan.tv\/az\/#\/schema\/person\/09863e516102a829e72bedcf3f84c6b0"},"headline":"Fransada ya\u015fayan az\u0259rbaycanl\u0131 f\u0259al t\u0259nqidi payla\u015f\u0131mlar\u0131na g\u00f6r\u0259 \u00f6l\u00fcml\u0259 t\u0259hdid edildiyini bildirir","datePublished":"2026-09-04T12:10:40+00:00","dateModified":"2026-09-04T12:12:10+00:00","mainEntityOfPage":{"@id":"https:\/\/www.meydan.tv\/az\/article\/fransada-yasayan-az%c9%99rbaycanli-ictimai-f%c9%99al-t%c9%99nqidi-paylasimlarina-gor%c9%99-oluml%c9%99-t%c9%99hdid-edildiyini-bildirir\/"},"wordCount":507,"publisher":{"@id":"https:\/\/www.meydan.tv\/az\/#organization"},"image":{"@id":"https:\/\/www.meydan.tv\/az\/article\/fransada-yasayan-az%c9%99rbaycanli-ictimai-f%c9%99al-t%c9%99nqidi-paylasimlarina-gor%c9%99-oluml%c9%99-t%c9%99hdid-edildiyini-bildirir\/#primaryimage"},"thumbnailUrl":"https:\/\/www.meydan.tv\/wp-content\/uploads\/taghiyev-10.avif","articleSection":["Siyas\u0259t","T\u00f6vsiy\u0259","X\u0259b\u0259rl\u0259r"],"inLanguage":"az"},{"@type":"WebPage","@id":"https:\/\/www.meydan.tv\/az\/article\/fransada-yasayan-az%c9%99rbaycanli-ictimai-f%c9%99al-t%c9%99nqidi-paylasimlarina-gor%c9%99-oluml%c9%99-t%c9%99hdid-edildiyini-bildirir\/","url":"https:\/\/www.meydan.tv\/az\/article\/fransada-yasayan-az%c9%99rbaycanli-ictimai-f%c9%99al-t%c9%99nqidi-paylasimlarina-gor%c9%99-oluml%c9%99-t%c9%99hdid-edildiyini-bildirir\/","name":"Fransada ya\u015fayan az\u0259rbaycanl\u0131 f\u0259al t\u0259nqidi payla\u015f\u0131mlar\u0131na g\u00f6r\u0259 \u00f6l\u00fcml\u0259 t\u0259hdid edildiyini bildirir - MEYDAN.TV","isPartOf":{"@id":"https:\/\/www.meydan.tv\/az\/#website"},"primaryImageOfPage":{"@id":"https:\/\/www.meydan.tv\/az\/article\/fransada-yasayan-az%c9%99rbaycanli-ictimai-f%c9%99al-t%c9%99nqidi-paylasimlarina-gor%c9%99-oluml%c9%99-t%c9%99hdid-edildiyini-bildirir\/#primaryimage"},"image":{"@id":"https:\/\/www.meydan.tv\/az\/article\/fransada-yasayan-az%c9%99rbaycanli-ictimai-f%c9%99al-t%c9%99nqidi-paylasimlarina-gor%c9%99-oluml%c9%99-t%c9%99hdid-edildiyini-bildirir\/#primaryimage"},"thumbnailUrl":"https:\/\/www.meydan.tv\/wp-content\/uploads\/taghiyev-10.avif","datePublished":"2026-09-04T12:10:40+00:00","dateModified":"2026-09-04T12:12:10+00:00","breadcrumb":{"@id":"https:\/\/www.meydan.tv\/az\/article\/fransada-yasayan-az%c9%99rbaycanli-ictimai-f%c9%99al-t%c9%99nqidi-paylasimlarina-gor%c9%99-oluml%c9%99-t%c9%99hdid-edildiyini-bildirir\/#breadcrumb"},"inLanguage":"az","potentialAction":[{"@type":"ReadAction","target":["https:\/\/www.meydan.tv\/az\/article\/fransada-yasayan-az%c9%99rbaycanli-ictimai-f%c9%99al-t%c9%99nqidi-paylasimlarina-gor%c9%99-oluml%c9%99-t%c9%99hdid-edildiyini-bildirir\/"]}]},{"@type":"ImageObject","inLanguage":"az","@id":"https:\/\/www.meydan.tv\/az\/article\/fransada-yasayan-az%c9%99rbaycanli-ictimai-f%c9%99al-t%c9%99nqidi-paylasimlarina-gor%c9%99-oluml%c9%99-t%c9%99hdid-edildiyini-bildirir\/#primaryimage","url":"https:\/\/www.meydan.tv\/wp-content\/uploads\/taghiyev-10.avif","contentUrl":"https:\/\/www.meydan.tv\/wp-content\/uploads\/taghiyev-10.avif","width":1200,"height":800,"caption":"Foto: Ramazan Ta\u011f\u0131yevin sosial media hesab\u0131"},{"@type":"BreadcrumbList","@id":"https:\/\/www.meydan.tv\/az\/article\/fransada-yasayan-az%c9%99rbaycanli-ictimai-f%c9%99al-t%c9%99nqidi-paylasimlarina-gor%c9%99-oluml%c9%99-t%c9%99hdid-edildiyini-bildirir\/#breadcrumb","itemListElement":[{"@type":"ListItem","position":1,"name":"Ana s\u0259hif\u0259","item":"https:\/\/www.meydan.tv\/az\/"},{"@type":"ListItem","position":2,"name":"Siyas\u0259t","item":"https:\/\/www.meydan.tv\/az\/section\/siyaset\/"},{"@type":"ListItem","position":3,"name":"Fransada ya\u015fayan az\u0259rbaycanl\u0131 f\u0259al t\u0259nqidi payla\u015f\u0131mlar\u0131na g\u00f6r\u0259 \u00f6l\u00fcml\u0259 t\u0259hdid edildiyini bildirir"}]},{"@type":"WebSite","@id":"https:\/\/www.meydan.tv\/az\/#website","url":"https:\/\/www.meydan.tv\/az\/","name":"MEYDAN.TV","description":"Meydan TV Az\u0259rbaycan\u0131n media m\u0259kan\u0131ndak\u0131 alternativ s\u0259sidir","publisher":{"@id":"https:\/\/www.meydan.tv\/az\/#organization"},"potentialAction":[{"@type":"SearchAction","target":{"@type":"EntryPoint","urlTemplate":"https:\/\/www.meydan.tv\/az\/?s={search_term_string}"},"query-input":{"@type":"PropertyValueSpecification","valueRequired":true,"valueName":"search_term_string"}}],"inLanguage":"az"},{"@type":"Organization","@id":"https:\/\/www.meydan.tv\/az\/#organization","name":"Meydan TV","url":"https:\/\/www.meydan.tv\/az\/","logo":{"@type":"ImageObject","inLanguage":"az","@id":"https:\/\/www.meydan.tv\/az\/#\/schema\/logo\/image\/","url":"https:\/\/www.meydan.tv\/wp-content\/uploads\/2021\/07\/meydan-logo.svg","contentUrl":"https:\/\/www.meydan.tv\/wp-content\/uploads\/2021\/07\/meydan-logo.svg","width":195,"height":46,"caption":"Meydan TV"},"image":{"@id":"https:\/\/www.meydan.tv\/az\/#\/schema\/logo\/image\/"}},{"@type":"Person","@id":"https:\/\/www.meydan.tv\/az\/#\/schema\/person\/09863e516102a829e72bedcf3f84c6b0","name":"mahmud"}]}},"_links":{"self":[{"href":"https:\/\/www.meydan.tv\/az\/wp-json\/wp\/v2\/posts\/348826","targetHints":{"allow":["GET"]}}],"collection":[{"href":"https:\/\/www.meydan.tv\/az\/wp-json\/wp\/v2\/posts"}],"about":[{"href":"https:\/\/www.meydan.tv\/az\/wp-json\/wp\/v2\/types\/post"}],"author":[{"embeddable":true,"href":"https:\/\/www.meydan.tv\/az\/wp-json\/wp\/v2\/users\/21"}],"replies":[{"embeddable":true,"href":"https:\/\/www.meydan.tv\/az\/wp-json\/wp\/v2\/comments?post=348826"}],"version-history":[{"count":3,"href":"https:\/\/www.meydan.tv\/az\/wp-json\/wp\/v2\/posts\/348826\/revisions"}],"predecessor-version":[{"id":348835,"href":"https:\/\/www.meydan.tv\/az\/wp-json\/wp\/v2\/posts\/348826\/revisions\/348835"}],"wp:featuredmedia":[{"embeddable":true,"href":"https:\/\/www.meydan.tv\/az\/wp-json\/wp\/v2\/media\/348830"}],"wp:attachment":[{"href":"https:\/\/www.meydan.tv\/az\/wp-json\/wp\/v2\/media?parent=348826"}],"wp:term":[{"taxonomy":"category","embeddable":true,"href":"https:\/\/www.meydan.tv\/az\/wp-json\/wp\/v2\/categories?post=348826"},{"taxonomy":"post_tag","embeddable":true,"href":"https:\/\/www.meydan.tv\/az\/wp-json\/wp\/v2\/tags?post=348826"}],"curies":[{"name":"wp","href":"https:\/\/api.w.org\/{rel}","templated":true}]}}