{"id":348824,"date":"2026-09-04T14:18:19","date_gmt":"2026-09-04T10:18:19","guid":{"rendered":"https:\/\/www.meydan.tv\/?p=348824"},"modified":"2026-09-04T14:18:22","modified_gmt":"2026-09-04T10:18:22","slug":"b%c9%99yl%c9%99r-eyyubovun-qardasi-oglunun-da-adinin-kecdiyi-is-uzr%c9%99-daha-bir-n%c9%99f%c9%99r-ukraynada-saxlanilib","status":"publish","type":"post","link":"https:\/\/www.meydan.tv\/az\/article\/b%c9%99yl%c9%99r-eyyubovun-qardasi-oglunun-da-adinin-kecdiyi-is-uzr%c9%99-daha-bir-n%c9%99f%c9%99r-ukraynada-saxlanilib\/","title":{"rendered":"B\u0259yl\u0259r Eyyubovun qarda\u015f\u0131 o\u011flunun da ad\u0131n\u0131n ke\u00e7diyi i\u015f \u00fczr\u0259 daha bir n\u0259f\u0259r Ukraynada saxlan\u0131l\u0131b"},"content":{"rendered":"\n<p class=\"wp-block-paragraph\">Siqaret qa\u00e7aqmal\u00e7\u0131l\u0131\u011f\u0131 il\u0259 ba\u011fl\u0131 cinay\u0259t i\u015fi \u00fczr\u0259 beyn\u0259lxalq axtar\u0131\u015fda olan Az\u0259rbaycan v\u0259t\u0259nda\u015f\u0131 Ukraynada saxlan\u0131l\u0131b. Onun Az\u0259rbaycana ekstradisiya edil\u0259c\u0259yi bildirilir.<\/p>\n\n\n\n<p class=\"wp-block-paragraph\">Bu bar\u0259d\u0259 Ba\u015f Prokurrorluq <a href=\"https:\/\/genprosecutor.gov.az\/az\/post\/9465\" target=\"_blank\" rel=\"noreferrer noopener nofollow\">m\u0259lumat<\/a> yay\u0131b. M\u0259lumatda deyilir ki, Ba\u015f Prokurorlu\u011fun Ukrayna Ba\u015f Prokurorlu\u011funa m\u00fcraci\u0259ti \u0259sas\u0131nda \u018fnv\u0259r Ta\u011f\u0131yevin \u00f6lk\u0259y\u0259 g\u0259tirilm\u0259si bar\u0259d\u0259 raz\u0131l\u0131q \u0259ld\u0259 olunub.\u00a0<\/p>\n\n\n\n<p class=\"wp-block-paragraph\">Bildirilib ki, \u018fnv\u0259r Ta\u011f\u0131yevin aksiz markas\u0131 il\u0259 markalanmal\u0131 olan h\u0259min y\u00fck\u00fc markalanma olmadan sat\u0131\u015f m\u0259qs\u0259dil\u0259 saxlamas\u0131na \u0259sasl\u0131 \u015f\u00fcbh\u0259l\u0259r m\u00fc\u0259yy\u0259n edilib.<\/p>\n\n\n\n<p class=\"wp-block-paragraph\">\u0130stintaq hesab edir ki, \u018fnv\u0259r Ta\u011f\u0131yev aksiz markas\u0131 il\u0259 markalanmal\u0131 olan t\u00fct\u00fcn m\u0259mulatlar\u0131n\u0131 bel\u0259 marka olmadan sat\u0131\u015f m\u0259qs\u0259dil\u0259 saxlay\u0131b. Ba\u015f Prokurorluq onun bar\u0259sind\u0259 \u0259sasl\u0131 \u015f\u00fcbh\u0259l\u0259rin m\u00fc\u0259yy\u0259n edildiyini a\u00e7\u0131qlay\u0131b.<\/p>\n\n\n\n<p class=\"wp-block-paragraph\">\u018fnv\u0259r Ta\u011f\u0131yev 5,4 milyon manatdan art\u0131q d\u0259y\u0259ri olan aksiz markas\u0131z t\u00fct\u00fcn m\u0259mulatlar\u0131n\u0131n Az\u0259rbaycana qa\u00e7aqmal\u00e7\u0131l\u0131q yolu il\u0259 g\u0259tirilm\u0259si il\u0259 ba\u011fl\u0131 ara\u015fd\u0131r\u0131lan cinay\u0259t i\u015fi \u00fczr\u0259 beyn\u0259lxalq axtar\u0131\u015fa verilibmi\u015f.<\/p>\n\n\n\n<h4 class=\"wp-block-heading\"><strong>Cinay\u0259t i\u015fi \u00fczr\u0259 kiml\u0259r saxlan\u0131l\u0131b?<\/strong><\/h4>\n\n\n\n<p class=\"wp-block-paragraph\">Bu i\u015f \u00fczr\u0259 istintaq \u00f6t\u0259n ilin dekabr\u0131nda Ba\u015f Prokuror yan\u0131nda Korrupsiyaya qar\u015f\u0131 M\u00fcbariz\u0259 Ba\u015f \u0130dar\u0259si t\u0259r\u0259find\u0259n ba\u015flay\u0131b.<\/p>\n\n\n\n<p class=\"wp-block-paragraph\">\u0130stintaqa \u0259sas\u0259n, Birl\u0259\u015fmi\u015f \u018fr\u0259b \u018fmirlikl\u0259rind\u0259n v\u0259 \u0130randan 5,4 milyon manatdan art\u0131q d\u0259y\u0259rd\u0259 aksiz markas\u0131 olmayan t\u00fct\u00fcn m\u0259mulatlar\u0131 g\u0259mil\u0259r vasit\u0259sil\u0259 Bak\u0131 H\u00f6vsan Beyn\u0259lxalq Ticar\u0259t D\u0259niz Liman\u0131 v\u0259 Qarada\u011f\u2013\u018fl\u0259t \u0259razisind\u0259 yerl\u0259\u015f\u0259n qanunsuz k\u00f6rp\u00fc \u00fcz\u0259rind\u0259n Az\u0259rbaycana g\u0259tirilib.<\/p>\n\n\n\n<p class=\"wp-block-paragraph\">\u0130\u015f \u00fczr\u0259 liman v\u0259 g\u00f6mr\u00fck \u0259m\u0259kda\u015flar\u0131, g\u0259mi kapitanlar\u0131 v\u0259 hey\u0259t \u00fczvl\u0259ri, t\u00fct\u00fcn m\u0259mulatlar\u0131n\u0131n da\u015f\u0131nmas\u0131 v\u0259 saxlan\u0131lmas\u0131nda \u015f\u00fcbh\u0259li bilin\u0259n \u015f\u0259xsl\u0259r, h\u0259m\u00e7inin D\u00f6vl\u0259t S\u0259rh\u0259d Xidm\u0259tinin b\u0259zi v\u0259zif\u0259li \u015f\u0259xsl\u0259ri m\u0259suliyy\u0259t\u0259 c\u0259lb olunublar.<\/p>\n\n\n\n<p class=\"wp-block-paragraph\">T\u0259qsirl\u0259ndiril\u0259n \u015f\u0259xsl\u0259r aras\u0131nda \u201cBak\u0131 H\u00f6vsan Beyn\u0259lxalq Ticar\u0259t D\u0259niz Liman\u0131\u201d ASC-nin ba\u015f direktoru R\u0259\u015fad Da\u015fd\u0259mirov, liman xidm\u0259tinin r\u0259isi Zaur Ha\u015f\u0131mov, Bak\u0131 H\u00f6vsan Ticar\u0259t D\u0259niz Liman\u0131 G\u00f6mr\u00fck postunun r\u0259isi F\u0259rid Usubov, g\u00f6mr\u00fck postunun inspektorlar\u0131 Heyd\u0259r Eyvazl\u0131 v\u0259 Tamerlan Axundzad\u0259 d\u0259 var.<\/p>\n\n\n\n<p class=\"wp-block-paragraph\">F\u0259rid Usubov X\u00fcsusi D\u00f6vl\u0259t M\u00fchafiz\u0259 Xidm\u0259ti r\u0259isinin m\u00fcavini olmu\u015f general-leytenant C\u0259bray\u0131l Usubovun o\u011fludur.&nbsp;<\/p>\n\n\n\n<h4 class=\"wp-block-heading\"><strong>B\u0259yl\u0259r Eyyubovun qarda\u015f\u0131 o\u011flu da bu i\u015f \u00fczr\u0259 t\u0259qsirl\u0259ndirilir<\/strong><\/h4>\n\n\n\n<p class=\"wp-block-paragraph\">Cinay\u0259t i\u015fi \u00e7\u0259r\u00e7iv\u0259sind\u0259 Prezidentin M\u00fchafiz\u0259 Xidm\u0259tinin ke\u00e7mi\u015f r\u0259isi, general-polkovnik B\u0259yl\u0259r Eyyubovun qarda\u015f\u0131 o\u011flu, \u201cBak\u0131 H\u00f6vsan Beyn\u0259lxalq Ticar\u0259t D\u0259niz Liman\u0131\u201d ASC-nin r\u0259hb\u0259ri, i\u015f adam\u0131 Ruslan Eyyubov da saxlan\u0131lm\u0131\u015fd\u0131.<\/p>\n\n\n\n<p class=\"wp-block-paragraph\">O, Bin\u0259q\u0259di Rayon M\u0259hk\u0259m\u0259sinin q\u0259rar\u0131 il\u0259 iyunun 4-d\u0259 ev dustaql\u0131\u011f\u0131na burax\u0131l\u0131b. M\u0259hk\u0259m\u0259 q\u0259rar\u0131nda onun s\u0259hh\u0259tind\u0259ki probleml\u0259rin n\u0259z\u0259r\u0259 al\u0131nd\u0131\u011f\u0131 bildirilib. Eyyubov bar\u0259sind\u0259ki cinay\u0259t i\u015fi ayr\u0131ca icraata ayr\u0131l\u0131b.<\/p>\n\n\n\n<p class=\"wp-block-paragraph\">Ruslan Eyyubov D\u00f6vl\u0259t G\u00f6mr\u00fck Komit\u0259sinin D\u0259niz N\u0259qliyyat\u0131 v\u0259 Enerji Resurslar\u0131 Ba\u015f G\u00f6mr\u00fck \u0130dar\u0259sinin ke\u00e7mi\u015f r\u0259isi general-mayor H\u0259s\u0259n Eyyubovun qarda\u015f\u0131d\u0131r. Ruslan Eyyubov h\u0259m\u00e7inin kimya s\u0259nayesi sah\u0259sind\u0259 f\u0259aliyy\u0259t g\u00f6st\u0259r\u0259n \u201cNB Qrup\u201d \u015firk\u0259tinin r\u0259hb\u0259ri kimi tan\u0131n\u0131rd\u0131.<\/p>\n\n\n\n<p class=\"wp-block-paragraph\">H\u0259s\u0259n Eyyubov is\u0259 cinay\u0259t i\u015fi \u00fczr\u0259 h\u0259bsl\u0259rd\u0259n bir ne\u00e7\u0259 g\u00fcn \u0259vv\u0259l D\u00f6vl\u0259t G\u00f6mr\u00fck Komit\u0259sinin D\u0259niz N\u0259qliyyat\u0131 v\u0259 Enerji Resurslar\u0131 Ba\u015f G\u00f6mr\u00fck \u0130dar\u0259sinin r\u0259isi v\u0259zif\u0259sind\u0259n azad edilib.<\/p>\n\n\n\n<p class=\"wp-block-paragraph\">T\u0259qsirl\u0259ndiril\u0259n \u015f\u0259xsl\u0259r\u0259 Cinay\u0259t M\u0259c\u0259ll\u0259sinin 206.4-c\u00fc (m\u00fct\u0259\u015f\u0259kkil d\u0259st\u0259 t\u0259r\u0259find\u0259n k\u00fclli miqdarda qa\u00e7aqmal\u00e7\u0131l\u0131q), 213-1-ci (aksiz markas\u0131 il\u0259 markalanmal\u0131 olan mallar\u0131 aksiz markas\u0131 olmadan sat\u0131\u015f m\u0259qs\u0259dil\u0259 saxlama) v\u0259 308.2-ci (v\u0259zif\u0259 s\u0259lahiyy\u0259tl\u0259rind\u0259n sui-istifad\u0259 etm\u0259, a\u011f\u0131r n\u0259tic\u0259l\u0259r\u0259 s\u0259b\u0259b olduqda) madd\u0259l\u0259ri il\u0259 ittiham ir\u0259li s\u00fcr\u00fcl\u00fcb.<\/p>\n\n\n\n<p class=\"wp-block-paragraph\">Bu madd\u0259l\u0259r \u00fczr\u0259 12 il\u0259d\u0259k azadl\u0131qdan m\u0259hrumetm\u0259 c\u0259zas\u0131 n\u0259z\u0259rd\u0259 tutulur.<\/p>\n\n\n\n<p class=\"wp-block-paragraph\">T\u0259qsirl\u0259ndiril\u0259n \u015f\u0259xsl\u0259r bar\u0259sind\u0259 ir\u0259li s\u00fcr\u00fcl\u0259n ittihamlarla ba\u011fl\u0131 yekun m\u0259hk\u0259m\u0259 h\u00f6km\u00fc h\u0259l\u0259 \u00e7\u0131xar\u0131lmay\u0131b.<\/p>\n","protected":false},"excerpt":{"rendered":"<p>Siqaret qa\u00e7aqmal\u00e7\u0131l\u0131\u011f\u0131 il\u0259 ba\u011fl\u0131 cinay\u0259t i\u015fi \u00fczr\u0259 beyn\u0259lxalq axtar\u0131\u015fda olan &#8230; <\/p>\n<p class=\"read-more-container\"><a title=\"B\u0259yl\u0259r Eyyubovun qarda\u015f\u0131 o\u011flunun da ad\u0131n\u0131n ke\u00e7diyi i\u015f \u00fczr\u0259 daha bir n\u0259f\u0259r Ukraynada saxlan\u0131l\u0131b\" class=\"read-more button\" href=\"https:\/\/www.meydan.tv\/az\/article\/b%c9%99yl%c9%99r-eyyubovun-qardasi-oglunun-da-adinin-kecdiyi-is-uzr%c9%99-daha-bir-n%c9%99f%c9%99r-ukraynada-saxlanilib\/#more-348824\" aria-label=\"Read more about B\u0259yl\u0259r Eyyubovun qarda\u015f\u0131 o\u011flunun da ad\u0131n\u0131n ke\u00e7diyi i\u015f \u00fczr\u0259 daha bir n\u0259f\u0259r Ukraynada saxlan\u0131l\u0131b\">Davam\u0131<\/a><\/p>\n","protected":false},"author":21,"featured_media":209448,"comment_status":"closed","ping_status":"closed","sticky":false,"template":"","format":"standard","meta":{"_acf_changed":false,"_sitemap_exclude":false,"_sitemap_priority":"","_sitemap_frequency":"","footnotes":""},"categories":[62,79,56],"tags":[],"class_list":["post-348824","post","type-post","status-publish","format-standard","has-post-thumbnail","hentry","category-sosial","category-featured","category-xeberler","infinite-scroll-item","generate-columns","tablet-grid-50","mobile-grid-100","grid-parent","grid-33","no-featured-image-padding"],"acf":[],"yoast_head":"<!-- This site is optimized with the Yoast SEO plugin v28.4 - https:\/\/yoast.com\/product\/yoast-seo-wordpress\/ -->\n<title>B\u0259yl\u0259r Eyyubovun qarda\u015f\u0131 o\u011flunun da ad\u0131n\u0131n ke\u00e7diyi i\u015f \u00fczr\u0259 daha bir n\u0259f\u0259r Ukraynada saxlan\u0131l\u0131b - MEYDAN.TV<\/title>\n<meta name=\"robots\" content=\"index, follow, max-snippet:-1, max-image-preview:large, max-video-preview:-1\" \/>\n<link rel=\"canonical\" href=\"https:\/\/www.meydan.tv\/az\/article\/b%c9%99yl%c9%99r-eyyubovun-qardasi-oglunun-da-adinin-kecdiyi-is-uzr%c9%99-daha-bir-n%c9%99f%c9%99r-ukraynada-saxlanilib\/\" \/>\n<meta property=\"og:locale\" content=\"az_AZ\" \/>\n<meta property=\"og:type\" content=\"article\" \/>\n<meta property=\"og:title\" content=\"B\u0259yl\u0259r Eyyubovun qarda\u015f\u0131 o\u011flunun da ad\u0131n\u0131n ke\u00e7diyi i\u015f \u00fczr\u0259 daha bir n\u0259f\u0259r Ukraynada saxlan\u0131l\u0131b - MEYDAN.TV\" \/>\n<meta property=\"og:description\" content=\"Siqaret qa\u00e7aqmal\u00e7\u0131l\u0131\u011f\u0131 il\u0259 ba\u011fl\u0131 cinay\u0259t i\u015fi \u00fczr\u0259 beyn\u0259lxalq axtar\u0131\u015fda olan ... Davam\u0131\" \/>\n<meta property=\"og:url\" content=\"https:\/\/www.meydan.tv\/az\/article\/b%c9%99yl%c9%99r-eyyubovun-qardasi-oglunun-da-adinin-kecdiyi-is-uzr%c9%99-daha-bir-n%c9%99f%c9%99r-ukraynada-saxlanilib\/\" \/>\n<meta property=\"og:site_name\" content=\"MEYDAN.TV\" \/>\n<meta property=\"article:published_time\" content=\"2026-09-04T10:18:19+00:00\" \/>\n<meta property=\"article:modified_time\" content=\"2026-09-04T10:18:22+00:00\" \/>\n<meta property=\"og:image\" content=\"https:\/\/www.meydan.tv\/wp-content\/uploads\/1602678814_121148793_386934546044847_7484326302661083680_n.jpeg\" \/>\n\t<meta property=\"og:image:width\" content=\"1300\" \/>\n\t<meta property=\"og:image:height\" content=\"791\" \/>\n\t<meta property=\"og:image:type\" content=\"image\/jpeg\" \/>\n<meta name=\"twitter:card\" content=\"summary_large_image\" \/>\n<!-- \/ Yoast SEO plugin. -->","yoast_head_json":{"title":"B\u0259yl\u0259r Eyyubovun qarda\u015f\u0131 o\u011flunun da ad\u0131n\u0131n ke\u00e7diyi i\u015f \u00fczr\u0259 daha bir n\u0259f\u0259r Ukraynada saxlan\u0131l\u0131b - MEYDAN.TV","robots":{"index":"index","follow":"follow","max-snippet":"max-snippet:-1","max-image-preview":"max-image-preview:large","max-video-preview":"max-video-preview:-1"},"canonical":"https:\/\/www.meydan.tv\/az\/article\/b%c9%99yl%c9%99r-eyyubovun-qardasi-oglunun-da-adinin-kecdiyi-is-uzr%c9%99-daha-bir-n%c9%99f%c9%99r-ukraynada-saxlanilib\/","og_locale":"az_AZ","og_type":"article","og_title":"B\u0259yl\u0259r Eyyubovun qarda\u015f\u0131 o\u011flunun da ad\u0131n\u0131n ke\u00e7diyi i\u015f \u00fczr\u0259 daha bir n\u0259f\u0259r Ukraynada saxlan\u0131l\u0131b - MEYDAN.TV","og_description":"Siqaret qa\u00e7aqmal\u00e7\u0131l\u0131\u011f\u0131 il\u0259 ba\u011fl\u0131 cinay\u0259t i\u015fi \u00fczr\u0259 beyn\u0259lxalq axtar\u0131\u015fda olan ... Davam\u0131","og_url":"https:\/\/www.meydan.tv\/az\/article\/b%c9%99yl%c9%99r-eyyubovun-qardasi-oglunun-da-adinin-kecdiyi-is-uzr%c9%99-daha-bir-n%c9%99f%c9%99r-ukraynada-saxlanilib\/","og_site_name":"MEYDAN.TV","article_published_time":"2026-09-04T10:18:19+00:00","article_modified_time":"2026-09-04T10:18:22+00:00","og_image":[{"width":1300,"height":791,"url":"https:\/\/www.meydan.tv\/wp-content\/uploads\/1602678814_121148793_386934546044847_7484326302661083680_n.jpeg","type":"image\/jpeg"}],"twitter_card":"summary_large_image","schema":{"@context":"https:\/\/schema.org","@graph":[{"@type":"Article","@id":"https:\/\/www.meydan.tv\/az\/article\/b%c9%99yl%c9%99r-eyyubovun-qardasi-oglunun-da-adinin-kecdiyi-is-uzr%c9%99-daha-bir-n%c9%99f%c9%99r-ukraynada-saxlanilib\/#article","isPartOf":{"@id":"https:\/\/www.meydan.tv\/az\/article\/b%c9%99yl%c9%99r-eyyubovun-qardasi-oglunun-da-adinin-kecdiyi-is-uzr%c9%99-daha-bir-n%c9%99f%c9%99r-ukraynada-saxlanilib\/"},"author":{"name":"mahmud","@id":"https:\/\/www.meydan.tv\/az\/#\/schema\/person\/09863e516102a829e72bedcf3f84c6b0"},"headline":"B\u0259yl\u0259r Eyyubovun qarda\u015f\u0131 o\u011flunun da ad\u0131n\u0131n ke\u00e7diyi i\u015f \u00fczr\u0259 daha bir n\u0259f\u0259r Ukraynada saxlan\u0131l\u0131b","datePublished":"2026-09-04T10:18:19+00:00","dateModified":"2026-09-04T10:18:22+00:00","mainEntityOfPage":{"@id":"https:\/\/www.meydan.tv\/az\/article\/b%c9%99yl%c9%99r-eyyubovun-qardasi-oglunun-da-adinin-kecdiyi-is-uzr%c9%99-daha-bir-n%c9%99f%c9%99r-ukraynada-saxlanilib\/"},"wordCount":817,"publisher":{"@id":"https:\/\/www.meydan.tv\/az\/#organization"},"image":{"@id":"https:\/\/www.meydan.tv\/az\/article\/b%c9%99yl%c9%99r-eyyubovun-qardasi-oglunun-da-adinin-kecdiyi-is-uzr%c9%99-daha-bir-n%c9%99f%c9%99r-ukraynada-saxlanilib\/#primaryimage"},"thumbnailUrl":"https:\/\/www.meydan.tv\/wp-content\/uploads\/1602678814_121148793_386934546044847_7484326302661083680_n.jpeg","articleSection":["Sosial","T\u00f6vsiy\u0259","X\u0259b\u0259rl\u0259r"],"inLanguage":"az"},{"@type":"WebPage","@id":"https:\/\/www.meydan.tv\/az\/article\/b%c9%99yl%c9%99r-eyyubovun-qardasi-oglunun-da-adinin-kecdiyi-is-uzr%c9%99-daha-bir-n%c9%99f%c9%99r-ukraynada-saxlanilib\/","url":"https:\/\/www.meydan.tv\/az\/article\/b%c9%99yl%c9%99r-eyyubovun-qardasi-oglunun-da-adinin-kecdiyi-is-uzr%c9%99-daha-bir-n%c9%99f%c9%99r-ukraynada-saxlanilib\/","name":"B\u0259yl\u0259r Eyyubovun qarda\u015f\u0131 o\u011flunun da ad\u0131n\u0131n ke\u00e7diyi i\u015f \u00fczr\u0259 daha bir n\u0259f\u0259r Ukraynada saxlan\u0131l\u0131b - MEYDAN.TV","isPartOf":{"@id":"https:\/\/www.meydan.tv\/az\/#website"},"primaryImageOfPage":{"@id":"https:\/\/www.meydan.tv\/az\/article\/b%c9%99yl%c9%99r-eyyubovun-qardasi-oglunun-da-adinin-kecdiyi-is-uzr%c9%99-daha-bir-n%c9%99f%c9%99r-ukraynada-saxlanilib\/#primaryimage"},"image":{"@id":"https:\/\/www.meydan.tv\/az\/article\/b%c9%99yl%c9%99r-eyyubovun-qardasi-oglunun-da-adinin-kecdiyi-is-uzr%c9%99-daha-bir-n%c9%99f%c9%99r-ukraynada-saxlanilib\/#primaryimage"},"thumbnailUrl":"https:\/\/www.meydan.tv\/wp-content\/uploads\/1602678814_121148793_386934546044847_7484326302661083680_n.jpeg","datePublished":"2026-09-04T10:18:19+00:00","dateModified":"2026-09-04T10:18:22+00:00","breadcrumb":{"@id":"https:\/\/www.meydan.tv\/az\/article\/b%c9%99yl%c9%99r-eyyubovun-qardasi-oglunun-da-adinin-kecdiyi-is-uzr%c9%99-daha-bir-n%c9%99f%c9%99r-ukraynada-saxlanilib\/#breadcrumb"},"inLanguage":"az","potentialAction":[{"@type":"ReadAction","target":["https:\/\/www.meydan.tv\/az\/article\/b%c9%99yl%c9%99r-eyyubovun-qardasi-oglunun-da-adinin-kecdiyi-is-uzr%c9%99-daha-bir-n%c9%99f%c9%99r-ukraynada-saxlanilib\/"]}]},{"@type":"ImageObject","inLanguage":"az","@id":"https:\/\/www.meydan.tv\/az\/article\/b%c9%99yl%c9%99r-eyyubovun-qardasi-oglunun-da-adinin-kecdiyi-is-uzr%c9%99-daha-bir-n%c9%99f%c9%99r-ukraynada-saxlanilib\/#primaryimage","url":"https:\/\/www.meydan.tv\/wp-content\/uploads\/1602678814_121148793_386934546044847_7484326302661083680_n.jpeg","contentUrl":"https:\/\/www.meydan.tv\/wp-content\/uploads\/1602678814_121148793_386934546044847_7484326302661083680_n.jpeg","width":1300,"height":791,"caption":"Source: Ba\u015f Prokurorluq"},{"@type":"BreadcrumbList","@id":"https:\/\/www.meydan.tv\/az\/article\/b%c9%99yl%c9%99r-eyyubovun-qardasi-oglunun-da-adinin-kecdiyi-is-uzr%c9%99-daha-bir-n%c9%99f%c9%99r-ukraynada-saxlanilib\/#breadcrumb","itemListElement":[{"@type":"ListItem","position":1,"name":"Ana s\u0259hif\u0259","item":"https:\/\/www.meydan.tv\/az\/"},{"@type":"ListItem","position":2,"name":"Sosial","item":"https:\/\/www.meydan.tv\/az\/section\/sosial\/"},{"@type":"ListItem","position":3,"name":"B\u0259yl\u0259r Eyyubovun qarda\u015f\u0131 o\u011flunun da ad\u0131n\u0131n ke\u00e7diyi i\u015f \u00fczr\u0259 daha bir n\u0259f\u0259r Ukraynada saxlan\u0131l\u0131b"}]},{"@type":"WebSite","@id":"https:\/\/www.meydan.tv\/az\/#website","url":"https:\/\/www.meydan.tv\/az\/","name":"MEYDAN.TV","description":"Meydan TV Az\u0259rbaycan\u0131n media m\u0259kan\u0131ndak\u0131 alternativ s\u0259sidir","publisher":{"@id":"https:\/\/www.meydan.tv\/az\/#organization"},"potentialAction":[{"@type":"SearchAction","target":{"@type":"EntryPoint","urlTemplate":"https:\/\/www.meydan.tv\/az\/?s={search_term_string}"},"query-input":{"@type":"PropertyValueSpecification","valueRequired":true,"valueName":"search_term_string"}}],"inLanguage":"az"},{"@type":"Organization","@id":"https:\/\/www.meydan.tv\/az\/#organization","name":"Meydan TV","url":"https:\/\/www.meydan.tv\/az\/","logo":{"@type":"ImageObject","inLanguage":"az","@id":"https:\/\/www.meydan.tv\/az\/#\/schema\/logo\/image\/","url":"https:\/\/www.meydan.tv\/wp-content\/uploads\/2021\/07\/meydan-logo.svg","contentUrl":"https:\/\/www.meydan.tv\/wp-content\/uploads\/2021\/07\/meydan-logo.svg","width":195,"height":46,"caption":"Meydan TV"},"image":{"@id":"https:\/\/www.meydan.tv\/az\/#\/schema\/logo\/image\/"}},{"@type":"Person","@id":"https:\/\/www.meydan.tv\/az\/#\/schema\/person\/09863e516102a829e72bedcf3f84c6b0","name":"mahmud"}]}},"_links":{"self":[{"href":"https:\/\/www.meydan.tv\/az\/wp-json\/wp\/v2\/posts\/348824","targetHints":{"allow":["GET"]}}],"collection":[{"href":"https:\/\/www.meydan.tv\/az\/wp-json\/wp\/v2\/posts"}],"about":[{"href":"https:\/\/www.meydan.tv\/az\/wp-json\/wp\/v2\/types\/post"}],"author":[{"embeddable":true,"href":"https:\/\/www.meydan.tv\/az\/wp-json\/wp\/v2\/users\/21"}],"replies":[{"embeddable":true,"href":"https:\/\/www.meydan.tv\/az\/wp-json\/wp\/v2\/comments?post=348824"}],"version-history":[{"count":1,"href":"https:\/\/www.meydan.tv\/az\/wp-json\/wp\/v2\/posts\/348824\/revisions"}],"predecessor-version":[{"id":348825,"href":"https:\/\/www.meydan.tv\/az\/wp-json\/wp\/v2\/posts\/348824\/revisions\/348825"}],"wp:featuredmedia":[{"embeddable":true,"href":"https:\/\/www.meydan.tv\/az\/wp-json\/wp\/v2\/media\/209448"}],"wp:attachment":[{"href":"https:\/\/www.meydan.tv\/az\/wp-json\/wp\/v2\/media?parent=348824"}],"wp:term":[{"taxonomy":"category","embeddable":true,"href":"https:\/\/www.meydan.tv\/az\/wp-json\/wp\/v2\/categories?post=348824"},{"taxonomy":"post_tag","embeddable":true,"href":"https:\/\/www.meydan.tv\/az\/wp-json\/wp\/v2\/tags?post=348824"}],"curies":[{"name":"wp","href":"https:\/\/api.w.org\/{rel}","templated":true}]}}