{"id":348817,"date":"2026-09-03T18:22:28","date_gmt":"2026-09-03T14:22:28","guid":{"rendered":"https:\/\/www.meydan.tv\/?p=348817"},"modified":"2026-09-03T18:22:30","modified_gmt":"2026-09-03T14:22:30","slug":"simali-kiprin-girne-sahilind%c9%99ki-g%c9%99mi-q%c9%99zasina-gor%c9%99-saxlanilanlar-arasinda-az%c9%99rbaycanlilar-da-var","status":"publish","type":"post","link":"https:\/\/www.meydan.tv\/az\/article\/simali-kiprin-girne-sahilind%c9%99ki-g%c9%99mi-q%c9%99zasina-gor%c9%99-saxlanilanlar-arasinda-az%c9%99rbaycanlilar-da-var\/","title":{"rendered":"\u015eimali Kiprin Girne sahilind\u0259ki g\u0259mi q\u0259zas\u0131na g\u00f6r\u0259 saxlan\u0131lanlar aras\u0131nda az\u0259rbaycanl\u0131lar da var"},"content":{"rendered":"\n<p class=\"wp-block-paragraph\">Avqustun 30-da \u015eimali Kiprin Girne sahilind\u0259 ba\u015f vermi\u015f g\u0259mi q\u0259zas\u0131na g\u00f6r\u0259 ba\u015flad\u0131lan istintaq \u00e7\u0259r\u00e7iv\u0259sind\u0259 g\u0259mi kapitan\u0131, ekipaj \u00fczvl\u0259ri v\u0259 liman r\u0259smil\u0259ri d\u0259 daxil olmaqla \u00fcmumilikd\u0259 14 n\u0259f\u0259r saxlan\u0131laraq Girne Q\u0259za M\u0259hk\u0259m\u0259sin\u0259 \u00e7\u0131xar\u0131l\u0131b.&nbsp;<\/p>\n\n\n\n<p class=\"wp-block-paragraph\"><a href=\"https:\/\/www.aa.com.tr\/tr\/gundem\/kktcdeki-yolcu-gemisi-kazasina-iliskin-gozaltina-alinan-14-kisi-girne-kaza-mahkemesine-cikarildi\/4042300?utm_source=chatgpt.com\" target=\"_blank\" rel=\"noreferrer noopener nofollow\">Anadolu Agentliyi<\/a>-nin m\u0259lumat\u0131na g\u00f6r\u0259, \u201cFilo Jet\u201d adl\u0131 y\u00fcks\u0259k s\u00fcr\u0259tli s\u0259rni\u015fin g\u0259misinin batmas\u0131 il\u0259 ba\u011fl\u0131 ba\u015flad\u0131lan istintaq \u00e7\u0259r\u00e7iv\u0259sind\u0259 ke\u00e7iril\u0259n m\u0259hk\u0259m\u0259d\u0259 g\u0259mi kapitan\u0131 v\u0259 8 hey\u0259t \u00fczv\u00fc haqq\u0131nda saxlan\u0131lma m\u00fcdd\u0259ti 3 g\u00fcn art\u0131r\u0131l\u0131b, 5 n\u0259f\u0259r is\u0259 zamin\u0259 burax\u0131l\u0131b.\u00a0<\/p>\n\n\n\n<p class=\"wp-block-paragraph\">Saxlan\u0131lan 14 n\u0259f\u0259r aras\u0131nda Az\u0259rbaycan v\u0259t\u0259nda\u015flar\u0131n\u0131n da oldu\u011fu bildirilir. <a href=\"https:\/\/report.az\/hadise\/orxan-hesenoglu-simali-kiprde-saxlanilan-azerbaycan-vetendaslari-ucun-cinayet-terkibli-materiallar-yoxdur\" target=\"_blank\" rel=\"noreferrer noopener nofollow\">Report<\/a>-un m\u0259lumat\u0131na g\u00f6r\u0259, g\u0259mid\u0259 texniki i\u015f\u00e7i kimi \u00e7al\u0131\u015fan Az\u0259rbaycan v\u0259t\u0259nda\u015flar\u0131 Valeh H\u00fcmb\u0259tov, R\u0259\u015fad \u0130brahimov v\u0259 Q\u0259dir Quliyev d\u0259 istintaqa c\u0259lb edilib.<\/p>\n\n\n\n<p class=\"wp-block-paragraph\">Az\u0259rbaycan-Kipr Dostluq C\u0259miyy\u0259tinin r\u0259hb\u0259ri Orxan H\u0259s\u0259no\u011flu bildirib ki, saxlan\u0131lan Az\u0259rbaycan v\u0259t\u0259nda\u015flar\u0131n\u0131n q\u0259zada h\u0259r hans\u0131 m\u0259suliyy\u0259ti yoxdur:<\/p>\n\n\n\n<p class=\"wp-block-paragraph\"><em>\u201cBizim v\u0259t\u0259nda\u015flar\u0131m\u0131z y\u00fcks\u0259k s\u0259lahiyy\u0259t sahibi deyildil\u0259r ki, bu q\u0259zan\u0131n ba\u015f verm\u0259si v\u0259 ya ba\u015f verm\u0259m\u0259si il\u0259 ba\u011fl\u0131 q\u0259rar q\u0259bul el\u0259sinl\u0259r. M\u0259hk\u0259m\u0259nin ilk haz\u0131rl\u0131q iclas\u0131nda \u00fc\u00e7 g\u00fcnl\u00fck h\u0259bs q\u0259tiimkan t\u0259dbirinin se\u00e7ilm\u0259si onlar\u0131n g\u00fcnahkar olmas\u0131 anlam\u0131na g\u0259lmir\u201d.<\/em><\/p>\n\n\n\n<p class=\"wp-block-paragraph\">H\u0259s\u0259no\u011flu bildirib ki, hadis\u0259 zaman\u0131 onlar batan v\u0259t\u0259nda\u015flara yard\u0131m edibl\u0259r:<\/p>\n\n\n\n<p class=\"wp-block-paragraph\"><em>\u201cBizim v\u0259t\u0259nda\u015flar\u0131m\u0131z bar\u0259sind\u0259 cinay\u0259t t\u0259rkibli materiallar yoxdur. Onlar tamamil\u0259 humanizm prinsipl\u0259ri il\u0259 orada insanlara yard\u0131m\u00e7\u0131 olublar, xilas etm\u0259y\u0259 \u00e7al\u0131\u015f\u0131blar. Onlar g\u0259mini ilk t\u0259rk ed\u0259nl\u0259rd\u0259n olmay\u0131blar. G\u0259minin kapitan\u0131 v\u0259 k\u00f6m\u0259k\u00e7isi g\u0259mini t\u0259rk edib, m\u00fclki \u015f\u0259xsl\u0259rin g\u0259tirdiyi qay\u0131qlara minib uzaqla\u015fd\u0131\u011f\u0131 halda, bizim v\u0259t\u0259nda\u015flar\u0131m\u0131z \u00f6z h\u0259yatlar\u0131n\u0131 risk\u0259 ataraq, insanlara qay\u011f\u0131 g\u00f6st\u0259r\u0259r\u0259k maksimum yard\u0131m etm\u0259y\u0259 \u00e7al\u0131\u015f\u0131blar\u201d.<\/em><\/p>\n\n\n\n<p class=\"wp-block-paragraph\">M\u0259hk\u0259m\u0259 \u0259ld\u0259 olunan d\u0259lill\u0259rin kifay\u0259t etm\u0259m\u0259si s\u0259b\u0259bind\u0259n n\u00f6vb\u0259ti iclas\u0131n tarixini 8 g\u00fcn sonraya t\u0259yin edib.&nbsp;<\/p>\n\n\n\n<p class=\"wp-block-paragraph\">Avqustun 30-da \u015eimali Kiprin Girne sahilind\u0259 g\u0259minin q\u0259zaya u\u011framas\u0131 n\u0259tic\u0259sind\u0259 8 n\u0259f\u0259r \u00f6l\u00fcb, 240 n\u0259f\u0259r xilas edilib. 19 n\u0259f\u0259rin axtar\u0131\u015f-xilasetm\u0259 i\u015fl\u0259ri davam etdirilir.<\/p>\n\n\n\n<p class=\"wp-block-paragraph\"><\/p>\n","protected":false},"excerpt":{"rendered":"<p>Avqustun 30-da \u015eimali Kiprin Girne sahilind\u0259 ba\u015f vermi\u015f g\u0259mi q\u0259zas\u0131na &#8230; <\/p>\n<p class=\"read-more-container\"><a title=\"\u015eimali Kiprin Girne sahilind\u0259ki g\u0259mi q\u0259zas\u0131na g\u00f6r\u0259 saxlan\u0131lanlar aras\u0131nda az\u0259rbaycanl\u0131lar da var\" class=\"read-more button\" href=\"https:\/\/www.meydan.tv\/az\/article\/simali-kiprin-girne-sahilind%c9%99ki-g%c9%99mi-q%c9%99zasina-gor%c9%99-saxlanilanlar-arasinda-az%c9%99rbaycanlilar-da-var\/#more-348817\" aria-label=\"Read more about \u015eimali Kiprin Girne sahilind\u0259ki g\u0259mi q\u0259zas\u0131na g\u00f6r\u0259 saxlan\u0131lanlar aras\u0131nda az\u0259rbaycanl\u0131lar da var\">Davam\u0131<\/a><\/p>\n","protected":false},"author":21,"featured_media":348818,"comment_status":"closed","ping_status":"closed","sticky":false,"template":"","format":"standard","meta":{"_acf_changed":false,"_sitemap_exclude":false,"_sitemap_priority":"","_sitemap_frequency":"","footnotes":""},"categories":[62,79,56],"tags":[],"class_list":["post-348817","post","type-post","status-publish","format-standard","has-post-thumbnail","hentry","category-sosial","category-featured","category-xeberler","infinite-scroll-item","generate-columns","tablet-grid-50","mobile-grid-100","grid-parent","grid-33","no-featured-image-padding"],"acf":[],"yoast_head":"<!-- This site is optimized with the Yoast SEO plugin v28.4 - https:\/\/yoast.com\/product\/yoast-seo-wordpress\/ -->\n<title>\u015eimali Kiprin Girne sahilind\u0259ki g\u0259mi q\u0259zas\u0131na g\u00f6r\u0259 saxlan\u0131lanlar aras\u0131nda az\u0259rbaycanl\u0131lar da var - MEYDAN.TV<\/title>\n<meta name=\"robots\" content=\"index, follow, max-snippet:-1, max-image-preview:large, max-video-preview:-1\" \/>\n<link rel=\"canonical\" href=\"https:\/\/www.meydan.tv\/az\/article\/simali-kiprin-girne-sahilind%c9%99ki-g%c9%99mi-q%c9%99zasina-gor%c9%99-saxlanilanlar-arasinda-az%c9%99rbaycanlilar-da-var\/\" \/>\n<meta property=\"og:locale\" content=\"az_AZ\" \/>\n<meta property=\"og:type\" content=\"article\" \/>\n<meta property=\"og:title\" content=\"\u015eimali Kiprin Girne sahilind\u0259ki g\u0259mi q\u0259zas\u0131na g\u00f6r\u0259 saxlan\u0131lanlar aras\u0131nda az\u0259rbaycanl\u0131lar da var - MEYDAN.TV\" \/>\n<meta property=\"og:description\" content=\"Avqustun 30-da \u015eimali Kiprin Girne sahilind\u0259 ba\u015f vermi\u015f g\u0259mi q\u0259zas\u0131na ... Davam\u0131\" \/>\n<meta property=\"og:url\" content=\"https:\/\/www.meydan.tv\/az\/article\/simali-kiprin-girne-sahilind%c9%99ki-g%c9%99mi-q%c9%99zasina-gor%c9%99-saxlanilanlar-arasinda-az%c9%99rbaycanlilar-da-var\/\" \/>\n<meta property=\"og:site_name\" content=\"MEYDAN.TV\" \/>\n<meta property=\"article:published_time\" content=\"2026-09-03T14:22:28+00:00\" \/>\n<meta property=\"article:modified_time\" content=\"2026-09-03T14:22:30+00:00\" \/>\n<meta property=\"og:image\" content=\"https:\/\/www.meydan.tv\/wp-content\/uploads\/thumbs_b_c_6cc991d3e8cd3f2af10e681417027831.webp\" \/>\n\t<meta property=\"og:image:width\" content=\"864\" \/>\n\t<meta property=\"og:image:height\" content=\"486\" \/>\n\t<meta property=\"og:image:type\" content=\"image\/webp\" \/>\n<meta name=\"twitter:card\" content=\"summary_large_image\" \/>\n<!-- \/ Yoast SEO plugin. -->","yoast_head_json":{"title":"\u015eimali Kiprin Girne sahilind\u0259ki g\u0259mi q\u0259zas\u0131na g\u00f6r\u0259 saxlan\u0131lanlar aras\u0131nda az\u0259rbaycanl\u0131lar da var - MEYDAN.TV","robots":{"index":"index","follow":"follow","max-snippet":"max-snippet:-1","max-image-preview":"max-image-preview:large","max-video-preview":"max-video-preview:-1"},"canonical":"https:\/\/www.meydan.tv\/az\/article\/simali-kiprin-girne-sahilind%c9%99ki-g%c9%99mi-q%c9%99zasina-gor%c9%99-saxlanilanlar-arasinda-az%c9%99rbaycanlilar-da-var\/","og_locale":"az_AZ","og_type":"article","og_title":"\u015eimali Kiprin Girne sahilind\u0259ki g\u0259mi q\u0259zas\u0131na g\u00f6r\u0259 saxlan\u0131lanlar aras\u0131nda az\u0259rbaycanl\u0131lar da var - MEYDAN.TV","og_description":"Avqustun 30-da \u015eimali Kiprin Girne sahilind\u0259 ba\u015f vermi\u015f g\u0259mi q\u0259zas\u0131na ... Davam\u0131","og_url":"https:\/\/www.meydan.tv\/az\/article\/simali-kiprin-girne-sahilind%c9%99ki-g%c9%99mi-q%c9%99zasina-gor%c9%99-saxlanilanlar-arasinda-az%c9%99rbaycanlilar-da-var\/","og_site_name":"MEYDAN.TV","article_published_time":"2026-09-03T14:22:28+00:00","article_modified_time":"2026-09-03T14:22:30+00:00","og_image":[{"width":864,"height":486,"url":"https:\/\/www.meydan.tv\/wp-content\/uploads\/thumbs_b_c_6cc991d3e8cd3f2af10e681417027831.webp","type":"image\/webp"}],"twitter_card":"summary_large_image","schema":{"@context":"https:\/\/schema.org","@graph":[{"@type":"Article","@id":"https:\/\/www.meydan.tv\/az\/article\/simali-kiprin-girne-sahilind%c9%99ki-g%c9%99mi-q%c9%99zasina-gor%c9%99-saxlanilanlar-arasinda-az%c9%99rbaycanlilar-da-var\/#article","isPartOf":{"@id":"https:\/\/www.meydan.tv\/az\/article\/simali-kiprin-girne-sahilind%c9%99ki-g%c9%99mi-q%c9%99zasina-gor%c9%99-saxlanilanlar-arasinda-az%c9%99rbaycanlilar-da-var\/"},"author":{"name":"mahmud","@id":"https:\/\/www.meydan.tv\/az\/#\/schema\/person\/09863e516102a829e72bedcf3f84c6b0"},"headline":"\u015eimali Kiprin Girne sahilind\u0259ki g\u0259mi q\u0259zas\u0131na g\u00f6r\u0259 saxlan\u0131lanlar aras\u0131nda az\u0259rbaycanl\u0131lar da var","datePublished":"2026-09-03T14:22:28+00:00","dateModified":"2026-09-03T14:22:30+00:00","mainEntityOfPage":{"@id":"https:\/\/www.meydan.tv\/az\/article\/simali-kiprin-girne-sahilind%c9%99ki-g%c9%99mi-q%c9%99zasina-gor%c9%99-saxlanilanlar-arasinda-az%c9%99rbaycanlilar-da-var\/"},"wordCount":480,"publisher":{"@id":"https:\/\/www.meydan.tv\/az\/#organization"},"image":{"@id":"https:\/\/www.meydan.tv\/az\/article\/simali-kiprin-girne-sahilind%c9%99ki-g%c9%99mi-q%c9%99zasina-gor%c9%99-saxlanilanlar-arasinda-az%c9%99rbaycanlilar-da-var\/#primaryimage"},"thumbnailUrl":"https:\/\/www.meydan.tv\/wp-content\/uploads\/thumbs_b_c_6cc991d3e8cd3f2af10e681417027831.webp","articleSection":["Sosial","T\u00f6vsiy\u0259","X\u0259b\u0259rl\u0259r"],"inLanguage":"az"},{"@type":"WebPage","@id":"https:\/\/www.meydan.tv\/az\/article\/simali-kiprin-girne-sahilind%c9%99ki-g%c9%99mi-q%c9%99zasina-gor%c9%99-saxlanilanlar-arasinda-az%c9%99rbaycanlilar-da-var\/","url":"https:\/\/www.meydan.tv\/az\/article\/simali-kiprin-girne-sahilind%c9%99ki-g%c9%99mi-q%c9%99zasina-gor%c9%99-saxlanilanlar-arasinda-az%c9%99rbaycanlilar-da-var\/","name":"\u015eimali Kiprin Girne sahilind\u0259ki g\u0259mi q\u0259zas\u0131na g\u00f6r\u0259 saxlan\u0131lanlar aras\u0131nda az\u0259rbaycanl\u0131lar da var - MEYDAN.TV","isPartOf":{"@id":"https:\/\/www.meydan.tv\/az\/#website"},"primaryImageOfPage":{"@id":"https:\/\/www.meydan.tv\/az\/article\/simali-kiprin-girne-sahilind%c9%99ki-g%c9%99mi-q%c9%99zasina-gor%c9%99-saxlanilanlar-arasinda-az%c9%99rbaycanlilar-da-var\/#primaryimage"},"image":{"@id":"https:\/\/www.meydan.tv\/az\/article\/simali-kiprin-girne-sahilind%c9%99ki-g%c9%99mi-q%c9%99zasina-gor%c9%99-saxlanilanlar-arasinda-az%c9%99rbaycanlilar-da-var\/#primaryimage"},"thumbnailUrl":"https:\/\/www.meydan.tv\/wp-content\/uploads\/thumbs_b_c_6cc991d3e8cd3f2af10e681417027831.webp","datePublished":"2026-09-03T14:22:28+00:00","dateModified":"2026-09-03T14:22:30+00:00","breadcrumb":{"@id":"https:\/\/www.meydan.tv\/az\/article\/simali-kiprin-girne-sahilind%c9%99ki-g%c9%99mi-q%c9%99zasina-gor%c9%99-saxlanilanlar-arasinda-az%c9%99rbaycanlilar-da-var\/#breadcrumb"},"inLanguage":"az","potentialAction":[{"@type":"ReadAction","target":["https:\/\/www.meydan.tv\/az\/article\/simali-kiprin-girne-sahilind%c9%99ki-g%c9%99mi-q%c9%99zasina-gor%c9%99-saxlanilanlar-arasinda-az%c9%99rbaycanlilar-da-var\/"]}]},{"@type":"ImageObject","inLanguage":"az","@id":"https:\/\/www.meydan.tv\/az\/article\/simali-kiprin-girne-sahilind%c9%99ki-g%c9%99mi-q%c9%99zasina-gor%c9%99-saxlanilanlar-arasinda-az%c9%99rbaycanlilar-da-var\/#primaryimage","url":"https:\/\/www.meydan.tv\/wp-content\/uploads\/thumbs_b_c_6cc991d3e8cd3f2af10e681417027831.webp","contentUrl":"https:\/\/www.meydan.tv\/wp-content\/uploads\/thumbs_b_c_6cc991d3e8cd3f2af10e681417027831.webp","width":864,"height":486,"caption":"Foto: Harun \u00d6zalp \/ Anadolu Agentliyi"},{"@type":"BreadcrumbList","@id":"https:\/\/www.meydan.tv\/az\/article\/simali-kiprin-girne-sahilind%c9%99ki-g%c9%99mi-q%c9%99zasina-gor%c9%99-saxlanilanlar-arasinda-az%c9%99rbaycanlilar-da-var\/#breadcrumb","itemListElement":[{"@type":"ListItem","position":1,"name":"Ana s\u0259hif\u0259","item":"https:\/\/www.meydan.tv\/az\/"},{"@type":"ListItem","position":2,"name":"Sosial","item":"https:\/\/www.meydan.tv\/az\/section\/sosial\/"},{"@type":"ListItem","position":3,"name":"\u015eimali Kiprin Girne sahilind\u0259ki g\u0259mi q\u0259zas\u0131na g\u00f6r\u0259 saxlan\u0131lanlar aras\u0131nda az\u0259rbaycanl\u0131lar da var"}]},{"@type":"WebSite","@id":"https:\/\/www.meydan.tv\/az\/#website","url":"https:\/\/www.meydan.tv\/az\/","name":"MEYDAN.TV","description":"Meydan TV Az\u0259rbaycan\u0131n media m\u0259kan\u0131ndak\u0131 alternativ s\u0259sidir","publisher":{"@id":"https:\/\/www.meydan.tv\/az\/#organization"},"potentialAction":[{"@type":"SearchAction","target":{"@type":"EntryPoint","urlTemplate":"https:\/\/www.meydan.tv\/az\/?s={search_term_string}"},"query-input":{"@type":"PropertyValueSpecification","valueRequired":true,"valueName":"search_term_string"}}],"inLanguage":"az"},{"@type":"Organization","@id":"https:\/\/www.meydan.tv\/az\/#organization","name":"Meydan TV","url":"https:\/\/www.meydan.tv\/az\/","logo":{"@type":"ImageObject","inLanguage":"az","@id":"https:\/\/www.meydan.tv\/az\/#\/schema\/logo\/image\/","url":"https:\/\/www.meydan.tv\/wp-content\/uploads\/2021\/07\/meydan-logo.svg","contentUrl":"https:\/\/www.meydan.tv\/wp-content\/uploads\/2021\/07\/meydan-logo.svg","width":195,"height":46,"caption":"Meydan TV"},"image":{"@id":"https:\/\/www.meydan.tv\/az\/#\/schema\/logo\/image\/"}},{"@type":"Person","@id":"https:\/\/www.meydan.tv\/az\/#\/schema\/person\/09863e516102a829e72bedcf3f84c6b0","name":"mahmud"}]}},"_links":{"self":[{"href":"https:\/\/www.meydan.tv\/az\/wp-json\/wp\/v2\/posts\/348817","targetHints":{"allow":["GET"]}}],"collection":[{"href":"https:\/\/www.meydan.tv\/az\/wp-json\/wp\/v2\/posts"}],"about":[{"href":"https:\/\/www.meydan.tv\/az\/wp-json\/wp\/v2\/types\/post"}],"author":[{"embeddable":true,"href":"https:\/\/www.meydan.tv\/az\/wp-json\/wp\/v2\/users\/21"}],"replies":[{"embeddable":true,"href":"https:\/\/www.meydan.tv\/az\/wp-json\/wp\/v2\/comments?post=348817"}],"version-history":[{"count":1,"href":"https:\/\/www.meydan.tv\/az\/wp-json\/wp\/v2\/posts\/348817\/revisions"}],"predecessor-version":[{"id":348821,"href":"https:\/\/www.meydan.tv\/az\/wp-json\/wp\/v2\/posts\/348817\/revisions\/348821"}],"wp:featuredmedia":[{"embeddable":true,"href":"https:\/\/www.meydan.tv\/az\/wp-json\/wp\/v2\/media\/348818"}],"wp:attachment":[{"href":"https:\/\/www.meydan.tv\/az\/wp-json\/wp\/v2\/media?parent=348817"}],"wp:term":[{"taxonomy":"category","embeddable":true,"href":"https:\/\/www.meydan.tv\/az\/wp-json\/wp\/v2\/categories?post=348817"},{"taxonomy":"post_tag","embeddable":true,"href":"https:\/\/www.meydan.tv\/az\/wp-json\/wp\/v2\/tags?post=348817"}],"curies":[{"name":"wp","href":"https:\/\/api.w.org\/{rel}","templated":true}]}}