{"id":348799,"date":"2026-09-03T18:25:42","date_gmt":"2026-09-03T14:25:42","guid":{"rendered":"https:\/\/www.meydan.tv\/?p=348799"},"modified":"2026-09-03T18:25:45","modified_gmt":"2026-09-03T14:25:45","slug":"az%c9%99rbaycanda-yardim-alanlar-da-od%c9%99nis-d%c9%99-azalir-yoxsulluq-azalir-yoxsa-azt%c9%99minatlilar-sistemd%c9%99n-k%c9%99narda-qalir","status":"publish","type":"post","link":"https:\/\/www.meydan.tv\/az\/article\/az%c9%99rbaycanda-yardim-alanlar-da-od%c9%99nis-d%c9%99-azalir-yoxsulluq-azalir-yoxsa-azt%c9%99minatlilar-sistemd%c9%99n-k%c9%99narda-qalir\/","title":{"rendered":"Az\u0259rbaycanda yard\u0131m alanlar da, \u00f6d\u0259ni\u015f d\u0259 azal\u0131r: yoxsulluq azal\u0131r, yoxsa azt\u0259minatl\u0131lar sistemd\u0259n k\u0259narda qal\u0131r?"},"content":{"rendered":"\n<p class=\"wp-block-paragraph\"><a href=\"https:\/\/jam-news.net\/az\/az%c9%99rbaycanda-unvanli-sosial-yardim\/\" data-type=\"link\" data-id=\"https:\/\/jam-news.net\/az\/az%c9%99rbaycanda-unvanli-sosial-yardim\/\" target=\"_blank\" rel=\"noreferrer noopener nofollow\">JAMnews<\/a>-un material\u0131<\/p>\n\n\n\n<p class=\"wp-block-paragraph\">Az\u0259rbaycanda&nbsp;azt\u0259minatl\u0131 ail\u0259l\u0259ri m\u00fc\u0259yy\u0259nl\u0259\u015fdir\u0259n g\u0259lir h\u0259ddi art\u0131r\u0131l\u0131b. M\u0259ntiq\u0259n bu d\u0259yi\u015fiklik yard\u0131m almaq h\u00fcququ qazananlar\u0131n v\u0259 \u00f6d\u0259nil\u0259n m\u0259bl\u0259\u011fin artmas\u0131na s\u0259b\u0259b ola bil\u0259rdi. R\u0259smi statistika is\u0259 \u0259ks m\u0259nz\u0259r\u0259ni g\u00f6st\u0259rir: h\u0259m \u00fcnvanl\u0131 d\u00f6vl\u0259t sosial yard\u0131m\u0131 alan ail\u0259l\u0259rin say\u0131, h\u0259m d\u0259 adamba\u015f\u0131na d\u00fc\u015f\u0259n \u00f6d\u0259ni\u015f azal\u0131b.<\/p>\n\n\n\n<p class=\"wp-block-paragraph\"><a href=\"https:\/\/www.stat.gov.az\/news\/index.php?id=6891&amp;lang=en\" target=\"_blank\" rel=\"noreferrer noopener nofollow\">D\u00f6vl\u0259t Statistika Komit\u0259sinin m\u0259lumat\u0131na g\u00f6r\u0259<\/a>, iyulun 1-d\u0259 78,9 min ail\u0259nin 349,3 min \u00fczv\u00fc \u00fcnvanl\u0131 sosial yard\u0131m al\u0131b. Bir il \u0259vv\u0259l sistem 80,3 min ail\u0259nin 353,3 min \u00fczv\u00fcn\u00fc \u0259hat\u0259 edib. Bel\u0259likl\u0259, bir ild\u0259 yard\u0131m alan ail\u0259l\u0259rin say\u0131 1400, insanlar\u0131n say\u0131 is\u0259 4 min n\u0259f\u0259r azal\u0131b.<\/p>\n\n\n\n<p class=\"wp-block-paragraph\">Azalma uzunm\u00fcdd\u0259tli m\u00fcqayis\u0259d\u0259 daha b\u00f6y\u00fckd\u00fcr.\u00a0<a href=\"https:\/\/www.azadliq.org\/a\/unvanli-sosial-yardim-alanlar-azalir\/33842401.html\" target=\"_blank\" rel=\"noreferrer noopener nofollow\">2017-ci ilin ortas\u0131nda<\/a>\u00a0498,4 min n\u0259f\u0259r bu yard\u0131m\u0131 al\u0131rd\u0131. Doqquz ild\u0259 onlar\u0131n say\u0131 149,1 min n\u0259f\u0259r v\u0259 ya t\u0259xmin\u0259n 30 faiz azal\u0131b. Eyni d\u00f6vrd\u0259 \u00f6lk\u0259 \u0259halisi is\u0259 art\u0131b.<\/p>\n\n\n\n<p class=\"wp-block-paragraph\">R\u0259q\u0259ml\u0259r m\u00fch\u00fcm bir sual\u0131 ortaya \u00e7\u0131xar\u0131r: yoxsul ail\u0259l\u0259rin g\u0259liri artaraq onlar\u0131 sosial yard\u0131m ehtiyac\u0131ndan \u00e7\u0131xar\u0131b, yoxsa yard\u0131m sistemi ehtiyac\u0131 olanlar\u0131n bir hiss\u0259sini art\u0131q \u0259hat\u0259 etmir?<\/p>\n\n\n\n<h4 class=\"wp-block-heading\"><strong>G\u0259lir h\u0259ddi art\u0131r\u0131l\u0131b, yard\u0131m is\u0259 azal\u0131b<\/strong><\/h4>\n\n\n\n<p class=\"wp-block-paragraph\">\u00dcnvanl\u0131 yard\u0131m sabit m\u0259bl\u0259\u011f deyil. Ail\u0259nin b\u00fct\u00fcn \u00fczvl\u0259ri \u00fc\u00e7\u00fcn m\u00fc\u0259yy\u0259n edilmi\u015f ehtiyac meyar\u0131n\u0131n c\u0259mi il\u0259 ail\u0259nin hesablanan orta ayl\u0131q g\u0259liri aras\u0131ndak\u0131 f\u0259rq \u00f6d\u0259nilir. Hesablamada ail\u0259nin son 12 aydak\u0131 g\u0259lirl\u0259ri \u0259sas g\u00f6t\u00fcr\u00fcl\u00fcr.<\/p>\n\n\n\n<p class=\"wp-block-paragraph\"><a href=\"https:\/\/e-qanun.az\/framework\/58576\" target=\"_blank\" rel=\"noreferrer noopener nofollow\">2025-ci ild\u0259<\/a>\u00a0adamba\u015f\u0131na ehtiyac meyar\u0131 285 manat idi.\u00a0<a href=\"https:\/\/e-qanun.az\/framework\/61110\" target=\"_blank\" rel=\"noreferrer noopener nofollow\">2026-c\u0131 ild\u0259 bu h\u0259dd 300 manata qald\u0131r\u0131l\u0131b<\/a>\u00a0\u2013 art\u0131m 5,3 faizdir. Buna baxmayaraq, yard\u0131m\u0131n bir n\u0259f\u0259r\u0259 d\u00fc\u015f\u0259n orta m\u0259bl\u0259\u011fi 100,37 manatdan 97,94 manata enib. Nominal azalma 2,43 manat v\u0259 ya 2,4 faizdir.<\/p>\n\n\n\n<p class=\"wp-block-paragraph\">Hesablama qaydas\u0131n\u0131 orta g\u00f6st\u0259ricil\u0259r\u0259 t\u0259tbiq etdikd\u0259, sistemin yard\u0131m alanlar\u0131n adamba\u015f\u0131na ayl\u0131q g\u0259lirini 2025-ci ild\u0259 184,63 manat, 2026-c\u0131 ild\u0259 is\u0259 202,06 manat hesablad\u0131\u011f\u0131 g\u00f6r\u00fcn\u00fcr. Bu, 9,4 faizlik nominal art\u0131md\u0131r. Yard\u0131m m\u0259bl\u0259\u011finin azalmas\u0131n\u0131n riyazi izah\u0131 budur: sistem ail\u0259l\u0259rin g\u0259lirinin ehtiyac meyar\u0131ndan daha s\u00fcr\u0259tl\u0259 artd\u0131\u011f\u0131n\u0131 hesablay\u0131b.<\/p>\n\n\n\n<p class=\"wp-block-paragraph\">Amma bu r\u0259q\u0259m yoxsul ail\u0259l\u0259rin ham\u0131s\u0131n\u0131n rifah\u0131n\u0131n yax\u015f\u0131la\u015fd\u0131\u011f\u0131n\u0131 s\u00fcbut etmir. 2026-c\u0131 ilin ortas\u0131nda siyah\u0131da qalan ail\u0259l\u0259rin orta g\u00f6st\u0259ricisi bir il \u0259vv\u0259lki siyah\u0131 il\u0259 m\u00fcqayis\u0259 olunur. Yard\u0131m\u0131 dayand\u0131r\u0131lan v\u0259 ya m\u00fcraci\u0259ti q\u0259bul edilm\u0259y\u0259n ail\u0259l\u0259r yeni ortalamada g\u00f6r\u00fcnm\u00fcr.<\/p>\n\n\n\n<p class=\"wp-block-paragraph\">R\u0259smi r\u0259q\u0259ml\u0259r \u0259sas\u0131nda hesablamam\u0131za g\u00f6r\u0259, yard\u0131m alanlara ayl\u0131q \u00f6d\u0259ni\u015fin \u00fcmumi m\u0259bl\u0259\u011fi t\u0259xmin\u0259n 35,46 milyon manatdan 34,21 milyon manata d\u00fc\u015f\u00fcb. Y\u0259ni d\u00f6vl\u0259tin bu qrup \u00fczr\u0259 ayl\u0131q \u00f6d\u0259ni\u015fi nominal ifad\u0259d\u0259 d\u0259 t\u0259xmin\u0259n 1,25 milyon manat v\u0259 ya 3,5 faiz azal\u0131b.<\/p>\n\n\n\n<h4 class=\"wp-block-heading\"><strong>Yard\u0131m\u0131n al\u0131c\u0131l\u0131q qabiliyy\u0259ti daha \u00e7ox azal\u0131b<\/strong><\/h4>\n\n\n\n<p class=\"wp-block-paragraph\"><a href=\"https:\/\/www.stat.gov.az\/news\/index.php?id=6834&amp;lang=az\" target=\"_blank\" rel=\"noreferrer noopener nofollow\">2026-c\u0131 ilin iyulundak\u0131 r\u0259q\u0259ml\u0259r\u0259 g\u00f6r\u0259, illik inflyasiya 5,8 faiz<\/a>, \u0259rzaq inflyasiyas\u0131 is\u0259 7,3 faiz olub. Qiym\u0259t art\u0131m\u0131 n\u0259z\u0259r\u0259 al\u0131nd\u0131qda 97,94 manatl\u0131q yard\u0131m\u0131n al\u0131c\u0131l\u0131q qabiliyy\u0259ti \u00f6t\u0259n ilki 100,37 manatla m\u00fcqayis\u0259d\u0259 t\u0259xmin\u0259n 7,8 faiz azal\u0131b. Yaln\u0131z \u0259rzaq bahala\u015fmas\u0131 il\u0259 m\u00fcqayis\u0259d\u0259 itki 9 faiz\u0259 yax\u0131nla\u015f\u0131r.<\/p>\n\n\n\n<p class=\"wp-block-paragraph\">Yard\u0131mdan sonra ail\u0259nin hesablanan adamba\u015f\u0131na g\u0259liri ehtiyac meyar\u0131na \u2013 300 manata \u00e7atd\u0131r\u0131l\u0131r. Ancaq 300 manat \u00f6t\u0259n ilki 285 manatdan 5,3 faiz \u00e7oxdur. Bu art\u0131m da \u00fcmumi inflyasiyadan, x\u00fcsus\u0259n \u0259rza\u011f\u0131n bahala\u015fmas\u0131ndan geri qal\u0131r. Dem\u0259li, sistemd\u0259 qalan ail\u0259l\u0259rin ka\u011f\u0131z \u00fcz\u0259rind\u0259 t\u0259min edil\u0259n minimum g\u0259liri d\u0259 real ifad\u0259d\u0259 artmay\u0131b.<\/p>\n\n\n\n<h4 class=\"wp-block-heading\"><strong>Yard\u0131m alanlar\u0131n say\u0131 yoxsullar\u0131n say\u0131 deyil<\/strong><\/h4>\n\n\n\n<p class=\"wp-block-paragraph\">D\u00f6vl\u0259t Statistika Komit\u0259sinin\u00a0<a href=\"https:\/\/www.stat.gov.az\/menu\/6\/statistical_yearbooks\/source\/azfact_figures_2026.pdf\" target=\"_blank\" rel=\"noreferrer noopener nofollow\">2025-ci il \u00fczr\u0259 yekun g\u00f6st\u0259ricil\u0259rind\u0259<\/a>\u00a0faktiki yoxsulluq h\u0259ddi 286 manat, yoxsulluq s\u0259viyy\u0259si is\u0259 5,2 faiz g\u00f6st\u0259rilir. 10,26 milyon n\u0259f\u0259rlik \u0259hali \u00fczr\u0259 bu, t\u0259xmin\u0259n 534 min insan dem\u0259kdir.<\/p>\n\n\n\n<p class=\"wp-block-paragraph\">H\u0259min ilin sonunda \u00fcnvanl\u0131 sosial yard\u0131m alanlar\u0131n say\u0131 336 min n\u0259f\u0259r olub \u2013 \u0259halinin t\u0259xmin\u0259n 3,3 faizi. G\u00f6st\u0259ricil\u0259rin hesablanma \u00fcsulu v\u0259 istinad tarixl\u0259ri f\u0259rqlidir, buna g\u00f6r\u0259 onlar\u0131 tam eynil\u0259\u015fdirm\u0259k olmaz. Bununla bel\u0259, aradak\u0131 t\u0259xmin\u0259n 198 min n\u0259f\u0259rlik f\u0259rq bir \u015feyi ayd\u0131n g\u00f6st\u0259rir: yard\u0131m alanlar\u0131n say\u0131n\u0131 \u00f6lk\u0259d\u0259ki yoxsullar\u0131n say\u0131 kimi t\u0259qdim etm\u0259k olmaz.<\/p>\n\n\n\n<p class=\"wp-block-paragraph\">\u00dcst\u0259lik, g\u0259lirin 300 manatdan az olmas\u0131 yard\u0131m\u0131 almaq \u00fc\u00e7\u00fcn t\u0259kba\u015f\u0131na kifay\u0259t etmir. Qaydalar bu g\u0259lirin ail\u0259d\u0259n as\u0131l\u0131 olmayan s\u0259b\u0259bl\u0259r\u0259 g\u00f6r\u0259 a\u015fa\u011f\u0131 olmas\u0131n\u0131 t\u0259l\u0259b edir.\u00a0<a href=\"https:\/\/sosial.gov.az\/az\/unvanli-dovlet-sosial-yardimi\/unvanli-dovlet-sosial-yardimi\" target=\"_blank\" rel=\"noreferrer noopener nofollow\">R\u0259smi meyarlara g\u00f6r\u0259<\/a>, ail\u0259nin m\u00fclkiyy\u0259tind\u0259 v\u0259 ya istifad\u0259sind\u0259 avtomobil varsa, m\u00fcxt\u0259lif \u00fcnvanlarda iki eyni t\u0259yinatl\u0131 da\u015f\u0131nmaz \u0259mlak\u0131 varsa, son 12 ayda ya\u015fay\u0131\u015f minimumunun 12 mislind\u0259n \u00e7ox alq\u0131-satq\u0131 edibs\u0259 v\u0259 ya \u0259m\u0259k qabiliyy\u0259tli \u00fczv t\u0259klif olunan iki m\u00fcnasib i\u015fd\u0259n imtina edibs\u0259, yard\u0131m verilm\u0259y\u0259 bil\u0259r.<\/p>\n\n\n\n<p class=\"wp-block-paragraph\"><a href=\"https:\/\/meclis.gov.az\/news-layihe.php?id=2545&amp;lang=az&amp;par=0\" target=\"_blank\" rel=\"noreferrer noopener nofollow\">2026-c\u0131 ilin ya\u015fay\u0131\u015f minimumu<\/a>\u00a0il\u0259 alq\u0131-satq\u0131 h\u0259ddi 3600 manatd\u0131r. Adamba\u015f\u0131na kommunal v\u0259 rabit\u0259 x\u0259rcl\u0259ri ayda 45 manata \u00e7atd\u0131qda da m\u00fcraci\u0259td\u0259n imtina edilir. D\u00f6rd n\u0259f\u0259rlik ail\u0259 \u00fc\u00e7\u00fcn bu, \u00fcmumilikd\u0259 180 manat dem\u0259kdir. Yax\u0131nlar\u0131n verdiyi pul v\u0259 h\u0259diyy\u0259l\u0259r, el\u0259c\u0259 d\u0259 \u015f\u0259xsi t\u0259s\u0259rr\u00fcfatdan \u0259ld\u0259 edilm\u0259si m\u00fcmk\u00fcn say\u0131lan g\u0259lir d\u0259 ail\u0259nin g\u0259lirin\u0259 daxil edilir.<\/p>\n\n\n\n<p class=\"wp-block-paragraph\">Bu meyarlar gizl\u0259dil\u0259n g\u0259lir v\u0259 \u0259mlak\u0131 m\u00fc\u0259yy\u0259nl\u0259\u015fdirm\u0259k m\u0259qs\u0259di da\u015f\u0131ya bil\u0259r. Ancaq k\u00f6hn\u0259 avtomobili olan, kommunal x\u0259rcl\u0259ri y\u00fcks\u0259k \u00e7\u0131xan v\u0259 ya qohum d\u0259st\u0259yi il\u0259 ayaqda qalan na\u011fd g\u0259liri az ail\u0259 d\u0259 eyni qaydalarla sistemd\u0259n k\u0259narda qala bil\u0259r.<\/p>\n\n\n\n<h4 class=\"wp-block-heading\"><strong>Pensiya\u00e7\u0131lar azal\u0131r, ya\u015fa g\u00f6r\u0259 m\u00fcavin\u0259t alanlar art\u0131r<\/strong><\/h4>\n\n\n\n<p class=\"wp-block-paragraph\">Sosial t\u0259minat\u0131n ba\u015fqa bir g\u00f6st\u0259ricisind\u0259 d\u0259 ox\u015far sual yaran\u0131r. 2025-ci il iyulun 1-d\u0259 \u00f6lk\u0259d\u0259 1 milyon 103,3 min pensiya\u00e7\u0131 vard\u0131sa, bir il sonra onlar\u0131n say\u0131 1 milyon 100 min n\u0259f\u0259r\u0259 enib. Orta pensiya 10,5 faiz artaraq 594,4 manata \u00e7atsa da, pensiya\u00e7\u0131lar\u0131n say\u0131 3300 n\u0259f\u0259r azal\u0131b.<\/p>\n\n\n\n<p class=\"wp-block-paragraph\">Eyni zamanda \u0259m\u0259k pensiyas\u0131 h\u00fcququ olmayan v\u0259\u00a0<a href=\"https:\/\/sosial.gov.az\/az\/ayliq-muavinetler\/yasa-gore-muavinet\" target=\"_blank\" rel=\"noreferrer noopener nofollow\">220 manat ya\u015fa g\u00f6r\u0259 m\u00fcavin\u0259t<\/a>\u00a0alanlar\u0131n say\u0131\u00a0<a href=\"https:\/\/anews.az\/en\/ekonomika\/523313\/number-of-minimum-pension-recipients-in-azerbaijan-drops-63nbsp\/\" target=\"_blank\" rel=\"noreferrer noopener nofollow\">166,2 mind\u0259n 177,5 min n\u0259f\u0259r\u0259 y\u00fcks\u0259lib<\/a>. Bu iki qrupdak\u0131 d\u0259yi\u015fiklikl\u0259rin eyni \u015f\u0259xsl\u0259rl\u0259 ba\u011fl\u0131 oldu\u011funu dem\u0259k m\u00fcmk\u00fcn deyil. Lakin ya\u015fl\u0131 \u0259hali artd\u0131\u011f\u0131 halda pensiya\u00e7\u0131lar\u0131n azalmas\u0131 v\u0259 daha a\u015fa\u011f\u0131 m\u0259bl\u0259\u011fli m\u00fcavin\u0259t alanlar\u0131n \u00e7oxalmas\u0131 \u0259m\u0259k pensiyas\u0131na \u00e7\u0131x\u0131\u015f imkanlar\u0131 bar\u0259d\u0259 ayr\u0131ca izah t\u0259l\u0259b edir.<\/p>\n\n\n\n<h4 class=\"wp-block-heading\"><strong>H\u00f6kum\u0259tin a\u00e7\u0131qlamal\u0131 oldu\u011fu r\u0259q\u0259ml\u0259r<\/strong><\/h4>\n\n\n\n<p class=\"wp-block-paragraph\">Yard\u0131m alanlar\u0131n azalmas\u0131n\u0131n yoxsullu\u011fun azalmas\u0131 kimi qiym\u0259tl\u0259ndirilm\u0259si \u00fc\u00e7\u00fcn t\u0259kc\u0259 yekun say kifay\u0259t etmir. \u018fm\u0259k v\u0259 \u018fhalinin Sosial M\u00fcdafi\u0259si Nazirliyi son bir ild\u0259 ne\u00e7\u0259 ail\u0259nin sistem\u0259 daxil oldu\u011funu, ne\u00e7\u0259sinin yard\u0131mdan \u00e7\u0131xar\u0131ld\u0131\u011f\u0131n\u0131, ne\u00e7\u0259 m\u00fcraci\u0259t\u0259 imtina verildiyini v\u0259 q\u0259rarlar\u0131n hans\u0131 s\u0259b\u0259bl\u0259rl\u0259 q\u0259bul edildiyini a\u00e7\u0131qlamal\u0131d\u0131r.<\/p>\n\n\n\n<p class=\"wp-block-paragraph\">H\u0259m\u00e7inin avtomobil, alq\u0131-satq\u0131, kommunal x\u0259rc, g\u0259lir uy\u011funsuzlu\u011fu v\u0259 i\u015f t\u0259klifind\u0259n imtina meyarlar\u0131n\u0131n h\u0259r biri \u00fczr\u0259 ne\u00e7\u0259 ail\u0259nin k\u0259narda qald\u0131\u011f\u0131, \u015fikay\u0259tl\u0259rd\u0259n sonra ne\u00e7\u0259 q\u0259rar\u0131n d\u0259yi\u015fdirildiyi v\u0259 yard\u0131m alanlar aras\u0131nda u\u015faqlar\u0131n pay\u0131 g\u00f6st\u0259rilm\u0259lidir.<\/p>\n\n\n\n<p class=\"wp-block-paragraph\">Bu m\u0259lumatlar olmadan \u00e7\u0131xar\u0131la bil\u0259c\u0259k n\u0259tic\u0259 yoxsullu\u011fun azald\u0131\u011f\u0131 deyil. R\u0259smi r\u0259q\u0259ml\u0259r h\u0259l\u0259lik yaln\u0131z bunu g\u00f6st\u0259rir: \u00fcnvanl\u0131 sosial yard\u0131m\u0131n \u0259hat\u0259 dair\u0259si daral\u0131b, \u00f6d\u0259nil\u0259n orta m\u0259bl\u0259\u011f nominal olaraq azal\u0131b v\u0259 yard\u0131m\u0131n al\u0131c\u0131l\u0131q qabiliyy\u0259ti daha s\u00fcr\u0259tl\u0259 z\u0259ifl\u0259yib.<\/p>\n","protected":false},"excerpt":{"rendered":"<p>JAMnews-un material\u0131 Az\u0259rbaycanda&nbsp;azt\u0259minatl\u0131 ail\u0259l\u0259ri m\u00fc\u0259yy\u0259nl\u0259\u015fdir\u0259n g\u0259lir h\u0259ddi art\u0131r\u0131l\u0131b. M\u0259ntiq\u0259n bu &#8230; <\/p>\n<p class=\"read-more-container\"><a title=\"Az\u0259rbaycanda yard\u0131m alanlar da, \u00f6d\u0259ni\u015f d\u0259 azal\u0131r: yoxsulluq azal\u0131r, yoxsa azt\u0259minatl\u0131lar sistemd\u0259n k\u0259narda qal\u0131r?\" class=\"read-more button\" href=\"https:\/\/www.meydan.tv\/az\/article\/az%c9%99rbaycanda-yardim-alanlar-da-od%c9%99nis-d%c9%99-azalir-yoxsulluq-azalir-yoxsa-azt%c9%99minatlilar-sistemd%c9%99n-k%c9%99narda-qalir\/#more-348799\" aria-label=\"Read more about Az\u0259rbaycanda yard\u0131m alanlar da, \u00f6d\u0259ni\u015f d\u0259 azal\u0131r: yoxsulluq azal\u0131r, yoxsa azt\u0259minatl\u0131lar sistemd\u0259n k\u0259narda qal\u0131r?\">Davam\u0131<\/a><\/p>\n","protected":false},"author":28,"featured_media":348809,"comment_status":"closed","ping_status":"closed","sticky":false,"template":"","format":"standard","meta":{"_acf_changed":false,"_sitemap_exclude":false,"_sitemap_priority":"","_sitemap_frequency":"","footnotes":""},"categories":[53],"tags":[],"class_list":["post-348799","post","type-post","status-publish","format-standard","has-post-thumbnail","hentry","category-iqtisadiyyat","infinite-scroll-item","generate-columns","tablet-grid-50","mobile-grid-100","grid-parent","grid-33","no-featured-image-padding"],"acf":[],"yoast_head":"<!-- This site is optimized with the Yoast SEO plugin v28.4 - https:\/\/yoast.com\/product\/yoast-seo-wordpress\/ -->\n<title>Az\u0259rbaycanda yard\u0131m alanlar da, \u00f6d\u0259ni\u015f d\u0259 azal\u0131r: yoxsulluq azal\u0131r, yoxsa azt\u0259minatl\u0131lar sistemd\u0259n k\u0259narda qal\u0131r? - MEYDAN.TV<\/title>\n<meta name=\"robots\" content=\"index, follow, max-snippet:-1, max-image-preview:large, max-video-preview:-1\" \/>\n<link rel=\"canonical\" href=\"https:\/\/www.meydan.tv\/az\/article\/az%c9%99rbaycanda-yardim-alanlar-da-od%c9%99nis-d%c9%99-azalir-yoxsulluq-azalir-yoxsa-azt%c9%99minatlilar-sistemd%c9%99n-k%c9%99narda-qalir\/\" \/>\n<meta property=\"og:locale\" content=\"az_AZ\" \/>\n<meta property=\"og:type\" content=\"article\" \/>\n<meta property=\"og:title\" content=\"Az\u0259rbaycanda yard\u0131m alanlar da, \u00f6d\u0259ni\u015f d\u0259 azal\u0131r: yoxsulluq azal\u0131r, yoxsa azt\u0259minatl\u0131lar sistemd\u0259n k\u0259narda qal\u0131r? - MEYDAN.TV\" \/>\n<meta property=\"og:description\" content=\"JAMnews-un material\u0131 Az\u0259rbaycanda&nbsp;azt\u0259minatl\u0131 ail\u0259l\u0259ri m\u00fc\u0259yy\u0259nl\u0259\u015fdir\u0259n g\u0259lir h\u0259ddi art\u0131r\u0131l\u0131b. M\u0259ntiq\u0259n bu ... Davam\u0131\" \/>\n<meta property=\"og:url\" content=\"https:\/\/www.meydan.tv\/az\/article\/az%c9%99rbaycanda-yardim-alanlar-da-od%c9%99nis-d%c9%99-azalir-yoxsulluq-azalir-yoxsa-azt%c9%99minatlilar-sistemd%c9%99n-k%c9%99narda-qalir\/\" \/>\n<meta property=\"og:site_name\" content=\"MEYDAN.TV\" \/>\n<meta property=\"article:published_time\" content=\"2026-09-03T14:25:42+00:00\" \/>\n<meta property=\"article:modified_time\" content=\"2026-09-03T14:25:45+00:00\" \/>\n<meta property=\"og:image\" content=\"https:\/\/www.meydan.tv\/wp-content\/uploads\/baki-4.jpg\" \/>\n\t<meta property=\"og:image:width\" content=\"1200\" \/>\n\t<meta property=\"og:image:height\" content=\"377\" \/>\n\t<meta property=\"og:image:type\" content=\"image\/jpeg\" \/>\n<meta name=\"twitter:card\" content=\"summary_large_image\" \/>\n<!-- \/ Yoast SEO plugin. -->","yoast_head_json":{"title":"Az\u0259rbaycanda yard\u0131m alanlar da, \u00f6d\u0259ni\u015f d\u0259 azal\u0131r: yoxsulluq azal\u0131r, yoxsa azt\u0259minatl\u0131lar sistemd\u0259n k\u0259narda qal\u0131r? - MEYDAN.TV","robots":{"index":"index","follow":"follow","max-snippet":"max-snippet:-1","max-image-preview":"max-image-preview:large","max-video-preview":"max-video-preview:-1"},"canonical":"https:\/\/www.meydan.tv\/az\/article\/az%c9%99rbaycanda-yardim-alanlar-da-od%c9%99nis-d%c9%99-azalir-yoxsulluq-azalir-yoxsa-azt%c9%99minatlilar-sistemd%c9%99n-k%c9%99narda-qalir\/","og_locale":"az_AZ","og_type":"article","og_title":"Az\u0259rbaycanda yard\u0131m alanlar da, \u00f6d\u0259ni\u015f d\u0259 azal\u0131r: yoxsulluq azal\u0131r, yoxsa azt\u0259minatl\u0131lar sistemd\u0259n k\u0259narda qal\u0131r? - MEYDAN.TV","og_description":"JAMnews-un material\u0131 Az\u0259rbaycanda&nbsp;azt\u0259minatl\u0131 ail\u0259l\u0259ri m\u00fc\u0259yy\u0259nl\u0259\u015fdir\u0259n g\u0259lir h\u0259ddi art\u0131r\u0131l\u0131b. M\u0259ntiq\u0259n bu ... Davam\u0131","og_url":"https:\/\/www.meydan.tv\/az\/article\/az%c9%99rbaycanda-yardim-alanlar-da-od%c9%99nis-d%c9%99-azalir-yoxsulluq-azalir-yoxsa-azt%c9%99minatlilar-sistemd%c9%99n-k%c9%99narda-qalir\/","og_site_name":"MEYDAN.TV","article_published_time":"2026-09-03T14:25:42+00:00","article_modified_time":"2026-09-03T14:25:45+00:00","og_image":[{"width":1200,"height":377,"url":"https:\/\/www.meydan.tv\/wp-content\/uploads\/baki-4.jpg","type":"image\/jpeg"}],"twitter_card":"summary_large_image","schema":{"@context":"https:\/\/schema.org","@graph":[{"@type":"Article","@id":"https:\/\/www.meydan.tv\/az\/article\/az%c9%99rbaycanda-yardim-alanlar-da-od%c9%99nis-d%c9%99-azalir-yoxsulluq-azalir-yoxsa-azt%c9%99minatlilar-sistemd%c9%99n-k%c9%99narda-qalir\/#article","isPartOf":{"@id":"https:\/\/www.meydan.tv\/az\/article\/az%c9%99rbaycanda-yardim-alanlar-da-od%c9%99nis-d%c9%99-azalir-yoxsulluq-azalir-yoxsa-azt%c9%99minatlilar-sistemd%c9%99n-k%c9%99narda-qalir\/"},"author":{"name":"marc","@id":"https:\/\/www.meydan.tv\/az\/#\/schema\/person\/9a3bd9697ebcc7f5274ed604d8b6b290"},"headline":"Az\u0259rbaycanda yard\u0131m alanlar da, \u00f6d\u0259ni\u015f d\u0259 azal\u0131r: yoxsulluq azal\u0131r, yoxsa azt\u0259minatl\u0131lar sistemd\u0259n k\u0259narda qal\u0131r?","datePublished":"2026-09-03T14:25:42+00:00","dateModified":"2026-09-03T14:25:45+00:00","mainEntityOfPage":{"@id":"https:\/\/www.meydan.tv\/az\/article\/az%c9%99rbaycanda-yardim-alanlar-da-od%c9%99nis-d%c9%99-azalir-yoxsulluq-azalir-yoxsa-azt%c9%99minatlilar-sistemd%c9%99n-k%c9%99narda-qalir\/"},"wordCount":1452,"publisher":{"@id":"https:\/\/www.meydan.tv\/az\/#organization"},"image":{"@id":"https:\/\/www.meydan.tv\/az\/article\/az%c9%99rbaycanda-yardim-alanlar-da-od%c9%99nis-d%c9%99-azalir-yoxsulluq-azalir-yoxsa-azt%c9%99minatlilar-sistemd%c9%99n-k%c9%99narda-qalir\/#primaryimage"},"thumbnailUrl":"https:\/\/www.meydan.tv\/wp-content\/uploads\/baki-4.jpg","articleSection":["\u0130qtisadiyyat"],"inLanguage":"az"},{"@type":"WebPage","@id":"https:\/\/www.meydan.tv\/az\/article\/az%c9%99rbaycanda-yardim-alanlar-da-od%c9%99nis-d%c9%99-azalir-yoxsulluq-azalir-yoxsa-azt%c9%99minatlilar-sistemd%c9%99n-k%c9%99narda-qalir\/","url":"https:\/\/www.meydan.tv\/az\/article\/az%c9%99rbaycanda-yardim-alanlar-da-od%c9%99nis-d%c9%99-azalir-yoxsulluq-azalir-yoxsa-azt%c9%99minatlilar-sistemd%c9%99n-k%c9%99narda-qalir\/","name":"Az\u0259rbaycanda yard\u0131m alanlar da, \u00f6d\u0259ni\u015f d\u0259 azal\u0131r: yoxsulluq azal\u0131r, yoxsa azt\u0259minatl\u0131lar sistemd\u0259n k\u0259narda qal\u0131r? - MEYDAN.TV","isPartOf":{"@id":"https:\/\/www.meydan.tv\/az\/#website"},"primaryImageOfPage":{"@id":"https:\/\/www.meydan.tv\/az\/article\/az%c9%99rbaycanda-yardim-alanlar-da-od%c9%99nis-d%c9%99-azalir-yoxsulluq-azalir-yoxsa-azt%c9%99minatlilar-sistemd%c9%99n-k%c9%99narda-qalir\/#primaryimage"},"image":{"@id":"https:\/\/www.meydan.tv\/az\/article\/az%c9%99rbaycanda-yardim-alanlar-da-od%c9%99nis-d%c9%99-azalir-yoxsulluq-azalir-yoxsa-azt%c9%99minatlilar-sistemd%c9%99n-k%c9%99narda-qalir\/#primaryimage"},"thumbnailUrl":"https:\/\/www.meydan.tv\/wp-content\/uploads\/baki-4.jpg","datePublished":"2026-09-03T14:25:42+00:00","dateModified":"2026-09-03T14:25:45+00:00","breadcrumb":{"@id":"https:\/\/www.meydan.tv\/az\/article\/az%c9%99rbaycanda-yardim-alanlar-da-od%c9%99nis-d%c9%99-azalir-yoxsulluq-azalir-yoxsa-azt%c9%99minatlilar-sistemd%c9%99n-k%c9%99narda-qalir\/#breadcrumb"},"inLanguage":"az","potentialAction":[{"@type":"ReadAction","target":["https:\/\/www.meydan.tv\/az\/article\/az%c9%99rbaycanda-yardim-alanlar-da-od%c9%99nis-d%c9%99-azalir-yoxsulluq-azalir-yoxsa-azt%c9%99minatlilar-sistemd%c9%99n-k%c9%99narda-qalir\/"]}]},{"@type":"ImageObject","inLanguage":"az","@id":"https:\/\/www.meydan.tv\/az\/article\/az%c9%99rbaycanda-yardim-alanlar-da-od%c9%99nis-d%c9%99-azalir-yoxsulluq-azalir-yoxsa-azt%c9%99minatlilar-sistemd%c9%99n-k%c9%99narda-qalir\/#primaryimage","url":"https:\/\/www.meydan.tv\/wp-content\/uploads\/baki-4.jpg","contentUrl":"https:\/\/www.meydan.tv\/wp-content\/uploads\/baki-4.jpg","width":1200,"height":377,"caption":"shutterstock.com\/Adomas Daunoravicius"},{"@type":"BreadcrumbList","@id":"https:\/\/www.meydan.tv\/az\/article\/az%c9%99rbaycanda-yardim-alanlar-da-od%c9%99nis-d%c9%99-azalir-yoxsulluq-azalir-yoxsa-azt%c9%99minatlilar-sistemd%c9%99n-k%c9%99narda-qalir\/#breadcrumb","itemListElement":[{"@type":"ListItem","position":1,"name":"Ana s\u0259hif\u0259","item":"https:\/\/www.meydan.tv\/az\/"},{"@type":"ListItem","position":2,"name":"\u0130qtisadiyyat","item":"https:\/\/www.meydan.tv\/az\/section\/iqtisadiyyat\/"},{"@type":"ListItem","position":3,"name":"Az\u0259rbaycanda yard\u0131m alanlar da, \u00f6d\u0259ni\u015f d\u0259 azal\u0131r: yoxsulluq azal\u0131r, yoxsa azt\u0259minatl\u0131lar sistemd\u0259n k\u0259narda qal\u0131r?"}]},{"@type":"WebSite","@id":"https:\/\/www.meydan.tv\/az\/#website","url":"https:\/\/www.meydan.tv\/az\/","name":"MEYDAN.TV","description":"Meydan TV Az\u0259rbaycan\u0131n media m\u0259kan\u0131ndak\u0131 alternativ s\u0259sidir","publisher":{"@id":"https:\/\/www.meydan.tv\/az\/#organization"},"potentialAction":[{"@type":"SearchAction","target":{"@type":"EntryPoint","urlTemplate":"https:\/\/www.meydan.tv\/az\/?s={search_term_string}"},"query-input":{"@type":"PropertyValueSpecification","valueRequired":true,"valueName":"search_term_string"}}],"inLanguage":"az"},{"@type":"Organization","@id":"https:\/\/www.meydan.tv\/az\/#organization","name":"Meydan TV","url":"https:\/\/www.meydan.tv\/az\/","logo":{"@type":"ImageObject","inLanguage":"az","@id":"https:\/\/www.meydan.tv\/az\/#\/schema\/logo\/image\/","url":"https:\/\/www.meydan.tv\/wp-content\/uploads\/2021\/07\/meydan-logo.svg","contentUrl":"https:\/\/www.meydan.tv\/wp-content\/uploads\/2021\/07\/meydan-logo.svg","width":195,"height":46,"caption":"Meydan TV"},"image":{"@id":"https:\/\/www.meydan.tv\/az\/#\/schema\/logo\/image\/"}},{"@type":"Person","@id":"https:\/\/www.meydan.tv\/az\/#\/schema\/person\/9a3bd9697ebcc7f5274ed604d8b6b290","name":"marc"}]}},"_links":{"self":[{"href":"https:\/\/www.meydan.tv\/az\/wp-json\/wp\/v2\/posts\/348799","targetHints":{"allow":["GET"]}}],"collection":[{"href":"https:\/\/www.meydan.tv\/az\/wp-json\/wp\/v2\/posts"}],"about":[{"href":"https:\/\/www.meydan.tv\/az\/wp-json\/wp\/v2\/types\/post"}],"author":[{"embeddable":true,"href":"https:\/\/www.meydan.tv\/az\/wp-json\/wp\/v2\/users\/28"}],"replies":[{"embeddable":true,"href":"https:\/\/www.meydan.tv\/az\/wp-json\/wp\/v2\/comments?post=348799"}],"version-history":[{"count":3,"href":"https:\/\/www.meydan.tv\/az\/wp-json\/wp\/v2\/posts\/348799\/revisions"}],"predecessor-version":[{"id":348823,"href":"https:\/\/www.meydan.tv\/az\/wp-json\/wp\/v2\/posts\/348799\/revisions\/348823"}],"wp:featuredmedia":[{"embeddable":true,"href":"https:\/\/www.meydan.tv\/az\/wp-json\/wp\/v2\/media\/348809"}],"wp:attachment":[{"href":"https:\/\/www.meydan.tv\/az\/wp-json\/wp\/v2\/media?parent=348799"}],"wp:term":[{"taxonomy":"category","embeddable":true,"href":"https:\/\/www.meydan.tv\/az\/wp-json\/wp\/v2\/categories?post=348799"},{"taxonomy":"post_tag","embeddable":true,"href":"https:\/\/www.meydan.tv\/az\/wp-json\/wp\/v2\/tags?post=348799"}],"curies":[{"name":"wp","href":"https:\/\/api.w.org\/{rel}","templated":true}]}}