{"id":348797,"date":"2026-09-03T16:40:38","date_gmt":"2026-09-03T12:40:38","guid":{"rendered":"https:\/\/www.meydan.tv\/?p=348797"},"modified":"2026-09-03T17:11:30","modified_gmt":"2026-09-03T13:11:30","slug":"axcp-f%c9%99ali-h%c9%99bsxanada-zorakiliga-m%c9%99ruz-qalib","status":"publish","type":"post","link":"https:\/\/www.meydan.tv\/az\/article\/axcp-f%c9%99ali-h%c9%99bsxanada-zorakiliga-m%c9%99ruz-qalib\/","title":{"rendered":"AXCP f\u0259al\u0131 h\u0259bsxanada zorak\u0131l\u0131\u011fa m\u0259ruz qal\u0131b"},"content":{"rendered":"\n<p class=\"wp-block-paragraph\">Az\u0259rbaycan Xalq C\u0259bh\u0259si Partiyas\u0131n\u0131n (AXCP) h\u0259bsd\u0259 olan f\u0259al\u0131 Elnur H\u0259s\u0259nov saxlan\u0131ld\u0131\u011f\u0131 6 sayl\u0131 C\u0259za\u00e7\u0259km\u0259 M\u00fc\u0259ssis\u0259sinin \u0259m\u0259kda\u015flar\u0131 t\u0259r\u0259find\u0259n zorak\u0131l\u0131\u011fa m\u0259ruz qal\u0131b.<\/p>\n\n\n\n<p class=\"wp-block-paragraph\">Bu bar\u0259d\u0259 Elnur H\u0259s\u0259nov sentyabr\u0131n 3-d\u0259 Bak\u0131 Apellyasiya M\u0259hk\u0259m\u0259sind\u0259 vaxt\u0131ndan \u0259vv\u0259l azadl\u0131\u011fa \u00e7\u0131xmas\u0131 bar\u0259d\u0259 verdiyi \u015fikay\u0259t \u00fczr\u0259 ke\u00e7iril\u0259n m\u0259hk\u0259m\u0259 prosesind\u0259 dan\u0131\u015f\u0131b.<\/p>\n\n\n\n<p class=\"wp-block-paragraph\">O bildirib ki, iyulun 30-dan sonra qapal\u0131 tipli h\u0259bsxanadan 6 sayl\u0131 C\u0259za\u00e7\u0259km\u0259 M\u00fc\u0259ssis\u0259sin\u0259 k\u00f6\u00e7\u00fcr\u00fcl\u00fcb v\u0259 orada davaml\u0131 olaraq i\u015fg\u0259nc\u0259l\u0259r\u0259 m\u0259ruz qal\u0131b. H\u0259s\u0259nov deyir ki, i\u015fg\u0259nc\u0259y\u0259 son verilm\u0259si \u00fc\u00e7\u00fcn \u00f6z\u00fcn\u0259 x\u0259sar\u0259t yetirib.<br><br>Bundan sonra f\u0259al acl\u0131q aksiyas\u0131na ba\u015flay\u0131b v\u0259 s\u0259hh\u0259tin\u0259 ciddi z\u0259r\u0259r vurub. Elnur H\u0259s\u0259nov m\u0259hk\u0259m\u0259d\u0259ki \u00e7\u0131x\u0131\u015f\u0131nda bildirib ki, sentyabr\u0131n 2-d\u0259 i\u015fg\u0259nc\u0259l\u0259r\u0259 etiraz olaraq xa\u00e7 formas\u0131nda d\u0259mir par\u00e7as\u0131 udub.<\/p>\n\n\n\n<p class=\"wp-block-paragraph\">Apellyasiya m\u0259hk\u0259m\u0259si \u015fikay\u0259ti t\u0259min etm\u0259y\u0259r\u0259k birinci instansiya m\u0259hk\u0259m\u0259sinin q\u0259rar\u0131n\u0131 q\u00fcvv\u0259d\u0259 saxlay\u0131b.<\/p>\n\n\n\n<p class=\"wp-block-paragraph\">Elnur H\u0259s\u0259nov 2023-c\u00fc noyabr\u0131n 28-d\u0259n narkotik vasit\u0259l\u0259rin qanunsuz d\u00f6vriyy\u0259si ittiham\u0131 il\u0259 h\u0259bs edilib. 2024-c\u00fc il avqustun 2-d\u0259 Bak\u0131 A\u011f\u0131r Cinay\u0259tl\u0259r M\u0259hk\u0259m\u0259si onu 3 il m\u00fcdd\u0259tin\u0259 azadl\u0131qdan m\u0259hrum edib. H\u0259s\u0259nov ittiham\u0131 q\u0259bul etmir v\u0259 h\u0259bsinin siyasi motivli oldu\u011funu bildirir.<\/p>\n","protected":false},"excerpt":{"rendered":"<p>Az\u0259rbaycan Xalq C\u0259bh\u0259si Partiyas\u0131n\u0131n (AXCP) h\u0259bsd\u0259 olan f\u0259al\u0131 Elnur H\u0259s\u0259nov &#8230; <\/p>\n<p class=\"read-more-container\"><a title=\"AXCP f\u0259al\u0131 h\u0259bsxanada zorak\u0131l\u0131\u011fa m\u0259ruz qal\u0131b\" class=\"read-more button\" href=\"https:\/\/www.meydan.tv\/az\/article\/axcp-f%c9%99ali-h%c9%99bsxanada-zorakiliga-m%c9%99ruz-qalib\/#more-348797\" aria-label=\"Read more about AXCP f\u0259al\u0131 h\u0259bsxanada zorak\u0131l\u0131\u011fa m\u0259ruz qal\u0131b\">Davam\u0131<\/a><\/p>\n","protected":false},"author":21,"featured_media":348813,"comment_status":"closed","ping_status":"closed","sticky":false,"template":"","format":"standard","meta":{"_acf_changed":false,"_sitemap_exclude":false,"_sitemap_priority":"","_sitemap_frequency":"","footnotes":""},"categories":[59,79,56],"tags":[],"class_list":["post-348797","post","type-post","status-publish","format-standard","has-post-thumbnail","hentry","category-siyaset","category-featured","category-xeberler","infinite-scroll-item","generate-columns","tablet-grid-50","mobile-grid-100","grid-parent","grid-33","no-featured-image-padding"],"acf":[],"yoast_head":"<!-- This site is optimized with the Yoast SEO plugin v28.4 - https:\/\/yoast.com\/product\/yoast-seo-wordpress\/ -->\n<title>AXCP f\u0259al\u0131 h\u0259bsxanada zorak\u0131l\u0131\u011fa m\u0259ruz qal\u0131b - MEYDAN.TV<\/title>\n<meta name=\"robots\" content=\"index, follow, max-snippet:-1, max-image-preview:large, max-video-preview:-1\" \/>\n<link rel=\"canonical\" href=\"https:\/\/www.meydan.tv\/az\/article\/axcp-f%c9%99ali-h%c9%99bsxanada-zorakiliga-m%c9%99ruz-qalib\/\" \/>\n<meta property=\"og:locale\" content=\"az_AZ\" \/>\n<meta property=\"og:type\" content=\"article\" \/>\n<meta property=\"og:title\" content=\"AXCP f\u0259al\u0131 h\u0259bsxanada zorak\u0131l\u0131\u011fa m\u0259ruz qal\u0131b - MEYDAN.TV\" \/>\n<meta property=\"og:description\" content=\"Az\u0259rbaycan Xalq C\u0259bh\u0259si Partiyas\u0131n\u0131n (AXCP) h\u0259bsd\u0259 olan f\u0259al\u0131 Elnur H\u0259s\u0259nov ... Davam\u0131\" \/>\n<meta property=\"og:url\" content=\"https:\/\/www.meydan.tv\/az\/article\/axcp-f%c9%99ali-h%c9%99bsxanada-zorakiliga-m%c9%99ruz-qalib\/\" \/>\n<meta property=\"og:site_name\" content=\"MEYDAN.TV\" \/>\n<meta property=\"article:published_time\" content=\"2026-09-03T12:40:38+00:00\" \/>\n<meta property=\"article:modified_time\" content=\"2026-09-03T13:11:30+00:00\" \/>\n<meta property=\"og:image\" content=\"https:\/\/www.meydan.tv\/wp-content\/uploads\/gemini_generated_image_b3q03pb3q03pb3q0.jpeg\" \/>\n\t<meta property=\"og:image:width\" content=\"1664\" \/>\n\t<meta property=\"og:image:height\" content=\"624\" \/>\n\t<meta property=\"og:image:type\" content=\"image\/jpeg\" \/>\n<meta name=\"twitter:card\" content=\"summary_large_image\" \/>\n<!-- \/ Yoast SEO plugin. -->","yoast_head_json":{"title":"AXCP f\u0259al\u0131 h\u0259bsxanada zorak\u0131l\u0131\u011fa m\u0259ruz qal\u0131b - MEYDAN.TV","robots":{"index":"index","follow":"follow","max-snippet":"max-snippet:-1","max-image-preview":"max-image-preview:large","max-video-preview":"max-video-preview:-1"},"canonical":"https:\/\/www.meydan.tv\/az\/article\/axcp-f%c9%99ali-h%c9%99bsxanada-zorakiliga-m%c9%99ruz-qalib\/","og_locale":"az_AZ","og_type":"article","og_title":"AXCP f\u0259al\u0131 h\u0259bsxanada zorak\u0131l\u0131\u011fa m\u0259ruz qal\u0131b - MEYDAN.TV","og_description":"Az\u0259rbaycan Xalq C\u0259bh\u0259si Partiyas\u0131n\u0131n (AXCP) h\u0259bsd\u0259 olan f\u0259al\u0131 Elnur H\u0259s\u0259nov ... Davam\u0131","og_url":"https:\/\/www.meydan.tv\/az\/article\/axcp-f%c9%99ali-h%c9%99bsxanada-zorakiliga-m%c9%99ruz-qalib\/","og_site_name":"MEYDAN.TV","article_published_time":"2026-09-03T12:40:38+00:00","article_modified_time":"2026-09-03T13:11:30+00:00","og_image":[{"width":1664,"height":624,"url":"https:\/\/www.meydan.tv\/wp-content\/uploads\/gemini_generated_image_b3q03pb3q03pb3q0.jpeg","type":"image\/jpeg"}],"twitter_card":"summary_large_image","schema":{"@context":"https:\/\/schema.org","@graph":[{"@type":"Article","@id":"https:\/\/www.meydan.tv\/az\/article\/axcp-f%c9%99ali-h%c9%99bsxanada-zorakiliga-m%c9%99ruz-qalib\/#article","isPartOf":{"@id":"https:\/\/www.meydan.tv\/az\/article\/axcp-f%c9%99ali-h%c9%99bsxanada-zorakiliga-m%c9%99ruz-qalib\/"},"author":{"name":"mahmud","@id":"https:\/\/www.meydan.tv\/az\/#\/schema\/person\/09863e516102a829e72bedcf3f84c6b0"},"headline":"AXCP f\u0259al\u0131 h\u0259bsxanada zorak\u0131l\u0131\u011fa m\u0259ruz qal\u0131b","datePublished":"2026-09-03T12:40:38+00:00","dateModified":"2026-09-03T13:11:30+00:00","mainEntityOfPage":{"@id":"https:\/\/www.meydan.tv\/az\/article\/axcp-f%c9%99ali-h%c9%99bsxanada-zorakiliga-m%c9%99ruz-qalib\/"},"wordCount":284,"publisher":{"@id":"https:\/\/www.meydan.tv\/az\/#organization"},"image":{"@id":"https:\/\/www.meydan.tv\/az\/article\/axcp-f%c9%99ali-h%c9%99bsxanada-zorakiliga-m%c9%99ruz-qalib\/#primaryimage"},"thumbnailUrl":"https:\/\/www.meydan.tv\/wp-content\/uploads\/gemini_generated_image_b3q03pb3q03pb3q0.jpeg","articleSection":["Siyas\u0259t","T\u00f6vsiy\u0259","X\u0259b\u0259rl\u0259r"],"inLanguage":"az"},{"@type":"WebPage","@id":"https:\/\/www.meydan.tv\/az\/article\/axcp-f%c9%99ali-h%c9%99bsxanada-zorakiliga-m%c9%99ruz-qalib\/","url":"https:\/\/www.meydan.tv\/az\/article\/axcp-f%c9%99ali-h%c9%99bsxanada-zorakiliga-m%c9%99ruz-qalib\/","name":"AXCP f\u0259al\u0131 h\u0259bsxanada zorak\u0131l\u0131\u011fa m\u0259ruz qal\u0131b - MEYDAN.TV","isPartOf":{"@id":"https:\/\/www.meydan.tv\/az\/#website"},"primaryImageOfPage":{"@id":"https:\/\/www.meydan.tv\/az\/article\/axcp-f%c9%99ali-h%c9%99bsxanada-zorakiliga-m%c9%99ruz-qalib\/#primaryimage"},"image":{"@id":"https:\/\/www.meydan.tv\/az\/article\/axcp-f%c9%99ali-h%c9%99bsxanada-zorakiliga-m%c9%99ruz-qalib\/#primaryimage"},"thumbnailUrl":"https:\/\/www.meydan.tv\/wp-content\/uploads\/gemini_generated_image_b3q03pb3q03pb3q0.jpeg","datePublished":"2026-09-03T12:40:38+00:00","dateModified":"2026-09-03T13:11:30+00:00","breadcrumb":{"@id":"https:\/\/www.meydan.tv\/az\/article\/axcp-f%c9%99ali-h%c9%99bsxanada-zorakiliga-m%c9%99ruz-qalib\/#breadcrumb"},"inLanguage":"az","potentialAction":[{"@type":"ReadAction","target":["https:\/\/www.meydan.tv\/az\/article\/axcp-f%c9%99ali-h%c9%99bsxanada-zorakiliga-m%c9%99ruz-qalib\/"]}]},{"@type":"ImageObject","inLanguage":"az","@id":"https:\/\/www.meydan.tv\/az\/article\/axcp-f%c9%99ali-h%c9%99bsxanada-zorakiliga-m%c9%99ruz-qalib\/#primaryimage","url":"https:\/\/www.meydan.tv\/wp-content\/uploads\/gemini_generated_image_b3q03pb3q03pb3q0.jpeg","contentUrl":"https:\/\/www.meydan.tv\/wp-content\/uploads\/gemini_generated_image_b3q03pb3q03pb3q0.jpeg","width":1664,"height":624,"caption":"Elnur H\u0259s\u0259nov - Foto: \u015e\u0259xsi arxivind\u0259n"},{"@type":"BreadcrumbList","@id":"https:\/\/www.meydan.tv\/az\/article\/axcp-f%c9%99ali-h%c9%99bsxanada-zorakiliga-m%c9%99ruz-qalib\/#breadcrumb","itemListElement":[{"@type":"ListItem","position":1,"name":"Ana s\u0259hif\u0259","item":"https:\/\/www.meydan.tv\/az\/"},{"@type":"ListItem","position":2,"name":"Siyas\u0259t","item":"https:\/\/www.meydan.tv\/az\/section\/siyaset\/"},{"@type":"ListItem","position":3,"name":"AXCP f\u0259al\u0131 h\u0259bsxanada zorak\u0131l\u0131\u011fa m\u0259ruz qal\u0131b"}]},{"@type":"WebSite","@id":"https:\/\/www.meydan.tv\/az\/#website","url":"https:\/\/www.meydan.tv\/az\/","name":"MEYDAN.TV","description":"Meydan TV Az\u0259rbaycan\u0131n media m\u0259kan\u0131ndak\u0131 alternativ s\u0259sidir","publisher":{"@id":"https:\/\/www.meydan.tv\/az\/#organization"},"potentialAction":[{"@type":"SearchAction","target":{"@type":"EntryPoint","urlTemplate":"https:\/\/www.meydan.tv\/az\/?s={search_term_string}"},"query-input":{"@type":"PropertyValueSpecification","valueRequired":true,"valueName":"search_term_string"}}],"inLanguage":"az"},{"@type":"Organization","@id":"https:\/\/www.meydan.tv\/az\/#organization","name":"Meydan TV","url":"https:\/\/www.meydan.tv\/az\/","logo":{"@type":"ImageObject","inLanguage":"az","@id":"https:\/\/www.meydan.tv\/az\/#\/schema\/logo\/image\/","url":"https:\/\/www.meydan.tv\/wp-content\/uploads\/2021\/07\/meydan-logo.svg","contentUrl":"https:\/\/www.meydan.tv\/wp-content\/uploads\/2021\/07\/meydan-logo.svg","width":195,"height":46,"caption":"Meydan TV"},"image":{"@id":"https:\/\/www.meydan.tv\/az\/#\/schema\/logo\/image\/"}},{"@type":"Person","@id":"https:\/\/www.meydan.tv\/az\/#\/schema\/person\/09863e516102a829e72bedcf3f84c6b0","name":"mahmud"}]}},"_links":{"self":[{"href":"https:\/\/www.meydan.tv\/az\/wp-json\/wp\/v2\/posts\/348797","targetHints":{"allow":["GET"]}}],"collection":[{"href":"https:\/\/www.meydan.tv\/az\/wp-json\/wp\/v2\/posts"}],"about":[{"href":"https:\/\/www.meydan.tv\/az\/wp-json\/wp\/v2\/types\/post"}],"author":[{"embeddable":true,"href":"https:\/\/www.meydan.tv\/az\/wp-json\/wp\/v2\/users\/21"}],"replies":[{"embeddable":true,"href":"https:\/\/www.meydan.tv\/az\/wp-json\/wp\/v2\/comments?post=348797"}],"version-history":[{"count":1,"href":"https:\/\/www.meydan.tv\/az\/wp-json\/wp\/v2\/posts\/348797\/revisions"}],"predecessor-version":[{"id":348798,"href":"https:\/\/www.meydan.tv\/az\/wp-json\/wp\/v2\/posts\/348797\/revisions\/348798"}],"wp:featuredmedia":[{"embeddable":true,"href":"https:\/\/www.meydan.tv\/az\/wp-json\/wp\/v2\/media\/348813"}],"wp:attachment":[{"href":"https:\/\/www.meydan.tv\/az\/wp-json\/wp\/v2\/media?parent=348797"}],"wp:term":[{"taxonomy":"category","embeddable":true,"href":"https:\/\/www.meydan.tv\/az\/wp-json\/wp\/v2\/categories?post=348797"},{"taxonomy":"post_tag","embeddable":true,"href":"https:\/\/www.meydan.tv\/az\/wp-json\/wp\/v2\/tags?post=348797"}],"curies":[{"name":"wp","href":"https:\/\/api.w.org\/{rel}","templated":true}]}}