{"id":348795,"date":"2026-09-03T16:33:30","date_gmt":"2026-09-03T12:33:30","guid":{"rendered":"https:\/\/www.meydan.tv\/?p=348795"},"modified":"2026-09-03T16:33:32","modified_gmt":"2026-09-03T12:33:32","slug":"%c9%99l%c9%99sg%c9%99r-m%c9%99mm%c9%99dlinin-h%c9%99yat-yoldasi-%c9%99g%c9%99r-bir-hadis%c9%99-bas-vers%c9%99-bunun-butun-m%c9%99suliyy%c9%99ti-sizin-uz%c9%99ri","status":"publish","type":"post","link":"https:\/\/www.meydan.tv\/az\/article\/%c9%99l%c9%99sg%c9%99r-m%c9%99mm%c9%99dlinin-h%c9%99yat-yoldasi-%c9%99g%c9%99r-bir-hadis%c9%99-bas-vers%c9%99-bunun-butun-m%c9%99suliyy%c9%99ti-sizin-uz%c9%99ri\/","title":{"rendered":"\u018fl\u0259sg\u0259r M\u0259mm\u0259dlinin h\u0259yat yolda\u015f\u0131: \u201cBir \u015fey olsa, b\u00fct\u00fcn m\u0259suliyy\u0259t sizin \u00fcz\u0259rinizd\u0259dir\u201d"},"content":{"rendered":"\n<p class=\"wp-block-paragraph\">Haz\u0131rda h\u0259bsd\u0259 olan Toplum TV-nin h\u0259mt\u0259sis\u00e7isi, media eksperti v\u0259 h\u00fcquq\u015f\u00fcnas \u018fl\u0259sg\u0259r M\u0259mm\u0259dlinin qan analiz n\u0259tic\u0259l\u0259ri a\u00e7\u0131qlan\u0131b.<\/p>\n\n\n\n<p class=\"wp-block-paragraph\">Bu bar\u0259d\u0259 M\u0259mm\u0259dlinin h\u0259yat yolda\u015f\u0131 G\u00fcnay M\u0259mm\u0259dli m\u0259lumat <a href=\"https:\/\/www.facebook.com\/gunay.memmedli.1690\/posts\/pfbid023GmmMeCX4VbiycZUg2kKwDMZwxjj89kfXykTdyVoq53y9RUdmCwGrNXc6PqCQ8PSl?__cft__[0]=AZjft8fx3WjYeQ7lLoiBc7oT-BQ_RuOyt5Q9Koa7JViRP4Y1lB0sDixTH_hIHK3iKl8PQYsZvqkFJwy9PfXrVgU0dTjc-6Xi3aIc7Slp1TpXpPQmnIOJOcTfGcIUVMLRDqi0kleiA4s_RT9y2b7qN3zaVZMwLhKa7NRIKf--3ffamppHoQgFYXxVvBk53e_okiLJXLC7DrLIqr_NROcHWYjGiKmMG9pRUntz2iHJELqbCoWxsU-GyNCfRS52d-hukX3hEPwvHCGl8zsHvK_pCwVZmCKHB0HpujAXzeW4Bw8a2zhIMUfvWKd2JlYqSsQT&amp;__tn__=%2CO%2CP-R\" target=\"_blank\" rel=\"noreferrer noopener nofollow\">yay\u0131b<\/a>.<\/p>\n\n\n\n<p class=\"wp-block-paragraph\">G\u00fcnay M\u0259mm\u0259dli bildirib ki, qan analizinin n\u0259tic\u0259l\u0259rinin yaln\u0131z bir qismi onlara verilib, ultras\u0259s m\u00fcayin\u0259sind\u0259n is\u0259 ke\u00e7irilim\u0259yib.<\/p>\n\n\n\n<p class=\"wp-block-paragraph\"><em>\u201c<\/em><em>N\u0259tic\u0259l\u0259rd\u0259n bir ne\u00e7\u0259si normadan \u00e7ox y\u00fcks\u0259k bir ne\u00e7\u0259si is\u0259 normadan&nbsp; a\u015fa\u011f\u0131d\u0131r. H\u0259kiml\u0259rl\u0259 \u0259laq\u0259 saxlad\u0131q. Bunlardan xolesterin v\u0259 A\u015fa\u011f\u0131 S\u0131xl\u0131ql\u0131 Lipoproteidl\u0259r (LTD) normadan y\u00fcks\u0259k \u00e7\u0131x\u0131b. H\u0259kiml\u0259rin dediyin\u0259 g\u00f6r\u0259, LTD y\u00fcks\u0259kliyi karanar damarlar i\u00e7\u0259risind\u0259 plaklar\u0131n yaranmas\u0131na, \u00fcr\u0259yin i\u015femik x\u0259st\u0259likl\u0259rin\u0259 v\u0259 infarkta s\u0259b\u0259b olan faktordur. Ancaq h\u0259kiml\u0259r sin\u0259d\u0259 a\u011fr\u0131 v\u0259 tutma \u015fikay\u0259tl\u0259rinin, dig\u0259r s\u0259hh\u0259tl\u0259 ba\u011fl\u0131&nbsp; \u015fikay\u0259tl\u0259rin&nbsp; daha ciddi narahatedici faktor oldu\u011funu bildirdil\u0259r<\/em><em>\u201d<\/em>, &#8211; dey\u0259 qeyd edib.<\/p>\n\n\n\n<p class=\"wp-block-paragraph\">M\u0259mm\u0259dli deyir ki, aylard\u0131r edil\u0259n m\u00fcraci\u0259tl\u0259ri cavabs\u0131z qal\u0131r:<\/p>\n\n\n\n<p class=\"wp-block-paragraph\"><em>\u201c<\/em><em>\u018fl\u0259sg\u0259r M\u0259mm\u0259dlinin h\u0259yat\u0131 t\u0259hl\u00fck\u0259 qar\u015f\u0131s\u0131ndad\u0131r. Alayar\u0131m\u00e7\u0131q m\u00fcayin\u0259l\u0259rl\u0259 i\u015finizi bitmi\u015f hesab edirsiz. \u018fg\u0259r bir hadis\u0259 ba\u015f vers\u0259 bunun b\u00fct\u00fcn m\u0259suliyy\u0259ti sizin \u00fcz\u0259rinizd\u0259dir<\/em><em>\u201d.<\/em><\/p>\n\n\n\n<p class=\"wp-block-paragraph\">\u018fl\u0259sg\u0259r M\u0259mm\u0259dli avqustun 8-d\u0259 Bak\u0131 \u0130stintaq T\u0259cridxanas\u0131nda \u00fcr\u0259k tutmas\u0131 ke\u00e7irib v\u0259 bir m\u00fcdd\u0259t a\u011fr\u0131lar i\u00e7ind\u0259 yataqda qal\u0131b. H\u0259ft\u0259sonu oldu\u011fundan h\u0259kim onu m\u00fcayin\u0259 ed\u0259 bilm\u0259yib.<\/p>\n\n\n\n<p class=\"wp-block-paragraph\">\u018fl\u0259sg\u0259r M\u0259mm\u0259dli 2024-c\u00fc il mart\u0131n 8-d\u0259 \u201cToplum TV i\u015fi\u201dn\u0259 g\u00f6r\u0259 saxlan\u0131l\u0131b. \u201cToplum TV i\u015fi\u201d \u00fczr\u0259 \u00fcmumilikd\u0259 10 n\u0259f\u0259r cinay\u0259t m\u0259suliyy\u0259tin\u0259 c\u0259lb edilib. Bu il iyulun 27-d\u0259 Bak\u0131 A\u011f\u0131r Cinay\u0259tl\u0259r M\u0259hk\u0259m\u0259sind\u0259 onlara h\u00f6km elan olunub. M\u0259hk\u0259m\u0259nin q\u0259rar\u0131na \u0259sas\u0259n, \u018fl\u0259sg\u0259r M\u0259mm\u0259dli 14 il, Demokratik T\u0259\u015f\u0259bb\u00fcsl\u0259r \u0130nstitutunun r\u0259hb\u0259ri Akif Qurbanov v\u0259 siyas\u0259t\u00e7i Ruslan \u0130zz\u0259tli 15 il, dig\u0259r t\u0259qsirl\u0259ndiril\u0259n \u015f\u0259xsl\u0259r is\u0259 12 ild\u0259n 14 il\u0259d\u0259k m\u00fcdd\u0259t\u0259 azadl\u0131qdan m\u0259hrum edilibl\u0259r.<\/p>\n\n\n\n<p class=\"wp-block-paragraph\">M\u0259hk\u0259m\u0259, h\u0259m\u00e7inin t\u0259qsirl\u0259ndiril\u0259n \u015f\u0259xsl\u0259rin \u00fcz\u0259rin\u0259 h\u0259bs qoyulmu\u015f b\u0259zi \u0259mlaklar\u0131n m\u00fcsadir\u0259 olunmas\u0131na q\u0259rar verib.<\/p>\n\n\n\n<p class=\"wp-block-paragraph\">\u201cToplum TV i\u015fi\u201d \u00fczr\u0259 t\u0259qsirl\u0259ndiril\u0259n \u015f\u0259xsl\u0259r \u0259vv\u0259lc\u0259 qa\u00e7aqmal\u00e7\u0131l\u0131qda ittiham olunublar. Daha sonra ittihamlar a\u011f\u0131rla\u015fd\u0131r\u0131l\u0131b. T\u0259qsirl\u0259ndiril\u0259n \u015f\u0259xsl\u0259r ittihamlar\u0131 q\u0259bul etmir v\u0259 h\u0259bsl\u0259rinin siyasi motivli oldu\u011funu deyirl\u0259r.<\/p>\n\n\n\n<p class=\"wp-block-paragraph\"><\/p>\n","protected":false},"excerpt":{"rendered":"<p>Haz\u0131rda h\u0259bsd\u0259 olan Toplum TV-nin h\u0259mt\u0259sis\u00e7isi, media eksperti v\u0259 h\u00fcquq\u015f\u00fcnas &#8230; <\/p>\n<p class=\"read-more-container\"><a title=\"\u018fl\u0259sg\u0259r M\u0259mm\u0259dlinin h\u0259yat yolda\u015f\u0131: \u201cBir \u015fey olsa, b\u00fct\u00fcn m\u0259suliyy\u0259t sizin \u00fcz\u0259rinizd\u0259dir\u201d\" class=\"read-more button\" href=\"https:\/\/www.meydan.tv\/az\/article\/%c9%99l%c9%99sg%c9%99r-m%c9%99mm%c9%99dlinin-h%c9%99yat-yoldasi-%c9%99g%c9%99r-bir-hadis%c9%99-bas-vers%c9%99-bunun-butun-m%c9%99suliyy%c9%99ti-sizin-uz%c9%99ri\/#more-348795\" aria-label=\"Read more about \u018fl\u0259sg\u0259r M\u0259mm\u0259dlinin h\u0259yat yolda\u015f\u0131: \u201cBir \u015fey olsa, b\u00fct\u00fcn m\u0259suliyy\u0259t sizin \u00fcz\u0259rinizd\u0259dir\u201d\">Davam\u0131<\/a><\/p>\n","protected":false},"author":21,"featured_media":300984,"comment_status":"closed","ping_status":"closed","sticky":false,"template":"","format":"standard","meta":{"_acf_changed":false,"_sitemap_exclude":false,"_sitemap_priority":"","_sitemap_frequency":"","footnotes":""},"categories":[288,79,56],"tags":[],"class_list":["post-348795","post","type-post","status-publish","format-standard","has-post-thumbnail","hentry","category-siyasi-isler","category-featured","category-xeberler","infinite-scroll-item","generate-columns","tablet-grid-50","mobile-grid-100","grid-parent","grid-33","no-featured-image-padding"],"acf":[],"yoast_head":"<!-- This site is optimized with the Yoast SEO plugin v28.4 - https:\/\/yoast.com\/product\/yoast-seo-wordpress\/ -->\n<title>\u018fl\u0259sg\u0259r M\u0259mm\u0259dlinin h\u0259yat yolda\u015f\u0131: \u201cBir \u015fey olsa, b\u00fct\u00fcn m\u0259suliyy\u0259t sizin \u00fcz\u0259rinizd\u0259dir\u201d - MEYDAN.TV<\/title>\n<meta name=\"robots\" content=\"index, follow, max-snippet:-1, max-image-preview:large, max-video-preview:-1\" \/>\n<link rel=\"canonical\" href=\"https:\/\/www.meydan.tv\/az\/article\/%c9%99l%c9%99sg%c9%99r-m%c9%99mm%c9%99dlinin-h%c9%99yat-yoldasi-%c9%99g%c9%99r-bir-hadis%c9%99-bas-vers%c9%99-bunun-butun-m%c9%99suliyy%c9%99ti-sizin-uz%c9%99ri\/\" \/>\n<meta property=\"og:locale\" content=\"az_AZ\" \/>\n<meta property=\"og:type\" content=\"article\" \/>\n<meta property=\"og:title\" content=\"\u018fl\u0259sg\u0259r M\u0259mm\u0259dlinin h\u0259yat yolda\u015f\u0131: \u201cBir \u015fey olsa, b\u00fct\u00fcn m\u0259suliyy\u0259t sizin \u00fcz\u0259rinizd\u0259dir\u201d - MEYDAN.TV\" \/>\n<meta property=\"og:description\" content=\"Haz\u0131rda h\u0259bsd\u0259 olan Toplum TV-nin h\u0259mt\u0259sis\u00e7isi, media eksperti v\u0259 h\u00fcquq\u015f\u00fcnas ... Davam\u0131\" \/>\n<meta property=\"og:url\" content=\"https:\/\/www.meydan.tv\/az\/article\/%c9%99l%c9%99sg%c9%99r-m%c9%99mm%c9%99dlinin-h%c9%99yat-yoldasi-%c9%99g%c9%99r-bir-hadis%c9%99-bas-vers%c9%99-bunun-butun-m%c9%99suliyy%c9%99ti-sizin-uz%c9%99ri\/\" \/>\n<meta property=\"og:site_name\" content=\"MEYDAN.TV\" \/>\n<meta property=\"article:published_time\" content=\"2026-09-03T12:33:30+00:00\" \/>\n<meta property=\"article:modified_time\" content=\"2026-09-03T12:33:32+00:00\" \/>\n<meta property=\"og:image\" content=\"https:\/\/www.meydan.tv\/wp-content\/uploads\/img_1028_720-1-e1715601250261.jpg\" \/>\n\t<meta property=\"og:image:width\" content=\"1200\" \/>\n\t<meta property=\"og:image:height\" content=\"600\" \/>\n\t<meta property=\"og:image:type\" content=\"image\/jpeg\" \/>\n<meta name=\"twitter:card\" content=\"summary_large_image\" \/>\n<!-- \/ Yoast SEO plugin. -->","yoast_head_json":{"title":"\u018fl\u0259sg\u0259r M\u0259mm\u0259dlinin h\u0259yat yolda\u015f\u0131: \u201cBir \u015fey olsa, b\u00fct\u00fcn m\u0259suliyy\u0259t sizin \u00fcz\u0259rinizd\u0259dir\u201d - MEYDAN.TV","robots":{"index":"index","follow":"follow","max-snippet":"max-snippet:-1","max-image-preview":"max-image-preview:large","max-video-preview":"max-video-preview:-1"},"canonical":"https:\/\/www.meydan.tv\/az\/article\/%c9%99l%c9%99sg%c9%99r-m%c9%99mm%c9%99dlinin-h%c9%99yat-yoldasi-%c9%99g%c9%99r-bir-hadis%c9%99-bas-vers%c9%99-bunun-butun-m%c9%99suliyy%c9%99ti-sizin-uz%c9%99ri\/","og_locale":"az_AZ","og_type":"article","og_title":"\u018fl\u0259sg\u0259r M\u0259mm\u0259dlinin h\u0259yat yolda\u015f\u0131: \u201cBir \u015fey olsa, b\u00fct\u00fcn m\u0259suliyy\u0259t sizin \u00fcz\u0259rinizd\u0259dir\u201d - MEYDAN.TV","og_description":"Haz\u0131rda h\u0259bsd\u0259 olan Toplum TV-nin h\u0259mt\u0259sis\u00e7isi, media eksperti v\u0259 h\u00fcquq\u015f\u00fcnas ... Davam\u0131","og_url":"https:\/\/www.meydan.tv\/az\/article\/%c9%99l%c9%99sg%c9%99r-m%c9%99mm%c9%99dlinin-h%c9%99yat-yoldasi-%c9%99g%c9%99r-bir-hadis%c9%99-bas-vers%c9%99-bunun-butun-m%c9%99suliyy%c9%99ti-sizin-uz%c9%99ri\/","og_site_name":"MEYDAN.TV","article_published_time":"2026-09-03T12:33:30+00:00","article_modified_time":"2026-09-03T12:33:32+00:00","og_image":[{"width":1200,"height":600,"url":"https:\/\/www.meydan.tv\/wp-content\/uploads\/img_1028_720-1-e1715601250261.jpg","type":"image\/jpeg"}],"twitter_card":"summary_large_image","schema":{"@context":"https:\/\/schema.org","@graph":[{"@type":"Article","@id":"https:\/\/www.meydan.tv\/az\/article\/%c9%99l%c9%99sg%c9%99r-m%c9%99mm%c9%99dlinin-h%c9%99yat-yoldasi-%c9%99g%c9%99r-bir-hadis%c9%99-bas-vers%c9%99-bunun-butun-m%c9%99suliyy%c9%99ti-sizin-uz%c9%99ri\/#article","isPartOf":{"@id":"https:\/\/www.meydan.tv\/az\/article\/%c9%99l%c9%99sg%c9%99r-m%c9%99mm%c9%99dlinin-h%c9%99yat-yoldasi-%c9%99g%c9%99r-bir-hadis%c9%99-bas-vers%c9%99-bunun-butun-m%c9%99suliyy%c9%99ti-sizin-uz%c9%99ri\/"},"author":{"name":"mahmud","@id":"https:\/\/www.meydan.tv\/az\/#\/schema\/person\/09863e516102a829e72bedcf3f84c6b0"},"headline":"\u018fl\u0259sg\u0259r M\u0259mm\u0259dlinin h\u0259yat yolda\u015f\u0131: \u201cBir \u015fey olsa, b\u00fct\u00fcn m\u0259suliyy\u0259t sizin \u00fcz\u0259rinizd\u0259dir\u201d","datePublished":"2026-09-03T12:33:30+00:00","dateModified":"2026-09-03T12:33:32+00:00","mainEntityOfPage":{"@id":"https:\/\/www.meydan.tv\/az\/article\/%c9%99l%c9%99sg%c9%99r-m%c9%99mm%c9%99dlinin-h%c9%99yat-yoldasi-%c9%99g%c9%99r-bir-hadis%c9%99-bas-vers%c9%99-bunun-butun-m%c9%99suliyy%c9%99ti-sizin-uz%c9%99ri\/"},"wordCount":513,"publisher":{"@id":"https:\/\/www.meydan.tv\/az\/#organization"},"image":{"@id":"https:\/\/www.meydan.tv\/az\/article\/%c9%99l%c9%99sg%c9%99r-m%c9%99mm%c9%99dlinin-h%c9%99yat-yoldasi-%c9%99g%c9%99r-bir-hadis%c9%99-bas-vers%c9%99-bunun-butun-m%c9%99suliyy%c9%99ti-sizin-uz%c9%99ri\/#primaryimage"},"thumbnailUrl":"https:\/\/www.meydan.tv\/wp-content\/uploads\/img_1028_720-1-e1715601250261.jpg","articleSection":["Siyasi i\u015fl\u0259r","T\u00f6vsiy\u0259","X\u0259b\u0259rl\u0259r"],"inLanguage":"az"},{"@type":"WebPage","@id":"https:\/\/www.meydan.tv\/az\/article\/%c9%99l%c9%99sg%c9%99r-m%c9%99mm%c9%99dlinin-h%c9%99yat-yoldasi-%c9%99g%c9%99r-bir-hadis%c9%99-bas-vers%c9%99-bunun-butun-m%c9%99suliyy%c9%99ti-sizin-uz%c9%99ri\/","url":"https:\/\/www.meydan.tv\/az\/article\/%c9%99l%c9%99sg%c9%99r-m%c9%99mm%c9%99dlinin-h%c9%99yat-yoldasi-%c9%99g%c9%99r-bir-hadis%c9%99-bas-vers%c9%99-bunun-butun-m%c9%99suliyy%c9%99ti-sizin-uz%c9%99ri\/","name":"\u018fl\u0259sg\u0259r M\u0259mm\u0259dlinin h\u0259yat yolda\u015f\u0131: \u201cBir \u015fey olsa, b\u00fct\u00fcn m\u0259suliyy\u0259t sizin \u00fcz\u0259rinizd\u0259dir\u201d - MEYDAN.TV","isPartOf":{"@id":"https:\/\/www.meydan.tv\/az\/#website"},"primaryImageOfPage":{"@id":"https:\/\/www.meydan.tv\/az\/article\/%c9%99l%c9%99sg%c9%99r-m%c9%99mm%c9%99dlinin-h%c9%99yat-yoldasi-%c9%99g%c9%99r-bir-hadis%c9%99-bas-vers%c9%99-bunun-butun-m%c9%99suliyy%c9%99ti-sizin-uz%c9%99ri\/#primaryimage"},"image":{"@id":"https:\/\/www.meydan.tv\/az\/article\/%c9%99l%c9%99sg%c9%99r-m%c9%99mm%c9%99dlinin-h%c9%99yat-yoldasi-%c9%99g%c9%99r-bir-hadis%c9%99-bas-vers%c9%99-bunun-butun-m%c9%99suliyy%c9%99ti-sizin-uz%c9%99ri\/#primaryimage"},"thumbnailUrl":"https:\/\/www.meydan.tv\/wp-content\/uploads\/img_1028_720-1-e1715601250261.jpg","datePublished":"2026-09-03T12:33:30+00:00","dateModified":"2026-09-03T12:33:32+00:00","breadcrumb":{"@id":"https:\/\/www.meydan.tv\/az\/article\/%c9%99l%c9%99sg%c9%99r-m%c9%99mm%c9%99dlinin-h%c9%99yat-yoldasi-%c9%99g%c9%99r-bir-hadis%c9%99-bas-vers%c9%99-bunun-butun-m%c9%99suliyy%c9%99ti-sizin-uz%c9%99ri\/#breadcrumb"},"inLanguage":"az","potentialAction":[{"@type":"ReadAction","target":["https:\/\/www.meydan.tv\/az\/article\/%c9%99l%c9%99sg%c9%99r-m%c9%99mm%c9%99dlinin-h%c9%99yat-yoldasi-%c9%99g%c9%99r-bir-hadis%c9%99-bas-vers%c9%99-bunun-butun-m%c9%99suliyy%c9%99ti-sizin-uz%c9%99ri\/"]}]},{"@type":"ImageObject","inLanguage":"az","@id":"https:\/\/www.meydan.tv\/az\/article\/%c9%99l%c9%99sg%c9%99r-m%c9%99mm%c9%99dlinin-h%c9%99yat-yoldasi-%c9%99g%c9%99r-bir-hadis%c9%99-bas-vers%c9%99-bunun-butun-m%c9%99suliyy%c9%99ti-sizin-uz%c9%99ri\/#primaryimage","url":"https:\/\/www.meydan.tv\/wp-content\/uploads\/img_1028_720-1-e1715601250261.jpg","contentUrl":"https:\/\/www.meydan.tv\/wp-content\/uploads\/img_1028_720-1-e1715601250261.jpg","width":1200,"height":600,"caption":"\u018fl\u0259sg\u0259r M\u0259mm\u0259dli. Foto: Meydan TV"},{"@type":"BreadcrumbList","@id":"https:\/\/www.meydan.tv\/az\/article\/%c9%99l%c9%99sg%c9%99r-m%c9%99mm%c9%99dlinin-h%c9%99yat-yoldasi-%c9%99g%c9%99r-bir-hadis%c9%99-bas-vers%c9%99-bunun-butun-m%c9%99suliyy%c9%99ti-sizin-uz%c9%99ri\/#breadcrumb","itemListElement":[{"@type":"ListItem","position":1,"name":"Ana s\u0259hif\u0259","item":"https:\/\/www.meydan.tv\/az\/"},{"@type":"ListItem","position":2,"name":"Siyasi i\u015fl\u0259r","item":"https:\/\/www.meydan.tv\/az\/section\/siyasi-isler\/"},{"@type":"ListItem","position":3,"name":"\u018fl\u0259sg\u0259r M\u0259mm\u0259dlinin h\u0259yat yolda\u015f\u0131: \u201cBir \u015fey olsa, b\u00fct\u00fcn m\u0259suliyy\u0259t sizin \u00fcz\u0259rinizd\u0259dir\u201d"}]},{"@type":"WebSite","@id":"https:\/\/www.meydan.tv\/az\/#website","url":"https:\/\/www.meydan.tv\/az\/","name":"MEYDAN.TV","description":"Meydan TV Az\u0259rbaycan\u0131n media m\u0259kan\u0131ndak\u0131 alternativ s\u0259sidir","publisher":{"@id":"https:\/\/www.meydan.tv\/az\/#organization"},"potentialAction":[{"@type":"SearchAction","target":{"@type":"EntryPoint","urlTemplate":"https:\/\/www.meydan.tv\/az\/?s={search_term_string}"},"query-input":{"@type":"PropertyValueSpecification","valueRequired":true,"valueName":"search_term_string"}}],"inLanguage":"az"},{"@type":"Organization","@id":"https:\/\/www.meydan.tv\/az\/#organization","name":"Meydan TV","url":"https:\/\/www.meydan.tv\/az\/","logo":{"@type":"ImageObject","inLanguage":"az","@id":"https:\/\/www.meydan.tv\/az\/#\/schema\/logo\/image\/","url":"https:\/\/www.meydan.tv\/wp-content\/uploads\/2021\/07\/meydan-logo.svg","contentUrl":"https:\/\/www.meydan.tv\/wp-content\/uploads\/2021\/07\/meydan-logo.svg","width":195,"height":46,"caption":"Meydan TV"},"image":{"@id":"https:\/\/www.meydan.tv\/az\/#\/schema\/logo\/image\/"}},{"@type":"Person","@id":"https:\/\/www.meydan.tv\/az\/#\/schema\/person\/09863e516102a829e72bedcf3f84c6b0","name":"mahmud"}]}},"_links":{"self":[{"href":"https:\/\/www.meydan.tv\/az\/wp-json\/wp\/v2\/posts\/348795","targetHints":{"allow":["GET"]}}],"collection":[{"href":"https:\/\/www.meydan.tv\/az\/wp-json\/wp\/v2\/posts"}],"about":[{"href":"https:\/\/www.meydan.tv\/az\/wp-json\/wp\/v2\/types\/post"}],"author":[{"embeddable":true,"href":"https:\/\/www.meydan.tv\/az\/wp-json\/wp\/v2\/users\/21"}],"replies":[{"embeddable":true,"href":"https:\/\/www.meydan.tv\/az\/wp-json\/wp\/v2\/comments?post=348795"}],"version-history":[{"count":1,"href":"https:\/\/www.meydan.tv\/az\/wp-json\/wp\/v2\/posts\/348795\/revisions"}],"predecessor-version":[{"id":348796,"href":"https:\/\/www.meydan.tv\/az\/wp-json\/wp\/v2\/posts\/348795\/revisions\/348796"}],"wp:featuredmedia":[{"embeddable":true,"href":"https:\/\/www.meydan.tv\/az\/wp-json\/wp\/v2\/media\/300984"}],"wp:attachment":[{"href":"https:\/\/www.meydan.tv\/az\/wp-json\/wp\/v2\/media?parent=348795"}],"wp:term":[{"taxonomy":"category","embeddable":true,"href":"https:\/\/www.meydan.tv\/az\/wp-json\/wp\/v2\/categories?post=348795"},{"taxonomy":"post_tag","embeddable":true,"href":"https:\/\/www.meydan.tv\/az\/wp-json\/wp\/v2\/tags?post=348795"}],"curies":[{"name":"wp","href":"https:\/\/api.w.org\/{rel}","templated":true}]}}