{"id":348790,"date":"2026-09-03T16:46:43","date_gmt":"2026-09-03T12:46:43","guid":{"rendered":"https:\/\/www.meydan.tv\/?p=348790"},"modified":"2026-09-03T17:08:21","modified_gmt":"2026-09-03T13:08:21","slug":"h%c9%99rbi-hiss%c9%99-tikintisind%c9%99-calisan-f%c9%99hl%c9%99l%c9%99r-dord-aydir-pulumuzu-ala-bilmirik","status":"publish","type":"post","link":"https:\/\/www.meydan.tv\/az\/article\/h%c9%99rbi-hiss%c9%99-tikintisind%c9%99-calisan-f%c9%99hl%c9%99l%c9%99r-dord-aydir-pulumuzu-ala-bilmirik\/","title":{"rendered":"H\u0259rbi hiss\u0259 tikintisind\u0259 \u00e7al\u0131\u015fan f\u0259hl\u0259l\u0259r: \u201cD\u00f6rd ayd\u0131r pulumuzu ala bilmirik\u201d"},"content":{"rendered":"\n<p class=\"wp-block-paragraph\"><em>X\u0131z\u0131 rayonunun Gil\u0259zi q\u0259s\u0259b\u0259sind\u0259 h\u0259rbi obyektin tikintisind\u0259 \u00e7al\u0131\u015fan f\u0259hl\u0259l\u0259r g\u00f6rd\u00fckl\u0259ri i\u015fin pulunu aylard\u0131r ala bilm\u0259dikl\u0259rini deyirl\u0259r. \u0130\u015f\u00e7il\u0259rin s\u00f6zl\u0259rin\u0259 g\u00f6r\u0259, onlar\u0131 tikintiy\u0259 c\u0259lb ed\u0259n subpodrat\u00e7\u0131 \u201cNihad \u0130n\u015faat MMC\u201d \u00f6d\u0259ni\u015fl\u0259ri m\u00fcxt\u0259lif b\u0259han\u0259l\u0259rl\u0259 gecikdirib. \u015eirk\u0259t n\u00fcmay\u0259nd\u0259si is\u0259 ittihamlar\u0131 r\u0259dd edir v\u0259 he\u00e7 kim\u0259 borclar\u0131n\u0131n qalmad\u0131\u011f\u0131n\u0131 bildirir.<\/em><\/p>\n\n\n\n<p class=\"wp-block-paragraph\">Gil\u0259zi q\u0259s\u0259b\u0259sind\u0259 yerl\u0259\u015f\u0259n h\u0259rbi hiss\u0259d\u0259 tikinti i\u015fl\u0259rini \u0259sas podrat\u00e7\u0131 kimi \u201cNort Vest Konstrak\u015fn\u201d \u015firk\u0259ti apar\u0131r. Meydan TV-y\u0259 dan\u0131\u015fan f\u0259hl\u0259l\u0259r is\u0259 tikintid\u0259 subpodrat\u00e7\u0131 kimi \u00e7al\u0131\u015fan \u201cNihad \u0130n\u015faat MMC\u201d vasit\u0259si il\u0259 i\u015f\u0259 g\u00f6t\u00fcr\u00fcld\u00fckl\u0259rini bildirirl\u0259r.<\/p>\n\n\n\n<p class=\"wp-block-paragraph\">Onlar\u0131n s\u00f6zl\u0259rin\u0259 g\u00f6r\u0259, problem bir ne\u00e7\u0259 ayd\u0131r davam edir.<\/p>\n\n\n\n<p class=\"wp-block-paragraph\">Meydan TV-y\u0259 dan\u0131\u015fan R\u00f6v\u015f\u0259n P\u0259nahov adl\u0131 f\u0259hl\u0259 deyir ki, t\u0259xmin\u0259n d\u00f6rd ayd\u0131r qazand\u0131\u011f\u0131 pulun bir hiss\u0259sini ala bilmir. O bildirir ki, g\u00fcnd\u0259lik 30 manat qar\u015f\u0131l\u0131\u011f\u0131nda i\u015fl\u0259m\u0259y\u0259 raz\u0131la\u015f\u0131b, haz\u0131rda is\u0259 t\u0259xmin\u0259n 400 manat alaca\u011f\u0131 var.<\/p>\n\n\n\n<p class=\"wp-block-paragraph\">R\u00f6v\u015f\u0259n P\u0259nahovun s\u00f6zl\u0259rin\u0259 g\u00f6r\u0259, \u00f6d\u0259ni\u015f h\u0259r d\u0259f\u0259 ba\u015fqa tarix\u0259 v\u0259 ba\u015fqa s\u0259b\u0259bl\u0259 t\u0259xir\u0259 sal\u0131n\u0131b.<\/p>\n\n\n\n<p class=\"wp-block-paragraph\"><em>\u201cKas\u0131b adamam, yolda\u015f\u0131m da x\u0259st\u0259dir. 400 manat az pul deyil. Ne\u00e7\u0259 g\u00fcn i\u015fl\u0259mi\u015f\u0259m orada, pulumu ala bilmir\u0259m. \u0130kinci g\u00fcn deyirl\u0259r, be\u015finci g\u00fcn\u0259 qal\u0131r, be\u015finci g\u00fcn deyirl\u0259r, g\u0259l\u0259n h\u0259ft\u0259y\u0259. Bel\u0259c\u0259, d\u00f6rd\u00fcnc\u00fc aya ke\u00e7dil\u0259r. \u0130ndi d\u0259 deyirl\u0259r ki, pul k\u00f6\u00e7\u00fcb, s\u0259n\u0259dl\u0259\u015fm\u0259 getmir. Z\u0259ng edirik, n\u00f6mr\u0259mizi bloka at\u0131blar, cavab vermirl\u0259r\u201d.<\/em><\/p>\n\n\n\n<h3 class=\"wp-block-heading\"><strong>\u201c15-\u0259 yax\u0131n adam\u0131n pulu qal\u0131b\u201d<\/strong><\/h3>\n\n\n\n<p class=\"wp-block-paragraph\">R\u00f6v\u015f\u0259n P\u0259nahov bildirir ki, m\u0259s\u0259l\u0259 yaln\u0131z onun \u00f6d\u0259ni\u015fi il\u0259 ba\u011fl\u0131 deyil. Onun s\u00f6zl\u0259rin\u0259 g\u00f6r\u0259, tikintid\u0259 \u00e7al\u0131\u015fan t\u0259xmin\u0259n 15 usta v\u0259 f\u0259hl\u0259nin d\u0259 ox\u015far problemi var.<\/p>\n\n\n\n<p class=\"wp-block-paragraph\">Onlar\u0131n aras\u0131nda g\u00fcnd\u0259lik 50 manat m\u00fcqabilind\u0259 \u00e7al\u0131\u015fan kafel ustalar\u0131 v\u0259 boya ustalar\u0131 da oldu\u011fu bildirilir.<\/p>\n\n\n\n<p class=\"wp-block-paragraph\">F\u0259hl\u0259 deyir ki, i\u015f\u00e7il\u0259rl\u0259 r\u0259smi \u0259m\u0259k m\u00fcqavil\u0259si ba\u011flanmay\u0131b. Onun s\u00f6zl\u0259rin\u0259 g\u00f6r\u0259, \u0259vv\u0259lki \u00f6d\u0259ni\u015fl\u0259r d\u0259 bank hesab\u0131 \u00fcz\u0259rind\u0259n \u0259m\u0259khaqq\u0131 kimi deyil, kartdan-karta k\u00f6\u00e7\u00fcrm\u0259 yolu il\u0259 h\u0259yata ke\u00e7irilib.<\/p>\n\n\n\n<p class=\"wp-block-paragraph\">R\u00f6v\u015f\u0259nin iddias\u0131na g\u00f6r\u0259, onlar\u0131 obyekt\u0259 c\u0259lb ed\u0259n \u201cNihad \u0130n\u015faat MMC\u201d \u015firk\u0259tinin i\u015fl\u0259rini Mustafa v\u0259 Akim \u018fmirov qarda\u015flar\u0131 idar\u0259 edir.<\/p>\n\n\n\n<figure class=\"wp-block-image size-large\"><img decoding=\"async\" src=\"https:\/\/www.meydan.tv\/wp-content\/uploads\/2564-1200x586.png\" alt=\"\" class=\"wp-image-348800\"\/><figcaption class=\"wp-element-caption\">\u015eikay\u0259t\u00e7i f\u0259hl\u0259 R\u00f6v\u015f\u0259n P\u0259nahov &#8211; Foto: \u015e\u0259xsi arxivind\u0259n<\/figcaption><\/figure>\n\n\n\n<h3 class=\"wp-block-heading\"><strong>\u015eirk\u0259t: \u201cBizim he\u00e7 kim\u0259 borcumuz yoxdur\u201d<\/strong><\/h3>\n\n\n\n<p class=\"wp-block-paragraph\">M\u0259s\u0259l\u0259 il\u0259 ba\u011fl\u0131 Meydan TV-y\u0259 dan\u0131\u015fan Mustafa \u018fmirov is\u0259 f\u0259hl\u0259l\u0259rin ittihamlar\u0131n\u0131 q\u0259bul etmir.<\/p>\n\n\n\n<p class=\"wp-block-paragraph\">O bildirir ki, i\u015f\u00e7il\u0259r qar\u015f\u0131s\u0131nda h\u0259r hans\u0131 maliyy\u0259 \u00f6hd\u0259liyi qalmay\u0131b v\u0259 b\u00fct\u00fcn \u00f6d\u0259ni\u015fl\u0259r h\u0259yata ke\u00e7irilib. Mustafa \u018fmirov \u015firk\u0259tin f\u0259aliyy\u0259tinin qanunvericiliy\u0259 uy\u011fun oldu\u011funu da deyir:<\/p>\n\n\n\n<p class=\"wp-block-paragraph\"><em>\u201cBizim he\u00e7 kim\u0259 borcumuz yoxdur, b\u00fct\u00fcn \u00f6d\u0259ni\u015fl\u0259r olunub. M\u0259hk\u0259m\u0259 q\u0259rar\u0131 olmadan he\u00e7 kim bizi n\u0259d\u0259s\u0259 t\u0259qsirl\u0259ndir\u0259 bilm\u0259z. Naraz\u0131l\u0131\u011f\u0131 olan gedib polis\u0259, prokurorlu\u011fa m\u00fcraci\u0259t etsin. D\u0259qiql\u0259\u015fdirilm\u0259mi\u015f m\u0259lumatlar\u0131 yayanlar\u0131 v\u0259 ad\u0131m\u0131z\u0131 halland\u0131ranlar\u0131 m\u0259hk\u0259m\u0259y\u0259 ver\u0259c\u0259yik\u201d.<\/em><\/p>\n\n\n\n<p class=\"wp-block-paragraph\"><strong>\u015eirk\u0259t haqq\u0131nda n\u0259l\u0259r m\u0259lumdur?<\/strong><\/p>\n\n\n\n<p class=\"wp-block-paragraph\">Meydan TV \u015firk\u0259tin d\u00f6vl\u0259t reyestrind\u0259ki m\u0259lumatlar\u0131n\u0131 da ara\u015fd\u0131r\u0131b. Vergi orqan\u0131n\u0131n kommersiya qurumlar\u0131n\u0131n d\u00f6vl\u0259t reyestrin\u0259 \u0259sas\u0259n, 2023-c\u00fc ilin aprelind\u0259 qeydiyyata al\u0131nan \u201cNihad \u0130n\u015faat\u201d MMC-nin qanuni t\u0259msil\u00e7isi \u015eahin Xudayar o\u011flu Qurbanl\u0131d\u0131r.<\/p>\n\n\n\n<p class=\"wp-block-paragraph\">M\u0259rk\u0259zi Se\u00e7ki Komissiyas\u0131n\u0131n 2026-c\u0131 il se\u00e7ici siyah\u0131s\u0131nda \u015eahin Qurbanl\u0131n\u0131n \u0130mi\u015fli rayonunun X\u0259lf\u0259li k\u0259ndind\u0259 qeydiyyatda oldu\u011fu g\u00f6r\u00fcn\u00fcr. F\u0259hl\u0259l\u0259rin \u015firk\u0259tin i\u015fl\u0259rini idar\u0259 etdiyini bildirdiyi Mustafa v\u0259 Akim \u018fmirov qarda\u015flar\u0131, el\u0259c\u0259 d\u0259 Nihad Akim o\u011flu \u018fmirov da h\u0259min k\u0259nd v\u0259 eyni se\u00e7ki m\u0259nt\u0259q\u0259si \u00fczr\u0259 qeydiyyatdad\u0131r.<\/p>\n\n\n\n<p class=\"wp-block-paragraph\">Meydan TV-nin \u0259ld\u0259 etdiyi telefon m\u0259lumatlar\u0131nda is\u0259 Mustafa v\u0259 Akim \u018fmirovlar\u0131n n\u00f6mr\u0259l\u0259ri m\u00fcxt\u0259lif istifad\u0259\u00e7il\u0259r t\u0259r\u0259find\u0259n \u201cNihad \u0130n\u015faat\u201d ad\u0131 il\u0259 yadda saxlan\u0131l\u0131b. Bununla bel\u0259, d\u00f6vl\u0259t reyestrinin a\u00e7\u0131q hiss\u0259sind\u0259 \u015firk\u0259tin t\u0259sis\u00e7isi v\u0259 benefisiar sahibi bar\u0259d\u0259 m\u0259lumat g\u00f6st\u0259rilmir. Buna g\u00f6r\u0259 \u018fmirovlar\u0131n \u015firk\u0259td\u0259 h\u00fcquqi pay sahibi olub-olmad\u0131\u011f\u0131n\u0131, el\u0259c\u0259 d\u0259 bu \u015f\u0259xsl\u0259r aras\u0131nda qohumluq \u0259laq\u0259l\u0259ri olub-olmad\u0131\u011f\u0131n\u0131 m\u00fc\u0259yy\u0259nl\u0259\u015fdirm\u0259k m\u00fcmk\u00fcn olmay\u0131b.<\/p>\n\n\n\n<h3 class=\"wp-block-heading\"><strong>\u018fsas podrat\u00e7\u0131 il\u0259 ba\u011fl\u0131 \u0259vv\u0259l d\u0259 f\u0259hl\u0259 \u015fikay\u0259tl\u0259ri olub<\/strong><\/h3>\n\n\n\n<p class=\"wp-block-paragraph\">Gil\u0259zid\u0259ki h\u0259rbi obyektin \u0259sas podrat\u00e7\u0131s\u0131 olan \u201cNort Vest Konstrak\u015fn\u201d \u015firk\u0259ti il\u0259 ba\u011fl\u0131 f\u0259hl\u0259l\u0259rin \u0259m\u0259k m\u00fcnasib\u0259tl\u0259rin\u0259 dair naraz\u0131l\u0131qlar ilk d\u0259f\u0259 s\u0259sl\u0259nmir.<\/p>\n\n\n\n<p class=\"wp-block-paragraph\">2017-ci ild\u0259 G\u0259nc\u0259d\u0259 \u201cGanja Mall\u201dun tikintisind\u0259 \u00e7al\u0131\u015fan 20-y\u0259 yax\u0131n f\u0259hl\u0259 d\u0259 \u0259m\u0259k h\u00fcquqlar\u0131n\u0131n pozuldu\u011funu bildirmi\u015fdi. \u0130\u015f\u00e7il\u0259r h\u0259min vaxt m\u00fcqavil\u0259siz i\u015fl\u0259dildikl\u0259rini, m\u0259zuniyy\u0259t h\u00fcquqlar\u0131n\u0131n t\u0259min olunmad\u0131\u011f\u0131n\u0131 v\u0259 i\u015fd\u0259n \u00e7\u0131xar\u0131landa kompensasiya ala bilm\u0259dikl\u0259rini dey\u0259r\u0259k Prezident Administrasiyas\u0131na <a href=\"https:\/\/www.gununsesi.info\/north-west-tikinti-sirk%C9%99ti-iscil%C9%99rin-huquqlarini-pozur\/\">m\u00fcraci\u0259t<\/a> etmi\u015fdil\u0259r.<\/p>\n\n\n\n<p class=\"wp-block-paragraph\">F\u0259hl\u0259l\u0259r bildirirdil\u0259r ki, i\u015f\u0259 q\u0259bul zaman\u0131 s\u0259n\u0259dl\u0259ri toplansa da, sonradan onlarla \u0259m\u0259k m\u00fcqavil\u0259si ba\u011flanmay\u0131b.<\/p>\n\n\n\n<p class=\"wp-block-paragraph\">\u201cNort Vest Konstrak\u015fn\u201d Az\u0259rbaycanda iri tikinti v\u0259 infrastruktur layih\u0259l\u0259rind\u0259 i\u015ftirak ed\u0259n \u015firk\u0259tl\u0259rd\u0259ndir. \u015eirk\u0259tin ad\u0131 m\u00fcxt\u0259lif d\u00f6vl\u0259t sifari\u015fl\u0259ri v\u0259 b\u00f6y\u00fck tikinti layih\u0259l\u0259rind\u0259 ke\u00e7ir.<\/p>\n\n\n\n<p class=\"wp-block-paragraph\">\u201cNort Vest Konstrak\u015fn\u201d h\u0259m\u00e7inin Qaraba\u011f v\u0259 \u015e\u0259rqi Z\u0259ng\u0259zurda h\u0259yata ke\u00e7iril\u0259n b\u0259rpa v\u0259 infrastruktur layih\u0259l\u0259rind\u0259 podrat\u00e7\u0131 kimi i\u015ftirak edir v\u0259 bu \u0259razil\u0259rd\u0259 milyonlarla manatl\u0131q d\u00f6vl\u0259t sifari\u015fl\u0259ri icra edir.<\/p>\n\n\n\n<p class=\"wp-block-paragraph\">\u015eirk\u0259tin h\u00fcquqi \u00fcnvan\u0131\u201cPort Baku Towers\u201d, y\u0259ni Bak\u0131 \u015f\u0259h\u0259ri, N\u0259simi rayonu, Neft\u00e7il\u0259r prospekti 153 olaraq g\u00f6st\u0259rilir. \u201cPA\u015eA Holding\u201d\u0259 daxil olan bir s\u0131ra \u015firk\u0259tl\u0259r d\u0259 eyni biznes kompleksind\u0259 <a href=\"https:\/\/www.meydan.tv\/az\/article\/qaradag-sus%c9%99-zavodu-i%cc%87qtisadiyyat-nazirliyin%c9%99-yaxin-s%c9%99xsin-sirk%c9%99tin%c9%99-satildi\/\">qeydiyyatda<\/a>d\u0131r.&nbsp;<\/p>\n\n\n\n<p class=\"wp-block-paragraph\">\u201cNort Vest Konstrak\u015fn\u201d \u015firk\u0259ti il\u0259 \u201cPASHA Holding\u201d\u0259 m\u0259xsus olan \u201cPASHA Construction\u201d aras\u0131nda uzunm\u00fcdd\u0259tli kommersiya \u0259m\u0259kda\u015fl\u0131\u011f\u0131 olub. \u015eirk\u0259tin \u00f6z layih\u0259 portfelind\u0259 \u201cPASHA Construction\u201d G\u0259nc\u0259 Mall, G\u0259nclik Mall, 28 Mall, Port Baku Towers v\u0259 dig\u0259r iri obyektl\u0259r \u00fczr\u0259 sifari\u015f\u00e7i kimi g\u00f6st\u0259rilir. M\u0259s\u0259l\u0259n, G\u0259nc\u0259 Mall layih\u0259sind\u0259 \u201cPASHA Construction\u201d sifari\u015f\u00e7i, \u201cNort Vest Konstrak\u015fn\u201d is\u0259 tikintini a\u00e7ar-t\u0259slim h\u0259yata ke\u00e7ir\u0259n podrat\u00e7\u0131 olub. \u015eirk\u0259tin 2020-ci il korporativ t\u0259qdimat\u0131nda da \u00e7oxsayl\u0131 layih\u0259l\u0259r \u00fczr\u0259 eyni \u0259m\u0259kda\u015fl\u0131q modeli g\u00f6r\u00fcn\u00fcr. Bu m\u0259lumatlar iki \u015firk\u0259t aras\u0131nda ayr\u0131-ayr\u0131 m\u00fcqavil\u0259l\u0259rl\u0259 m\u0259hdudla\u015fmayan, ill\u0259rl\u0259 davam etmi\u015f i\u015fg\u00fczar m\u00fcnasib\u0259tin oldu\u011funu g\u00f6st\u0259rir.<\/p>\n\n\n\n<p class=\"wp-block-paragraph\">\u201cNort Vest Konstrak\u015fn\u201d \u015firk\u0259tinin \u0130qtisadiyyat Nazirliyinin ke\u00e7irdiyi \u201cQarada\u011f \u015e\u00fc\u015f\u0259 Zavodu\u201dnun \u00f6z\u0259ll\u0259\u015fdirilm\u0259si prosesind\u0259 pay sahibi olan \u015firk\u0259tl\u0259rd\u0259n biri oldu\u011fu da s\u00fcbut olunub.<\/p>\n\n\n\n<p class=\"wp-block-paragraph\">\u0130ddalara cavab verm\u0259k \u00fc\u00e7\u00fcn \u201cNort Vest Konstrak\u015fn\u201d \u015firk\u0259ti il\u0259 \u0259laq\u0259 saxlasaq da, \u015firk\u0259t n\u00fcmay\u0259nd\u0259l\u0259ri cavab verm\u0259kd\u0259n imtina etdil\u0259r.<\/p>\n","protected":false},"excerpt":{"rendered":"<p>X\u0131z\u0131 rayonunun Gil\u0259zi q\u0259s\u0259b\u0259sind\u0259 h\u0259rbi obyektin tikintisind\u0259 \u00e7al\u0131\u015fan f\u0259hl\u0259l\u0259r g\u00f6rd\u00fckl\u0259ri &#8230; <\/p>\n<p class=\"read-more-container\"><a title=\"H\u0259rbi hiss\u0259 tikintisind\u0259 \u00e7al\u0131\u015fan f\u0259hl\u0259l\u0259r: \u201cD\u00f6rd ayd\u0131r pulumuzu ala bilmirik\u201d\" class=\"read-more button\" href=\"https:\/\/www.meydan.tv\/az\/article\/h%c9%99rbi-hiss%c9%99-tikintisind%c9%99-calisan-f%c9%99hl%c9%99l%c9%99r-dord-aydir-pulumuzu-ala-bilmirik\/#more-348790\" aria-label=\"Read more about H\u0259rbi hiss\u0259 tikintisind\u0259 \u00e7al\u0131\u015fan f\u0259hl\u0259l\u0259r: \u201cD\u00f6rd ayd\u0131r pulumuzu ala bilmirik\u201d\">Davam\u0131<\/a><\/p>\n","protected":false},"author":14,"featured_media":348792,"comment_status":"closed","ping_status":"closed","sticky":false,"template":"","format":"standard","meta":{"_acf_changed":false,"_sitemap_exclude":false,"_sitemap_priority":"","_sitemap_frequency":"","footnotes":""},"categories":[62,79,56],"tags":[],"class_list":["post-348790","post","type-post","status-publish","format-standard","has-post-thumbnail","hentry","category-sosial","category-featured","category-xeberler","infinite-scroll-item","generate-columns","tablet-grid-50","mobile-grid-100","grid-parent","grid-33","no-featured-image-padding"],"acf":[],"yoast_head":"<!-- This site is optimized with the Yoast SEO plugin v28.4 - https:\/\/yoast.com\/product\/yoast-seo-wordpress\/ -->\n<title>H\u0259rbi hiss\u0259 tikintisind\u0259 \u00e7al\u0131\u015fan f\u0259hl\u0259l\u0259r: \u201cD\u00f6rd ayd\u0131r pulumuzu ala bilmirik\u201d - MEYDAN.TV<\/title>\n<meta name=\"robots\" content=\"index, follow, max-snippet:-1, max-image-preview:large, max-video-preview:-1\" \/>\n<link rel=\"canonical\" href=\"https:\/\/www.meydan.tv\/az\/article\/h%c9%99rbi-hiss%c9%99-tikintisind%c9%99-calisan-f%c9%99hl%c9%99l%c9%99r-dord-aydir-pulumuzu-ala-bilmirik\/\" \/>\n<meta property=\"og:locale\" content=\"az_AZ\" \/>\n<meta property=\"og:type\" content=\"article\" \/>\n<meta property=\"og:title\" content=\"H\u0259rbi hiss\u0259 tikintisind\u0259 \u00e7al\u0131\u015fan f\u0259hl\u0259l\u0259r: \u201cD\u00f6rd ayd\u0131r pulumuzu ala bilmirik\u201d - MEYDAN.TV\" \/>\n<meta property=\"og:description\" content=\"X\u0131z\u0131 rayonunun Gil\u0259zi q\u0259s\u0259b\u0259sind\u0259 h\u0259rbi obyektin tikintisind\u0259 \u00e7al\u0131\u015fan f\u0259hl\u0259l\u0259r g\u00f6rd\u00fckl\u0259ri ... Davam\u0131\" \/>\n<meta property=\"og:url\" content=\"https:\/\/www.meydan.tv\/az\/article\/h%c9%99rbi-hiss%c9%99-tikintisind%c9%99-calisan-f%c9%99hl%c9%99l%c9%99r-dord-aydir-pulumuzu-ala-bilmirik\/\" \/>\n<meta property=\"og:site_name\" content=\"MEYDAN.TV\" \/>\n<meta property=\"article:published_time\" content=\"2026-09-03T12:46:43+00:00\" \/>\n<meta property=\"article:modified_time\" content=\"2026-09-03T13:08:21+00:00\" \/>\n<meta property=\"og:image\" content=\"https:\/\/www.meydan.tv\/wp-content\/uploads\/9872-1.jpg\" \/>\n\t<meta property=\"og:image:width\" content=\"1920\" \/>\n\t<meta property=\"og:image:height\" content=\"938\" \/>\n\t<meta property=\"og:image:type\" content=\"image\/jpeg\" \/>\n<meta name=\"twitter:card\" content=\"summary_large_image\" \/>\n<!-- \/ Yoast SEO plugin. -->","yoast_head_json":{"title":"H\u0259rbi hiss\u0259 tikintisind\u0259 \u00e7al\u0131\u015fan f\u0259hl\u0259l\u0259r: \u201cD\u00f6rd ayd\u0131r pulumuzu ala bilmirik\u201d - MEYDAN.TV","robots":{"index":"index","follow":"follow","max-snippet":"max-snippet:-1","max-image-preview":"max-image-preview:large","max-video-preview":"max-video-preview:-1"},"canonical":"https:\/\/www.meydan.tv\/az\/article\/h%c9%99rbi-hiss%c9%99-tikintisind%c9%99-calisan-f%c9%99hl%c9%99l%c9%99r-dord-aydir-pulumuzu-ala-bilmirik\/","og_locale":"az_AZ","og_type":"article","og_title":"H\u0259rbi hiss\u0259 tikintisind\u0259 \u00e7al\u0131\u015fan f\u0259hl\u0259l\u0259r: \u201cD\u00f6rd ayd\u0131r pulumuzu ala bilmirik\u201d - MEYDAN.TV","og_description":"X\u0131z\u0131 rayonunun Gil\u0259zi q\u0259s\u0259b\u0259sind\u0259 h\u0259rbi obyektin tikintisind\u0259 \u00e7al\u0131\u015fan f\u0259hl\u0259l\u0259r g\u00f6rd\u00fckl\u0259ri ... Davam\u0131","og_url":"https:\/\/www.meydan.tv\/az\/article\/h%c9%99rbi-hiss%c9%99-tikintisind%c9%99-calisan-f%c9%99hl%c9%99l%c9%99r-dord-aydir-pulumuzu-ala-bilmirik\/","og_site_name":"MEYDAN.TV","article_published_time":"2026-09-03T12:46:43+00:00","article_modified_time":"2026-09-03T13:08:21+00:00","og_image":[{"width":1920,"height":938,"url":"https:\/\/www.meydan.tv\/wp-content\/uploads\/9872-1.jpg","type":"image\/jpeg"}],"twitter_card":"summary_large_image","schema":{"@context":"https:\/\/schema.org","@graph":[{"@type":"Article","@id":"https:\/\/www.meydan.tv\/az\/article\/h%c9%99rbi-hiss%c9%99-tikintisind%c9%99-calisan-f%c9%99hl%c9%99l%c9%99r-dord-aydir-pulumuzu-ala-bilmirik\/#article","isPartOf":{"@id":"https:\/\/www.meydan.tv\/az\/article\/h%c9%99rbi-hiss%c9%99-tikintisind%c9%99-calisan-f%c9%99hl%c9%99l%c9%99r-dord-aydir-pulumuzu-ala-bilmirik\/"},"author":{"name":"roma","@id":"https:\/\/www.meydan.tv\/az\/#\/schema\/person\/8f23e01c4de63326c13c319fb65ee65d"},"headline":"H\u0259rbi hiss\u0259 tikintisind\u0259 \u00e7al\u0131\u015fan f\u0259hl\u0259l\u0259r: \u201cD\u00f6rd ayd\u0131r pulumuzu ala bilmirik\u201d","datePublished":"2026-09-03T12:46:43+00:00","dateModified":"2026-09-03T13:08:21+00:00","mainEntityOfPage":{"@id":"https:\/\/www.meydan.tv\/az\/article\/h%c9%99rbi-hiss%c9%99-tikintisind%c9%99-calisan-f%c9%99hl%c9%99l%c9%99r-dord-aydir-pulumuzu-ala-bilmirik\/"},"wordCount":1354,"publisher":{"@id":"https:\/\/www.meydan.tv\/az\/#organization"},"image":{"@id":"https:\/\/www.meydan.tv\/az\/article\/h%c9%99rbi-hiss%c9%99-tikintisind%c9%99-calisan-f%c9%99hl%c9%99l%c9%99r-dord-aydir-pulumuzu-ala-bilmirik\/#primaryimage"},"thumbnailUrl":"https:\/\/www.meydan.tv\/wp-content\/uploads\/9872-1.jpg","articleSection":["Sosial","T\u00f6vsiy\u0259","X\u0259b\u0259rl\u0259r"],"inLanguage":"az"},{"@type":"WebPage","@id":"https:\/\/www.meydan.tv\/az\/article\/h%c9%99rbi-hiss%c9%99-tikintisind%c9%99-calisan-f%c9%99hl%c9%99l%c9%99r-dord-aydir-pulumuzu-ala-bilmirik\/","url":"https:\/\/www.meydan.tv\/az\/article\/h%c9%99rbi-hiss%c9%99-tikintisind%c9%99-calisan-f%c9%99hl%c9%99l%c9%99r-dord-aydir-pulumuzu-ala-bilmirik\/","name":"H\u0259rbi hiss\u0259 tikintisind\u0259 \u00e7al\u0131\u015fan f\u0259hl\u0259l\u0259r: \u201cD\u00f6rd ayd\u0131r pulumuzu ala bilmirik\u201d - MEYDAN.TV","isPartOf":{"@id":"https:\/\/www.meydan.tv\/az\/#website"},"primaryImageOfPage":{"@id":"https:\/\/www.meydan.tv\/az\/article\/h%c9%99rbi-hiss%c9%99-tikintisind%c9%99-calisan-f%c9%99hl%c9%99l%c9%99r-dord-aydir-pulumuzu-ala-bilmirik\/#primaryimage"},"image":{"@id":"https:\/\/www.meydan.tv\/az\/article\/h%c9%99rbi-hiss%c9%99-tikintisind%c9%99-calisan-f%c9%99hl%c9%99l%c9%99r-dord-aydir-pulumuzu-ala-bilmirik\/#primaryimage"},"thumbnailUrl":"https:\/\/www.meydan.tv\/wp-content\/uploads\/9872-1.jpg","datePublished":"2026-09-03T12:46:43+00:00","dateModified":"2026-09-03T13:08:21+00:00","breadcrumb":{"@id":"https:\/\/www.meydan.tv\/az\/article\/h%c9%99rbi-hiss%c9%99-tikintisind%c9%99-calisan-f%c9%99hl%c9%99l%c9%99r-dord-aydir-pulumuzu-ala-bilmirik\/#breadcrumb"},"inLanguage":"az","potentialAction":[{"@type":"ReadAction","target":["https:\/\/www.meydan.tv\/az\/article\/h%c9%99rbi-hiss%c9%99-tikintisind%c9%99-calisan-f%c9%99hl%c9%99l%c9%99r-dord-aydir-pulumuzu-ala-bilmirik\/"]}]},{"@type":"ImageObject","inLanguage":"az","@id":"https:\/\/www.meydan.tv\/az\/article\/h%c9%99rbi-hiss%c9%99-tikintisind%c9%99-calisan-f%c9%99hl%c9%99l%c9%99r-dord-aydir-pulumuzu-ala-bilmirik\/#primaryimage","url":"https:\/\/www.meydan.tv\/wp-content\/uploads\/9872-1.jpg","contentUrl":"https:\/\/www.meydan.tv\/wp-content\/uploads\/9872-1.jpg","width":1920,"height":938,"caption":"\u201cNort Vest Konstrak\u015fn\u201d MMC \u015firk\u0259tinin f\u0259hl\u0259si - Foto: nort_vest_ instagram hesab\u0131"},{"@type":"BreadcrumbList","@id":"https:\/\/www.meydan.tv\/az\/article\/h%c9%99rbi-hiss%c9%99-tikintisind%c9%99-calisan-f%c9%99hl%c9%99l%c9%99r-dord-aydir-pulumuzu-ala-bilmirik\/#breadcrumb","itemListElement":[{"@type":"ListItem","position":1,"name":"Ana s\u0259hif\u0259","item":"https:\/\/www.meydan.tv\/az\/"},{"@type":"ListItem","position":2,"name":"X\u0259b\u0259rl\u0259r","item":"https:\/\/www.meydan.tv\/az\/section\/xeberler\/"},{"@type":"ListItem","position":3,"name":"H\u0259rbi hiss\u0259 tikintisind\u0259 \u00e7al\u0131\u015fan f\u0259hl\u0259l\u0259r: \u201cD\u00f6rd ayd\u0131r pulumuzu ala bilmirik\u201d"}]},{"@type":"WebSite","@id":"https:\/\/www.meydan.tv\/az\/#website","url":"https:\/\/www.meydan.tv\/az\/","name":"MEYDAN.TV","description":"Meydan TV Az\u0259rbaycan\u0131n media m\u0259kan\u0131ndak\u0131 alternativ s\u0259sidir","publisher":{"@id":"https:\/\/www.meydan.tv\/az\/#organization"},"potentialAction":[{"@type":"SearchAction","target":{"@type":"EntryPoint","urlTemplate":"https:\/\/www.meydan.tv\/az\/?s={search_term_string}"},"query-input":{"@type":"PropertyValueSpecification","valueRequired":true,"valueName":"search_term_string"}}],"inLanguage":"az"},{"@type":"Organization","@id":"https:\/\/www.meydan.tv\/az\/#organization","name":"Meydan TV","url":"https:\/\/www.meydan.tv\/az\/","logo":{"@type":"ImageObject","inLanguage":"az","@id":"https:\/\/www.meydan.tv\/az\/#\/schema\/logo\/image\/","url":"https:\/\/www.meydan.tv\/wp-content\/uploads\/2021\/07\/meydan-logo.svg","contentUrl":"https:\/\/www.meydan.tv\/wp-content\/uploads\/2021\/07\/meydan-logo.svg","width":195,"height":46,"caption":"Meydan TV"},"image":{"@id":"https:\/\/www.meydan.tv\/az\/#\/schema\/logo\/image\/"}},{"@type":"Person","@id":"https:\/\/www.meydan.tv\/az\/#\/schema\/person\/8f23e01c4de63326c13c319fb65ee65d","name":"roma"}]}},"_links":{"self":[{"href":"https:\/\/www.meydan.tv\/az\/wp-json\/wp\/v2\/posts\/348790","targetHints":{"allow":["GET"]}}],"collection":[{"href":"https:\/\/www.meydan.tv\/az\/wp-json\/wp\/v2\/posts"}],"about":[{"href":"https:\/\/www.meydan.tv\/az\/wp-json\/wp\/v2\/types\/post"}],"author":[{"embeddable":true,"href":"https:\/\/www.meydan.tv\/az\/wp-json\/wp\/v2\/users\/14"}],"replies":[{"embeddable":true,"href":"https:\/\/www.meydan.tv\/az\/wp-json\/wp\/v2\/comments?post=348790"}],"version-history":[{"count":3,"href":"https:\/\/www.meydan.tv\/az\/wp-json\/wp\/v2\/posts\/348790\/revisions"}],"predecessor-version":[{"id":348804,"href":"https:\/\/www.meydan.tv\/az\/wp-json\/wp\/v2\/posts\/348790\/revisions\/348804"}],"wp:featuredmedia":[{"embeddable":true,"href":"https:\/\/www.meydan.tv\/az\/wp-json\/wp\/v2\/media\/348792"}],"wp:attachment":[{"href":"https:\/\/www.meydan.tv\/az\/wp-json\/wp\/v2\/media?parent=348790"}],"wp:term":[{"taxonomy":"category","embeddable":true,"href":"https:\/\/www.meydan.tv\/az\/wp-json\/wp\/v2\/categories?post=348790"},{"taxonomy":"post_tag","embeddable":true,"href":"https:\/\/www.meydan.tv\/az\/wp-json\/wp\/v2\/tags?post=348790"}],"curies":[{"name":"wp","href":"https:\/\/api.w.org\/{rel}","templated":true}]}}