{"id":348788,"date":"2026-09-02T18:10:10","date_gmt":"2026-09-02T14:10:10","guid":{"rendered":"https:\/\/www.meydan.tv\/?p=348788"},"modified":"2026-09-02T18:13:19","modified_gmt":"2026-09-02T14:13:19","slug":"cpj-v%c9%99-nemo-az%c9%99rbaycan-mediasinin-sosial-s%c9%99b%c9%99k%c9%99-hesablarina-hucumlari-pisl%c9%99di","status":"publish","type":"post","link":"https:\/\/www.meydan.tv\/az\/article\/cpj-v%c9%99-nemo-az%c9%99rbaycan-mediasinin-sosial-s%c9%99b%c9%99k%c9%99-hesablarina-hucumlari-pisl%c9%99di\/","title":{"rendered":"CPJ v\u0259 NEMO Az\u0259rbaycan medias\u0131n\u0131n sosial \u015f\u0259b\u0259k\u0259 hesablar\u0131na h\u00fccumlar\u0131 pisl\u0259di"},"content":{"rendered":"\n<p class=\"wp-block-paragraph\">Jurnalistl\u0259rin M\u00fcdafi\u0259 Komit\u0259si (<a href=\"https:\/\/www.facebook.com\/CPJEurasia\/posts\/pfbid02AMqbN1k1mP11TnufSVjGoPryWd23d7pkpxwFiBqiX6NwCMmSReDkExH1Krt3Q8MGl?__cft__[0]=AZjfZUk9jsxcTn1hrNlJUwSOkil_PNtAH9rc1kYBYYOSLs-BwilOthm0F3MRk2d077pfnMUzw4OCc_oVvFaw0yGwws0RmPtabJpydblvpOAAHkJsjKZ9A_eScWwzh7iYLmVp5HDIFK4US1wIQ9ZhlP89UBY-pfoskgSX9s6sPyxFm6SX_UVN1UOLdJo&amp;__tn__=%2CO%2CP-R\" target=\"_blank\" rel=\"noreferrer noopener nofollow\">CPJ<\/a>) v\u0259 M\u00fchacir Media Qurumlar\u0131n\u0131n \u015e\u0259b\u0259k\u0259si (<a href=\"https:\/\/www.exiled.media\/azerbaijani-exiled-media-denounce-abuse-of-metas-copyright-system\/\" target=\"_blank\" rel=\"noreferrer noopener nofollow\">NEMO<\/a>) m\u00fcst\u0259qil medialar\u0131n sosial \u015f\u0259b\u0259k\u0259 hesablar\u0131na qar\u015f\u0131 olan h\u00fccumlar\u0131 pisl\u0259y\u0259n b\u0259yanat yay\u0131blar. T\u0259\u015fkilatlar bildirib ki, m\u00fchacir\u0259td\u0259 f\u0259aliyy\u0259t g\u00f6st\u0259r\u0259n Az\u0259rbaycan media vasit\u0259l\u0259rin\u0259 qar\u015f\u0131 \u0259laq\u0259l\u0259ndirilmi\u015f saxta m\u00fc\u0259llif h\u00fcquqlar\u0131 (copyright) \u015fikay\u0259tl\u0259ri r\u0259q\u0259msal senzura al\u0259tin\u0259 \u00e7evrilib.<\/p>\n\n\n\n<p class=\"wp-block-paragraph\">CPJ b\u0259yanat\u0131nda vur\u011fulay\u0131b ki, AbzasMedia, Toplum TV v\u0259 Azadl\u0131q Q\u0259zetinin \u201cFacebook\u201d v\u0259 \u201cInstagram\u201d hesablar\u0131n\u0131n bloklanmas\u0131 regionda geni\u015fl\u0259n\u0259n t\u0259hl\u00fck\u0259li bir tendensiyan\u0131n t\u0259rkib hiss\u0259sidir:<\/p>\n\n\n\n<p class=\"wp-block-paragraph\"><em>\u201cBu h\u00fccumlar qon\u015fu Qazax\u0131stan, \u00d6zb\u0259kistan v\u0259 G\u00fcrc\u00fcstanda m\u0259tbuata qar\u015f\u0131 y\u00f6n\u0259lmi\u015f b\u0259nz\u0259r saxta m\u00fc\u0259llif h\u00fcquqlar\u0131 \u015fikay\u0259tl\u0259ri dal\u011fas\u0131n\u0131 t\u0259krar edir. Bu, avtoritar rejiml\u0259rin m\u0259zmun qaydalar\u0131ndan senzura al\u0259ti kimi istifad\u0259 etdiyini v\u0259 sosial media platformalar\u0131n\u0131n buna qar\u015f\u0131 t\u0259cili t\u0259dbir g\u00f6rm\u0259li oldu\u011funu bir daha s\u00fcbut edir\u201d.<\/em><\/p>\n\n\n\n<p class=\"wp-block-paragraph\">B\u0259yanatlar AbzasMedia, Meydan TV, Toplum TV, Azadl\u0131q Q\u0259zeti, HamamTimes, Az\u0259rbaycan Saat\u0131, Q\u0259zet\u00e7i v\u0259 Mikroskop Media daxil olmaqla 8 m\u00fcst\u0259qil media qurumunun birg\u0259 <a href=\"https:\/\/www.meydan.tv\/az\/article\/muhacir%c9%99td%c9%99-f%c9%99aliyy%c9%99t-gost%c9%99r%c9%99n-must%c9%99qil-media-qurumlarinin-sosial-media-hesablarina-edil%c9%99n-hucumlarla-bagli-birg\/\" target=\"_blank\" rel=\"noreferrer noopener nofollow\">yay\u0131mlad\u0131\u011f\u0131<\/a> a\u00e7\u0131qlamadan sonra verilib..<\/p>\n\n\n\n<p class=\"wp-block-paragraph\">Media qurumlar\u0131 bildirirl\u0259r ki, \u015fikay\u0259tl\u0259r eyni e-po\u00e7t \u00fcnvanlar\u0131, eyni \u015f\u0259xsl\u0259r v\u0259 ox\u015far metodlarla m\u00fct\u0259\u015f\u0259kkil qaydada g\u00f6nd\u0259rilir, lakin he\u00e7 bir m\u00fclkiyy\u0259t s\u00fcbutu t\u0259qdim olunmur:<\/p>\n\n\n\n<p class=\"wp-block-paragraph\"><em>\u201cBu \u015fikay\u0259tl\u0259r t\u0259crid olunmu\u015f m\u00fc\u0259llif h\u00fcquqlar\u0131 m\u00fcbahis\u0259si deyil, \u0130lham \u018fliyev rejimi t\u0259r\u0259find\u0259n m\u00fcst\u0259qil Az\u0259rbaycan medias\u0131n\u0131 susdurmaq \u00fc\u00e7\u00fcn h\u0259yata ke\u00e7iril\u0259n geni\u015f f\u0259aliyy\u0259tin bir hiss\u0259sidir. Jurnalistl\u0259rin h\u0259bs olunmas\u0131, t\u0259qib edilm\u0259si v\u0259 s\u00fcrg\u00fcn\u0259 m\u0259cbur edilm\u0259sind\u0259n sonra, indi d\u0259 s\u00fcrg\u00fcnd\u0259ki jurnalistl\u0259rin auditoriyaya \u00e7\u0131x\u0131\u015f\u0131n\u0131 t\u0259min ed\u0259n platformalar t\u0259zyiq alt\u0131na d\u00fc\u015f\u00fcr\u201d.<\/em><\/p>\n\n\n\n<p class=\"wp-block-paragraph\">S\u00fcrg\u00fcnd\u0259 olan Media \u015e\u0259b\u0259k\u0259si (NEMO) d\u0259 sosial \u015f\u0259b\u0259k\u0259l\u0259rin n\u0259zar\u0259t mexanizml\u0259rinin avtoritar rejiml\u0259rin \u0259lind\u0259 al\u0259t\u0259 \u00e7evrilm\u0259sin\u0259 qar\u015f\u0131 \u00e7a\u011f\u0131r\u0131\u015f ed\u0259r\u0259k proses\u0259 d\u0259rhal m\u00fcdaxil\u0259 olunmas\u0131n\u0131 t\u0259l\u0259b edib:<\/p>\n\n\n\n<p class=\"wp-block-paragraph\"><em>\u201cR\u0259q\u0259msal platformalar \u00f6z sisteml\u0259rinin bu s\u0259sl\u0259ri susdurmaq \u00fc\u00e7\u00fcn al\u0259t\u0259 \u00e7evrilm\u0259m\u0259sini t\u0259min etm\u0259k m\u0259suliyy\u0259ti da\u015f\u0131y\u0131r. Bu problemi h\u0259ll etm\u0259yin vaxt\u0131 sabah v\u0259 ya bir ne\u00e7\u0259 ay sonra deyil, indidir\u201d.<\/em><\/p>\n\n\n\n<p class=\"wp-block-paragraph\">Avqustun 25-d\u0259 Meta \u015firk\u0259ti m\u00fc\u0259llif h\u00fcquqlar\u0131 il\u0259 ba\u011fl\u0131 \u015fikay\u0259tl\u0259rd\u0259n sonra m\u00fchacir\u0259td\u0259 f\u0259aliyy\u0259t g\u00f6st\u0259r\u0259n m\u00fcst\u0259qil media qurumlar\u0131 AbzasMedia v\u0259 Toplum TV-nin \u201cInstagram\u201d s\u0259hif\u0259l\u0259rini bloklay\u0131b. Media qurumlar\u0131 is\u0259 yay\u0131mlad\u0131qlar\u0131 kontentl\u0259r\u0259 istinad etdikl\u0259rini, bunun arxas\u0131nda Az\u0259rbaycan hakimiyy\u0259tinin oldu\u011funu <a href=\"https:\/\/www.meydan.tv\/az\/article\/meta-abzas-media-v%c9%99-toplum-tv-ni-bloklayib-media-qurumlari-hakimiyy%c9%99tin-gost%c9%99risind%c9%99n-subh%c9%99l%c9%99nir\/\" target=\"_blank\" rel=\"noreferrer noopener nofollow\">deyibl\u0259r<\/a>.<\/p>\n","protected":false},"excerpt":{"rendered":"<p>Jurnalistl\u0259rin M\u00fcdafi\u0259 Komit\u0259si (CPJ) v\u0259 M\u00fchacir Media Qurumlar\u0131n\u0131n \u015e\u0259b\u0259k\u0259si (NEMO) &#8230; <\/p>\n<p class=\"read-more-container\"><a title=\"CPJ v\u0259 NEMO Az\u0259rbaycan medias\u0131n\u0131n sosial \u015f\u0259b\u0259k\u0259 hesablar\u0131na h\u00fccumlar\u0131 pisl\u0259di\" class=\"read-more button\" href=\"https:\/\/www.meydan.tv\/az\/article\/cpj-v%c9%99-nemo-az%c9%99rbaycan-mediasinin-sosial-s%c9%99b%c9%99k%c9%99-hesablarina-hucumlari-pisl%c9%99di\/#more-348788\" aria-label=\"Read more about CPJ v\u0259 NEMO Az\u0259rbaycan medias\u0131n\u0131n sosial \u015f\u0259b\u0259k\u0259 hesablar\u0131na h\u00fccumlar\u0131 pisl\u0259di\">Davam\u0131<\/a><\/p>\n","protected":false},"author":21,"featured_media":232552,"comment_status":"closed","ping_status":"closed","sticky":false,"template":"","format":"standard","meta":{"_acf_changed":false,"_sitemap_exclude":false,"_sitemap_priority":"","_sitemap_frequency":"","footnotes":""},"categories":[59,56],"tags":[],"class_list":["post-348788","post","type-post","status-publish","format-standard","has-post-thumbnail","hentry","category-siyaset","category-xeberler","infinite-scroll-item","generate-columns","tablet-grid-50","mobile-grid-100","grid-parent","grid-33","no-featured-image-padding"],"acf":[],"yoast_head":"<!-- This site is optimized with the Yoast SEO plugin v28.4 - https:\/\/yoast.com\/product\/yoast-seo-wordpress\/ -->\n<title>CPJ v\u0259 NEMO Az\u0259rbaycan medias\u0131n\u0131n sosial \u015f\u0259b\u0259k\u0259 hesablar\u0131na h\u00fccumlar\u0131 pisl\u0259di - MEYDAN.TV<\/title>\n<meta name=\"robots\" content=\"index, follow, max-snippet:-1, max-image-preview:large, max-video-preview:-1\" \/>\n<link rel=\"canonical\" href=\"https:\/\/www.meydan.tv\/az\/article\/cpj-v%c9%99-nemo-az%c9%99rbaycan-mediasinin-sosial-s%c9%99b%c9%99k%c9%99-hesablarina-hucumlari-pisl%c9%99di\/\" \/>\n<meta property=\"og:locale\" content=\"az_AZ\" \/>\n<meta property=\"og:type\" content=\"article\" \/>\n<meta property=\"og:title\" content=\"CPJ v\u0259 NEMO Az\u0259rbaycan medias\u0131n\u0131n sosial \u015f\u0259b\u0259k\u0259 hesablar\u0131na h\u00fccumlar\u0131 pisl\u0259di - MEYDAN.TV\" \/>\n<meta property=\"og:description\" content=\"Jurnalistl\u0259rin M\u00fcdafi\u0259 Komit\u0259si (CPJ) v\u0259 M\u00fchacir Media Qurumlar\u0131n\u0131n \u015e\u0259b\u0259k\u0259si (NEMO) ... Davam\u0131\" \/>\n<meta property=\"og:url\" content=\"https:\/\/www.meydan.tv\/az\/article\/cpj-v%c9%99-nemo-az%c9%99rbaycan-mediasinin-sosial-s%c9%99b%c9%99k%c9%99-hesablarina-hucumlari-pisl%c9%99di\/\" \/>\n<meta property=\"og:site_name\" content=\"MEYDAN.TV\" \/>\n<meta property=\"article:published_time\" content=\"2026-09-02T14:10:10+00:00\" \/>\n<meta property=\"article:modified_time\" content=\"2026-09-02T14:13:19+00:00\" \/>\n<meta property=\"og:image\" content=\"https:\/\/www.meydan.tv\/wp-content\/uploads\/shutterstock_1109517044-e1735486279181.jpg\" \/>\n\t<meta property=\"og:image:width\" content=\"800\" \/>\n\t<meta property=\"og:image:height\" content=\"600\" \/>\n\t<meta property=\"og:image:type\" content=\"image\/jpeg\" \/>\n<meta name=\"twitter:card\" content=\"summary_large_image\" \/>\n<!-- \/ Yoast SEO plugin. -->","yoast_head_json":{"title":"CPJ v\u0259 NEMO Az\u0259rbaycan medias\u0131n\u0131n sosial \u015f\u0259b\u0259k\u0259 hesablar\u0131na h\u00fccumlar\u0131 pisl\u0259di - MEYDAN.TV","robots":{"index":"index","follow":"follow","max-snippet":"max-snippet:-1","max-image-preview":"max-image-preview:large","max-video-preview":"max-video-preview:-1"},"canonical":"https:\/\/www.meydan.tv\/az\/article\/cpj-v%c9%99-nemo-az%c9%99rbaycan-mediasinin-sosial-s%c9%99b%c9%99k%c9%99-hesablarina-hucumlari-pisl%c9%99di\/","og_locale":"az_AZ","og_type":"article","og_title":"CPJ v\u0259 NEMO Az\u0259rbaycan medias\u0131n\u0131n sosial \u015f\u0259b\u0259k\u0259 hesablar\u0131na h\u00fccumlar\u0131 pisl\u0259di - MEYDAN.TV","og_description":"Jurnalistl\u0259rin M\u00fcdafi\u0259 Komit\u0259si (CPJ) v\u0259 M\u00fchacir Media Qurumlar\u0131n\u0131n \u015e\u0259b\u0259k\u0259si (NEMO) ... Davam\u0131","og_url":"https:\/\/www.meydan.tv\/az\/article\/cpj-v%c9%99-nemo-az%c9%99rbaycan-mediasinin-sosial-s%c9%99b%c9%99k%c9%99-hesablarina-hucumlari-pisl%c9%99di\/","og_site_name":"MEYDAN.TV","article_published_time":"2026-09-02T14:10:10+00:00","article_modified_time":"2026-09-02T14:13:19+00:00","og_image":[{"width":800,"height":600,"url":"https:\/\/www.meydan.tv\/wp-content\/uploads\/shutterstock_1109517044-e1735486279181.jpg","type":"image\/jpeg"}],"twitter_card":"summary_large_image","schema":{"@context":"https:\/\/schema.org","@graph":[{"@type":"Article","@id":"https:\/\/www.meydan.tv\/az\/article\/cpj-v%c9%99-nemo-az%c9%99rbaycan-mediasinin-sosial-s%c9%99b%c9%99k%c9%99-hesablarina-hucumlari-pisl%c9%99di\/#article","isPartOf":{"@id":"https:\/\/www.meydan.tv\/az\/article\/cpj-v%c9%99-nemo-az%c9%99rbaycan-mediasinin-sosial-s%c9%99b%c9%99k%c9%99-hesablarina-hucumlari-pisl%c9%99di\/"},"author":{"name":"mahmud","@id":"https:\/\/www.meydan.tv\/az\/#\/schema\/person\/09863e516102a829e72bedcf3f84c6b0"},"headline":"CPJ v\u0259 NEMO Az\u0259rbaycan medias\u0131n\u0131n sosial \u015f\u0259b\u0259k\u0259 hesablar\u0131na h\u00fccumlar\u0131 pisl\u0259di","datePublished":"2026-09-02T14:10:10+00:00","dateModified":"2026-09-02T14:13:19+00:00","mainEntityOfPage":{"@id":"https:\/\/www.meydan.tv\/az\/article\/cpj-v%c9%99-nemo-az%c9%99rbaycan-mediasinin-sosial-s%c9%99b%c9%99k%c9%99-hesablarina-hucumlari-pisl%c9%99di\/"},"wordCount":517,"publisher":{"@id":"https:\/\/www.meydan.tv\/az\/#organization"},"image":{"@id":"https:\/\/www.meydan.tv\/az\/article\/cpj-v%c9%99-nemo-az%c9%99rbaycan-mediasinin-sosial-s%c9%99b%c9%99k%c9%99-hesablarina-hucumlari-pisl%c9%99di\/#primaryimage"},"thumbnailUrl":"https:\/\/www.meydan.tv\/wp-content\/uploads\/shutterstock_1109517044-e1735486279181.jpg","articleSection":["Siyas\u0259t","X\u0259b\u0259rl\u0259r"],"inLanguage":"az"},{"@type":"WebPage","@id":"https:\/\/www.meydan.tv\/az\/article\/cpj-v%c9%99-nemo-az%c9%99rbaycan-mediasinin-sosial-s%c9%99b%c9%99k%c9%99-hesablarina-hucumlari-pisl%c9%99di\/","url":"https:\/\/www.meydan.tv\/az\/article\/cpj-v%c9%99-nemo-az%c9%99rbaycan-mediasinin-sosial-s%c9%99b%c9%99k%c9%99-hesablarina-hucumlari-pisl%c9%99di\/","name":"CPJ v\u0259 NEMO Az\u0259rbaycan medias\u0131n\u0131n sosial \u015f\u0259b\u0259k\u0259 hesablar\u0131na h\u00fccumlar\u0131 pisl\u0259di - MEYDAN.TV","isPartOf":{"@id":"https:\/\/www.meydan.tv\/az\/#website"},"primaryImageOfPage":{"@id":"https:\/\/www.meydan.tv\/az\/article\/cpj-v%c9%99-nemo-az%c9%99rbaycan-mediasinin-sosial-s%c9%99b%c9%99k%c9%99-hesablarina-hucumlari-pisl%c9%99di\/#primaryimage"},"image":{"@id":"https:\/\/www.meydan.tv\/az\/article\/cpj-v%c9%99-nemo-az%c9%99rbaycan-mediasinin-sosial-s%c9%99b%c9%99k%c9%99-hesablarina-hucumlari-pisl%c9%99di\/#primaryimage"},"thumbnailUrl":"https:\/\/www.meydan.tv\/wp-content\/uploads\/shutterstock_1109517044-e1735486279181.jpg","datePublished":"2026-09-02T14:10:10+00:00","dateModified":"2026-09-02T14:13:19+00:00","breadcrumb":{"@id":"https:\/\/www.meydan.tv\/az\/article\/cpj-v%c9%99-nemo-az%c9%99rbaycan-mediasinin-sosial-s%c9%99b%c9%99k%c9%99-hesablarina-hucumlari-pisl%c9%99di\/#breadcrumb"},"inLanguage":"az","potentialAction":[{"@type":"ReadAction","target":["https:\/\/www.meydan.tv\/az\/article\/cpj-v%c9%99-nemo-az%c9%99rbaycan-mediasinin-sosial-s%c9%99b%c9%99k%c9%99-hesablarina-hucumlari-pisl%c9%99di\/"]}]},{"@type":"ImageObject","inLanguage":"az","@id":"https:\/\/www.meydan.tv\/az\/article\/cpj-v%c9%99-nemo-az%c9%99rbaycan-mediasinin-sosial-s%c9%99b%c9%99k%c9%99-hesablarina-hucumlari-pisl%c9%99di\/#primaryimage","url":"https:\/\/www.meydan.tv\/wp-content\/uploads\/shutterstock_1109517044-e1735486279181.jpg","contentUrl":"https:\/\/www.meydan.tv\/wp-content\/uploads\/shutterstock_1109517044-e1735486279181.jpg","width":800,"height":600,"caption":"H\u0259bs. M\u0259nb\u0259: Maxx-Studio\/shutterstock"},{"@type":"BreadcrumbList","@id":"https:\/\/www.meydan.tv\/az\/article\/cpj-v%c9%99-nemo-az%c9%99rbaycan-mediasinin-sosial-s%c9%99b%c9%99k%c9%99-hesablarina-hucumlari-pisl%c9%99di\/#breadcrumb","itemListElement":[{"@type":"ListItem","position":1,"name":"Ana s\u0259hif\u0259","item":"https:\/\/www.meydan.tv\/az\/"},{"@type":"ListItem","position":2,"name":"Siyas\u0259t","item":"https:\/\/www.meydan.tv\/az\/section\/siyaset\/"},{"@type":"ListItem","position":3,"name":"CPJ v\u0259 NEMO Az\u0259rbaycan medias\u0131n\u0131n sosial \u015f\u0259b\u0259k\u0259 hesablar\u0131na h\u00fccumlar\u0131 pisl\u0259di"}]},{"@type":"WebSite","@id":"https:\/\/www.meydan.tv\/az\/#website","url":"https:\/\/www.meydan.tv\/az\/","name":"MEYDAN.TV","description":"Meydan TV Az\u0259rbaycan\u0131n media m\u0259kan\u0131ndak\u0131 alternativ s\u0259sidir","publisher":{"@id":"https:\/\/www.meydan.tv\/az\/#organization"},"potentialAction":[{"@type":"SearchAction","target":{"@type":"EntryPoint","urlTemplate":"https:\/\/www.meydan.tv\/az\/?s={search_term_string}"},"query-input":{"@type":"PropertyValueSpecification","valueRequired":true,"valueName":"search_term_string"}}],"inLanguage":"az"},{"@type":"Organization","@id":"https:\/\/www.meydan.tv\/az\/#organization","name":"Meydan TV","url":"https:\/\/www.meydan.tv\/az\/","logo":{"@type":"ImageObject","inLanguage":"az","@id":"https:\/\/www.meydan.tv\/az\/#\/schema\/logo\/image\/","url":"https:\/\/www.meydan.tv\/wp-content\/uploads\/2021\/07\/meydan-logo.svg","contentUrl":"https:\/\/www.meydan.tv\/wp-content\/uploads\/2021\/07\/meydan-logo.svg","width":195,"height":46,"caption":"Meydan TV"},"image":{"@id":"https:\/\/www.meydan.tv\/az\/#\/schema\/logo\/image\/"}},{"@type":"Person","@id":"https:\/\/www.meydan.tv\/az\/#\/schema\/person\/09863e516102a829e72bedcf3f84c6b0","name":"mahmud"}]}},"_links":{"self":[{"href":"https:\/\/www.meydan.tv\/az\/wp-json\/wp\/v2\/posts\/348788","targetHints":{"allow":["GET"]}}],"collection":[{"href":"https:\/\/www.meydan.tv\/az\/wp-json\/wp\/v2\/posts"}],"about":[{"href":"https:\/\/www.meydan.tv\/az\/wp-json\/wp\/v2\/types\/post"}],"author":[{"embeddable":true,"href":"https:\/\/www.meydan.tv\/az\/wp-json\/wp\/v2\/users\/21"}],"replies":[{"embeddable":true,"href":"https:\/\/www.meydan.tv\/az\/wp-json\/wp\/v2\/comments?post=348788"}],"version-history":[{"count":1,"href":"https:\/\/www.meydan.tv\/az\/wp-json\/wp\/v2\/posts\/348788\/revisions"}],"predecessor-version":[{"id":348789,"href":"https:\/\/www.meydan.tv\/az\/wp-json\/wp\/v2\/posts\/348788\/revisions\/348789"}],"wp:featuredmedia":[{"embeddable":true,"href":"https:\/\/www.meydan.tv\/az\/wp-json\/wp\/v2\/media\/232552"}],"wp:attachment":[{"href":"https:\/\/www.meydan.tv\/az\/wp-json\/wp\/v2\/media?parent=348788"}],"wp:term":[{"taxonomy":"category","embeddable":true,"href":"https:\/\/www.meydan.tv\/az\/wp-json\/wp\/v2\/categories?post=348788"},{"taxonomy":"post_tag","embeddable":true,"href":"https:\/\/www.meydan.tv\/az\/wp-json\/wp\/v2\/tags?post=348788"}],"curies":[{"name":"wp","href":"https:\/\/api.w.org\/{rel}","templated":true}]}}