{"id":348756,"date":"2026-09-02T14:37:45","date_gmt":"2026-09-02T10:37:45","guid":{"rendered":"https:\/\/www.meydan.tv\/?p=348756"},"modified":"2026-09-02T15:29:26","modified_gmt":"2026-09-02T11:29:26","slug":"goranboyda-sursat-anbarinda-partlayis-5-min-n%c9%99f%c9%99r-t%c9%99xliy%c9%99-olunub","status":"publish","type":"post","link":"https:\/\/www.meydan.tv\/az\/article\/goranboyda-sursat-anbarinda-partlayis-5-min-n%c9%99f%c9%99r-t%c9%99xliy%c9%99-olunub\/","title":{"rendered":"Goranboyda sursat anbar\u0131nda partlay\u0131\u015f: 5 min n\u0259f\u0259r t\u0259xliy\u0259 olunub"},"content":{"rendered":"\n<p class=\"wp-block-paragraph\">Sentyabr\u0131n 1-d\u0259n 2-n\u0259 ke\u00e7\u0259n gec\u0259 Goranboy rayonunun Nizami k\u0259ndi yax\u0131nl\u0131\u011f\u0131nda yerl\u0259\u015f\u0259n sursat anbar\u0131nda yan\u011f\u0131n v\u0259 partlay\u0131\u015f ba\u015f verib.<\/p>\n\n\n\n<p class=\"wp-block-paragraph\">F\u00f6vq\u0259lad\u0259 Hallar, M\u00fcdafi\u0259 v\u0259 Daxili \u0130\u015fl\u0259r nazirlikl\u0259rinin birg\u0259 m\u0259lumat\u0131na g\u00f6r\u0259, hadis\u0259d\u0259n sonra yax\u0131n \u0259razil\u0259rd\u0259 ya\u015fayan sakinl\u0259r t\u0259hl\u00fck\u0259siz yerl\u0259r\u0259 t\u0259xliy\u0259 edilib. R\u0259smi m\u0259lumata \u0259sas\u0259n, \u00f6l\u0259n v\u0259 x\u0259sar\u0259t alan olmay\u0131b.<\/p>\n\n\n\n<p class=\"wp-block-paragraph\">Goranboy Rayon \u0130cra Hakimiyy\u0259ti d\u0259 ya\u015fay\u0131\u015f evl\u0259rin\u0259 ziyan d\u0259ym\u0259si bar\u0259d\u0259 m\u0259lumat olmad\u0131\u011f\u0131n\u0131 bildirib. S\u0259h\u0259r saatlar\u0131nda yan\u011f\u0131n\u0131n s\u00f6nd\u00fcr\u00fclm\u0259si davam edib v\u0259 \u0259razid\u0259n vaxta\u015f\u0131r\u0131 partlay\u0131\u015f s\u0259sl\u0259ri e\u015fidilib. Qurum bildirib ki, \u0259raziy\u0259 yax\u0131n Nizami v\u0259 Xoylu k\u0259ndl\u0259rinin sakinl\u0259ri t\u0259xliy\u0259 olunublar. \u00dcmumilikd\u0259, t\u0259xliy\u0259 olunanlar\u0131n say\u0131 5 min n\u0259f\u0259r t\u0259\u015fkil edir. Nizami k\u0259ndinin giri\u015find\u0259 post qura\u015fd\u0131r\u0131l\u0131b.<\/p>\n\n\n\n<p class=\"wp-block-paragraph\">Hadis\u0259nin hans\u0131 s\u0259b\u0259bd\u0259n ba\u015f verdiyi h\u0259l\u0259 a\u00e7\u0131qlanmay\u0131b. D\u00f6vl\u0259t qurumlar\u0131n\u0131n indiy\u0259d\u0259k yayd\u0131\u011f\u0131 m\u0259lumatlarda yan\u011f\u0131n\u0131n s\u0259b\u0259bi v\u0259 hadis\u0259 il\u0259 ba\u011fl\u0131 cinay\u0259t i\u015finin ba\u015flan\u0131b-ba\u015flanmamas\u0131 bar\u0259d\u0259 m\u0259lumat verilm\u0259yib.<\/p>\n\n\n\n<figure class=\"wp-block-embed is-type-video is-provider-youtube wp-block-embed-youtube wp-embed-aspect-9-16 wp-has-aspect-ratio\"><div class=\"wp-block-embed__wrapper\">\n<iframe loading=\"lazy\" title=\"Sursat anbar\u0131ndak\u0131 partlay\u0131\u015fdan sonra insanlar t\u0259xliy\u0259 edilib\" width=\"563\" height=\"1000\" src=\"https:\/\/www.youtube.com\/embed\/5d5SoMXG9V8?feature=oembed\" frameborder=\"0\" allow=\"accelerometer; autoplay; clipboard-write; encrypted-media; gyroscope; picture-in-picture; web-share\" referrerpolicy=\"strict-origin-when-cross-origin\" allowfullscreen><\/iframe>\n<\/div><\/figure>\n\n\n\n<p class=\"wp-block-paragraph\">Az\u0259rbaycanda buna b\u0259nz\u0259r b\u00f6y\u00fck hadis\u0259l\u0259rd\u0259n biri 2017-ci il avqustun 27-d\u0259 X\u0131z\u0131 rayonunun Gil\u0259zi q\u0259s\u0259b\u0259si yax\u0131nl\u0131\u011f\u0131nda ba\u015f verib. M\u00fcdafi\u0259 Nazirliyinin N sayl\u0131 h\u0259rbi hiss\u0259sinin sursat anbar\u0131nda \u0259vv\u0259lc\u0259 yan\u011f\u0131n ba\u015flay\u0131b, ard\u0131nca g\u00fccl\u00fc partlay\u0131\u015flar olub. M\u0259rmi v\u0259 q\u0259lp\u0259l\u0259r \u0259traf ya\u015fay\u0131\u015f m\u0259nt\u0259q\u0259l\u0259rin\u0259 s\u0259p\u0259l\u0259nib, sakinl\u0259r t\u0259xliy\u0259 edilibl\u0259r.<\/p>\n\n\n\n<p class=\"wp-block-paragraph\">H\u0259min hadis\u0259d\u0259 \u00f6l\u0259n olmay\u0131b, 6 n\u0259f\u0259r q\u0259lp\u0259 yaras\u0131 al\u0131b. Onlar\u0131n x\u0259sar\u0259tl\u0259rinin y\u00fcng\u00fcl oldu\u011fu v\u0259 sonradan x\u0259st\u0259xanadan burax\u0131ld\u0131qlar\u0131 bildirilib. Partlay\u0131\u015f n\u0259tic\u0259sind\u0259 \u0259trafdak\u0131 b\u0259zi evl\u0259r\u0259 d\u0259 ziyan d\u0259yib.<\/p>\n\n\n\n<p class=\"wp-block-paragraph\">2017-ci il partlay\u0131\u015f\u0131ndan sonra Gil\u0259zi v\u0259 \u0259traf \u0259razil\u0259rd\u0259 partlamam\u0131\u015f sursatlar\u0131n a\u015fkarlanmas\u0131 davam edib. 2019-cu ilin mart\u0131nda m\u0259rmi partlamas\u0131 n\u0259tic\u0259sind\u0259 iki n\u0259f\u0259r \u00f6l\u00fcb, daha iki n\u0259f\u0259r is\u0259 yaralan\u0131b; Meydan TV hadis\u0259ni yerind\u0259 <a href=\"https:\/\/www.meydan.tv\/az\/article\/gilezide-mermi-partlayib-olu-ve-yaralilar-ictimaiyyetden-gizledilir\/\">ara\u015fd\u0131raraq<\/a> \u00f6l\u0259nl\u0259rd\u0259n birinin 24 ya\u015fl\u0131 Abdulla Abdullayev oldu\u011funu v\u0259 m\u0259rminin 2017-ci il partlay\u0131\u015f\u0131ndan sonra \u0259trafa s\u0259p\u0259l\u0259n\u0259n sursat qal\u0131qlar\u0131n\u0131n topland\u0131\u011f\u0131 \u0259razid\u0259 partlad\u0131\u011f\u0131n\u0131 yaz\u0131b.&nbsp;<\/p>\n\n\n\n<p class=\"wp-block-paragraph\">2023-c\u00fc il aprelin 15-d\u0259 X\u0131z\u0131n\u0131n Ya\u015fma k\u0259ndind\u0259 tapd\u0131qlar\u0131 m\u0259rmi ba\u015fl\u0131\u011f\u0131n\u0131 g\u00f6t\u00fcr\u0259n \u00fc\u00e7 n\u0259f\u0259rd\u0259n Xanki\u015fi Quliyev v\u0259 17 ya\u015fl\u0131 R\u0259\u015fad \u018fbilov <a href=\"https:\/\/apa.az\/incident\/xizida-bas-vermis-partlayis-hadisesi-ile-bagli-cinayet-isi-baslanib-759467\">h\u0259lak olub<\/a>, B\u0259xtiyar H\u00fcseynov is\u0259 yaralan\u0131b.<\/p>\n\n\n\n<p class=\"wp-block-paragraph\">2017-ci ild\u0259 r\u0259smi qurumlar yan\u011f\u0131n\u0131n \u201cnam\u0259lum s\u0259b\u0259bd\u0259n\u201d ba\u015flad\u0131\u011f\u0131n\u0131 a\u00e7\u0131qlay\u0131blar. Hadis\u0259nin s\u0259b\u0259bini m\u00fc\u0259yy\u0259nl\u0259\u015fdirm\u0259k \u00fc\u00e7\u00fcn d\u00f6vl\u0259t komissiyas\u0131 yarad\u0131l\u0131b, Respublika H\u0259rbi Prokurorlu\u011funda is\u0259 partlay\u0131\u015f t\u0259hl\u00fck\u0259li obyektl\u0259rd\u0259 t\u0259hl\u00fck\u0259sizlik qaydalar\u0131n\u0131n pozulmas\u0131 v\u0259 qullu\u011fa s\u0259hl\u0259nkar yana\u015fma madd\u0259l\u0259ri il\u0259 cinay\u0259t i\u015fi ba\u015flan\u0131b.<\/p>\n\n\n\n<p class=\"wp-block-paragraph\">Lakin hadis\u0259d\u0259n doqquz il ke\u00e7m\u0259sin\u0259 baxmayaraq, a\u00e7\u0131q m\u0259nb\u0259l\u0259rd\u0259 h\u0259min istintaq\u0131n nec\u0259 yekunla\u015fd\u0131\u011f\u0131, partlay\u0131\u015f\u0131n konkret s\u0259b\u0259binin m\u00fc\u0259yy\u0259n edilib-edilm\u0259diyi v\u0259 h\u0259r hans\u0131 \u015f\u0259xsin m\u0259suliyy\u0259t\u0259 c\u0259lb olunub-olunmad\u0131\u011f\u0131 bar\u0259d\u0259 r\u0259smi yekun m\u0259lumat yoxdur.<\/p>\n","protected":false},"excerpt":{"rendered":"<p>Sentyabr\u0131n 1-d\u0259n 2-n\u0259 ke\u00e7\u0259n gec\u0259 Goranboy rayonunun Nizami k\u0259ndi yax\u0131nl\u0131\u011f\u0131nda &#8230; <\/p>\n<p class=\"read-more-container\"><a title=\"Goranboyda sursat anbar\u0131nda partlay\u0131\u015f: 5 min n\u0259f\u0259r t\u0259xliy\u0259 olunub\" class=\"read-more button\" href=\"https:\/\/www.meydan.tv\/az\/article\/goranboyda-sursat-anbarinda-partlayis-5-min-n%c9%99f%c9%99r-t%c9%99xliy%c9%99-olunub\/#more-348756\" aria-label=\"Read more about Goranboyda sursat anbar\u0131nda partlay\u0131\u015f: 5 min n\u0259f\u0259r t\u0259xliy\u0259 olunub\">Davam\u0131<\/a><\/p>\n","protected":false},"author":14,"featured_media":348761,"comment_status":"closed","ping_status":"closed","sticky":false,"template":"","format":"standard","meta":{"_acf_changed":false,"_sitemap_exclude":false,"_sitemap_priority":"","_sitemap_frequency":"","footnotes":""},"categories":[79,56],"tags":[],"class_list":["post-348756","post","type-post","status-publish","format-standard","has-post-thumbnail","hentry","category-featured","category-xeberler","infinite-scroll-item","generate-columns","tablet-grid-50","mobile-grid-100","grid-parent","grid-33","no-featured-image-padding"],"acf":[],"yoast_head":"<!-- This site is optimized with the Yoast SEO plugin v28.4 - https:\/\/yoast.com\/product\/yoast-seo-wordpress\/ -->\n<title>Goranboyda sursat anbar\u0131nda partlay\u0131\u015f: 5 min n\u0259f\u0259r t\u0259xliy\u0259 olunub - MEYDAN.TV<\/title>\n<meta name=\"robots\" content=\"index, follow, max-snippet:-1, max-image-preview:large, max-video-preview:-1\" \/>\n<link rel=\"canonical\" href=\"https:\/\/www.meydan.tv\/az\/article\/goranboyda-sursat-anbarinda-partlayis-5-min-n%c9%99f%c9%99r-t%c9%99xliy%c9%99-olunub\/\" \/>\n<meta property=\"og:locale\" content=\"az_AZ\" \/>\n<meta property=\"og:type\" content=\"article\" \/>\n<meta property=\"og:title\" content=\"Goranboyda sursat anbar\u0131nda partlay\u0131\u015f: 5 min n\u0259f\u0259r t\u0259xliy\u0259 olunub - MEYDAN.TV\" \/>\n<meta property=\"og:description\" content=\"Sentyabr\u0131n 1-d\u0259n 2-n\u0259 ke\u00e7\u0259n gec\u0259 Goranboy rayonunun Nizami k\u0259ndi yax\u0131nl\u0131\u011f\u0131nda ... Davam\u0131\" \/>\n<meta property=\"og:url\" content=\"https:\/\/www.meydan.tv\/az\/article\/goranboyda-sursat-anbarinda-partlayis-5-min-n%c9%99f%c9%99r-t%c9%99xliy%c9%99-olunub\/\" \/>\n<meta property=\"og:site_name\" content=\"MEYDAN.TV\" \/>\n<meta property=\"article:published_time\" content=\"2026-09-02T10:37:45+00:00\" \/>\n<meta property=\"article:modified_time\" content=\"2026-09-02T11:29:26+00:00\" \/>\n<meta property=\"og:image\" content=\"https:\/\/www.meydan.tv\/wp-content\/uploads\/595.png\" \/>\n\t<meta property=\"og:image:width\" content=\"1920\" \/>\n\t<meta property=\"og:image:height\" content=\"938\" \/>\n\t<meta property=\"og:image:type\" content=\"image\/png\" \/>\n<meta name=\"twitter:card\" content=\"summary_large_image\" \/>\n<!-- \/ Yoast SEO plugin. -->","yoast_head_json":{"title":"Goranboyda sursat anbar\u0131nda partlay\u0131\u015f: 5 min n\u0259f\u0259r t\u0259xliy\u0259 olunub - MEYDAN.TV","robots":{"index":"index","follow":"follow","max-snippet":"max-snippet:-1","max-image-preview":"max-image-preview:large","max-video-preview":"max-video-preview:-1"},"canonical":"https:\/\/www.meydan.tv\/az\/article\/goranboyda-sursat-anbarinda-partlayis-5-min-n%c9%99f%c9%99r-t%c9%99xliy%c9%99-olunub\/","og_locale":"az_AZ","og_type":"article","og_title":"Goranboyda sursat anbar\u0131nda partlay\u0131\u015f: 5 min n\u0259f\u0259r t\u0259xliy\u0259 olunub - MEYDAN.TV","og_description":"Sentyabr\u0131n 1-d\u0259n 2-n\u0259 ke\u00e7\u0259n gec\u0259 Goranboy rayonunun Nizami k\u0259ndi yax\u0131nl\u0131\u011f\u0131nda ... Davam\u0131","og_url":"https:\/\/www.meydan.tv\/az\/article\/goranboyda-sursat-anbarinda-partlayis-5-min-n%c9%99f%c9%99r-t%c9%99xliy%c9%99-olunub\/","og_site_name":"MEYDAN.TV","article_published_time":"2026-09-02T10:37:45+00:00","article_modified_time":"2026-09-02T11:29:26+00:00","og_image":[{"width":1920,"height":938,"url":"https:\/\/www.meydan.tv\/wp-content\/uploads\/595.png","type":"image\/png"}],"twitter_card":"summary_large_image","schema":{"@context":"https:\/\/schema.org","@graph":[{"@type":"Article","@id":"https:\/\/www.meydan.tv\/az\/article\/goranboyda-sursat-anbarinda-partlayis-5-min-n%c9%99f%c9%99r-t%c9%99xliy%c9%99-olunub\/#article","isPartOf":{"@id":"https:\/\/www.meydan.tv\/az\/article\/goranboyda-sursat-anbarinda-partlayis-5-min-n%c9%99f%c9%99r-t%c9%99xliy%c9%99-olunub\/"},"author":{"name":"roma","@id":"https:\/\/www.meydan.tv\/az\/#\/schema\/person\/8f23e01c4de63326c13c319fb65ee65d"},"headline":"Goranboyda sursat anbar\u0131nda partlay\u0131\u015f: 5 min n\u0259f\u0259r t\u0259xliy\u0259 olunub","datePublished":"2026-09-02T10:37:45+00:00","dateModified":"2026-09-02T11:29:26+00:00","mainEntityOfPage":{"@id":"https:\/\/www.meydan.tv\/az\/article\/goranboyda-sursat-anbarinda-partlayis-5-min-n%c9%99f%c9%99r-t%c9%99xliy%c9%99-olunub\/"},"wordCount":635,"publisher":{"@id":"https:\/\/www.meydan.tv\/az\/#organization"},"image":{"@id":"https:\/\/www.meydan.tv\/az\/article\/goranboyda-sursat-anbarinda-partlayis-5-min-n%c9%99f%c9%99r-t%c9%99xliy%c9%99-olunub\/#primaryimage"},"thumbnailUrl":"https:\/\/www.meydan.tv\/wp-content\/uploads\/595.png","articleSection":["T\u00f6vsiy\u0259","X\u0259b\u0259rl\u0259r"],"inLanguage":"az"},{"@type":"WebPage","@id":"https:\/\/www.meydan.tv\/az\/article\/goranboyda-sursat-anbarinda-partlayis-5-min-n%c9%99f%c9%99r-t%c9%99xliy%c9%99-olunub\/","url":"https:\/\/www.meydan.tv\/az\/article\/goranboyda-sursat-anbarinda-partlayis-5-min-n%c9%99f%c9%99r-t%c9%99xliy%c9%99-olunub\/","name":"Goranboyda sursat anbar\u0131nda partlay\u0131\u015f: 5 min n\u0259f\u0259r t\u0259xliy\u0259 olunub - MEYDAN.TV","isPartOf":{"@id":"https:\/\/www.meydan.tv\/az\/#website"},"primaryImageOfPage":{"@id":"https:\/\/www.meydan.tv\/az\/article\/goranboyda-sursat-anbarinda-partlayis-5-min-n%c9%99f%c9%99r-t%c9%99xliy%c9%99-olunub\/#primaryimage"},"image":{"@id":"https:\/\/www.meydan.tv\/az\/article\/goranboyda-sursat-anbarinda-partlayis-5-min-n%c9%99f%c9%99r-t%c9%99xliy%c9%99-olunub\/#primaryimage"},"thumbnailUrl":"https:\/\/www.meydan.tv\/wp-content\/uploads\/595.png","datePublished":"2026-09-02T10:37:45+00:00","dateModified":"2026-09-02T11:29:26+00:00","breadcrumb":{"@id":"https:\/\/www.meydan.tv\/az\/article\/goranboyda-sursat-anbarinda-partlayis-5-min-n%c9%99f%c9%99r-t%c9%99xliy%c9%99-olunub\/#breadcrumb"},"inLanguage":"az","potentialAction":[{"@type":"ReadAction","target":["https:\/\/www.meydan.tv\/az\/article\/goranboyda-sursat-anbarinda-partlayis-5-min-n%c9%99f%c9%99r-t%c9%99xliy%c9%99-olunub\/"]}]},{"@type":"ImageObject","inLanguage":"az","@id":"https:\/\/www.meydan.tv\/az\/article\/goranboyda-sursat-anbarinda-partlayis-5-min-n%c9%99f%c9%99r-t%c9%99xliy%c9%99-olunub\/#primaryimage","url":"https:\/\/www.meydan.tv\/wp-content\/uploads\/595.png","contentUrl":"https:\/\/www.meydan.tv\/wp-content\/uploads\/595.png","width":1920,"height":938,"caption":"Goranboyda sursat anbar\u0131nda yan\u011f\u0131n v\u0259 partlay\u0131\u015f - Foto Sosial media videosundan screenshot"},{"@type":"BreadcrumbList","@id":"https:\/\/www.meydan.tv\/az\/article\/goranboyda-sursat-anbarinda-partlayis-5-min-n%c9%99f%c9%99r-t%c9%99xliy%c9%99-olunub\/#breadcrumb","itemListElement":[{"@type":"ListItem","position":1,"name":"Ana s\u0259hif\u0259","item":"https:\/\/www.meydan.tv\/az\/"},{"@type":"ListItem","position":2,"name":"X\u0259b\u0259rl\u0259r","item":"https:\/\/www.meydan.tv\/az\/section\/xeberler\/"},{"@type":"ListItem","position":3,"name":"Goranboyda sursat anbar\u0131nda partlay\u0131\u015f: 5 min n\u0259f\u0259r t\u0259xliy\u0259 olunub"}]},{"@type":"WebSite","@id":"https:\/\/www.meydan.tv\/az\/#website","url":"https:\/\/www.meydan.tv\/az\/","name":"MEYDAN.TV","description":"Meydan TV Az\u0259rbaycan\u0131n media m\u0259kan\u0131ndak\u0131 alternativ s\u0259sidir","publisher":{"@id":"https:\/\/www.meydan.tv\/az\/#organization"},"potentialAction":[{"@type":"SearchAction","target":{"@type":"EntryPoint","urlTemplate":"https:\/\/www.meydan.tv\/az\/?s={search_term_string}"},"query-input":{"@type":"PropertyValueSpecification","valueRequired":true,"valueName":"search_term_string"}}],"inLanguage":"az"},{"@type":"Organization","@id":"https:\/\/www.meydan.tv\/az\/#organization","name":"Meydan TV","url":"https:\/\/www.meydan.tv\/az\/","logo":{"@type":"ImageObject","inLanguage":"az","@id":"https:\/\/www.meydan.tv\/az\/#\/schema\/logo\/image\/","url":"https:\/\/www.meydan.tv\/wp-content\/uploads\/2021\/07\/meydan-logo.svg","contentUrl":"https:\/\/www.meydan.tv\/wp-content\/uploads\/2021\/07\/meydan-logo.svg","width":195,"height":46,"caption":"Meydan TV"},"image":{"@id":"https:\/\/www.meydan.tv\/az\/#\/schema\/logo\/image\/"}},{"@type":"Person","@id":"https:\/\/www.meydan.tv\/az\/#\/schema\/person\/8f23e01c4de63326c13c319fb65ee65d","name":"roma"}]}},"_links":{"self":[{"href":"https:\/\/www.meydan.tv\/az\/wp-json\/wp\/v2\/posts\/348756","targetHints":{"allow":["GET"]}}],"collection":[{"href":"https:\/\/www.meydan.tv\/az\/wp-json\/wp\/v2\/posts"}],"about":[{"href":"https:\/\/www.meydan.tv\/az\/wp-json\/wp\/v2\/types\/post"}],"author":[{"embeddable":true,"href":"https:\/\/www.meydan.tv\/az\/wp-json\/wp\/v2\/users\/14"}],"replies":[{"embeddable":true,"href":"https:\/\/www.meydan.tv\/az\/wp-json\/wp\/v2\/comments?post=348756"}],"version-history":[{"count":2,"href":"https:\/\/www.meydan.tv\/az\/wp-json\/wp\/v2\/posts\/348756\/revisions"}],"predecessor-version":[{"id":348779,"href":"https:\/\/www.meydan.tv\/az\/wp-json\/wp\/v2\/posts\/348756\/revisions\/348779"}],"wp:featuredmedia":[{"embeddable":true,"href":"https:\/\/www.meydan.tv\/az\/wp-json\/wp\/v2\/media\/348761"}],"wp:attachment":[{"href":"https:\/\/www.meydan.tv\/az\/wp-json\/wp\/v2\/media?parent=348756"}],"wp:term":[{"taxonomy":"category","embeddable":true,"href":"https:\/\/www.meydan.tv\/az\/wp-json\/wp\/v2\/categories?post=348756"},{"taxonomy":"post_tag","embeddable":true,"href":"https:\/\/www.meydan.tv\/az\/wp-json\/wp\/v2\/tags?post=348756"}],"curies":[{"name":"wp","href":"https:\/\/api.w.org\/{rel}","templated":true}]}}