{"id":348754,"date":"2026-09-02T14:02:21","date_gmt":"2026-09-02T10:02:21","guid":{"rendered":"https:\/\/www.meydan.tv\/?p=348754"},"modified":"2026-09-02T14:02:23","modified_gmt":"2026-09-02T10:02:23","slug":"as%c9%99f-%c9%99hm%c9%99dovun-apellyasiya-sikay%c9%99ti-t%c9%99min-edilm%c9%99yib","status":"publish","type":"post","link":"https:\/\/www.meydan.tv\/az\/article\/as%c9%99f-%c9%99hm%c9%99dovun-apellyasiya-sikay%c9%99ti-t%c9%99min-edilm%c9%99yib\/","title":{"rendered":"As\u0259f \u018fhm\u0259dovun apellyasiya \u015fikay\u0259ti t\u0259min edilm\u0259yib"},"content":{"rendered":"\n<p class=\"wp-block-paragraph\">\u201cQHT i\u015fi\u201d \u00fczr\u0259 8 illik h\u0259bs c\u0259zas\u0131 alm\u0131\u015f ictimai f\u0259al As\u0259f \u018fhm\u0259dovun apellyasiya \u015fikay\u0259tin\u0259 sentyabr\u0131n 1-d\u0259 G\u0259nc\u0259 Apellyasiya M\u0259hk\u0259m\u0259sind\u0259 bax\u0131l\u0131b.<\/p>\n\n\n\n<p class=\"wp-block-paragraph\">Apellyasiya M\u0259hk\u0259m\u0259si birinci instansiya m\u0259hk\u0259m\u0259sinin q\u0259rar\u0131n\u0131 q\u00fcvv\u0259d\u0259 saxlay\u0131b.<\/p>\n\n\n\n<p class=\"wp-block-paragraph\">M\u0259hk\u0259m\u0259d\u0259 m\u00fcdafi\u0259 t\u0259r\u0259finin diqq\u0259t \u00e7\u0259kdiyi \u0259sas m\u0259qamlardan biri \u018fhm\u0259dovun t\u0259qsirl\u0259ndirildiyi madd\u0259l\u0259rd\u0259n biri \u00fczr\u0259 cinay\u0259t m\u0259suliyy\u0259tin\u0259 c\u0259lbetm\u0259 m\u00fcdd\u0259tinin ba\u015fa \u00e7atmas\u0131 olub. M\u0259hk\u0259m\u0259 h\u0259min madd\u0259 \u00fczr\u0259 d\u0259 birinci instansiya m\u0259hk\u0259m\u0259sinin \u00e7\u0131xard\u0131\u011f\u0131 h\u00f6km\u00fc q\u00fcvv\u0259d\u0259 saxlay\u0131b.<\/p>\n\n\n\n<p class=\"wp-block-paragraph\">As\u0259f \u018fhm\u0259dov iyunun 17-d\u0259 G\u0259nc\u0259 A\u011f\u0131r Cinay\u0259tl\u0259r M\u0259hk\u0259m\u0259sinin h\u00f6km\u00fc il\u0259 8 il m\u00fcdd\u0259tin\u0259 azadl\u0131qdan m\u0259hrum edilib.<\/p>\n\n\n\n<p class=\"wp-block-paragraph\">\u201cQHT i\u015fi\u201d \u00fczr\u0259 h\u0259bsl\u0259r 2025-ci ilin mart\u0131ndan ba\u015flay\u0131b. H\u0259min ilin aprelind\u0259 As\u0259f \u018fhm\u0259dov qeyri-h\u00f6kum\u0259t t\u0259\u015fkilatlar\u0131n\u0131n n\u00fcmay\u0259nd\u0259l\u0259ri il\u0259 ba\u011fl\u0131 ba\u015flanm\u0131\u015f v\u0259 ictimaiyy\u0259td\u0259 \u201cQHT i\u015fi\u201d adland\u0131r\u0131lan cinay\u0259t i\u015fi \u00e7\u0259r\u00e7iv\u0259sind\u0259 istintaqa c\u0259lb olunub v\u0259 bar\u0259sind\u0259 h\u0259bs q\u0259timkan t\u0259dbiri se\u00e7ilib.<\/p>\n\n\n\n<p class=\"wp-block-paragraph\">Ona qar\u015f\u0131 Cinay\u0259t M\u0259c\u0259ll\u0259sinin 193-1.2.2-ci (cinay\u0259t yolu il\u0259 \u0259ld\u0259 edilmi\u015f \u0259mlak\u0131 leqalla\u015fd\u0131rma, t\u0259krar t\u00f6r\u0259dildikd\u0259), 193-1.2.3-c\u00fc (cinay\u0259t yolu il\u0259 \u0259ld\u0259 edilmi\u015f \u0259mlak\u0131 leqalla\u015fd\u0131rma, \u015f\u0259xs t\u0259r\u0259find\u0259n \u00f6z qulluq m\u00f6vqeyind\u0259n istifad\u0259 etm\u0259kl\u0259 t\u00f6r\u0259dildikd\u0259), 193-1.3.2-ci (cinay\u0259t yolu il\u0259 \u0259ld\u0259 edilmi\u015f xeyli miqdarda \u0259mlak\u0131 leqalla\u015fd\u0131rma), 308.1-ci (v\u0259zif\u0259 s\u0259lahiyy\u0259tl\u0259rind\u0259n sui-istifad\u0259) v\u0259 313-c\u00fc (v\u0259zif\u0259 saxtakarl\u0131\u011f\u0131) madd\u0259l\u0259ri il\u0259 ittiham ir\u0259li s\u00fcr\u00fcl\u00fcb.<\/p>\n","protected":false},"excerpt":{"rendered":"<p>\u201cQHT i\u015fi\u201d \u00fczr\u0259 8 illik h\u0259bs c\u0259zas\u0131 alm\u0131\u015f ictimai f\u0259al &#8230; <\/p>\n<p class=\"read-more-container\"><a title=\"As\u0259f \u018fhm\u0259dovun apellyasiya \u015fikay\u0259ti t\u0259min edilm\u0259yib\" class=\"read-more button\" href=\"https:\/\/www.meydan.tv\/az\/article\/as%c9%99f-%c9%99hm%c9%99dovun-apellyasiya-sikay%c9%99ti-t%c9%99min-edilm%c9%99yib\/#more-348754\" aria-label=\"Read more about As\u0259f \u018fhm\u0259dovun apellyasiya \u015fikay\u0259ti t\u0259min edilm\u0259yib\">Davam\u0131<\/a><\/p>\n","protected":false},"author":21,"featured_media":341064,"comment_status":"closed","ping_status":"closed","sticky":false,"template":"","format":"standard","meta":{"_acf_changed":false,"_sitemap_exclude":false,"_sitemap_priority":"","_sitemap_frequency":"","footnotes":""},"categories":[288,79,56],"tags":[],"class_list":["post-348754","post","type-post","status-publish","format-standard","has-post-thumbnail","hentry","category-siyasi-isler","category-featured","category-xeberler","infinite-scroll-item","generate-columns","tablet-grid-50","mobile-grid-100","grid-parent","grid-33","no-featured-image-padding"],"acf":[],"yoast_head":"<!-- This site is optimized with the Yoast SEO plugin v28.4 - https:\/\/yoast.com\/product\/yoast-seo-wordpress\/ -->\n<title>As\u0259f \u018fhm\u0259dovun apellyasiya \u015fikay\u0259ti t\u0259min edilm\u0259yib - MEYDAN.TV<\/title>\n<meta name=\"robots\" content=\"index, follow, max-snippet:-1, max-image-preview:large, max-video-preview:-1\" \/>\n<link rel=\"canonical\" href=\"https:\/\/www.meydan.tv\/az\/article\/as%c9%99f-%c9%99hm%c9%99dovun-apellyasiya-sikay%c9%99ti-t%c9%99min-edilm%c9%99yib\/\" \/>\n<meta property=\"og:locale\" content=\"az_AZ\" \/>\n<meta property=\"og:type\" content=\"article\" \/>\n<meta property=\"og:title\" content=\"As\u0259f \u018fhm\u0259dovun apellyasiya \u015fikay\u0259ti t\u0259min edilm\u0259yib - MEYDAN.TV\" \/>\n<meta property=\"og:description\" content=\"\u201cQHT i\u015fi\u201d \u00fczr\u0259 8 illik h\u0259bs c\u0259zas\u0131 alm\u0131\u015f ictimai f\u0259al ... Davam\u0131\" \/>\n<meta property=\"og:url\" content=\"https:\/\/www.meydan.tv\/az\/article\/as%c9%99f-%c9%99hm%c9%99dovun-apellyasiya-sikay%c9%99ti-t%c9%99min-edilm%c9%99yib\/\" \/>\n<meta property=\"og:site_name\" content=\"MEYDAN.TV\" \/>\n<meta property=\"article:published_time\" content=\"2026-09-02T10:02:21+00:00\" \/>\n<meta property=\"article:modified_time\" content=\"2026-09-02T10:02:23+00:00\" \/>\n<meta property=\"og:image\" content=\"https:\/\/www.meydan.tv\/wp-content\/uploads\/465218820_10234060827286791_6303825003089646723_n.jpg\" \/>\n\t<meta property=\"og:image:width\" content=\"2048\" \/>\n\t<meta property=\"og:image:height\" content=\"1360\" \/>\n\t<meta property=\"og:image:type\" content=\"image\/jpeg\" \/>\n<meta name=\"twitter:card\" content=\"summary_large_image\" \/>\n<!-- \/ Yoast SEO plugin. -->","yoast_head_json":{"title":"As\u0259f \u018fhm\u0259dovun apellyasiya \u015fikay\u0259ti t\u0259min edilm\u0259yib - MEYDAN.TV","robots":{"index":"index","follow":"follow","max-snippet":"max-snippet:-1","max-image-preview":"max-image-preview:large","max-video-preview":"max-video-preview:-1"},"canonical":"https:\/\/www.meydan.tv\/az\/article\/as%c9%99f-%c9%99hm%c9%99dovun-apellyasiya-sikay%c9%99ti-t%c9%99min-edilm%c9%99yib\/","og_locale":"az_AZ","og_type":"article","og_title":"As\u0259f \u018fhm\u0259dovun apellyasiya \u015fikay\u0259ti t\u0259min edilm\u0259yib - MEYDAN.TV","og_description":"\u201cQHT i\u015fi\u201d \u00fczr\u0259 8 illik h\u0259bs c\u0259zas\u0131 alm\u0131\u015f ictimai f\u0259al ... Davam\u0131","og_url":"https:\/\/www.meydan.tv\/az\/article\/as%c9%99f-%c9%99hm%c9%99dovun-apellyasiya-sikay%c9%99ti-t%c9%99min-edilm%c9%99yib\/","og_site_name":"MEYDAN.TV","article_published_time":"2026-09-02T10:02:21+00:00","article_modified_time":"2026-09-02T10:02:23+00:00","og_image":[{"width":2048,"height":1360,"url":"https:\/\/www.meydan.tv\/wp-content\/uploads\/465218820_10234060827286791_6303825003089646723_n.jpg","type":"image\/jpeg"}],"twitter_card":"summary_large_image","schema":{"@context":"https:\/\/schema.org","@graph":[{"@type":"Article","@id":"https:\/\/www.meydan.tv\/az\/article\/as%c9%99f-%c9%99hm%c9%99dovun-apellyasiya-sikay%c9%99ti-t%c9%99min-edilm%c9%99yib\/#article","isPartOf":{"@id":"https:\/\/www.meydan.tv\/az\/article\/as%c9%99f-%c9%99hm%c9%99dovun-apellyasiya-sikay%c9%99ti-t%c9%99min-edilm%c9%99yib\/"},"author":{"name":"mahmud","@id":"https:\/\/www.meydan.tv\/az\/#\/schema\/person\/09863e516102a829e72bedcf3f84c6b0"},"headline":"As\u0259f \u018fhm\u0259dovun apellyasiya \u015fikay\u0259ti t\u0259min edilm\u0259yib","datePublished":"2026-09-02T10:02:21+00:00","dateModified":"2026-09-02T10:02:23+00:00","mainEntityOfPage":{"@id":"https:\/\/www.meydan.tv\/az\/article\/as%c9%99f-%c9%99hm%c9%99dovun-apellyasiya-sikay%c9%99ti-t%c9%99min-edilm%c9%99yib\/"},"wordCount":317,"publisher":{"@id":"https:\/\/www.meydan.tv\/az\/#organization"},"image":{"@id":"https:\/\/www.meydan.tv\/az\/article\/as%c9%99f-%c9%99hm%c9%99dovun-apellyasiya-sikay%c9%99ti-t%c9%99min-edilm%c9%99yib\/#primaryimage"},"thumbnailUrl":"https:\/\/www.meydan.tv\/wp-content\/uploads\/465218820_10234060827286791_6303825003089646723_n.jpg","articleSection":["Siyasi i\u015fl\u0259r","T\u00f6vsiy\u0259","X\u0259b\u0259rl\u0259r"],"inLanguage":"az"},{"@type":"WebPage","@id":"https:\/\/www.meydan.tv\/az\/article\/as%c9%99f-%c9%99hm%c9%99dovun-apellyasiya-sikay%c9%99ti-t%c9%99min-edilm%c9%99yib\/","url":"https:\/\/www.meydan.tv\/az\/article\/as%c9%99f-%c9%99hm%c9%99dovun-apellyasiya-sikay%c9%99ti-t%c9%99min-edilm%c9%99yib\/","name":"As\u0259f \u018fhm\u0259dovun apellyasiya \u015fikay\u0259ti t\u0259min edilm\u0259yib - MEYDAN.TV","isPartOf":{"@id":"https:\/\/www.meydan.tv\/az\/#website"},"primaryImageOfPage":{"@id":"https:\/\/www.meydan.tv\/az\/article\/as%c9%99f-%c9%99hm%c9%99dovun-apellyasiya-sikay%c9%99ti-t%c9%99min-edilm%c9%99yib\/#primaryimage"},"image":{"@id":"https:\/\/www.meydan.tv\/az\/article\/as%c9%99f-%c9%99hm%c9%99dovun-apellyasiya-sikay%c9%99ti-t%c9%99min-edilm%c9%99yib\/#primaryimage"},"thumbnailUrl":"https:\/\/www.meydan.tv\/wp-content\/uploads\/465218820_10234060827286791_6303825003089646723_n.jpg","datePublished":"2026-09-02T10:02:21+00:00","dateModified":"2026-09-02T10:02:23+00:00","breadcrumb":{"@id":"https:\/\/www.meydan.tv\/az\/article\/as%c9%99f-%c9%99hm%c9%99dovun-apellyasiya-sikay%c9%99ti-t%c9%99min-edilm%c9%99yib\/#breadcrumb"},"inLanguage":"az","potentialAction":[{"@type":"ReadAction","target":["https:\/\/www.meydan.tv\/az\/article\/as%c9%99f-%c9%99hm%c9%99dovun-apellyasiya-sikay%c9%99ti-t%c9%99min-edilm%c9%99yib\/"]}]},{"@type":"ImageObject","inLanguage":"az","@id":"https:\/\/www.meydan.tv\/az\/article\/as%c9%99f-%c9%99hm%c9%99dovun-apellyasiya-sikay%c9%99ti-t%c9%99min-edilm%c9%99yib\/#primaryimage","url":"https:\/\/www.meydan.tv\/wp-content\/uploads\/465218820_10234060827286791_6303825003089646723_n.jpg","contentUrl":"https:\/\/www.meydan.tv\/wp-content\/uploads\/465218820_10234060827286791_6303825003089646723_n.jpg","width":2048,"height":1360,"caption":"As\u0259f \u018fhm\u0259dov. Foto: \u015f\u0259xsi Facebook s\u0259hif\u0259si"},{"@type":"BreadcrumbList","@id":"https:\/\/www.meydan.tv\/az\/article\/as%c9%99f-%c9%99hm%c9%99dovun-apellyasiya-sikay%c9%99ti-t%c9%99min-edilm%c9%99yib\/#breadcrumb","itemListElement":[{"@type":"ListItem","position":1,"name":"Ana s\u0259hif\u0259","item":"https:\/\/www.meydan.tv\/az\/"},{"@type":"ListItem","position":2,"name":"Siyasi i\u015fl\u0259r","item":"https:\/\/www.meydan.tv\/az\/section\/siyasi-isler\/"},{"@type":"ListItem","position":3,"name":"As\u0259f \u018fhm\u0259dovun apellyasiya \u015fikay\u0259ti t\u0259min edilm\u0259yib"}]},{"@type":"WebSite","@id":"https:\/\/www.meydan.tv\/az\/#website","url":"https:\/\/www.meydan.tv\/az\/","name":"MEYDAN.TV","description":"Meydan TV Az\u0259rbaycan\u0131n media m\u0259kan\u0131ndak\u0131 alternativ s\u0259sidir","publisher":{"@id":"https:\/\/www.meydan.tv\/az\/#organization"},"potentialAction":[{"@type":"SearchAction","target":{"@type":"EntryPoint","urlTemplate":"https:\/\/www.meydan.tv\/az\/?s={search_term_string}"},"query-input":{"@type":"PropertyValueSpecification","valueRequired":true,"valueName":"search_term_string"}}],"inLanguage":"az"},{"@type":"Organization","@id":"https:\/\/www.meydan.tv\/az\/#organization","name":"Meydan TV","url":"https:\/\/www.meydan.tv\/az\/","logo":{"@type":"ImageObject","inLanguage":"az","@id":"https:\/\/www.meydan.tv\/az\/#\/schema\/logo\/image\/","url":"https:\/\/www.meydan.tv\/wp-content\/uploads\/2021\/07\/meydan-logo.svg","contentUrl":"https:\/\/www.meydan.tv\/wp-content\/uploads\/2021\/07\/meydan-logo.svg","width":195,"height":46,"caption":"Meydan TV"},"image":{"@id":"https:\/\/www.meydan.tv\/az\/#\/schema\/logo\/image\/"}},{"@type":"Person","@id":"https:\/\/www.meydan.tv\/az\/#\/schema\/person\/09863e516102a829e72bedcf3f84c6b0","name":"mahmud"}]}},"_links":{"self":[{"href":"https:\/\/www.meydan.tv\/az\/wp-json\/wp\/v2\/posts\/348754","targetHints":{"allow":["GET"]}}],"collection":[{"href":"https:\/\/www.meydan.tv\/az\/wp-json\/wp\/v2\/posts"}],"about":[{"href":"https:\/\/www.meydan.tv\/az\/wp-json\/wp\/v2\/types\/post"}],"author":[{"embeddable":true,"href":"https:\/\/www.meydan.tv\/az\/wp-json\/wp\/v2\/users\/21"}],"replies":[{"embeddable":true,"href":"https:\/\/www.meydan.tv\/az\/wp-json\/wp\/v2\/comments?post=348754"}],"version-history":[{"count":1,"href":"https:\/\/www.meydan.tv\/az\/wp-json\/wp\/v2\/posts\/348754\/revisions"}],"predecessor-version":[{"id":348755,"href":"https:\/\/www.meydan.tv\/az\/wp-json\/wp\/v2\/posts\/348754\/revisions\/348755"}],"wp:featuredmedia":[{"embeddable":true,"href":"https:\/\/www.meydan.tv\/az\/wp-json\/wp\/v2\/media\/341064"}],"wp:attachment":[{"href":"https:\/\/www.meydan.tv\/az\/wp-json\/wp\/v2\/media?parent=348754"}],"wp:term":[{"taxonomy":"category","embeddable":true,"href":"https:\/\/www.meydan.tv\/az\/wp-json\/wp\/v2\/categories?post=348754"},{"taxonomy":"post_tag","embeddable":true,"href":"https:\/\/www.meydan.tv\/az\/wp-json\/wp\/v2\/tags?post=348754"}],"curies":[{"name":"wp","href":"https:\/\/api.w.org\/{rel}","templated":true}]}}