{"id":348752,"date":"2026-09-02T13:03:05","date_gmt":"2026-09-02T09:03:05","guid":{"rendered":"https:\/\/www.meydan.tv\/?p=348752"},"modified":"2026-09-02T13:03:08","modified_gmt":"2026-09-02T09:03:08","slug":"siyasi-m%c9%99hbuslar-%c9%99li-k%c9%99rimli-v%c9%99-qarabag-filmi-baki-niy%c9%99-f%c9%99rqli-materiallari-vahid-informasiya-kampaniyasi-sayir","status":"publish","type":"post","link":"https:\/\/www.meydan.tv\/az\/article\/siyasi-m%c9%99hbuslar-%c9%99li-k%c9%99rimli-v%c9%99-qarabag-filmi-baki-niy%c9%99-f%c9%99rqli-materiallari-vahid-informasiya-kampaniyasi-sayir\/","title":{"rendered":"Siyasi m\u0259hbuslar, \u018fli K\u0259rimli v\u0259 Qaraba\u011f filmi: Bak\u0131 niy\u0259 f\u0259rqli materiallar\u0131 vahid \u201cinformasiya kampaniyas\u0131\u201d say\u0131r?"},"content":{"rendered":"\n<p class=\"wp-block-paragraph\"><a href=\"https:\/\/jam-news.net\/az\/az%c9%99rbaycanin-xarici-media-il%c9%99-qarsidurmasi\/\">JAMnews<\/a>-un material\u0131<\/p>\n\n\n\n<p class=\"wp-block-paragraph\">D\u00fcnya m\u0259tbuat\u0131nda\u00a0Az\u0259rbaycan\u00a0haqq\u0131nda d\u00f6rd m\u00fcxt\u0259lif media material\u0131 yay\u0131mlan\u0131b: Pol\u015fa ictimai televiziyas\u0131 \u2013 \u201cTVP World\u201d\u00fcn siyasi repressiyalar bar\u0259d\u0259 proqram\u0131, \u201cThe Independent\u201din \u018fli K\u0259rimlinin saxlanma \u015f\u0259raiti haqq\u0131nda x\u0259b\u0259ri, BBC-nin siyasi m\u0259hbuslarla ba\u011fl\u0131 m\u0259lumat t\u0259hlili v\u0259 \u201cThe Guardian\u201d\u0131n Qaraba\u011f haqq\u0131nda s\u0259n\u0259dli film\u0259 resenziyas\u0131.<\/p>\n\n\n\n<p class=\"wp-block-paragraph\">Bak\u0131 bunlara iki r\u0259smi cavab verib. \u201cTVP World\u201d\u00fcn proqram\u0131na g\u00f6r\u0259 Pol\u015fa s\u0259firi X\u0130N-\u0259 \u00e7a\u011f\u0131r\u0131l\u0131b v\u0259 etiraz notas\u0131 al\u0131b. Dig\u0259r \u00fc\u00e7 material is\u0259 Median\u0131n \u0130nki\u015faf\u0131 Agentliyinin b\u0259yanat\u0131nda eyni \u201cm\u0259qs\u0259dli informasiya kampaniyas\u0131\u201dn\u0131n m\u00fcmk\u00fcn hiss\u0259l\u0259ri kimi t\u0259qdim olunub.<\/p>\n\n\n\n<p class=\"wp-block-paragraph\">Materiallar\u0131 ayr\u0131-ayr\u0131l\u0131qda oxuduqda is\u0259 onlar\u0131n n\u0259 m\u00f6vzusu, n\u0259 janr\u0131, n\u0259 d\u0259 \u0259sas m\u0259nb\u0259l\u0259ri eynidir.<\/p>\n\n\n\n<h4 class=\"wp-block-heading\"><strong>TVP: xarici u\u011fur v\u0259 daxili repressiya<\/strong><\/h4>\n\n\n\n<p class=\"wp-block-paragraph\">\u201cTVP World\u201d\u00fcn avqustun 26-da yay\u0131mlad\u0131\u011f\u0131\u00a0<a href=\"https:\/\/www.youtube.com\/watch?v=N8pkqP7J5BM\" target=\"_blank\" rel=\"noreferrer noopener nofollow\">\u201cAz\u0259rbaycan\u0131n s\u00fclh\u00fc repressiyalarla m\u00fc\u015fayi\u0259t olunur\u201d<\/a>\u00a0proqram\u0131n\u0131n \u0259sas sual\u0131 Bak\u0131n\u0131n beyn\u0259lxalq t\u0259siri artd\u0131\u011f\u0131 halda \u00f6lk\u0259 daxilind\u0259 siyasi m\u0259kan\u0131n niy\u0259 daralmas\u0131d\u0131r.<\/p>\n\n\n\n<p class=\"wp-block-paragraph\">Verili\u015fd\u0259 \u201c<a href=\"https:\/\/jam-news.net\/az\/topic\/abzas-media-isi\/\" target=\"_blank\" rel=\"noreferrer noopener nofollow\">AbzasMedia<\/a>\u201c, \u201c<a href=\"https:\/\/jam-news.net\/az\/topic\/meydan-tv-isi\/\" target=\"_blank\" rel=\"noreferrer noopener nofollow\">Meydan TV<\/a>\u201d v\u0259 \u201cToplum TV\u201d jurnalistl\u0259rinin h\u0259bsi, m\u00fcxalifl\u0259r\u0259, f\u0259allara v\u0259 t\u0259dqiqat\u00e7\u0131lara qar\u015f\u0131 cinay\u0259t i\u015fl\u0259ri m\u00fczakir\u0259 olunur. Apar\u0131c\u0131 Benjamin Lee v\u0259 \u0130PEK M\u0259rk\u0259zinin direktor m\u00fcavini T\u00fcrkan Bozkurt neft g\u0259lirl\u0259rind\u0259n, hakimiyy\u0259tin ail\u0259 daxilind\u0259 \u00f6t\u00fcr\u00fclm\u0259sind\u0259n, Qaraba\u011f q\u0259l\u0259b\u0259sinin\u00a0\u0130lham \u018fliyev\u0259\u00a0verdiyi legitimlikd\u0259n, Q\u0259rbl\u0259 m\u00fcnasib\u0259tl\u0259rd\u0259n v\u0259 milli azl\u0131qlardan dan\u0131\u015f\u0131rlar.<\/p>\n\n\n\n<p class=\"wp-block-paragraph\">Az\u0259rbaycan X\u0130N proqram\u0131 q\u0259r\u0259zli, apar\u0131c\u0131n\u0131n davran\u0131\u015f\u0131n\u0131 is\u0259 t\u0259xribat\u00e7\u0131 adland\u0131r\u0131b. D\u00f6vl\u0259t b\u00fcdc\u0259sind\u0259n maliyy\u0259l\u0259\u015f\u0259n TVP-nin yay\u0131m\u0131 Pol\u015fa d\u00f6vl\u0259tinin m\u00f6vqeyi il\u0259 \u0259laq\u0259l\u0259ndirilib v\u0259\u00a0<a href=\"https:\/\/mfa.gov.az\/az\/news\/no34326\" target=\"_blank\" rel=\"noreferrer noopener nofollow\">\u201cqeyri-dost add\u0131m\u201d kimi qiym\u0259tl\u0259ndirilib<\/a>.<\/p>\n\n\n\n<h4 class=\"wp-block-heading\"><strong>\u201cThe Independent\u201d: \u018fli K\u0259rimlinin saxlanma \u015f\u0259raiti<\/strong><\/h4>\n\n\n\n<p class=\"wp-block-paragraph\">Britaniya q\u0259zetinin avqustun 30-da d\u0259rc etdiyi\u00a0<a href=\"https:\/\/www.independent.co.uk\/news\/world\/europe\/azerbaijan-karimli-prison-baku-aliyev-b3029690.html\" target=\"_blank\" rel=\"noreferrer noopener nofollow\">material daha dar m\u00f6vzudad\u0131r<\/a>. Az\u0259rbaycan Xalq C\u0259bh\u0259si Partiyas\u0131n\u0131n haz\u0131rda h\u0259bsd\u0259 olan s\u0259dri \u018fli K\u0259rimlinin ail\u0259si v\u0259 v\u0259kill\u0259ri onun t\u0259hl\u00fck\u0259siz i\u00e7m\u0259li sudan, ventilyasiyadan, normal yuxudan, g\u0259zinti v\u0259 m\u00fctali\u0259 imkan\u0131ndan m\u0259hrum edildiyini deyirl\u0259r. \u0130nsan Haqlar\u0131 M\u00fc\u015fahid\u0259\u00e7isi (Human Rights Watch) n\u00fcmay\u0259nd\u0259si i\u015f \u00fczr\u0259 ictimaiyy\u0259t\u0259 inand\u0131r\u0131c\u0131 s\u00fcbut t\u0259qdim olunmad\u0131\u011f\u0131n\u0131 bildirir. Britaniya X\u0130N-i m\u0259s\u0259l\u0259ni Az\u0259rbaycan r\u0259smil\u0259ri qar\u015f\u0131s\u0131nda qald\u0131rd\u0131\u011f\u0131n\u0131 t\u0259sdiql\u0259yir.<\/p>\n\n\n\n<p class=\"wp-block-paragraph\">M\u0259qal\u0259nin emosional ba\u015fl\u0131\u011f\u0131 ail\u0259nin K\u0259rimlini \u201cs\u0131nd\u0131rmaq\u201d c\u0259hdi bar\u0259d\u0259 iddias\u0131n\u0131 \u00f6n\u0259 \u00e7\u0131xar\u0131r. \u00dcst\u0259lik, yaz\u0131da onun ittiham\u0131 \u201cd\u00f6vl\u0259t\u0259 x\u0259yan\u0259t\u201d kimi t\u0259qdim olunur. Halbuki r\u0259smi ittiham hakimiyy\u0259ti zorla \u0259l\u0259 ke\u00e7irm\u0259y\u0259 v\u0259 konstitusiya qurulu\u015funu zorla d\u0259yi\u015fdirm\u0259y\u0259 y\u00f6n\u0259l\u0259n h\u0259r\u0259k\u0259tl\u0259r madd\u0259sidir. Bu, Bak\u0131n\u0131n konkret \u015f\u0259kild\u0259 d\u00fcz\u0259li\u015f t\u0259l\u0259b ed\u0259 bil\u0259c\u0259yi m\u0259qamd\u0131r.<\/p>\n\n\n\n<p class=\"wp-block-paragraph\">Q\u0259zet is\u0259 Az\u0259rbaycan X\u0130N-\u0259 \u015f\u0259rh \u00fc\u00e7\u00fcn m\u00fcraci\u0259t etdiyini, lakin cavab almad\u0131\u011f\u0131n\u0131 yaz\u0131r.<\/p>\n\n\n\n<h4 class=\"wp-block-heading\"><strong>BBC: r\u0259q\u0259ml\u0259r v\u0259 \u0130qbal \u018fbilov i\u015fi<\/strong><\/h4>\n\n\n\n<p class=\"wp-block-paragraph\">BBC rus xidm\u0259tinin avqustun 31-d\u0259 yay\u0131mlad\u0131\u011f\u0131\u00a0<a href=\"https:\/\/www.bbc.com\/russian\/articles\/cwyz5pgez5po\" target=\"_blank\" rel=\"noreferrer noopener nofollow\">\u201c\u0130lham \u018fliyev repressiyalar\u0131 niy\u0259 s\u0259rtl\u0259\u015fdirir?\u201d<\/a>\u00a0m\u0259qal\u0259sinin m\u0259rk\u0259zind\u0259 \u018fli K\u0259rimli deyil, 18 il h\u0259bs c\u0259zas\u0131 alm\u0131\u015f tal\u0131\u015f t\u0259dqiqat\u00e7\u0131 \u0130qbal \u018fbilov dayan\u0131r.<\/p>\n\n\n\n<p class=\"wp-block-paragraph\">BBC S\u00fclh v\u0259 Demokratiya \u0130nstitutunun 2021-ci ild\u0259n 2026-c\u0131 ilin may\u0131nad\u0259k siyah\u0131lar\u0131n\u0131 hesablayaraq siyasi m\u0259hbuslar\u0131n say\u0131n\u0131n \u00fc\u00e7 d\u0259f\u0259d\u0259n \u00e7ox artd\u0131\u011f\u0131n\u0131, siyasi i\u015fl\u0259r \u00fczr\u0259 orta c\u0259zan\u0131n is\u0259 2026-c\u0131 ild\u0259 t\u0259xmin\u0259n 12 il\u0259 \u00e7atd\u0131\u011f\u0131n\u0131 bildirir. M\u0259qal\u0259d\u0259 \u201cAbzasMedia\u201d, \u201cAzadl\u0131qRadiosu\u201d v\u0259 \u201cToplum TV\u201d i\u015fl\u0259ri, h\u0259m\u00e7inin t\u0259dqiqat\u00e7\u0131lar B\u0259hruz S\u0259m\u0259dovla \u0130qbal \u018fbilovun m\u0259hk\u0259m\u0259l\u0259ri n\u0259z\u0259rd\u0259n ke\u00e7irilir.<\/p>\n\n\n\n<p class=\"wp-block-paragraph\">Bu hesablamalar\u0131n bir h\u00fcquq m\u00fcdafi\u0259 t\u0259\u015fkilat\u0131n\u0131n siyah\u0131lar\u0131na \u0259saslanmas\u0131 m\u00fcbahis\u0259 m\u00f6vzusu ola bil\u0259r. Lakin BBC metodologiyas\u0131n\u0131 izah edir, \u0130lham \u018fliyevin siyasi t\u0259qibl\u0259ri r\u0259dd ed\u0259n m\u00f6vqeyini verir v\u0259 Penitensiar Xidm\u0259t\u0259 \u015f\u0259rh \u00fc\u00e7\u00fcn m\u00fcraci\u0259t etdiyini, cavab almad\u0131\u011f\u0131n\u0131 yaz\u0131r.<\/p>\n\n\n\n<h4 class=\"wp-block-heading\"><strong>R\u0259smi m\u00f6vqey\u0259 \u00e7\u0131x\u0131\u015f\u0131 kim darald\u0131r?<\/strong><\/h4>\n\n\n\n<p class=\"wp-block-paragraph\">MED\u0130A xarici redaksiyalar\u0131 Az\u0259rbaycan\u0131n r\u0259smi m\u00f6vqeyini \u00f6yr\u0259nm\u0259m\u0259kd\u0259 g\u00fcnahland\u0131r\u0131r. Lakin 2025-ci ilin fevral\u0131nda X\u0130N-in g\u00f6st\u0259ri\u015find\u0259n sonra BBC 1994-c\u00fc ild\u0259n f\u0259aliyy\u0259t g\u00f6st\u0259r\u0259n\u00a0<a href=\"https:\/\/www.voanews.com\/a\/azerbaijan-suspends-bbc\/7982159.html?utm_source=chatgpt.com\" target=\"_blank\" rel=\"noreferrer noopener nofollow\">Bak\u0131 b\u00fcrosunu ba\u011flay\u0131b<\/a>.<\/p>\n\n\n\n<p class=\"wp-block-paragraph\">X\u0130N q\u0259rar\u0131 qar\u015f\u0131l\u0131ql\u0131l\u0131q prinsipi v\u0259 n\u00fcmay\u0259nd\u0259liyin i\u015fl\u0259m\u0259si \u00fc\u00e7\u00fcn h\u00fcquqi \u0259sas\u0131n olmamas\u0131 il\u0259 izah edib. Yerli b\u00fcrolar\u0131n f\u0259aliyy\u0259ti m\u0259hdudla\u015fd\u0131r\u0131ld\u0131\u011f\u0131, d\u00f6vl\u0259t qurumlar\u0131 is\u0259 g\u00f6nd\u0259ril\u0259n sor\u011fular\u0131 cavabs\u0131z qoydu\u011fu halda xarici redaksiyalar v\u0259kill\u0259r\u0259, ail\u0259 \u00fczvl\u0259rin\u0259 v\u0259 \u00f6lk\u0259d\u0259n k\u0259nardak\u0131 ekspertl\u0259r\u0259 daha \u00e7ox s\u00f6yk\u0259nirl\u0259r.<\/p>\n\n\n\n<p class=\"wp-block-paragraph\">Bel\u0259likl\u0259, Bak\u0131n\u0131n birt\u0259r\u0259fli adland\u0131rd\u0131\u011f\u0131 informasiya m\u0259nz\u0259r\u0259si qism\u0259n onun \u00f6z media siyas\u0259tinin n\u0259tic\u0259si ola bil\u0259r.<\/p>\n\n\n\n<h4 class=\"wp-block-heading\"><strong>\u201cThe Guardian\u201d: Qaraba\u011f haqq\u0131nda film resenziyas\u0131<\/strong><\/h4>\n\n\n\n<p class=\"wp-block-paragraph\">\u201cThe Guardian\u201d\u0131n\u00a0<a href=\"https:\/\/www.theguardian.com\/film\/2026\/aug\/31\/the-black-garden-review-haunting-study-of-growing-up-in-war-torn-nagorno-karabakh\" target=\"_blank\" rel=\"noreferrer noopener nofollow\">material\u0131<\/a>\u00a0is\u0259 \u00fcmumiyy\u0259tl\u0259 siyasi ara\u015fd\u0131rma deyil. Bu, rejissor Aleksis Pazumyan\u0131n \u201cThe Black Garden\u201d s\u0259n\u0259dli filmin\u0259 q\u0131sa resenziyad\u0131r. Film Qaraba\u011f erm\u0259nil\u0259rinin m\u00fcharib\u0259 t\u0259cr\u00fcb\u0259sini iki u\u015fa\u011f\u0131n v\u0259 aya\u011f\u0131n\u0131 itir\u0259n g\u0259nc h\u0259rb\u00e7inin hekay\u0259si \u00fcz\u0259rind\u0259n g\u00f6st\u0259rir.<\/p>\n\n\n\n<p class=\"wp-block-paragraph\">Resenziyan\u0131n giri\u015find\u0259 Qaraba\u011f erm\u0259nil\u0259rinin Az\u0259rbaycan ordusunun \u201csays\u0131z-hesabs\u0131z h\u0259rbi kampaniyalar\u0131na\u201d qar\u015f\u0131 d\u00f6y\u00fc\u015fd\u00fcy\u00fc yaz\u0131l\u0131r. Birinci m\u00fcharib\u0259, \u0259razil\u0259rin i\u015f\u011fal\u0131, az\u0259rbaycanl\u0131 m\u0259cburi k\u00f6\u00e7k\u00fcnl\u0259r v\u0259 m\u00fcnaqi\u015f\u0259nin dig\u0259r t\u0259r\u0259fi qeyd edilmir. M\u00fc\u0259llif \u00f6z\u00fc d\u0259 filmin daha geni\u015f siyasi-tarixi kontekstd\u0259n faydalana bil\u0259c\u0259yini etiraf edir.<\/p>\n\n\n\n<p class=\"wp-block-paragraph\">Bak\u0131 bu birt\u0259r\u0259fli \u00e7\u0259r\u00e7iv\u0259ni \u0259sasl\u0131 \u015f\u0259kild\u0259 t\u0259nqid ed\u0259 bil\u0259r. Ancaq film resenziyas\u0131n\u0131n m\u00fc\u0259llifind\u0259n Az\u0259rbaycan h\u00f6kum\u0259tin\u0259 sor\u011fu g\u00f6nd\u0259rm\u0259sini g\u00f6zl\u0259m\u0259k x\u0259b\u0259r m\u0259qal\u0259sin\u0259 t\u0259tbiq olunan qaydan\u0131 m\u0259d\u0259niyy\u0259t yaz\u0131s\u0131na t\u0259tbiq etm\u0259kdir.<\/p>\n\n\n\n<h4 class=\"wp-block-heading\"><strong>F\u0259rqli materiallar\u0131 n\u0259 birl\u0259\u015fdirir?<\/strong><\/h4>\n\n\n\n<p class=\"wp-block-paragraph\">D\u00f6rd material\u0131n ortaq c\u0259h\u0259ti koordinasiya olunduqlar\u0131n\u0131n s\u00fcbutu deyil, Az\u0259rbaycan haqq\u0131nda t\u0259svirl\u0259rinin r\u0259smi narrativl\u0259rl\u0259 ziddiyy\u0259t t\u0259\u015fkil etm\u0259sidir.<\/p>\n\n\n\n<p class=\"wp-block-paragraph\">TVP v\u0259 BBC daxili sabitlik v\u0259 qanuni cinay\u0259t t\u0259qibi arqumentini sor\u011fulay\u0131r. \u201cThe Independent\u201d konkret m\u0259hbusun r\u0259ftar\u0131 bar\u0259d\u0259 iddialar qald\u0131r\u0131r. \u201cThe Guardian\u201d is\u0259 Qaraba\u011f m\u00fcharib\u0259sini \u0259sas\u0259n erm\u0259ni t\u0259cr\u00fcb\u0259si \u00fcz\u0259rind\u0259n t\u0259qdim edir.<\/p>\n\n\n\n<p class=\"wp-block-paragraph\">Bel\u0259likl\u0259, materiallar eyni m\u00f6vzunu yox, d\u00f6vl\u0259tin \u00fc\u00e7 h\u0259ssas sah\u0259sini \u2013 daxili siyasi n\u0259zar\u0259ti, beyn\u0259lxalq t\u0259r\u0259fda\u015flarla m\u00fcnasib\u0259tl\u0259ri v\u0259 Qaraba\u011f haqq\u0131nda tarixi narrativi eyni h\u0259ft\u0259d\u0259 g\u00fcnd\u0259m\u0259 g\u0259tirir. Bak\u0131n\u0131n onlar\u0131 vahid h\u00fccum kimi g\u00f6rm\u0259sinin s\u0259b\u0259bi m\u0259zmunlar\u0131n\u0131n eyniliyi deyil, ham\u0131s\u0131n\u0131n \u00f6lk\u0259nin yaratma\u011fa \u00e7al\u0131\u015fd\u0131\u011f\u0131 beyn\u0259lxalq imic\u0259 zidd olmas\u0131d\u0131r.<\/p>\n\n\n\n<h4 class=\"wp-block-heading\"><strong>\u201c\u0130nformasiya kampaniyas\u0131\u201d s\u00fcbut olunubmu?<\/strong><\/h4>\n\n\n\n<p class=\"wp-block-paragraph\"><a href=\"https:\/\/media.gov.az\/azerbaycan-respublikasinin-medianin-inkisafi-agentliyinin-beyanati-6\/\" target=\"_blank\" rel=\"noreferrer noopener nofollow\">MED\u0130A-n\u0131n b\u0259yanat\u0131nda<\/a>\u00a0hans\u0131 materialdak\u0131 hans\u0131 fakt\u0131n yanl\u0131\u015f oldu\u011fu g\u00f6st\u0259rilmir v\u0259 koordinasiyan\u0131 s\u00fcbut ed\u0259c\u0259k m\u0259lumat t\u0259qdim olunmur. Eyni zamanda b\u00fct\u00fcn m\u00fc\u0259llifl\u0259rin r\u0259smi m\u00f6vqeyi \u00f6yr\u0259nm\u0259y\u0259 \u00e7al\u0131\u015fmad\u0131\u011f\u0131 bildirilir.<\/p>\n\n\n\n<p class=\"wp-block-paragraph\">Halbuki \u201cThe Independent\u201d X\u0130N-\u0259 sor\u011fu g\u00f6nd\u0259rdiyini, BBC is\u0259 h\u0259m prezidentin m\u00f6vqeyini verdiyini, h\u0259m d\u0259 Penitensiar Xidm\u0259t\u0259 m\u00fcraci\u0259t etdiyini yaz\u0131r.<\/p>\n\n\n\n<p class=\"wp-block-paragraph\">Daha inand\u0131r\u0131c\u0131 cavab h\u0259r material \u00fc\u00e7\u00fcn ayr\u0131ca ola bil\u0259rdi: \u201cThe Guardian\u201ddak\u0131 tarixi \u00e7\u0259r\u00e7iv\u0259y\u0259 faktoloji d\u00fcz\u0259li\u015f, \u201cThe Independent\u201d\u0259 K\u0259rimlinin ittiham\u0131 v\u0259 saxlanma \u015f\u0259raiti bar\u0259d\u0259 s\u0259n\u0259dl\u0259\u015fdirilmi\u015f cavab, BBC-y\u0259 is\u0259 siyasi m\u0259hbus siyah\u0131lar\u0131n\u0131n meyarlar\u0131 v\u0259 c\u0259za statistikas\u0131 \u00fczr\u0259 alternativ m\u0259lumat t\u0259qdim etm\u0259k m\u00fcmk\u00fcn idi. TVP-d\u0259n d\u0259 efird\u0259 cavab h\u00fcququ t\u0259l\u0259b oluna bil\u0259rdi.<\/p>\n\n\n\n<p class=\"wp-block-paragraph\">B\u00fct\u00fcn materiallar\u0131n bir b\u0259yanatda siyasi sifari\u015f kimi t\u0259qdim olunmas\u0131 onlar\u0131n aras\u0131ndak\u0131 f\u0259rql\u0259ri silir. \u00dcst\u0259lik, konkret t\u0259kzib verilm\u0259diyi \u00fc\u00e7\u00fcn m\u00fcbahis\u0259ni ba\u011flam\u0131r, \u0259ksin\u0259, yeni materiallar \u00fc\u00e7\u00fcn m\u00f6vzu yarad\u0131r.<\/p>\n\n\n\n<p class=\"wp-block-paragraph\">Burada qar\u015f\u0131durma sad\u0259c\u0259 \u201cBak\u0131 v\u0259 Q\u0259rb medias\u0131\u201d aras\u0131nda deyil. \u018fsas problem d\u00f6vl\u0259tin yoxlan\u0131la bil\u0259n fakt s\u0259hvl\u0259rini, redaksiya m\u00f6vqeyini, h\u00fcquq m\u00fcdafi\u0259\u00e7il\u0259rinin iddialar\u0131n\u0131 v\u0259 h\u0259tta film resenziyas\u0131n\u0131 eyni siyasi kateqoriyaya daxil etm\u0259sidir. Bu yana\u015fma t\u0259nqidi z\u0259ifl\u0259tm\u0259k \u0259v\u0259zin\u0259, f\u0259rqli redaksiyalar\u0131 h\u0259qiq\u0259t\u0259n vahid c\u0259bh\u0259 kimi g\u00f6st\u0259rir.<\/p>\n\n\n\n<p class=\"wp-block-paragraph\">Agentlik \u201cz\u0259ruri add\u0131mlar\u0131n\u201d at\u0131laca\u011f\u0131n\u0131 bildirs\u0259 d\u0259, s\u00f6hb\u0259tin t\u0259kzib v\u0259 cavab h\u00fcququndan, r\u0259smi \u015fikay\u0259td\u0259n, yoxsa ba\u015fqa t\u0259dbirl\u0259rd\u0259n getdiyini a\u00e7\u0131qlamay\u0131b.<\/p>\n","protected":false},"excerpt":{"rendered":"<p>JAMnews-un material\u0131 D\u00fcnya m\u0259tbuat\u0131nda\u00a0Az\u0259rbaycan\u00a0haqq\u0131nda d\u00f6rd m\u00fcxt\u0259lif media material\u0131 yay\u0131mlan\u0131b: Pol\u015fa &#8230; <\/p>\n<p class=\"read-more-container\"><a title=\"Siyasi m\u0259hbuslar, \u018fli K\u0259rimli v\u0259 Qaraba\u011f filmi: Bak\u0131 niy\u0259 f\u0259rqli materiallar\u0131 vahid \u201cinformasiya kampaniyas\u0131\u201d say\u0131r?\" class=\"read-more button\" href=\"https:\/\/www.meydan.tv\/az\/article\/siyasi-m%c9%99hbuslar-%c9%99li-k%c9%99rimli-v%c9%99-qarabag-filmi-baki-niy%c9%99-f%c9%99rqli-materiallari-vahid-informasiya-kampaniyasi-sayir\/#more-348752\" aria-label=\"Read more about Siyasi m\u0259hbuslar, \u018fli K\u0259rimli v\u0259 Qaraba\u011f filmi: Bak\u0131 niy\u0259 f\u0259rqli materiallar\u0131 vahid \u201cinformasiya kampaniyas\u0131\u201d say\u0131r?\">Davam\u0131<\/a><\/p>\n","protected":false},"author":21,"featured_media":323281,"comment_status":"closed","ping_status":"closed","sticky":false,"template":"","format":"standard","meta":{"_acf_changed":false,"_sitemap_exclude":false,"_sitemap_priority":"","_sitemap_frequency":"","footnotes":""},"categories":[59,56],"tags":[],"class_list":["post-348752","post","type-post","status-publish","format-standard","has-post-thumbnail","hentry","category-siyaset","category-xeberler","infinite-scroll-item","generate-columns","tablet-grid-50","mobile-grid-100","grid-parent","grid-33","no-featured-image-padding"],"acf":[],"yoast_head":"<!-- This site is optimized with the Yoast SEO plugin v28.4 - https:\/\/yoast.com\/product\/yoast-seo-wordpress\/ -->\n<title>Siyasi m\u0259hbuslar, \u018fli K\u0259rimli v\u0259 Qaraba\u011f filmi: Bak\u0131 niy\u0259 f\u0259rqli materiallar\u0131 vahid \u201cinformasiya kampaniyas\u0131\u201d say\u0131r? - MEYDAN.TV<\/title>\n<meta name=\"robots\" content=\"index, follow, max-snippet:-1, max-image-preview:large, max-video-preview:-1\" \/>\n<link rel=\"canonical\" href=\"https:\/\/www.meydan.tv\/az\/article\/siyasi-m%c9%99hbuslar-%c9%99li-k%c9%99rimli-v%c9%99-qarabag-filmi-baki-niy%c9%99-f%c9%99rqli-materiallari-vahid-informasiya-kampaniyasi-sayir\/\" \/>\n<meta property=\"og:locale\" content=\"az_AZ\" \/>\n<meta property=\"og:type\" content=\"article\" \/>\n<meta property=\"og:title\" content=\"Siyasi m\u0259hbuslar, \u018fli K\u0259rimli v\u0259 Qaraba\u011f filmi: Bak\u0131 niy\u0259 f\u0259rqli materiallar\u0131 vahid \u201cinformasiya kampaniyas\u0131\u201d say\u0131r? - MEYDAN.TV\" \/>\n<meta property=\"og:description\" content=\"JAMnews-un material\u0131 D\u00fcnya m\u0259tbuat\u0131nda\u00a0Az\u0259rbaycan\u00a0haqq\u0131nda d\u00f6rd m\u00fcxt\u0259lif media material\u0131 yay\u0131mlan\u0131b: Pol\u015fa ... Davam\u0131\" \/>\n<meta property=\"og:url\" content=\"https:\/\/www.meydan.tv\/az\/article\/siyasi-m%c9%99hbuslar-%c9%99li-k%c9%99rimli-v%c9%99-qarabag-filmi-baki-niy%c9%99-f%c9%99rqli-materiallari-vahid-informasiya-kampaniyasi-sayir\/\" \/>\n<meta property=\"og:site_name\" content=\"MEYDAN.TV\" \/>\n<meta property=\"article:published_time\" content=\"2026-09-02T09:03:05+00:00\" \/>\n<meta property=\"article:modified_time\" content=\"2026-09-02T09:03:08+00:00\" \/>\n<meta property=\"og:image\" content=\"https:\/\/www.meydan.tv\/wp-content\/uploads\/photo_2024-12-24_13.05.52.jpeg\" \/>\n\t<meta property=\"og:image:width\" content=\"1280\" \/>\n\t<meta property=\"og:image:height\" content=\"720\" \/>\n\t<meta property=\"og:image:type\" content=\"image\/jpeg\" \/>\n<meta name=\"twitter:card\" content=\"summary_large_image\" \/>\n<!-- \/ Yoast SEO plugin. -->","yoast_head_json":{"title":"Siyasi m\u0259hbuslar, \u018fli K\u0259rimli v\u0259 Qaraba\u011f filmi: Bak\u0131 niy\u0259 f\u0259rqli materiallar\u0131 vahid \u201cinformasiya kampaniyas\u0131\u201d say\u0131r? - MEYDAN.TV","robots":{"index":"index","follow":"follow","max-snippet":"max-snippet:-1","max-image-preview":"max-image-preview:large","max-video-preview":"max-video-preview:-1"},"canonical":"https:\/\/www.meydan.tv\/az\/article\/siyasi-m%c9%99hbuslar-%c9%99li-k%c9%99rimli-v%c9%99-qarabag-filmi-baki-niy%c9%99-f%c9%99rqli-materiallari-vahid-informasiya-kampaniyasi-sayir\/","og_locale":"az_AZ","og_type":"article","og_title":"Siyasi m\u0259hbuslar, \u018fli K\u0259rimli v\u0259 Qaraba\u011f filmi: Bak\u0131 niy\u0259 f\u0259rqli materiallar\u0131 vahid \u201cinformasiya kampaniyas\u0131\u201d say\u0131r? - MEYDAN.TV","og_description":"JAMnews-un material\u0131 D\u00fcnya m\u0259tbuat\u0131nda\u00a0Az\u0259rbaycan\u00a0haqq\u0131nda d\u00f6rd m\u00fcxt\u0259lif media material\u0131 yay\u0131mlan\u0131b: Pol\u015fa ... Davam\u0131","og_url":"https:\/\/www.meydan.tv\/az\/article\/siyasi-m%c9%99hbuslar-%c9%99li-k%c9%99rimli-v%c9%99-qarabag-filmi-baki-niy%c9%99-f%c9%99rqli-materiallari-vahid-informasiya-kampaniyasi-sayir\/","og_site_name":"MEYDAN.TV","article_published_time":"2026-09-02T09:03:05+00:00","article_modified_time":"2026-09-02T09:03:08+00:00","og_image":[{"width":1280,"height":720,"url":"https:\/\/www.meydan.tv\/wp-content\/uploads\/photo_2024-12-24_13.05.52.jpeg","type":"image\/jpeg"}],"twitter_card":"summary_large_image","schema":{"@context":"https:\/\/schema.org","@graph":[{"@type":"Article","@id":"https:\/\/www.meydan.tv\/az\/article\/siyasi-m%c9%99hbuslar-%c9%99li-k%c9%99rimli-v%c9%99-qarabag-filmi-baki-niy%c9%99-f%c9%99rqli-materiallari-vahid-informasiya-kampaniyasi-sayir\/#article","isPartOf":{"@id":"https:\/\/www.meydan.tv\/az\/article\/siyasi-m%c9%99hbuslar-%c9%99li-k%c9%99rimli-v%c9%99-qarabag-filmi-baki-niy%c9%99-f%c9%99rqli-materiallari-vahid-informasiya-kampaniyasi-sayir\/"},"author":{"name":"mahmud","@id":"https:\/\/www.meydan.tv\/az\/#\/schema\/person\/09863e516102a829e72bedcf3f84c6b0"},"headline":"Siyasi m\u0259hbuslar, \u018fli K\u0259rimli v\u0259 Qaraba\u011f filmi: Bak\u0131 niy\u0259 f\u0259rqli materiallar\u0131 vahid \u201cinformasiya kampaniyas\u0131\u201d say\u0131r?","datePublished":"2026-09-02T09:03:05+00:00","dateModified":"2026-09-02T09:03:08+00:00","mainEntityOfPage":{"@id":"https:\/\/www.meydan.tv\/az\/article\/siyasi-m%c9%99hbuslar-%c9%99li-k%c9%99rimli-v%c9%99-qarabag-filmi-baki-niy%c9%99-f%c9%99rqli-materiallari-vahid-informasiya-kampaniyasi-sayir\/"},"wordCount":1607,"publisher":{"@id":"https:\/\/www.meydan.tv\/az\/#organization"},"image":{"@id":"https:\/\/www.meydan.tv\/az\/article\/siyasi-m%c9%99hbuslar-%c9%99li-k%c9%99rimli-v%c9%99-qarabag-filmi-baki-niy%c9%99-f%c9%99rqli-materiallari-vahid-informasiya-kampaniyasi-sayir\/#primaryimage"},"thumbnailUrl":"https:\/\/www.meydan.tv\/wp-content\/uploads\/photo_2024-12-24_13.05.52.jpeg","articleSection":["Siyas\u0259t","X\u0259b\u0259rl\u0259r"],"inLanguage":"az"},{"@type":"WebPage","@id":"https:\/\/www.meydan.tv\/az\/article\/siyasi-m%c9%99hbuslar-%c9%99li-k%c9%99rimli-v%c9%99-qarabag-filmi-baki-niy%c9%99-f%c9%99rqli-materiallari-vahid-informasiya-kampaniyasi-sayir\/","url":"https:\/\/www.meydan.tv\/az\/article\/siyasi-m%c9%99hbuslar-%c9%99li-k%c9%99rimli-v%c9%99-qarabag-filmi-baki-niy%c9%99-f%c9%99rqli-materiallari-vahid-informasiya-kampaniyasi-sayir\/","name":"Siyasi m\u0259hbuslar, \u018fli K\u0259rimli v\u0259 Qaraba\u011f filmi: Bak\u0131 niy\u0259 f\u0259rqli materiallar\u0131 vahid \u201cinformasiya kampaniyas\u0131\u201d say\u0131r? - MEYDAN.TV","isPartOf":{"@id":"https:\/\/www.meydan.tv\/az\/#website"},"primaryImageOfPage":{"@id":"https:\/\/www.meydan.tv\/az\/article\/siyasi-m%c9%99hbuslar-%c9%99li-k%c9%99rimli-v%c9%99-qarabag-filmi-baki-niy%c9%99-f%c9%99rqli-materiallari-vahid-informasiya-kampaniyasi-sayir\/#primaryimage"},"image":{"@id":"https:\/\/www.meydan.tv\/az\/article\/siyasi-m%c9%99hbuslar-%c9%99li-k%c9%99rimli-v%c9%99-qarabag-filmi-baki-niy%c9%99-f%c9%99rqli-materiallari-vahid-informasiya-kampaniyasi-sayir\/#primaryimage"},"thumbnailUrl":"https:\/\/www.meydan.tv\/wp-content\/uploads\/photo_2024-12-24_13.05.52.jpeg","datePublished":"2026-09-02T09:03:05+00:00","dateModified":"2026-09-02T09:03:08+00:00","breadcrumb":{"@id":"https:\/\/www.meydan.tv\/az\/article\/siyasi-m%c9%99hbuslar-%c9%99li-k%c9%99rimli-v%c9%99-qarabag-filmi-baki-niy%c9%99-f%c9%99rqli-materiallari-vahid-informasiya-kampaniyasi-sayir\/#breadcrumb"},"inLanguage":"az","potentialAction":[{"@type":"ReadAction","target":["https:\/\/www.meydan.tv\/az\/article\/siyasi-m%c9%99hbuslar-%c9%99li-k%c9%99rimli-v%c9%99-qarabag-filmi-baki-niy%c9%99-f%c9%99rqli-materiallari-vahid-informasiya-kampaniyasi-sayir\/"]}]},{"@type":"ImageObject","inLanguage":"az","@id":"https:\/\/www.meydan.tv\/az\/article\/siyasi-m%c9%99hbuslar-%c9%99li-k%c9%99rimli-v%c9%99-qarabag-filmi-baki-niy%c9%99-f%c9%99rqli-materiallari-vahid-informasiya-kampaniyasi-sayir\/#primaryimage","url":"https:\/\/www.meydan.tv\/wp-content\/uploads\/photo_2024-12-24_13.05.52.jpeg","contentUrl":"https:\/\/www.meydan.tv\/wp-content\/uploads\/photo_2024-12-24_13.05.52.jpeg","width":1280,"height":720,"caption":"\u0130lham \u018fliyev v\u0259 siyasi m\u0259hbuslar. Kollaj: AbzasMedia"},{"@type":"BreadcrumbList","@id":"https:\/\/www.meydan.tv\/az\/article\/siyasi-m%c9%99hbuslar-%c9%99li-k%c9%99rimli-v%c9%99-qarabag-filmi-baki-niy%c9%99-f%c9%99rqli-materiallari-vahid-informasiya-kampaniyasi-sayir\/#breadcrumb","itemListElement":[{"@type":"ListItem","position":1,"name":"Ana s\u0259hif\u0259","item":"https:\/\/www.meydan.tv\/az\/"},{"@type":"ListItem","position":2,"name":"Siyas\u0259t","item":"https:\/\/www.meydan.tv\/az\/section\/siyaset\/"},{"@type":"ListItem","position":3,"name":"Siyasi m\u0259hbuslar, \u018fli K\u0259rimli v\u0259 Qaraba\u011f filmi: Bak\u0131 niy\u0259 f\u0259rqli materiallar\u0131 vahid \u201cinformasiya kampaniyas\u0131\u201d say\u0131r?"}]},{"@type":"WebSite","@id":"https:\/\/www.meydan.tv\/az\/#website","url":"https:\/\/www.meydan.tv\/az\/","name":"MEYDAN.TV","description":"Meydan TV Az\u0259rbaycan\u0131n media m\u0259kan\u0131ndak\u0131 alternativ s\u0259sidir","publisher":{"@id":"https:\/\/www.meydan.tv\/az\/#organization"},"potentialAction":[{"@type":"SearchAction","target":{"@type":"EntryPoint","urlTemplate":"https:\/\/www.meydan.tv\/az\/?s={search_term_string}"},"query-input":{"@type":"PropertyValueSpecification","valueRequired":true,"valueName":"search_term_string"}}],"inLanguage":"az"},{"@type":"Organization","@id":"https:\/\/www.meydan.tv\/az\/#organization","name":"Meydan TV","url":"https:\/\/www.meydan.tv\/az\/","logo":{"@type":"ImageObject","inLanguage":"az","@id":"https:\/\/www.meydan.tv\/az\/#\/schema\/logo\/image\/","url":"https:\/\/www.meydan.tv\/wp-content\/uploads\/2021\/07\/meydan-logo.svg","contentUrl":"https:\/\/www.meydan.tv\/wp-content\/uploads\/2021\/07\/meydan-logo.svg","width":195,"height":46,"caption":"Meydan TV"},"image":{"@id":"https:\/\/www.meydan.tv\/az\/#\/schema\/logo\/image\/"}},{"@type":"Person","@id":"https:\/\/www.meydan.tv\/az\/#\/schema\/person\/09863e516102a829e72bedcf3f84c6b0","name":"mahmud"}]}},"_links":{"self":[{"href":"https:\/\/www.meydan.tv\/az\/wp-json\/wp\/v2\/posts\/348752","targetHints":{"allow":["GET"]}}],"collection":[{"href":"https:\/\/www.meydan.tv\/az\/wp-json\/wp\/v2\/posts"}],"about":[{"href":"https:\/\/www.meydan.tv\/az\/wp-json\/wp\/v2\/types\/post"}],"author":[{"embeddable":true,"href":"https:\/\/www.meydan.tv\/az\/wp-json\/wp\/v2\/users\/21"}],"replies":[{"embeddable":true,"href":"https:\/\/www.meydan.tv\/az\/wp-json\/wp\/v2\/comments?post=348752"}],"version-history":[{"count":1,"href":"https:\/\/www.meydan.tv\/az\/wp-json\/wp\/v2\/posts\/348752\/revisions"}],"predecessor-version":[{"id":348753,"href":"https:\/\/www.meydan.tv\/az\/wp-json\/wp\/v2\/posts\/348752\/revisions\/348753"}],"wp:featuredmedia":[{"embeddable":true,"href":"https:\/\/www.meydan.tv\/az\/wp-json\/wp\/v2\/media\/323281"}],"wp:attachment":[{"href":"https:\/\/www.meydan.tv\/az\/wp-json\/wp\/v2\/media?parent=348752"}],"wp:term":[{"taxonomy":"category","embeddable":true,"href":"https:\/\/www.meydan.tv\/az\/wp-json\/wp\/v2\/categories?post=348752"},{"taxonomy":"post_tag","embeddable":true,"href":"https:\/\/www.meydan.tv\/az\/wp-json\/wp\/v2\/tags?post=348752"}],"curies":[{"name":"wp","href":"https:\/\/api.w.org\/{rel}","templated":true}]}}