{"id":348750,"date":"2026-09-02T12:50:01","date_gmt":"2026-09-02T08:50:01","guid":{"rendered":"https:\/\/www.meydan.tv\/?p=348750"},"modified":"2026-09-02T12:50:04","modified_gmt":"2026-09-02T08:50:04","slug":"qht-isi-hafiz-h%c9%99s%c9%99nov-ucun-9-il-h%c9%99bs-ist%c9%99nildi","status":"publish","type":"post","link":"https:\/\/www.meydan.tv\/az\/article\/qht-isi-hafiz-h%c9%99s%c9%99nov-ucun-9-il-h%c9%99bs-ist%c9%99nildi\/","title":{"rendered":"\u201cQHT i\u015fi\u201d: Hafiz H\u0259s\u0259nova 9 il \u015f\u0259rti c\u0259za ist\u0259nildi"},"content":{"rendered":"\n<p class=\"wp-block-paragraph\">Sentyabr\u0131n 2-d\u0259 Bak\u0131 A\u011f\u0131r Cinay\u0259tl\u0259r M\u0259hk\u0259m\u0259sind\u0259 \u201cQHT i\u015fi\u201d \u00fczr\u0259 t\u0259qsirl\u0259ndiril\u0259nl\u0259rd\u0259n \u201cH\u00fcquq v\u0259 \u0130nki\u015faf\u201d \u0130ctimai Birliyinin r\u0259hb\u0259ri Hafiz H\u0259s\u0259novun cinay\u0259t i\u015fi \u00fczr\u0259 m\u0259hk\u0259m\u0259 prosesi ke\u00e7irilib.<\/p>\n\n\n\n<p class=\"wp-block-paragraph\">Proses\u0259 Eldar \u0130smay\u0131lov s\u0259drlik edib.<\/p>\n\n\n\n<p class=\"wp-block-paragraph\">M\u0259hk\u0259m\u0259d\u0259 d\u00f6vl\u0259t ittiham\u00e7\u0131\u015f\u0131 \u00e7\u0131x\u0131\u015f edib v\u0259 H\u0259s\u0259novun 5 il s\u0131naq m\u00fcdd\u0259ti se\u00e7ilm\u0259k\u0259 \u015f\u0259rti olaraq 9 il m\u00fcdd\u0259tin\u0259 azad\u0131qdan m\u0259hrum edilm\u0259sini t\u0259l\u0259b edib.<\/p>\n\n\n\n<p class=\"wp-block-paragraph\">Hafiz H\u0259s\u0259nov m\u0259hk\u0259d\u0259n son s\u00f6z \u00fc\u00e7\u00fcn vaxt ist\u0259yib.<\/p>\n\n\n\n<p class=\"wp-block-paragraph\">N\u00f6vb\u0259ti m\u0259hk\u0259m\u0259 prosesi sentyabr\u0131n 16-na ke\u00e7irilib.<\/p>\n\n\n\n<p class=\"wp-block-paragraph\">\u201cH\u00fcquq v\u0259 \u0130nki\u015faf\u201d \u0130ctimai Birliyinin s\u0259dri Hafiz H\u0259s\u0259nov 2025-ci ilin mart\u0131nda qeyri-h\u00f6kum\u0259t t\u0259\u015fkilatlar\u0131n\u0131n n\u00fcmay\u0259nd\u0259l\u0259ri il\u0259 ba\u011fl\u0131 ba\u015flanm\u0131\u015f v\u0259 ictimaiyy\u0259td\u0259 \u201cQHT i\u015fi\u201d adland\u0131r\u0131lan cinay\u0259t i\u015fi \u00e7\u0259r\u00e7iv\u0259sind\u0259 istintaqa c\u0259lb olunub. O, Cinay\u0259t M\u0259c\u0259ll\u0259sinin 193-1.3.2-ci (cinay\u0259t yolu il\u0259 \u0259ld\u0259 edilmi\u015f xeyli miqdarda \u0259mlak\u0131 leqalla\u015fd\u0131rma), 308.2-ci (v\u0259zif\u0259 s\u0259lahiyy\u0259tl\u0259rind\u0259n sui-istifad\u0259 etm\u0259, a\u011f\u0131r n\u0259tic\u0259l\u0259r\u0259 s\u0259b\u0259b olduqda) v\u0259 313-c\u00fc (v\u0259zif\u0259 saxtakarl\u0131\u011f\u0131) madd\u0259l\u0259ri il\u0259 ittiham olunur. Bu madd\u0259l\u0259rd\u0259 12 il\u0259d\u0259k h\u0259bs c\u0259zas\u0131 n\u0259z\u0259rd\u0259 tutulub.\u00a0<\/p>\n\n\n\n<p class=\"wp-block-paragraph\">2025-ci il mart\u0131n 17-d\u0259 Bin\u0259q\u0259di rayon M\u0259hk\u0259m\u0259sinin q\u0259rar\u0131 il\u0259 onun haqq\u0131nda ev dustaql\u0131\u011f\u0131 q\u0259timkan t\u0259dbiri se\u00e7ilib.<\/p>\n","protected":false},"excerpt":{"rendered":"<p>Sentyabr\u0131n 2-d\u0259 Bak\u0131 A\u011f\u0131r Cinay\u0259tl\u0259r M\u0259hk\u0259m\u0259sind\u0259 \u201cQHT i\u015fi\u201d \u00fczr\u0259 t\u0259qsirl\u0259ndiril\u0259nl\u0259rd\u0259n &#8230; <\/p>\n<p class=\"read-more-container\"><a title=\"\u201cQHT i\u015fi\u201d: Hafiz H\u0259s\u0259nova 9 il \u015f\u0259rti c\u0259za ist\u0259nildi\" class=\"read-more button\" href=\"https:\/\/www.meydan.tv\/az\/article\/qht-isi-hafiz-h%c9%99s%c9%99nov-ucun-9-il-h%c9%99bs-ist%c9%99nildi\/#more-348750\" aria-label=\"Read more about \u201cQHT i\u015fi\u201d: Hafiz H\u0259s\u0259nova 9 il \u015f\u0259rti c\u0259za ist\u0259nildi\">Davam\u0131<\/a><\/p>\n","protected":false},"author":21,"featured_media":100086,"comment_status":"closed","ping_status":"closed","sticky":false,"template":"","format":"standard","meta":{"_acf_changed":false,"_sitemap_exclude":false,"_sitemap_priority":"","_sitemap_frequency":"","footnotes":""},"categories":[288,79,56],"tags":[],"class_list":["post-348750","post","type-post","status-publish","format-standard","has-post-thumbnail","hentry","category-siyasi-isler","category-featured","category-xeberler","infinite-scroll-item","generate-columns","tablet-grid-50","mobile-grid-100","grid-parent","grid-33","no-featured-image-padding"],"acf":[],"yoast_head":"<!-- This site is optimized with the Yoast SEO plugin v28.4 - https:\/\/yoast.com\/product\/yoast-seo-wordpress\/ -->\n<title>\u201cQHT i\u015fi\u201d: Hafiz H\u0259s\u0259nova 9 il \u015f\u0259rti c\u0259za ist\u0259nildi - MEYDAN.TV<\/title>\n<meta name=\"robots\" content=\"index, follow, max-snippet:-1, max-image-preview:large, max-video-preview:-1\" \/>\n<link rel=\"canonical\" href=\"https:\/\/www.meydan.tv\/az\/article\/qht-isi-hafiz-h%c9%99s%c9%99nov-ucun-9-il-h%c9%99bs-ist%c9%99nildi\/\" \/>\n<meta property=\"og:locale\" content=\"az_AZ\" \/>\n<meta property=\"og:type\" content=\"article\" \/>\n<meta property=\"og:title\" content=\"\u201cQHT i\u015fi\u201d: Hafiz H\u0259s\u0259nova 9 il \u015f\u0259rti c\u0259za ist\u0259nildi - MEYDAN.TV\" \/>\n<meta property=\"og:description\" content=\"Sentyabr\u0131n 2-d\u0259 Bak\u0131 A\u011f\u0131r Cinay\u0259tl\u0259r M\u0259hk\u0259m\u0259sind\u0259 \u201cQHT i\u015fi\u201d \u00fczr\u0259 t\u0259qsirl\u0259ndiril\u0259nl\u0259rd\u0259n ... Davam\u0131\" \/>\n<meta property=\"og:url\" content=\"https:\/\/www.meydan.tv\/az\/article\/qht-isi-hafiz-h%c9%99s%c9%99nov-ucun-9-il-h%c9%99bs-ist%c9%99nildi\/\" \/>\n<meta property=\"og:site_name\" content=\"MEYDAN.TV\" \/>\n<meta property=\"article:published_time\" content=\"2026-09-02T08:50:01+00:00\" \/>\n<meta property=\"article:modified_time\" content=\"2026-09-02T08:50:04+00:00\" \/>\n<meta property=\"og:image\" content=\"https:\/\/www.meydan.tv\/wp-content\/uploads\/39601-e1760086937817.jpg\" \/>\n\t<meta property=\"og:image:width\" content=\"640\" \/>\n\t<meta property=\"og:image:height\" content=\"275\" \/>\n\t<meta property=\"og:image:type\" content=\"image\/jpeg\" \/>\n<meta name=\"twitter:card\" content=\"summary_large_image\" \/>\n<!-- \/ Yoast SEO plugin. -->","yoast_head_json":{"title":"\u201cQHT i\u015fi\u201d: Hafiz H\u0259s\u0259nova 9 il \u015f\u0259rti c\u0259za ist\u0259nildi - MEYDAN.TV","robots":{"index":"index","follow":"follow","max-snippet":"max-snippet:-1","max-image-preview":"max-image-preview:large","max-video-preview":"max-video-preview:-1"},"canonical":"https:\/\/www.meydan.tv\/az\/article\/qht-isi-hafiz-h%c9%99s%c9%99nov-ucun-9-il-h%c9%99bs-ist%c9%99nildi\/","og_locale":"az_AZ","og_type":"article","og_title":"\u201cQHT i\u015fi\u201d: Hafiz H\u0259s\u0259nova 9 il \u015f\u0259rti c\u0259za ist\u0259nildi - MEYDAN.TV","og_description":"Sentyabr\u0131n 2-d\u0259 Bak\u0131 A\u011f\u0131r Cinay\u0259tl\u0259r M\u0259hk\u0259m\u0259sind\u0259 \u201cQHT i\u015fi\u201d \u00fczr\u0259 t\u0259qsirl\u0259ndiril\u0259nl\u0259rd\u0259n ... Davam\u0131","og_url":"https:\/\/www.meydan.tv\/az\/article\/qht-isi-hafiz-h%c9%99s%c9%99nov-ucun-9-il-h%c9%99bs-ist%c9%99nildi\/","og_site_name":"MEYDAN.TV","article_published_time":"2026-09-02T08:50:01+00:00","article_modified_time":"2026-09-02T08:50:04+00:00","og_image":[{"width":640,"height":275,"url":"https:\/\/www.meydan.tv\/wp-content\/uploads\/39601-e1760086937817.jpg","type":"image\/jpeg"}],"twitter_card":"summary_large_image","schema":{"@context":"https:\/\/schema.org","@graph":[{"@type":"Article","@id":"https:\/\/www.meydan.tv\/az\/article\/qht-isi-hafiz-h%c9%99s%c9%99nov-ucun-9-il-h%c9%99bs-ist%c9%99nildi\/#article","isPartOf":{"@id":"https:\/\/www.meydan.tv\/az\/article\/qht-isi-hafiz-h%c9%99s%c9%99nov-ucun-9-il-h%c9%99bs-ist%c9%99nildi\/"},"author":{"name":"mahmud","@id":"https:\/\/www.meydan.tv\/az\/#\/schema\/person\/09863e516102a829e72bedcf3f84c6b0"},"headline":"\u201cQHT i\u015fi\u201d: Hafiz H\u0259s\u0259nova 9 il \u015f\u0259rti c\u0259za ist\u0259nildi","datePublished":"2026-09-02T08:50:01+00:00","dateModified":"2026-09-02T08:50:04+00:00","mainEntityOfPage":{"@id":"https:\/\/www.meydan.tv\/az\/article\/qht-isi-hafiz-h%c9%99s%c9%99nov-ucun-9-il-h%c9%99bs-ist%c9%99nildi\/"},"wordCount":282,"publisher":{"@id":"https:\/\/www.meydan.tv\/az\/#organization"},"image":{"@id":"https:\/\/www.meydan.tv\/az\/article\/qht-isi-hafiz-h%c9%99s%c9%99nov-ucun-9-il-h%c9%99bs-ist%c9%99nildi\/#primaryimage"},"thumbnailUrl":"https:\/\/www.meydan.tv\/wp-content\/uploads\/39601-e1760086937817.jpg","articleSection":["Siyasi i\u015fl\u0259r","T\u00f6vsiy\u0259","X\u0259b\u0259rl\u0259r"],"inLanguage":"az"},{"@type":"WebPage","@id":"https:\/\/www.meydan.tv\/az\/article\/qht-isi-hafiz-h%c9%99s%c9%99nov-ucun-9-il-h%c9%99bs-ist%c9%99nildi\/","url":"https:\/\/www.meydan.tv\/az\/article\/qht-isi-hafiz-h%c9%99s%c9%99nov-ucun-9-il-h%c9%99bs-ist%c9%99nildi\/","name":"\u201cQHT i\u015fi\u201d: Hafiz H\u0259s\u0259nova 9 il \u015f\u0259rti c\u0259za ist\u0259nildi - MEYDAN.TV","isPartOf":{"@id":"https:\/\/www.meydan.tv\/az\/#website"},"primaryImageOfPage":{"@id":"https:\/\/www.meydan.tv\/az\/article\/qht-isi-hafiz-h%c9%99s%c9%99nov-ucun-9-il-h%c9%99bs-ist%c9%99nildi\/#primaryimage"},"image":{"@id":"https:\/\/www.meydan.tv\/az\/article\/qht-isi-hafiz-h%c9%99s%c9%99nov-ucun-9-il-h%c9%99bs-ist%c9%99nildi\/#primaryimage"},"thumbnailUrl":"https:\/\/www.meydan.tv\/wp-content\/uploads\/39601-e1760086937817.jpg","datePublished":"2026-09-02T08:50:01+00:00","dateModified":"2026-09-02T08:50:04+00:00","breadcrumb":{"@id":"https:\/\/www.meydan.tv\/az\/article\/qht-isi-hafiz-h%c9%99s%c9%99nov-ucun-9-il-h%c9%99bs-ist%c9%99nildi\/#breadcrumb"},"inLanguage":"az","potentialAction":[{"@type":"ReadAction","target":["https:\/\/www.meydan.tv\/az\/article\/qht-isi-hafiz-h%c9%99s%c9%99nov-ucun-9-il-h%c9%99bs-ist%c9%99nildi\/"]}]},{"@type":"ImageObject","inLanguage":"az","@id":"https:\/\/www.meydan.tv\/az\/article\/qht-isi-hafiz-h%c9%99s%c9%99nov-ucun-9-il-h%c9%99bs-ist%c9%99nildi\/#primaryimage","url":"https:\/\/www.meydan.tv\/wp-content\/uploads\/39601-e1760086937817.jpg","contentUrl":"https:\/\/www.meydan.tv\/wp-content\/uploads\/39601-e1760086937817.jpg","width":640,"height":275,"caption":"Source: VOA"},{"@type":"BreadcrumbList","@id":"https:\/\/www.meydan.tv\/az\/article\/qht-isi-hafiz-h%c9%99s%c9%99nov-ucun-9-il-h%c9%99bs-ist%c9%99nildi\/#breadcrumb","itemListElement":[{"@type":"ListItem","position":1,"name":"Ana s\u0259hif\u0259","item":"https:\/\/www.meydan.tv\/az\/"},{"@type":"ListItem","position":2,"name":"Siyasi i\u015fl\u0259r","item":"https:\/\/www.meydan.tv\/az\/section\/siyasi-isler\/"},{"@type":"ListItem","position":3,"name":"\u201cQHT i\u015fi\u201d: Hafiz H\u0259s\u0259nova 9 il \u015f\u0259rti c\u0259za ist\u0259nildi"}]},{"@type":"WebSite","@id":"https:\/\/www.meydan.tv\/az\/#website","url":"https:\/\/www.meydan.tv\/az\/","name":"MEYDAN.TV","description":"Meydan TV Az\u0259rbaycan\u0131n media m\u0259kan\u0131ndak\u0131 alternativ s\u0259sidir","publisher":{"@id":"https:\/\/www.meydan.tv\/az\/#organization"},"potentialAction":[{"@type":"SearchAction","target":{"@type":"EntryPoint","urlTemplate":"https:\/\/www.meydan.tv\/az\/?s={search_term_string}"},"query-input":{"@type":"PropertyValueSpecification","valueRequired":true,"valueName":"search_term_string"}}],"inLanguage":"az"},{"@type":"Organization","@id":"https:\/\/www.meydan.tv\/az\/#organization","name":"Meydan TV","url":"https:\/\/www.meydan.tv\/az\/","logo":{"@type":"ImageObject","inLanguage":"az","@id":"https:\/\/www.meydan.tv\/az\/#\/schema\/logo\/image\/","url":"https:\/\/www.meydan.tv\/wp-content\/uploads\/2021\/07\/meydan-logo.svg","contentUrl":"https:\/\/www.meydan.tv\/wp-content\/uploads\/2021\/07\/meydan-logo.svg","width":195,"height":46,"caption":"Meydan TV"},"image":{"@id":"https:\/\/www.meydan.tv\/az\/#\/schema\/logo\/image\/"}},{"@type":"Person","@id":"https:\/\/www.meydan.tv\/az\/#\/schema\/person\/09863e516102a829e72bedcf3f84c6b0","name":"mahmud"}]}},"_links":{"self":[{"href":"https:\/\/www.meydan.tv\/az\/wp-json\/wp\/v2\/posts\/348750","targetHints":{"allow":["GET"]}}],"collection":[{"href":"https:\/\/www.meydan.tv\/az\/wp-json\/wp\/v2\/posts"}],"about":[{"href":"https:\/\/www.meydan.tv\/az\/wp-json\/wp\/v2\/types\/post"}],"author":[{"embeddable":true,"href":"https:\/\/www.meydan.tv\/az\/wp-json\/wp\/v2\/users\/21"}],"replies":[{"embeddable":true,"href":"https:\/\/www.meydan.tv\/az\/wp-json\/wp\/v2\/comments?post=348750"}],"version-history":[{"count":1,"href":"https:\/\/www.meydan.tv\/az\/wp-json\/wp\/v2\/posts\/348750\/revisions"}],"predecessor-version":[{"id":348751,"href":"https:\/\/www.meydan.tv\/az\/wp-json\/wp\/v2\/posts\/348750\/revisions\/348751"}],"wp:featuredmedia":[{"embeddable":true,"href":"https:\/\/www.meydan.tv\/az\/wp-json\/wp\/v2\/media\/100086"}],"wp:attachment":[{"href":"https:\/\/www.meydan.tv\/az\/wp-json\/wp\/v2\/media?parent=348750"}],"wp:term":[{"taxonomy":"category","embeddable":true,"href":"https:\/\/www.meydan.tv\/az\/wp-json\/wp\/v2\/categories?post=348750"},{"taxonomy":"post_tag","embeddable":true,"href":"https:\/\/www.meydan.tv\/az\/wp-json\/wp\/v2\/tags?post=348750"}],"curies":[{"name":"wp","href":"https:\/\/api.w.org\/{rel}","templated":true}]}}