{"id":348737,"date":"2026-09-01T18:38:57","date_gmt":"2026-09-01T14:38:57","guid":{"rendered":"https:\/\/www.meydan.tv\/?p=348737"},"modified":"2026-09-01T18:43:31","modified_gmt":"2026-09-01T14:43:31","slug":"protect-defenders-az%c9%99rbaycanda-mudafi%c9%99cil%c9%99r-muhasir%c9%99d%c9%99","status":"publish","type":"post","link":"https:\/\/www.meydan.tv\/az\/article\/protect-defenders-az%c9%99rbaycanda-mudafi%c9%99cil%c9%99r-muhasir%c9%99d%c9%99\/","title":{"rendered":"&#8220;Protect Defenders&#8221;: \u201cAz\u0259rbaycanda m\u00fcdafi\u0259\u00e7il\u0259r m\u00fchasir\u0259d\u0259\u201d"},"content":{"rendered":"\n<p class=\"wp-block-paragraph\">\u201cProtect Defenders\u201d Beyn\u0259lxalq \u0130nsan Haqlar\u0131 T\u0259\u015fkilat\u0131 Az\u0259rbaycanda h\u0259bsd\u0259 olan qad\u0131n jurnalistl\u0259rin zorak\u0131l\u0131q, pis r\u0259ftar v\u0259 tibbi yard\u0131ma \u00e7\u0131x\u0131\u015fla ba\u011fl\u0131 \u00fczl\u0259\u015fdikl\u0259ri probleml\u0259r\u0259 diqq\u0259t \u00e7\u0259k\u0259n m\u0259qal\u0259 yay\u0131b.<\/p>\n\n\n\n<p class=\"wp-block-paragraph\">\u201cAz\u0259rbaycanda m\u00fcdafi\u0259\u00e7il\u0259r m\u00fchasir\u0259d\u0259\u201d (\u201cDefenders Under Siege in Azerbaijan\u201d) adlanan m\u0259qal\u0259d\u0259 Aytac Tapd\u0131q (\u018fhm\u0259dova), Aysel \u00dcm\u00fcdova v\u0259 X\u0259yal\u0259 A\u011fayevan\u0131n 2026-c\u0131 ilin fevral\u0131nda Bak\u0131 \u0130stintaq T\u0259cridxanas\u0131nda zorak\u0131l\u0131\u011fa m\u0259ruz qald\u0131qlar\u0131 bildirilir. <br><br>\u201cProtect Defenders\u201d qeyd edir ki, hadis\u0259 jurnalistl\u0259rin m\u0259hk\u0259m\u0259 iclas\u0131nda \u015f\u00fc\u015f\u0259 q\u0259f\u0259sd\u0259 saxlan\u0131lmalar\u0131na etiraz\u0131ndan bir ne\u00e7\u0259 g\u00fcn sonra ba\u015f verib v\u0259 bunu koordinasiyal\u0131 h\u0259d\u0259l\u0259m\u0259 akt\u0131 kimi qiym\u0259tl\u0259ndirm\u0259k olar.<\/p>\n\n\n\n<p class=\"wp-block-paragraph\">T\u0259\u015fkilat\u0131n m\u0259lumat\u0131na g\u00f6r\u0259, jurnalistl\u0259r fiziki zorak\u0131l\u0131\u011fa v\u0259 psixoloji t\u0259zyiq\u0259 m\u0259ruz qal\u0131blar, onlardan ikisi x\u0259sar\u0259t al\u0131b, jurnalistl\u0259rd\u0259n biri is\u0259 t\u0259cridxanan\u0131n y\u00fcks\u0259k v\u0259zif\u0259li \u0259m\u0259kda\u015f\u0131 t\u0259r\u0259find\u0259n seksual zorak\u0131l\u0131qla h\u0259d\u0259l\u0259ndiyini bildirib.<\/p>\n\n\n\n<p class=\"wp-block-paragraph\">\u201cProtect Defenders\u201d jurnalistl\u0259rin \u015fikay\u0259tl\u0259rinin effektiv \u015f\u0259kild\u0259 ara\u015fd\u0131r\u0131lmad\u0131\u011f\u0131n\u0131 da vur\u011fulay\u0131r:<\/p>\n\n\n\n<p class=\"wp-block-paragraph\"><em>\u201cEtibarl\u0131 ara\u015fd\u0131rma aparmaq \u0259v\u0259zin\u0259, jurnalistl\u0259r daha sonra \u00e7a\u011f\u0131r\u0131laraq ictimai \u00e7\u0131x\u0131\u015flar\u0131na diqq\u0259t etm\u0259l\u0259ri bar\u0259d\u0259 x\u0259b\u0259rdar edilibl\u0259r. Onlar\u0131n r\u0259smi \u015fikay\u0259tl\u0259ri v\u0259 m\u00fc\u015fahid\u0259 kameralar\u0131n\u0131n g\u00f6r\u00fcnt\u00fcl\u0259rinin t\u0259qdim olunmas\u0131 il\u0259 ba\u011fl\u0131 m\u00fcraci\u0259tl\u0259ri is\u0259, \u0259sas\u0259n, cavabs\u0131z qal\u0131b&#8221;.<\/em><\/p>\n\n\n\n<p class=\"wp-block-paragraph\">M\u0259qal\u0259d\u0259 h\u0259bsd\u0259 olan qad\u0131n jurnalistl\u0259rin tibbi yard\u0131ma \u00e7\u0131x\u0131\u015f\u0131 il\u0259 ba\u011fl\u0131 probleml\u0259r\u0259 d\u0259 toxunulur. P\u201cProtect Defenders\u201d z\u0259ruri tibbi yard\u0131m\u0131n g\u00f6st\u0259rilm\u0259m\u0259sinin art\u0131q azadl\u0131qdan m\u0259hrum edilmi\u015f h\u00fcquq m\u00fcdafi\u0259\u00e7il\u0259rin\u0259 qar\u015f\u0131 \u0259lav\u0259 t\u0259zyiq vasit\u0259sin\u0259 \u00e7evrildiyini bildirir.<\/p>\n\n\n\n<p class=\"wp-block-paragraph\"><em>\u201cT\u0259xmin\u0259n 19 ayd\u0131r h\u0259bsd\u0259 olan Aytac \u018fhm\u0259dovaya pisl\u0259\u015f\u0259n t\u0259n\u0259ff\u00fcs problemi il\u0259 ba\u011fl\u0131 ixtisasla\u015fm\u0131\u015f tibbi yard\u0131m g\u00f6st\u0259rilm\u0259yib. \u00dclviyy\u0259 \u018fli (Quliyeva) is\u0259 \u0259vv\u0259ld\u0259n m\u00f6vcud olan s\u0259hh\u0259t problemi il\u0259 ba\u011fl\u0131, o c\u00fcml\u0259d\u0259n son vaxtlar yaranm\u0131\u015f t\u0259cili m\u0259s\u0259l\u0259 il\u0259 \u0259laq\u0259dar tibbi g\u00f6r\u00fcnt\u00fcl\u0259m\u0259 m\u00fcayin\u0259l\u0259rind\u0259n ke\u00e7m\u0259k \u00fc\u00e7\u00fcn aylard\u0131r icaz\u0259 ala bilmir. \u201cAbzas Media\u201d i\u015fi \u00fczr\u0259 s\u0259kkiz il h\u0259bs c\u0259zas\u0131 alan N\u0259rgiz Absalamova is\u0259 xroniki t\u0259n\u0259ff\u00fcs probleml\u0259ri il\u0259 ba\u011fl\u0131 MRT m\u00fcayin\u0259sind\u0259n ke\u00e7m\u0259k \u00fc\u00e7\u00fcn alt\u0131 aydan \u00e7oxdur m\u00fcraci\u0259t edir, lakin n\u0259tic\u0259 \u0259ld\u0259 ed\u0259 bilm\u0259yib. Bu hallar birlikd\u0259 onu g\u00f6st\u0259rir ki, \u0259sas tibbi yard\u0131m\u0131n g\u00f6st\u0259rilm\u0259m\u0259si art\u0131q azadl\u0131\u011f\u0131ndan m\u0259hrum edilmi\u015f m\u00fcdafi\u0259\u00e7il\u0259r\u0259 t\u0259zyiqin \u0259lav\u0259 bir vasit\u0259sin\u0259 \u00e7evrilib\u201d.<\/em><\/p>\n\n\n\n<h4 class=\"wp-block-heading\"><strong>N\u0259 ba\u015f verib?<\/strong><\/h4>\n\n\n\n<p class=\"wp-block-paragraph\">Meydan TV fevral\u0131n 13-d\u0259 \u201cMeydan TV i\u015fi\u201d \u00fczr\u0259 h\u0259bsd\u0259 olan jurnalistl\u0259rin m\u0259hk\u0259m\u0259d\u0259 \u015f\u00fc\u015f\u0259 q\u0259f\u0259sd\u0259 saxlan\u0131lmalar\u0131na etiraz etdikl\u0259rini yaz\u0131b. Bir ne\u00e7\u0259 g\u00fcn sonra onlar bar\u0259d\u0259 akt t\u0259rtib olunub.<\/p>\n\n\n\n<p class=\"wp-block-paragraph\">Fevral\u0131n 18-d\u0259 Aytac Tapd\u0131q, Aysel \u00dcm\u00fcdova v\u0259 X\u0259yal\u0259 A\u011fayevan\u0131n Bak\u0131 \u0130stintaq T\u0259cridxanas\u0131nda zorak\u0131l\u0131\u011fa m\u0259ruz qald\u0131qlar\u0131 bildirilib. Jurnalistl\u0259r v\u0259 yax\u0131nlar\u0131 fiziki g\u00fcc, t\u0259hqir v\u0259 t\u0259hdidl\u0259rd\u0259n dan\u0131\u015f\u0131b. Penitensiar Xidm\u0259t sonradan zorak\u0131l\u0131q iddialar\u0131n\u0131 t\u0259kzib edib. Fevral\u0131n 25-d\u0259 Ombudsman Aparat\u0131n\u0131n n\u00fcmay\u0259nd\u0259l\u0259ri jurnalistl\u0259rl\u0259 g\u00f6r\u00fc\u015f\u0259r\u0259k onlar\u0131n \u015fikay\u0259tl\u0259rini dinl\u0259yibl\u0259r.<\/p>\n\n\n\n<p class=\"wp-block-paragraph\">H\u0259bsd\u0259 olan jurnalistl\u0259r tibbi yard\u0131ma \u00e7\u0131x\u0131\u015fla ba\u011fl\u0131 da d\u0259f\u0259l\u0259rl\u0259 \u015fikay\u0259t edibl\u0259r. Aytac Tapd\u0131q t\u0259n\u0259ff\u00fcs probleml\u0259ri il\u0259 ba\u011fl\u0131 ixtisasla\u015fm\u0131\u015f tibbi yard\u0131ma ehtiyac\u0131 oldu\u011funu, \u00dclviyy\u0259 \u018fli is\u0259 MRT v\u0259 KT m\u00fcayin\u0259l\u0259rind\u0259n ke\u00e7m\u0259k \u00fc\u00e7\u00fcn m\u00fcraci\u0259tl\u0259rinin n\u0259tic\u0259siz qald\u0131\u011f\u0131n\u0131 bildirib.<\/p>\n\n\n\n<p class=\"wp-block-paragraph\">\u201cAbzas Media\u201d jurnalisti N\u0259rgiz Absalamovan\u0131n yax\u0131nlar\u0131 da onun xroniki t\u0259n\u0259ff\u00fcs probleml\u0259rinin h\u0259bs \u015f\u0259raitind\u0259 a\u011f\u0131rla\u015fd\u0131\u011f\u0131n\u0131 v\u0259 uzun m\u00fcdd\u0259tdir MRT m\u00fcayin\u0259sind\u0259n ke\u00e7\u0259 bilm\u0259diyini deyibl\u0259r.<\/p>\n\n\n\n<p class=\"wp-block-paragraph\"><\/p>\n","protected":false},"excerpt":{"rendered":"<p>\u201cProtect Defenders\u201d Beyn\u0259lxalq \u0130nsan Haqlar\u0131 T\u0259\u015fkilat\u0131 Az\u0259rbaycanda h\u0259bsd\u0259 olan qad\u0131n &#8230; <\/p>\n<p class=\"read-more-container\"><a title=\"&#8220;Protect Defenders&#8221;: \u201cAz\u0259rbaycanda m\u00fcdafi\u0259\u00e7il\u0259r m\u00fchasir\u0259d\u0259\u201d\" class=\"read-more button\" href=\"https:\/\/www.meydan.tv\/az\/article\/protect-defenders-az%c9%99rbaycanda-mudafi%c9%99cil%c9%99r-muhasir%c9%99d%c9%99\/#more-348737\" aria-label=\"Read more about &#8220;Protect Defenders&#8221;: \u201cAz\u0259rbaycanda m\u00fcdafi\u0259\u00e7il\u0259r m\u00fchasir\u0259d\u0259\u201d\">Davam\u0131<\/a><\/p>\n","protected":false},"author":16,"featured_media":348740,"comment_status":"closed","ping_status":"closed","sticky":false,"template":"","format":"standard","meta":{"_acf_changed":false,"_sitemap_exclude":false,"_sitemap_priority":"","_sitemap_frequency":"","footnotes":""},"categories":[288,79,56],"tags":[],"class_list":["post-348737","post","type-post","status-publish","format-standard","has-post-thumbnail","hentry","category-siyasi-isler","category-featured","category-xeberler","infinite-scroll-item","generate-columns","tablet-grid-50","mobile-grid-100","grid-parent","grid-33","no-featured-image-padding"],"acf":[],"yoast_head":"<!-- This site is optimized with the Yoast SEO plugin v28.4 - https:\/\/yoast.com\/product\/yoast-seo-wordpress\/ -->\n<title>&quot;Protect Defenders&quot;: \u201cAz\u0259rbaycanda m\u00fcdafi\u0259\u00e7il\u0259r m\u00fchasir\u0259d\u0259\u201d - MEYDAN.TV<\/title>\n<meta name=\"robots\" content=\"index, follow, max-snippet:-1, max-image-preview:large, max-video-preview:-1\" \/>\n<link rel=\"canonical\" href=\"https:\/\/www.meydan.tv\/az\/article\/protect-defenders-az%c9%99rbaycanda-mudafi%c9%99cil%c9%99r-muhasir%c9%99d%c9%99\/\" \/>\n<meta property=\"og:locale\" content=\"az_AZ\" \/>\n<meta property=\"og:type\" content=\"article\" \/>\n<meta property=\"og:title\" content=\"&quot;Protect Defenders&quot;: \u201cAz\u0259rbaycanda m\u00fcdafi\u0259\u00e7il\u0259r m\u00fchasir\u0259d\u0259\u201d - MEYDAN.TV\" \/>\n<meta property=\"og:description\" content=\"\u201cProtect Defenders\u201d Beyn\u0259lxalq \u0130nsan Haqlar\u0131 T\u0259\u015fkilat\u0131 Az\u0259rbaycanda h\u0259bsd\u0259 olan qad\u0131n ... Davam\u0131\" \/>\n<meta property=\"og:url\" content=\"https:\/\/www.meydan.tv\/az\/article\/protect-defenders-az%c9%99rbaycanda-mudafi%c9%99cil%c9%99r-muhasir%c9%99d%c9%99\/\" \/>\n<meta property=\"og:site_name\" content=\"MEYDAN.TV\" \/>\n<meta property=\"article:published_time\" content=\"2026-09-01T14:38:57+00:00\" \/>\n<meta property=\"article:modified_time\" content=\"2026-09-01T14:43:31+00:00\" \/>\n<meta property=\"og:image\" content=\"https:\/\/www.meydan.tv\/wp-content\/uploads\/chatgpt-image-1-sent.-2026-g.-15_57_13-1200x675.png\" \/>\n\t<meta property=\"og:image:width\" content=\"1200\" \/>\n\t<meta property=\"og:image:height\" content=\"675\" \/>\n\t<meta property=\"og:image:type\" content=\"image\/jpeg\" \/>\n<meta name=\"twitter:card\" content=\"summary_large_image\" \/>\n<!-- \/ Yoast SEO plugin. -->","yoast_head_json":{"title":"\"Protect Defenders\": \u201cAz\u0259rbaycanda m\u00fcdafi\u0259\u00e7il\u0259r m\u00fchasir\u0259d\u0259\u201d - MEYDAN.TV","robots":{"index":"index","follow":"follow","max-snippet":"max-snippet:-1","max-image-preview":"max-image-preview:large","max-video-preview":"max-video-preview:-1"},"canonical":"https:\/\/www.meydan.tv\/az\/article\/protect-defenders-az%c9%99rbaycanda-mudafi%c9%99cil%c9%99r-muhasir%c9%99d%c9%99\/","og_locale":"az_AZ","og_type":"article","og_title":"\"Protect Defenders\": \u201cAz\u0259rbaycanda m\u00fcdafi\u0259\u00e7il\u0259r m\u00fchasir\u0259d\u0259\u201d - MEYDAN.TV","og_description":"\u201cProtect Defenders\u201d Beyn\u0259lxalq \u0130nsan Haqlar\u0131 T\u0259\u015fkilat\u0131 Az\u0259rbaycanda h\u0259bsd\u0259 olan qad\u0131n ... Davam\u0131","og_url":"https:\/\/www.meydan.tv\/az\/article\/protect-defenders-az%c9%99rbaycanda-mudafi%c9%99cil%c9%99r-muhasir%c9%99d%c9%99\/","og_site_name":"MEYDAN.TV","article_published_time":"2026-09-01T14:38:57+00:00","article_modified_time":"2026-09-01T14:43:31+00:00","og_image":[{"width":1200,"height":675,"url":"https:\/\/www.meydan.tv\/wp-content\/uploads\/chatgpt-image-1-sent.-2026-g.-15_57_13-1200x675.png","type":"image\/jpeg"}],"twitter_card":"summary_large_image","schema":{"@context":"https:\/\/schema.org","@graph":[{"@type":"Article","@id":"https:\/\/www.meydan.tv\/az\/article\/protect-defenders-az%c9%99rbaycanda-mudafi%c9%99cil%c9%99r-muhasir%c9%99d%c9%99\/#article","isPartOf":{"@id":"https:\/\/www.meydan.tv\/az\/article\/protect-defenders-az%c9%99rbaycanda-mudafi%c9%99cil%c9%99r-muhasir%c9%99d%c9%99\/"},"author":{"name":"sevda","@id":"https:\/\/www.meydan.tv\/az\/#\/schema\/person\/49b5f2bad5b126bb8ea9320eeb3e4dc9"},"headline":"&#8220;Protect Defenders&#8221;: \u201cAz\u0259rbaycanda m\u00fcdafi\u0259\u00e7il\u0259r m\u00fchasir\u0259d\u0259\u201d","datePublished":"2026-09-01T14:38:57+00:00","dateModified":"2026-09-01T14:43:31+00:00","mainEntityOfPage":{"@id":"https:\/\/www.meydan.tv\/az\/article\/protect-defenders-az%c9%99rbaycanda-mudafi%c9%99cil%c9%99r-muhasir%c9%99d%c9%99\/"},"wordCount":746,"publisher":{"@id":"https:\/\/www.meydan.tv\/az\/#organization"},"image":{"@id":"https:\/\/www.meydan.tv\/az\/article\/protect-defenders-az%c9%99rbaycanda-mudafi%c9%99cil%c9%99r-muhasir%c9%99d%c9%99\/#primaryimage"},"thumbnailUrl":"https:\/\/www.meydan.tv\/wp-content\/uploads\/chatgpt-image-1-sent.-2026-g.-15_57_13.jpg","articleSection":["Siyasi i\u015fl\u0259r","T\u00f6vsiy\u0259","X\u0259b\u0259rl\u0259r"],"inLanguage":"az"},{"@type":"WebPage","@id":"https:\/\/www.meydan.tv\/az\/article\/protect-defenders-az%c9%99rbaycanda-mudafi%c9%99cil%c9%99r-muhasir%c9%99d%c9%99\/","url":"https:\/\/www.meydan.tv\/az\/article\/protect-defenders-az%c9%99rbaycanda-mudafi%c9%99cil%c9%99r-muhasir%c9%99d%c9%99\/","name":"\"Protect Defenders\": \u201cAz\u0259rbaycanda m\u00fcdafi\u0259\u00e7il\u0259r m\u00fchasir\u0259d\u0259\u201d - MEYDAN.TV","isPartOf":{"@id":"https:\/\/www.meydan.tv\/az\/#website"},"primaryImageOfPage":{"@id":"https:\/\/www.meydan.tv\/az\/article\/protect-defenders-az%c9%99rbaycanda-mudafi%c9%99cil%c9%99r-muhasir%c9%99d%c9%99\/#primaryimage"},"image":{"@id":"https:\/\/www.meydan.tv\/az\/article\/protect-defenders-az%c9%99rbaycanda-mudafi%c9%99cil%c9%99r-muhasir%c9%99d%c9%99\/#primaryimage"},"thumbnailUrl":"https:\/\/www.meydan.tv\/wp-content\/uploads\/chatgpt-image-1-sent.-2026-g.-15_57_13.jpg","datePublished":"2026-09-01T14:38:57+00:00","dateModified":"2026-09-01T14:43:31+00:00","breadcrumb":{"@id":"https:\/\/www.meydan.tv\/az\/article\/protect-defenders-az%c9%99rbaycanda-mudafi%c9%99cil%c9%99r-muhasir%c9%99d%c9%99\/#breadcrumb"},"inLanguage":"az","potentialAction":[{"@type":"ReadAction","target":["https:\/\/www.meydan.tv\/az\/article\/protect-defenders-az%c9%99rbaycanda-mudafi%c9%99cil%c9%99r-muhasir%c9%99d%c9%99\/"]}]},{"@type":"ImageObject","inLanguage":"az","@id":"https:\/\/www.meydan.tv\/az\/article\/protect-defenders-az%c9%99rbaycanda-mudafi%c9%99cil%c9%99r-muhasir%c9%99d%c9%99\/#primaryimage","url":"https:\/\/www.meydan.tv\/wp-content\/uploads\/chatgpt-image-1-sent.-2026-g.-15_57_13.jpg","contentUrl":"https:\/\/www.meydan.tv\/wp-content\/uploads\/chatgpt-image-1-sent.-2026-g.-15_57_13.jpg","width":1672,"height":941,"caption":"\u0130ll\u00fcstrasiya AI il\u0259 haz\u0131rlan\u0131b"},{"@type":"BreadcrumbList","@id":"https:\/\/www.meydan.tv\/az\/article\/protect-defenders-az%c9%99rbaycanda-mudafi%c9%99cil%c9%99r-muhasir%c9%99d%c9%99\/#breadcrumb","itemListElement":[{"@type":"ListItem","position":1,"name":"Ana s\u0259hif\u0259","item":"https:\/\/www.meydan.tv\/az\/"},{"@type":"ListItem","position":2,"name":"X\u0259b\u0259rl\u0259r","item":"https:\/\/www.meydan.tv\/az\/section\/xeberler\/"},{"@type":"ListItem","position":3,"name":"&#8220;Protect Defenders&#8221;: \u201cAz\u0259rbaycanda m\u00fcdafi\u0259\u00e7il\u0259r m\u00fchasir\u0259d\u0259\u201d"}]},{"@type":"WebSite","@id":"https:\/\/www.meydan.tv\/az\/#website","url":"https:\/\/www.meydan.tv\/az\/","name":"MEYDAN.TV","description":"Meydan TV Az\u0259rbaycan\u0131n media m\u0259kan\u0131ndak\u0131 alternativ s\u0259sidir","publisher":{"@id":"https:\/\/www.meydan.tv\/az\/#organization"},"potentialAction":[{"@type":"SearchAction","target":{"@type":"EntryPoint","urlTemplate":"https:\/\/www.meydan.tv\/az\/?s={search_term_string}"},"query-input":{"@type":"PropertyValueSpecification","valueRequired":true,"valueName":"search_term_string"}}],"inLanguage":"az"},{"@type":"Organization","@id":"https:\/\/www.meydan.tv\/az\/#organization","name":"Meydan TV","url":"https:\/\/www.meydan.tv\/az\/","logo":{"@type":"ImageObject","inLanguage":"az","@id":"https:\/\/www.meydan.tv\/az\/#\/schema\/logo\/image\/","url":"https:\/\/www.meydan.tv\/wp-content\/uploads\/2021\/07\/meydan-logo.svg","contentUrl":"https:\/\/www.meydan.tv\/wp-content\/uploads\/2021\/07\/meydan-logo.svg","width":195,"height":46,"caption":"Meydan TV"},"image":{"@id":"https:\/\/www.meydan.tv\/az\/#\/schema\/logo\/image\/"}},{"@type":"Person","@id":"https:\/\/www.meydan.tv\/az\/#\/schema\/person\/49b5f2bad5b126bb8ea9320eeb3e4dc9","name":"sevda"}]}},"_links":{"self":[{"href":"https:\/\/www.meydan.tv\/az\/wp-json\/wp\/v2\/posts\/348737","targetHints":{"allow":["GET"]}}],"collection":[{"href":"https:\/\/www.meydan.tv\/az\/wp-json\/wp\/v2\/posts"}],"about":[{"href":"https:\/\/www.meydan.tv\/az\/wp-json\/wp\/v2\/types\/post"}],"author":[{"embeddable":true,"href":"https:\/\/www.meydan.tv\/az\/wp-json\/wp\/v2\/users\/16"}],"replies":[{"embeddable":true,"href":"https:\/\/www.meydan.tv\/az\/wp-json\/wp\/v2\/comments?post=348737"}],"version-history":[{"count":3,"href":"https:\/\/www.meydan.tv\/az\/wp-json\/wp\/v2\/posts\/348737\/revisions"}],"predecessor-version":[{"id":348743,"href":"https:\/\/www.meydan.tv\/az\/wp-json\/wp\/v2\/posts\/348737\/revisions\/348743"}],"wp:featuredmedia":[{"embeddable":true,"href":"https:\/\/www.meydan.tv\/az\/wp-json\/wp\/v2\/media\/348740"}],"wp:attachment":[{"href":"https:\/\/www.meydan.tv\/az\/wp-json\/wp\/v2\/media?parent=348737"}],"wp:term":[{"taxonomy":"category","embeddable":true,"href":"https:\/\/www.meydan.tv\/az\/wp-json\/wp\/v2\/categories?post=348737"},{"taxonomy":"post_tag","embeddable":true,"href":"https:\/\/www.meydan.tv\/az\/wp-json\/wp\/v2\/tags?post=348737"}],"curies":[{"name":"wp","href":"https:\/\/api.w.org\/{rel}","templated":true}]}}