{"id":348724,"date":"2026-09-03T14:52:28","date_gmt":"2026-09-03T10:52:28","guid":{"rendered":"https:\/\/www.meydan.tv\/?p=348724"},"modified":"2026-09-03T14:52:31","modified_gmt":"2026-09-03T10:52:31","slug":"bir-m%c9%99mur-onun-qardasi-iki-sirk%c9%99t-v%c9%99-200-milyon-manata-yaxin-dovl%c9%99t-sifarisi","status":"publish","type":"post","link":"https:\/\/www.meydan.tv\/az\/article\/bir-m%c9%99mur-onun-qardasi-iki-sirk%c9%99t-v%c9%99-200-milyon-manata-yaxin-dovl%c9%99t-sifarisi\/","title":{"rendered":"Bir m\u0259mur, onun qarda\u015f\u0131, iki \u015firk\u0259t v\u0259 200 milyon manata yax\u0131n d\u00f6vl\u0259t sifari\u015fi"},"content":{"rendered":"\n<p class=\"wp-block-paragraph\"><em>R\u0259smi m\u0259lumatlar g\u00f6st\u0259rir ki, D\u00f6vl\u0259t \u015e\u0259h\u0259rsalma v\u0259 Arxitektura Komit\u0259si s\u0259drinin birinci m\u00fcavini Namiq H\u00fcmm\u0259tovun qarda\u015f\u0131 Natiq H\u00fcmm\u0259tova m\u0259xsus \u201cHN Construction\u201d v\u0259 \u201cNN Group\u201d \u015firk\u0259tl\u0259ri d\u00f6vl\u0259t tenderl\u0259rind\u0259 \u00fcmumilikd\u0259 198,4 milyon manatdan \u00e7ox sifari\u015f al\u0131b.<\/em><\/p>\n\n\n\n<p class=\"wp-block-paragraph\">Elm v\u0259 T\u0259hsil T\u0259s\u0259rr\u00fcfat Hesabl\u0131 \u018fsasl\u0131 Tikinti v\u0259 T\u0259chizat \u0130dar\u0259si Z\u0259ngilan \u015f\u0259h\u0259rind\u0259ki tam orta m\u0259kt\u0259bin mebel v\u0259 avadanl\u0131qla t\u0259minat\u0131 \u201cHN Construction\u201d QSC-y\u0259 h\u0259val\u0259 olunub.<\/p>\n\n\n\n<p class=\"wp-block-paragraph\">D\u00f6vl\u0259t sat\u0131nalmalar\u0131 portal\u0131nda avqustun 25-d\u0259 a\u00e7\u0131qlanan n\u0259tic\u0259y\u0259 g\u00f6r\u0259, m\u00fcqavil\u0259nin d\u0259y\u0259ri 2 milyon 78 min 569 manat 88 q\u0259pikdir.<\/p>\n\n\n\n<p class=\"wp-block-paragraph\">\u201cHN Construction\u201d \u00fc\u00e7\u00fcn Z\u0259ngilan m\u0259kt\u0259bi yeni layih\u0259 deyil. M\u0259kt\u0259bin \u00f6z\u00fcn\u00fc d\u0259 bu \u015firk\u0259t tikib.<\/p>\n\n\n\n<p class=\"wp-block-paragraph\">Sat\u0131nalma portal\u0131n\u0131n m\u0259lumatlar\u0131na g\u00f6r\u0259, 2023-c\u00fc ilin dekabr\u0131nda Z\u0259ngilan \u015f\u0259h\u0259rind\u0259 960 \u015fagirdlik tam orta m\u0259kt\u0259bin tikintisi \u00fc\u00e7\u00fcn \u201cHN Construction\u201d \u015firk\u0259ti il\u0259 11 milyon 609 min 543 manat 52 q\u0259piklik m\u00fcqavil\u0259 ba\u011flan\u0131b.<\/p>\n\n\n\n<p class=\"wp-block-paragraph\">Bel\u0259likl\u0259, yaln\u0131z bu m\u0259kt\u0259bin tikintisi, mebel v\u0259 avadanl\u0131qla t\u0259minat\u0131 \u00fczr\u0259 \u201cHN Construction\u201da veril\u0259n iki sifari\u015fin \u00fcmumi d\u0259y\u0259ri 13 milyon 688 min manat\u0131 ke\u00e7ir.<\/p>\n\n\n\n<p class=\"wp-block-paragraph\">\u015eirk\u0259tin d\u00f6vl\u0259t sifari\u015fl\u0259ri bununla m\u0259hdudla\u015fm\u0131r.<\/p>\n\n\n\n<h4 class=\"wp-block-heading has-medium-font-size\"><strong>M\u0259kt\u0259bl\u0259rd\u0259n ya\u015fay\u0131\u015f kompleksl\u0259rin\u0259<\/strong><\/h4>\n\n\n\n<p class=\"wp-block-paragraph\">\u201cHN Construction\u201d son ill\u0259rd\u0259 m\u00fcxt\u0259lif d\u00f6vl\u0259t qurumlar\u0131ndan iri tikinti sifari\u015fl\u0259ri al\u0131b.<\/p>\n\n\n\n<p class=\"wp-block-paragraph\">2024-c\u00fc ild\u0259 M\u0259cburi K\u00f6\u00e7k\u00fcnl\u0259rin Sosial \u0130nki\u015faf Fondu C\u0259bray\u0131l rayonunun \u015e\u00fck\u00fcrb\u0259yli k\u0259ndind\u0259 360 \u015fagirdlik m\u0259kt\u0259bin tikintisini \u015firk\u0259t\u0259 4 milyon 503 min 699 manata h\u0259val\u0259 edib.<\/p>\n\n\n\n<p class=\"wp-block-paragraph\">2022-ci ild\u0259 is\u0259 T\u0259hsil Nazirliyinin T\u0259s\u0259rr\u00fcfat Hesabl\u0131 \u018fsasl\u0131 Tikinti v\u0259 T\u0259chizat \u0130dar\u0259si il\u0259 \u201cHN Construction\u201d aras\u0131nda La\u00e7\u0131n rayonu, Zabux k\u0259ndind\u0259ki m\u0259kt\u0259bin layih\u0259l\u0259ndirilm\u0259si v\u0259 b\u0259rpas\u0131 1 milyon 100 min 845 manatl\u0131q, La\u00e7\u0131n \u015f\u0259h\u0259rind\u0259ki 2 n\u00f6mr\u0259li m\u0259kt\u0259b \u00fc\u00e7\u00fcn is\u0259 4 milyon 128 min 350 manatl\u0131q m\u00fcqavil\u0259l\u0259r ba\u011flan\u0131b.<\/p>\n\n\n\n<p class=\"wp-block-paragraph\">Ancaq \u015firk\u0259tin sat\u0131nalma tarix\u00e7\u0259sind\u0259 \u0259sas sifari\u015f\u00e7il\u0259rd\u0259n biri M\u0259nzil \u0130n\u015faat\u0131 D\u00f6vl\u0259t Agentliyinin tabeliyind\u0259ki \u201cM\u0130DA\u201d MMC-dir.<\/p>\n\n\n\n<p class=\"wp-block-paragraph\">Portal m\u0259lumatlar\u0131nda \u201cHN Construction\u201d\u0131n M\u0130DA-dan Bak\u0131, Sumqay\u0131t, G\u0259nc\u0259 v\u0259 \u015eirvanda ya\u015fay\u0131\u015f binalar\u0131, m\u0259kt\u0259bl\u0259r v\u0259 u\u015faq ba\u011f\u00e7alar\u0131n\u0131n tikintisi \u00fczr\u0259 \u00e7oxmilyonluq m\u00fcqavil\u0259l\u0259r ald\u0131\u011f\u0131 g\u00f6r\u00fcn\u00fcr.<\/p>\n\n\n\n<p class=\"wp-block-paragraph\">M\u0259s\u0259l\u0259n, 2023-c\u00fc ild\u0259 \u015eirvanda alt\u0131 \u00e7oxm\u0259nzilli ya\u015fay\u0131\u015f binas\u0131n\u0131n tikintisi \u015firk\u0259t\u0259 20 milyon 925 min manata h\u0259val\u0259 olunub.<\/p>\n\n\n\n<p class=\"wp-block-paragraph\">H\u0259min ilin sonunda Bin\u0259q\u0259di q\u0259s\u0259b\u0259sind\u0259 960 \u015fagirdlik m\u0259kt\u0259bin tikintisi v\u0259 avadanl\u0131qla t\u0259chizat\u0131 \u00fc\u00e7\u00fcn \u015firk\u0259tl\u0259 7 milyon 814 min 968 manatl\u0131q m\u00fcqavil\u0259 ba\u011flan\u0131b.<\/p>\n\n\n\n<p class=\"wp-block-paragraph\">2022-ci ild\u0259 Sumqay\u0131tdak\u0131 ya\u015fay\u0131\u015f kompleksinin tikintisi \u00fczr\u0259 m\u00fcqavil\u0259nin d\u0259y\u0259ri 13 milyon 637 min 770 manat olub.<\/p>\n\n\n\n<p class=\"wp-block-paragraph\">Sat\u0131nalma \u00e7\u0131xar\u0131\u015flar\u0131nda 2019-2025-ci ill\u0259r \u00fczr\u0259 \u201cHN Construction\u201dla ba\u011fl\u0131 g\u00f6r\u00fcn\u0259n m\u00fcqavil\u0259 qeydl\u0259rinin nominal c\u0259mi 138,7 milyon manatdan \u00e7oxdur.&nbsp;<\/p>\n\n\n\n<p class=\"has-medium-font-size wp-block-paragraph\"><strong>\u015eirk\u0259tin arxas\u0131nda kim dayan\u0131b?<\/strong><\/p>\n\n\n\n<p class=\"wp-block-paragraph\">D\u00f6vl\u0259t Vergi Xidm\u0259tinin reyestr m\u0259lumatlar\u0131na g\u00f6r\u0259, \u201cHN Construction\u201d 2015-ci ild\u0259 qeydiyyata al\u0131n\u0131b. Nizamnam\u0259 kapital\u0131 2010 manatd\u0131r.<\/p>\n\n\n\n<p class=\"wp-block-paragraph\">\u015eirk\u0259tin h\u00fcquqi \u00fcnvan\u0131 Bak\u0131n\u0131n Bin\u0259q\u0259di rayonunda, Bin\u0259q\u0259di \u015fossesi, ev 185, m\u0259nzil 14-d\u0259 yerl\u0259\u015fir. Haz\u0131rk\u0131 qanuni t\u0259msil\u00e7isi El\u015f\u0259n Oqtay o\u011flu M\u0259mm\u0259dovdur.<\/p>\n\n\n\n<p class=\"wp-block-paragraph\">Lakin \u015firk\u0259tin \u0259vv\u0259lki tarix\u00e7\u0259sind\u0259 ba\u015fqa bir ad var.<\/p>\n\n\n\n<p class=\"wp-block-paragraph\">Reyestr m\u0259lumatlar\u0131nda \u015firk\u0259tin \u0259vv\u0259lc\u0259 \u201cHN Group\u201d MMC adland\u0131\u011f\u0131, Natiq M\u0259h\u0259mm\u0259d o\u011flu H\u00fcmm\u0259tovun is\u0259 onun t\u0259sis\u00e7isi v\u0259 qanuni t\u0259msil\u00e7isi oldu\u011fu g\u00f6st\u0259rilir.<\/p>\n\n\n\n<p class=\"wp-block-paragraph\">Natiq H\u00fcmm\u0259tov D\u00f6vl\u0259t \u015e\u0259h\u0259rsalma v\u0259 Arxitektura Komit\u0259si s\u0259drinin birinci m\u00fcavini Namiq H\u00fcmm\u0259tovun qarda\u015f\u0131d\u0131r.<\/p>\n\n\n\n<p class=\"wp-block-paragraph\">Namiq H\u00fcmm\u0259tov haz\u0131rda da D\u00f6vl\u0259t \u015e\u0259h\u0259rsalma v\u0259 Arxitektura Komit\u0259si s\u0259drinin birinci m\u00fcavinidir. Komit\u0259nin r\u0259smi m\u0259lumat\u0131na g\u00f6r\u0259, o, Prezident \u0130lham \u018fliyevin 4 iyun 2020-ci il s\u0259r\u0259ncam\u0131 il\u0259 bu v\u0259zif\u0259y\u0259 t\u0259yin olunub. Bundan \u0259vv\u0259l is\u0259 tikinti v\u0259 \u015f\u0259h\u0259rsalma sah\u0259sind\u0259 m\u00fcxt\u0259lif r\u0259hb\u0259r v\u0259zif\u0259l\u0259rd\u0259 \u00e7al\u0131\u015f\u0131b.<\/p>\n\n\n\n<p class=\"wp-block-paragraph\">A\u00e7\u0131q reyestr m\u0259lumatlar\u0131 Namiq H\u00fcmm\u0259tovun haz\u0131rda \u201cHN Construction\u201d\u0131n s\u0259hmdar\u0131 v\u0259 ya h\u00fcquqi sahibi oldu\u011funu g\u00f6st\u0259rmir. Onun \u015firk\u0259tin qazand\u0131\u011f\u0131 tenderl\u0259r\u0259 t\u0259sir g\u00f6st\u0259rib-g\u00f6st\u0259rm\u0259diyi is\u0259 a\u00e7\u0131q suallar aras\u0131ndad\u0131r.<\/p>\n\n\n\n<p class=\"wp-block-paragraph\">\u015eirk\u0259tin H\u00fcmm\u0259tov ail\u0259si il\u0259 \u0259laq\u0259l\u0259ndirilm\u0259sinin \u0259sas\u0131nda onun ilkin korporativ tarix\u00e7\u0259sind\u0259 Natiq H\u00fcmm\u0259tovun ad\u0131n\u0131n olmas\u0131 rol oynay\u0131r.<\/p>\n\n\n\n<h2 class=\"wp-block-heading has-medium-font-size\"><strong>Milyonlar qazanan dig\u0259r \u015firk\u0259t &#8211; \u201cNN Group\u201d<\/strong><\/h2>\n\n\n\n<p class=\"wp-block-paragraph\">Natiq H\u00fcmm\u0259tovun ad\u0131 \u201cNN Group\u201d MMC-nin tarix\u00e7\u0259sind\u0259 d\u0259 ke\u00e7ir.<\/p>\n\n\n\n<p class=\"wp-block-paragraph\">Reyestr m\u0259lumatlar\u0131nda o, bu \u015firk\u0259tin d\u0259 ilkin t\u0259sis\u00e7isi v\u0259 qanuni t\u0259msil\u00e7isi kimi g\u00f6st\u0259rilir. Sonrak\u0131 d\u00f6vrd\u0259 qanuni t\u0259msil\u00e7i d\u0259yi\u015fib.<\/p>\n\n\n\n<p class=\"wp-block-paragraph\">\u201cNN Group\u201d is\u0259 \u201cHN Construction\u201ddan daha \u0259vv\u0259l f\u0259aliyy\u0259t\u0259 ba\u015flay\u0131b.<\/p>\n\n\n\n<p class=\"wp-block-paragraph\">2013-c\u00fc ild\u0259 r\u0259smi m\u0259tbuat \u015firk\u0259t bar\u0259d\u0259 haz\u0131rlad\u0131\u011f\u0131 materialda \u201cNN Group\u201dun 2008-ci ild\u0259n f\u0259aliyy\u0259t g\u00f6st\u0259rdiyini <a href=\"https:\/\/azertag.az\/xeber\/nn_group_mmc_tikinti_sirketinin_esas_meqsedi_deqiqlik_ve_keyfiyyetdir-216304\" target=\"_blank\" rel=\"noreferrer noopener\">yaz\u0131b<\/a>. \u015eirk\u0259tin n\u00fcmay\u0259nd\u0259si R\u0259sul Aslanov h\u0259min vaxt bildirib ki, m\u00fc\u0259ssis\u0259 ki\u00e7ik tikinti i\u015fl\u0259rind\u0259n iri kompleksl\u0259rin in\u015fas\u0131nad\u0259k m\u00fcxt\u0259lif layih\u0259l\u0259r h\u0259yata ke\u00e7irir.<\/p>\n\n\n\n<p class=\"wp-block-paragraph\">Aslanov \u015firk\u0259tin \u201cCLC Caspian\u201d, \u201cD\u0130A Holding\u201d, \u201cAkkord\u201d, \u201cAz\u0259riqaz\u201d v\u0259 \u201cAz\u0259rsu\u201d kimi qurumlarla \u0259m\u0259kda\u015fl\u0131q etdiyini d\u0259 deyib. \u201cD\u0259qiqlik v\u0259 keyfiyy\u0259t\u201d \u015firk\u0259tin \u0259sas m\u0259qs\u0259di kimi t\u0259qdim olunub. Bunlar AZ\u018fRTAC-\u0131n m\u00fcst\u0259qil qiym\u0259tl\u0259ndirm\u0259si deyil, \u015firk\u0259t n\u00fcmay\u0259nd\u0259sinin h\u0259min vaxt verdiyi a\u00e7\u0131qlamad\u0131r.<\/p>\n\n\n\n<p class=\"wp-block-paragraph\">Sonrak\u0131 ill\u0259rd\u0259 \u201cNN Group\u201d d\u00f6vl\u0259t tikinti layih\u0259l\u0259rind\u0259, x\u00fcsusil\u0259 M\u0130DA-n\u0131n sat\u0131nalmalar\u0131nda g\u00f6r\u00fcnm\u0259y\u0259 ba\u015flay\u0131b.<\/p>\n\n\n\n<p class=\"wp-block-paragraph\">T\u0259qdim olunan sat\u0131nalma m\u0259lumatlar\u0131na g\u00f6r\u0259, \u015firk\u0259t H\u00f6vsanda ya\u015fay\u0131\u015f binas\u0131n\u0131n tikintisin\u0259 13 milyon 655 min manatl\u0131q, Yasamal Ya\u015fay\u0131\u015f Kompleksind\u0259 1200 \u015fagirdlik m\u0259kt\u0259bin tikintisi v\u0259 avadanl\u0131qla t\u0259minat\u0131na is\u0259 7 milyon 247 min manatl\u0131q m\u00fcqavil\u0259l\u0259r \u0259ld\u0259 edib.<\/p>\n\n\n\n<p class=\"wp-block-paragraph\">Bundan \u0259lav\u0259, \u201cNN Group\u201d \u201cAmal Group\u201dla konsorsium \u015f\u0259klind\u0259 Sumqay\u0131t v\u0259 G\u0259nc\u0259d\u0259 ya\u015fay\u0131\u015f binalar\u0131n\u0131n tikintisi layih\u0259l\u0259rind\u0259 i\u015ftirak edib.<\/p>\n\n\n\n<p class=\"wp-block-paragraph\">\u201cNN Group\u201dun t\u0259kba\u015f\u0131na v\u0259 \u201cAmal Group\u201dla birlikd\u0259 i\u015ftirak etdiyi g\u00f6st\u0259ril\u0259n m\u00fcqavil\u0259l\u0259rin \u00fcmumi d\u0259y\u0259ri 59 milyon 753 min manatdan \u00e7oxdur.<\/p>\n\n\n\n<h2 class=\"wp-block-heading has-medium-font-size\"><strong>\u0130ki \u015firk\u0259t, eyni ail\u0259 ad\u0131<\/strong><\/h2>\n\n\n\n<p class=\"wp-block-paragraph\">Bel\u0259likl\u0259, d\u00f6vl\u0259t sat\u0131nalmalar\u0131nda iki \u015firk\u0259tin ad\u0131 paralel g\u00f6r\u00fcn\u00fcr &#8211; \u201cHN Construction\u201d v\u0259 \u201cNN Group\u201d.<\/p>\n\n\n\n<p class=\"wp-block-paragraph\">\u015eirk\u0259tl\u0259rin adlar\u0131ndak\u0131 abreviaturalar da H\u00fcmm\u0259tov qarda\u015flar\u0131 il\u0259 ba\u011fl\u0131 ehtimallar\u0131 g\u00fccl\u0259ndir\u0259n detallardan biridir. \u201cHN Construction\u201d v\u0259 ya \u0259vv\u0259lki ad\u0131 il\u0259 \u201cHN Group\u201d olan \u015firk\u0259tin \u201cHN\u201d abreviaturas\u0131n\u0131n Natiq H\u00fcmm\u0259tovun ad v\u0259 soyad\u0131n\u0131n ba\u015f h\u0259rfl\u0259rind\u0259n yaran\u0131b. \u201cNN Group\u201d ad\u0131ndak\u0131 \u201cNN\u201d abreviaturas\u0131 is\u0259 Namiq v\u0259 Natiq H\u00fcmm\u0259tov qarda\u015flar\u0131n\u0131n adlar\u0131n\u0131n ba\u015f h\u0259rfl\u0259rini ehtiva edir.<\/p>\n\n\n\n<p class=\"wp-block-paragraph\">H\u0259r iki \u015firk\u0259tin korporativ tarix\u00e7\u0259sind\u0259 Natiq H\u00fcmm\u0259tovun ad\u0131 ke\u00e7ir. Onun qarda\u015f\u0131 Namiq H\u00fcmm\u0259tov is\u0259 2020-ci ild\u0259n \u00f6lk\u0259nin tikinti v\u0259 \u015f\u0259h\u0259rsalma sah\u0259sind\u0259 \u0259sas d\u00f6vl\u0259t qurumlar\u0131ndan biri olan D\u00f6vl\u0259t \u015e\u0259h\u0259rsalma v\u0259 Arxitektura Komit\u0259si s\u0259drinin birinci m\u00fcavinidir.<\/p>\n\n\n\n<p class=\"wp-block-paragraph\">T\u0259qdim edil\u0259n sat\u0131nalma m\u0259lumatlar\u0131nda \u201cHN Construction\u201d \u00fczr\u0259 m\u00fcqavil\u0259 qeydl\u0259rinin nominal m\u0259bl\u0259\u011fi 138,7 milyon manata, \u201cNN Group\u201dun t\u0259kba\u015f\u0131na v\u0259 konsorsium \u015f\u0259klind\u0259 i\u015ftirak etdiyi m\u0259lum m\u00fcqavil\u0259l\u0259rin d\u0259y\u0259ri is\u0259 59,7 milyon manata \u00e7at\u0131r.<\/p>\n\n\n\n<p class=\"wp-block-paragraph\">Bu r\u0259q\u0259ml\u0259r birlikd\u0259 <strong>198,4 milyon manatdan<\/strong> \u00e7ox edir. H\u00fcmm\u0259tov ail\u0259si il\u0259 korporativ tarix\u00e7\u0259si vasit\u0259sil\u0259 \u0259laq\u0259l\u0259ndiril\u0259n h\u0259r iki \u015firk\u0259t uzun ill\u0259r \u0259rzind\u0259 iri d\u00f6vl\u0259t tikinti layih\u0259l\u0259rind\u0259 i\u015ftirak edib.<\/p>\n","protected":false},"excerpt":{"rendered":"<p>R\u0259smi m\u0259lumatlar g\u00f6st\u0259rir ki, D\u00f6vl\u0259t \u015e\u0259h\u0259rsalma v\u0259 Arxitektura Komit\u0259si s\u0259drinin &#8230; <\/p>\n<p class=\"read-more-container\"><a title=\"Bir m\u0259mur, onun qarda\u015f\u0131, iki \u015firk\u0259t v\u0259 200 milyon manata yax\u0131n d\u00f6vl\u0259t sifari\u015fi\" class=\"read-more button\" href=\"https:\/\/www.meydan.tv\/az\/article\/bir-m%c9%99mur-onun-qardasi-iki-sirk%c9%99t-v%c9%99-200-milyon-manata-yaxin-dovl%c9%99t-sifarisi\/#more-348724\" aria-label=\"Read more about Bir m\u0259mur, onun qarda\u015f\u0131, iki \u015firk\u0259t v\u0259 200 milyon manata yax\u0131n d\u00f6vl\u0259t sifari\u015fi\">Davam\u0131<\/a><\/p>\n","protected":false},"author":14,"featured_media":348728,"comment_status":"closed","ping_status":"closed","sticky":false,"template":"","format":"standard","meta":{"_acf_changed":false,"_sitemap_exclude":false,"_sitemap_priority":"","_sitemap_frequency":"","footnotes":""},"categories":[55,79,1,56],"tags":[],"class_list":["post-348724","post","type-post","status-publish","format-standard","has-post-thumbnail","hentry","category-arasdirma","category-featured","category-uncategorized","category-xeberler","infinite-scroll-item","generate-columns","tablet-grid-50","mobile-grid-100","grid-parent","grid-33","no-featured-image-padding"],"acf":[],"yoast_head":"<!-- This site is optimized with the Yoast SEO plugin v28.4 - https:\/\/yoast.com\/product\/yoast-seo-wordpress\/ -->\n<title>Bir m\u0259mur, onun qarda\u015f\u0131, iki \u015firk\u0259t v\u0259 200 milyon manata yax\u0131n d\u00f6vl\u0259t sifari\u015fi - MEYDAN.TV<\/title>\n<meta name=\"robots\" content=\"index, follow, max-snippet:-1, max-image-preview:large, max-video-preview:-1\" \/>\n<link rel=\"canonical\" href=\"https:\/\/www.meydan.tv\/az\/article\/bir-m%c9%99mur-onun-qardasi-iki-sirk%c9%99t-v%c9%99-200-milyon-manata-yaxin-dovl%c9%99t-sifarisi\/\" \/>\n<meta property=\"og:locale\" content=\"az_AZ\" \/>\n<meta property=\"og:type\" content=\"article\" \/>\n<meta property=\"og:title\" content=\"Bir m\u0259mur, onun qarda\u015f\u0131, iki \u015firk\u0259t v\u0259 200 milyon manata yax\u0131n d\u00f6vl\u0259t sifari\u015fi - MEYDAN.TV\" \/>\n<meta property=\"og:description\" content=\"R\u0259smi m\u0259lumatlar g\u00f6st\u0259rir ki, D\u00f6vl\u0259t \u015e\u0259h\u0259rsalma v\u0259 Arxitektura Komit\u0259si s\u0259drinin ... Davam\u0131\" \/>\n<meta property=\"og:url\" content=\"https:\/\/www.meydan.tv\/az\/article\/bir-m%c9%99mur-onun-qardasi-iki-sirk%c9%99t-v%c9%99-200-milyon-manata-yaxin-dovl%c9%99t-sifarisi\/\" \/>\n<meta property=\"og:site_name\" content=\"MEYDAN.TV\" \/>\n<meta property=\"article:published_time\" content=\"2026-09-03T10:52:28+00:00\" \/>\n<meta property=\"article:modified_time\" content=\"2026-09-03T10:52:31+00:00\" \/>\n<meta property=\"og:image\" content=\"https:\/\/www.meydan.tv\/wp-content\/uploads\/001-1-1200x586.png\" \/>\n\t<meta property=\"og:image:width\" content=\"1200\" \/>\n\t<meta property=\"og:image:height\" content=\"586\" \/>\n\t<meta property=\"og:image:type\" content=\"image\/png\" \/>\n<meta name=\"twitter:card\" content=\"summary_large_image\" \/>\n<!-- \/ Yoast SEO plugin. -->","yoast_head_json":{"title":"Bir m\u0259mur, onun qarda\u015f\u0131, iki \u015firk\u0259t v\u0259 200 milyon manata yax\u0131n d\u00f6vl\u0259t sifari\u015fi - MEYDAN.TV","robots":{"index":"index","follow":"follow","max-snippet":"max-snippet:-1","max-image-preview":"max-image-preview:large","max-video-preview":"max-video-preview:-1"},"canonical":"https:\/\/www.meydan.tv\/az\/article\/bir-m%c9%99mur-onun-qardasi-iki-sirk%c9%99t-v%c9%99-200-milyon-manata-yaxin-dovl%c9%99t-sifarisi\/","og_locale":"az_AZ","og_type":"article","og_title":"Bir m\u0259mur, onun qarda\u015f\u0131, iki \u015firk\u0259t v\u0259 200 milyon manata yax\u0131n d\u00f6vl\u0259t sifari\u015fi - MEYDAN.TV","og_description":"R\u0259smi m\u0259lumatlar g\u00f6st\u0259rir ki, D\u00f6vl\u0259t \u015e\u0259h\u0259rsalma v\u0259 Arxitektura Komit\u0259si s\u0259drinin ... Davam\u0131","og_url":"https:\/\/www.meydan.tv\/az\/article\/bir-m%c9%99mur-onun-qardasi-iki-sirk%c9%99t-v%c9%99-200-milyon-manata-yaxin-dovl%c9%99t-sifarisi\/","og_site_name":"MEYDAN.TV","article_published_time":"2026-09-03T10:52:28+00:00","article_modified_time":"2026-09-03T10:52:31+00:00","og_image":[{"width":1200,"height":586,"url":"https:\/\/www.meydan.tv\/wp-content\/uploads\/001-1-1200x586.png","type":"image\/png"}],"twitter_card":"summary_large_image","schema":{"@context":"https:\/\/schema.org","@graph":[{"@type":"Article","@id":"https:\/\/www.meydan.tv\/az\/article\/bir-m%c9%99mur-onun-qardasi-iki-sirk%c9%99t-v%c9%99-200-milyon-manata-yaxin-dovl%c9%99t-sifarisi\/#article","isPartOf":{"@id":"https:\/\/www.meydan.tv\/az\/article\/bir-m%c9%99mur-onun-qardasi-iki-sirk%c9%99t-v%c9%99-200-milyon-manata-yaxin-dovl%c9%99t-sifarisi\/"},"author":{"name":"roma","@id":"https:\/\/www.meydan.tv\/az\/#\/schema\/person\/8f23e01c4de63326c13c319fb65ee65d"},"headline":"Bir m\u0259mur, onun qarda\u015f\u0131, iki \u015firk\u0259t v\u0259 200 milyon manata yax\u0131n d\u00f6vl\u0259t sifari\u015fi","datePublished":"2026-09-03T10:52:28+00:00","dateModified":"2026-09-03T10:52:31+00:00","mainEntityOfPage":{"@id":"https:\/\/www.meydan.tv\/az\/article\/bir-m%c9%99mur-onun-qardasi-iki-sirk%c9%99t-v%c9%99-200-milyon-manata-yaxin-dovl%c9%99t-sifarisi\/"},"wordCount":1428,"publisher":{"@id":"https:\/\/www.meydan.tv\/az\/#organization"},"image":{"@id":"https:\/\/www.meydan.tv\/az\/article\/bir-m%c9%99mur-onun-qardasi-iki-sirk%c9%99t-v%c9%99-200-milyon-manata-yaxin-dovl%c9%99t-sifarisi\/#primaryimage"},"thumbnailUrl":"https:\/\/www.meydan.tv\/wp-content\/uploads\/001-1.png","articleSection":["Ara\u015fd\u0131rma","T\u00f6vsiy\u0259","Uncategorized","X\u0259b\u0259rl\u0259r"],"inLanguage":"az"},{"@type":"WebPage","@id":"https:\/\/www.meydan.tv\/az\/article\/bir-m%c9%99mur-onun-qardasi-iki-sirk%c9%99t-v%c9%99-200-milyon-manata-yaxin-dovl%c9%99t-sifarisi\/","url":"https:\/\/www.meydan.tv\/az\/article\/bir-m%c9%99mur-onun-qardasi-iki-sirk%c9%99t-v%c9%99-200-milyon-manata-yaxin-dovl%c9%99t-sifarisi\/","name":"Bir m\u0259mur, onun qarda\u015f\u0131, iki \u015firk\u0259t v\u0259 200 milyon manata yax\u0131n d\u00f6vl\u0259t sifari\u015fi - MEYDAN.TV","isPartOf":{"@id":"https:\/\/www.meydan.tv\/az\/#website"},"primaryImageOfPage":{"@id":"https:\/\/www.meydan.tv\/az\/article\/bir-m%c9%99mur-onun-qardasi-iki-sirk%c9%99t-v%c9%99-200-milyon-manata-yaxin-dovl%c9%99t-sifarisi\/#primaryimage"},"image":{"@id":"https:\/\/www.meydan.tv\/az\/article\/bir-m%c9%99mur-onun-qardasi-iki-sirk%c9%99t-v%c9%99-200-milyon-manata-yaxin-dovl%c9%99t-sifarisi\/#primaryimage"},"thumbnailUrl":"https:\/\/www.meydan.tv\/wp-content\/uploads\/001-1.png","datePublished":"2026-09-03T10:52:28+00:00","dateModified":"2026-09-03T10:52:31+00:00","breadcrumb":{"@id":"https:\/\/www.meydan.tv\/az\/article\/bir-m%c9%99mur-onun-qardasi-iki-sirk%c9%99t-v%c9%99-200-milyon-manata-yaxin-dovl%c9%99t-sifarisi\/#breadcrumb"},"inLanguage":"az","potentialAction":[{"@type":"ReadAction","target":["https:\/\/www.meydan.tv\/az\/article\/bir-m%c9%99mur-onun-qardasi-iki-sirk%c9%99t-v%c9%99-200-milyon-manata-yaxin-dovl%c9%99t-sifarisi\/"]}]},{"@type":"ImageObject","inLanguage":"az","@id":"https:\/\/www.meydan.tv\/az\/article\/bir-m%c9%99mur-onun-qardasi-iki-sirk%c9%99t-v%c9%99-200-milyon-manata-yaxin-dovl%c9%99t-sifarisi\/#primaryimage","url":"https:\/\/www.meydan.tv\/wp-content\/uploads\/001-1.png","contentUrl":"https:\/\/www.meydan.tv\/wp-content\/uploads\/001-1.png","width":1920,"height":938,"caption":"Natiq H\u00fcmm\u0259tov v\u0259 qarda\u015f\u0131 Namiq H\u00fcmm\u0259tov"},{"@type":"BreadcrumbList","@id":"https:\/\/www.meydan.tv\/az\/article\/bir-m%c9%99mur-onun-qardasi-iki-sirk%c9%99t-v%c9%99-200-milyon-manata-yaxin-dovl%c9%99t-sifarisi\/#breadcrumb","itemListElement":[{"@type":"ListItem","position":1,"name":"Ana s\u0259hif\u0259","item":"https:\/\/www.meydan.tv\/az\/"},{"@type":"ListItem","position":2,"name":"X\u0259b\u0259rl\u0259r","item":"https:\/\/www.meydan.tv\/az\/section\/xeberler\/"},{"@type":"ListItem","position":3,"name":"Bir m\u0259mur, onun qarda\u015f\u0131, iki \u015firk\u0259t v\u0259 200 milyon manata yax\u0131n d\u00f6vl\u0259t sifari\u015fi"}]},{"@type":"WebSite","@id":"https:\/\/www.meydan.tv\/az\/#website","url":"https:\/\/www.meydan.tv\/az\/","name":"MEYDAN.TV","description":"Meydan TV Az\u0259rbaycan\u0131n media m\u0259kan\u0131ndak\u0131 alternativ s\u0259sidir","publisher":{"@id":"https:\/\/www.meydan.tv\/az\/#organization"},"potentialAction":[{"@type":"SearchAction","target":{"@type":"EntryPoint","urlTemplate":"https:\/\/www.meydan.tv\/az\/?s={search_term_string}"},"query-input":{"@type":"PropertyValueSpecification","valueRequired":true,"valueName":"search_term_string"}}],"inLanguage":"az"},{"@type":"Organization","@id":"https:\/\/www.meydan.tv\/az\/#organization","name":"Meydan TV","url":"https:\/\/www.meydan.tv\/az\/","logo":{"@type":"ImageObject","inLanguage":"az","@id":"https:\/\/www.meydan.tv\/az\/#\/schema\/logo\/image\/","url":"https:\/\/www.meydan.tv\/wp-content\/uploads\/2021\/07\/meydan-logo.svg","contentUrl":"https:\/\/www.meydan.tv\/wp-content\/uploads\/2021\/07\/meydan-logo.svg","width":195,"height":46,"caption":"Meydan TV"},"image":{"@id":"https:\/\/www.meydan.tv\/az\/#\/schema\/logo\/image\/"}},{"@type":"Person","@id":"https:\/\/www.meydan.tv\/az\/#\/schema\/person\/8f23e01c4de63326c13c319fb65ee65d","name":"roma"}]}},"_links":{"self":[{"href":"https:\/\/www.meydan.tv\/az\/wp-json\/wp\/v2\/posts\/348724","targetHints":{"allow":["GET"]}}],"collection":[{"href":"https:\/\/www.meydan.tv\/az\/wp-json\/wp\/v2\/posts"}],"about":[{"href":"https:\/\/www.meydan.tv\/az\/wp-json\/wp\/v2\/types\/post"}],"author":[{"embeddable":true,"href":"https:\/\/www.meydan.tv\/az\/wp-json\/wp\/v2\/users\/14"}],"replies":[{"embeddable":true,"href":"https:\/\/www.meydan.tv\/az\/wp-json\/wp\/v2\/comments?post=348724"}],"version-history":[{"count":2,"href":"https:\/\/www.meydan.tv\/az\/wp-json\/wp\/v2\/posts\/348724\/revisions"}],"predecessor-version":[{"id":348733,"href":"https:\/\/www.meydan.tv\/az\/wp-json\/wp\/v2\/posts\/348724\/revisions\/348733"}],"wp:featuredmedia":[{"embeddable":true,"href":"https:\/\/www.meydan.tv\/az\/wp-json\/wp\/v2\/media\/348728"}],"wp:attachment":[{"href":"https:\/\/www.meydan.tv\/az\/wp-json\/wp\/v2\/media?parent=348724"}],"wp:term":[{"taxonomy":"category","embeddable":true,"href":"https:\/\/www.meydan.tv\/az\/wp-json\/wp\/v2\/categories?post=348724"},{"taxonomy":"post_tag","embeddable":true,"href":"https:\/\/www.meydan.tv\/az\/wp-json\/wp\/v2\/tags?post=348724"}],"curies":[{"name":"wp","href":"https:\/\/api.w.org\/{rel}","templated":true}]}}