{"id":348693,"date":"2026-09-01T14:21:07","date_gmt":"2026-09-01T10:21:07","guid":{"rendered":"https:\/\/www.meydan.tv\/?p=348693"},"modified":"2026-09-01T14:22:34","modified_gmt":"2026-09-01T10:22:34","slug":"ramiz-mehdiyev%c9%99-rusv%c9%99t-alma-ittihami-da-ir%c9%99li-surulub","status":"publish","type":"post","link":"https:\/\/www.meydan.tv\/az\/article\/ramiz-mehdiyev%c9%99-rusv%c9%99t-alma-ittihami-da-ir%c9%99li-surulub\/","title":{"rendered":"Ramiz Mehdiyev\u0259 daha bir ittiham ir\u0259li s\u00fcr\u00fcld\u00fcy\u00fc bildirilir"},"content":{"rendered":"\n<p class=\"wp-block-paragraph\">D\u00f6vl\u0259t\u0259 x\u0259yan\u0259t v\u0259 hakimiyy\u0259ti zorla \u0259l\u0259 ke\u00e7irm\u0259y\u0259 y\u00f6n\u0259l\u0259n \u0259m\u0259ll\u0259r d\u0259 daxil olmaqla bir ne\u00e7\u0259 a\u011f\u0131r cinay\u0259td\u0259 ittiham olunan Prezident Administrasiyas\u0131n\u0131n sabiq r\u0259hb\u0259ri Ramiz Mehdiyev\u0259 yeni ittiham ir\u0259li s\u00fcr\u00fcl\u00fcb. Bununla ba\u011fl\u0131 bir ne\u00e7\u0259 h\u00f6k\u00fcm\u0259ty\u00f6nl\u00fc mediada x\u0259b\u0259r gedib. <\/p>\n\n\n\n<p class=\"wp-block-paragraph\">Yay\u0131lan <a href=\"https:\/\/www.gununsesi.info\/ramiz-mehdiyev%C9%99-yeni-ittiham-elan-olunub\/?fbclid=IwY2xjawUDbypwZG9mBWV4dG4DYWVtAjExAHNydGMGYXBwX2lkEDIyMjAzOTE3ODgyMDA4OTIAAR4bweXGP9oFfHX3fwxCxycvABK4vFWaxy0NAGO23iNCDtxfY5nSX8PiwtcP6w_aem_QkoslelnwCOVS06wcY_o9w\" target=\"_blank\" rel=\"noreferrer noopener nofollow\">m\u0259lumata<\/a> g\u00f6r\u0259, bu d\u0259f\u0259 Mehdiyev Cinay\u0259t M\u0259c\u0259ll\u0259sinin 311-ci (r\u00fc\u015fv\u0259t alma &#8211; passiv r\u00fc\u015fv\u0259txorluq) madd\u0259si il\u0259 ittiham olunur. Yeni ittihamla ba\u011fl\u0131 Mehdiyevin ifad\u0259sinin al\u0131nd\u0131\u011f\u0131 bildirilir.<\/p>\n\n\n\n<p class=\"wp-block-paragraph\">\u0130ttiham\u0131n r\u00fc\u015fv\u0259tin hans\u0131 m\u0259bl\u0259\u011fd\u0259 olmas\u0131, hans\u0131 d\u00f6vr\u00fc \u0259hat\u0259 etm\u0259si v\u0259 konkret olaraq hans\u0131 epizodla ba\u011fl\u0131 ir\u0259li s\u00fcr\u00fclm\u0259si bar\u0259d\u0259 m\u0259lumat a\u00e7\u0131qlanmay\u0131b.<\/p>\n\n\n\n<p class=\"wp-block-paragraph\">Cinay\u0259t M\u0259c\u0259ll\u0259sinin 311-ci madd\u0259si v\u0259zif\u0259li \u015f\u0259xsin xidm\u0259ti v\u0259zif\u0259l\u0259rinin icras\u0131 il\u0259 \u0259laq\u0259dar \u00f6z\u00fc v\u0259 ya \u00fc\u00e7\u00fcnc\u00fc \u015f\u0259xsl\u0259r \u00fc\u00e7\u00fcn maddi v\u0259 dig\u0259r nem\u0259t, imtiyaz v\u0259 ya g\u00fcz\u0259\u015ft ist\u0259m\u0259si v\u0259 ya almas\u0131 il\u0259 ba\u011fl\u0131 cinay\u0259t m\u0259suliyy\u0259tini n\u0259z\u0259rd\u0259 tutur.<\/p>\n\n\n\n<h4 class=\"wp-block-heading\"><strong>Mehdiyev 2025-ci ild\u0259n ev dustaql\u0131\u011f\u0131ndad\u0131r<\/strong><\/h4>\n\n\n\n<p class=\"wp-block-paragraph\">Ramiz Mehdiyev bar\u0259sind\u0259 cinay\u0259t i\u015fi 2025-ci ilin oktyabr\u0131nda a\u00e7\u0131l\u0131b. Oktyabr\u0131n 14-d\u0259 S\u0259bail Rayon M\u0259hk\u0259m\u0259si onun bar\u0259sind\u0259 d\u00f6rd ay m\u00fcdd\u0259tin\u0259 ev dustaql\u0131\u011f\u0131 q\u0259timkan t\u0259dbiri se\u00e7ib.<\/p>\n\n\n\n<p class=\"wp-block-paragraph\">H\u0259min vaxt Mehdiyev\u0259 Cinay\u0259t M\u0259c\u0259ll\u0259sinin 278.1-ci (d\u00f6vl\u0259t hakimiyy\u0259tini zorla \u0259l\u0259 ke\u00e7irm\u0259y\u0259 v\u0259 ya d\u00f6vl\u0259tin konstitusiya qurulu\u015funu zorla d\u0259yi\u015fdirm\u0259y\u0259 y\u00f6n\u0259l\u0259n \u0259m\u0259ll\u0259r), 274-c\u00fc (d\u00f6vl\u0259t\u0259 x\u0259yan\u0259t) v\u0259 193-1.3.2-ci (cinay\u0259t yolu il\u0259 \u0259ld\u0259 edilmi\u015f \u0259mlak\u0131n leqalla\u015fd\u0131r\u0131lmas\u0131) madd\u0259l\u0259ri il\u0259 ittiham ir\u0259li s\u00fcr\u00fclm\u00fc\u015fd\u00fc. Cinay\u0259t i\u015fi \u00fczr\u0259 istintaq D\u00f6vl\u0259t T\u0259hl\u00fck\u0259sizliyi Xidm\u0259ti (DTX) t\u0259r\u0259find\u0259n apar\u0131l\u0131r.<\/p>\n\n\n\n<p class=\"wp-block-paragraph\">Mehdiyev bar\u0259sind\u0259 se\u00e7ilmi\u015f ev dustaql\u0131\u011f\u0131 q\u0259timkan t\u0259dbirinin m\u00fcdd\u0259ti sonradan bir ne\u00e7\u0259 d\u0259f\u0259 uzad\u0131l\u0131b. Sonuncu d\u0259f\u0259 2026-c\u0131 il iyunun 10-da S\u0259bail Rayon M\u0259hk\u0259m\u0259si onun ev dustaql\u0131\u011f\u0131 m\u00fcdd\u0259tini daha be\u015f ay uzad\u0131b.<\/p>\n\n\n\n<h4 class=\"wp-block-heading\"><strong>Mehdiyev n\u0259d\u0259 ittiham olunur?<\/strong><\/h4>\n\n\n\n<p class=\"wp-block-paragraph\">DTX 2026-c\u0131 il fevral\u0131n 12-d\u0259 Ramiz Mehdiyev v\u0259 eyni cinay\u0259t i\u015fi \u00fczr\u0259 t\u0259qsirl\u0259ndiril\u0259n dig\u0259r \u015f\u0259xsl\u0259rl\u0259 ba\u011fl\u0131 geni\u015f <a href=\"https:\/\/www.dtx.gov.az\/az\/news\/1872.html?utm_source=chatgpt.com\" target=\"_blank\" rel=\"noreferrer noopener nofollow\">m\u0259lumat yay\u0131b<\/a>. Bu m\u0259lumatda Mehdiyevl\u0259 yana\u015f\u0131, ke\u00e7mi\u015f ba\u015f nazirin birinci m\u00fcavini Abbas Abbasov, AXCP s\u0259dri \u018fli K\u0259rimli, partiyan\u0131n \u00fczvl\u0259ri Fuad Q\u0259hr\u0259manl\u0131 v\u0259 Q\u0259nim\u0259t Zahidov, M\u0259mm\u0259d \u0130brahim, el\u0259c\u0259 d\u0259 Mehdiyevin k\u00f6m\u0259k\u00e7isi Eldar \u018fmirovun adlar\u0131 \u00e7\u0259kilir.<\/p>\n\n\n\n<p class=\"wp-block-paragraph\">Qurumun iddias\u0131na g\u00f6r\u0259, &#8220;Mehdiyev v\u0259 bir s\u0131ra ba\u015fqa \u015f\u0259xsl\u0259r xarici x\u00fcsusi xidm\u0259t orqanlar\u0131n\u0131n d\u0259st\u0259yi il\u0259 d\u00f6vl\u0259t hakimiyy\u0259tinin zorla \u0259l\u0259 ke\u00e7irilm\u0259si v\u0259 \u00f6lk\u0259nin konstitusiya qurulu\u015funun d\u0259yi\u015fdirilm\u0259sin\u0259 y\u00f6n\u0259l\u0259n f\u0259aliyy\u0259t g\u00f6st\u0259ribl\u0259r&#8221;.<\/p>\n\n\n\n<p class=\"wp-block-paragraph\">DTX h\u0259m\u00e7inin iddia edir ki, Mehdiyev 2025-ci ilin avqust-sentyabr aylar\u0131nda \u201cD\u00f6vl\u0259t idar\u0259etm\u0259 sisteminin yenid\u0259n qurulmas\u0131 haqq\u0131nda t\u0259klifl\u0259r\u201d adl\u0131 s\u0259n\u0259d haz\u0131rlay\u0131b, h\u0259min s\u0259n\u0259d \u018fli K\u0259rimliy\u0259 \u00e7atd\u0131r\u0131l\u0131b v\u0259 daha sonra xarici d\u00f6vl\u0259tin x\u00fcsusi xidm\u0259t orqanlar\u0131n\u0131n y\u00fcks\u0259k v\u0259zif\u0259li n\u00fcmay\u0259nd\u0259l\u0259rin\u0259 g\u00f6nd\u0259rilib.<\/p>\n\n\n\n<p class=\"wp-block-paragraph\">Qurumun a\u00e7\u0131qlamas\u0131nda, o c\u00fcml\u0259d\u0259n Mehdiyevin 2025-ci il oktyabr\u0131n 13-d\u0259k cinay\u0259t yolu il\u0259 \u0259ld\u0259 edildiyi iddia olunan 17 milyon manatdan art\u0131q v\u0259saiti leqalla\u015fd\u0131rd\u0131\u011f\u0131 bildirilir. <\/p>\n\n\n\n<h4 class=\"wp-block-heading\"><strong>Ramiz Mehdiyev kimdir?<\/strong><\/h4>\n\n\n\n<p class=\"wp-block-paragraph\">Ramiz Mehdiyev uzun ill\u0259r Az\u0259rbaycan\u0131n \u0259n y\u00fcks\u0259k d\u00f6vl\u0259t v\u0259zif\u0259l\u0259rind\u0259n birini tutub. O, 1995-ci ild\u0259n 2019-cu il\u0259 q\u0259d\u0259r \u2013 t\u0259xmin\u0259n 25 il \u2013 Prezident Administrasiyas\u0131na r\u0259hb\u0259rlik edib. Mehdiyev bu v\u0259zif\u0259d\u0259n 23 oktyabr 2019-cu ild\u0259 Prezident \u0130lham \u018fliyevin s\u0259r\u0259ncam\u0131 il\u0259 azad olunub.<\/p>\n\n\n\n<p class=\"wp-block-paragraph\">El\u0259 h\u0259min g\u00fcn o, Az\u0259rbaycan Milli Elml\u0259r Akademiyas\u0131n\u0131n (AMEA) prezidenti v\u0259zif\u0259sin\u0259 t\u0259sdiql\u0259nib. Mehdiyev 2019\u20132022-ci ill\u0259rd\u0259 Akademiyaya r\u0259hb\u0259rlik edib.<\/p>\n\n\n\n<p class=\"wp-block-paragraph\">Prezident Administrasiyas\u0131ndan ayr\u0131ld\u0131qdan sonra Mehdiyev T\u0259hl\u00fck\u0259sizlik \u015euras\u0131n\u0131n \u00fczv\u00fc t\u0259yin edilmi\u015fdi. Cinay\u0259t i\u015fi ba\u015flanandan bir ne\u00e7\u0259 g\u00fcn sonra \u2013 18 oktyabr 2025-ci ild\u0259 o, Prezidentin f\u0259rman\u0131 il\u0259 \u015euran\u0131n \u00fczvl\u00fcy\u00fcnd\u0259n azad edilib.<\/p>\n\n\n\n<p class=\"wp-block-paragraph\">Mehdiyev sovet d\u00f6vr\u00fcnd\u0259n d\u00f6vl\u0259t v\u0259 partiya strukturlar\u0131nda \u00e7al\u0131\u015f\u0131b, m\u00fcst\u0259qillik d\u00f6vr\u00fcnd\u0259 is\u0259 Heyd\u0259r \u018fliyevin v\u0259 daha sonra \u0130lham \u018fliyevin prezidentliyi zaman\u0131 Prezident Administrasiyas\u0131na r\u0259hb\u0259rlik edib. <\/p>\n\n\n\n<h4 class=\"wp-block-heading\"><strong>\u018fli K\u0259rimli v\u0259 M\u0259mm\u0259d \u0130brahim d\u0259 eyni istintaqda t\u0259qsirl\u0259ndirilirl\u0259r<\/strong><\/h4>\n\n\n\n<p class=\"wp-block-paragraph\">Ramiz Mehdiyevl\u0259 ba\u011fl\u0131 istintaq \u00e7\u0259r\u00e7iv\u0259sind\u0259 AXCP s\u0259dri \u018fli K\u0259rimli v\u0259 partiyan\u0131n R\u0259yas\u0259t Hey\u0259tinin \u00fczv\u00fc M\u0259mm\u0259d \u0130brahim d\u0259 cinay\u0259t m\u0259suliyy\u0259tin\u0259 c\u0259lb olunublar. Onlar 2025-ci il noyabr\u0131n 29-da DTX t\u0259r\u0259find\u0259n <a href=\"https:\/\/storage.googleapis.com\/qurium\/www.meydan.tv\/az-article-eli-k%c9%99rimli-v%c9%99-m%c9%99mm%c9%99d-ibrahim-subh%c9%99li-s%c9%99xs-qismind%c9%99-istintaqa-c%c9%99lb-c%c9%99lb-edilibl%c9%99r.html\" target=\"_blank\" rel=\"noreferrer noopener nofollow\">saxlan\u0131l\u0131b<\/a>, dekabr\u0131n 1-d\u0259 bar\u0259l\u0259rind\u0259 h\u0259bs q\u0259timkan t\u0259dbiri se\u00e7ilib.<\/p>\n\n\n\n<p class=\"wp-block-paragraph\">2026-c\u0131 ild\u0259 onlar\u0131n h\u0259bs m\u00fcdd\u0259ti bir ne\u00e7\u0259 d\u0259f\u0259 uzad\u0131l\u0131b. Sonuncu d\u0259f\u0259 iyunun 10-da S\u0259bail Rayon M\u0259hk\u0259m\u0259si \u018fli K\u0259rimli v\u0259 M\u0259mm\u0259d \u0130brahimin h\u0259bs m\u00fcdd\u0259tini daha be\u015f ay art\u0131r\u0131b.<\/p>\n","protected":false},"excerpt":{"rendered":"<p>D\u00f6vl\u0259t\u0259 x\u0259yan\u0259t v\u0259 hakimiyy\u0259ti zorla \u0259l\u0259 ke\u00e7irm\u0259y\u0259 y\u00f6n\u0259l\u0259n \u0259m\u0259ll\u0259r d\u0259 &#8230; <\/p>\n<p class=\"read-more-container\"><a title=\"Ramiz Mehdiyev\u0259 daha bir ittiham ir\u0259li s\u00fcr\u00fcld\u00fcy\u00fc bildirilir\" class=\"read-more button\" href=\"https:\/\/www.meydan.tv\/az\/article\/ramiz-mehdiyev%c9%99-rusv%c9%99t-alma-ittihami-da-ir%c9%99li-surulub\/#more-348693\" aria-label=\"Read more about Ramiz Mehdiyev\u0259 daha bir ittiham ir\u0259li s\u00fcr\u00fcld\u00fcy\u00fc bildirilir\">Davam\u0131<\/a><\/p>\n","protected":false},"author":16,"featured_media":232270,"comment_status":"closed","ping_status":"closed","sticky":false,"template":"","format":"standard","meta":{"_acf_changed":false,"_sitemap_exclude":false,"_sitemap_priority":"","_sitemap_frequency":"","footnotes":""},"categories":[59,79,56],"tags":[],"class_list":["post-348693","post","type-post","status-publish","format-standard","has-post-thumbnail","hentry","category-siyaset","category-featured","category-xeberler","infinite-scroll-item","generate-columns","tablet-grid-50","mobile-grid-100","grid-parent","grid-33","no-featured-image-padding"],"acf":[],"yoast_head":"<!-- This site is optimized with the Yoast SEO plugin v28.4 - https:\/\/yoast.com\/product\/yoast-seo-wordpress\/ -->\n<title>Ramiz Mehdiyev\u0259 daha bir ittiham ir\u0259li s\u00fcr\u00fcld\u00fcy\u00fc bildirilir - MEYDAN.TV<\/title>\n<meta name=\"robots\" content=\"index, follow, max-snippet:-1, max-image-preview:large, max-video-preview:-1\" \/>\n<link rel=\"canonical\" href=\"https:\/\/www.meydan.tv\/az\/article\/ramiz-mehdiyev%c9%99-rusv%c9%99t-alma-ittihami-da-ir%c9%99li-surulub\/\" \/>\n<meta property=\"og:locale\" content=\"az_AZ\" \/>\n<meta property=\"og:type\" content=\"article\" \/>\n<meta property=\"og:title\" content=\"Ramiz Mehdiyev\u0259 daha bir ittiham ir\u0259li s\u00fcr\u00fcld\u00fcy\u00fc bildirilir - MEYDAN.TV\" \/>\n<meta property=\"og:description\" content=\"D\u00f6vl\u0259t\u0259 x\u0259yan\u0259t v\u0259 hakimiyy\u0259ti zorla \u0259l\u0259 ke\u00e7irm\u0259y\u0259 y\u00f6n\u0259l\u0259n \u0259m\u0259ll\u0259r d\u0259 ... Davam\u0131\" \/>\n<meta property=\"og:url\" content=\"https:\/\/www.meydan.tv\/az\/article\/ramiz-mehdiyev%c9%99-rusv%c9%99t-alma-ittihami-da-ir%c9%99li-surulub\/\" \/>\n<meta property=\"og:site_name\" content=\"MEYDAN.TV\" \/>\n<meta property=\"article:published_time\" content=\"2026-09-01T10:21:07+00:00\" \/>\n<meta property=\"article:modified_time\" content=\"2026-09-01T10:22:34+00:00\" \/>\n<meta property=\"og:image\" content=\"https:\/\/www.meydan.tv\/wp-content\/uploads\/4567_1642606697-e1644573479441.jpg\" \/>\n\t<meta property=\"og:image:width\" content=\"1200\" \/>\n\t<meta property=\"og:image:height\" content=\"639\" \/>\n\t<meta property=\"og:image:type\" content=\"image\/jpeg\" \/>\n<meta name=\"twitter:card\" content=\"summary_large_image\" \/>\n<!-- \/ Yoast SEO plugin. -->","yoast_head_json":{"title":"Ramiz Mehdiyev\u0259 daha bir ittiham ir\u0259li s\u00fcr\u00fcld\u00fcy\u00fc bildirilir - MEYDAN.TV","robots":{"index":"index","follow":"follow","max-snippet":"max-snippet:-1","max-image-preview":"max-image-preview:large","max-video-preview":"max-video-preview:-1"},"canonical":"https:\/\/www.meydan.tv\/az\/article\/ramiz-mehdiyev%c9%99-rusv%c9%99t-alma-ittihami-da-ir%c9%99li-surulub\/","og_locale":"az_AZ","og_type":"article","og_title":"Ramiz Mehdiyev\u0259 daha bir ittiham ir\u0259li s\u00fcr\u00fcld\u00fcy\u00fc bildirilir - MEYDAN.TV","og_description":"D\u00f6vl\u0259t\u0259 x\u0259yan\u0259t v\u0259 hakimiyy\u0259ti zorla \u0259l\u0259 ke\u00e7irm\u0259y\u0259 y\u00f6n\u0259l\u0259n \u0259m\u0259ll\u0259r d\u0259 ... Davam\u0131","og_url":"https:\/\/www.meydan.tv\/az\/article\/ramiz-mehdiyev%c9%99-rusv%c9%99t-alma-ittihami-da-ir%c9%99li-surulub\/","og_site_name":"MEYDAN.TV","article_published_time":"2026-09-01T10:21:07+00:00","article_modified_time":"2026-09-01T10:22:34+00:00","og_image":[{"width":1200,"height":639,"url":"https:\/\/www.meydan.tv\/wp-content\/uploads\/4567_1642606697-e1644573479441.jpg","type":"image\/jpeg"}],"twitter_card":"summary_large_image","schema":{"@context":"https:\/\/schema.org","@graph":[{"@type":"Article","@id":"https:\/\/www.meydan.tv\/az\/article\/ramiz-mehdiyev%c9%99-rusv%c9%99t-alma-ittihami-da-ir%c9%99li-surulub\/#article","isPartOf":{"@id":"https:\/\/www.meydan.tv\/az\/article\/ramiz-mehdiyev%c9%99-rusv%c9%99t-alma-ittihami-da-ir%c9%99li-surulub\/"},"author":{"name":"sevda","@id":"https:\/\/www.meydan.tv\/az\/#\/schema\/person\/49b5f2bad5b126bb8ea9320eeb3e4dc9"},"headline":"Ramiz Mehdiyev\u0259 daha bir ittiham ir\u0259li s\u00fcr\u00fcld\u00fcy\u00fc bildirilir","datePublished":"2026-09-01T10:21:07+00:00","dateModified":"2026-09-01T10:22:34+00:00","mainEntityOfPage":{"@id":"https:\/\/www.meydan.tv\/az\/article\/ramiz-mehdiyev%c9%99-rusv%c9%99t-alma-ittihami-da-ir%c9%99li-surulub\/"},"wordCount":963,"publisher":{"@id":"https:\/\/www.meydan.tv\/az\/#organization"},"image":{"@id":"https:\/\/www.meydan.tv\/az\/article\/ramiz-mehdiyev%c9%99-rusv%c9%99t-alma-ittihami-da-ir%c9%99li-surulub\/#primaryimage"},"thumbnailUrl":"https:\/\/www.meydan.tv\/wp-content\/uploads\/4567_1642606697-e1644573479441.jpg","articleSection":["Siyas\u0259t","T\u00f6vsiy\u0259","X\u0259b\u0259rl\u0259r"],"inLanguage":"az"},{"@type":"WebPage","@id":"https:\/\/www.meydan.tv\/az\/article\/ramiz-mehdiyev%c9%99-rusv%c9%99t-alma-ittihami-da-ir%c9%99li-surulub\/","url":"https:\/\/www.meydan.tv\/az\/article\/ramiz-mehdiyev%c9%99-rusv%c9%99t-alma-ittihami-da-ir%c9%99li-surulub\/","name":"Ramiz Mehdiyev\u0259 daha bir ittiham ir\u0259li s\u00fcr\u00fcld\u00fcy\u00fc bildirilir - MEYDAN.TV","isPartOf":{"@id":"https:\/\/www.meydan.tv\/az\/#website"},"primaryImageOfPage":{"@id":"https:\/\/www.meydan.tv\/az\/article\/ramiz-mehdiyev%c9%99-rusv%c9%99t-alma-ittihami-da-ir%c9%99li-surulub\/#primaryimage"},"image":{"@id":"https:\/\/www.meydan.tv\/az\/article\/ramiz-mehdiyev%c9%99-rusv%c9%99t-alma-ittihami-da-ir%c9%99li-surulub\/#primaryimage"},"thumbnailUrl":"https:\/\/www.meydan.tv\/wp-content\/uploads\/4567_1642606697-e1644573479441.jpg","datePublished":"2026-09-01T10:21:07+00:00","dateModified":"2026-09-01T10:22:34+00:00","breadcrumb":{"@id":"https:\/\/www.meydan.tv\/az\/article\/ramiz-mehdiyev%c9%99-rusv%c9%99t-alma-ittihami-da-ir%c9%99li-surulub\/#breadcrumb"},"inLanguage":"az","potentialAction":[{"@type":"ReadAction","target":["https:\/\/www.meydan.tv\/az\/article\/ramiz-mehdiyev%c9%99-rusv%c9%99t-alma-ittihami-da-ir%c9%99li-surulub\/"]}]},{"@type":"ImageObject","inLanguage":"az","@id":"https:\/\/www.meydan.tv\/az\/article\/ramiz-mehdiyev%c9%99-rusv%c9%99t-alma-ittihami-da-ir%c9%99li-surulub\/#primaryimage","url":"https:\/\/www.meydan.tv\/wp-content\/uploads\/4567_1642606697-e1644573479441.jpg","contentUrl":"https:\/\/www.meydan.tv\/wp-content\/uploads\/4567_1642606697-e1644573479441.jpg","width":1200,"height":639,"caption":"Ramiz Mehdiyev, M\u0259nb\u0259: https:\/\/science.gov.az\/"},{"@type":"BreadcrumbList","@id":"https:\/\/www.meydan.tv\/az\/article\/ramiz-mehdiyev%c9%99-rusv%c9%99t-alma-ittihami-da-ir%c9%99li-surulub\/#breadcrumb","itemListElement":[{"@type":"ListItem","position":1,"name":"Ana s\u0259hif\u0259","item":"https:\/\/www.meydan.tv\/az\/"},{"@type":"ListItem","position":2,"name":"X\u0259b\u0259rl\u0259r","item":"https:\/\/www.meydan.tv\/az\/section\/xeberler\/"},{"@type":"ListItem","position":3,"name":"Ramiz Mehdiyev\u0259 daha bir ittiham ir\u0259li s\u00fcr\u00fcld\u00fcy\u00fc bildirilir"}]},{"@type":"WebSite","@id":"https:\/\/www.meydan.tv\/az\/#website","url":"https:\/\/www.meydan.tv\/az\/","name":"MEYDAN.TV","description":"Meydan TV Az\u0259rbaycan\u0131n media m\u0259kan\u0131ndak\u0131 alternativ s\u0259sidir","publisher":{"@id":"https:\/\/www.meydan.tv\/az\/#organization"},"potentialAction":[{"@type":"SearchAction","target":{"@type":"EntryPoint","urlTemplate":"https:\/\/www.meydan.tv\/az\/?s={search_term_string}"},"query-input":{"@type":"PropertyValueSpecification","valueRequired":true,"valueName":"search_term_string"}}],"inLanguage":"az"},{"@type":"Organization","@id":"https:\/\/www.meydan.tv\/az\/#organization","name":"Meydan TV","url":"https:\/\/www.meydan.tv\/az\/","logo":{"@type":"ImageObject","inLanguage":"az","@id":"https:\/\/www.meydan.tv\/az\/#\/schema\/logo\/image\/","url":"https:\/\/www.meydan.tv\/wp-content\/uploads\/2021\/07\/meydan-logo.svg","contentUrl":"https:\/\/www.meydan.tv\/wp-content\/uploads\/2021\/07\/meydan-logo.svg","width":195,"height":46,"caption":"Meydan TV"},"image":{"@id":"https:\/\/www.meydan.tv\/az\/#\/schema\/logo\/image\/"}},{"@type":"Person","@id":"https:\/\/www.meydan.tv\/az\/#\/schema\/person\/49b5f2bad5b126bb8ea9320eeb3e4dc9","name":"sevda"}]}},"_links":{"self":[{"href":"https:\/\/www.meydan.tv\/az\/wp-json\/wp\/v2\/posts\/348693","targetHints":{"allow":["GET"]}}],"collection":[{"href":"https:\/\/www.meydan.tv\/az\/wp-json\/wp\/v2\/posts"}],"about":[{"href":"https:\/\/www.meydan.tv\/az\/wp-json\/wp\/v2\/types\/post"}],"author":[{"embeddable":true,"href":"https:\/\/www.meydan.tv\/az\/wp-json\/wp\/v2\/users\/16"}],"replies":[{"embeddable":true,"href":"https:\/\/www.meydan.tv\/az\/wp-json\/wp\/v2\/comments?post=348693"}],"version-history":[{"count":5,"href":"https:\/\/www.meydan.tv\/az\/wp-json\/wp\/v2\/posts\/348693\/revisions"}],"predecessor-version":[{"id":348700,"href":"https:\/\/www.meydan.tv\/az\/wp-json\/wp\/v2\/posts\/348693\/revisions\/348700"}],"wp:featuredmedia":[{"embeddable":true,"href":"https:\/\/www.meydan.tv\/az\/wp-json\/wp\/v2\/media\/232270"}],"wp:attachment":[{"href":"https:\/\/www.meydan.tv\/az\/wp-json\/wp\/v2\/media?parent=348693"}],"wp:term":[{"taxonomy":"category","embeddable":true,"href":"https:\/\/www.meydan.tv\/az\/wp-json\/wp\/v2\/categories?post=348693"},{"taxonomy":"post_tag","embeddable":true,"href":"https:\/\/www.meydan.tv\/az\/wp-json\/wp\/v2\/tags?post=348693"}],"curies":[{"name":"wp","href":"https:\/\/api.w.org\/{rel}","templated":true}]}}