{"id":348680,"date":"2026-09-01T12:51:27","date_gmt":"2026-09-01T08:51:27","guid":{"rendered":"https:\/\/www.meydan.tv\/?p=348680"},"modified":"2026-09-01T12:51:34","modified_gmt":"2026-09-01T08:51:34","slug":"tiktokerl%c9%99rin-h%c9%99bsi-v%c9%99-daralan-informasiya-muhiti","status":"publish","type":"post","link":"https:\/\/www.meydan.tv\/az\/article\/tiktokerl%c9%99rin-h%c9%99bsi-v%c9%99-daralan-informasiya-muhiti\/","title":{"rendered":"Tiktokerl\u0259rin h\u0259bsi v\u0259 daralan informasiya m\u00fchiti"},"content":{"rendered":"\n<p class=\"wp-block-paragraph\">Az\u0259rbaycanda son ill\u0259rd\u0259 tiktokerl\u0259r vaxta\u015f\u0131r\u0131 h\u0259bs edilirl\u0259r. Bir \u00e7ox hallarda bir ne\u00e7\u0259 sutka inzibati h\u0259bs edil\u0259n tiktokerl\u0259rl\u0259 yana\u015f\u0131, cinay\u0259t m\u0259suliyy\u0259tin\u0259 c\u0259lb edil\u0259r\u0259k uzun m\u00fcdd\u0259t\u0259 azadl\u0131qdan m\u0259hrum olunan tiktokerl\u0259r d\u0259 var. M\u0259s\u0259l\u0259n, 2025-ci ild\u0259 tiktoker Az\u0259r Zahid bar\u0259sind\u0259 cinay\u0259t yolu il\u0259 \u0259ld\u0259 edilmi\u015f pullar\u0131n leqalla\u015fd\u0131r\u0131lmas\u0131 v\u0259 qumar oyunlar\u0131n\u0131n t\u0259\u015fkili madd\u0259l\u0259ri il\u0259 cinay\u0259t i\u015fi a\u00e7\u0131l\u0131b v\u0259 bar\u0259sind\u0259 h\u0259bs q\u0259timkan t\u0259dbiri <a href=\"https:\/\/oxu.az\/kriminal\/tiktok-da-yaris-teskil-eden-azer-zahidin-hebs-muddeti-uzadildi\" target=\"_blank\" rel=\"noreferrer noopener nofollow\">se\u00e7ilib<\/a>. O, sonradan ev dustaql\u0131\u011f\u0131na <a href=\"https:\/\/qafqazinfo.az\/news\/detail\/azer-zahid-ev-dustaqligina-buraxildi-475284\" target=\"_blank\" rel=\"noreferrer noopener nofollow\">burax\u0131l\u0131b<\/a> v\u0259 bar\u0259sind\u0259 a\u00e7\u0131lm\u0131\u015f cinay\u0259t i\u015fin\u0259 xitam verilib. Bununla yana\u015f\u0131, tiktokerl\u0259r bir \u00e7ox hallarda daha q\u0131sa m\u00fcdd\u0259t\u0259, bir ne\u00e7\u0259 sutkal\u0131q inzibati qaydada h\u0259bs <a href=\"https:\/\/azvision.az\/news\/357292\/news.html\" target=\"_blank\" rel=\"noreferrer noopener nofollow\">edilirl\u0259r<\/a>.<\/p>\n\n\n\n<p class=\"wp-block-paragraph\">Sutkal\u0131q h\u0259bs edil\u0259n tiktokerl\u0259rin h\u0259bsi \u0259sas\u0259n \u0259xlaqs\u0131zl\u0131q, ictimai normalar\u0131n pozulmas\u0131, milli-m\u0259n\u0259vi d\u0259y\u0259rl\u0259r\u0259 h\u00f6rm\u0259tsizlik kimi \u0259saslarla \u0259laq\u0259l\u0259ndirilir. Ancaq \u0130nzibati X\u0259talar M\u0259c\u0259ll\u0259sind\u0259 ictimai m\u0259n\u0259viyyat\u0131 t\u0259hqir ed\u0259n, c\u0259miyy\u0259t\u0259 a\u00e7\u0131qca h\u00f6rm\u0259tsizlik ifad\u0259 ed\u0259n h\u0259r\u0259k\u0259tl\u0259rin edilm\u0259sin\u0259, y\u0259ni \u0259xlaqs\u0131z ifad\u0259l\u0259rin s\u0259sl\u0259ndirilm\u0259sin\u0259 g\u00f6r\u0259 c\u0259za verilm\u0259sini n\u0259z\u0259rd\u0259 tutan d\u0259yi\u015fiklik (\u0130XM-in 510.2-ci madd\u0259si) <a href=\"https:\/\/e-qanun.az\/framework\/61238\" target=\"_blank\" rel=\"noreferrer noopener nofollow\">2025-ci ilin dekabr\u0131nda<\/a> q\u0259bul edilib v\u0259 yanvar\u0131n 26-da Prezidentin f\u0259rman\u0131 il\u0259 h\u00fcquqi q\u00fcvv\u0259y\u0259 minib. Halbuki bu \u0259saslarla h\u0259yata ke\u00e7iril\u0259n inzibati h\u0259bsl\u0259r s\u00f6z\u00fcged\u0259n qanun d\u0259yi\u015fikliyind\u0259n \u0259vv\u0259l d\u0259 t\u0259tbiq olunurdu, baxmayaraq ki, \u0130nzibati X\u0259talar M\u0259c\u0259ll\u0259sind\u0259 bunun \u00fc\u00e7\u00fcn qanuni \u0259saslar m\u00f6vcud deyildi. Lakin h\u00fcquq-m\u00fchafiz\u0259 v\u0259 m\u0259hk\u0259m\u0259 orqanlar\u0131 bu bo\u015flu\u011fu dig\u0259r madd\u0259l\u0259rd\u0259n sui-istifad\u0259 etm\u0259kl\u0259 \u201ch\u0259ll\u201d ed\u0259 bilirdil\u0259r. M\u0259s\u0259l\u0259n, b\u0259zi hallarda tiktokerl\u0259r narkotikd\u0259n istifad\u0259, polis\u0259 m\u00fcqavim\u0259t v\u0259 ya ba\u015fqa qada\u011fan edilmi\u015f informasiyan\u0131n yay\u0131lmas\u0131 kimi m\u00fcdd\u0259alarla h\u0259bs edilirdil\u0259r. Lakin ictimaiyy\u0259t\u0259 t\u0259qdim olunan \u0259sasland\u0131rmalarda onlar\u0131n h\u0259bsi ictimai m\u0259kanda, o c\u00fcml\u0259d\u0259n internetd\u0259 \u0259xlaq normalar\u0131n\u0131 pozmalar\u0131 il\u0259 \u0259laq\u0259l\u0259ndirilirdi.<\/p>\n\n\n\n<p class=\"wp-block-paragraph\">Az\u0259rbaycan h\u00f6kum\u0259tinin \u0259xlaq v\u0259 m\u0259n\u0259viyyat qaydalar\u0131 il\u0259 ba\u011fl\u0131 m\u00fczakir\u0259si uzun ill\u0259r \u0259vv\u0259l ba\u015flay\u0131b. Bel\u0259 ki, h\u0259l\u0259 2019-cu ild\u0259 Bak\u0131 D\u00f6vl\u0259t Universitetind\u0259 \u00e7\u0131x\u0131\u015f ed\u0259n <a href=\"https:\/\/president.az\/az\/articles\/view\/34958\" target=\"_blank\" rel=\"noreferrer noopener nofollow\">\u0130lham \u018fliyev<\/a> Avropa d\u0259y\u0259rl\u0259rini n\u0259z\u0259rd\u0259 tutaraq \u201cHaraya inteqrasiya etm\u0259liyik, qad\u0131nla ki\u015fi aras\u0131nda f\u0259rq g\u00f6rm\u0259y\u0259n\u0259? M\u0259n art\u0131q daha d\u0259rin\u0259 getm\u0259k ist\u0259mir\u0259m. Biz q\u0259tiyy\u0259n oraya inteqrasiya etm\u0259y\u0259c\u0259yik\u201d, \u2013 dey\u0259 bildirmi\u015fdi. 2024-c\u00fc ild\u0259 <a href=\"https:\/\/president.az\/az\/articles\/view\/63979\" target=\"_blank\" rel=\"noreferrer noopener nofollow\">andi\u00e7m\u0259<\/a> m\u0259rasimind\u0259 d\u0259 \u0130lham \u018fliyev <em>\u201c\u2026g\u0259ncl\u0259rimizin milli ruhda t\u0259rbiy\u0259 edilm\u0259si, \u0259n\u0259n\u0259vi d\u0259y\u0259rl\u0259r \u0259sas\u0131nda t\u0259rbiy\u0259 edilm\u0259si, d\u0131rnaqaras\u0131 m\u00fct\u0259r\u0259qqi v\u0259 yad d\u0259y\u0259rl\u0259rin tamamil\u0259 c\u0259miyy\u0259timizd\u0259n silinm\u0259si \u2013 bu v\u0259zif\u0259 bizim ham\u0131m\u0131z\u0131n qar\u015f\u0131s\u0131nda durur\u2026\u201d, <\/em>\u2013 dey\u0259 b\u0259yan etmi\u015fdi. 2019-cu ild\u0259n etibar\u0259n milli-m\u0259n\u0259vi d\u0259y\u0259rl\u0259rin qorunmas\u0131, Q\u0259rb d\u0259y\u0259rl\u0259rinin r\u0259dd edilm\u0259si v\u0259 ad\u0259t-\u0259n\u0259n\u0259l\u0259rin m\u00fchafiz\u0259si m\u00f6vzusunda d\u00f6vl\u0259t v\u0259 h\u00f6kum\u0259t n\u00fcmay\u0259nd\u0259l\u0259ri bir ne\u00e7\u0259 d\u0259f\u0259 eyni m\u0259zmunlu a\u00e7\u0131qlamalar ver\u0259r\u0259k bu istiqam\u0259td\u0259 ictimai r\u0259y formala\u015fd\u0131r\u0131blar.<\/p>\n\n\n\n<p class=\"wp-block-paragraph\">Ancaq \u0130nzibati X\u0259talar M\u0259c\u0259ll\u0259sin\u0259 h\u0259min d\u0259yi\u015fiklikl\u0259r edilm\u0259mi\u015fd\u0259n \u0259vv\u0259l d\u0259 tiktokerl\u0259rin h\u0259bs olunmas\u0131 onu g\u00f6st\u0259rirdi ki, h\u00f6kum\u0259t bu h\u0259bsl\u0259ri h\u0259r hans\u0131 real qanun pozuntusuna g\u00f6r\u0259 h\u0259yata ke\u00e7irmir, onlar\u0131n arxas\u0131nda daha \u00e7ox siyasi sifari\u015f dayan\u0131r.<\/p>\n\n\n\n<h4 class=\"wp-block-heading\"><strong>H\u00f6kum\u0259tin media \u00fcz\u0259rind\u0259 n\u0259zar\u0259t siyas\u0259ti<\/strong><\/h4>\n\n\n\n<p class=\"wp-block-paragraph\">Beyn\u0259lxalq t\u0259\u015fkilatlar Az\u0259rbaycanda media azadl\u0131\u011f\u0131n\u0131n v\u0259ziyy\u0259ti il\u0259 ba\u011fl\u0131 uzun ill\u0259rdir h\u0259y\u0259can t\u0259bili \u00e7al\u0131rlar. M\u0259s\u0259l\u0259n, S\u0259rh\u0259dsiz Reportyorlar t\u0259\u015fkilat\u0131n\u0131n m\u0259lumat\u0131na \u0259sas\u0259n, Az\u0259rbaycan media azadl\u0131\u011f\u0131na g\u00f6r\u0259 <a href=\"https:\/\/rsf.org\/en\/index?year=2026\" target=\"_blank\" rel=\"noreferrer noopener nofollow\">2026<\/a>-c\u0131 ild\u0259 180 \u00f6lk\u0259 aras\u0131nda 171-ci yerd\u0259dir. Son 10 ild\u0259 Az\u0259rbaycan s\u0259kkiz d\u0259f\u0259 \u0259n pis n\u0259tic\u0259 g\u00f6st\u0259r\u0259n 20 \u00f6lk\u0259, iki d\u0259f\u0259 is\u0259 \u0259n pis n\u0259tic\u0259 g\u00f6st\u0259r\u0259n 30 \u00f6lk\u0259 aras\u0131nda q\u0259rarla\u015f\u0131b.<\/p>\n\n\n\n<p class=\"wp-block-paragraph\">Az\u0259rbaycan h\u00f6kum\u0259tinin media \u00fcz\u0259rind\u0259 n\u0259zar\u0259ti geni\u015fl\u0259ndirm\u0259 strategiyas\u0131 h\u0259l\u0259 2010-cu ill\u0259rin ortalar\u0131ndan etibar\u0259n ba\u015flay\u0131b. 2014-c\u00fc ild\u0259n ba\u015flayan s\u0259rt repressiya siyas\u0259ti n\u0259tic\u0259sind\u0259 Azadl\u0131q Radiosunun <a href=\"https:\/\/www.amerikaninsesi.org\/a\/azadliq-radiosu\/2575595.html\" target=\"_blank\" rel=\"noreferrer noopener nofollow\">Bak\u0131 ofisi ba\u011flanm\u0131\u015f<\/a>, jurnalist <a href=\"https:\/\/www.azadliq.org\/a\/26727691.html\" target=\"_blank\" rel=\"noreferrer noopener nofollow\">X\u0259dic\u0259 \u0130smay\u0131l<\/a> h\u0259bs edilmi\u015fdi.<\/p>\n\n\n\n<p class=\"wp-block-paragraph\">2015-ci ilin yanvar\u0131nda is\u0259 <a href=\"https:\/\/www.bbc.com\/azeri\/azerbaijan\/2016\/08\/160801_natig_javadli_trial\" target=\"_blank\" rel=\"noreferrer noopener nofollow\">Meydan TV<\/a>-y\u0259 qar\u015f\u0131 cinay\u0259t i\u015fi ba\u015flanm\u0131\u015f, \u0259m\u0259kda\u015flar\u0131n\u0131n \u00f6lk\u0259d\u0259n \u00e7\u0131x\u0131\u015f\u0131na qada\u011fa qoyulmu\u015fdu.<\/p>\n\n\n\n<p class=\"wp-block-paragraph\"><a href=\"https:\/\/www.bbc.com\/azeri\/other-news-39895493\" target=\"_blank\" rel=\"noreferrer noopener nofollow\">\u0130nternet resurslar\u0131<\/a> \u00fcz\u0259rind\u0259 n\u0259zar\u0259t is\u0259 2017-ci ild\u0259 m\u0259hk\u0259m\u0259 q\u0259rar\u0131 il\u0259 Azadl\u0131q Radiosu, \u201cAzadl\u0131q\u201d q\u0259zeti, Meydan TV, Turan telekanal\u0131 v\u0259 \u201cAz\u0259rbaycan saat\u0131\u201d proqram\u0131n\u0131n internet s\u0259hif\u0259l\u0259rin\u0259 giri\u015fin m\u0259hdudla\u015fd\u0131r\u0131lmas\u0131 il\u0259 davam edib.<\/p>\n\n\n\n<p class=\"wp-block-paragraph\">2021-ci ild\u0259 q\u0259bul edilmi\u015f \u201c<a href=\"https:\/\/e-qanun.az\/framework\/49124\" target=\"_blank\" rel=\"noreferrer noopener nofollow\">Media haqq\u0131nda qanun<\/a>\u201d <a href=\"https:\/\/aihmaz.org\/media-haqqinda-yeni-qanun-ifad%C9%99-v%C9%99-media-azadligina-genis-m%C9%99hdudiyy%C9%99tl%C9%99r\/\" target=\"_blank\" rel=\"noreferrer noopener nofollow\">ekspertl\u0259r<\/a> v\u0259 <a href=\"https:\/\/aihmaz.org\/media-haqqinda-yeni-qanun-ifad%C9%99-v%C9%99-media-azadligina-genis-m%C9%99hdudiyy%C9%99tl%C9%99r\/\" target=\"_blank\" rel=\"noreferrer noopener nofollow\">beyn\u0259lxalq t\u0259\u015fkilatlar<\/a> t\u0259r\u0259find\u0259n s\u0259rt \u015f\u0259kild\u0259 t\u0259nqid edilmi\u015fdi. T\u0259nqid\u00e7il\u0259rin fikirl\u0259rin\u0259 g\u00f6r\u0259, yeni qanun media qurumlar\u0131n\u0131n v\u0259 jurnalistl\u0259rin f\u0259aliyy\u0259tin\u0259 m\u0259hdudiyy\u0259tl\u0259r yarad\u0131r, h\u00f6kum\u0259t\u0259 onlar \u00fcz\u0259rind\u0259 n\u0259zar\u0259t imkan\u0131 verir.<\/p>\n\n\n\n<p class=\"wp-block-paragraph\">2023-c\u00fc ild\u0259n ba\u015flayan t\u0259nqidi s\u0259sl\u0259r\u0259 qar\u015f\u0131 geni\u015fmiqyasl\u0131 repressiya siyas\u0259ti m\u0259tbuatdan da yan ke\u00e7m\u0259yib. Meydan TV, Toplum TV, Abzas Media v\u0259 dig\u0259r media qurumlar\u0131na qar\u015f\u0131 cinay\u0259t i\u015fl\u0259ri a\u00e7\u0131l\u0131b, onlar\u0131n idar\u0259\u00e7il\u0259ri v\u0259 jurnalistl\u0259ri h\u0259bs edilib, \u00f6lk\u0259d\u0259 f\u0259aliyy\u0259t g\u00f6st\u0259r\u0259n m\u00fcst\u0259qil media qurumlar\u0131 \u00f6lk\u0259ni t\u0259rk etm\u0259y\u0259 m\u0259cbur olublar. Lakin repressiya siyas\u0259ti yaln\u0131z media subyektl\u0259ri v\u0259 jurnalistl\u0259rl\u0259 m\u0259hdudla\u015fmay\u0131b.<\/p>\n\n\n\n<h4 class=\"wp-block-heading\"><strong>Az\u0259rbaycan h\u00f6kum\u0259ti sosial \u015f\u0259b\u0259k\u0259l\u0259ri d\u0259 t\u0259hdid olaraq g\u00f6r\u00fc<\/strong>r<\/h4>\n\n\n\n<p class=\"wp-block-paragraph\">Az\u0259rbaycan h\u00f6kum\u0259ti yaln\u0131z t\u0259nqidi media v\u0259 jurnalistl\u0259r\u0259 deyil, \u00fcmumilikd\u0259 \u00f6lk\u0259nin informasiya m\u00fchitin\u0259 total n\u0259zar\u0259t strategiyas\u0131 h\u0259yata ke\u00e7irir. Sosial mediaya n\u0259zar\u0259tin vacibliyi il\u0259 ba\u011fl\u0131 d\u00f6vl\u0259t r\u0259smil\u0259ri v\u0259 deputatlar m\u00fcxt\u0259lif vaxtlarda a\u00e7\u0131qlamalar veribl\u0259r. M\u0259s\u0259l\u0259n, Az\u0259rbaycan Respublikas\u0131 Ba\u015f nazirinin ke\u00e7mi\u015f m\u00fcavini <a href=\"https:\/\/www.yap.org.az\/az\/view\/news\/45084\/eli-ehmedov-sosial-shebekelerin-fealiyyeti-ile-bagli-huquqi-tenzimleme-mexanizmlerinin-yaradilmasi-zeruretdir\" target=\"_blank\" rel=\"noreferrer noopener nofollow\">\u018fli \u018fhm\u0259dov<\/a> h\u0259l\u0259 2020-ci ild\u0259 sosial \u015f\u0259b\u0259k\u0259l\u0259rin c\u0259miyy\u0259td\u0259 f\u0259sadlar yaratd\u0131\u011f\u0131n\u0131 v\u0259 sosial \u015f\u0259b\u0259k\u0259l\u0259r\u0259 n\u0259zar\u0259t mexanizml\u0259rinin yarad\u0131lmas\u0131n\u0131n z\u0259ruriliyini vur\u011fulam\u0131\u015fd\u0131. Deputat <a href=\"https:\/\/anews.az\/az\/azerbaycan-sosial-sebekeler-cengellik-qanunlari-ile-idare-olunur-vuqar-isgenderov\/?utm_source=chatgpt.com\" target=\"_blank\" rel=\"noreferrer noopener nofollow\">V\u00fcqar \u0130sg\u0259nd\u0259rov<\/a> da sosial \u015f\u0259b\u0259k\u0259l\u0259rin c\u0259ng\u0259llik qanunlar\u0131 il\u0259 idar\u0259 edildiyini, sosial \u015f\u0259b\u0259k\u0259l\u0259rd\u0259 ictimai r\u0259yin manipulyasiya olundu\u011funu v\u0259 bu sah\u0259ni t\u0259nziml\u0259y\u0259n qanunun z\u0259ruriliyini bildirmi\u015fdi.<\/p>\n\n\n\n<p class=\"wp-block-paragraph\">2026-c\u0131 ilin iyununda q\u0259bul edil\u0259n <a href=\"https:\/\/e-qanun.az\/framework\/62377\" target=\"_blank\" rel=\"noreferrer noopener nofollow\">qanun d\u0259yi\u015fiklikl\u0259ri<\/a> il\u0259 h\u00f6kum\u0259tin sosial \u015f\u0259b\u0259k\u0259l\u0259r \u00fcz\u0259rind\u0259 total n\u0259zar\u0259t strategiyas\u0131 daha da g\u00fccl\u0259nib. Bel\u0259 ki, sosial \u015f\u0259b\u0259k\u0259 provayderl\u0259ri (Meta, TikTok, Google) Az\u0259rbaycanda n\u00fcmay\u0259nd\u0259lik a\u00e7mal\u0131 v\u0259 \u201cH\u00fcquqi \u015f\u0259xsl\u0259rin d\u00f6vl\u0259t qeydiyyat\u0131 v\u0259 d\u00f6vl\u0259t reyestri haqq\u0131nda\u201d Az\u0259rbaycan Respublikas\u0131n\u0131n Qanununa uy\u011fun olaraq qeydiyyata al\u0131nmal\u0131d\u0131rlar. Bundan \u0259lav\u0259, yeni d\u0259yi\u015fiklikl\u0259r provayderl\u0259rin \u00fcz\u0259rin\u0259 dig\u0259r \u00f6hd\u0259likl\u0259r d\u0259 qoyur. M\u0259s\u0259l\u0259n, provayder d\u00f6vl\u0259t qurumlar\u0131n\u0131n onunla asan \u0259laq\u0259 yaratmas\u0131 \u00fc\u00e7\u00fcn \u0259laq\u0259 m\u0259rk\u0259zi yaratmal\u0131, h\u00f6kum\u0259tin sor\u011fular\u0131na be\u015f g\u00fcn \u0259rzind\u0259 cavab verm\u0259lidir. Qanunun t\u0259l\u0259bl\u0259rinin pozulmas\u0131na g\u00f6r\u0259 is\u0259 h\u0259min sosial \u015f\u0259b\u0259k\u0259nin trafik h\u0259cmi azald\u0131l\u0131r.<\/p>\n\n\n\n<p class=\"wp-block-paragraph\">H\u00f6kum\u0259tin sosial \u015f\u0259b\u0259k\u0259l\u0259r \u00fcz\u0259rind\u0259 total n\u0259zar\u0259t strategiyas\u0131n\u0131 g\u00f6st\u0259r\u0259n ba\u015fqa bir n\u00fcmun\u0259 h\u00f6kum\u0259t\u0259 yax\u0131nl\u0131\u011f\u0131 il\u0259 tan\u0131nan REAL TV-nin ba\u015f direktoru <a href=\"https:\/\/www.youtube.com\/watch?v=pIpfx_469eU&amp;t=1323s\" target=\"_blank\" rel=\"noreferrer noopener nofollow\">Mir\u015fahin A\u011fayevin<\/a> fikirl\u0259rind\u0259 d\u0259 g\u00f6r\u00fcn\u00fcr:<\/p>\n\n\n\n<p class=\"wp-block-paragraph\"><em>\u201cO \u015feyin ki ixtiyar\u0131 bizd\u0259 deyil, onun idar\u0259\u00e7iliyi, onun r\u0131\u00e7aqlar\u0131 bizd\u0259 deyil, biz onlara o q\u0259d\u0259r d\u0259 arxay\u0131n ola bilm\u0259rik\u2026 R\u0259q\u0259msal platformalar\u0131 yaradan biz deyilik\u2026 O \u015feyin ki m\u00fcst\u0259qil olaraq r\u0131\u00e7a\u011f\u0131, y\u00fcy\u0259ni, \u00fcz\u0259ngisi bizd\u0259dir, biz orada m\u00fcst\u0259qilik\u201d<\/em> (21:23\u201322:30).<\/p>\n\n\n\n<p class=\"wp-block-paragraph\">H\u00f6kum\u0259tin sosial \u015f\u0259b\u0259k\u0259l\u0259r \u00fcz\u0259rind\u0259 apard\u0131\u011f\u0131 t\u0259bli\u011fat v\u0259 qeyri-siyasi m\u0259zmun yaradan \u015f\u0259xsl\u0259ri h\u0259bs etm\u0259si g\u00f6st\u0259rir ki, s\u0259b\u0259b h\u0259r hans\u0131 \u0259xlaq pozuntusu v\u0259 ya milli-m\u0259n\u0259vi d\u0259y\u0259rl\u0259r\u0259 h\u00f6rm\u0259tsizlikl\u0259 ba\u011fl\u0131 deyil. Bu proses \u00fcmumilikd\u0259 \u00f6lk\u0259d\u0259 informasiya resurslar\u0131 v\u0259 geni\u015f k\u00fctl\u0259l\u0259r\u0259 \u00e7atan \u015f\u0259xsl\u0259r \u00fcz\u0259rind\u0259 total n\u0259zar\u0259tin qurulmas\u0131 strategiyas\u0131n\u0131n bir hiss\u0259sidir.<\/p>\n\n\n\n<p class=\"wp-block-paragraph\">Az\u0259rbaycanda TikTok-da t\u0259qrib\u0259n 7 milyon, Instagram-da is\u0259 4 milyon istifad\u0259\u00e7inin olmas\u0131 fakt\u0131 g\u00f6st\u0259rir ki, bu v\u0259 dig\u0259r platformalar \u00f6lk\u0259nin informasiya m\u00fchitind\u0259 \u00e7ox \u0259h\u0259miyy\u0259tli rol oynay\u0131r. Bu platformalar\u0131n v\u0259 h\u0259min platformalarda m\u0259zmun yaradan \u015f\u0259xsl\u0259rin n\u0259zar\u0259t alt\u0131na al\u0131nmas\u0131 informasiyan\u0131n azad h\u0259r\u0259k\u0259tinin d\u0259 n\u0259zar\u0259t alt\u0131na al\u0131nmas\u0131 v\u0259 m\u0259hdudla\u015fd\u0131r\u0131lmas\u0131 dem\u0259kdir.<\/p>\n\n\n\n<h4 class=\"wp-block-heading\"><strong>Dig\u0259r \u00f6lk\u0259l\u0259rd\u0259 d\u0259 eyni tendensiya<\/strong><\/h4>\n\n\n\n<p class=\"wp-block-paragraph\">Tiktokerl\u0259rin h\u0259bs edilm\u0259si t\u0259kc\u0259 Az\u0259rbaycana m\u0259xsus fenomen deyil. \u0130fad\u0259 azadl\u0131\u011f\u0131n\u0131n m\u0259hdudla\u015fd\u0131r\u0131ld\u0131\u011f\u0131 m\u00fcxt\u0259lif \u00f6lk\u0259l\u0259rd\u0259 ox\u015far s\u0259b\u0259bl\u0259rl\u0259 h\u0259bsl\u0259rin ba\u015f verdiyini m\u00fc\u015fahid\u0259 etm\u0259k olar. M\u0259s\u0259l\u0259n, <a href=\"https:\/\/www.hrw.org\/news\/2025\/09\/10\/egypt-mass-crackdown-targets-online-content-creators\" target=\"_blank\" rel=\"noreferrer noopener nofollow\">Misird\u0259<\/a> 2025-ci ild\u0259n onlayn m\u0259zmun yarad\u0131c\u0131lar\u0131na qar\u015f\u0131 kampaniya ba\u015flay\u0131b v\u0259 2025-ci ilin iyul-avqust aylar\u0131nda 29 m\u0259zmun yarad\u0131c\u0131s\u0131 h\u0259bs edilib. 2025-ci ilin dekabr\u0131nda <a href=\"https:\/\/www.bbc.com\/news\/articles\/c23e1jld9p7o\">Efiopiyada<\/a> doqquz m\u0259zmun yarad\u0131c\u0131s\u0131 h\u0259bs edilib. <a href=\"https:\/\/www.afintl.com\/en\/202505168330\" target=\"_blank\" rel=\"noreferrer noopener nofollow\">\u018ffqan\u0131standa<\/a> is\u0259 ke\u00e7\u0259n ilin dekabr\u0131nda iki m\u0259zmun yarad\u0131c\u0131s\u0131n\u0131n h\u0259bs edildiyi bildirilir.<\/p>\n\n\n\n<h4 class=\"wp-block-heading\"><strong>F\u0259rqli \u00f6lk\u0259l\u0259r, eyni motiv: ictimai \u0259xlaq normalar\u0131n\u0131n pozulmas\u0131<\/strong><\/h4>\n\n\n\n<p class=\"wp-block-paragraph\">Yuxar\u0131da qeyd olunan \u00f6lk\u0259l\u0259rd\u0259 v\u0259 Az\u0259rbaycanda m\u0259zmun yarad\u0131c\u0131lar\u0131n\u0131n h\u0259bsi il\u0259 ba\u011fl\u0131 ortaq c\u0259h\u0259t odur ki, bu \u015f\u0259xsl\u0259r ictimai \u0259xlaq normalar\u0131n\u0131 v\u0259 c\u0259miyy\u0259tin m\u0259n\u0259vi d\u0259y\u0259rl\u0259rini pozduqlar\u0131 iddias\u0131 il\u0259 h\u0259bs edilibl\u0259r. Az\u0259rbaycanda \u0259xlaqs\u0131zl\u0131q v\u0259 milli-m\u0259n\u0259vi d\u0259y\u0259rl\u0259r\u0259 h\u00f6rm\u0259tsizlik 2025-ci ild\u0259 <a href=\"https:\/\/e-qanun.az\/framework\/61238\" target=\"_blank\" rel=\"noreferrer noopener nofollow\">\u0130nzibati X\u0259talar M\u0259c\u0259ll\u0259sin\u0259<\/a> v\u0259 \u201c<a href=\"https:\/\/e-qanun.az\/framework\/61200\" target=\"_blank\" rel=\"noreferrer noopener nofollow\">\u0130nformasiya, informasiyala\u015fd\u0131rma v\u0259 informasiyan\u0131n m\u00fchafiz\u0259si haqq\u0131nda<\/a>\u201d Az\u0259rbaycan Respublikas\u0131n\u0131n Qanununa edil\u0259n d\u0259yi\u015fiklikl\u0259rd\u0259n sonra c\u0259zaland\u0131r\u0131la bil\u0259n \u0259m\u0259ll\u0259r s\u0131ras\u0131na daxil edilib.<\/p>\n\n\n\n<p class=\"wp-block-paragraph\">\u0130nzibati X\u0259talar M\u0259c\u0259ll\u0259sin\u0259 edil\u0259n d\u0259yi\u015fikliy\u0259 g\u00f6r\u0259, internet resurslar\u0131nda v\u0259 ya sosial \u015f\u0259b\u0259k\u0259l\u0259rd\u0259 k\u00fctl\u0259vi \u015f\u0259kild\u0259 n\u00fcmayi\u015f etdirildiyi halda ictimai m\u0259n\u0259viyyat\u0131 t\u0259hqir ed\u0259n, c\u0259miyy\u0259t\u0259 a\u00e7\u0131qca h\u00f6rm\u0259tsizlik ifad\u0259 ed\u0259n h\u0259r\u0259k\u0259tl\u0259rin edilm\u0259si, y\u0259ni \u0259xlaqs\u0131z ifad\u0259l\u0259rin s\u0259sl\u0259ndirilm\u0259si v\u0259 ya bel\u0259 m\u0259zmun t\u0259\u0259ss\u00fcrat\u0131 yaradan jestl\u0259rin edilm\u0259si, yaxud insan b\u0259d\u0259ninin hiss\u0259l\u0259rinin \u0259xlaq normalar\u0131na v\u0259 milli-m\u0259n\u0259vi d\u0259y\u0259rl\u0259r\u0259 zidd formada g\u00f6st\u0259rilm\u0259si art\u0131q x\u0131rda xuliqanl\u0131q hesab edilir <strong>(\u0130XM, madd\u0259 510.2)<\/strong>. Buna g\u00f6r\u0259 be\u015f y\u00fcz manatdan min manatad\u0259k m\u0259bl\u0259\u011fd\u0259 c\u0259rim\u0259 t\u0259tbiq edilir, bu t\u0259dbirl\u0259rin t\u0259tbiqi kifay\u0259t say\u0131lmad\u0131qda is\u0259 bir ayad\u0259k m\u00fcdd\u0259t\u0259 inzibati h\u0259bs n\u0259z\u0259rd\u0259 tutulur. Bu yeni qaydaya g\u00f6r\u0259 bir il \u0259rzind\u0259 eyni qayda pozuntusu t\u0259krar t\u00f6r\u0259dil\u0259rs\u0259, min manatdan iki min manatad\u0259k m\u0259bl\u0259\u011fd\u0259 c\u0259rim\u0259 v\u0259 ya bir aydan iki ayad\u0259k m\u00fcdd\u0259t\u0259 inzibati h\u0259bs t\u0259tbiq olunur.<\/p>\n\n\n\n<p class=\"wp-block-paragraph\">M\u0259s\u0259l\u0259nin problemli t\u0259r\u0259fi odur ki, yerli qanunvericilikd\u0259 \u0259xlaq normalar\u0131n\u0131n v\u0259 milli-m\u0259n\u0259vi d\u0259y\u0259rl\u0259rin n\u0259d\u0259n ibar\u0259t oldu\u011funa dair konkret izah yoxdur. \u00dcst\u0259lik, Az\u0259rbaycanda bu anlay\u0131\u015flar\u0131 Konstitusiya v\u0259 beyn\u0259lxalq insan h\u00fcquqlar\u0131 standartlar\u0131na uy\u011fun \u015f\u0259kild\u0259 t\u00f6vsif ed\u0259 bil\u0259n m\u00fcst\u0259qil v\u0259 pe\u015f\u0259kar m\u0259hk\u0259m\u0259l\u0259r m\u00f6vcud deyil. Bu anlay\u0131\u015flar\u0131n qeyri-m\u00fc\u0259yy\u0259n olmas\u0131 Az\u0259rbaycan h\u00f6kum\u0259tin\u0259 imkan verir ki, ist\u0259nil\u0259n davran\u0131\u015f\u0131 geni\u015f m\u00fclahiz\u0259 s\u0259rb\u0259stliyi il\u0259 \u0259xlaq pozuntusu v\u0259 ya milli-m\u0259n\u0259vi d\u0259y\u0259rl\u0259r\u0259 zidd davran\u0131\u015f kimi \u015f\u0259rh etsin v\u0259 bu m\u00fclahiz\u0259l\u0259ri b\u0259han\u0259 ed\u0259r\u0259k n\u0259inki \u00f6z siyasi r\u0259qibl\u0259rini, h\u0259tta siyasi f\u0259aliyy\u0259tl\u0259 m\u0259\u015f\u011ful olmayan \u015f\u0259xsl\u0259ri bel\u0259 daimi n\u0259zar\u0259t alt\u0131nda saxlaya bilsin.<\/p>\n\n\n\n<p class=\"wp-block-paragraph\">Bundan ba\u015fqa, h\u00f6kum\u0259tin ictimai \u0259xlaq v\u0259 milli-m\u0259n\u0259vi d\u0259y\u0259rl\u0259rl\u0259 ba\u011fl\u0131 t\u0259bli\u011fat\u0131 h\u0259m d\u0259 bu m\u00f6vzuda ictimai r\u0259y formala\u015fd\u0131rmaq m\u0259qs\u0259di g\u00fcd\u00fcr. Deputat <a href=\"https:\/\/report.az\/milli-meclis\/deputat-tiktok-a-nezaretin-guclendirilmesini-teklif-edib\" target=\"_blank\" rel=\"noreferrer noopener nofollow\">S\u0259bin\u0259 Salmanova<\/a> TikTok-da \u0259xlaqs\u0131zl\u0131\u011f\u0131n t\u0259bli\u011f edildiyini, insanlar\u0131n m\u0259n\u0259vi d\u0259y\u0259rl\u0259rin\u0259 zidd davran\u0131\u015flar\u0131n n\u00fcmayi\u015f etdirildiyini v\u0259 g\u0259ncl\u0259rin yanl\u0131\u015f istiqam\u0259tl\u0259ndirildiyini bildirib. R\u0259smi \u015f\u0259xsl\u0259rin davaml\u0131 olaraq sosial \u015f\u0259b\u0259k\u0259l\u0259rd\u0259 \u0259xlaqs\u0131zl\u0131\u011f\u0131n t\u0259bli\u011f edildiyini iddia etm\u0259si c\u0259miyy\u0259td\u0259 \u0259yl\u0259nc\u0259li m\u0259zmun yaradan \u015f\u0259xsl\u0259r\u0259 qar\u015f\u0131 aqressiv ictimai r\u0259y formala\u015fd\u0131r\u0131r v\u0259 bu c\u00fcr g\u0259l\u0259c\u0259k h\u0259bsl\u0259r \u00fc\u00e7\u00fcn z\u0259min yarad\u0131r.<\/p>\n\n\n\n<p class=\"wp-block-paragraph\">D\u00f6vl\u0259t ictimai \u0259xlaq\u0131 v\u0259 m\u0259n\u0259viyy\u0259ti qorumaq iddias\u0131n\u0131 qanundan sui-istifad\u0259 v\u0259 \u0259sass\u0131z c\u0259zaland\u0131rma vasit\u0259sil\u0259 h\u0259yata ke\u00e7ir\u0259 bilm\u0259z. H\u00fcququn aliliyini, h\u00fcquqi m\u00fc\u0259yy\u0259nliyi v\u0259 \u0259dal\u0259ti pozan c\u0259za siyas\u0259ti \u00f6z\u00fc m\u00fcdafi\u0259 etdiyi \u0259xlaq anlay\u0131\u015f\u0131 il\u0259 bir araya s\u0131\u011fm\u0131r.<\/p>\n","protected":false},"excerpt":{"rendered":"<p>Az\u0259rbaycanda son ill\u0259rd\u0259 tiktokerl\u0259r vaxta\u015f\u0131r\u0131 h\u0259bs edilirl\u0259r. Bir \u00e7ox hallarda &#8230; <\/p>\n<p class=\"read-more-container\"><a title=\"Tiktokerl\u0259rin h\u0259bsi v\u0259 daralan informasiya m\u00fchiti\" class=\"read-more button\" href=\"https:\/\/www.meydan.tv\/az\/article\/tiktokerl%c9%99rin-h%c9%99bsi-v%c9%99-daralan-informasiya-muhiti\/#more-348680\" aria-label=\"Read more about Tiktokerl\u0259rin h\u0259bsi v\u0259 daralan informasiya m\u00fchiti\">Davam\u0131<\/a><\/p>\n","protected":false},"author":16,"featured_media":348682,"comment_status":"closed","ping_status":"closed","sticky":false,"template":"","format":"standard","meta":{"_acf_changed":false,"_sitemap_exclude":false,"_sitemap_priority":"","_sitemap_frequency":"","footnotes":""},"categories":[59,62,79],"tags":[],"class_list":["post-348680","post","type-post","status-publish","format-standard","has-post-thumbnail","hentry","category-siyaset","category-sosial","category-featured","infinite-scroll-item","generate-columns","tablet-grid-50","mobile-grid-100","grid-parent","grid-33","no-featured-image-padding"],"acf":[],"yoast_head":"<!-- This site is optimized with the Yoast SEO plugin v28.3 - https:\/\/yoast.com\/product\/yoast-seo-wordpress\/ -->\n<title>Tiktokerl\u0259rin h\u0259bsi v\u0259 daralan informasiya m\u00fchiti - MEYDAN.TV<\/title>\n<meta name=\"robots\" content=\"index, follow, max-snippet:-1, max-image-preview:large, max-video-preview:-1\" \/>\n<link rel=\"canonical\" href=\"https:\/\/www.meydan.tv\/az\/article\/tiktokerl%c9%99rin-h%c9%99bsi-v%c9%99-daralan-informasiya-muhiti\/\" \/>\n<meta property=\"og:locale\" content=\"az_AZ\" \/>\n<meta property=\"og:type\" content=\"article\" \/>\n<meta property=\"og:title\" content=\"Tiktokerl\u0259rin h\u0259bsi v\u0259 daralan informasiya m\u00fchiti - MEYDAN.TV\" \/>\n<meta property=\"og:description\" content=\"Az\u0259rbaycanda son ill\u0259rd\u0259 tiktokerl\u0259r vaxta\u015f\u0131r\u0131 h\u0259bs edilirl\u0259r. Bir \u00e7ox hallarda ... Davam\u0131\" \/>\n<meta property=\"og:url\" content=\"https:\/\/www.meydan.tv\/az\/article\/tiktokerl%c9%99rin-h%c9%99bsi-v%c9%99-daralan-informasiya-muhiti\/\" \/>\n<meta property=\"og:site_name\" content=\"MEYDAN.TV\" \/>\n<meta property=\"article:published_time\" content=\"2026-09-01T08:51:27+00:00\" \/>\n<meta property=\"article:modified_time\" content=\"2026-09-01T08:51:34+00:00\" \/>\n<meta property=\"og:image\" content=\"https:\/\/www.meydan.tv\/wp-content\/uploads\/shutterstock_2306083455.jpg\" \/>\n\t<meta property=\"og:image:width\" content=\"1000\" \/>\n\t<meta property=\"og:image:height\" content=\"666\" \/>\n\t<meta property=\"og:image:type\" content=\"image\/jpeg\" \/>\n<meta name=\"twitter:card\" content=\"summary_large_image\" \/>\n<!-- \/ Yoast SEO plugin. -->","yoast_head_json":{"title":"Tiktokerl\u0259rin h\u0259bsi v\u0259 daralan informasiya m\u00fchiti - MEYDAN.TV","robots":{"index":"index","follow":"follow","max-snippet":"max-snippet:-1","max-image-preview":"max-image-preview:large","max-video-preview":"max-video-preview:-1"},"canonical":"https:\/\/www.meydan.tv\/az\/article\/tiktokerl%c9%99rin-h%c9%99bsi-v%c9%99-daralan-informasiya-muhiti\/","og_locale":"az_AZ","og_type":"article","og_title":"Tiktokerl\u0259rin h\u0259bsi v\u0259 daralan informasiya m\u00fchiti - MEYDAN.TV","og_description":"Az\u0259rbaycanda son ill\u0259rd\u0259 tiktokerl\u0259r vaxta\u015f\u0131r\u0131 h\u0259bs edilirl\u0259r. Bir \u00e7ox hallarda ... Davam\u0131","og_url":"https:\/\/www.meydan.tv\/az\/article\/tiktokerl%c9%99rin-h%c9%99bsi-v%c9%99-daralan-informasiya-muhiti\/","og_site_name":"MEYDAN.TV","article_published_time":"2026-09-01T08:51:27+00:00","article_modified_time":"2026-09-01T08:51:34+00:00","og_image":[{"width":1000,"height":666,"url":"https:\/\/www.meydan.tv\/wp-content\/uploads\/shutterstock_2306083455.jpg","type":"image\/jpeg"}],"twitter_card":"summary_large_image","schema":{"@context":"https:\/\/schema.org","@graph":[{"@type":"Article","@id":"https:\/\/www.meydan.tv\/az\/article\/tiktokerl%c9%99rin-h%c9%99bsi-v%c9%99-daralan-informasiya-muhiti\/#article","isPartOf":{"@id":"https:\/\/www.meydan.tv\/az\/article\/tiktokerl%c9%99rin-h%c9%99bsi-v%c9%99-daralan-informasiya-muhiti\/"},"author":{"name":"sevda","@id":"https:\/\/www.meydan.tv\/az\/#\/schema\/person\/49b5f2bad5b126bb8ea9320eeb3e4dc9"},"headline":"Tiktokerl\u0259rin h\u0259bsi v\u0259 daralan informasiya m\u00fchiti","datePublished":"2026-09-01T08:51:27+00:00","dateModified":"2026-09-01T08:51:34+00:00","mainEntityOfPage":{"@id":"https:\/\/www.meydan.tv\/az\/article\/tiktokerl%c9%99rin-h%c9%99bsi-v%c9%99-daralan-informasiya-muhiti\/"},"wordCount":2467,"publisher":{"@id":"https:\/\/www.meydan.tv\/az\/#organization"},"image":{"@id":"https:\/\/www.meydan.tv\/az\/article\/tiktokerl%c9%99rin-h%c9%99bsi-v%c9%99-daralan-informasiya-muhiti\/#primaryimage"},"thumbnailUrl":"https:\/\/www.meydan.tv\/wp-content\/uploads\/shutterstock_2306083455.jpg","articleSection":["Siyas\u0259t","Sosial","T\u00f6vsiy\u0259"],"inLanguage":"az"},{"@type":"WebPage","@id":"https:\/\/www.meydan.tv\/az\/article\/tiktokerl%c9%99rin-h%c9%99bsi-v%c9%99-daralan-informasiya-muhiti\/","url":"https:\/\/www.meydan.tv\/az\/article\/tiktokerl%c9%99rin-h%c9%99bsi-v%c9%99-daralan-informasiya-muhiti\/","name":"Tiktokerl\u0259rin h\u0259bsi v\u0259 daralan informasiya m\u00fchiti - MEYDAN.TV","isPartOf":{"@id":"https:\/\/www.meydan.tv\/az\/#website"},"primaryImageOfPage":{"@id":"https:\/\/www.meydan.tv\/az\/article\/tiktokerl%c9%99rin-h%c9%99bsi-v%c9%99-daralan-informasiya-muhiti\/#primaryimage"},"image":{"@id":"https:\/\/www.meydan.tv\/az\/article\/tiktokerl%c9%99rin-h%c9%99bsi-v%c9%99-daralan-informasiya-muhiti\/#primaryimage"},"thumbnailUrl":"https:\/\/www.meydan.tv\/wp-content\/uploads\/shutterstock_2306083455.jpg","datePublished":"2026-09-01T08:51:27+00:00","dateModified":"2026-09-01T08:51:34+00:00","breadcrumb":{"@id":"https:\/\/www.meydan.tv\/az\/article\/tiktokerl%c9%99rin-h%c9%99bsi-v%c9%99-daralan-informasiya-muhiti\/#breadcrumb"},"inLanguage":"az","potentialAction":[{"@type":"ReadAction","target":["https:\/\/www.meydan.tv\/az\/article\/tiktokerl%c9%99rin-h%c9%99bsi-v%c9%99-daralan-informasiya-muhiti\/"]}]},{"@type":"ImageObject","inLanguage":"az","@id":"https:\/\/www.meydan.tv\/az\/article\/tiktokerl%c9%99rin-h%c9%99bsi-v%c9%99-daralan-informasiya-muhiti\/#primaryimage","url":"https:\/\/www.meydan.tv\/wp-content\/uploads\/shutterstock_2306083455.jpg","contentUrl":"https:\/\/www.meydan.tv\/wp-content\/uploads\/shutterstock_2306083455.jpg","width":1000,"height":666,"caption":"Foto: Mehaniq\/shutterstock"},{"@type":"BreadcrumbList","@id":"https:\/\/www.meydan.tv\/az\/article\/tiktokerl%c9%99rin-h%c9%99bsi-v%c9%99-daralan-informasiya-muhiti\/#breadcrumb","itemListElement":[{"@type":"ListItem","position":1,"name":"Ana s\u0259hif\u0259","item":"https:\/\/www.meydan.tv\/az\/"},{"@type":"ListItem","position":2,"name":"T\u00f6vsiy\u0259","item":"https:\/\/www.meydan.tv\/az\/section\/featured\/"},{"@type":"ListItem","position":3,"name":"Tiktokerl\u0259rin h\u0259bsi v\u0259 daralan informasiya m\u00fchiti"}]},{"@type":"WebSite","@id":"https:\/\/www.meydan.tv\/az\/#website","url":"https:\/\/www.meydan.tv\/az\/","name":"MEYDAN.TV","description":"Meydan TV Az\u0259rbaycan\u0131n media m\u0259kan\u0131ndak\u0131 alternativ s\u0259sidir","publisher":{"@id":"https:\/\/www.meydan.tv\/az\/#organization"},"potentialAction":[{"@type":"SearchAction","target":{"@type":"EntryPoint","urlTemplate":"https:\/\/www.meydan.tv\/az\/?s={search_term_string}"},"query-input":{"@type":"PropertyValueSpecification","valueRequired":true,"valueName":"search_term_string"}}],"inLanguage":"az"},{"@type":"Organization","@id":"https:\/\/www.meydan.tv\/az\/#organization","name":"Meydan TV","url":"https:\/\/www.meydan.tv\/az\/","logo":{"@type":"ImageObject","inLanguage":"az","@id":"https:\/\/www.meydan.tv\/az\/#\/schema\/logo\/image\/","url":"https:\/\/www.meydan.tv\/wp-content\/uploads\/2021\/07\/meydan-logo.svg","contentUrl":"https:\/\/www.meydan.tv\/wp-content\/uploads\/2021\/07\/meydan-logo.svg","width":195,"height":46,"caption":"Meydan TV"},"image":{"@id":"https:\/\/www.meydan.tv\/az\/#\/schema\/logo\/image\/"}},{"@type":"Person","@id":"https:\/\/www.meydan.tv\/az\/#\/schema\/person\/49b5f2bad5b126bb8ea9320eeb3e4dc9","name":"sevda"}]}},"_links":{"self":[{"href":"https:\/\/www.meydan.tv\/az\/wp-json\/wp\/v2\/posts\/348680","targetHints":{"allow":["GET"]}}],"collection":[{"href":"https:\/\/www.meydan.tv\/az\/wp-json\/wp\/v2\/posts"}],"about":[{"href":"https:\/\/www.meydan.tv\/az\/wp-json\/wp\/v2\/types\/post"}],"author":[{"embeddable":true,"href":"https:\/\/www.meydan.tv\/az\/wp-json\/wp\/v2\/users\/16"}],"replies":[{"embeddable":true,"href":"https:\/\/www.meydan.tv\/az\/wp-json\/wp\/v2\/comments?post=348680"}],"version-history":[{"count":1,"href":"https:\/\/www.meydan.tv\/az\/wp-json\/wp\/v2\/posts\/348680\/revisions"}],"predecessor-version":[{"id":348681,"href":"https:\/\/www.meydan.tv\/az\/wp-json\/wp\/v2\/posts\/348680\/revisions\/348681"}],"wp:featuredmedia":[{"embeddable":true,"href":"https:\/\/www.meydan.tv\/az\/wp-json\/wp\/v2\/media\/348682"}],"wp:attachment":[{"href":"https:\/\/www.meydan.tv\/az\/wp-json\/wp\/v2\/media?parent=348680"}],"wp:term":[{"taxonomy":"category","embeddable":true,"href":"https:\/\/www.meydan.tv\/az\/wp-json\/wp\/v2\/categories?post=348680"},{"taxonomy":"post_tag","embeddable":true,"href":"https:\/\/www.meydan.tv\/az\/wp-json\/wp\/v2\/tags?post=348680"}],"curies":[{"name":"wp","href":"https:\/\/api.w.org\/{rel}","templated":true}]}}