{"id":348671,"date":"2026-09-01T12:29:51","date_gmt":"2026-09-01T08:29:51","guid":{"rendered":"https:\/\/www.meydan.tv\/?p=348671"},"modified":"2026-09-01T12:29:56","modified_gmt":"2026-09-01T08:29:56","slug":"k%c9%99rim%c9%99-dovl%c9%99ti-isi-uzr%c9%99-m%c9%99hkum-qapali-tipli-h%c9%99bsxanaya-kocurulub","status":"publish","type":"post","link":"https:\/\/www.meydan.tv\/az\/article\/k%c9%99rim%c9%99-dovl%c9%99ti-isi-uzr%c9%99-m%c9%99hkum-qapali-tipli-h%c9%99bsxanaya-kocurulub\/","title":{"rendered":"\u201cK\u0259rim\u0259 d\u00f6vl\u0259ti\u201d i\u015fi \u00fczr\u0259 m\u0259hkum qapal\u0131 tipli h\u0259bsxanaya k\u00f6\u00e7\u00fcr\u00fcl\u00fcb"},"content":{"rendered":"\n<p class=\"wp-block-paragraph\">\u201cK\u0259rim\u0259 d\u00f6vl\u0259ti\u201d qurmaqda ittiham edil\u0259r\u0259k 10 il m\u00fcdd\u0259tin\u0259 azadl\u0131qdan m\u0259hrum olunan Mirvasid \u018fliyev m\u0259hk\u0259m\u0259nin q\u0259rar\u0131 il\u0259 6 ay m\u00fcdd\u0259tin\u0259 Umbak\u0131 Penitensiar Kompleksinin qapal\u0131 tipli h\u0259bsxanas\u0131na k\u00f6\u00e7\u00fcr\u00fcl\u00fcb.<\/p>\n\n\n\n<p class=\"wp-block-paragraph\">Bu bar\u0259d\u0259 Meydan TV-y\u0259 onun anas\u0131 S\u0259n\u0259m \u018fliyeva m\u0259lumat verib.<\/p>\n\n\n\n<figure class=\"wp-block-image size-large\"><img loading=\"lazy\" decoding=\"async\" width=\"1064\" height=\"821\" src=\"https:\/\/www.meydan.tv\/wp-content\/uploads\/742295041_122267831792157504_4074157089383978053_n-e1783604256815-1064x821.jpg\" alt=\"\" class=\"wp-image-347098\" \/><figcaption class=\"wp-element-caption\">Mirvasid \u018fliyev. Foto: \u015e\u0259xsi arxivind\u0259n<\/figcaption><\/figure>\n\n\n\n<p class=\"wp-block-paragraph\">Anan\u0131n s\u00f6zl\u0259rin\u0259 g\u00f6r\u0259, Mirvasid \u018fliyevin saxlanma rejiminin d\u0259yi\u015fdirilm\u0259si \u00fc\u00e7\u00fcn 2 sayl\u0131 C\u0259za\u00e7\u0259km\u0259 M\u00fc\u0259ssis\u0259sinin r\u0259isi V\u00fcsal Aslanov m\u0259hk\u0259m\u0259y\u0259 m\u00fcraci\u0259t edib. M\u00fc\u0259ssis\u0259 r\u0259hb\u0259ri \u018fliyevin \u201cislah olunmad\u0131\u011f\u0131n\u0131\u201d \u0259sas g\u0259tir\u0259r\u0259k onun 3 il m\u00fcdd\u0259tin\u0259 qapal\u0131 tipli h\u0259bsxanaya ke\u00e7irilm\u0259sini ist\u0259yib.<\/p>\n\n\n\n<p class=\"wp-block-paragraph\">M\u0259hk\u0259m\u0259 m\u00fcraci\u0259ti qism\u0259n t\u0259min edib v\u0259 Mirvasid \u018fliyevin 6 ay m\u00fcdd\u0259tin\u0259 Umbak\u0131 Penitensiar Kompleksinin qapal\u0131 tipli h\u0259bsxanas\u0131nda saxlan\u0131lmas\u0131 bar\u0259d\u0259 q\u0259rar \u00e7\u0131xar\u0131b. Q\u0259rardan sonra \u018fliyev h\u0259min m\u00fc\u0259ssis\u0259y\u0259 k\u00f6\u00e7\u00fcr\u00fcl\u00fcb.<\/p>\n\n\n\n<p class=\"wp-block-paragraph\">S\u0259n\u0259m \u018fliyeva o\u011flunun bundan \u0259vv\u0259l, iyunun 20-d\u0259 Umbak\u0131 Penitensiar Kompleksind\u0259n 2 sayl\u0131 C\u0259za\u00e7\u0259km\u0259 M\u00fc\u0259ssis\u0259sin\u0259 k\u00f6\u00e7\u00fcr\u00fcld\u00fcy\u00fcn\u00fc deyir.<\/p>\n\n\n\n<p class=\"wp-block-paragraph\">Onun s\u00f6zl\u0259rin\u0259 g\u00f6r\u0259, Mirvasid \u018fliyev 2 sayl\u0131 m\u00fc\u0259ssis\u0259y\u0259 g\u0259tirildiyi g\u00fcnd\u0259n m\u00fcxt\u0259lif intizam t\u0259nbehl\u0259ri il\u0259 \u00fcmumilikd\u0259 alt\u0131 d\u0259f\u0259 c\u0259rim\u0259 kameras\u0131na (\u201ckars\u201d) sal\u0131n\u0131b v\u0259 \u00fcmumi ya\u015fay\u0131\u015f zonas\u0131na burax\u0131lmay\u0131b.<\/p>\n\n\n\n<p class=\"wp-block-paragraph\"><em>\u201cO\u011flum iyunun 20-d\u0259 Umbak\u0131 Penitensiar Kompleksind\u0259n 2 sayl\u0131 C\u0259za\u00e7\u0259km\u0259 M\u00fc\u0259ssis\u0259sin\u0259 k\u00f6\u00e7\u00fcr\u00fcl\u00fcb. G\u0259ldiyi g\u00fcnd\u0259n m\u00fcxt\u0259lif c\u0259rim\u0259l\u0259rl\u0259 \u00fcmumilikd\u0259 alt\u0131 d\u0259f\u0259 \u2018kars\u2019a sal\u0131n\u0131b. Bu g\u00fcn\u0259 q\u0259d\u0259r d\u0259 \u00fcmumi zonaya burax\u0131lmay\u0131b, m\u00fc\u0259ssis\u0259 daxilind\u0259 qapal\u0131 rejimd\u0259 saxlan\u0131l\u0131b\u201d, <\/em>\u2013 S\u0259n\u0259m \u018fliyeva bildirib.<\/p>\n\n\n\n<p class=\"wp-block-paragraph\">Ana m\u00fc\u0259ssis\u0259 r\u0259hb\u0259rliyinin o\u011flunun \u201cislah olunmamas\u0131\u201d v\u0259 dig\u0259r m\u0259hbuslar aras\u0131nda t\u0259bli\u011fat aparmas\u0131 il\u0259 ba\u011fl\u0131 m\u0259hk\u0259m\u0259y\u0259 t\u0259qdim etdiyi \u0259sasland\u0131rmalarla raz\u0131la\u015fm\u0131r.<\/p>\n\n\n\n<p class=\"wp-block-paragraph\">Onun s\u00f6zl\u0259rin\u0259 g\u00f6r\u0259, Mirvasid \u018fliyev m\u00fc\u0259ssis\u0259y\u0259 g\u0259tirildikd\u0259n sonra \u0259vv\u0259lc\u0259 karantind\u0259, daha sonra is\u0259 c\u0259rim\u0259 kameras\u0131nda v\u0259 qapal\u0131 rejimd\u0259 saxlan\u0131ld\u0131\u011f\u0131 \u00fc\u00e7\u00fcn dig\u0259r m\u0259hbuslarla geni\u015f \u00fcnsiyy\u0259t imkan\u0131na malik olmay\u0131b.<\/p>\n\n\n\n<p class=\"wp-block-paragraph\"><em>\u201cDeyirl\u0259r ki, s\u0259h\u0259r v\u0259 ax\u015fam ota\u011f\u0131n yoxlan\u0131lmas\u0131na mane olur, m\u0259nfi davran\u0131\u015fl\u0131 m\u0259hkumlara meyil g\u00f6st\u0259rir, kitab oxumur, m\u00fc\u0259ssis\u0259 \u0259m\u0259kda\u015flar\u0131 il\u0259 pis r\u0259ftar edir. Mirvasid ora g\u0259l\u0259n g\u00fcnd\u0259n \u0259vv\u0259l karantind\u0259, sonra \u2018kars\u2019da v\u0259 qapal\u0131 rejimd\u0259 saxlan\u0131l\u0131b. Bel\u0259 olan halda onun dig\u0259r m\u0259hbuslara t\u0259sir g\u00f6st\u0259rm\u0259si bar\u0259d\u0259 deyil\u0259nl\u0259ri nec\u0259 ba\u015fa d\u00fc\u015fm\u0259k olar?\u201d<\/em> \u2013 S\u0259n\u0259m \u018fliyeva deyib.<\/p>\n\n\n\n<p class=\"wp-block-paragraph\">Onun bildirdiyin\u0259 g\u00f6r\u0259, Mirvasid \u018fliyevin saxlanma rejiminin d\u0259yi\u015fdirilm\u0259si il\u0259 ba\u011fl\u0131 m\u0259hk\u0259m\u0259 iclas\u0131 c\u0259za\u00e7\u0259km\u0259 m\u00fc\u0259ssis\u0259sinin \u0259razisind\u0259, qapal\u0131 \u015f\u0259raitd\u0259 v\u0259 v\u0259kilin i\u015ftirak\u0131 il\u0259 ke\u00e7irilib.<\/p>\n\n\n\n<h4 class=\"wp-block-heading\"><strong>\u0130\u015f bar\u0259d\u0259<\/strong><\/h4>\n\n\n\n<p class=\"wp-block-paragraph\">Mirvasid \u018fliyev\u0259 2023-c\u00fc ilin fevral\u0131nda \u201cK\u0259rim\u0259 d\u00f6vl\u0259ti\u201d qurmaqda ittiham olunan daha 12 n\u0259f\u0259rl\u0259 birlikd\u0259 h\u00f6km oxunub.<\/p>\n\n\n\n<p class=\"wp-block-paragraph\">M\u0259hk\u0259m\u0259nin h\u00f6km\u00fc il\u0259 o, 10 il m\u00fcdd\u0259tin\u0259 azadl\u0131qdan m\u0259hrum edilib.<\/p>\n\n\n\n<p class=\"wp-block-paragraph\">\u0130\u015f \u00fczr\u0259 t\u0259qsirl\u0259ndiril\u0259n \u015f\u0259xsl\u0259r\u0259 Az\u0259rbaycan Cinay\u0259t M\u0259c\u0259ll\u0259sinin 170.3-c\u00fc (yetkinlik ya\u015f\u0131na \u00e7atmayan\u0131 cinay\u0259tkar qrupa v\u0259 ya a\u011f\u0131r, yaxud x\u00fcsusil\u0259 a\u011f\u0131r cinay\u0259tin t\u00f6r\u0259dilm\u0259sin\u0259 c\u0259lb etm\u0259), 234.1-1-ci, 274-c\u00fc (d\u00f6vl\u0259t\u0259 x\u0259yan\u0259t), 28-ci (cinay\u0259t\u0259 haz\u0131rl\u0131q), 277-ci (d\u00f6vl\u0259t xadiminin v\u0259 ya ictimai xadimin h\u0259yat\u0131na sui-q\u0259sd) v\u0259 278.2-ci (d\u00f6vl\u0259tin konstitusiya qurulu\u015funu zorla d\u0259yi\u015fdirm\u0259) madd\u0259l\u0259ri il\u0259 ittiham ir\u0259li s\u00fcr\u00fcl\u00fcb.<\/p>\n","protected":false},"excerpt":{"rendered":"<p>\u201cK\u0259rim\u0259 d\u00f6vl\u0259ti\u201d qurmaqda ittiham edil\u0259r\u0259k 10 il m\u00fcdd\u0259tin\u0259 azadl\u0131qdan m\u0259hrum &#8230; <\/p>\n<p class=\"read-more-container\"><a title=\"\u201cK\u0259rim\u0259 d\u00f6vl\u0259ti\u201d i\u015fi \u00fczr\u0259 m\u0259hkum qapal\u0131 tipli h\u0259bsxanaya k\u00f6\u00e7\u00fcr\u00fcl\u00fcb\" class=\"read-more button\" href=\"https:\/\/www.meydan.tv\/az\/article\/k%c9%99rim%c9%99-dovl%c9%99ti-isi-uzr%c9%99-m%c9%99hkum-qapali-tipli-h%c9%99bsxanaya-kocurulub\/#more-348671\" aria-label=\"Read more about \u201cK\u0259rim\u0259 d\u00f6vl\u0259ti\u201d i\u015fi \u00fczr\u0259 m\u0259hkum qapal\u0131 tipli h\u0259bsxanaya k\u00f6\u00e7\u00fcr\u00fcl\u00fcb\">Davam\u0131<\/a><\/p>\n","protected":false},"author":16,"featured_media":209565,"comment_status":"closed","ping_status":"closed","sticky":false,"template":"","format":"standard","meta":{"_acf_changed":false,"_sitemap_exclude":false,"_sitemap_priority":"","_sitemap_frequency":"","footnotes":""},"categories":[56],"tags":[],"class_list":["post-348671","post","type-post","status-publish","format-standard","has-post-thumbnail","hentry","category-xeberler","infinite-scroll-item","generate-columns","tablet-grid-50","mobile-grid-100","grid-parent","grid-33","no-featured-image-padding"],"acf":[],"yoast_head":"<!-- This site is optimized with the Yoast SEO plugin v28.3 - https:\/\/yoast.com\/product\/yoast-seo-wordpress\/ -->\n<title>\u201cK\u0259rim\u0259 d\u00f6vl\u0259ti\u201d i\u015fi \u00fczr\u0259 m\u0259hkum qapal\u0131 tipli h\u0259bsxanaya k\u00f6\u00e7\u00fcr\u00fcl\u00fcb - MEYDAN.TV<\/title>\n<meta name=\"robots\" content=\"index, follow, max-snippet:-1, max-image-preview:large, max-video-preview:-1\" \/>\n<link rel=\"canonical\" href=\"https:\/\/www.meydan.tv\/az\/article\/k%c9%99rim%c9%99-dovl%c9%99ti-isi-uzr%c9%99-m%c9%99hkum-qapali-tipli-h%c9%99bsxanaya-kocurulub\/\" \/>\n<meta property=\"og:locale\" content=\"az_AZ\" \/>\n<meta property=\"og:type\" content=\"article\" \/>\n<meta property=\"og:title\" content=\"\u201cK\u0259rim\u0259 d\u00f6vl\u0259ti\u201d i\u015fi \u00fczr\u0259 m\u0259hkum qapal\u0131 tipli h\u0259bsxanaya k\u00f6\u00e7\u00fcr\u00fcl\u00fcb - MEYDAN.TV\" \/>\n<meta property=\"og:description\" content=\"\u201cK\u0259rim\u0259 d\u00f6vl\u0259ti\u201d qurmaqda ittiham edil\u0259r\u0259k 10 il m\u00fcdd\u0259tin\u0259 azadl\u0131qdan m\u0259hrum ... Davam\u0131\" \/>\n<meta property=\"og:url\" content=\"https:\/\/www.meydan.tv\/az\/article\/k%c9%99rim%c9%99-dovl%c9%99ti-isi-uzr%c9%99-m%c9%99hkum-qapali-tipli-h%c9%99bsxanaya-kocurulub\/\" \/>\n<meta property=\"og:site_name\" content=\"MEYDAN.TV\" \/>\n<meta property=\"article:published_time\" content=\"2026-09-01T08:29:51+00:00\" \/>\n<meta property=\"article:modified_time\" content=\"2026-09-01T08:29:56+00:00\" \/>\n<meta property=\"og:image\" content=\"https:\/\/www.meydan.tv\/wp-content\/uploads\/image_from_ios_k6oinno-scaled.jpg\" \/>\n\t<meta property=\"og:image:width\" content=\"2560\" \/>\n\t<meta property=\"og:image:height\" content=\"1440\" \/>\n\t<meta property=\"og:image:type\" content=\"image\/jpeg\" \/>\n<meta name=\"twitter:card\" content=\"summary_large_image\" \/>\n<!-- \/ Yoast SEO plugin. -->","yoast_head_json":{"title":"\u201cK\u0259rim\u0259 d\u00f6vl\u0259ti\u201d i\u015fi \u00fczr\u0259 m\u0259hkum qapal\u0131 tipli h\u0259bsxanaya k\u00f6\u00e7\u00fcr\u00fcl\u00fcb - MEYDAN.TV","robots":{"index":"index","follow":"follow","max-snippet":"max-snippet:-1","max-image-preview":"max-image-preview:large","max-video-preview":"max-video-preview:-1"},"canonical":"https:\/\/www.meydan.tv\/az\/article\/k%c9%99rim%c9%99-dovl%c9%99ti-isi-uzr%c9%99-m%c9%99hkum-qapali-tipli-h%c9%99bsxanaya-kocurulub\/","og_locale":"az_AZ","og_type":"article","og_title":"\u201cK\u0259rim\u0259 d\u00f6vl\u0259ti\u201d i\u015fi \u00fczr\u0259 m\u0259hkum qapal\u0131 tipli h\u0259bsxanaya k\u00f6\u00e7\u00fcr\u00fcl\u00fcb - MEYDAN.TV","og_description":"\u201cK\u0259rim\u0259 d\u00f6vl\u0259ti\u201d qurmaqda ittiham edil\u0259r\u0259k 10 il m\u00fcdd\u0259tin\u0259 azadl\u0131qdan m\u0259hrum ... Davam\u0131","og_url":"https:\/\/www.meydan.tv\/az\/article\/k%c9%99rim%c9%99-dovl%c9%99ti-isi-uzr%c9%99-m%c9%99hkum-qapali-tipli-h%c9%99bsxanaya-kocurulub\/","og_site_name":"MEYDAN.TV","article_published_time":"2026-09-01T08:29:51+00:00","article_modified_time":"2026-09-01T08:29:56+00:00","og_image":[{"width":2560,"height":1440,"url":"https:\/\/www.meydan.tv\/wp-content\/uploads\/image_from_ios_k6oinno-scaled.jpg","type":"image\/jpeg"}],"twitter_card":"summary_large_image","schema":{"@context":"https:\/\/schema.org","@graph":[{"@type":"Article","@id":"https:\/\/www.meydan.tv\/az\/article\/k%c9%99rim%c9%99-dovl%c9%99ti-isi-uzr%c9%99-m%c9%99hkum-qapali-tipli-h%c9%99bsxanaya-kocurulub\/#article","isPartOf":{"@id":"https:\/\/www.meydan.tv\/az\/article\/k%c9%99rim%c9%99-dovl%c9%99ti-isi-uzr%c9%99-m%c9%99hkum-qapali-tipli-h%c9%99bsxanaya-kocurulub\/"},"author":{"name":"sevda","@id":"https:\/\/www.meydan.tv\/az\/#\/schema\/person\/49b5f2bad5b126bb8ea9320eeb3e4dc9"},"headline":"\u201cK\u0259rim\u0259 d\u00f6vl\u0259ti\u201d i\u015fi \u00fczr\u0259 m\u0259hkum qapal\u0131 tipli h\u0259bsxanaya k\u00f6\u00e7\u00fcr\u00fcl\u00fcb","datePublished":"2026-09-01T08:29:51+00:00","dateModified":"2026-09-01T08:29:56+00:00","mainEntityOfPage":{"@id":"https:\/\/www.meydan.tv\/az\/article\/k%c9%99rim%c9%99-dovl%c9%99ti-isi-uzr%c9%99-m%c9%99hkum-qapali-tipli-h%c9%99bsxanaya-kocurulub\/"},"wordCount":671,"publisher":{"@id":"https:\/\/www.meydan.tv\/az\/#organization"},"image":{"@id":"https:\/\/www.meydan.tv\/az\/article\/k%c9%99rim%c9%99-dovl%c9%99ti-isi-uzr%c9%99-m%c9%99hkum-qapali-tipli-h%c9%99bsxanaya-kocurulub\/#primaryimage"},"thumbnailUrl":"https:\/\/www.meydan.tv\/wp-content\/uploads\/image_from_ios_k6oinno-scaled.jpg","articleSection":["X\u0259b\u0259rl\u0259r"],"inLanguage":"az"},{"@type":"WebPage","@id":"https:\/\/www.meydan.tv\/az\/article\/k%c9%99rim%c9%99-dovl%c9%99ti-isi-uzr%c9%99-m%c9%99hkum-qapali-tipli-h%c9%99bsxanaya-kocurulub\/","url":"https:\/\/www.meydan.tv\/az\/article\/k%c9%99rim%c9%99-dovl%c9%99ti-isi-uzr%c9%99-m%c9%99hkum-qapali-tipli-h%c9%99bsxanaya-kocurulub\/","name":"\u201cK\u0259rim\u0259 d\u00f6vl\u0259ti\u201d i\u015fi \u00fczr\u0259 m\u0259hkum qapal\u0131 tipli h\u0259bsxanaya k\u00f6\u00e7\u00fcr\u00fcl\u00fcb - MEYDAN.TV","isPartOf":{"@id":"https:\/\/www.meydan.tv\/az\/#website"},"primaryImageOfPage":{"@id":"https:\/\/www.meydan.tv\/az\/article\/k%c9%99rim%c9%99-dovl%c9%99ti-isi-uzr%c9%99-m%c9%99hkum-qapali-tipli-h%c9%99bsxanaya-kocurulub\/#primaryimage"},"image":{"@id":"https:\/\/www.meydan.tv\/az\/article\/k%c9%99rim%c9%99-dovl%c9%99ti-isi-uzr%c9%99-m%c9%99hkum-qapali-tipli-h%c9%99bsxanaya-kocurulub\/#primaryimage"},"thumbnailUrl":"https:\/\/www.meydan.tv\/wp-content\/uploads\/image_from_ios_k6oinno-scaled.jpg","datePublished":"2026-09-01T08:29:51+00:00","dateModified":"2026-09-01T08:29:56+00:00","breadcrumb":{"@id":"https:\/\/www.meydan.tv\/az\/article\/k%c9%99rim%c9%99-dovl%c9%99ti-isi-uzr%c9%99-m%c9%99hkum-qapali-tipli-h%c9%99bsxanaya-kocurulub\/#breadcrumb"},"inLanguage":"az","potentialAction":[{"@type":"ReadAction","target":["https:\/\/www.meydan.tv\/az\/article\/k%c9%99rim%c9%99-dovl%c9%99ti-isi-uzr%c9%99-m%c9%99hkum-qapali-tipli-h%c9%99bsxanaya-kocurulub\/"]}]},{"@type":"ImageObject","inLanguage":"az","@id":"https:\/\/www.meydan.tv\/az\/article\/k%c9%99rim%c9%99-dovl%c9%99ti-isi-uzr%c9%99-m%c9%99hkum-qapali-tipli-h%c9%99bsxanaya-kocurulub\/#primaryimage","url":"https:\/\/www.meydan.tv\/wp-content\/uploads\/image_from_ios_k6oinno-scaled.jpg","contentUrl":"https:\/\/www.meydan.tv\/wp-content\/uploads\/image_from_ios_k6oinno-scaled.jpg","width":2560,"height":1440,"caption":"\u0130ll\u00fcstrasiya: Meydan TV"},{"@type":"BreadcrumbList","@id":"https:\/\/www.meydan.tv\/az\/article\/k%c9%99rim%c9%99-dovl%c9%99ti-isi-uzr%c9%99-m%c9%99hkum-qapali-tipli-h%c9%99bsxanaya-kocurulub\/#breadcrumb","itemListElement":[{"@type":"ListItem","position":1,"name":"Ana s\u0259hif\u0259","item":"https:\/\/www.meydan.tv\/az\/"},{"@type":"ListItem","position":2,"name":"X\u0259b\u0259rl\u0259r","item":"https:\/\/www.meydan.tv\/az\/section\/xeberler\/"},{"@type":"ListItem","position":3,"name":"\u201cK\u0259rim\u0259 d\u00f6vl\u0259ti\u201d i\u015fi \u00fczr\u0259 m\u0259hkum qapal\u0131 tipli h\u0259bsxanaya k\u00f6\u00e7\u00fcr\u00fcl\u00fcb"}]},{"@type":"WebSite","@id":"https:\/\/www.meydan.tv\/az\/#website","url":"https:\/\/www.meydan.tv\/az\/","name":"MEYDAN.TV","description":"Meydan TV Az\u0259rbaycan\u0131n media m\u0259kan\u0131ndak\u0131 alternativ s\u0259sidir","publisher":{"@id":"https:\/\/www.meydan.tv\/az\/#organization"},"potentialAction":[{"@type":"SearchAction","target":{"@type":"EntryPoint","urlTemplate":"https:\/\/www.meydan.tv\/az\/?s={search_term_string}"},"query-input":{"@type":"PropertyValueSpecification","valueRequired":true,"valueName":"search_term_string"}}],"inLanguage":"az"},{"@type":"Organization","@id":"https:\/\/www.meydan.tv\/az\/#organization","name":"Meydan TV","url":"https:\/\/www.meydan.tv\/az\/","logo":{"@type":"ImageObject","inLanguage":"az","@id":"https:\/\/www.meydan.tv\/az\/#\/schema\/logo\/image\/","url":"https:\/\/www.meydan.tv\/wp-content\/uploads\/2021\/07\/meydan-logo.svg","contentUrl":"https:\/\/www.meydan.tv\/wp-content\/uploads\/2021\/07\/meydan-logo.svg","width":195,"height":46,"caption":"Meydan TV"},"image":{"@id":"https:\/\/www.meydan.tv\/az\/#\/schema\/logo\/image\/"}},{"@type":"Person","@id":"https:\/\/www.meydan.tv\/az\/#\/schema\/person\/49b5f2bad5b126bb8ea9320eeb3e4dc9","name":"sevda"}]}},"_links":{"self":[{"href":"https:\/\/www.meydan.tv\/az\/wp-json\/wp\/v2\/posts\/348671","targetHints":{"allow":["GET"]}}],"collection":[{"href":"https:\/\/www.meydan.tv\/az\/wp-json\/wp\/v2\/posts"}],"about":[{"href":"https:\/\/www.meydan.tv\/az\/wp-json\/wp\/v2\/types\/post"}],"author":[{"embeddable":true,"href":"https:\/\/www.meydan.tv\/az\/wp-json\/wp\/v2\/users\/16"}],"replies":[{"embeddable":true,"href":"https:\/\/www.meydan.tv\/az\/wp-json\/wp\/v2\/comments?post=348671"}],"version-history":[{"count":2,"href":"https:\/\/www.meydan.tv\/az\/wp-json\/wp\/v2\/posts\/348671\/revisions"}],"predecessor-version":[{"id":348674,"href":"https:\/\/www.meydan.tv\/az\/wp-json\/wp\/v2\/posts\/348671\/revisions\/348674"}],"wp:featuredmedia":[{"embeddable":true,"href":"https:\/\/www.meydan.tv\/az\/wp-json\/wp\/v2\/media\/209565"}],"wp:attachment":[{"href":"https:\/\/www.meydan.tv\/az\/wp-json\/wp\/v2\/media?parent=348671"}],"wp:term":[{"taxonomy":"category","embeddable":true,"href":"https:\/\/www.meydan.tv\/az\/wp-json\/wp\/v2\/categories?post=348671"},{"taxonomy":"post_tag","embeddable":true,"href":"https:\/\/www.meydan.tv\/az\/wp-json\/wp\/v2\/tags?post=348671"}],"curies":[{"name":"wp","href":"https:\/\/api.w.org\/{rel}","templated":true}]}}