{"id":348662,"date":"2026-08-31T18:52:57","date_gmt":"2026-08-31T14:52:57","guid":{"rendered":"https:\/\/www.meydan.tv\/?p=348662"},"modified":"2026-08-31T18:53:00","modified_gmt":"2026-08-31T14:53:00","slug":"q%c9%99nim%c9%99t-zahid-%c9%99li-k%c9%99rimlid%c9%99n-h%c9%99yat-yoldasi-vasit%c9%99sil%c9%99-qisas-almaq-ist%c9%99yirl%c9%99r","status":"publish","type":"post","link":"https:\/\/www.meydan.tv\/az\/article\/q%c9%99nim%c9%99t-zahid-%c9%99li-k%c9%99rimlid%c9%99n-h%c9%99yat-yoldasi-vasit%c9%99sil%c9%99-qisas-almaq-ist%c9%99yirl%c9%99r\/","title":{"rendered":"Q\u0259nim\u0259t Zahid: \u201c\u018fli K\u0259rimlid\u0259n h\u0259yat yolda\u015f\u0131 vasit\u0259sil\u0259 qisas almaq ist\u0259yirl\u0259r\u201d"},"content":{"rendered":"\n<p class=\"wp-block-paragraph\">Az\u0259rbaycan Xalq C\u0259bh\u0259si Partiyas\u0131n\u0131n (AXCP) h\u0259bsd\u0259 olan s\u0259dri \u018fli K\u0259rimlinin ail\u0259sin\u0259 qar\u015f\u0131 t\u0259xribat haz\u0131rland\u0131\u011f\u0131 iddia olunur.<\/p>\n\n\n\n<p class=\"wp-block-paragraph\">\u201cAzadl\u0131q Q\u0259zeti\u201dnin ba\u015f redaktoru Q\u0259nim\u0259t Zahid Meydan TV-y\u0259 bildirib ki, s\u00f6hb\u0259t \u018fli K\u0259rimlinin h\u0259yat yolda\u015f\u0131 Samara Seyidovaya h\u0259r hans\u0131 t\u0259xribat t\u00f6r\u0259dil\u0259c\u0259yind\u0259n gedir. O, m\u0259lumat\u0131 hakimiyy\u0259t\u0259 yax\u0131n etibarl\u0131 m\u0259nb\u0259d\u0259n ald\u0131\u011f\u0131n\u0131 deyir.<\/p>\n\n\n\n<pre class=\"wp-block-verse\">\u018fli K\u0259rimli 2025-ci il noyabr\u0131n 29-da saxlan\u0131l\u0131b. Dekabr\u0131n 1-d\u0259 S\u0259bail Rayon M\u0259hk\u0259m\u0259si onun v\u0259 AXCP R\u0259yas\u0259t Hey\u0259tinin \u00fczv\u00fc M\u0259mm\u0259d \u0130brahimin bar\u0259sind\u0259 2 ay 15 g\u00fcn m\u00fcdd\u0259tin\u0259 h\u0259bs q\u0259timkan t\u0259dbiri se\u00e7ib. Onlar hakimiyy\u0259ti zorla \u0259l\u0259 ke\u00e7irm\u0259y\u0259 v\u0259 d\u00f6vl\u0259tin konstitusiya qurulu\u015funu zorla d\u0259yi\u015fdirm\u0259y\u0259 y\u00f6n\u0259l\u0259n h\u0259r\u0259k\u0259tl\u0259rd\u0259 ittiham olunurlar. \u0130stintaq Prezident Administrasiyas\u0131n\u0131n sabiq r\u0259hb\u0259ri Ramiz Mehdiyevl\u0259 ba\u011fl\u0131 cinay\u0259t i\u015fi il\u0259 \u0259laq\u0259l\u0259ndirilir.<\/pre>\n\n\n\n<h4 class=\"wp-block-heading\"><strong><em>\u201cBu yolla \u018fli K\u0259rimlid\u0259n qisas al\u0131rlar\u201d<\/em><\/strong><\/h4>\n\n\n\n<p class=\"wp-block-paragraph\">Q\u0259nim\u0259t Zahid hesab edir ki, Samara Seyidova il\u0259 ba\u011fl\u0131 m\u00fcmk\u00fcn add\u0131m \u018fli K\u0259rimliy\u0259 t\u0259zyiq g\u00f6st\u0259rm\u0259k m\u0259qs\u0259di da\u015f\u0131y\u0131r:<\/p>\n\n\n\n<p class=\"wp-block-paragraph\"><em>\u201cHakimiyy\u0259t \u0259vv\u0259ll\u0259r m\u00fcxt\u0259lif m\u00fcxalif \u015f\u0259xsl\u0259r\u0259 qar\u015f\u0131 bu c\u00fcr \u00fcsullara \u0259l at\u0131b. M\u00fcxalif\u0259t\u00e7il\u0259ri d\u00f6y\u00fcrd\u00fcl\u0259r, sonra xuliqanl\u0131q madd\u0259si il\u0259 h\u0259bs edirdil\u0259r. \u0130ndi d\u0259 Samara xan\u0131m\u0131 hans\u0131sa yolla m\u00fcbahis\u0259y\u0259 \u00e7\u0259km\u0259k ist\u0259yirl\u0259r. Bununla da onu inzibati m\u0259suliyy\u0259t\u0259 c\u0259lb etm\u0259yi d\u00fc\u015f\u00fcn\u00fcrl\u0259r. T\u0259xmin\u0259n bel\u0259 bir \u0259m\u0259liyyat planla\u015fd\u0131r\u0131rlar\u201d.<\/em><\/p>\n\n\n\n<p class=\"wp-block-paragraph\">Q\u0259nim\u0259t Zahid iddia edir ki, bel\u0259 bir add\u0131m\u0131n hans\u0131sa d\u00f6vl\u0259t qurumu t\u0259r\u0259find\u0259n m\u00fcst\u0259qil \u015f\u0259kild\u0259 planla\u015fd\u0131r\u0131lmas\u0131 m\u00fcmk\u00fcn deyil:<\/p>\n\n\n\n<p class=\"wp-block-paragraph\"><em>\u201c\u018fli K\u0259rimli partiya s\u0259dridir v\u0259 ona qar\u015f\u0131 h\u0259r hans\u0131 add\u0131mla ba\u011fl\u0131 \u00f6zba\u015f\u0131na q\u0259rar veril\u0259 bilm\u0259z. \u018flb\u0259tt\u0259 ki, bu \u0259m\u0259liyyatdan \u0130lham\u0131n [\u018fliyevin] da x\u0259b\u0259ri var v\u0259 onun g\u00f6st\u0259ri\u015fi il\u0259 h\u0259yata ke\u00e7irilir\u201d.<\/em><\/p>\n\n\n\n<h4 class=\"wp-block-heading\"><strong>\u018fli K\u0259rimlinin h\u0259bsi<\/strong><\/h4>\n\n\n\n<details class=\"wp-block-details is-layout-flow wp-block-details-is-layout-flow\"><summary><br><\/summary>\n<p class=\"wp-block-paragraph\">\u018fli K\u0259rimli v\u0259 M\u0259mm\u0259d \u0130brahim 2025-ci il noyabr\u0131n 29-da saxlan\u0131l\u0131b, evl\u0259rind\u0259 axtar\u0131\u015f apar\u0131l\u0131b. Dekabr\u0131n 1-d\u0259 m\u0259hk\u0259m\u0259 onlar\u0131n bar\u0259sind\u0259 h\u0259bs q\u0259timkan t\u0259dbiri se\u00e7ib.<\/p>\n\n\n\n<p class=\"wp-block-paragraph\">Onlara qar\u015f\u0131 Cinay\u0259t M\u0259c\u0259ll\u0259sinin 278.1-ci madd\u0259si \u2013 hakimiyy\u0259ti zorla \u0259l\u0259 ke\u00e7irm\u0259y\u0259, hakimiyy\u0259ti zorla saxlama\u011fa v\u0259 ya d\u00f6vl\u0259tin konstitusiya qurulu\u015funu zorla d\u0259yi\u015fdirm\u0259y\u0259 y\u00f6n\u0259l\u0259n h\u0259r\u0259k\u0259tl\u0259rl\u0259 ba\u011fl\u0131 ittiham ir\u0259li s\u00fcr\u00fcl\u00fcb.<\/p>\n\n\n\n<p class=\"wp-block-paragraph\">\u0130\u015f Prezident Administrasiyas\u0131n\u0131n sabiq r\u0259hb\u0259ri Ramiz Mehdiyev bar\u0259sind\u0259 apar\u0131lan cinay\u0259t i\u015fi il\u0259 \u0259laq\u0259l\u0259ndirilir. \u018fli K\u0259rimli Ramiz Mehdiyevl\u0259 \u0259m\u0259kda\u015fl\u0131q etm\u0259si bar\u0259d\u0259 iddialar\u0131 r\u0259dd edib.<\/p>\n\n\n\n<p class=\"wp-block-paragraph\">AXCP \u018fli K\u0259rimli, M\u0259mm\u0259d \u0130brahim v\u0259 dig\u0259r partiya \u00fczvl\u0259rin\u0259 qar\u015f\u0131 cinay\u0259t i\u015fl\u0259rinin siyasi motivli oldu\u011funu bildirir.<\/p>\n\n\n\n<p class=\"wp-block-paragraph\">Beyn\u0259lxalq insan h\u00fcquqlar\u0131 t\u0259\u015fkilatlar\u0131 da \u018fli K\u0259rimlinin h\u0259bsini t\u0259nqid edibl\u0259r. Az\u0259rbaycan hakimiyy\u0259ti is\u0259 \u00f6lk\u0259d\u0259 insanlar\u0131n siyasi bax\u0131\u015flar\u0131na v\u0259 f\u0259aliyy\u0259tl\u0259rin\u0259 g\u00f6r\u0259 h\u0259bs olunmas\u0131 il\u0259 ba\u011fl\u0131 iddialar\u0131 r\u0259dd edir v\u0259 cinay\u0259t m\u0259suliyy\u0259tin\u0259 c\u0259lb edil\u0259n \u015f\u0259xsl\u0259rin konkret \u0259m\u0259ll\u0259r\u0259 g\u00f6r\u0259 t\u0259qib olunduqlar\u0131n\u0131 bildirir.<\/p>\n\n\n\n<p class=\"wp-block-paragraph\">Haz\u0131rda \u018fli K\u0259rimli d\u0259 daxil olmaqla AXCP-nin 20-d\u0259n \u00e7ox \u00fczv\u00fc v\u0259 f\u0259al\u0131n\u0131n h\u0259bsd\u0259 oldu\u011fu bildirilir. Partiya onlar\u0131n siyasi motivl\u0259rl\u0259 t\u0259qib edildiyini b\u0259yan edir.<\/p>\n<\/details>\n\n\n\n<p class=\"wp-block-paragraph\"><\/p>\n","protected":false},"excerpt":{"rendered":"<p>Az\u0259rbaycan Xalq C\u0259bh\u0259si Partiyas\u0131n\u0131n (AXCP) h\u0259bsd\u0259 olan s\u0259dri \u018fli K\u0259rimlinin &#8230; <\/p>\n<p class=\"read-more-container\"><a title=\"Q\u0259nim\u0259t Zahid: \u201c\u018fli K\u0259rimlid\u0259n h\u0259yat yolda\u015f\u0131 vasit\u0259sil\u0259 qisas almaq ist\u0259yirl\u0259r\u201d\" class=\"read-more button\" href=\"https:\/\/www.meydan.tv\/az\/article\/q%c9%99nim%c9%99t-zahid-%c9%99li-k%c9%99rimlid%c9%99n-h%c9%99yat-yoldasi-vasit%c9%99sil%c9%99-qisas-almaq-ist%c9%99yirl%c9%99r\/#more-348662\" aria-label=\"Read more about Q\u0259nim\u0259t Zahid: \u201c\u018fli K\u0259rimlid\u0259n h\u0259yat yolda\u015f\u0131 vasit\u0259sil\u0259 qisas almaq ist\u0259yirl\u0259r\u201d\">Davam\u0131<\/a><\/p>\n","protected":false},"author":16,"featured_media":321932,"comment_status":"closed","ping_status":"closed","sticky":false,"template":"","format":"standard","meta":{"_acf_changed":false,"_sitemap_exclude":false,"_sitemap_priority":"","_sitemap_frequency":"","footnotes":""},"categories":[288,79,56],"tags":[],"class_list":["post-348662","post","type-post","status-publish","format-standard","has-post-thumbnail","hentry","category-siyasi-isler","category-featured","category-xeberler","infinite-scroll-item","generate-columns","tablet-grid-50","mobile-grid-100","grid-parent","grid-33","no-featured-image-padding"],"acf":[],"yoast_head":"<!-- This site is optimized with the Yoast SEO plugin v28.3 - https:\/\/yoast.com\/product\/yoast-seo-wordpress\/ -->\n<title>Q\u0259nim\u0259t Zahid: \u201c\u018fli K\u0259rimlid\u0259n h\u0259yat yolda\u015f\u0131 vasit\u0259sil\u0259 qisas almaq ist\u0259yirl\u0259r\u201d - MEYDAN.TV<\/title>\n<meta name=\"robots\" content=\"index, follow, max-snippet:-1, max-image-preview:large, max-video-preview:-1\" \/>\n<link rel=\"canonical\" href=\"https:\/\/www.meydan.tv\/az\/article\/q%c9%99nim%c9%99t-zahid-%c9%99li-k%c9%99rimlid%c9%99n-h%c9%99yat-yoldasi-vasit%c9%99sil%c9%99-qisas-almaq-ist%c9%99yirl%c9%99r\/\" \/>\n<meta property=\"og:locale\" content=\"az_AZ\" \/>\n<meta property=\"og:type\" content=\"article\" \/>\n<meta property=\"og:title\" content=\"Q\u0259nim\u0259t Zahid: \u201c\u018fli K\u0259rimlid\u0259n h\u0259yat yolda\u015f\u0131 vasit\u0259sil\u0259 qisas almaq ist\u0259yirl\u0259r\u201d - MEYDAN.TV\" \/>\n<meta property=\"og:description\" content=\"Az\u0259rbaycan Xalq C\u0259bh\u0259si Partiyas\u0131n\u0131n (AXCP) h\u0259bsd\u0259 olan s\u0259dri \u018fli K\u0259rimlinin ... Davam\u0131\" \/>\n<meta property=\"og:url\" content=\"https:\/\/www.meydan.tv\/az\/article\/q%c9%99nim%c9%99t-zahid-%c9%99li-k%c9%99rimlid%c9%99n-h%c9%99yat-yoldasi-vasit%c9%99sil%c9%99-qisas-almaq-ist%c9%99yirl%c9%99r\/\" \/>\n<meta property=\"og:site_name\" content=\"MEYDAN.TV\" \/>\n<meta property=\"article:published_time\" content=\"2026-08-31T14:52:57+00:00\" \/>\n<meta property=\"article:modified_time\" content=\"2026-08-31T14:53:00+00:00\" \/>\n<meta property=\"og:image\" content=\"https:\/\/www.meydan.tv\/wp-content\/uploads\/screenshot-2024-12-02-at-16.53.48-1200x664.png\" \/>\n\t<meta property=\"og:image:width\" content=\"1200\" \/>\n\t<meta property=\"og:image:height\" content=\"664\" \/>\n\t<meta property=\"og:image:type\" content=\"image\/png\" \/>\n<meta name=\"twitter:card\" content=\"summary_large_image\" \/>\n<!-- \/ Yoast SEO plugin. -->","yoast_head_json":{"title":"Q\u0259nim\u0259t Zahid: \u201c\u018fli K\u0259rimlid\u0259n h\u0259yat yolda\u015f\u0131 vasit\u0259sil\u0259 qisas almaq ist\u0259yirl\u0259r\u201d - MEYDAN.TV","robots":{"index":"index","follow":"follow","max-snippet":"max-snippet:-1","max-image-preview":"max-image-preview:large","max-video-preview":"max-video-preview:-1"},"canonical":"https:\/\/www.meydan.tv\/az\/article\/q%c9%99nim%c9%99t-zahid-%c9%99li-k%c9%99rimlid%c9%99n-h%c9%99yat-yoldasi-vasit%c9%99sil%c9%99-qisas-almaq-ist%c9%99yirl%c9%99r\/","og_locale":"az_AZ","og_type":"article","og_title":"Q\u0259nim\u0259t Zahid: \u201c\u018fli K\u0259rimlid\u0259n h\u0259yat yolda\u015f\u0131 vasit\u0259sil\u0259 qisas almaq ist\u0259yirl\u0259r\u201d - MEYDAN.TV","og_description":"Az\u0259rbaycan Xalq C\u0259bh\u0259si Partiyas\u0131n\u0131n (AXCP) h\u0259bsd\u0259 olan s\u0259dri \u018fli K\u0259rimlinin ... Davam\u0131","og_url":"https:\/\/www.meydan.tv\/az\/article\/q%c9%99nim%c9%99t-zahid-%c9%99li-k%c9%99rimlid%c9%99n-h%c9%99yat-yoldasi-vasit%c9%99sil%c9%99-qisas-almaq-ist%c9%99yirl%c9%99r\/","og_site_name":"MEYDAN.TV","article_published_time":"2026-08-31T14:52:57+00:00","article_modified_time":"2026-08-31T14:53:00+00:00","og_image":[{"width":1200,"height":664,"url":"https:\/\/www.meydan.tv\/wp-content\/uploads\/screenshot-2024-12-02-at-16.53.48-1200x664.png","type":"image\/png"}],"twitter_card":"summary_large_image","schema":{"@context":"https:\/\/schema.org","@graph":[{"@type":"Article","@id":"https:\/\/www.meydan.tv\/az\/article\/q%c9%99nim%c9%99t-zahid-%c9%99li-k%c9%99rimlid%c9%99n-h%c9%99yat-yoldasi-vasit%c9%99sil%c9%99-qisas-almaq-ist%c9%99yirl%c9%99r\/#article","isPartOf":{"@id":"https:\/\/www.meydan.tv\/az\/article\/q%c9%99nim%c9%99t-zahid-%c9%99li-k%c9%99rimlid%c9%99n-h%c9%99yat-yoldasi-vasit%c9%99sil%c9%99-qisas-almaq-ist%c9%99yirl%c9%99r\/"},"author":{"name":"sevda","@id":"https:\/\/www.meydan.tv\/az\/#\/schema\/person\/49b5f2bad5b126bb8ea9320eeb3e4dc9"},"headline":"Q\u0259nim\u0259t Zahid: \u201c\u018fli K\u0259rimlid\u0259n h\u0259yat yolda\u015f\u0131 vasit\u0259sil\u0259 qisas almaq ist\u0259yirl\u0259r\u201d","datePublished":"2026-08-31T14:52:57+00:00","dateModified":"2026-08-31T14:53:00+00:00","mainEntityOfPage":{"@id":"https:\/\/www.meydan.tv\/az\/article\/q%c9%99nim%c9%99t-zahid-%c9%99li-k%c9%99rimlid%c9%99n-h%c9%99yat-yoldasi-vasit%c9%99sil%c9%99-qisas-almaq-ist%c9%99yirl%c9%99r\/"},"wordCount":571,"publisher":{"@id":"https:\/\/www.meydan.tv\/az\/#organization"},"image":{"@id":"https:\/\/www.meydan.tv\/az\/article\/q%c9%99nim%c9%99t-zahid-%c9%99li-k%c9%99rimlid%c9%99n-h%c9%99yat-yoldasi-vasit%c9%99sil%c9%99-qisas-almaq-ist%c9%99yirl%c9%99r\/#primaryimage"},"thumbnailUrl":"https:\/\/www.meydan.tv\/wp-content\/uploads\/screenshot-2024-12-02-at-16.53.48.png","articleSection":["Siyasi i\u015fl\u0259r","T\u00f6vsiy\u0259","X\u0259b\u0259rl\u0259r"],"inLanguage":"az"},{"@type":"WebPage","@id":"https:\/\/www.meydan.tv\/az\/article\/q%c9%99nim%c9%99t-zahid-%c9%99li-k%c9%99rimlid%c9%99n-h%c9%99yat-yoldasi-vasit%c9%99sil%c9%99-qisas-almaq-ist%c9%99yirl%c9%99r\/","url":"https:\/\/www.meydan.tv\/az\/article\/q%c9%99nim%c9%99t-zahid-%c9%99li-k%c9%99rimlid%c9%99n-h%c9%99yat-yoldasi-vasit%c9%99sil%c9%99-qisas-almaq-ist%c9%99yirl%c9%99r\/","name":"Q\u0259nim\u0259t Zahid: \u201c\u018fli K\u0259rimlid\u0259n h\u0259yat yolda\u015f\u0131 vasit\u0259sil\u0259 qisas almaq ist\u0259yirl\u0259r\u201d - MEYDAN.TV","isPartOf":{"@id":"https:\/\/www.meydan.tv\/az\/#website"},"primaryImageOfPage":{"@id":"https:\/\/www.meydan.tv\/az\/article\/q%c9%99nim%c9%99t-zahid-%c9%99li-k%c9%99rimlid%c9%99n-h%c9%99yat-yoldasi-vasit%c9%99sil%c9%99-qisas-almaq-ist%c9%99yirl%c9%99r\/#primaryimage"},"image":{"@id":"https:\/\/www.meydan.tv\/az\/article\/q%c9%99nim%c9%99t-zahid-%c9%99li-k%c9%99rimlid%c9%99n-h%c9%99yat-yoldasi-vasit%c9%99sil%c9%99-qisas-almaq-ist%c9%99yirl%c9%99r\/#primaryimage"},"thumbnailUrl":"https:\/\/www.meydan.tv\/wp-content\/uploads\/screenshot-2024-12-02-at-16.53.48.png","datePublished":"2026-08-31T14:52:57+00:00","dateModified":"2026-08-31T14:53:00+00:00","breadcrumb":{"@id":"https:\/\/www.meydan.tv\/az\/article\/q%c9%99nim%c9%99t-zahid-%c9%99li-k%c9%99rimlid%c9%99n-h%c9%99yat-yoldasi-vasit%c9%99sil%c9%99-qisas-almaq-ist%c9%99yirl%c9%99r\/#breadcrumb"},"inLanguage":"az","potentialAction":[{"@type":"ReadAction","target":["https:\/\/www.meydan.tv\/az\/article\/q%c9%99nim%c9%99t-zahid-%c9%99li-k%c9%99rimlid%c9%99n-h%c9%99yat-yoldasi-vasit%c9%99sil%c9%99-qisas-almaq-ist%c9%99yirl%c9%99r\/"]}]},{"@type":"ImageObject","inLanguage":"az","@id":"https:\/\/www.meydan.tv\/az\/article\/q%c9%99nim%c9%99t-zahid-%c9%99li-k%c9%99rimlid%c9%99n-h%c9%99yat-yoldasi-vasit%c9%99sil%c9%99-qisas-almaq-ist%c9%99yirl%c9%99r\/#primaryimage","url":"https:\/\/www.meydan.tv\/wp-content\/uploads\/screenshot-2024-12-02-at-16.53.48.png","contentUrl":"https:\/\/www.meydan.tv\/wp-content\/uploads\/screenshot-2024-12-02-at-16.53.48.png","width":2386,"height":1320,"caption":"\u018fli K\u0259rimli, Foto: Meydan TV"},{"@type":"BreadcrumbList","@id":"https:\/\/www.meydan.tv\/az\/article\/q%c9%99nim%c9%99t-zahid-%c9%99li-k%c9%99rimlid%c9%99n-h%c9%99yat-yoldasi-vasit%c9%99sil%c9%99-qisas-almaq-ist%c9%99yirl%c9%99r\/#breadcrumb","itemListElement":[{"@type":"ListItem","position":1,"name":"Ana s\u0259hif\u0259","item":"https:\/\/www.meydan.tv\/az\/"},{"@type":"ListItem","position":2,"name":"X\u0259b\u0259rl\u0259r","item":"https:\/\/www.meydan.tv\/az\/section\/xeberler\/"},{"@type":"ListItem","position":3,"name":"Q\u0259nim\u0259t Zahid: \u201c\u018fli K\u0259rimlid\u0259n h\u0259yat yolda\u015f\u0131 vasit\u0259sil\u0259 qisas almaq ist\u0259yirl\u0259r\u201d"}]},{"@type":"WebSite","@id":"https:\/\/www.meydan.tv\/az\/#website","url":"https:\/\/www.meydan.tv\/az\/","name":"MEYDAN.TV","description":"Meydan TV Az\u0259rbaycan\u0131n media m\u0259kan\u0131ndak\u0131 alternativ s\u0259sidir","publisher":{"@id":"https:\/\/www.meydan.tv\/az\/#organization"},"potentialAction":[{"@type":"SearchAction","target":{"@type":"EntryPoint","urlTemplate":"https:\/\/www.meydan.tv\/az\/?s={search_term_string}"},"query-input":{"@type":"PropertyValueSpecification","valueRequired":true,"valueName":"search_term_string"}}],"inLanguage":"az"},{"@type":"Organization","@id":"https:\/\/www.meydan.tv\/az\/#organization","name":"Meydan TV","url":"https:\/\/www.meydan.tv\/az\/","logo":{"@type":"ImageObject","inLanguage":"az","@id":"https:\/\/www.meydan.tv\/az\/#\/schema\/logo\/image\/","url":"https:\/\/www.meydan.tv\/wp-content\/uploads\/2021\/07\/meydan-logo.svg","contentUrl":"https:\/\/www.meydan.tv\/wp-content\/uploads\/2021\/07\/meydan-logo.svg","width":195,"height":46,"caption":"Meydan TV"},"image":{"@id":"https:\/\/www.meydan.tv\/az\/#\/schema\/logo\/image\/"}},{"@type":"Person","@id":"https:\/\/www.meydan.tv\/az\/#\/schema\/person\/49b5f2bad5b126bb8ea9320eeb3e4dc9","name":"sevda"}]}},"_links":{"self":[{"href":"https:\/\/www.meydan.tv\/az\/wp-json\/wp\/v2\/posts\/348662","targetHints":{"allow":["GET"]}}],"collection":[{"href":"https:\/\/www.meydan.tv\/az\/wp-json\/wp\/v2\/posts"}],"about":[{"href":"https:\/\/www.meydan.tv\/az\/wp-json\/wp\/v2\/types\/post"}],"author":[{"embeddable":true,"href":"https:\/\/www.meydan.tv\/az\/wp-json\/wp\/v2\/users\/16"}],"replies":[{"embeddable":true,"href":"https:\/\/www.meydan.tv\/az\/wp-json\/wp\/v2\/comments?post=348662"}],"version-history":[{"count":3,"href":"https:\/\/www.meydan.tv\/az\/wp-json\/wp\/v2\/posts\/348662\/revisions"}],"predecessor-version":[{"id":348665,"href":"https:\/\/www.meydan.tv\/az\/wp-json\/wp\/v2\/posts\/348662\/revisions\/348665"}],"wp:featuredmedia":[{"embeddable":true,"href":"https:\/\/www.meydan.tv\/az\/wp-json\/wp\/v2\/media\/321932"}],"wp:attachment":[{"href":"https:\/\/www.meydan.tv\/az\/wp-json\/wp\/v2\/media?parent=348662"}],"wp:term":[{"taxonomy":"category","embeddable":true,"href":"https:\/\/www.meydan.tv\/az\/wp-json\/wp\/v2\/categories?post=348662"},{"taxonomy":"post_tag","embeddable":true,"href":"https:\/\/www.meydan.tv\/az\/wp-json\/wp\/v2\/tags?post=348662"}],"curies":[{"name":"wp","href":"https:\/\/api.w.org\/{rel}","templated":true}]}}