{"id":348649,"date":"2026-09-02T17:56:43","date_gmt":"2026-09-02T13:56:43","guid":{"rendered":"https:\/\/www.meydan.tv\/?p=348649"},"modified":"2026-09-02T17:56:46","modified_gmt":"2026-09-02T13:56:46","slug":"az%c9%99rbaycanda-i%cc%87lham-%c9%99liyev-v%c9%99-ail%c9%99sin%c9%99-m%c9%99xsus-malikan%c9%99l%c9%99r","status":"publish","type":"post","link":"https:\/\/www.meydan.tv\/az\/article\/az%c9%99rbaycanda-i%cc%87lham-%c9%99liyev-v%c9%99-ail%c9%99sin%c9%99-m%c9%99xsus-malikan%c9%99l%c9%99r\/","title":{"rendered":"Az\u0259rbaycanda \u0130lham \u018fliyev v\u0259 ail\u0259sin\u0259 m\u0259xsus malikan\u0259l\u0259r"},"content":{"rendered":"\n<figure class=\"wp-block-embed is-type-video is-provider-youtube wp-block-embed-youtube wp-embed-aspect-16-9 wp-has-aspect-ratio\"><div class=\"wp-block-embed__wrapper\">\n<iframe loading=\"lazy\" title=\"Az\u0259rbaycanda \u0130lham \u018fliyev v\u0259 ail\u0259sin\u0259 m\u0259xsus malikan\u0259l\u0259r\" width=\"1200\" height=\"675\" src=\"https:\/\/www.youtube.com\/embed\/h1so_9yoiGQ?feature=oembed\" frameborder=\"0\" allow=\"accelerometer; autoplay; clipboard-write; encrypted-media; gyroscope; picture-in-picture; web-share\" referrerpolicy=\"strict-origin-when-cross-origin\" allowfullscreen><\/iframe>\n<\/div><\/figure>\n\n\n\n<p class=\"wp-block-paragraph\"><em>2003-c\u00fc ild\u0259n Az\u0259rbaycana r\u0259hb\u0259rlik ed\u0259n \u0130lham \u018fliyevin v\u0259 ail\u0259 \u00fczvl\u0259rinin ad\u0131 bu g\u00fcn\u0259 q\u0259d\u0259r onlarla m\u00fcxt\u0259lif jurnalist ara\u015fd\u0131rmalar\u0131nda yer al\u0131b. Onlar m\u00fcxt\u0259lif korrupsiya \u0259m\u0259ll\u0259rind\u0259 ittiham olunublar. D\u00fcnyan\u0131n m\u00fcxt\u0259lif \u015f\u0259h\u0259rl\u0259rind\u0259 \u018fliyevl\u0259r ail\u0259sin\u0259 m\u0259xsus m\u00fclkl\u0259rl\u0259 ba\u011fl\u0131 ara\u015fd\u0131rmalar yay\u0131mlan\u0131b. Hakimiyy\u0259ti atas\u0131ndan t\u0259hvil alan \u0130lham \u018fliyevin \u00f6vladlar\u0131 Londondan Dubayad\u0259k bir \u00e7ox bahal\u0131 malikan\u0259nin <a href=\"https:\/\/www.occrp.org\/en\/project\/the-pandora-papers\/azerbaijans-ruling-aliyev-family-and-their-associates-acquired-dozens-of-prime-london-properties-worth-nearly-700-million\" data-type=\"link\" data-id=\"https:\/\/www.occrp.org\/en\/project\/the-pandora-papers\/azerbaijans-ruling-aliyev-family-and-their-associates-acquired-dozens-of-prime-london-properties-worth-nearly-700-million\">sahibidir.<\/a><\/em><\/p>\n\n\n\n<p class=\"wp-block-paragraph\"><strong>B\u0259s xaricd\u0259 bu q\u0259d\u0259r m\u00fclk\u0259 yiy\u0259l\u0259n\u0259n hakim ail\u0259nin Az\u0259rbaycanda ya\u015fad\u0131qlar\u0131 villalar v\u0259 istirah\u0259t etdikl\u0259ri ba\u011f evl\u0259ri hans\u0131lard\u0131r?<\/strong><\/p>\n\n\n\n<p class=\"wp-block-paragraph\">Az\u0259rbaycan h\u00f6kum\u0259ti ill\u0259rdir ara\u015fd\u0131rma\u00e7\u0131 jurnalistl\u0259r\u0259 m\u00fcxt\u0259lif \u00e7\u0259tinlikl\u0259r yarad\u0131r. Onlar\u0131n \u0259slind\u0259 d\u00fcnyan\u0131n \u00e7ox \u00f6lk\u0259sind\u0259 ictimaiyy\u0259t\u0259 a\u00e7\u0131q olan xeyli informasiyaya giri\u015fi m\u0259hdudla\u015fd\u0131r\u0131l\u0131b. H\u0259tta bir ild\u0259n \u00e7oxdur ki, Az\u0259rbaycan\u0131n b\u0259zi d\u00f6vl\u0259t qurumlar\u0131n\u0131n r\u0259smi internet resurslar\u0131na da \u00f6lk\u0259 xaricind\u0259n giri\u015f <a href=\"https:\/\/www.meydan.tv\/az\/article\/az%c9%99rbaycanin-r%c9%99smi-saytlari-niy%c9%99-xaricd%c9%99n-acilmir-arasdirma-jurnalistikasina-yeni-mane%c9%99l%c9%99r-2-2\/\" data-type=\"link\" data-id=\"https:\/\/www.meydan.tv\/az\/article\/az%c9%99rbaycanin-r%c9%99smi-saytlari-niy%c9%99-xaricd%c9%99n-acilmir-arasdirma-jurnalistikasina-yeni-mane%c9%99l%c9%99r-2-2\/\">m\u0259hdudla\u015fd\u0131r\u0131l\u0131b. <\/a>T\u0259sad\u00fcfi deyil ki, \u00f6lk\u0259 xaricind\u0259 bel\u0259 informasiyalar\u0131 m\u0259hdudla\u015fd\u0131ra bilm\u0259y\u0259n \u018fliyevl\u0259r h\u00f6kum\u0259ti, \u00f6lk\u0259 daxilind\u0259 ciddi informasiya blokadas\u0131 yarad\u0131r.\u00a0<\/p>\n\n\n\n<p class=\"wp-block-paragraph\">Lakin, Meydan TV olaraq, ill\u0259r \u0259rzind\u0259, m\u00fcxt\u0259lif m\u0259nb\u0259l\u0259rd\u0259n toplad\u0131\u011f\u0131m\u0131z ara\u015fd\u0131rmalar n\u0259tic\u0259sind\u0259 \u018fliyevl\u0259r ail\u0259sinin \u00f6lk\u0259nin b\u00fct\u00fcn b\u00f6lg\u0259l\u0259rin\u0259 s\u0259p\u0259l\u0259nmi\u015f villalar\u0131n\u0131n, m\u00fclkl\u0259rinin yerl\u0259rini m\u00fc\u0259yy\u0259n ed\u0259 bildik. H\u0259min m\u00fclkl\u0259rin reyestr \u00e7\u0131xar\u0131\u015flar\u0131na \u00e7atma\u011f\u0131n m\u00fcmk\u00fcns\u00fczl\u00fcy\u00fcn\u00fc n\u0259z\u0259r\u0259 alaraq, yerli sakinl\u0259rd\u0259n v\u0259 m\u0259nb\u0259l\u0259rimizd\u0259n ald\u0131\u011f\u0131m\u0131z bilgil\u0259rl\u0259 hakim ail\u0259y\u0259 m\u0259xsus bu evl\u0259rin x\u0259rit\u0259sini t\u0259rtib etm\u0259yi bacard\u0131q.&nbsp;<\/p>\n\n\n\n<iframe id=\"euroviz-embed-PLEiBQ\" src=\"https:\/\/graphics.urbanjournalism.org\/meydan_villas\/embeds\/PLEiBQ\/\" class=\"euroviz-embed\" frameborder=\"0\" style=\"width:100%\" height=\"660\" scrolling=\"no\" ><\/iframe><script src=\"https:\/\/graphics.urbanjournalism.org\/meydan_villas\/embeds\/resize.js\"><\/script>\n\n\n\n<p class=\"wp-block-paragraph\">H\u0259min m\u00fclkl\u0259rin b\u0259zil\u0259rinin tikintisi zaman\u0131 ba\u015f ver\u0259n qanunsuzluqlarla ba\u011fl\u0131 zaman-zaman d\u00f6vri m\u0259tbuatda da yaz\u0131lar d\u0259rc olunub. B\u0259zi m\u00fclkl\u0259rin tikintisind\u0259 i\u015fl\u0259y\u0259n f\u0259hl\u0259l\u0259rin \u0259m\u0259k haqlar\u0131n\u0131n \u00f6d\u0259ni\u015find\u0259 probleml\u0259r yaran\u0131b. H\u0259tta \u018fliyevl\u0259r ail\u0259si \u00fc\u00e7\u00fcn tikilmi\u015f m\u00fclk\u0259 g\u00f6r\u0259 Q\u0259b\u0259l\u0259nin K\u00fcsn\u0259t k\u0259ndinin sakinl\u0259ri k\u00f6\u00e7\u00fcr\u00fcl\u00fcb, Xo\u015fbulaq k\u0259ndind\u0259 me\u015f\u0259 zola\u011f\u0131na giri\u015f m\u0259hdudla\u015fd\u0131r\u0131l\u0131b, Q\u0259b\u0259l\u0259nin \u0259n g\u00f6z\u0259l m\u0259kanlar\u0131ndan olan Nohur g\u00f6l\u00fcn\u00fcn \u0259traf\u0131nda turistl\u0259rin h\u0259r\u0259k\u0259ti m\u0259hdudla\u015fd\u0131r\u0131l\u0131b.<br><br>M\u00fclkl\u0259rin b\u0259zil\u0259ri strateji yerl\u0259rd\u0259, b\u0259zil\u0259ri qoruq \u0259razil\u0259rind\u0259 tikilib. \u00d6lk\u0259 ba\u015f\u00e7\u0131s\u0131 v\u0259 ail\u0259si \u00fc\u00e7\u00fcn \u00f6lk\u0259nin m\u0259nz\u0259r\u0259li yerl\u0259ri z\u0259bt edilib.&nbsp;<\/p>\n\n\n\n<p class=\"wp-block-paragraph\"><strong>\u0130lham \u018fliyev\u0259 g\u00f6r\u0259 bo\u015fald\u0131lan k\u0259nd<\/strong><\/p>\n\n\n\n<p class=\"wp-block-paragraph\">Haz\u0131rda h\u0259bsd\u0259 olan ara\u015fd\u0131rma\u00e7\u0131 jurnalist Sevinc Vaqifq\u0131z\u0131 h\u0259l\u0259 2015-ci ild\u0259 Meydan TV-d\u0259 yay\u0131mlad\u0131\u011f\u0131 video reportaj\u0131nda Q\u0259b\u0259l\u0259nin K\u00fcsn\u0259t k\u0259ndinin iki sakin\u0259 g\u00f6r\u0259 bo\u015fald\u0131ld\u0131\u011f\u0131n\u0131 s\u00fcbuta yetirib. Bu k\u0259ndin iki sakini: \u00d6lk\u0259 ba\u015f\u00e7\u0131s\u0131 \u0130lham \u018fliyev v\u0259 onun q\u0131z\u0131 Leyla \u018fliyeva idi. K\u00fcsn\u0259t k\u0259ndind\u0259 prezidentin iqam\u0259tgah\u0131 yerl\u0259\u015fir. <\/p>\n\n\n\n<iframe id=\"euroviz-embed-sha84D\" src=\"https:\/\/graphics.urbanjournalism.org\/meydan_villas\/embeds\/sha84D\/\" class=\"euroviz-embed\" frameborder=\"0\" style=\"width:100%\" height=\"880\" scrolling=\"no\" ><\/iframe><script src=\"https:\/\/graphics.urbanjournalism.org\/meydan_villas\/embeds\/resize.js\"><\/script>\n\n\n\n<p class=\"wp-block-paragraph\">\u0130qam\u0259tgah\u0131n tikintisi 2011-ci ild\u0259n ba\u015flay\u0131b. H\u0259min vaxt k\u0259ndd\u0259 16 ail\u0259 ya\u015fay\u0131b. Sovet d\u00f6vr\u00fcnd\u0259 k\u0259ndd\u0259n \u00e7\u0131xmayan sakinl\u0259r 2012-ci ild\u0259 k\u0259ndi t\u0259rk edibl\u0259r. Laza k\u0259nd sakinl\u0259rinin dediyin\u0259 g\u00f6r\u0259 onlara kompensasiya verilib v\u0259 Q\u0259b\u0259l\u0259d\u0259 ya\u015fay\u0131rlar.<\/p>\n\n\n\n<figure class=\"wp-block-embed is-type-video is-provider-youtube wp-block-embed-youtube wp-embed-aspect-16-9 wp-has-aspect-ratio\"><div class=\"wp-block-embed__wrapper\">\n<iframe loading=\"lazy\" title=\"\u0130lham \u018fliyev\u0259 g\u00f6r\u0259 bo\u015fald\u0131lan k\u0259nd\" width=\"1200\" height=\"675\" src=\"https:\/\/www.youtube.com\/embed\/IMix9s4VawY?feature=oembed\" frameborder=\"0\" allow=\"accelerometer; autoplay; clipboard-write; encrypted-media; gyroscope; picture-in-picture; web-share\" referrerpolicy=\"strict-origin-when-cross-origin\" allowfullscreen><\/iframe>\n<\/div><\/figure>\n\n\n\n<p class=\"wp-block-paragraph\"><strong>\u201cXutor Saray\u0131\u201dna g\u00f6r\u0259 k\u00f6\u00e7\u00fcr\u00fcl\u0259n y\u00fczl\u0259rl\u0259 ail\u0259<\/strong><\/p>\n\n\n\n<p class=\"wp-block-paragraph\">2011-ci ild\u0259 Prezident \u0130lham \u018fliyev \u00fc\u00e7\u00fcn daha bir saray Bak\u0131 \u015f\u0259h\u0259rind\u0259 tikilm\u0259y\u0259 ba\u015flan\u0131l\u0131r. Ziya B\u00fcnyadov prospektinin \u201cXutor\u201ddan ke\u00e7\u0259n hiss\u0259sind\u0259 tikinti zaman\u0131 xeyli sakin k\u00f6\u00e7\u00fcr\u00fclm\u0259y\u0259 m\u0259cbur edilir. \u018frazid\u0259 16 m\u0259rt\u0259b\u0259li binada ya\u015fayan t\u0259xmin\u0259n 120-d\u0259n \u00e7ox ail\u0259 k\u00f6\u00e7\u00fcr\u00fcl\u00fcb v\u0259 h\u0259min bina s\u00f6k\u00fcl\u00fcb.&nbsp; <a href=\"https:\/\/musavat.com\/news\/gundem\/prezidentin-iqametgahina-gore-daha-bir-bina-sokulur_103710.html\">D\u00f6vri m\u0259tbuatda <\/a>h\u0259min sakinl\u0259rin <a href=\"https:\/\/www.azadliq.org\/a\/1763302.html\">etirazlar\u0131na<\/a> \u015fahid olmaq olur.&nbsp;<\/p>\n\n\n\n<iframe id=\"euroviz-embed-mSfFf3\" src=\"https:\/\/graphics.urbanjournalism.org\/meydan_villas\/embeds\/mSfFf3\/\" class=\"euroviz-embed\" frameborder=\"0\" style=\"width:100%\" height=\"880\" scrolling=\"no\" ><\/iframe><script src=\"https:\/\/graphics.urbanjournalism.org\/meydan_villas\/embeds\/resize.js\"><\/script>\n\n\n\n<p class=\"wp-block-paragraph\"><strong>\u018fkin yerl\u0259ri \u0259ll\u0259rind\u0259n al\u0131nan Xo\u015fbulaq sakinl\u0259ri v\u0259 me\u015f\u0259 \u0259razisini z\u0259bt etmi\u015f hakim ail\u0259<\/strong><\/p>\n\n\n\n<p class=\"wp-block-paragraph\">2021-ci il may\u0131n 24-d\u0259 Da\u015fk\u0259s\u0259n rayonunun Xo\u015fbulaq k\u0259ndinin bir qrup sakini Prezident Administrasiyas\u0131n\u0131n binas\u0131 qar\u015f\u0131s\u0131nda etiraz aksiyas\u0131 <a href=\"https:\/\/www.amerikaninsesi.org\/a\/xo%C5%9Fbulaq-k%C9%99ndinin-bir-qrup-sakini-prezident-administrasiyas%C4%B1n%C4%B1n-binas%C4%B1-qar%C5%9F%C4%B1s%C4%B1nda-aksiya-ke%C3%A7irib-\/5901982.html\">ke\u00e7irib.<\/a> K\u0259nd sakinl\u0259ri sosial durumlar\u0131n\u0131n a\u011f\u0131rl\u0131\u011f\u0131ndan \u015fikay\u0259t edib, k\u0259ndin \u0259kin v\u0259 otlaq sah\u0259l\u0259rinin r\u00fc\u015fv\u0259t m\u00fcqabilind\u0259 varl\u0131 \u015f\u0259xsl\u0259rin istifad\u0259sin\u0259 verildiyini bildirib. Lakin, Xo\u015fbulaq k\u0259ndinin \u0259n g\u00f6rk\u0259mli yerind\u0259 Prezident \u0130lham \u018fliyevin o\u011flu \u00fc\u00e7\u00fcn tikilmi\u015f malikan\u0259 yerl\u0259\u015fir. Xo\u015fbula\u011f\u0131n yegan\u0259 me\u015f\u0259lik \u0259razisi, d\u00f6vl\u0259t ba\u015f\u00e7\u0131s\u0131n\u0131n ail\u0259si \u00fc\u00e7\u00fcn qapad\u0131l\u0131b.&nbsp;<\/p>\n\n\n\n<p class=\"wp-block-paragraph\"><strong>Bir hiss\u0259si ictimaiyy\u0259t \u00fc\u00e7\u00fcn qapad\u0131lan Nohur g\u00f6l\u00fc malikan\u0259si<\/strong><\/p>\n\n\n\n<p class=\"wp-block-paragraph\">Nohur g\u00f6l\u00fc m\u0259nz\u0259r\u0259li ictimai istirah\u0259t m\u0259kan\u0131 kimi geni\u015f tan\u0131n\u0131r. Lakin g\u00f6l sahilinin bir hiss\u0259sin\u0259 faktiki olaraq giri\u015f m\u0259hdudla\u015fd\u0131r\u0131l\u0131b, \u00e7\u00fcnki h\u0259min \u0259razid\u0259 Prezident \u018fliyev\u0259 m\u0259xsus iqam\u0259tgah yerl\u0259\u015fir. Bu, g\u00f6l k\u0259nar\u0131nda yerl\u0259\u015f\u0259n yegan\u0259 \u015f\u0259xsi evdir v\u0259 t\u0259hl\u00fck\u0259sizlik q\u00fcvv\u0259l\u0259ri h\u0259m yerli sakinl\u0259rin, h\u0259m d\u0259 turistl\u0259rin h\u0259min hiss\u0259y\u0259 daxil olmas\u0131na v\u0259 foto \u00e7\u0259km\u0259sin\u0259 icaz\u0259 vermir.<\/p>\n\n\n\n<p class=\"wp-block-paragraph\"><strong>D\u0259nizk\u0259nar\u0131n\u0131 z\u0259bt ed\u0259n d\u0259bd\u0259b\u0259li ya\u015fay\u0131\u015f kompleksi&nbsp;<\/strong><\/p>\n\n\n\n<p class=\"wp-block-paragraph\">Bilg\u0259hd\u0259 15 hektarl\u0131q \u0259razid\u0259 Prezident \u0130lham \u018fliyev v\u0259 onun ail\u0259sin\u0259 m\u0259xsus d\u0259bd\u0259b\u0259li ya\u015fay\u0131\u015f kompleksi yerl\u0259\u015fir. Kompleksd\u0259 prezidentin \u00fc\u00e7 \u00f6vlad\u0131n\u0131n h\u0259r biri \u00fc\u00e7\u00fcn ayr\u0131ca villalar v\u0259 \u015f\u0259xsi \u00fczg\u00fc\u00e7\u00fcl\u00fck hovuzlar\u0131 var. Kompleksin tikintisi t\u0259xmin\u0259n s\u0259kkiz il \u0259vv\u0259l ba\u015fa \u00e7atd\u0131r\u0131l\u0131b. Bildirilir ki, onun in\u015fas\u0131na milyonlarla dollar x\u0259rcl\u0259nib, Almaniyadan ixtisasla\u015fm\u0131\u015f m\u00fch\u0259ndisl\u0259r v\u0259 avadanl\u0131qlar g\u0259tirilib, tikinti materiallar\u0131n\u0131n b\u00f6y\u00fck hiss\u0259si is\u0259 xaricd\u0259n idxal olunub.<\/p>\n\n\n\n<p class=\"wp-block-paragraph\"><strong>K\u0259mal\u0259ddin Heyd\u0259rovdan h\u0259diyy\u0259<\/strong><\/p>\n\n\n\n<p class=\"wp-block-paragraph\">K\u0259mal\u0259ddin Heyd\u0259rov f\u00f6vq\u0259lad\u0259 hallar naziri oldu\u011fu d\u00f6vrd\u0259 Q\u0259b\u0259l\u0259nin Q\u0259m\u0259rvan k\u0259ndind\u0259 iki hektardan \u00e7ox \u0259razini \u0259hat\u0259 ed\u0259n d\u0259bd\u0259b\u0259li bir iqam\u0259tgah in\u015fa etdirib. Daha sonra h\u0259min iqam\u0259tgah\u0131 d\u00f6vl\u0259t ba\u015f\u00e7\u0131s\u0131 \u0130lham \u018fliyev\u0259 h\u0259diyy\u0259 edib. Saray\u0131 xat\u0131rladan bu malikan\u0259d\u0259 tennis kortu, s\u00fcni g\u00f6l v\u0259 Bum \u00e7ay\u0131na a\u00e7\u0131lan m\u0259nz\u0259r\u0259 var. \u018frazi daim m\u00fchafiz\u0259 olunur v\u0259 he\u00e7 kimin iqam\u0259tgaha yax\u0131nla\u015fmas\u0131na icaz\u0259 verilmir.<\/p>\n\n\n\n<figure class=\"wp-block-embed is-type-video is-provider-youtube wp-block-embed-youtube wp-embed-aspect-16-9 wp-has-aspect-ratio\"><div class=\"wp-block-embed__wrapper\">\n<iframe loading=\"lazy\" title=\"Prezident iqam\u0259tgah\u0131na ayr\u0131lan 330 milyon dollar v\u0259sait nec\u0259 x\u0259rcl\u0259nib?\" width=\"1200\" height=\"675\" src=\"https:\/\/www.youtube.com\/embed\/AtlFwF_7-GU?feature=oembed\" frameborder=\"0\" allow=\"accelerometer; autoplay; clipboard-write; encrypted-media; gyroscope; picture-in-picture; web-share\" referrerpolicy=\"strict-origin-when-cross-origin\" allowfullscreen><\/iframe>\n<\/div><\/figure>\n\n\n\n<p class=\"wp-block-paragraph\"><strong>Jurnalistl\u0259rimiz h\u0259bsd\u0259 olsa da ara\u015fd\u0131rmalar\u0131m\u0131z davam ed\u0259c\u0259k<\/strong><br><\/p>\n\n\n\n<p class=\"wp-block-paragraph\">Bundan \u0259lav\u0259 Meydan TV \u018fliyevl\u0259r ail\u0259sin\u0259 m\u0259xsus 10-dan \u00e7ox malikan\u0259nin yerini m\u00fc\u0259yy\u0259n ed\u0259 bilib. Malikan\u0259l\u0259r Az\u0259rbaycan\u0131n m\u00fcxt\u0259lif b\u00f6lg\u0259l\u0259rin\u0259 s\u0259p\u0259l\u0259nib. Prezident\u0259 m\u0259xsus bu iqam\u0259tgahlardan yaln\u0131z biri r\u0259smi xarakter da\u015f\u0131y\u0131r. Dig\u0259r ya\u015fay\u0131\u015f kompleksl\u0259ri \u018fliyevl\u0259r ail\u0259sinin \u015f\u0259xsi istifad\u0259si \u00fc\u00e7\u00fcn n\u0259z\u0259rd\u0259 tutulub. Prezident ail\u0259sinin d\u00fcnyan\u0131n v\u0259 Az\u0259rbaycan\u0131n m\u00fcxt\u0259lif yerl\u0259rind\u0259 bu q\u0259d\u0259r \u0259mlaka sahib olmas\u0131 h\u0259m d\u0259 \u00f6lk\u0259d\u0259 ara\u015fd\u0131rma\u00e7\u0131 jurnalistl\u0259rin ill\u0259rl\u0259 ortaya \u00e7\u0131xard\u0131\u011f\u0131 korrupsiya hallar\u0131n\u0131 t\u0259sdiq edir. 2023-c\u00fc ild\u0259 ba\u015flayan jurnalistl\u0259rin h\u0259bsi d\u0259 bu ara\u015fd\u0131rmalar\u0131n qar\u015f\u0131s\u0131n\u0131 almaq m\u0259qs\u0259di da\u015f\u0131y\u0131rd\u0131. Haz\u0131rda Az\u0259rbaycanda azad jurnalistl\u0259r h\u0259bsd\u0259 olsa da, Meydan TV peyk g\u00f6r\u00fcnt\u00fcl\u0259ri vasit\u0259sil\u0259 \u018fliyevl\u0259r ail\u0259sinin m\u00fclkl\u0259rini ara\u015fd\u0131ra bilib. Jurnalistl\u0259rimiz h\u0259bsd\u0259 olsa da ara\u015fd\u0131rmalar\u0131m\u0131z davam ed\u0259c\u0259k.<\/p>\n\n\n\n<p class=\"wp-block-paragraph\"><em>Ara\u015fd\u0131rma <a href=\"https:\/\/urbanjournalism.org\" data-type=\"link\" data-id=\"https:\/\/urbanjournalism.org\">Urban Journalism Network<\/a>-un d\u0259st\u0259yi il\u0259 vizualla\u015fd\u0131r\u0131l\u0131b. Peyk g\u00f6r\u00fcnt\u00fcl\u0259ri is\u0259 <a href=\"https:\/\/vertical52.org\/en\" data-type=\"link\" data-id=\"https:\/\/vertical52.org\/en\">Vertical52-<\/a>nin d\u0259st\u0259yi il\u0259 \u0259ld\u0259 edilib.<\/em><\/p>\n","protected":false},"excerpt":{"rendered":"<p>2003-c\u00fc ild\u0259n Az\u0259rbaycana r\u0259hb\u0259rlik ed\u0259n \u0130lham \u018fliyevin v\u0259 ail\u0259 \u00fczvl\u0259rinin &#8230; <\/p>\n<p class=\"read-more-container\"><a title=\"Az\u0259rbaycanda \u0130lham \u018fliyev v\u0259 ail\u0259sin\u0259 m\u0259xsus malikan\u0259l\u0259r\" class=\"read-more button\" href=\"https:\/\/www.meydan.tv\/az\/article\/az%c9%99rbaycanda-i%cc%87lham-%c9%99liyev-v%c9%99-ail%c9%99sin%c9%99-m%c9%99xsus-malikan%c9%99l%c9%99r\/#more-348649\" aria-label=\"Read more about Az\u0259rbaycanda \u0130lham \u018fliyev v\u0259 ail\u0259sin\u0259 m\u0259xsus malikan\u0259l\u0259r\">Davam\u0131<\/a><\/p>\n","protected":false},"author":12,"featured_media":348667,"comment_status":"closed","ping_status":"closed","sticky":false,"template":"","format":"standard","meta":{"_acf_changed":false,"_sitemap_exclude":false,"_sitemap_priority":"","_sitemap_frequency":"","footnotes":""},"categories":[55,88,79,63,56],"tags":[],"class_list":["post-348649","post","type-post","status-publish","format-standard","has-post-thumbnail","hentry","category-arasdirma","category-redaktor-secimi","category-featured","category-video-2","category-xeberler","infinite-scroll-item","generate-columns","tablet-grid-50","mobile-grid-100","grid-parent","grid-33","no-featured-image-padding"],"acf":[],"yoast_head":"<!-- This site is optimized with the Yoast SEO plugin v28.4 - https:\/\/yoast.com\/product\/yoast-seo-wordpress\/ -->\n<title>Az\u0259rbaycanda \u0130lham \u018fliyev v\u0259 ail\u0259sin\u0259 m\u0259xsus malikan\u0259l\u0259r - MEYDAN.TV<\/title>\n<meta name=\"robots\" content=\"index, follow, max-snippet:-1, max-image-preview:large, max-video-preview:-1\" \/>\n<link rel=\"canonical\" href=\"https:\/\/www.meydan.tv\/az\/article\/az%c9%99rbaycanda-i%cc%87lham-%c9%99liyev-v%c9%99-ail%c9%99sin%c9%99-m%c9%99xsus-malikan%c9%99l%c9%99r\/\" \/>\n<meta property=\"og:locale\" content=\"az_AZ\" \/>\n<meta property=\"og:type\" content=\"article\" \/>\n<meta property=\"og:title\" content=\"Az\u0259rbaycanda \u0130lham \u018fliyev v\u0259 ail\u0259sin\u0259 m\u0259xsus malikan\u0259l\u0259r - MEYDAN.TV\" \/>\n<meta property=\"og:description\" content=\"2003-c\u00fc ild\u0259n Az\u0259rbaycana r\u0259hb\u0259rlik ed\u0259n \u0130lham \u018fliyevin v\u0259 ail\u0259 \u00fczvl\u0259rinin ... Davam\u0131\" \/>\n<meta property=\"og:url\" content=\"https:\/\/www.meydan.tv\/az\/article\/az%c9%99rbaycanda-i%cc%87lham-%c9%99liyev-v%c9%99-ail%c9%99sin%c9%99-m%c9%99xsus-malikan%c9%99l%c9%99r\/\" \/>\n<meta property=\"og:site_name\" content=\"MEYDAN.TV\" \/>\n<meta property=\"article:published_time\" content=\"2026-09-02T13:56:43+00:00\" \/>\n<meta property=\"article:modified_time\" content=\"2026-09-02T13:56:46+00:00\" \/>\n<meta property=\"og:image\" content=\"https:\/\/www.meydan.tv\/wp-content\/uploads\/1683732645_8bc609296f5bbec56ad7a75c94167304.jpg\" \/>\n\t<meta property=\"og:image:width\" content=\"1904\" \/>\n\t<meta property=\"og:image:height\" content=\"1292\" \/>\n\t<meta property=\"og:image:type\" content=\"image\/jpeg\" \/>\n<meta name=\"twitter:card\" content=\"summary_large_image\" \/>\n<!-- \/ Yoast SEO plugin. -->","yoast_head_json":{"title":"Az\u0259rbaycanda \u0130lham \u018fliyev v\u0259 ail\u0259sin\u0259 m\u0259xsus malikan\u0259l\u0259r - MEYDAN.TV","robots":{"index":"index","follow":"follow","max-snippet":"max-snippet:-1","max-image-preview":"max-image-preview:large","max-video-preview":"max-video-preview:-1"},"canonical":"https:\/\/www.meydan.tv\/az\/article\/az%c9%99rbaycanda-i%cc%87lham-%c9%99liyev-v%c9%99-ail%c9%99sin%c9%99-m%c9%99xsus-malikan%c9%99l%c9%99r\/","og_locale":"az_AZ","og_type":"article","og_title":"Az\u0259rbaycanda \u0130lham \u018fliyev v\u0259 ail\u0259sin\u0259 m\u0259xsus malikan\u0259l\u0259r - MEYDAN.TV","og_description":"2003-c\u00fc ild\u0259n Az\u0259rbaycana r\u0259hb\u0259rlik ed\u0259n \u0130lham \u018fliyevin v\u0259 ail\u0259 \u00fczvl\u0259rinin ... Davam\u0131","og_url":"https:\/\/www.meydan.tv\/az\/article\/az%c9%99rbaycanda-i%cc%87lham-%c9%99liyev-v%c9%99-ail%c9%99sin%c9%99-m%c9%99xsus-malikan%c9%99l%c9%99r\/","og_site_name":"MEYDAN.TV","article_published_time":"2026-09-02T13:56:43+00:00","article_modified_time":"2026-09-02T13:56:46+00:00","og_image":[{"width":1904,"height":1292,"url":"https:\/\/www.meydan.tv\/wp-content\/uploads\/1683732645_8bc609296f5bbec56ad7a75c94167304.jpg","type":"image\/jpeg"}],"twitter_card":"summary_large_image","schema":{"@context":"https:\/\/schema.org","@graph":[{"@type":"Article","@id":"https:\/\/www.meydan.tv\/az\/article\/az%c9%99rbaycanda-i%cc%87lham-%c9%99liyev-v%c9%99-ail%c9%99sin%c9%99-m%c9%99xsus-malikan%c9%99l%c9%99r\/#article","isPartOf":{"@id":"https:\/\/www.meydan.tv\/az\/article\/az%c9%99rbaycanda-i%cc%87lham-%c9%99liyev-v%c9%99-ail%c9%99sin%c9%99-m%c9%99xsus-malikan%c9%99l%c9%99r\/"},"author":{"name":"aleks","@id":"https:\/\/www.meydan.tv\/az\/#\/schema\/person\/476e9360e593fa131d5d71d51866f8da"},"headline":"Az\u0259rbaycanda \u0130lham \u018fliyev v\u0259 ail\u0259sin\u0259 m\u0259xsus malikan\u0259l\u0259r","datePublished":"2026-09-02T13:56:43+00:00","dateModified":"2026-09-02T13:56:46+00:00","mainEntityOfPage":{"@id":"https:\/\/www.meydan.tv\/az\/article\/az%c9%99rbaycanda-i%cc%87lham-%c9%99liyev-v%c9%99-ail%c9%99sin%c9%99-m%c9%99xsus-malikan%c9%99l%c9%99r\/"},"wordCount":1431,"publisher":{"@id":"https:\/\/www.meydan.tv\/az\/#organization"},"image":{"@id":"https:\/\/www.meydan.tv\/az\/article\/az%c9%99rbaycanda-i%cc%87lham-%c9%99liyev-v%c9%99-ail%c9%99sin%c9%99-m%c9%99xsus-malikan%c9%99l%c9%99r\/#primaryimage"},"thumbnailUrl":"https:\/\/www.meydan.tv\/wp-content\/uploads\/1683732645_8bc609296f5bbec56ad7a75c94167304.jpg","articleSection":["Ara\u015fd\u0131rma","Redaktor se\u00e7imi","T\u00f6vsiy\u0259","Video","X\u0259b\u0259rl\u0259r"],"inLanguage":"az"},{"@type":"WebPage","@id":"https:\/\/www.meydan.tv\/az\/article\/az%c9%99rbaycanda-i%cc%87lham-%c9%99liyev-v%c9%99-ail%c9%99sin%c9%99-m%c9%99xsus-malikan%c9%99l%c9%99r\/","url":"https:\/\/www.meydan.tv\/az\/article\/az%c9%99rbaycanda-i%cc%87lham-%c9%99liyev-v%c9%99-ail%c9%99sin%c9%99-m%c9%99xsus-malikan%c9%99l%c9%99r\/","name":"Az\u0259rbaycanda \u0130lham \u018fliyev v\u0259 ail\u0259sin\u0259 m\u0259xsus malikan\u0259l\u0259r - MEYDAN.TV","isPartOf":{"@id":"https:\/\/www.meydan.tv\/az\/#website"},"primaryImageOfPage":{"@id":"https:\/\/www.meydan.tv\/az\/article\/az%c9%99rbaycanda-i%cc%87lham-%c9%99liyev-v%c9%99-ail%c9%99sin%c9%99-m%c9%99xsus-malikan%c9%99l%c9%99r\/#primaryimage"},"image":{"@id":"https:\/\/www.meydan.tv\/az\/article\/az%c9%99rbaycanda-i%cc%87lham-%c9%99liyev-v%c9%99-ail%c9%99sin%c9%99-m%c9%99xsus-malikan%c9%99l%c9%99r\/#primaryimage"},"thumbnailUrl":"https:\/\/www.meydan.tv\/wp-content\/uploads\/1683732645_8bc609296f5bbec56ad7a75c94167304.jpg","datePublished":"2026-09-02T13:56:43+00:00","dateModified":"2026-09-02T13:56:46+00:00","breadcrumb":{"@id":"https:\/\/www.meydan.tv\/az\/article\/az%c9%99rbaycanda-i%cc%87lham-%c9%99liyev-v%c9%99-ail%c9%99sin%c9%99-m%c9%99xsus-malikan%c9%99l%c9%99r\/#breadcrumb"},"inLanguage":"az","potentialAction":[{"@type":"ReadAction","target":["https:\/\/www.meydan.tv\/az\/article\/az%c9%99rbaycanda-i%cc%87lham-%c9%99liyev-v%c9%99-ail%c9%99sin%c9%99-m%c9%99xsus-malikan%c9%99l%c9%99r\/"]}]},{"@type":"ImageObject","inLanguage":"az","@id":"https:\/\/www.meydan.tv\/az\/article\/az%c9%99rbaycanda-i%cc%87lham-%c9%99liyev-v%c9%99-ail%c9%99sin%c9%99-m%c9%99xsus-malikan%c9%99l%c9%99r\/#primaryimage","url":"https:\/\/www.meydan.tv\/wp-content\/uploads\/1683732645_8bc609296f5bbec56ad7a75c94167304.jpg","contentUrl":"https:\/\/www.meydan.tv\/wp-content\/uploads\/1683732645_8bc609296f5bbec56ad7a75c94167304.jpg","width":1904,"height":1292,"caption":"\u018fliyevl\u0259r ail\u0259si, foto: president.az"},{"@type":"BreadcrumbList","@id":"https:\/\/www.meydan.tv\/az\/article\/az%c9%99rbaycanda-i%cc%87lham-%c9%99liyev-v%c9%99-ail%c9%99sin%c9%99-m%c9%99xsus-malikan%c9%99l%c9%99r\/#breadcrumb","itemListElement":[{"@type":"ListItem","position":1,"name":"Ana s\u0259hif\u0259","item":"https:\/\/www.meydan.tv\/az\/"},{"@type":"ListItem","position":2,"name":"X\u0259b\u0259rl\u0259r","item":"https:\/\/www.meydan.tv\/az\/section\/xeberler\/"},{"@type":"ListItem","position":3,"name":"Az\u0259rbaycanda \u0130lham \u018fliyev v\u0259 ail\u0259sin\u0259 m\u0259xsus malikan\u0259l\u0259r"}]},{"@type":"WebSite","@id":"https:\/\/www.meydan.tv\/az\/#website","url":"https:\/\/www.meydan.tv\/az\/","name":"MEYDAN.TV","description":"Meydan TV Az\u0259rbaycan\u0131n media m\u0259kan\u0131ndak\u0131 alternativ s\u0259sidir","publisher":{"@id":"https:\/\/www.meydan.tv\/az\/#organization"},"potentialAction":[{"@type":"SearchAction","target":{"@type":"EntryPoint","urlTemplate":"https:\/\/www.meydan.tv\/az\/?s={search_term_string}"},"query-input":{"@type":"PropertyValueSpecification","valueRequired":true,"valueName":"search_term_string"}}],"inLanguage":"az"},{"@type":"Organization","@id":"https:\/\/www.meydan.tv\/az\/#organization","name":"Meydan TV","url":"https:\/\/www.meydan.tv\/az\/","logo":{"@type":"ImageObject","inLanguage":"az","@id":"https:\/\/www.meydan.tv\/az\/#\/schema\/logo\/image\/","url":"https:\/\/www.meydan.tv\/wp-content\/uploads\/2021\/07\/meydan-logo.svg","contentUrl":"https:\/\/www.meydan.tv\/wp-content\/uploads\/2021\/07\/meydan-logo.svg","width":195,"height":46,"caption":"Meydan TV"},"image":{"@id":"https:\/\/www.meydan.tv\/az\/#\/schema\/logo\/image\/"}},{"@type":"Person","@id":"https:\/\/www.meydan.tv\/az\/#\/schema\/person\/476e9360e593fa131d5d71d51866f8da","name":"aleks"}]}},"_links":{"self":[{"href":"https:\/\/www.meydan.tv\/az\/wp-json\/wp\/v2\/posts\/348649","targetHints":{"allow":["GET"]}}],"collection":[{"href":"https:\/\/www.meydan.tv\/az\/wp-json\/wp\/v2\/posts"}],"about":[{"href":"https:\/\/www.meydan.tv\/az\/wp-json\/wp\/v2\/types\/post"}],"author":[{"embeddable":true,"href":"https:\/\/www.meydan.tv\/az\/wp-json\/wp\/v2\/users\/12"}],"replies":[{"embeddable":true,"href":"https:\/\/www.meydan.tv\/az\/wp-json\/wp\/v2\/comments?post=348649"}],"version-history":[{"count":15,"href":"https:\/\/www.meydan.tv\/az\/wp-json\/wp\/v2\/posts\/348649\/revisions"}],"predecessor-version":[{"id":348787,"href":"https:\/\/www.meydan.tv\/az\/wp-json\/wp\/v2\/posts\/348649\/revisions\/348787"}],"wp:featuredmedia":[{"embeddable":true,"href":"https:\/\/www.meydan.tv\/az\/wp-json\/wp\/v2\/media\/348667"}],"wp:attachment":[{"href":"https:\/\/www.meydan.tv\/az\/wp-json\/wp\/v2\/media?parent=348649"}],"wp:term":[{"taxonomy":"category","embeddable":true,"href":"https:\/\/www.meydan.tv\/az\/wp-json\/wp\/v2\/categories?post=348649"},{"taxonomy":"post_tag","embeddable":true,"href":"https:\/\/www.meydan.tv\/az\/wp-json\/wp\/v2\/tags?post=348649"}],"curies":[{"name":"wp","href":"https:\/\/api.w.org\/{rel}","templated":true}]}}