{"id":348145,"date":"2026-08-13T19:12:33","date_gmt":"2026-08-13T15:12:33","guid":{"rendered":"https:\/\/www.meydan.tv\/?p=348145"},"modified":"2026-08-13T22:39:52","modified_gmt":"2026-08-13T18:39:52","slug":"meta-azadliq-q%c9%99zetinin-facebook-v%c9%99-instagram-s%c9%99hif%c9%99l%c9%99rini-bloklayib","status":"publish","type":"post","link":"https:\/\/www.meydan.tv\/az\/article\/meta-azadliq-q%c9%99zetinin-facebook-v%c9%99-instagram-s%c9%99hif%c9%99l%c9%99rini-bloklayib\/","title":{"rendered":"Meta \u201cAzadl\u0131q\u201d q\u0259zetinin \u201cFacebook\u201d v\u0259 \u201cInstagram\u201d s\u0259hif\u0259l\u0259rini bloklay\u0131b"},"content":{"rendered":"\n<p class=\"wp-block-paragraph\">\u201cAzadl\u0131q\u201d q\u0259zetinin \u201cFacebook\u201d s\u0259hif\u0259si bloklan\u0131b.<\/p>\n\n\n\n<p class=\"wp-block-paragraph\">Q\u0259zetin m\u00fchacir\u0259td\u0259 olan redaktoru Rahim Hac\u0131yev Meydan TV-y\u0259 bildirib ki,\u00a0 Meta q\u0259zet\u0259 g\u00f6nd\u0259rdiyi bildiri\u015fd\u0259 s\u0259b\u0259b kimi 2019-cu ild\u0259 yay\u0131mlanan intihar x\u0259b\u0259rini g\u00f6st\u0259rib. Redaktorun s\u00f6zl\u0259rin\u0259 g\u00f6r\u0259, s\u0259hif\u0259y\u0259 k\u00fctl\u0259vi \u015fikay\u0259tl\u0259r edilib. O deyir ki, bunun arxas\u0131nda hakimiyy\u0259t dayan\u0131r. \u00c7\u00fcnki q\u0259zet daim hakimiyy\u0259tin siyas\u0259tini t\u0259nqid ed\u0259n materiallar yay\u0131mlay\u0131r.<\/p>\n\n\n\n<p class=\"wp-block-paragraph\"><em>\u201cBu prosesl\u0259rin arxas\u0131nda Az\u0259rbaycandak\u0131 rejimin dayanmas\u0131 \u015f\u00fcbh\u0259 do\u011furmur. S\u0259hif\u0259nin f\u0259aliyy\u0259tinin dayand\u0131r\u0131lmas\u0131 \u00fc\u00e7\u00fcn uzun m\u00fcdd\u0259tdir m\u0259qs\u0259dy\u00f6nl\u00fc kampaniya apar\u0131l\u0131r\u201d<\/em>, &#8211; Hac\u0131yev deyib.<\/p>\n\n\n\n<p class=\"wp-block-paragraph\">Redaktor bildirib ki, \u201cFacebook\u201d s\u0259hif\u0259sinin bloklanmas\u0131ndan bir ne\u00e7\u0259 g\u00fcn \u0259vv\u0259l q\u0259zetin \u201cInstagram\u201d s\u0259hif\u0259si d\u0259 ba\u011flan\u0131b. Onun s\u00f6zl\u0259rin\u0259 g\u00f6r\u0259, h\u0259r iki platformaya qar\u015f\u0131 \u015fikay\u0259tl\u0259r eyni m\u0259rk\u0259zd\u0259n t\u0259\u015fkil olunub.<\/p>\n\n\n\n<p class=\"wp-block-paragraph\">Hac\u0131yev h\u0259m\u00e7inin hakimiyy\u0259t siyas\u0259tini t\u0259nqid ed\u0259n materiallar\u0131n alt\u0131nda y\u00fczl\u0259rl\u0259, b\u0259z\u0259n is\u0259 minl\u0259rl\u0259 \u015f\u0259rhin yerl\u0259\u015fdirildiyini bildirib. Onun s\u00f6zl\u0259rin\u0259 g\u00f6r\u0259, Facebook s\u0259hif\u0259sinin ayl\u0131q \u0259hat\u0259 dair\u0259si bu il 23 milyona \u00e7at\u0131b.<\/p>\n\n\n\n<p class=\"wp-block-paragraph\">\u201cAzadl\u0131q\u201d q\u0259zetinin ba\u015f redaktoru Q\u0259nim\u0259t Zahid d\u0259 s\u0259hif\u0259nin bloklanmas\u0131n\u0131 hakimiyy\u0259tin sosial \u015f\u0259b\u0259k\u0259l\u0259rd\u0259ki t\u0259zyiq siyas\u0259tinin davam\u0131 kimi <a target=\"_blank\" href=\"https:\/\/www.facebook.com\/photo\/?fbid=27848876028140076&amp;set=a.176350512486000\" rel=\"noreferrer noopener\">qiym\u0259tl\u0259ndirib.<\/a><\/p>\n\n\n\n<p class=\"wp-block-paragraph\"><em>\u201cAz\u0259rbaycan rejimi sosial \u015f\u0259b\u0259k\u0259l\u0259r \u00fcz\u0259rind\u0259n basq\u0131lar\u0131 da intensiv davam etdirir\u201d, <\/em>\u2013 Zahid bildirib.<\/p>\n\n\n\n<p class=\"wp-block-paragraph\">O, \u201cAzadl\u0131q\u201d q\u0259zetinin \u201cFacebook\u201d s\u0259hif\u0259sinin k\u00fctl\u0259vi troll \u015fikay\u0259tl\u0259ri \u0259sas\u0131nda qeyri-m\u00fc\u0259yy\u0259n m\u00fcdd\u0259t\u0259 donduruldu\u011funu bildirib.<br><br>\u00a0Q\u0259nim\u0259t Zahidin s\u00f6zl\u0259rin\u0259 g\u00f6r\u0259, m\u0259s\u0259l\u0259 beyn\u0259lxalq media qurumlar\u0131 v\u0259 ictimai t\u0259\u015fkilatlarla m\u00fczakir\u0259 olunur. O, \u201cAz\u0259rbaycan Saat\u0131\u201dn\u0131n \u201cInstagram\u201d s\u0259hif\u0259sinin d\u0259 blokland\u0131\u011f\u0131n\u0131 bildirib.<\/p>\n\n\n\n<p class=\"wp-block-paragraph\">\u201cAzadl\u0131q\u201d q\u0259zetinin ka\u011f\u0131z n\u0259\u015fri 2016-c\u0131 ild\u0259 dayan\u0131b. Q\u0259zet f\u0259aliyy\u0259tini sonrak\u0131 d\u00f6vrd\u0259 \u0259sas\u0259n internet v\u0259 sosial media \u00fcz\u0259rind\u0259n davam etdirib. 2017-ci ild\u0259 q\u0259zetin azadliq.info sayt\u0131na Az\u0259rbaycandan giri\u015f d\u0259 m\u0259hk\u0259m\u0259 q\u0259rar\u0131 il\u0259 m\u0259hdudla\u015fd\u0131r\u0131l\u0131b.<\/p>\n\n\n\n<p class=\"wp-block-paragraph\">Bloklama x\u0259b\u0259ri fonunda Az\u0259rbaycan d\u00f6vl\u0259tinin Meta-dak\u0131 maliyy\u0259 mara\u011f\u0131 da diqq\u0259t \u00e7\u0259kir.&nbsp; Az\u0259rbaycan D\u00f6vl\u0259t Neft Fondu&nbsp; 2024-c\u00fc ilin birinci r\u00fcb\u00fcnd\u0259 Meta s\u0259hml\u0259rin\u0259 179 milyon dollar <a href=\"https:\/\/en.apa.az\/finance\/azerbaijans-state-oil-fund-buys-179-million-worth-of-meta-shares-in-the-top-5-for-the-first-time-435419\">yat\u0131r\u0131b<\/a> v\u0259 \u015firk\u0259t ilk d\u0259f\u0259 SOFAZ-\u0131n \u0259n b\u00f6y\u00fck be\u015f texnologiya investisiyas\u0131 s\u0131ras\u0131na daxil olub. Meta s\u0259hml\u0259ri h\u0259min d\u00f6vrd\u0259 Fondun birjada kotirovka olunan s\u0259hm portfelinin 1,4 faizini t\u0259\u015fkil edib.<\/p>\n","protected":false},"excerpt":{"rendered":"<p>\u201cAzadl\u0131q\u201d q\u0259zetinin \u201cFacebook\u201d s\u0259hif\u0259si bloklan\u0131b. Q\u0259zetin m\u00fchacir\u0259td\u0259 olan redaktoru Rahim &#8230; <\/p>\n<p class=\"read-more-container\"><a title=\"Meta \u201cAzadl\u0131q\u201d q\u0259zetinin \u201cFacebook\u201d v\u0259 \u201cInstagram\u201d s\u0259hif\u0259l\u0259rini bloklay\u0131b\" class=\"read-more button\" href=\"https:\/\/www.meydan.tv\/az\/article\/meta-azadliq-q%c9%99zetinin-facebook-v%c9%99-instagram-s%c9%99hif%c9%99l%c9%99rini-bloklayib\/#more-348145\" aria-label=\"Read more about Meta \u201cAzadl\u0131q\u201d q\u0259zetinin \u201cFacebook\u201d v\u0259 \u201cInstagram\u201d s\u0259hif\u0259l\u0259rini bloklay\u0131b\">Davam\u0131<\/a><\/p>\n","protected":false},"author":14,"featured_media":348146,"comment_status":"closed","ping_status":"closed","sticky":false,"template":"","format":"standard","meta":{"_acf_changed":false,"_sitemap_exclude":false,"_sitemap_priority":"","_sitemap_frequency":"","footnotes":""},"categories":[79,56],"tags":[],"class_list":["post-348145","post","type-post","status-publish","format-standard","has-post-thumbnail","hentry","category-featured","category-xeberler","infinite-scroll-item","generate-columns","tablet-grid-50","mobile-grid-100","grid-parent","grid-33","no-featured-image-padding"],"acf":[],"yoast_head":"<!-- This site is optimized with the Yoast SEO plugin v28.4 - https:\/\/yoast.com\/product\/yoast-seo-wordpress\/ -->\n<title>Meta \u201cAzadl\u0131q\u201d q\u0259zetinin \u201cFacebook\u201d v\u0259 \u201cInstagram\u201d s\u0259hif\u0259l\u0259rini bloklay\u0131b - MEYDAN.TV<\/title>\n<meta name=\"robots\" content=\"index, follow, max-snippet:-1, max-image-preview:large, max-video-preview:-1\" \/>\n<link rel=\"canonical\" href=\"https:\/\/www.meydan.tv\/az\/article\/meta-azadliq-q%c9%99zetinin-facebook-v%c9%99-instagram-s%c9%99hif%c9%99l%c9%99rini-bloklayib\/\" \/>\n<meta property=\"og:locale\" content=\"az_AZ\" \/>\n<meta property=\"og:type\" content=\"article\" \/>\n<meta property=\"og:title\" content=\"Meta \u201cAzadl\u0131q\u201d q\u0259zetinin \u201cFacebook\u201d v\u0259 \u201cInstagram\u201d s\u0259hif\u0259l\u0259rini bloklay\u0131b - MEYDAN.TV\" \/>\n<meta property=\"og:description\" content=\"\u201cAzadl\u0131q\u201d q\u0259zetinin \u201cFacebook\u201d s\u0259hif\u0259si bloklan\u0131b. Q\u0259zetin m\u00fchacir\u0259td\u0259 olan redaktoru Rahim ... Davam\u0131\" \/>\n<meta property=\"og:url\" content=\"https:\/\/www.meydan.tv\/az\/article\/meta-azadliq-q%c9%99zetinin-facebook-v%c9%99-instagram-s%c9%99hif%c9%99l%c9%99rini-bloklayib\/\" \/>\n<meta property=\"og:site_name\" content=\"MEYDAN.TV\" \/>\n<meta property=\"article:published_time\" content=\"2026-08-13T15:12:33+00:00\" \/>\n<meta property=\"article:modified_time\" content=\"2026-08-13T18:39:52+00:00\" \/>\n<meta property=\"og:image\" content=\"https:\/\/www.meydan.tv\/wp-content\/uploads\/chatgpt-image-13-agu-2026-17_09_31-1200x675.png\" \/>\n\t<meta property=\"og:image:width\" content=\"1200\" \/>\n\t<meta property=\"og:image:height\" content=\"675\" \/>\n\t<meta property=\"og:image:type\" content=\"image\/jpeg\" \/>\n<meta name=\"twitter:card\" content=\"summary_large_image\" \/>\n<!-- \/ Yoast SEO plugin. -->","yoast_head_json":{"title":"Meta \u201cAzadl\u0131q\u201d q\u0259zetinin \u201cFacebook\u201d v\u0259 \u201cInstagram\u201d s\u0259hif\u0259l\u0259rini bloklay\u0131b - MEYDAN.TV","robots":{"index":"index","follow":"follow","max-snippet":"max-snippet:-1","max-image-preview":"max-image-preview:large","max-video-preview":"max-video-preview:-1"},"canonical":"https:\/\/www.meydan.tv\/az\/article\/meta-azadliq-q%c9%99zetinin-facebook-v%c9%99-instagram-s%c9%99hif%c9%99l%c9%99rini-bloklayib\/","og_locale":"az_AZ","og_type":"article","og_title":"Meta \u201cAzadl\u0131q\u201d q\u0259zetinin \u201cFacebook\u201d v\u0259 \u201cInstagram\u201d s\u0259hif\u0259l\u0259rini bloklay\u0131b - MEYDAN.TV","og_description":"\u201cAzadl\u0131q\u201d q\u0259zetinin \u201cFacebook\u201d s\u0259hif\u0259si bloklan\u0131b. Q\u0259zetin m\u00fchacir\u0259td\u0259 olan redaktoru Rahim ... Davam\u0131","og_url":"https:\/\/www.meydan.tv\/az\/article\/meta-azadliq-q%c9%99zetinin-facebook-v%c9%99-instagram-s%c9%99hif%c9%99l%c9%99rini-bloklayib\/","og_site_name":"MEYDAN.TV","article_published_time":"2026-08-13T15:12:33+00:00","article_modified_time":"2026-08-13T18:39:52+00:00","og_image":[{"width":1200,"height":675,"url":"https:\/\/www.meydan.tv\/wp-content\/uploads\/chatgpt-image-13-agu-2026-17_09_31-1200x675.png","type":"image\/jpeg"}],"twitter_card":"summary_large_image","schema":{"@context":"https:\/\/schema.org","@graph":[{"@type":"Article","@id":"https:\/\/www.meydan.tv\/az\/article\/meta-azadliq-q%c9%99zetinin-facebook-v%c9%99-instagram-s%c9%99hif%c9%99l%c9%99rini-bloklayib\/#article","isPartOf":{"@id":"https:\/\/www.meydan.tv\/az\/article\/meta-azadliq-q%c9%99zetinin-facebook-v%c9%99-instagram-s%c9%99hif%c9%99l%c9%99rini-bloklayib\/"},"author":{"name":"roma","@id":"https:\/\/www.meydan.tv\/az\/#\/schema\/person\/8f23e01c4de63326c13c319fb65ee65d"},"headline":"Meta \u201cAzadl\u0131q\u201d q\u0259zetinin \u201cFacebook\u201d v\u0259 \u201cInstagram\u201d s\u0259hif\u0259l\u0259rini bloklay\u0131b","datePublished":"2026-08-13T15:12:33+00:00","dateModified":"2026-08-13T18:39:52+00:00","mainEntityOfPage":{"@id":"https:\/\/www.meydan.tv\/az\/article\/meta-azadliq-q%c9%99zetinin-facebook-v%c9%99-instagram-s%c9%99hif%c9%99l%c9%99rini-bloklayib\/"},"wordCount":489,"publisher":{"@id":"https:\/\/www.meydan.tv\/az\/#organization"},"image":{"@id":"https:\/\/www.meydan.tv\/az\/article\/meta-azadliq-q%c9%99zetinin-facebook-v%c9%99-instagram-s%c9%99hif%c9%99l%c9%99rini-bloklayib\/#primaryimage"},"thumbnailUrl":"https:\/\/www.meydan.tv\/wp-content\/uploads\/chatgpt-image-13-agu-2026-17_09_31.jpg","articleSection":["T\u00f6vsiy\u0259","X\u0259b\u0259rl\u0259r"],"inLanguage":"az"},{"@type":"WebPage","@id":"https:\/\/www.meydan.tv\/az\/article\/meta-azadliq-q%c9%99zetinin-facebook-v%c9%99-instagram-s%c9%99hif%c9%99l%c9%99rini-bloklayib\/","url":"https:\/\/www.meydan.tv\/az\/article\/meta-azadliq-q%c9%99zetinin-facebook-v%c9%99-instagram-s%c9%99hif%c9%99l%c9%99rini-bloklayib\/","name":"Meta \u201cAzadl\u0131q\u201d q\u0259zetinin \u201cFacebook\u201d v\u0259 \u201cInstagram\u201d s\u0259hif\u0259l\u0259rini bloklay\u0131b - MEYDAN.TV","isPartOf":{"@id":"https:\/\/www.meydan.tv\/az\/#website"},"primaryImageOfPage":{"@id":"https:\/\/www.meydan.tv\/az\/article\/meta-azadliq-q%c9%99zetinin-facebook-v%c9%99-instagram-s%c9%99hif%c9%99l%c9%99rini-bloklayib\/#primaryimage"},"image":{"@id":"https:\/\/www.meydan.tv\/az\/article\/meta-azadliq-q%c9%99zetinin-facebook-v%c9%99-instagram-s%c9%99hif%c9%99l%c9%99rini-bloklayib\/#primaryimage"},"thumbnailUrl":"https:\/\/www.meydan.tv\/wp-content\/uploads\/chatgpt-image-13-agu-2026-17_09_31.jpg","datePublished":"2026-08-13T15:12:33+00:00","dateModified":"2026-08-13T18:39:52+00:00","breadcrumb":{"@id":"https:\/\/www.meydan.tv\/az\/article\/meta-azadliq-q%c9%99zetinin-facebook-v%c9%99-instagram-s%c9%99hif%c9%99l%c9%99rini-bloklayib\/#breadcrumb"},"inLanguage":"az","potentialAction":[{"@type":"ReadAction","target":["https:\/\/www.meydan.tv\/az\/article\/meta-azadliq-q%c9%99zetinin-facebook-v%c9%99-instagram-s%c9%99hif%c9%99l%c9%99rini-bloklayib\/"]}]},{"@type":"ImageObject","inLanguage":"az","@id":"https:\/\/www.meydan.tv\/az\/article\/meta-azadliq-q%c9%99zetinin-facebook-v%c9%99-instagram-s%c9%99hif%c9%99l%c9%99rini-bloklayib\/#primaryimage","url":"https:\/\/www.meydan.tv\/wp-content\/uploads\/chatgpt-image-13-agu-2026-17_09_31.jpg","contentUrl":"https:\/\/www.meydan.tv\/wp-content\/uploads\/chatgpt-image-13-agu-2026-17_09_31.jpg","width":1672,"height":941},{"@type":"BreadcrumbList","@id":"https:\/\/www.meydan.tv\/az\/article\/meta-azadliq-q%c9%99zetinin-facebook-v%c9%99-instagram-s%c9%99hif%c9%99l%c9%99rini-bloklayib\/#breadcrumb","itemListElement":[{"@type":"ListItem","position":1,"name":"Ana s\u0259hif\u0259","item":"https:\/\/www.meydan.tv\/az\/"},{"@type":"ListItem","position":2,"name":"X\u0259b\u0259rl\u0259r","item":"https:\/\/www.meydan.tv\/az\/section\/xeberler\/"},{"@type":"ListItem","position":3,"name":"Meta \u201cAzadl\u0131q\u201d q\u0259zetinin \u201cFacebook\u201d v\u0259 \u201cInstagram\u201d s\u0259hif\u0259l\u0259rini bloklay\u0131b"}]},{"@type":"WebSite","@id":"https:\/\/www.meydan.tv\/az\/#website","url":"https:\/\/www.meydan.tv\/az\/","name":"MEYDAN.TV","description":"Meydan TV Az\u0259rbaycan\u0131n media m\u0259kan\u0131ndak\u0131 alternativ s\u0259sidir","publisher":{"@id":"https:\/\/www.meydan.tv\/az\/#organization"},"potentialAction":[{"@type":"SearchAction","target":{"@type":"EntryPoint","urlTemplate":"https:\/\/www.meydan.tv\/az\/?s={search_term_string}"},"query-input":{"@type":"PropertyValueSpecification","valueRequired":true,"valueName":"search_term_string"}}],"inLanguage":"az"},{"@type":"Organization","@id":"https:\/\/www.meydan.tv\/az\/#organization","name":"Meydan TV","url":"https:\/\/www.meydan.tv\/az\/","logo":{"@type":"ImageObject","inLanguage":"az","@id":"https:\/\/www.meydan.tv\/az\/#\/schema\/logo\/image\/","url":"https:\/\/www.meydan.tv\/wp-content\/uploads\/2021\/07\/meydan-logo.svg","contentUrl":"https:\/\/www.meydan.tv\/wp-content\/uploads\/2021\/07\/meydan-logo.svg","width":195,"height":46,"caption":"Meydan TV"},"image":{"@id":"https:\/\/www.meydan.tv\/az\/#\/schema\/logo\/image\/"}},{"@type":"Person","@id":"https:\/\/www.meydan.tv\/az\/#\/schema\/person\/8f23e01c4de63326c13c319fb65ee65d","name":"roma"}]}},"_links":{"self":[{"href":"https:\/\/www.meydan.tv\/az\/wp-json\/wp\/v2\/posts\/348145","targetHints":{"allow":["GET"]}}],"collection":[{"href":"https:\/\/www.meydan.tv\/az\/wp-json\/wp\/v2\/posts"}],"about":[{"href":"https:\/\/www.meydan.tv\/az\/wp-json\/wp\/v2\/types\/post"}],"author":[{"embeddable":true,"href":"https:\/\/www.meydan.tv\/az\/wp-json\/wp\/v2\/users\/14"}],"replies":[{"embeddable":true,"href":"https:\/\/www.meydan.tv\/az\/wp-json\/wp\/v2\/comments?post=348145"}],"version-history":[{"count":5,"href":"https:\/\/www.meydan.tv\/az\/wp-json\/wp\/v2\/posts\/348145\/revisions"}],"predecessor-version":[{"id":348155,"href":"https:\/\/www.meydan.tv\/az\/wp-json\/wp\/v2\/posts\/348145\/revisions\/348155"}],"wp:featuredmedia":[{"embeddable":true,"href":"https:\/\/www.meydan.tv\/az\/wp-json\/wp\/v2\/media\/348146"}],"wp:attachment":[{"href":"https:\/\/www.meydan.tv\/az\/wp-json\/wp\/v2\/media?parent=348145"}],"wp:term":[{"taxonomy":"category","embeddable":true,"href":"https:\/\/www.meydan.tv\/az\/wp-json\/wp\/v2\/categories?post=348145"},{"taxonomy":"post_tag","embeddable":true,"href":"https:\/\/www.meydan.tv\/az\/wp-json\/wp\/v2\/tags?post=348145"}],"curies":[{"name":"wp","href":"https:\/\/api.w.org\/{rel}","templated":true}]}}