{"id":348142,"date":"2026-08-13T17:16:06","date_gmt":"2026-08-13T13:16:06","guid":{"rendered":"https:\/\/www.meydan.tv\/?p=348142"},"modified":"2026-08-13T17:16:09","modified_gmt":"2026-08-13T13:16:09","slug":"axcp-f%c9%99alinin-c%c9%99zac%c9%99km%c9%99-mu%c9%99ssis%c9%99sind%c9%99-doyulduyu-deyilir","status":"publish","type":"post","link":"https:\/\/www.meydan.tv\/az\/article\/axcp-f%c9%99alinin-c%c9%99zac%c9%99km%c9%99-mu%c9%99ssis%c9%99sind%c9%99-doyulduyu-deyilir\/","title":{"rendered":"AXCP f\u0259al\u0131n\u0131n c\u0259za\u00e7\u0259km\u0259 m\u00fc\u0259ssis\u0259sind\u0259 d\u00f6y\u00fcld\u00fcy\u00fc deyilir"},"content":{"rendered":"\n<p class=\"wp-block-paragraph\">Az\u0259rbaycan Xalq C\u0259bh\u0259si Partiyas\u0131n\u0131n (AXCP) h\u0259bsd\u0259 olan f\u0259al\u0131 Elnur H\u0259s\u0259novun 6 sayl\u0131 C\u0259za\u00e7\u0259km\u0259 M\u00fc\u0259ssis\u0259sind\u0259 d\u00f6y\u00fcld\u00fcy\u00fc v\u0259 haz\u0131rda v\u0259ziyy\u0259tinin a\u011f\u0131r oldu\u011fu bildirilir.<\/p>\n\n\n\n<p class=\"wp-block-paragraph\">M\u0259lumat\u0131 AXCP M\u0259rk\u0259zi N\u0259zar\u0259t-T\u0259fti\u015f Komissiyas\u0131n\u0131n s\u0259dri T\u0259z\u0259xan Mir\u0259l\u0259mli <a href=\"https:\/\/www.facebook.com\/photo?fbid=27898349209818798&amp;set=a.121119957968430\" target=\"_blank\" rel=\"noreferrer noopener nofollow\">sosial \u015f\u0259b\u0259k\u0259d\u0259 yay\u0131b.<\/a><\/p>\n\n\n\n<p class=\"wp-block-paragraph\">Mir\u0259l\u0259mli bildirib ki, Elnur H\u0259s\u0259nov bu il yanvar\u0131n 30-da 6 ayl\u0131q qapal\u0131 rejimli h\u0259bsxana \u015f\u0259raitin\u0259 k\u00f6\u00e7\u00fcr\u00fcl\u00fcb. Onun s\u00f6zl\u0259rin\u0259 g\u00f6r\u0259, iyulun 30-da bu m\u00fcdd\u0259t ba\u015fa \u00e7atd\u0131qdan sonra H\u0259s\u0259nov 6 sayl\u0131 C\u0259za\u00e7\u0259km\u0259 M\u00fc\u0259ssis\u0259sin\u0259 apar\u0131l\u0131b.<\/p>\n\n\n\n<p class=\"wp-block-paragraph\"><em>\u201cBu m\u00fcdd\u0259t \u0259rzind\u0259 n\u0259 \u00f6z\u00fc z\u0259ng edib, n\u0259 d\u0259 ondan bir x\u0259b\u0259r almaq m\u00fcmk\u00fcn olub. Bu g\u00fcn Elnura yax\u0131n bir \u015f\u0259xsl\u0259 \u0259laq\u0259 saxlan\u0131l\u0131b v\u0259 ona Elnur H\u0259s\u0259novun haz\u0131rda \u018fdliyy\u0259 Nazirliyinin Penitensiar Xidm\u0259tinin M\u00fcalic\u0259 M\u00fc\u0259ssis\u0259sind\u0259 oldu\u011fu bildirilib. V\u0259ziyy\u0259ti \u00e7ox a\u011f\u0131rd\u0131r. H\u0259min \u015f\u0259xs onu da bildirib ki, Elnuru 6 sayl\u0131 C\u0259za\u00e7\u0259km\u0259 M\u00fc\u0259ssis\u0259sind\u0259 d\u00f6y\u0259r\u0259k tan\u0131nmaz hala sal\u0131blar\u201d<\/em>, &#8211; Mir\u0259l\u0259mli yaz\u0131b.<\/p>\n\n\n\n<p class=\"wp-block-paragraph\">Mir\u0259l\u0259mli \u018fdliyy\u0259 Nazirliyinin Tibb Ba\u015f \u0130dar\u0259sini, Penitensiar Xidm\u0259ti v\u0259 Ombudsman\u0131 m\u0259s\u0259l\u0259ni ara\u015fd\u0131rma\u011fa \u00e7a\u011f\u0131r\u0131b.<\/p>\n\n\n\n<p class=\"wp-block-paragraph\">Meydan TV m\u0259s\u0259l\u0259 il\u0259 ba\u011fl\u0131 \u018fdliyy\u0259 Nazirliyinin Tibb Ba\u015f \u0130dar\u0259si, Penitensiar Xidm\u0259t v\u0259 Ombudsmanla \u0259laq\u0259 saxlama\u011fa \u00e7al\u0131\u015fsa da, m\u00fcnasib\u0259tini \u00f6yr\u0259nm\u0259k m\u00fcmk\u00fcn olmay\u0131b.<\/p>\n\n\n\n<p class=\"wp-block-paragraph\">Elnur H\u0259s\u0259nov 2023-c\u00fc noyabr\u0131n 28-d\u0259n narkotik vasit\u0259l\u0259rin qanunsuz d\u00f6vriyy\u0259si ittiham\u0131 il\u0259 h\u0259bs edilib. 2024-c\u00fc il avqustun 2-d\u0259 Bak\u0131 A\u011f\u0131r Cinay\u0259tl\u0259r M\u0259hk\u0259m\u0259si onu 3 il m\u00fcdd\u0259tin\u0259 azadl\u0131qdan m\u0259hrum edib. H\u0259s\u0259nov ittiham\u0131 q\u0259bul etmir v\u0259 h\u0259bsinin siyasi motivli oldu\u011funu bildirir.<\/p>\n","protected":false},"excerpt":{"rendered":"<p>Az\u0259rbaycan Xalq C\u0259bh\u0259si Partiyas\u0131n\u0131n (AXCP) h\u0259bsd\u0259 olan f\u0259al\u0131 Elnur H\u0259s\u0259novun &#8230; <\/p>\n<p class=\"read-more-container\"><a title=\"AXCP f\u0259al\u0131n\u0131n c\u0259za\u00e7\u0259km\u0259 m\u00fc\u0259ssis\u0259sind\u0259 d\u00f6y\u00fcld\u00fcy\u00fc deyilir\" class=\"read-more button\" href=\"https:\/\/www.meydan.tv\/az\/article\/axcp-f%c9%99alinin-c%c9%99zac%c9%99km%c9%99-mu%c9%99ssis%c9%99sind%c9%99-doyulduyu-deyilir\/#more-348142\" aria-label=\"Read more about AXCP f\u0259al\u0131n\u0131n c\u0259za\u00e7\u0259km\u0259 m\u00fc\u0259ssis\u0259sind\u0259 d\u00f6y\u00fcld\u00fcy\u00fc deyilir\">Davam\u0131<\/a><\/p>\n","protected":false},"author":21,"featured_media":304297,"comment_status":"closed","ping_status":"closed","sticky":false,"template":"","format":"standard","meta":{"_acf_changed":false,"_sitemap_exclude":false,"_sitemap_priority":"","_sitemap_frequency":"","footnotes":""},"categories":[59,79,56],"tags":[],"class_list":["post-348142","post","type-post","status-publish","format-standard","has-post-thumbnail","hentry","category-siyaset","category-featured","category-xeberler","infinite-scroll-item","generate-columns","tablet-grid-50","mobile-grid-100","grid-parent","grid-33","no-featured-image-padding"],"acf":[],"yoast_head":"<!-- This site is optimized with the Yoast SEO plugin v28.4 - https:\/\/yoast.com\/product\/yoast-seo-wordpress\/ -->\n<title>AXCP f\u0259al\u0131n\u0131n c\u0259za\u00e7\u0259km\u0259 m\u00fc\u0259ssis\u0259sind\u0259 d\u00f6y\u00fcld\u00fcy\u00fc deyilir - MEYDAN.TV<\/title>\n<meta name=\"robots\" content=\"index, follow, max-snippet:-1, max-image-preview:large, max-video-preview:-1\" \/>\n<link rel=\"canonical\" href=\"https:\/\/www.meydan.tv\/az\/article\/axcp-f%c9%99alinin-c%c9%99zac%c9%99km%c9%99-mu%c9%99ssis%c9%99sind%c9%99-doyulduyu-deyilir\/\" \/>\n<meta property=\"og:locale\" content=\"az_AZ\" \/>\n<meta property=\"og:type\" content=\"article\" \/>\n<meta property=\"og:title\" content=\"AXCP f\u0259al\u0131n\u0131n c\u0259za\u00e7\u0259km\u0259 m\u00fc\u0259ssis\u0259sind\u0259 d\u00f6y\u00fcld\u00fcy\u00fc deyilir - MEYDAN.TV\" \/>\n<meta property=\"og:description\" content=\"Az\u0259rbaycan Xalq C\u0259bh\u0259si Partiyas\u0131n\u0131n (AXCP) h\u0259bsd\u0259 olan f\u0259al\u0131 Elnur H\u0259s\u0259novun ... Davam\u0131\" \/>\n<meta property=\"og:url\" content=\"https:\/\/www.meydan.tv\/az\/article\/axcp-f%c9%99alinin-c%c9%99zac%c9%99km%c9%99-mu%c9%99ssis%c9%99sind%c9%99-doyulduyu-deyilir\/\" \/>\n<meta property=\"og:site_name\" content=\"MEYDAN.TV\" \/>\n<meta property=\"article:published_time\" content=\"2026-08-13T13:16:06+00:00\" \/>\n<meta property=\"article:modified_time\" content=\"2026-08-13T13:16:09+00:00\" \/>\n<meta property=\"og:image\" content=\"https:\/\/www.meydan.tv\/wp-content\/uploads\/09320000-0a00-0242-d1b4-08db08597220_cx0_cy30_cw0_w1597_n_r1_st_s-e1714056945440.jpg\" \/>\n\t<meta property=\"og:image:width\" content=\"1200\" \/>\n\t<meta property=\"og:image:height\" content=\"450\" \/>\n\t<meta property=\"og:image:type\" content=\"image\/jpeg\" \/>\n<meta name=\"twitter:card\" content=\"summary_large_image\" \/>\n<!-- \/ Yoast SEO plugin. -->","yoast_head_json":{"title":"AXCP f\u0259al\u0131n\u0131n c\u0259za\u00e7\u0259km\u0259 m\u00fc\u0259ssis\u0259sind\u0259 d\u00f6y\u00fcld\u00fcy\u00fc deyilir - MEYDAN.TV","robots":{"index":"index","follow":"follow","max-snippet":"max-snippet:-1","max-image-preview":"max-image-preview:large","max-video-preview":"max-video-preview:-1"},"canonical":"https:\/\/www.meydan.tv\/az\/article\/axcp-f%c9%99alinin-c%c9%99zac%c9%99km%c9%99-mu%c9%99ssis%c9%99sind%c9%99-doyulduyu-deyilir\/","og_locale":"az_AZ","og_type":"article","og_title":"AXCP f\u0259al\u0131n\u0131n c\u0259za\u00e7\u0259km\u0259 m\u00fc\u0259ssis\u0259sind\u0259 d\u00f6y\u00fcld\u00fcy\u00fc deyilir - MEYDAN.TV","og_description":"Az\u0259rbaycan Xalq C\u0259bh\u0259si Partiyas\u0131n\u0131n (AXCP) h\u0259bsd\u0259 olan f\u0259al\u0131 Elnur H\u0259s\u0259novun ... Davam\u0131","og_url":"https:\/\/www.meydan.tv\/az\/article\/axcp-f%c9%99alinin-c%c9%99zac%c9%99km%c9%99-mu%c9%99ssis%c9%99sind%c9%99-doyulduyu-deyilir\/","og_site_name":"MEYDAN.TV","article_published_time":"2026-08-13T13:16:06+00:00","article_modified_time":"2026-08-13T13:16:09+00:00","og_image":[{"width":1200,"height":450,"url":"https:\/\/www.meydan.tv\/wp-content\/uploads\/09320000-0a00-0242-d1b4-08db08597220_cx0_cy30_cw0_w1597_n_r1_st_s-e1714056945440.jpg","type":"image\/jpeg"}],"twitter_card":"summary_large_image","schema":{"@context":"https:\/\/schema.org","@graph":[{"@type":"Article","@id":"https:\/\/www.meydan.tv\/az\/article\/axcp-f%c9%99alinin-c%c9%99zac%c9%99km%c9%99-mu%c9%99ssis%c9%99sind%c9%99-doyulduyu-deyilir\/#article","isPartOf":{"@id":"https:\/\/www.meydan.tv\/az\/article\/axcp-f%c9%99alinin-c%c9%99zac%c9%99km%c9%99-mu%c9%99ssis%c9%99sind%c9%99-doyulduyu-deyilir\/"},"author":{"name":"mahmud","@id":"https:\/\/www.meydan.tv\/az\/#\/schema\/person\/09863e516102a829e72bedcf3f84c6b0"},"headline":"AXCP f\u0259al\u0131n\u0131n c\u0259za\u00e7\u0259km\u0259 m\u00fc\u0259ssis\u0259sind\u0259 d\u00f6y\u00fcld\u00fcy\u00fc deyilir","datePublished":"2026-08-13T13:16:06+00:00","dateModified":"2026-08-13T13:16:09+00:00","mainEntityOfPage":{"@id":"https:\/\/www.meydan.tv\/az\/article\/axcp-f%c9%99alinin-c%c9%99zac%c9%99km%c9%99-mu%c9%99ssis%c9%99sind%c9%99-doyulduyu-deyilir\/"},"wordCount":353,"publisher":{"@id":"https:\/\/www.meydan.tv\/az\/#organization"},"image":{"@id":"https:\/\/www.meydan.tv\/az\/article\/axcp-f%c9%99alinin-c%c9%99zac%c9%99km%c9%99-mu%c9%99ssis%c9%99sind%c9%99-doyulduyu-deyilir\/#primaryimage"},"thumbnailUrl":"https:\/\/www.meydan.tv\/wp-content\/uploads\/09320000-0a00-0242-d1b4-08db08597220_cx0_cy30_cw0_w1597_n_r1_st_s-e1714056945440.jpg","articleSection":["Siyas\u0259t","T\u00f6vsiy\u0259","X\u0259b\u0259rl\u0259r"],"inLanguage":"az"},{"@type":"WebPage","@id":"https:\/\/www.meydan.tv\/az\/article\/axcp-f%c9%99alinin-c%c9%99zac%c9%99km%c9%99-mu%c9%99ssis%c9%99sind%c9%99-doyulduyu-deyilir\/","url":"https:\/\/www.meydan.tv\/az\/article\/axcp-f%c9%99alinin-c%c9%99zac%c9%99km%c9%99-mu%c9%99ssis%c9%99sind%c9%99-doyulduyu-deyilir\/","name":"AXCP f\u0259al\u0131n\u0131n c\u0259za\u00e7\u0259km\u0259 m\u00fc\u0259ssis\u0259sind\u0259 d\u00f6y\u00fcld\u00fcy\u00fc deyilir - MEYDAN.TV","isPartOf":{"@id":"https:\/\/www.meydan.tv\/az\/#website"},"primaryImageOfPage":{"@id":"https:\/\/www.meydan.tv\/az\/article\/axcp-f%c9%99alinin-c%c9%99zac%c9%99km%c9%99-mu%c9%99ssis%c9%99sind%c9%99-doyulduyu-deyilir\/#primaryimage"},"image":{"@id":"https:\/\/www.meydan.tv\/az\/article\/axcp-f%c9%99alinin-c%c9%99zac%c9%99km%c9%99-mu%c9%99ssis%c9%99sind%c9%99-doyulduyu-deyilir\/#primaryimage"},"thumbnailUrl":"https:\/\/www.meydan.tv\/wp-content\/uploads\/09320000-0a00-0242-d1b4-08db08597220_cx0_cy30_cw0_w1597_n_r1_st_s-e1714056945440.jpg","datePublished":"2026-08-13T13:16:06+00:00","dateModified":"2026-08-13T13:16:09+00:00","breadcrumb":{"@id":"https:\/\/www.meydan.tv\/az\/article\/axcp-f%c9%99alinin-c%c9%99zac%c9%99km%c9%99-mu%c9%99ssis%c9%99sind%c9%99-doyulduyu-deyilir\/#breadcrumb"},"inLanguage":"az","potentialAction":[{"@type":"ReadAction","target":["https:\/\/www.meydan.tv\/az\/article\/axcp-f%c9%99alinin-c%c9%99zac%c9%99km%c9%99-mu%c9%99ssis%c9%99sind%c9%99-doyulduyu-deyilir\/"]}]},{"@type":"ImageObject","inLanguage":"az","@id":"https:\/\/www.meydan.tv\/az\/article\/axcp-f%c9%99alinin-c%c9%99zac%c9%99km%c9%99-mu%c9%99ssis%c9%99sind%c9%99-doyulduyu-deyilir\/#primaryimage","url":"https:\/\/www.meydan.tv\/wp-content\/uploads\/09320000-0a00-0242-d1b4-08db08597220_cx0_cy30_cw0_w1597_n_r1_st_s-e1714056945440.jpg","contentUrl":"https:\/\/www.meydan.tv\/wp-content\/uploads\/09320000-0a00-0242-d1b4-08db08597220_cx0_cy30_cw0_w1597_n_r1_st_s-e1714056945440.jpg","width":1200,"height":450,"caption":"Foto: Elnur H\u0259s\u0259novun \u015f\u0259xsi arxivind\u0259n"},{"@type":"BreadcrumbList","@id":"https:\/\/www.meydan.tv\/az\/article\/axcp-f%c9%99alinin-c%c9%99zac%c9%99km%c9%99-mu%c9%99ssis%c9%99sind%c9%99-doyulduyu-deyilir\/#breadcrumb","itemListElement":[{"@type":"ListItem","position":1,"name":"Ana s\u0259hif\u0259","item":"https:\/\/www.meydan.tv\/az\/"},{"@type":"ListItem","position":2,"name":"Siyas\u0259t","item":"https:\/\/www.meydan.tv\/az\/section\/siyaset\/"},{"@type":"ListItem","position":3,"name":"AXCP f\u0259al\u0131n\u0131n c\u0259za\u00e7\u0259km\u0259 m\u00fc\u0259ssis\u0259sind\u0259 d\u00f6y\u00fcld\u00fcy\u00fc deyilir"}]},{"@type":"WebSite","@id":"https:\/\/www.meydan.tv\/az\/#website","url":"https:\/\/www.meydan.tv\/az\/","name":"MEYDAN.TV","description":"Meydan TV Az\u0259rbaycan\u0131n media m\u0259kan\u0131ndak\u0131 alternativ s\u0259sidir","publisher":{"@id":"https:\/\/www.meydan.tv\/az\/#organization"},"potentialAction":[{"@type":"SearchAction","target":{"@type":"EntryPoint","urlTemplate":"https:\/\/www.meydan.tv\/az\/?s={search_term_string}"},"query-input":{"@type":"PropertyValueSpecification","valueRequired":true,"valueName":"search_term_string"}}],"inLanguage":"az"},{"@type":"Organization","@id":"https:\/\/www.meydan.tv\/az\/#organization","name":"Meydan TV","url":"https:\/\/www.meydan.tv\/az\/","logo":{"@type":"ImageObject","inLanguage":"az","@id":"https:\/\/www.meydan.tv\/az\/#\/schema\/logo\/image\/","url":"https:\/\/www.meydan.tv\/wp-content\/uploads\/2021\/07\/meydan-logo.svg","contentUrl":"https:\/\/www.meydan.tv\/wp-content\/uploads\/2021\/07\/meydan-logo.svg","width":195,"height":46,"caption":"Meydan TV"},"image":{"@id":"https:\/\/www.meydan.tv\/az\/#\/schema\/logo\/image\/"}},{"@type":"Person","@id":"https:\/\/www.meydan.tv\/az\/#\/schema\/person\/09863e516102a829e72bedcf3f84c6b0","name":"mahmud"}]}},"_links":{"self":[{"href":"https:\/\/www.meydan.tv\/az\/wp-json\/wp\/v2\/posts\/348142","targetHints":{"allow":["GET"]}}],"collection":[{"href":"https:\/\/www.meydan.tv\/az\/wp-json\/wp\/v2\/posts"}],"about":[{"href":"https:\/\/www.meydan.tv\/az\/wp-json\/wp\/v2\/types\/post"}],"author":[{"embeddable":true,"href":"https:\/\/www.meydan.tv\/az\/wp-json\/wp\/v2\/users\/21"}],"replies":[{"embeddable":true,"href":"https:\/\/www.meydan.tv\/az\/wp-json\/wp\/v2\/comments?post=348142"}],"version-history":[{"count":2,"href":"https:\/\/www.meydan.tv\/az\/wp-json\/wp\/v2\/posts\/348142\/revisions"}],"predecessor-version":[{"id":348144,"href":"https:\/\/www.meydan.tv\/az\/wp-json\/wp\/v2\/posts\/348142\/revisions\/348144"}],"wp:featuredmedia":[{"embeddable":true,"href":"https:\/\/www.meydan.tv\/az\/wp-json\/wp\/v2\/media\/304297"}],"wp:attachment":[{"href":"https:\/\/www.meydan.tv\/az\/wp-json\/wp\/v2\/media?parent=348142"}],"wp:term":[{"taxonomy":"category","embeddable":true,"href":"https:\/\/www.meydan.tv\/az\/wp-json\/wp\/v2\/categories?post=348142"},{"taxonomy":"post_tag","embeddable":true,"href":"https:\/\/www.meydan.tv\/az\/wp-json\/wp\/v2\/tags?post=348142"}],"curies":[{"name":"wp","href":"https:\/\/api.w.org\/{rel}","templated":true}]}}