{"id":348132,"date":"2026-08-13T14:20:19","date_gmt":"2026-08-13T10:20:19","guid":{"rendered":"https:\/\/www.meydan.tv\/?p=348132"},"modified":"2026-08-13T14:20:21","modified_gmt":"2026-08-13T10:20:21","slug":"ombudsmani-olk%c9%99d%c9%99-umumiyy%c9%99tl%c9%99-m%c9%99hbus-yoxdur-dem%c9%99y%c9%99-cagiririq","status":"publish","type":"post","link":"https:\/\/www.meydan.tv\/az\/article\/ombudsmani-olk%c9%99d%c9%99-umumiyy%c9%99tl%c9%99-m%c9%99hbus-yoxdur-dem%c9%99y%c9%99-cagiririq\/","title":{"rendered":"&#8220;Ombudsman\u0131 \u201c\u00f6lk\u0259d\u0259 \u00fcmumiyy\u0259tl\u0259 m\u0259hbus yoxdur\u201d dem\u0259y\u0259 \u00e7a\u011f\u0131r\u0131r\u0131q\u201d"},"content":{"rendered":"\n<p class=\"wp-block-paragraph\">\u201cToplum TV i\u015fi\u201d \u00fczr\u0259 h\u0259bsd\u0259 olan jurnalist F\u0259rid \u0130smay\u0131lov, Demokratik T\u0259\u015f\u0259bb\u00fcsl\u0259r \u0130nstitutunun (\u0130D\u0130) \u0259m\u0259kda\u015flar\u0131 Ramil Babayev v\u0259 \u018fli Zeynal Ombudsman Aparat\u0131n\u0131 h\u0259bsxanalarda operativ n\u0259zar\u0259ti t\u0259min etm\u0259m\u0259kd\u0259 ittiham edibl\u0259r.<\/p>\n\n\n\n<p class=\"wp-block-paragraph\">Toplum TV <a href=\"https:\/\/toplummedia.tv\/siyaset\/pldquoombudsmana-yazilmis-erizeler-tikanli-meftillerden-kenara-ccedilixarilmirrdquop\" target=\"_blank\" rel=\"noreferrer noopener nofollow\">x\u0259b\u0259r verir <\/a>ki, onlar Ombudsman S\u0259bin\u0259 \u018fliyevaya \u00fcnvanlad\u0131qlar\u0131 m\u00fcraci\u0259td\u0259 bu iddialar\u0131 \u0259sasland\u0131raraq quruma bir ne\u00e7\u0259 t\u0259l\u0259b ir\u0259li s\u00fcr\u00fcbl\u0259r.<\/p>\n\n\n\n<p class=\"wp-block-paragraph\">M\u00fcraci\u0259td\u0259 deyilir:<\/p>\n\n\n\n<p class=\"wp-block-paragraph\">\u201c\u2018Yazd\u0131m, amma cavab g\u0259lm\u0259di\u2019, \u2018M\u00fcraci\u0259t etdim, iki ay sonra g\u0259ldil\u0259r. Faydas\u0131 olmad\u0131\u2019 ifad\u0259l\u0259ri h\u0259bsxanalarda \u0259n \u00e7ox e\u015fidil\u0259nl\u0259rd\u0259ndir.<br>\u0130\u015fi insan h\u00fcquqlar\u0131n\u0131n m\u00fcdafi\u0259si olan qurumun f\u0259aliyy\u0259tind\u0259n h\u00fcquqlar\u0131 pozulan \u015f\u0259xsl\u0259rin x\u0259b\u0259ri yoxdur.<\/p>\n\n\n\n<p class=\"wp-block-paragraph\">Ombudsmana yaz\u0131lm\u0131\u015f \u0259riz\u0259l\u0259r tikanl\u0131 m\u0259ftill\u0259rd\u0259n k\u0259nara \u00e7\u0131xar\u0131lm\u0131r, z\u0259ngl\u0259r k\u0259silir, \u00e7\u0259tinlikl\u0259 m\u00fcraci\u0259t ed\u0259n m\u0259hbuslarla is\u0259 operativ \u0259laq\u0259 saxlan\u0131lm\u0131r. H\u0259ms\u00f6hb\u0259t oldu\u011fumuz m\u0259hbuslardan biri demi\u015fdi ki, c\u0259za\u00e7\u0259km\u0259 m\u00fc\u0259ssis\u0259sind\u0259 d\u00f6y\u00fcl\u0259nd\u0259 Ombudsman\u0131n qaynar x\u0259ttin\u0259 z\u0259ng edib. Lakin m\u00fcraci\u0259tin\u0259 iki ay sonra reaksiya veril\u0259nd\u0259 art\u0131q x\u0259sar\u0259t izl\u0259ri sa\u011falm\u0131\u015fd\u0131. Ombudsman Aparat\u0131 il\u0259 g\u00f6r\u00fc\u015fl\u0259rd\u0259 h\u0259r birimiz operativlikl\u0259 ba\u011fl\u0131 etirazlar\u0131m\u0131z\u0131 bildirmi\u015fik. Lakin biz\u0259 veril\u0259n cavab \u201ci\u015f y\u00fck\u00fcm\u00fcz \u00e7oxdur, say\u0131m\u0131z azd\u0131r\u201d olub. Bu is\u0259 h\u00fcquqlar\u0131 pozulan \u015f\u0259xsl\u0259rin problemi deyil.<\/p>\n\n\n\n<p class=\"wp-block-paragraph\">H\u0259bsxanalarda t\u0259kc\u0259 siyasi m\u0259hbuslar\u0131n olmad\u0131\u011f\u0131n\u0131 bildir\u0259r\u0259k, ald\u0131\u011f\u0131n\u0131z \u0259m\u0259k haqq\u0131n\u0131n qar\u015f\u0131l\u0131\u011f\u0131nda a\u015fa\u011f\u0131dak\u0131 t\u0259klifl\u0259rin icras\u0131n\u0131 t\u0259l\u0259b edirik:<\/p>\n\n\n\n<p class=\"wp-block-paragraph\">1. Penitensiar Xidm\u0259t m\u00fc\u0259ssis\u0259l\u0259rind\u0259 ictimai etimad qazanm\u0131\u015f \u015f\u0259xsl\u0259rd\u0259n ibar\u0259t daimi n\u00fcmay\u0259nd\u0259likl\u0259r t\u0259yin olunmal\u0131d\u0131r.<br>2. Penitensiar Xidm\u0259t m\u00fc\u0259ssis\u0259l\u0259rind\u0259 Penitensiar Xidm\u0259tin i\u015ftirak\u0131 olmadan anonim sor\u011fular ke\u00e7irilm\u0259lidir.<br>3. Penitensiar Xidm\u0259t m\u00fc\u0259ssis\u0259l\u0259rind\u0259 m\u0259lumatland\u0131r\u0131c\u0131 l\u00f6vh\u0259l\u0259r qura\u015fd\u0131r\u0131lmal\u0131d\u0131r.<br>4. Penitensiar Xidm\u0259td\u0259 insan h\u00fcquqlar\u0131n\u0131n qorunmas\u0131 \u00fc\u00e7\u00fcn g\u00f6r\u00fcl\u0259n i\u015fl\u0259rl\u0259 ba\u011fl\u0131 ictimai hesabatl\u0131l\u0131q t\u0259min olunmal\u0131d\u0131r.<\/p>\n\n\n\n<p class=\"wp-block-paragraph\">\u018fks t\u0259qdird\u0259, \u201cToplum TV\u201d-y\u0259 m\u00fcsahib\u0259sind\u0259 \u201cAz\u0259rbaycanda siyasi m\u0259hbus yoxdur\u201d dey\u0259n S\u0259bin\u0259 xan\u0131m\u0131 \u201c\u00f6lk\u0259d\u0259 \u00fcmumiyy\u0259tl\u0259 m\u0259hbus yoxdur\u201d dem\u0259y\u0259 \u00e7a\u011f\u0131r\u0131r\u0131q\u201d.<\/p>\n\n\n\n<p class=\"wp-block-paragraph\">\u201cToplum TV i\u015fi\u201d \u00fczr\u0259 \u00fcmumilikd\u0259 10 n\u0259f\u0259r cinay\u0259t m\u0259suliyy\u0259tin\u0259 c\u0259lb edilib. Onlar\u0131n aras\u0131nda III Respublika Platformas\u0131n\u0131n spikeri Akif Qurbanov, qurumun qurucu hey\u0259tinin \u00fczv\u00fc Ruslan \u0130zz\u0259tli, \u201cToplum TV\u201dnin h\u0259mt\u0259sis\u00e7isi \u018fl\u0259sg\u0259r M\u0259mm\u0259dli, videoredaktor M\u00fc\u015ffiq Cabbarov, jurnalist F\u0259rid \u0130smay\u0131lov, Demokratik T\u0259\u015f\u0259bb\u00fcsl\u0259r \u0130nstitutunun \u0259m\u0259kda\u015flar\u0131 \u018fli Zeynalov, \u0130lkin \u018fmrahov v\u0259 Ramil Babayev var.<\/p>\n\n\n\n<p class=\"wp-block-paragraph\">Jurnalist Elmir Abbasov polis n\u0259zar\u0259tin\u0259 verilmi\u015fdi. Toplum TV-nin redaktoru \u015eahnaz B\u0259yl\u0259rq\u0131z\u0131 is\u0259 \u0259vv\u0259lc\u0259 ev dustaql\u0131\u011f\u0131na burax\u0131l\u0131b, daha sonra bar\u0259sind\u0259 polis n\u0259zar\u0259tin\u0259 verilm\u0259 q\u0259timkan t\u0259dbiri se\u00e7ilib.<\/p>\n\n\n\n<p class=\"wp-block-paragraph\">\u201cToplum TV i\u015fi\u201d \u00fczr\u0259 h\u0259bs olunan \u015f\u0259xsl\u0259r \u0259vv\u0259lc\u0259 qa\u00e7aqmal\u00e7\u0131l\u0131qda ittiham edils\u0259l\u0259r d\u0259, sonradan onlara qar\u015f\u0131 ittihamlar a\u011f\u0131rla\u015fd\u0131r\u0131l\u0131b.<\/p>\n\n\n\n<p class=\"wp-block-paragraph\">T\u0259qsirl\u0259ndiril\u0259n \u015f\u0259xsl\u0259r ittihamlar\u0131 r\u0259dd edir v\u0259 siyasi sifari\u015f \u0259sas\u0131nda h\u0259bs olunduqlar\u0131n\u0131 bildirirl\u0259r.<\/p>\n","protected":false},"excerpt":{"rendered":"<p>\u201cToplum TV i\u015fi\u201d \u00fczr\u0259 h\u0259bsd\u0259 olan jurnalist F\u0259rid \u0130smay\u0131lov, Demokratik &#8230; <\/p>\n<p class=\"read-more-container\"><a title=\"&#8220;Ombudsman\u0131 \u201c\u00f6lk\u0259d\u0259 \u00fcmumiyy\u0259tl\u0259 m\u0259hbus yoxdur\u201d dem\u0259y\u0259 \u00e7a\u011f\u0131r\u0131r\u0131q\u201d\" class=\"read-more button\" href=\"https:\/\/www.meydan.tv\/az\/article\/ombudsmani-olk%c9%99d%c9%99-umumiyy%c9%99tl%c9%99-m%c9%99hbus-yoxdur-dem%c9%99y%c9%99-cagiririq\/#more-348132\" aria-label=\"Read more about &#8220;Ombudsman\u0131 \u201c\u00f6lk\u0259d\u0259 \u00fcmumiyy\u0259tl\u0259 m\u0259hbus yoxdur\u201d dem\u0259y\u0259 \u00e7a\u011f\u0131r\u0131r\u0131q\u201d\">Davam\u0131<\/a><\/p>\n","protected":false},"author":21,"featured_media":348134,"comment_status":"closed","ping_status":"closed","sticky":false,"template":"","format":"standard","meta":{"_acf_changed":false,"_sitemap_exclude":false,"_sitemap_priority":"","_sitemap_frequency":"","footnotes":""},"categories":[59,79,56],"tags":[],"class_list":["post-348132","post","type-post","status-publish","format-standard","has-post-thumbnail","hentry","category-siyaset","category-featured","category-xeberler","infinite-scroll-item","generate-columns","tablet-grid-50","mobile-grid-100","grid-parent","grid-33","no-featured-image-padding"],"acf":[],"yoast_head":"<!-- This site is optimized with the Yoast SEO plugin v28.4 - https:\/\/yoast.com\/product\/yoast-seo-wordpress\/ -->\n<title>&quot;Ombudsman\u0131 \u201c\u00f6lk\u0259d\u0259 \u00fcmumiyy\u0259tl\u0259 m\u0259hbus yoxdur\u201d dem\u0259y\u0259 \u00e7a\u011f\u0131r\u0131r\u0131q\u201d - MEYDAN.TV<\/title>\n<meta name=\"robots\" content=\"index, follow, max-snippet:-1, max-image-preview:large, max-video-preview:-1\" \/>\n<link rel=\"canonical\" href=\"https:\/\/www.meydan.tv\/az\/article\/ombudsmani-olk%c9%99d%c9%99-umumiyy%c9%99tl%c9%99-m%c9%99hbus-yoxdur-dem%c9%99y%c9%99-cagiririq\/\" \/>\n<meta property=\"og:locale\" content=\"az_AZ\" \/>\n<meta property=\"og:type\" content=\"article\" \/>\n<meta property=\"og:title\" content=\"&quot;Ombudsman\u0131 \u201c\u00f6lk\u0259d\u0259 \u00fcmumiyy\u0259tl\u0259 m\u0259hbus yoxdur\u201d dem\u0259y\u0259 \u00e7a\u011f\u0131r\u0131r\u0131q\u201d - MEYDAN.TV\" \/>\n<meta property=\"og:description\" content=\"\u201cToplum TV i\u015fi\u201d \u00fczr\u0259 h\u0259bsd\u0259 olan jurnalist F\u0259rid \u0130smay\u0131lov, Demokratik ... Davam\u0131\" \/>\n<meta property=\"og:url\" content=\"https:\/\/www.meydan.tv\/az\/article\/ombudsmani-olk%c9%99d%c9%99-umumiyy%c9%99tl%c9%99-m%c9%99hbus-yoxdur-dem%c9%99y%c9%99-cagiririq\/\" \/>\n<meta property=\"og:site_name\" content=\"MEYDAN.TV\" \/>\n<meta property=\"article:published_time\" content=\"2026-08-13T10:20:19+00:00\" \/>\n<meta property=\"article:modified_time\" content=\"2026-08-13T10:20:21+00:00\" \/>\n<meta property=\"og:image\" content=\"https:\/\/www.meydan.tv\/wp-content\/uploads\/09877-1200x586.png\" \/>\n\t<meta property=\"og:image:width\" content=\"1200\" \/>\n\t<meta property=\"og:image:height\" content=\"586\" \/>\n\t<meta property=\"og:image:type\" content=\"image\/png\" \/>\n<meta name=\"twitter:card\" content=\"summary_large_image\" \/>\n<!-- \/ Yoast SEO plugin. -->","yoast_head_json":{"title":"\"Ombudsman\u0131 \u201c\u00f6lk\u0259d\u0259 \u00fcmumiyy\u0259tl\u0259 m\u0259hbus yoxdur\u201d dem\u0259y\u0259 \u00e7a\u011f\u0131r\u0131r\u0131q\u201d - MEYDAN.TV","robots":{"index":"index","follow":"follow","max-snippet":"max-snippet:-1","max-image-preview":"max-image-preview:large","max-video-preview":"max-video-preview:-1"},"canonical":"https:\/\/www.meydan.tv\/az\/article\/ombudsmani-olk%c9%99d%c9%99-umumiyy%c9%99tl%c9%99-m%c9%99hbus-yoxdur-dem%c9%99y%c9%99-cagiririq\/","og_locale":"az_AZ","og_type":"article","og_title":"\"Ombudsman\u0131 \u201c\u00f6lk\u0259d\u0259 \u00fcmumiyy\u0259tl\u0259 m\u0259hbus yoxdur\u201d dem\u0259y\u0259 \u00e7a\u011f\u0131r\u0131r\u0131q\u201d - MEYDAN.TV","og_description":"\u201cToplum TV i\u015fi\u201d \u00fczr\u0259 h\u0259bsd\u0259 olan jurnalist F\u0259rid \u0130smay\u0131lov, Demokratik ... Davam\u0131","og_url":"https:\/\/www.meydan.tv\/az\/article\/ombudsmani-olk%c9%99d%c9%99-umumiyy%c9%99tl%c9%99-m%c9%99hbus-yoxdur-dem%c9%99y%c9%99-cagiririq\/","og_site_name":"MEYDAN.TV","article_published_time":"2026-08-13T10:20:19+00:00","article_modified_time":"2026-08-13T10:20:21+00:00","og_image":[{"width":1200,"height":586,"url":"https:\/\/www.meydan.tv\/wp-content\/uploads\/09877-1200x586.png","type":"image\/png"}],"twitter_card":"summary_large_image","schema":{"@context":"https:\/\/schema.org","@graph":[{"@type":"Article","@id":"https:\/\/www.meydan.tv\/az\/article\/ombudsmani-olk%c9%99d%c9%99-umumiyy%c9%99tl%c9%99-m%c9%99hbus-yoxdur-dem%c9%99y%c9%99-cagiririq\/#article","isPartOf":{"@id":"https:\/\/www.meydan.tv\/az\/article\/ombudsmani-olk%c9%99d%c9%99-umumiyy%c9%99tl%c9%99-m%c9%99hbus-yoxdur-dem%c9%99y%c9%99-cagiririq\/"},"author":{"name":"mahmud","@id":"https:\/\/www.meydan.tv\/az\/#\/schema\/person\/09863e516102a829e72bedcf3f84c6b0"},"headline":"&#8220;Ombudsman\u0131 \u201c\u00f6lk\u0259d\u0259 \u00fcmumiyy\u0259tl\u0259 m\u0259hbus yoxdur\u201d dem\u0259y\u0259 \u00e7a\u011f\u0131r\u0131r\u0131q\u201d","datePublished":"2026-08-13T10:20:19+00:00","dateModified":"2026-08-13T10:20:21+00:00","mainEntityOfPage":{"@id":"https:\/\/www.meydan.tv\/az\/article\/ombudsmani-olk%c9%99d%c9%99-umumiyy%c9%99tl%c9%99-m%c9%99hbus-yoxdur-dem%c9%99y%c9%99-cagiririq\/"},"wordCount":613,"publisher":{"@id":"https:\/\/www.meydan.tv\/az\/#organization"},"image":{"@id":"https:\/\/www.meydan.tv\/az\/article\/ombudsmani-olk%c9%99d%c9%99-umumiyy%c9%99tl%c9%99-m%c9%99hbus-yoxdur-dem%c9%99y%c9%99-cagiririq\/#primaryimage"},"thumbnailUrl":"https:\/\/www.meydan.tv\/wp-content\/uploads\/09877.png","articleSection":["Siyas\u0259t","T\u00f6vsiy\u0259","X\u0259b\u0259rl\u0259r"],"inLanguage":"az"},{"@type":"WebPage","@id":"https:\/\/www.meydan.tv\/az\/article\/ombudsmani-olk%c9%99d%c9%99-umumiyy%c9%99tl%c9%99-m%c9%99hbus-yoxdur-dem%c9%99y%c9%99-cagiririq\/","url":"https:\/\/www.meydan.tv\/az\/article\/ombudsmani-olk%c9%99d%c9%99-umumiyy%c9%99tl%c9%99-m%c9%99hbus-yoxdur-dem%c9%99y%c9%99-cagiririq\/","name":"\"Ombudsman\u0131 \u201c\u00f6lk\u0259d\u0259 \u00fcmumiyy\u0259tl\u0259 m\u0259hbus yoxdur\u201d dem\u0259y\u0259 \u00e7a\u011f\u0131r\u0131r\u0131q\u201d - MEYDAN.TV","isPartOf":{"@id":"https:\/\/www.meydan.tv\/az\/#website"},"primaryImageOfPage":{"@id":"https:\/\/www.meydan.tv\/az\/article\/ombudsmani-olk%c9%99d%c9%99-umumiyy%c9%99tl%c9%99-m%c9%99hbus-yoxdur-dem%c9%99y%c9%99-cagiririq\/#primaryimage"},"image":{"@id":"https:\/\/www.meydan.tv\/az\/article\/ombudsmani-olk%c9%99d%c9%99-umumiyy%c9%99tl%c9%99-m%c9%99hbus-yoxdur-dem%c9%99y%c9%99-cagiririq\/#primaryimage"},"thumbnailUrl":"https:\/\/www.meydan.tv\/wp-content\/uploads\/09877.png","datePublished":"2026-08-13T10:20:19+00:00","dateModified":"2026-08-13T10:20:21+00:00","breadcrumb":{"@id":"https:\/\/www.meydan.tv\/az\/article\/ombudsmani-olk%c9%99d%c9%99-umumiyy%c9%99tl%c9%99-m%c9%99hbus-yoxdur-dem%c9%99y%c9%99-cagiririq\/#breadcrumb"},"inLanguage":"az","potentialAction":[{"@type":"ReadAction","target":["https:\/\/www.meydan.tv\/az\/article\/ombudsmani-olk%c9%99d%c9%99-umumiyy%c9%99tl%c9%99-m%c9%99hbus-yoxdur-dem%c9%99y%c9%99-cagiririq\/"]}]},{"@type":"ImageObject","inLanguage":"az","@id":"https:\/\/www.meydan.tv\/az\/article\/ombudsmani-olk%c9%99d%c9%99-umumiyy%c9%99tl%c9%99-m%c9%99hbus-yoxdur-dem%c9%99y%c9%99-cagiririq\/#primaryimage","url":"https:\/\/www.meydan.tv\/wp-content\/uploads\/09877.png","contentUrl":"https:\/\/www.meydan.tv\/wp-content\/uploads\/09877.png","width":1920,"height":938,"caption":"\u0130ll\u00fcstrasiya: Chatgpt"},{"@type":"BreadcrumbList","@id":"https:\/\/www.meydan.tv\/az\/article\/ombudsmani-olk%c9%99d%c9%99-umumiyy%c9%99tl%c9%99-m%c9%99hbus-yoxdur-dem%c9%99y%c9%99-cagiririq\/#breadcrumb","itemListElement":[{"@type":"ListItem","position":1,"name":"Ana s\u0259hif\u0259","item":"https:\/\/www.meydan.tv\/az\/"},{"@type":"ListItem","position":2,"name":"Siyas\u0259t","item":"https:\/\/www.meydan.tv\/az\/section\/siyaset\/"},{"@type":"ListItem","position":3,"name":"&#8220;Ombudsman\u0131 \u201c\u00f6lk\u0259d\u0259 \u00fcmumiyy\u0259tl\u0259 m\u0259hbus yoxdur\u201d dem\u0259y\u0259 \u00e7a\u011f\u0131r\u0131r\u0131q\u201d"}]},{"@type":"WebSite","@id":"https:\/\/www.meydan.tv\/az\/#website","url":"https:\/\/www.meydan.tv\/az\/","name":"MEYDAN.TV","description":"Meydan TV Az\u0259rbaycan\u0131n media m\u0259kan\u0131ndak\u0131 alternativ s\u0259sidir","publisher":{"@id":"https:\/\/www.meydan.tv\/az\/#organization"},"potentialAction":[{"@type":"SearchAction","target":{"@type":"EntryPoint","urlTemplate":"https:\/\/www.meydan.tv\/az\/?s={search_term_string}"},"query-input":{"@type":"PropertyValueSpecification","valueRequired":true,"valueName":"search_term_string"}}],"inLanguage":"az"},{"@type":"Organization","@id":"https:\/\/www.meydan.tv\/az\/#organization","name":"Meydan TV","url":"https:\/\/www.meydan.tv\/az\/","logo":{"@type":"ImageObject","inLanguage":"az","@id":"https:\/\/www.meydan.tv\/az\/#\/schema\/logo\/image\/","url":"https:\/\/www.meydan.tv\/wp-content\/uploads\/2021\/07\/meydan-logo.svg","contentUrl":"https:\/\/www.meydan.tv\/wp-content\/uploads\/2021\/07\/meydan-logo.svg","width":195,"height":46,"caption":"Meydan TV"},"image":{"@id":"https:\/\/www.meydan.tv\/az\/#\/schema\/logo\/image\/"}},{"@type":"Person","@id":"https:\/\/www.meydan.tv\/az\/#\/schema\/person\/09863e516102a829e72bedcf3f84c6b0","name":"mahmud"}]}},"_links":{"self":[{"href":"https:\/\/www.meydan.tv\/az\/wp-json\/wp\/v2\/posts\/348132","targetHints":{"allow":["GET"]}}],"collection":[{"href":"https:\/\/www.meydan.tv\/az\/wp-json\/wp\/v2\/posts"}],"about":[{"href":"https:\/\/www.meydan.tv\/az\/wp-json\/wp\/v2\/types\/post"}],"author":[{"embeddable":true,"href":"https:\/\/www.meydan.tv\/az\/wp-json\/wp\/v2\/users\/21"}],"replies":[{"embeddable":true,"href":"https:\/\/www.meydan.tv\/az\/wp-json\/wp\/v2\/comments?post=348132"}],"version-history":[{"count":2,"href":"https:\/\/www.meydan.tv\/az\/wp-json\/wp\/v2\/posts\/348132\/revisions"}],"predecessor-version":[{"id":348137,"href":"https:\/\/www.meydan.tv\/az\/wp-json\/wp\/v2\/posts\/348132\/revisions\/348137"}],"wp:featuredmedia":[{"embeddable":true,"href":"https:\/\/www.meydan.tv\/az\/wp-json\/wp\/v2\/media\/348134"}],"wp:attachment":[{"href":"https:\/\/www.meydan.tv\/az\/wp-json\/wp\/v2\/media?parent=348132"}],"wp:term":[{"taxonomy":"category","embeddable":true,"href":"https:\/\/www.meydan.tv\/az\/wp-json\/wp\/v2\/categories?post=348132"},{"taxonomy":"post_tag","embeddable":true,"href":"https:\/\/www.meydan.tv\/az\/wp-json\/wp\/v2\/tags?post=348132"}],"curies":[{"name":"wp","href":"https:\/\/api.w.org\/{rel}","templated":true}]}}