{"id":348130,"date":"2026-08-13T13:51:14","date_gmt":"2026-08-13T09:51:14","guid":{"rendered":"https:\/\/www.meydan.tv\/?p=348130"},"modified":"2026-08-13T13:51:17","modified_gmt":"2026-08-13T09:51:17","slug":"ab-nin-i%cc%87llik-hesabati-az%c9%99rbaycanda-ciddi-probleml%c9%99r-v%c9%99-azadliqlarin-ciddi-s%c9%99kild%c9%99-m%c9%99hdudlasdirilmas","status":"publish","type":"post","link":"https:\/\/www.meydan.tv\/az\/article\/ab-nin-i%cc%87llik-hesabati-az%c9%99rbaycanda-ciddi-probleml%c9%99r-v%c9%99-azadliqlarin-ciddi-s%c9%99kild%c9%99-m%c9%99hdudlasdirilmas\/","title":{"rendered":"A\u0130-nin \u0130llik Hesabat\u0131: Az\u0259rbaycanda \u201cciddi probleml\u0259r\u201d v\u0259 azadl\u0131qlar\u0131n \u201cciddi \u015f\u0259kild\u0259 m\u0259hdudla\u015fd\u0131r\u0131lmas\u0131\u201d"},"content":{"rendered":"\n<p class=\"wp-block-paragraph\"><a href=\"https:\/\/jam-news.net\/az\/avropa-ittifaqinin-illik-hesabati\/\" target=\"_blank\" rel=\"noreferrer noopener nofollow\">JAMnews<\/a>-un material\u0131<\/p>\n\n\n\n<p class=\"wp-block-paragraph\">A\u0130 bildirir ki, 2025-ci ild\u0259\u00a0Az\u0259rbaycanda\u00a0insan h\u00fcquqlar\u0131 v\u0259 demokratiya v\u0259ziyy\u0259ti \u201cciddi probleml\u0259r\u201dl\u0259 \u00fczl\u0259\u015fm\u0259y\u0259 davam edib. V\u0259t\u0259nda\u015f c\u0259miyy\u0259ti v\u0259 media azadl\u0131\u011f\u0131na qoyulan m\u0259hdudiyy\u0259tl\u0259r, m\u0259hk\u0259m\u0259 m\u00fcst\u0259qilliyi il\u0259 ba\u011fl\u0131 narahatl\u0131qlar v\u0259 struktur islahatlar\u0131nda m\u0259hdud ir\u0259lil\u0259yi\u015f d\u0259\u00a0<a href=\"https:\/\/www.eeas.europa.eu\/eeas\/2025-eu-report-human-rights-and-democracy-annual-report_en\" target=\"_blank\" rel=\"noreferrer noopener nofollow\">qeyd olunur.<\/a><\/p>\n\n\n\n<p class=\"wp-block-paragraph\">\u00dcmumi idar\u0259etm\u0259 m\u00fchiti m\u0259hdudla\u015fd\u0131r\u0131c\u0131 olaraq qal\u0131b. Bunlar Avropa \u0130ttifaq\u0131n\u0131n \u201c2025-ci ild\u0259 D\u00fcnyada \u0130nsan H\u00fcquqlar\u0131 v\u0259 Demokratiya \u00fczr\u0259 \u0130llik Hesabat\u0131\u201dnda \u0259ksini tap\u0131b.<\/p>\n\n\n\n<p class=\"wp-block-paragraph\">Hesabatda qeyd edilir ki, qanunvericilik, inzibati v\u0259 m\u0259hk\u0259m\u0259 \u00e7\u0259r\u00e7iv\u0259l\u0259ri fundamental azadl\u0131qlar\u0131n h\u0259yata ke\u00e7irilm\u0259sini \u201cciddi \u015f\u0259kild\u0259 m\u0259hdudla\u015fd\u0131r\u0131r\u201d.<\/p>\n\n\n\n<p class=\"wp-block-paragraph\">Qiym\u0259tl\u0259ndirm\u0259d\u0259 b\u0259zi sah\u0259l\u0259rd\u0259 ir\u0259lil\u0259yi\u015fl\u0259r d\u0259 qeyd olunur. Bunlara u\u015faq nikah\u0131n\u0131n cinay\u0259t hesab edilm\u0259si, gender b\u0259rab\u0259rliyi v\u0259 korrupsiyaya qar\u015f\u0131 m\u00fcbariz\u0259 \u00fczr\u0259 yeni t\u0259dbirl\u0259r daxildir.<\/p>\n\n\n\n<p class=\"wp-block-paragraph\">2025-ci il \u00fczr\u0259 Az\u0259rbaycan qiym\u0259tl\u0259ndirm\u0259si t\u0259nqidi, lakin \u00f6l\u00e7\u00fcl\u00fcb-bi\u00e7ilmi\u015f xarakter da\u015f\u0131y\u0131r.<\/p>\n\n\n\n<h4 class=\"wp-block-heading\"><strong>V\u0259t\u0259nda\u015f c\u0259miyy\u0259ti t\u0259zyiq alt\u0131ndad\u0131r<\/strong><\/h4>\n\n\n\n<p class=\"wp-block-paragraph\">V\u0259t\u0259nda\u015f c\u0259miyy\u0259ti t\u0259\u015fkilatlar\u0131 2025-ci ild\u0259 m\u0259hdudla\u015fd\u0131r\u0131c\u0131 \u015f\u0259raitd\u0259 f\u0259aliyy\u0259t g\u00f6st\u0259rm\u0259y\u0259 davam edib.<\/p>\n\n\n\n<p class=\"wp-block-paragraph\">A\u0130 bildirir ki, 2017-ci ild\u0259 q\u0259bul edilmi\u015f QHT haqq\u0131nda Qanun q\u00fcvv\u0259d\u0259 qal\u0131b. Qeydiyyat, hesabatverm\u0259 v\u0259 qrant t\u0259sdiqi t\u0259l\u0259bl\u0259ri m\u00fcst\u0259qil t\u0259\u015fkilatlar\u0131n f\u0259aliyy\u0259tini m\u0259hdudla\u015fd\u0131rma\u011fa davam edib.<\/p>\n\n\n\n<p class=\"wp-block-paragraph\">Yerli t\u0259\u015fkilatlar davaml\u0131 inzibati t\u0259zyiq v\u0259 artan n\u0259zar\u0259td\u0259n \u015fikay\u0259t edibl\u0259r.<\/p>\n\n\n\n<p class=\"wp-block-paragraph\">F\u0259aliyy\u0259t m\u00fchitin\u0259 bir s\u0131ra BMT agentlikl\u0259rinin, o c\u00fcml\u0259d\u0259n Birl\u0259\u015fmi\u015f Mill\u0259tl\u0259r T\u0259\u015fkilat\u0131n\u0131n \u0130nki\u015faf Proqram\u0131 v\u0259 Birl\u0259\u015fmi\u015f Mill\u0259tl\u0259r T\u0259\u015fkilat\u0131n\u0131n Beyn\u0259lxalq U\u015faq F\u00f6vq\u0259lad\u0259 Hallar Fondunun \u00f6lk\u0259d\u0259n \u00e7\u0131xmas\u0131 da t\u0259sir g\u00f6st\u0259rib. Bu, beyn\u0259lxalq monitorinq v\u0259 yard\u0131m imkanlar\u0131n\u0131 azald\u0131b.<\/p>\n\n\n\n<p class=\"wp-block-paragraph\">A\u0130 v\u0259t\u0259nda\u015f c\u0259miyy\u0259tin\u0259, m\u00fcst\u0259qil mediaya v\u0259 insan h\u00fcquqlar\u0131 m\u00fcdafi\u0259\u00e7il\u0259rin\u0259, o c\u00fcml\u0259d\u0259n insan h\u00fcquqlar\u0131n\u0131n monitorinqi v\u0259 h\u0259ssas v\u0259ziyy\u0259td\u0259 olan \u015f\u0259xsl\u0259r\u0259 h\u00fcquqi yard\u0131m proqramlar\u0131 vasit\u0259sil\u0259 d\u0259st\u0259k verm\u0259y\u0259 davam etdiyini bildirir.<\/p>\n\n\n\n<h4 class=\"wp-block-heading\"><strong>M\u0259hk\u0259m\u0259l\u0259r v\u0259 h\u00fcququn aliliyi il\u0259 ba\u011fl\u0131 narahatl\u0131qlar<\/strong><\/h4>\n\n\n\n<p class=\"wp-block-paragraph\">A\u0130-y\u0259 g\u00f6r\u0259, h\u00fcququn aliliyi v\u0259 m\u0259hk\u0259m\u0259 m\u00fcst\u0259qilliyi il\u0259 ba\u011fl\u0131 narahatl\u0131qlar davam edib.<\/p>\n\n\n\n<p class=\"wp-block-paragraph\">M\u0259hk\u0259m\u0259l\u0259rin siyasi h\u0259ssas i\u015fl\u0259rd\u0259 kifay\u0259t q\u0259d\u0259r m\u00fcst\u0259qil olmad\u0131\u011f\u0131 q\u0259bul edilir.<\/p>\n\n\n\n<p class=\"wp-block-paragraph\">Hesabat Avropa \u0130nsan H\u00fcquqlar\u0131 M\u0259hk\u0259m\u0259sinin q\u0259rarlar\u0131n\u0131 davam ed\u0259n narahatl\u0131qlar\u0131n m\u00fch\u00fcm g\u00f6st\u0259ricisi kimi g\u00f6st\u0259rir.<\/p>\n\n\n\n<p class=\"wp-block-paragraph\">2025-ci ild\u0259 A\u0130HM Az\u0259rbaycanla ba\u011fl\u0131 39 q\u0259rar \u00e7\u0131xar\u0131b v\u0259 38 i\u015fd\u0259 pozuntu m\u00fc\u0259yy\u0259n edib. \u0130\u015fl\u0259r \u0259sas\u0259n \u0259dal\u0259tli m\u0259hk\u0259m\u0259 h\u00fcququ, azadl\u0131qdan m\u0259hrumetm\u0259, ifad\u0259 v\u0259 toplan\u0131\u015f azadl\u0131\u011f\u0131 il\u0259 ba\u011fl\u0131 olub.<\/p>\n\n\n\n<p class=\"wp-block-paragraph\">Az\u0259rbaycan\u0131n A\u0130HM q\u0259rarlar\u0131n\u0131 yerin\u0259 yetirm\u0259m\u0259sinin \u00f6lk\u0259nin Avropa \u015euras\u0131 Parlament Assambleyas\u0131 il\u0259 \u0259laq\u0259l\u0259rin\u0259 t\u0259sir g\u00f6st\u0259rdiyi d\u0259 qeyd edilib.<\/p>\n\n\n\n<h4 class=\"wp-block-heading\"><strong>Se\u00e7ki \u00e7\u0259r\u00e7iv\u0259si d\u0259yi\u015fm\u0259yib<\/strong><\/h4>\n\n\n\n<p class=\"wp-block-paragraph\">A\u0130 bildirir ki, 2025-ci ild\u0259 Az\u0259rbaycan\u0131n se\u00e7ki \u00e7\u0259r\u00e7iv\u0259si d\u0259yi\u015fm\u0259yib.<\/p>\n\n\n\n<p class=\"wp-block-paragraph\">AT\u018fT-in Demokratik T\u0259sisatlar v\u0259 \u0130nsan H\u00fcquqlar\u0131 B\u00fcrosu v\u0259 Avropa \u015euras\u0131n\u0131n Venesiya Komissiyas\u0131n\u0131n uzunm\u00fcdd\u0259tli t\u00f6vsiy\u0259l\u0259rini h\u0259yata ke\u00e7ir\u0259n he\u00e7 bir ciddi islahat apar\u0131lmay\u0131b.<\/p>\n\n\n\n<p class=\"wp-block-paragraph\">Hesabat bu sah\u0259d\u0259 ir\u0259lil\u0259yi\u015fin olmamas\u0131n\u0131 Az\u0259rbaycan\u0131n demokratik inki\u015faf\u0131 \u00fc\u00e7\u00fcn davam ed\u0259n probleml\u0259rd\u0259n biri kimi qiym\u0259tl\u0259ndirir.<\/p>\n\n\n\n<h4 class=\"wp-block-heading\"><strong>B\u0259zi sah\u0259l\u0259rd\u0259 ir\u0259lil\u0259yi\u015f<\/strong><\/h4>\n\n\n\n<p class=\"wp-block-paragraph\">A\u0130 hesabat\u0131nda bir s\u0131ra qanunvericilik d\u0259yi\u015fiklikl\u0259ri d\u0259 qeyd olunur.<\/p>\n\n\n\n<p class=\"wp-block-paragraph\">2025-ci ilin iyulunda Az\u0259rbaycan u\u015faq nikah\u0131n\u0131 cinay\u0259t hesab edib.<\/p>\n\n\n\n<p class=\"wp-block-paragraph\">Hakimiyy\u0259t orqanlar\u0131 2026-2028-ci ill\u0259r \u00fc\u00e7\u00fcn Gender B\u0259rab\u0259rliyi \u00fczr\u0259 Milli F\u0259aliyy\u0259t Plan\u0131n\u0131 q\u0259bul edib v\u0259 Korrupsiyaya qar\u015f\u0131 m\u00fcbariz\u0259 haqq\u0131nda Qanuna d\u0259yi\u015fiklikl\u0259r edib.<\/p>\n\n\n\n<p class=\"wp-block-paragraph\">D\u0259yi\u015fiklikl\u0259r\u0259 m\u0259lumat ver\u0259nl\u0259rin m\u00fcdafi\u0259si v\u0259 korrupsiya riskl\u0259rinin idar\u0259 edilm\u0259si il\u0259 ba\u011fl\u0131 m\u00fcdd\u0259alar daxildir.<\/p>\n\n\n\n<p class=\"wp-block-paragraph\">A\u0130 is\u0259 bu t\u0259dbirl\u0259rin icras\u0131n\u0131n h\u0259l\u0259 d\u0259 qeyri-b\u0259rab\u0259r oldu\u011funu bildirir.<\/p>\n\n\n\n<h4 class=\"wp-block-heading\"><strong>Dialoq davam edir, islahatlar m\u0259hdud qal\u0131r<\/strong><\/h4>\n\n\n\n<p class=\"wp-block-paragraph\">A\u0130 2025-ci il \u0259rzind\u0259 Az\u0259rbaycan hakimiyy\u0259ti il\u0259 m\u00fcnt\u0259z\u0259m \u0259laq\u0259l\u0259r saxlay\u0131b.<\/p>\n\n\n\n<p class=\"wp-block-paragraph\">\u018flaq\u0259l\u0259r\u0259 Xarici \u0130\u015fl\u0259r Nazirliyi, Ombudsman Aparat\u0131 v\u0259 Dini Qurumlarla \u0130\u015f \u00fczr\u0259 D\u00f6vl\u0259t Komit\u0259si il\u0259 g\u00f6r\u00fc\u015fl\u0259r daxildir.<\/p>\n\n\n\n<p class=\"wp-block-paragraph\">M\u00fczakir\u0259l\u0259r m\u0259hk\u0259m\u0259 islahat\u0131, media azadl\u0131\u011f\u0131, h\u0259bsxanalarda saxlan\u0131lanlar\u0131n v\u0259ziyy\u0259ti, dini azl\u0131qlar\u0131n h\u00fcquqlar\u0131, gender b\u0259rab\u0259rliyi v\u0259 korrupsiyaya qar\u015f\u0131 m\u00fcbariz\u0259 m\u00f6vzular\u0131n\u0131 \u0259hat\u0259 edib.<\/p>\n\n\n\n<p class=\"wp-block-paragraph\">A\u0130 fundamental h\u00fcquqlar\u0131n\u0131 istifad\u0259 etdikl\u0259ri \u00fc\u00e7\u00fcn h\u0259bs edil\u0259n v\u0259 ya \u00f6lk\u0259d\u0259n \u00e7\u0131xmas\u0131 qada\u011fan olunan \u015f\u0259xsl\u0259rin f\u0259rdi i\u015fl\u0259rini d\u0259 dil\u0259 g\u0259tirib.<\/p>\n\n\n\n<p class=\"wp-block-paragraph\">\u0130nsan h\u00fcquqlar\u0131 m\u0259s\u0259l\u0259l\u0259ri idar\u0259etm\u0259, \u0259dliyy\u0259 v\u0259 sosial siyas\u0259t \u00fczr\u0259 sektor dialoqlar\u0131nda da m\u00fczakir\u0259 olunub.<\/p>\n\n\n\n<p class=\"wp-block-paragraph\">Lakin \u0259laq\u0259 kanallar\u0131 a\u00e7\u0131q qalsa da, A\u0130 \u201cstruktur islahatlar\u0131nda ir\u0259lil\u0259yi\u015fin m\u0259hdud oldu\u011funu\u201d bildirir.<\/p>\n\n\n\n<h4 class=\"wp-block-heading\"><strong>Media azadl\u0131\u011f\u0131 v\u0259 fundamental h\u00fcquqlar<\/strong><\/h4>\n\n\n\n<p class=\"wp-block-paragraph\">Media azadl\u0131\u011f\u0131 v\u0259 ifad\u0259 azadl\u0131\u011f\u0131 A\u0130-nin diqq\u0259tl\u0259 izl\u0259diyi sah\u0259l\u0259rd\u0259n olub.<\/p>\n\n\n\n<p class=\"wp-block-paragraph\">Hesabatda r\u0259q\u0259msal h\u00fcquqlar, ifad\u0259 azadl\u0131\u011f\u0131 v\u0259 media azadl\u0131\u011f\u0131 il\u0259 ba\u011fl\u0131 inki\u015faflar\u0131n il \u0259rzind\u0259 yax\u0131ndan izl\u0259nildiyi qeyd olunur.<\/p>\n\n\n\n<p class=\"wp-block-paragraph\">A\u0130-nin maliyy\u0259l\u0259\u015fdirdiyi proqramlar m\u00fcst\u0259qil mediaya, insan h\u00fcquqlar\u0131n\u0131n monitorinqin\u0259, h\u00fcquqi yard\u0131ma, gender b\u0259rab\u0259rliyi v\u0259 u\u015faq h\u00fcquqlar\u0131na d\u0259st\u0259k verib.<\/p>\n\n\n\n<p class=\"wp-block-paragraph\">A\u0130 m\u0259hdudla\u015fd\u0131r\u0131c\u0131 m\u00fchitd\u0259 f\u0259aliyy\u0259t g\u00f6st\u0259r\u0259n v\u0259t\u0259nda\u015f c\u0259miyy\u0259ti v\u0259 insan h\u00fcquqlar\u0131 m\u00fcdafi\u0259\u00e7il\u0259rin\u0259 d\u0259st\u0259yi davam etdirib.<\/p>\n\n\n\n<h4 class=\"wp-block-heading\"><strong>Az\u0259rbaycan beyn\u0259lxalq forumlarda<\/strong><\/h4>\n\n\n\n<p class=\"wp-block-paragraph\">A\u0130 Az\u0259rbaycanla ba\u011fl\u0131 insan h\u00fcquqlar\u0131 m\u0259s\u0259l\u0259l\u0259rini beyn\u0259lxalq t\u0259\u015fkilatlarda qald\u0131rma\u011fa davam edib.<\/p>\n\n\n\n<p class=\"wp-block-paragraph\">Birl\u0259\u015fmi\u015f Mill\u0259tl\u0259r T\u0259\u015fkilat\u0131nda A\u0130 Ba\u015f Assambleyan\u0131n \u00dc\u00e7\u00fcnc\u00fc Komit\u0259sinin 80-ci sessiyas\u0131nda v\u0259t\u0259nda\u015f c\u0259miyy\u0259ti f\u0259aliyy\u0259t sah\u0259si, m\u0259hk\u0259m\u0259 m\u00fcst\u0259qilliyi v\u0259 media azadl\u0131\u011f\u0131 m\u00f6vzular\u0131na toxunub.<\/p>\n\n\n\n<p class=\"wp-block-paragraph\">BMT-nin \u0130nsan H\u00fcquqlar\u0131 \u00fczr\u0259 Ali Komissarl\u0131\u011f\u0131 il\u0259 \u0259m\u0259kda\u015fl\u0131q davam edib, o c\u00fcml\u0259d\u0259n Az\u0259rbaycan\u0131n 2026-27-ci ill\u0259rd\u0259 ke\u00e7iril\u0259c\u0259k n\u00f6vb\u0259ti Universal D\u00f6vri \u0130cmal\u0131na haz\u0131rl\u0131q i\u015fl\u0259ri apar\u0131l\u0131b.<\/p>\n\n\n\n<p class=\"wp-block-paragraph\">Avropa \u015euras\u0131 \u00e7\u0259r\u00e7iv\u0259sind\u0259 A\u0130 A\u0130HM q\u0259rarlar\u0131n\u0131n icras\u0131 mexanizml\u0259rini d\u0259st\u0259kl\u0259yib, Venesiya Komissiyas\u0131 v\u0259 \u0130nsan H\u00fcquqlar\u0131 Komissar\u0131 il\u0259 \u0259laq\u0259 saxlay\u0131b.<\/p>\n\n\n\n<p class=\"wp-block-paragraph\">AT\u018fT-d\u0259 is\u0259 A\u0130 v\u0259 \u00fczv d\u00f6vl\u0259tl\u0259ri media azadl\u0131\u011f\u0131 v\u0259 se\u00e7ki standartlar\u0131, o c\u00fcml\u0259d\u0259n Demokratik T\u0259sisatlar v\u0259 \u0130nsan H\u00fcquqlar\u0131 B\u00fcrosu f\u0259aliyy\u0259tin\u0259 t\u0259sir ed\u0259n m\u0259hdudiyy\u0259tl\u0259r bar\u0259d\u0259 m\u00fczakir\u0259l\u0259r\u0259 t\u00f6hf\u0259 verib.<\/p>\n","protected":false},"excerpt":{"rendered":"<p>JAMnews-un material\u0131 A\u0130 bildirir ki, 2025-ci ild\u0259\u00a0Az\u0259rbaycanda\u00a0insan h\u00fcquqlar\u0131 v\u0259 demokratiya &#8230; <\/p>\n<p class=\"read-more-container\"><a title=\"A\u0130-nin \u0130llik Hesabat\u0131: Az\u0259rbaycanda \u201cciddi probleml\u0259r\u201d v\u0259 azadl\u0131qlar\u0131n \u201cciddi \u015f\u0259kild\u0259 m\u0259hdudla\u015fd\u0131r\u0131lmas\u0131\u201d\" class=\"read-more button\" href=\"https:\/\/www.meydan.tv\/az\/article\/ab-nin-i%cc%87llik-hesabati-az%c9%99rbaycanda-ciddi-probleml%c9%99r-v%c9%99-azadliqlarin-ciddi-s%c9%99kild%c9%99-m%c9%99hdudlasdirilmas\/#more-348130\" aria-label=\"Read more about A\u0130-nin \u0130llik Hesabat\u0131: Az\u0259rbaycanda \u201cciddi probleml\u0259r\u201d v\u0259 azadl\u0131qlar\u0131n \u201cciddi \u015f\u0259kild\u0259 m\u0259hdudla\u015fd\u0131r\u0131lmas\u0131\u201d\">Davam\u0131<\/a><\/p>\n","protected":false},"author":21,"featured_media":303029,"comment_status":"closed","ping_status":"closed","sticky":false,"template":"","format":"standard","meta":{"_acf_changed":false,"_sitemap_exclude":false,"_sitemap_priority":"","_sitemap_frequency":"","footnotes":""},"categories":[59,79,56],"tags":[],"class_list":["post-348130","post","type-post","status-publish","format-standard","has-post-thumbnail","hentry","category-siyaset","category-featured","category-xeberler","infinite-scroll-item","generate-columns","tablet-grid-50","mobile-grid-100","grid-parent","grid-33","no-featured-image-padding"],"acf":[],"yoast_head":"<!-- This site is optimized with the Yoast SEO plugin v28.4 - https:\/\/yoast.com\/product\/yoast-seo-wordpress\/ -->\n<title>A\u0130-nin \u0130llik Hesabat\u0131: Az\u0259rbaycanda \u201cciddi probleml\u0259r\u201d v\u0259 azadl\u0131qlar\u0131n \u201cciddi \u015f\u0259kild\u0259 m\u0259hdudla\u015fd\u0131r\u0131lmas\u0131\u201d - MEYDAN.TV<\/title>\n<meta name=\"robots\" content=\"index, follow, max-snippet:-1, max-image-preview:large, max-video-preview:-1\" \/>\n<link rel=\"canonical\" href=\"https:\/\/www.meydan.tv\/az\/article\/ab-nin-i%cc%87llik-hesabati-az%c9%99rbaycanda-ciddi-probleml%c9%99r-v%c9%99-azadliqlarin-ciddi-s%c9%99kild%c9%99-m%c9%99hdudlasdirilmas\/\" \/>\n<meta property=\"og:locale\" content=\"az_AZ\" \/>\n<meta property=\"og:type\" content=\"article\" \/>\n<meta property=\"og:title\" content=\"A\u0130-nin \u0130llik Hesabat\u0131: Az\u0259rbaycanda \u201cciddi probleml\u0259r\u201d v\u0259 azadl\u0131qlar\u0131n \u201cciddi \u015f\u0259kild\u0259 m\u0259hdudla\u015fd\u0131r\u0131lmas\u0131\u201d - MEYDAN.TV\" \/>\n<meta property=\"og:description\" content=\"JAMnews-un material\u0131 A\u0130 bildirir ki, 2025-ci ild\u0259\u00a0Az\u0259rbaycanda\u00a0insan h\u00fcquqlar\u0131 v\u0259 demokratiya ... Davam\u0131\" \/>\n<meta property=\"og:url\" content=\"https:\/\/www.meydan.tv\/az\/article\/ab-nin-i%cc%87llik-hesabati-az%c9%99rbaycanda-ciddi-probleml%c9%99r-v%c9%99-azadliqlarin-ciddi-s%c9%99kild%c9%99-m%c9%99hdudlasdirilmas\/\" \/>\n<meta property=\"og:site_name\" content=\"MEYDAN.TV\" \/>\n<meta property=\"article:published_time\" content=\"2026-08-13T09:51:14+00:00\" \/>\n<meta property=\"article:modified_time\" content=\"2026-08-13T09:51:17+00:00\" \/>\n<meta property=\"og:image\" content=\"https:\/\/www.meydan.tv\/wp-content\/uploads\/19-yanvar-aksiya.jpg\" \/>\n\t<meta property=\"og:image:width\" content=\"1200\" \/>\n\t<meta property=\"og:image:height\" content=\"675\" \/>\n\t<meta property=\"og:image:type\" content=\"image\/jpeg\" \/>\n<meta name=\"twitter:card\" content=\"summary_large_image\" \/>\n<!-- \/ Yoast SEO plugin. -->","yoast_head_json":{"title":"A\u0130-nin \u0130llik Hesabat\u0131: Az\u0259rbaycanda \u201cciddi probleml\u0259r\u201d v\u0259 azadl\u0131qlar\u0131n \u201cciddi \u015f\u0259kild\u0259 m\u0259hdudla\u015fd\u0131r\u0131lmas\u0131\u201d - MEYDAN.TV","robots":{"index":"index","follow":"follow","max-snippet":"max-snippet:-1","max-image-preview":"max-image-preview:large","max-video-preview":"max-video-preview:-1"},"canonical":"https:\/\/www.meydan.tv\/az\/article\/ab-nin-i%cc%87llik-hesabati-az%c9%99rbaycanda-ciddi-probleml%c9%99r-v%c9%99-azadliqlarin-ciddi-s%c9%99kild%c9%99-m%c9%99hdudlasdirilmas\/","og_locale":"az_AZ","og_type":"article","og_title":"A\u0130-nin \u0130llik Hesabat\u0131: Az\u0259rbaycanda \u201cciddi probleml\u0259r\u201d v\u0259 azadl\u0131qlar\u0131n \u201cciddi \u015f\u0259kild\u0259 m\u0259hdudla\u015fd\u0131r\u0131lmas\u0131\u201d - MEYDAN.TV","og_description":"JAMnews-un material\u0131 A\u0130 bildirir ki, 2025-ci ild\u0259\u00a0Az\u0259rbaycanda\u00a0insan h\u00fcquqlar\u0131 v\u0259 demokratiya ... Davam\u0131","og_url":"https:\/\/www.meydan.tv\/az\/article\/ab-nin-i%cc%87llik-hesabati-az%c9%99rbaycanda-ciddi-probleml%c9%99r-v%c9%99-azadliqlarin-ciddi-s%c9%99kild%c9%99-m%c9%99hdudlasdirilmas\/","og_site_name":"MEYDAN.TV","article_published_time":"2026-08-13T09:51:14+00:00","article_modified_time":"2026-08-13T09:51:17+00:00","og_image":[{"width":1200,"height":675,"url":"https:\/\/www.meydan.tv\/wp-content\/uploads\/19-yanvar-aksiya.jpg","type":"image\/jpeg"}],"twitter_card":"summary_large_image","schema":{"@context":"https:\/\/schema.org","@graph":[{"@type":"Article","@id":"https:\/\/www.meydan.tv\/az\/article\/ab-nin-i%cc%87llik-hesabati-az%c9%99rbaycanda-ciddi-probleml%c9%99r-v%c9%99-azadliqlarin-ciddi-s%c9%99kild%c9%99-m%c9%99hdudlasdirilmas\/#article","isPartOf":{"@id":"https:\/\/www.meydan.tv\/az\/article\/ab-nin-i%cc%87llik-hesabati-az%c9%99rbaycanda-ciddi-probleml%c9%99r-v%c9%99-azadliqlarin-ciddi-s%c9%99kild%c9%99-m%c9%99hdudlasdirilmas\/"},"author":{"name":"mahmud","@id":"https:\/\/www.meydan.tv\/az\/#\/schema\/person\/09863e516102a829e72bedcf3f84c6b0"},"headline":"A\u0130-nin \u0130llik Hesabat\u0131: Az\u0259rbaycanda \u201cciddi probleml\u0259r\u201d v\u0259 azadl\u0131qlar\u0131n \u201cciddi \u015f\u0259kild\u0259 m\u0259hdudla\u015fd\u0131r\u0131lmas\u0131\u201d","datePublished":"2026-08-13T09:51:14+00:00","dateModified":"2026-08-13T09:51:17+00:00","mainEntityOfPage":{"@id":"https:\/\/www.meydan.tv\/az\/article\/ab-nin-i%cc%87llik-hesabati-az%c9%99rbaycanda-ciddi-probleml%c9%99r-v%c9%99-azadliqlarin-ciddi-s%c9%99kild%c9%99-m%c9%99hdudlasdirilmas\/"},"wordCount":1270,"publisher":{"@id":"https:\/\/www.meydan.tv\/az\/#organization"},"image":{"@id":"https:\/\/www.meydan.tv\/az\/article\/ab-nin-i%cc%87llik-hesabati-az%c9%99rbaycanda-ciddi-probleml%c9%99r-v%c9%99-azadliqlarin-ciddi-s%c9%99kild%c9%99-m%c9%99hdudlasdirilmas\/#primaryimage"},"thumbnailUrl":"https:\/\/www.meydan.tv\/wp-content\/uploads\/19-yanvar-aksiya.jpg","articleSection":["Siyas\u0259t","T\u00f6vsiy\u0259","X\u0259b\u0259rl\u0259r"],"inLanguage":"az"},{"@type":"WebPage","@id":"https:\/\/www.meydan.tv\/az\/article\/ab-nin-i%cc%87llik-hesabati-az%c9%99rbaycanda-ciddi-probleml%c9%99r-v%c9%99-azadliqlarin-ciddi-s%c9%99kild%c9%99-m%c9%99hdudlasdirilmas\/","url":"https:\/\/www.meydan.tv\/az\/article\/ab-nin-i%cc%87llik-hesabati-az%c9%99rbaycanda-ciddi-probleml%c9%99r-v%c9%99-azadliqlarin-ciddi-s%c9%99kild%c9%99-m%c9%99hdudlasdirilmas\/","name":"A\u0130-nin \u0130llik Hesabat\u0131: Az\u0259rbaycanda \u201cciddi probleml\u0259r\u201d v\u0259 azadl\u0131qlar\u0131n \u201cciddi \u015f\u0259kild\u0259 m\u0259hdudla\u015fd\u0131r\u0131lmas\u0131\u201d - MEYDAN.TV","isPartOf":{"@id":"https:\/\/www.meydan.tv\/az\/#website"},"primaryImageOfPage":{"@id":"https:\/\/www.meydan.tv\/az\/article\/ab-nin-i%cc%87llik-hesabati-az%c9%99rbaycanda-ciddi-probleml%c9%99r-v%c9%99-azadliqlarin-ciddi-s%c9%99kild%c9%99-m%c9%99hdudlasdirilmas\/#primaryimage"},"image":{"@id":"https:\/\/www.meydan.tv\/az\/article\/ab-nin-i%cc%87llik-hesabati-az%c9%99rbaycanda-ciddi-probleml%c9%99r-v%c9%99-azadliqlarin-ciddi-s%c9%99kild%c9%99-m%c9%99hdudlasdirilmas\/#primaryimage"},"thumbnailUrl":"https:\/\/www.meydan.tv\/wp-content\/uploads\/19-yanvar-aksiya.jpg","datePublished":"2026-08-13T09:51:14+00:00","dateModified":"2026-08-13T09:51:17+00:00","breadcrumb":{"@id":"https:\/\/www.meydan.tv\/az\/article\/ab-nin-i%cc%87llik-hesabati-az%c9%99rbaycanda-ciddi-probleml%c9%99r-v%c9%99-azadliqlarin-ciddi-s%c9%99kild%c9%99-m%c9%99hdudlasdirilmas\/#breadcrumb"},"inLanguage":"az","potentialAction":[{"@type":"ReadAction","target":["https:\/\/www.meydan.tv\/az\/article\/ab-nin-i%cc%87llik-hesabati-az%c9%99rbaycanda-ciddi-probleml%c9%99r-v%c9%99-azadliqlarin-ciddi-s%c9%99kild%c9%99-m%c9%99hdudlasdirilmas\/"]}]},{"@type":"ImageObject","inLanguage":"az","@id":"https:\/\/www.meydan.tv\/az\/article\/ab-nin-i%cc%87llik-hesabati-az%c9%99rbaycanda-ciddi-probleml%c9%99r-v%c9%99-azadliqlarin-ciddi-s%c9%99kild%c9%99-m%c9%99hdudlasdirilmas\/#primaryimage","url":"https:\/\/www.meydan.tv\/wp-content\/uploads\/19-yanvar-aksiya.jpg","contentUrl":"https:\/\/www.meydan.tv\/wp-content\/uploads\/19-yanvar-aksiya.jpg","width":1200,"height":675},{"@type":"BreadcrumbList","@id":"https:\/\/www.meydan.tv\/az\/article\/ab-nin-i%cc%87llik-hesabati-az%c9%99rbaycanda-ciddi-probleml%c9%99r-v%c9%99-azadliqlarin-ciddi-s%c9%99kild%c9%99-m%c9%99hdudlasdirilmas\/#breadcrumb","itemListElement":[{"@type":"ListItem","position":1,"name":"Ana s\u0259hif\u0259","item":"https:\/\/www.meydan.tv\/az\/"},{"@type":"ListItem","position":2,"name":"Siyas\u0259t","item":"https:\/\/www.meydan.tv\/az\/section\/siyaset\/"},{"@type":"ListItem","position":3,"name":"A\u0130-nin \u0130llik Hesabat\u0131: Az\u0259rbaycanda \u201cciddi probleml\u0259r\u201d v\u0259 azadl\u0131qlar\u0131n \u201cciddi \u015f\u0259kild\u0259 m\u0259hdudla\u015fd\u0131r\u0131lmas\u0131\u201d"}]},{"@type":"WebSite","@id":"https:\/\/www.meydan.tv\/az\/#website","url":"https:\/\/www.meydan.tv\/az\/","name":"MEYDAN.TV","description":"Meydan TV Az\u0259rbaycan\u0131n media m\u0259kan\u0131ndak\u0131 alternativ s\u0259sidir","publisher":{"@id":"https:\/\/www.meydan.tv\/az\/#organization"},"potentialAction":[{"@type":"SearchAction","target":{"@type":"EntryPoint","urlTemplate":"https:\/\/www.meydan.tv\/az\/?s={search_term_string}"},"query-input":{"@type":"PropertyValueSpecification","valueRequired":true,"valueName":"search_term_string"}}],"inLanguage":"az"},{"@type":"Organization","@id":"https:\/\/www.meydan.tv\/az\/#organization","name":"Meydan TV","url":"https:\/\/www.meydan.tv\/az\/","logo":{"@type":"ImageObject","inLanguage":"az","@id":"https:\/\/www.meydan.tv\/az\/#\/schema\/logo\/image\/","url":"https:\/\/www.meydan.tv\/wp-content\/uploads\/2021\/07\/meydan-logo.svg","contentUrl":"https:\/\/www.meydan.tv\/wp-content\/uploads\/2021\/07\/meydan-logo.svg","width":195,"height":46,"caption":"Meydan TV"},"image":{"@id":"https:\/\/www.meydan.tv\/az\/#\/schema\/logo\/image\/"}},{"@type":"Person","@id":"https:\/\/www.meydan.tv\/az\/#\/schema\/person\/09863e516102a829e72bedcf3f84c6b0","name":"mahmud"}]}},"_links":{"self":[{"href":"https:\/\/www.meydan.tv\/az\/wp-json\/wp\/v2\/posts\/348130","targetHints":{"allow":["GET"]}}],"collection":[{"href":"https:\/\/www.meydan.tv\/az\/wp-json\/wp\/v2\/posts"}],"about":[{"href":"https:\/\/www.meydan.tv\/az\/wp-json\/wp\/v2\/types\/post"}],"author":[{"embeddable":true,"href":"https:\/\/www.meydan.tv\/az\/wp-json\/wp\/v2\/users\/21"}],"replies":[{"embeddable":true,"href":"https:\/\/www.meydan.tv\/az\/wp-json\/wp\/v2\/comments?post=348130"}],"version-history":[{"count":1,"href":"https:\/\/www.meydan.tv\/az\/wp-json\/wp\/v2\/posts\/348130\/revisions"}],"predecessor-version":[{"id":348131,"href":"https:\/\/www.meydan.tv\/az\/wp-json\/wp\/v2\/posts\/348130\/revisions\/348131"}],"wp:featuredmedia":[{"embeddable":true,"href":"https:\/\/www.meydan.tv\/az\/wp-json\/wp\/v2\/media\/303029"}],"wp:attachment":[{"href":"https:\/\/www.meydan.tv\/az\/wp-json\/wp\/v2\/media?parent=348130"}],"wp:term":[{"taxonomy":"category","embeddable":true,"href":"https:\/\/www.meydan.tv\/az\/wp-json\/wp\/v2\/categories?post=348130"},{"taxonomy":"post_tag","embeddable":true,"href":"https:\/\/www.meydan.tv\/az\/wp-json\/wp\/v2\/tags?post=348130"}],"curies":[{"name":"wp","href":"https:\/\/api.w.org\/{rel}","templated":true}]}}