{"id":347951,"date":"2026-08-07T12:51:39","date_gmt":"2026-08-07T08:51:39","guid":{"rendered":"https:\/\/www.meydan.tv\/?p=347951"},"modified":"2026-08-07T22:54:01","modified_gmt":"2026-08-07T18:54:01","slug":"b%c9%99hruz-h%c9%99s%c9%99nli-ukraynada-30-sutka-h%c9%99bs-edilib","status":"publish","type":"post","link":"https:\/\/www.meydan.tv\/az\/article\/b%c9%99hruz-h%c9%99s%c9%99nli-ukraynada-30-sutka-h%c9%99bs-edilib\/","title":{"rendered":"B\u0259hruz H\u0259s\u0259nli Ukraynada yenid\u0259n h\u0259bs edilib"},"content":{"rendered":"\n<p class=\"wp-block-paragraph\">Az\u0259rbaycan Xalq C\u0259bh\u0259si Partiyas\u0131n\u0131n (AXCP) haz\u0131rda h\u0259bsd\u0259 olan s\u0259dri \u018fli K\u0259rimlinin ke\u00e7mi\u015f m\u00fchafiz\u0259\u00e7isi B\u0259hruz H\u0259s\u0259nli<strong> <\/strong>Ukraynada yenid\u0259n h\u0259bs edilib.<br><br>Bu bar\u0259d\u0259 partiya \u00fczvl\u0259ri sosial mediada <a href=\"https:\/\/www.facebook.com\/ayaz.azerbaycan\/posts\/pfbid036hC2nCdEFfuLPX7Ud5Mtfgjs7Kr6hG9UUApYH6Luge98qh8kYNpPmBxyG69cnptNl\" target=\"_blank\" rel=\"noreferrer noopener nofollow\">payla\u015f\u0131m edibl\u0259r<\/a>.<\/p>\n\n\n\n<p class=\"wp-block-paragraph\">Onlar\u0131n s\u00f6zl\u0259rin\u0259 g\u00f6r\u0259, avqustun 6-da Apellyasiya M\u0259hk\u0259m\u0259si prokurorlu\u011fun \u015fikay\u0259tini t\u0259min edib v\u0259 birinci instansiya m\u0259hk\u0259m\u0259sinin H\u0259s\u0259nlinin azadl\u0131\u011fa burax\u0131lmas\u0131 il\u0259 ba\u011fl\u0131 q\u0259rar\u0131n\u0131 l\u0259\u011fv edib.<\/p>\n\n\n\n<p class=\"wp-block-paragraph\">Bildirilir ki, m\u0259hk\u0259m\u0259 onun bar\u0259sind\u0259 iyulun 27-d\u0259 saxlan\u0131ld\u0131\u011f\u0131 tarixd\u0259n hesablanmaqla 40 g\u00fcnl\u00fck m\u00fcv\u0259qq\u0259ti h\u0259bs q\u0259rar\u0131 verib. Q\u0259rar\u0131n verildiyi tarixd\u0259n d\u0259 h\u0259min m\u00fcdd\u0259tin t\u0259xmin\u0259n 30 g\u00fcn\u00fc qal\u0131rd\u0131.<\/p>\n\n\n\n<p class=\"wp-block-paragraph\">B\u0259hruz H\u0259s\u0259nli iyulun 27-d\u0259 Xarkovda Az\u0259rbaycan t\u0259r\u0259finin m\u00fcraci\u0259ti \u0259sas\u0131nda <a href=\"https:\/\/zmina.info\/en\/news-en\/kharkiv-police-detain-azerbaijani-opposition-activist-ukraine-rights-groups-demand-no-extradition-to-baku\/\">saxlan\u0131l\u0131b<\/a>. Saxlan\u0131lma Az\u0259rbaycan\u0131n prokurorluq orqanlar\u0131n\u0131n m\u00fcraci\u0259ti il\u0259 ba\u011fl\u0131 olub. \u0130yulun 30-da Xarkovun \u015eev\u00e7enkivski Rayon M\u0259hk\u0259m\u0259si H\u0259s\u0259nlini h\u0259bsd\u0259n azad edib. Bununla bel\u0259, onun ekstradisiyas\u0131 il\u0259 ba\u011fl\u0131 h\u00fcquqi prosedur davam edib.<\/p>\n\n\n\n<p class=\"wp-block-paragraph\">Ukraynal\u0131 h\u00fcquq m\u00fcdafi\u0259\u00e7il\u0259rinin yayd\u0131\u011f\u0131 m\u0259lumata g\u00f6r\u0259, Az\u0259rbaycan hakimiyy\u0259ti H\u0259s\u0259nlini nam\u0259lum \u015f\u0259xsl\u0259rd\u0259n 850 min dollar alaraq bu v\u0259saiti AXCP s\u0259dri \u018fli K\u0259rimliy\u0259 \u201cd\u00f6vl\u0259t \u00e7evrili\u015fi t\u0259\u015fkil etm\u0259k m\u0259qs\u0259dil\u0259\u201d \u00f6t\u00fcrm\u0259kd\u0259 ittiham edir.&nbsp;<\/p>\n\n\n\n<p class=\"wp-block-paragraph\">Xarkov \u0130nsan H\u00fcquqlar\u0131n\u0131n M\u00fcdafi\u0259si Qrupu, V\u0259t\u0259nda\u015f Azadl\u0131qlar\u0131 M\u0259rk\u0259zi v\u0259 Ukrayna Helsinki \u0130nsan H\u00fcquqlar\u0131 Birliyi H\u0259s\u0259nlinin Az\u0259rbaycana ekstradisiya edilm\u0259m\u0259si \u00fc\u00e7\u00fcn Ukrayna Ba\u015f Prokurorlu\u011funa m\u00fcraci\u0259t edib. H\u00fcquq m\u00fcdafi\u0259\u00e7il\u0259ri onun Az\u0259rbaycana verildiyi halda pis r\u0259ftar, i\u015fg\u0259nc\u0259 v\u0259 \u0259dal\u0259tsiz m\u0259hk\u0259m\u0259 ara\u015fd\u0131rmas\u0131 riski il\u0259 \u00fczl\u0259\u015f\u0259 bil\u0259c\u0259yini bildiribl\u0259r.<\/p>\n\n\n\n<p class=\"wp-block-paragraph\">H\u0259s\u0259nli 2016-c\u0131 ild\u0259n Ukraynada ya\u015fay\u0131r. Onun h\u0259yat yolda\u015f\u0131 v\u0259 azya\u015fl\u0131 \u00f6vlad\u0131n\u0131n da Xarkovda ya\u015fad\u0131\u011f\u0131 bildirilir.<\/p>\n\n\n\n<p class=\"wp-block-paragraph\">H\u0259s\u0259nlinin ekstradisiyas\u0131 il\u0259 ba\u011fl\u0131 yekun q\u0259rar verilm\u0259yib.<\/p>\n\n\n\n<p class=\"wp-block-paragraph\">AXCP bildirir ki, B\u0259hruz H\u0259s\u0259nli bar\u0259sind\u0259 q\u0259bul edil\u0259n h\u0259bs q\u0259rar\u0131 Az\u0259rbaycan hakimiyy\u0259tinin onun ekstradisiyas\u0131na nail olmaq m\u0259qs\u0259di da\u015f\u0131y\u0131r. Partiya \u00fczvl\u0259ri Az\u0259rbaycan xarici i\u015fl\u0259r naziri Ceyhun Bayramovun avqustun 6-da Ukraynaya r\u0259smi s\u0259f\u0259r etm\u0259sini d\u0259 bu kontekstd\u0259 qiym\u0259tl\u0259ndirirl\u0259r. Az\u0259rbaycan X\u0130N-in a\u00e7\u0131qlamas\u0131nda s\u0259f\u0259r \u00e7\u0259r\u00e7iv\u0259sind\u0259 Ukraynan\u0131n xarici i\u015fl\u0259r naziri Andriy S\u0131biha v\u0259 dig\u0259r y\u00fcks\u0259k v\u0259zif\u0259li r\u0259smil\u0259rl\u0259 ikit\u0259r\u0259fli g\u00f6r\u00fc\u015fl\u0259rin ke\u00e7irildiyi bildirilib.<\/p>\n\n\n\n<p class=\"wp-block-paragraph\">Haz\u0131rda AXCP s\u0259dri \u018fli K\u0259rimli d\u0259 daxil olmaqla partiyan\u0131n 20-y\u0259 yax\u0131n \u00fczv v\u0259 f\u0259al\u0131n\u0131n h\u0259bsd\u0259dir. AXCP onlar\u0131n m\u00fcxt\u0259lif cinay\u0259t ittihamlar\u0131 il\u0259 h\u0259bsini siyasi motivli say\u0131r. Az\u0259rbaycan r\u0259smil\u0259ri is\u0259 \u00f6lk\u0259d\u0259 siyasi f\u0259aliyy\u0259t\u0259 g\u00f6r\u0259 h\u0259bsl\u0259rin olmas\u0131 il\u0259 ba\u011fl\u0131 iddialar\u0131 q\u0259bul etmir v\u0259 h\u0259min \u015f\u0259xsl\u0259rin konkret cinay\u0259t \u0259m\u0259ll\u0259rin\u0259 g\u00f6r\u0259 m\u0259suliyy\u0259t\u0259 c\u0259lb olundu\u011funu bildirirl\u0259r.<\/p>\n\n\n\n<p class=\"wp-block-paragraph\">Az\u0259rbaycan\u0131n Siyasi M\u0259hbuslar\u0131n\u0131n Azadl\u0131\u011f\u0131 U\u011frunda \u0130ttifaq\u0131n may\u0131n 13-d\u0259 a\u00e7\u0131qlad\u0131\u011f\u0131 son siyah\u0131da 328 n\u0259f\u0259rin ad\u0131 yer al\u0131b. \u0130ttifaq bu \u015f\u0259xsl\u0259ri siyasi m\u0259hbus hesab edir. Az\u0259rbaycan hakimiyy\u0259ti is\u0259 \u00f6lk\u0259d\u0259 siyasi m\u0259hbuslar\u0131n olmas\u0131 bar\u0259d\u0259 iddialar\u0131 r\u0259dd edir.<\/p>\n","protected":false},"excerpt":{"rendered":"<p>Az\u0259rbaycan Xalq C\u0259bh\u0259si Partiyas\u0131n\u0131n (AXCP) haz\u0131rda h\u0259bsd\u0259 olan s\u0259dri \u018fli &#8230; <\/p>\n<p class=\"read-more-container\"><a title=\"B\u0259hruz H\u0259s\u0259nli Ukraynada yenid\u0259n h\u0259bs edilib\" class=\"read-more button\" href=\"https:\/\/www.meydan.tv\/az\/article\/b%c9%99hruz-h%c9%99s%c9%99nli-ukraynada-30-sutka-h%c9%99bs-edilib\/#more-347951\" aria-label=\"Read more about B\u0259hruz H\u0259s\u0259nli Ukraynada yenid\u0259n h\u0259bs edilib\">Davam\u0131<\/a><\/p>\n","protected":false},"author":21,"featured_media":347612,"comment_status":"closed","ping_status":"closed","sticky":false,"template":"","format":"standard","meta":{"_acf_changed":false,"_sitemap_exclude":false,"_sitemap_priority":"","_sitemap_frequency":"","footnotes":""},"categories":[59,79,56],"tags":[],"class_list":["post-347951","post","type-post","status-publish","format-standard","has-post-thumbnail","hentry","category-siyaset","category-featured","category-xeberler","infinite-scroll-item","generate-columns","tablet-grid-50","mobile-grid-100","grid-parent","grid-33","no-featured-image-padding"],"acf":[],"yoast_head":"<!-- This site is optimized with the Yoast SEO plugin v28.4 - https:\/\/yoast.com\/product\/yoast-seo-wordpress\/ -->\n<title>B\u0259hruz H\u0259s\u0259nli Ukraynada yenid\u0259n h\u0259bs edilib - MEYDAN.TV<\/title>\n<meta name=\"robots\" content=\"index, follow, max-snippet:-1, max-image-preview:large, max-video-preview:-1\" \/>\n<link rel=\"canonical\" href=\"https:\/\/www.meydan.tv\/az\/article\/b%c9%99hruz-h%c9%99s%c9%99nli-ukraynada-30-sutka-h%c9%99bs-edilib\/\" \/>\n<meta property=\"og:locale\" content=\"az_AZ\" \/>\n<meta property=\"og:type\" content=\"article\" \/>\n<meta property=\"og:title\" content=\"B\u0259hruz H\u0259s\u0259nli Ukraynada yenid\u0259n h\u0259bs edilib - MEYDAN.TV\" \/>\n<meta property=\"og:description\" content=\"Az\u0259rbaycan Xalq C\u0259bh\u0259si Partiyas\u0131n\u0131n (AXCP) haz\u0131rda h\u0259bsd\u0259 olan s\u0259dri \u018fli ... Davam\u0131\" \/>\n<meta property=\"og:url\" content=\"https:\/\/www.meydan.tv\/az\/article\/b%c9%99hruz-h%c9%99s%c9%99nli-ukraynada-30-sutka-h%c9%99bs-edilib\/\" \/>\n<meta property=\"og:site_name\" content=\"MEYDAN.TV\" \/>\n<meta property=\"article:published_time\" content=\"2026-08-07T08:51:39+00:00\" \/>\n<meta property=\"article:modified_time\" content=\"2026-08-07T18:54:01+00:00\" \/>\n<meta property=\"og:image\" content=\"https:\/\/www.meydan.tv\/wp-content\/uploads\/0656.png\" \/>\n\t<meta property=\"og:image:width\" content=\"1920\" \/>\n\t<meta property=\"og:image:height\" content=\"938\" \/>\n\t<meta property=\"og:image:type\" content=\"image\/png\" \/>\n<meta name=\"twitter:card\" content=\"summary_large_image\" \/>\n<!-- \/ Yoast SEO plugin. -->","yoast_head_json":{"title":"B\u0259hruz H\u0259s\u0259nli Ukraynada yenid\u0259n h\u0259bs edilib - MEYDAN.TV","robots":{"index":"index","follow":"follow","max-snippet":"max-snippet:-1","max-image-preview":"max-image-preview:large","max-video-preview":"max-video-preview:-1"},"canonical":"https:\/\/www.meydan.tv\/az\/article\/b%c9%99hruz-h%c9%99s%c9%99nli-ukraynada-30-sutka-h%c9%99bs-edilib\/","og_locale":"az_AZ","og_type":"article","og_title":"B\u0259hruz H\u0259s\u0259nli Ukraynada yenid\u0259n h\u0259bs edilib - MEYDAN.TV","og_description":"Az\u0259rbaycan Xalq C\u0259bh\u0259si Partiyas\u0131n\u0131n (AXCP) haz\u0131rda h\u0259bsd\u0259 olan s\u0259dri \u018fli ... Davam\u0131","og_url":"https:\/\/www.meydan.tv\/az\/article\/b%c9%99hruz-h%c9%99s%c9%99nli-ukraynada-30-sutka-h%c9%99bs-edilib\/","og_site_name":"MEYDAN.TV","article_published_time":"2026-08-07T08:51:39+00:00","article_modified_time":"2026-08-07T18:54:01+00:00","og_image":[{"width":1920,"height":938,"url":"https:\/\/www.meydan.tv\/wp-content\/uploads\/0656.png","type":"image\/png"}],"twitter_card":"summary_large_image","schema":{"@context":"https:\/\/schema.org","@graph":[{"@type":"Article","@id":"https:\/\/www.meydan.tv\/az\/article\/b%c9%99hruz-h%c9%99s%c9%99nli-ukraynada-30-sutka-h%c9%99bs-edilib\/#article","isPartOf":{"@id":"https:\/\/www.meydan.tv\/az\/article\/b%c9%99hruz-h%c9%99s%c9%99nli-ukraynada-30-sutka-h%c9%99bs-edilib\/"},"author":{"name":"mahmud","@id":"https:\/\/www.meydan.tv\/az\/#\/schema\/person\/09863e516102a829e72bedcf3f84c6b0"},"headline":"B\u0259hruz H\u0259s\u0259nli Ukraynada yenid\u0259n h\u0259bs edilib","datePublished":"2026-08-07T08:51:39+00:00","dateModified":"2026-08-07T18:54:01+00:00","mainEntityOfPage":{"@id":"https:\/\/www.meydan.tv\/az\/article\/b%c9%99hruz-h%c9%99s%c9%99nli-ukraynada-30-sutka-h%c9%99bs-edilib\/"},"wordCount":634,"publisher":{"@id":"https:\/\/www.meydan.tv\/az\/#organization"},"image":{"@id":"https:\/\/www.meydan.tv\/az\/article\/b%c9%99hruz-h%c9%99s%c9%99nli-ukraynada-30-sutka-h%c9%99bs-edilib\/#primaryimage"},"thumbnailUrl":"https:\/\/www.meydan.tv\/wp-content\/uploads\/0656.png","articleSection":["Siyas\u0259t","T\u00f6vsiy\u0259","X\u0259b\u0259rl\u0259r"],"inLanguage":"az"},{"@type":"WebPage","@id":"https:\/\/www.meydan.tv\/az\/article\/b%c9%99hruz-h%c9%99s%c9%99nli-ukraynada-30-sutka-h%c9%99bs-edilib\/","url":"https:\/\/www.meydan.tv\/az\/article\/b%c9%99hruz-h%c9%99s%c9%99nli-ukraynada-30-sutka-h%c9%99bs-edilib\/","name":"B\u0259hruz H\u0259s\u0259nli Ukraynada yenid\u0259n h\u0259bs edilib - MEYDAN.TV","isPartOf":{"@id":"https:\/\/www.meydan.tv\/az\/#website"},"primaryImageOfPage":{"@id":"https:\/\/www.meydan.tv\/az\/article\/b%c9%99hruz-h%c9%99s%c9%99nli-ukraynada-30-sutka-h%c9%99bs-edilib\/#primaryimage"},"image":{"@id":"https:\/\/www.meydan.tv\/az\/article\/b%c9%99hruz-h%c9%99s%c9%99nli-ukraynada-30-sutka-h%c9%99bs-edilib\/#primaryimage"},"thumbnailUrl":"https:\/\/www.meydan.tv\/wp-content\/uploads\/0656.png","datePublished":"2026-08-07T08:51:39+00:00","dateModified":"2026-08-07T18:54:01+00:00","breadcrumb":{"@id":"https:\/\/www.meydan.tv\/az\/article\/b%c9%99hruz-h%c9%99s%c9%99nli-ukraynada-30-sutka-h%c9%99bs-edilib\/#breadcrumb"},"inLanguage":"az","potentialAction":[{"@type":"ReadAction","target":["https:\/\/www.meydan.tv\/az\/article\/b%c9%99hruz-h%c9%99s%c9%99nli-ukraynada-30-sutka-h%c9%99bs-edilib\/"]}]},{"@type":"ImageObject","inLanguage":"az","@id":"https:\/\/www.meydan.tv\/az\/article\/b%c9%99hruz-h%c9%99s%c9%99nli-ukraynada-30-sutka-h%c9%99bs-edilib\/#primaryimage","url":"https:\/\/www.meydan.tv\/wp-content\/uploads\/0656.png","contentUrl":"https:\/\/www.meydan.tv\/wp-content\/uploads\/0656.png","width":1920,"height":938,"caption":"B\u0259hruz H\u0259s\u0259nli. Foto: \u015f\u0259xsi Facebook s\u0259hif\u0259si"},{"@type":"BreadcrumbList","@id":"https:\/\/www.meydan.tv\/az\/article\/b%c9%99hruz-h%c9%99s%c9%99nli-ukraynada-30-sutka-h%c9%99bs-edilib\/#breadcrumb","itemListElement":[{"@type":"ListItem","position":1,"name":"Ana s\u0259hif\u0259","item":"https:\/\/www.meydan.tv\/az\/"},{"@type":"ListItem","position":2,"name":"Siyas\u0259t","item":"https:\/\/www.meydan.tv\/az\/section\/siyaset\/"},{"@type":"ListItem","position":3,"name":"B\u0259hruz H\u0259s\u0259nli Ukraynada yenid\u0259n h\u0259bs edilib"}]},{"@type":"WebSite","@id":"https:\/\/www.meydan.tv\/az\/#website","url":"https:\/\/www.meydan.tv\/az\/","name":"MEYDAN.TV","description":"Meydan TV Az\u0259rbaycan\u0131n media m\u0259kan\u0131ndak\u0131 alternativ s\u0259sidir","publisher":{"@id":"https:\/\/www.meydan.tv\/az\/#organization"},"potentialAction":[{"@type":"SearchAction","target":{"@type":"EntryPoint","urlTemplate":"https:\/\/www.meydan.tv\/az\/?s={search_term_string}"},"query-input":{"@type":"PropertyValueSpecification","valueRequired":true,"valueName":"search_term_string"}}],"inLanguage":"az"},{"@type":"Organization","@id":"https:\/\/www.meydan.tv\/az\/#organization","name":"Meydan TV","url":"https:\/\/www.meydan.tv\/az\/","logo":{"@type":"ImageObject","inLanguage":"az","@id":"https:\/\/www.meydan.tv\/az\/#\/schema\/logo\/image\/","url":"https:\/\/www.meydan.tv\/wp-content\/uploads\/2021\/07\/meydan-logo.svg","contentUrl":"https:\/\/www.meydan.tv\/wp-content\/uploads\/2021\/07\/meydan-logo.svg","width":195,"height":46,"caption":"Meydan TV"},"image":{"@id":"https:\/\/www.meydan.tv\/az\/#\/schema\/logo\/image\/"}},{"@type":"Person","@id":"https:\/\/www.meydan.tv\/az\/#\/schema\/person\/09863e516102a829e72bedcf3f84c6b0","name":"mahmud"}]}},"_links":{"self":[{"href":"https:\/\/www.meydan.tv\/az\/wp-json\/wp\/v2\/posts\/347951","targetHints":{"allow":["GET"]}}],"collection":[{"href":"https:\/\/www.meydan.tv\/az\/wp-json\/wp\/v2\/posts"}],"about":[{"href":"https:\/\/www.meydan.tv\/az\/wp-json\/wp\/v2\/types\/post"}],"author":[{"embeddable":true,"href":"https:\/\/www.meydan.tv\/az\/wp-json\/wp\/v2\/users\/21"}],"replies":[{"embeddable":true,"href":"https:\/\/www.meydan.tv\/az\/wp-json\/wp\/v2\/comments?post=347951"}],"version-history":[{"count":9,"href":"https:\/\/www.meydan.tv\/az\/wp-json\/wp\/v2\/posts\/347951\/revisions"}],"predecessor-version":[{"id":347971,"href":"https:\/\/www.meydan.tv\/az\/wp-json\/wp\/v2\/posts\/347951\/revisions\/347971"}],"wp:featuredmedia":[{"embeddable":true,"href":"https:\/\/www.meydan.tv\/az\/wp-json\/wp\/v2\/media\/347612"}],"wp:attachment":[{"href":"https:\/\/www.meydan.tv\/az\/wp-json\/wp\/v2\/media?parent=347951"}],"wp:term":[{"taxonomy":"category","embeddable":true,"href":"https:\/\/www.meydan.tv\/az\/wp-json\/wp\/v2\/categories?post=347951"},{"taxonomy":"post_tag","embeddable":true,"href":"https:\/\/www.meydan.tv\/az\/wp-json\/wp\/v2\/tags?post=347951"}],"curies":[{"name":"wp","href":"https:\/\/api.w.org\/{rel}","templated":true}]}}