{"id":345055,"date":"2026-05-13T18:02:53","date_gmt":"2026-05-13T14:02:53","guid":{"rendered":"https:\/\/www.meydan.tv\/?p=345055"},"modified":"2026-05-13T18:02:55","modified_gmt":"2026-05-13T14:02:55","slug":"deyirdil%c9%99r-ki-hakimiyy%c9%99t-devrilm%c9%99s%c9%99-t%c9%99rt%c9%99r-isin%c9%99-%c9%99dal%c9%99t-olmayacaq","status":"publish","type":"post","link":"https:\/\/www.meydan.tv\/az\/article\/deyirdil%c9%99r-ki-hakimiyy%c9%99t-devrilm%c9%99s%c9%99-t%c9%99rt%c9%99r-isin%c9%99-%c9%99dal%c9%99t-olmayacaq\/","title":{"rendered":"&#8220;Deyirdil\u0259r ki, hakimiyy\u0259t devrilm\u0259s\u0259, &#8220;T\u0259rt\u0259r i\u015fi&#8221;n\u0259 \u0259dal\u0259t olmayacaq&#8221;"},"content":{"rendered":"\n<figure class=\"wp-block-embed is-type-video is-provider-youtube wp-block-embed-youtube wp-embed-aspect-16-9 wp-has-aspect-ratio\"><div class=\"wp-block-embed__wrapper\">\n<iframe loading=\"lazy\" title=\"&quot;Deyirdil\u0259r ki, hakimiyy\u0259t devrilm\u0259s\u0259, &quot;T\u0259rt\u0259r i\u015fi&quot;n\u0259 \u0259dal\u0259t olmayacaq&quot;\" width=\"1200\" height=\"675\" src=\"https:\/\/www.youtube.com\/embed\/Q88moxZngXc?feature=oembed\" frameborder=\"0\" allow=\"accelerometer; autoplay; clipboard-write; encrypted-media; gyroscope; picture-in-picture; web-share\" referrerpolicy=\"strict-origin-when-cross-origin\" allowfullscreen><\/iframe>\n<\/div><\/figure>\n\n\n\n<p class=\"wp-block-paragraph\">&#8220;T\u0259rt\u0259r i\u015fi&#8221; \u00fczr\u0259 i\u015fg\u0259nc\u0259l\u0259r zaman\u0131 h\u0259lak olmu\u015f h\u0259rb\u00e7i El\u00e7in Quliyevin anas\u0131 Valid\u0259 \u018fhm\u0259dova deyir ki, Ba\u015f Prokurorluq i\u015fi g\u00f6t\u00fcr\u0259nd\u0259n sonra d\u0259f\u0259l\u0259rl\u0259 t\u0259xribata \u00e7\u0259kilib: <\/p>\n\n\n\n<p class=\"wp-block-paragraph\">&#8220;Tan\u0131mad\u0131\u011f\u0131m adamlar m\u0259n\u0259 deyirdil\u0259r ki, xalqa m\u00fcraci\u0259t et, \u0259ll\u0259rin\u0259 silah al\u0131b meydanlara \u00e7\u0131xs\u0131nlar. Hakimiyy\u0259t devrilm\u0259s\u0259, &#8220;T\u0259rt\u0259r i\u015fi&#8221;n\u0259 \u0259dal\u0259t olmayacaq&#8221;.<a href=\"https:\/\/www.youtube.com\/@MeydanTelevision\"><\/a><\/p>\n","protected":false},"excerpt":{"rendered":"<p>&#8220;T\u0259rt\u0259r i\u015fi&#8221; \u00fczr\u0259 i\u015fg\u0259nc\u0259l\u0259r zaman\u0131 h\u0259lak olmu\u015f h\u0259rb\u00e7i El\u00e7in Quliyevin &#8230; <\/p>\n<p class=\"read-more-container\"><a title=\"&#8220;Deyirdil\u0259r ki, hakimiyy\u0259t devrilm\u0259s\u0259, &#8220;T\u0259rt\u0259r i\u015fi&#8221;n\u0259 \u0259dal\u0259t olmayacaq&#8221;\" class=\"read-more button\" href=\"https:\/\/www.meydan.tv\/az\/article\/deyirdil%c9%99r-ki-hakimiyy%c9%99t-devrilm%c9%99s%c9%99-t%c9%99rt%c9%99r-isin%c9%99-%c9%99dal%c9%99t-olmayacaq\/#more-345055\" aria-label=\"Read more about &#8220;Deyirdil\u0259r ki, hakimiyy\u0259t devrilm\u0259s\u0259, &#8220;T\u0259rt\u0259r i\u015fi&#8221;n\u0259 \u0259dal\u0259t olmayacaq&#8221;\">Davam\u0131<\/a><\/p>\n","protected":false},"author":12,"featured_media":345057,"comment_status":"closed","ping_status":"closed","sticky":false,"template":"","format":"standard","meta":{"_acf_changed":false,"_sitemap_exclude":false,"_sitemap_priority":"","_sitemap_frequency":"","footnotes":""},"categories":[59,79,63,56],"tags":[],"class_list":["post-345055","post","type-post","status-publish","format-standard","has-post-thumbnail","hentry","category-siyaset","category-featured","category-video-2","category-xeberler","infinite-scroll-item","generate-columns","tablet-grid-50","mobile-grid-100","grid-parent","grid-33","no-featured-image-padding"],"acf":[],"yoast_head":"<!-- This site is optimized with the Yoast SEO plugin v28.4 - https:\/\/yoast.com\/product\/yoast-seo-wordpress\/ -->\n<title>&quot;Deyirdil\u0259r ki, hakimiyy\u0259t devrilm\u0259s\u0259, &quot;T\u0259rt\u0259r i\u015fi&quot;n\u0259 \u0259dal\u0259t olmayacaq&quot; - MEYDAN.TV<\/title>\n<meta name=\"robots\" content=\"index, follow, max-snippet:-1, max-image-preview:large, max-video-preview:-1\" \/>\n<link rel=\"canonical\" href=\"https:\/\/www.meydan.tv\/az\/article\/deyirdil%c9%99r-ki-hakimiyy%c9%99t-devrilm%c9%99s%c9%99-t%c9%99rt%c9%99r-isin%c9%99-%c9%99dal%c9%99t-olmayacaq\/\" \/>\n<meta property=\"og:locale\" content=\"az_AZ\" \/>\n<meta property=\"og:type\" content=\"article\" \/>\n<meta property=\"og:title\" content=\"&quot;Deyirdil\u0259r ki, hakimiyy\u0259t devrilm\u0259s\u0259, &quot;T\u0259rt\u0259r i\u015fi&quot;n\u0259 \u0259dal\u0259t olmayacaq&quot; - MEYDAN.TV\" \/>\n<meta property=\"og:description\" content=\"&#8220;T\u0259rt\u0259r i\u015fi&#8221; \u00fczr\u0259 i\u015fg\u0259nc\u0259l\u0259r zaman\u0131 h\u0259lak olmu\u015f h\u0259rb\u00e7i El\u00e7in Quliyevin ... Davam\u0131\" \/>\n<meta property=\"og:url\" content=\"https:\/\/www.meydan.tv\/az\/article\/deyirdil%c9%99r-ki-hakimiyy%c9%99t-devrilm%c9%99s%c9%99-t%c9%99rt%c9%99r-isin%c9%99-%c9%99dal%c9%99t-olmayacaq\/\" \/>\n<meta property=\"og:site_name\" content=\"MEYDAN.TV\" \/>\n<meta property=\"article:published_time\" content=\"2026-05-13T14:02:53+00:00\" \/>\n<meta property=\"article:modified_time\" content=\"2026-05-13T14:02:55+00:00\" \/>\n<meta property=\"og:image\" content=\"https:\/\/www.meydan.tv\/wp-content\/uploads\/maxresdefault-24-1.jpg\" \/>\n\t<meta property=\"og:image:width\" content=\"1280\" \/>\n\t<meta property=\"og:image:height\" content=\"667\" \/>\n\t<meta property=\"og:image:type\" content=\"image\/jpeg\" \/>\n<meta name=\"twitter:card\" content=\"summary_large_image\" \/>\n<!-- \/ Yoast SEO plugin. -->","yoast_head_json":{"title":"\"Deyirdil\u0259r ki, hakimiyy\u0259t devrilm\u0259s\u0259, \"T\u0259rt\u0259r i\u015fi\"n\u0259 \u0259dal\u0259t olmayacaq\" - MEYDAN.TV","robots":{"index":"index","follow":"follow","max-snippet":"max-snippet:-1","max-image-preview":"max-image-preview:large","max-video-preview":"max-video-preview:-1"},"canonical":"https:\/\/www.meydan.tv\/az\/article\/deyirdil%c9%99r-ki-hakimiyy%c9%99t-devrilm%c9%99s%c9%99-t%c9%99rt%c9%99r-isin%c9%99-%c9%99dal%c9%99t-olmayacaq\/","og_locale":"az_AZ","og_type":"article","og_title":"\"Deyirdil\u0259r ki, hakimiyy\u0259t devrilm\u0259s\u0259, \"T\u0259rt\u0259r i\u015fi\"n\u0259 \u0259dal\u0259t olmayacaq\" - MEYDAN.TV","og_description":"&#8220;T\u0259rt\u0259r i\u015fi&#8221; \u00fczr\u0259 i\u015fg\u0259nc\u0259l\u0259r zaman\u0131 h\u0259lak olmu\u015f h\u0259rb\u00e7i El\u00e7in Quliyevin ... Davam\u0131","og_url":"https:\/\/www.meydan.tv\/az\/article\/deyirdil%c9%99r-ki-hakimiyy%c9%99t-devrilm%c9%99s%c9%99-t%c9%99rt%c9%99r-isin%c9%99-%c9%99dal%c9%99t-olmayacaq\/","og_site_name":"MEYDAN.TV","article_published_time":"2026-05-13T14:02:53+00:00","article_modified_time":"2026-05-13T14:02:55+00:00","og_image":[{"width":1280,"height":667,"url":"https:\/\/www.meydan.tv\/wp-content\/uploads\/maxresdefault-24-1.jpg","type":"image\/jpeg"}],"twitter_card":"summary_large_image","schema":{"@context":"https:\/\/schema.org","@graph":[{"@type":"Article","@id":"https:\/\/www.meydan.tv\/az\/article\/deyirdil%c9%99r-ki-hakimiyy%c9%99t-devrilm%c9%99s%c9%99-t%c9%99rt%c9%99r-isin%c9%99-%c9%99dal%c9%99t-olmayacaq\/#article","isPartOf":{"@id":"https:\/\/www.meydan.tv\/az\/article\/deyirdil%c9%99r-ki-hakimiyy%c9%99t-devrilm%c9%99s%c9%99-t%c9%99rt%c9%99r-isin%c9%99-%c9%99dal%c9%99t-olmayacaq\/"},"author":{"name":"aleks","@id":"https:\/\/www.meydan.tv\/az\/#\/schema\/person\/476e9360e593fa131d5d71d51866f8da"},"headline":"&#8220;Deyirdil\u0259r ki, hakimiyy\u0259t devrilm\u0259s\u0259, &#8220;T\u0259rt\u0259r i\u015fi&#8221;n\u0259 \u0259dal\u0259t olmayacaq&#8221;","datePublished":"2026-05-13T14:02:53+00:00","dateModified":"2026-05-13T14:02:55+00:00","mainEntityOfPage":{"@id":"https:\/\/www.meydan.tv\/az\/article\/deyirdil%c9%99r-ki-hakimiyy%c9%99t-devrilm%c9%99s%c9%99-t%c9%99rt%c9%99r-isin%c9%99-%c9%99dal%c9%99t-olmayacaq\/"},"wordCount":104,"publisher":{"@id":"https:\/\/www.meydan.tv\/az\/#organization"},"image":{"@id":"https:\/\/www.meydan.tv\/az\/article\/deyirdil%c9%99r-ki-hakimiyy%c9%99t-devrilm%c9%99s%c9%99-t%c9%99rt%c9%99r-isin%c9%99-%c9%99dal%c9%99t-olmayacaq\/#primaryimage"},"thumbnailUrl":"https:\/\/www.meydan.tv\/wp-content\/uploads\/maxresdefault-24-1.jpg","articleSection":["Siyas\u0259t","T\u00f6vsiy\u0259","Video","X\u0259b\u0259rl\u0259r"],"inLanguage":"az"},{"@type":"WebPage","@id":"https:\/\/www.meydan.tv\/az\/article\/deyirdil%c9%99r-ki-hakimiyy%c9%99t-devrilm%c9%99s%c9%99-t%c9%99rt%c9%99r-isin%c9%99-%c9%99dal%c9%99t-olmayacaq\/","url":"https:\/\/www.meydan.tv\/az\/article\/deyirdil%c9%99r-ki-hakimiyy%c9%99t-devrilm%c9%99s%c9%99-t%c9%99rt%c9%99r-isin%c9%99-%c9%99dal%c9%99t-olmayacaq\/","name":"\"Deyirdil\u0259r ki, hakimiyy\u0259t devrilm\u0259s\u0259, \"T\u0259rt\u0259r i\u015fi\"n\u0259 \u0259dal\u0259t olmayacaq\" - MEYDAN.TV","isPartOf":{"@id":"https:\/\/www.meydan.tv\/az\/#website"},"primaryImageOfPage":{"@id":"https:\/\/www.meydan.tv\/az\/article\/deyirdil%c9%99r-ki-hakimiyy%c9%99t-devrilm%c9%99s%c9%99-t%c9%99rt%c9%99r-isin%c9%99-%c9%99dal%c9%99t-olmayacaq\/#primaryimage"},"image":{"@id":"https:\/\/www.meydan.tv\/az\/article\/deyirdil%c9%99r-ki-hakimiyy%c9%99t-devrilm%c9%99s%c9%99-t%c9%99rt%c9%99r-isin%c9%99-%c9%99dal%c9%99t-olmayacaq\/#primaryimage"},"thumbnailUrl":"https:\/\/www.meydan.tv\/wp-content\/uploads\/maxresdefault-24-1.jpg","datePublished":"2026-05-13T14:02:53+00:00","dateModified":"2026-05-13T14:02:55+00:00","breadcrumb":{"@id":"https:\/\/www.meydan.tv\/az\/article\/deyirdil%c9%99r-ki-hakimiyy%c9%99t-devrilm%c9%99s%c9%99-t%c9%99rt%c9%99r-isin%c9%99-%c9%99dal%c9%99t-olmayacaq\/#breadcrumb"},"inLanguage":"az","potentialAction":[{"@type":"ReadAction","target":["https:\/\/www.meydan.tv\/az\/article\/deyirdil%c9%99r-ki-hakimiyy%c9%99t-devrilm%c9%99s%c9%99-t%c9%99rt%c9%99r-isin%c9%99-%c9%99dal%c9%99t-olmayacaq\/"]}]},{"@type":"ImageObject","inLanguage":"az","@id":"https:\/\/www.meydan.tv\/az\/article\/deyirdil%c9%99r-ki-hakimiyy%c9%99t-devrilm%c9%99s%c9%99-t%c9%99rt%c9%99r-isin%c9%99-%c9%99dal%c9%99t-olmayacaq\/#primaryimage","url":"https:\/\/www.meydan.tv\/wp-content\/uploads\/maxresdefault-24-1.jpg","contentUrl":"https:\/\/www.meydan.tv\/wp-content\/uploads\/maxresdefault-24-1.jpg","width":1280,"height":667},{"@type":"BreadcrumbList","@id":"https:\/\/www.meydan.tv\/az\/article\/deyirdil%c9%99r-ki-hakimiyy%c9%99t-devrilm%c9%99s%c9%99-t%c9%99rt%c9%99r-isin%c9%99-%c9%99dal%c9%99t-olmayacaq\/#breadcrumb","itemListElement":[{"@type":"ListItem","position":1,"name":"Ana s\u0259hif\u0259","item":"https:\/\/www.meydan.tv\/az\/"},{"@type":"ListItem","position":2,"name":"X\u0259b\u0259rl\u0259r","item":"https:\/\/www.meydan.tv\/az\/section\/xeberler\/"},{"@type":"ListItem","position":3,"name":"&#8220;Deyirdil\u0259r ki, hakimiyy\u0259t devrilm\u0259s\u0259, &#8220;T\u0259rt\u0259r i\u015fi&#8221;n\u0259 \u0259dal\u0259t olmayacaq&#8221;"}]},{"@type":"WebSite","@id":"https:\/\/www.meydan.tv\/az\/#website","url":"https:\/\/www.meydan.tv\/az\/","name":"MEYDAN.TV","description":"Meydan TV Az\u0259rbaycan\u0131n media m\u0259kan\u0131ndak\u0131 alternativ s\u0259sidir","publisher":{"@id":"https:\/\/www.meydan.tv\/az\/#organization"},"potentialAction":[{"@type":"SearchAction","target":{"@type":"EntryPoint","urlTemplate":"https:\/\/www.meydan.tv\/az\/?s={search_term_string}"},"query-input":{"@type":"PropertyValueSpecification","valueRequired":true,"valueName":"search_term_string"}}],"inLanguage":"az"},{"@type":"Organization","@id":"https:\/\/www.meydan.tv\/az\/#organization","name":"Meydan TV","url":"https:\/\/www.meydan.tv\/az\/","logo":{"@type":"ImageObject","inLanguage":"az","@id":"https:\/\/www.meydan.tv\/az\/#\/schema\/logo\/image\/","url":"https:\/\/www.meydan.tv\/wp-content\/uploads\/2021\/07\/meydan-logo.svg","contentUrl":"https:\/\/www.meydan.tv\/wp-content\/uploads\/2021\/07\/meydan-logo.svg","width":195,"height":46,"caption":"Meydan TV"},"image":{"@id":"https:\/\/www.meydan.tv\/az\/#\/schema\/logo\/image\/"}},{"@type":"Person","@id":"https:\/\/www.meydan.tv\/az\/#\/schema\/person\/476e9360e593fa131d5d71d51866f8da","name":"aleks"}]}},"_links":{"self":[{"href":"https:\/\/www.meydan.tv\/az\/wp-json\/wp\/v2\/posts\/345055","targetHints":{"allow":["GET"]}}],"collection":[{"href":"https:\/\/www.meydan.tv\/az\/wp-json\/wp\/v2\/posts"}],"about":[{"href":"https:\/\/www.meydan.tv\/az\/wp-json\/wp\/v2\/types\/post"}],"author":[{"embeddable":true,"href":"https:\/\/www.meydan.tv\/az\/wp-json\/wp\/v2\/users\/12"}],"replies":[{"embeddable":true,"href":"https:\/\/www.meydan.tv\/az\/wp-json\/wp\/v2\/comments?post=345055"}],"version-history":[{"count":1,"href":"https:\/\/www.meydan.tv\/az\/wp-json\/wp\/v2\/posts\/345055\/revisions"}],"predecessor-version":[{"id":345056,"href":"https:\/\/www.meydan.tv\/az\/wp-json\/wp\/v2\/posts\/345055\/revisions\/345056"}],"wp:featuredmedia":[{"embeddable":true,"href":"https:\/\/www.meydan.tv\/az\/wp-json\/wp\/v2\/media\/345057"}],"wp:attachment":[{"href":"https:\/\/www.meydan.tv\/az\/wp-json\/wp\/v2\/media?parent=345055"}],"wp:term":[{"taxonomy":"category","embeddable":true,"href":"https:\/\/www.meydan.tv\/az\/wp-json\/wp\/v2\/categories?post=345055"},{"taxonomy":"post_tag","embeddable":true,"href":"https:\/\/www.meydan.tv\/az\/wp-json\/wp\/v2\/tags?post=345055"}],"curies":[{"name":"wp","href":"https:\/\/api.w.org\/{rel}","templated":true}]}}