{"id":344607,"date":"2026-05-03T16:05:57","date_gmt":"2026-05-03T12:05:57","guid":{"rendered":"https:\/\/www.meydan.tv\/?p=344607"},"modified":"2026-05-03T16:06:00","modified_gmt":"2026-05-03T12:06:00","slug":"bu-gun-olk%c9%99d%c9%99-50-yox-550-media-%c9%99m%c9%99kcisi-h%c9%99bsd%c9%99dir","status":"publish","type":"post","link":"https:\/\/www.meydan.tv\/az\/article\/bu-gun-olk%c9%99d%c9%99-50-yox-550-media-%c9%99m%c9%99kcisi-h%c9%99bsd%c9%99dir\/","title":{"rendered":"&#8220;Bu g\u00fcn \u00f6lk\u0259d\u0259 50 yox, 550 media \u0259m\u0259k\u00e7isi h\u0259bsd\u0259dir&#8221;"},"content":{"rendered":"\n<p><strong>Meydan TV i\u00e7i \u00fczr\u0259 haz\u0131rda h\u0259bsd\u0259 olan j<strong>urnalist Nurlan Libre (Q\u0259hr\u0259manl\u0131)\u00a0t\u0259cridxanadan\u00a0yaz\u0131r <\/strong>:<\/strong><\/p>\n\n\n\n<p>3 May Jurnalistl\u0259rin H\u00fcquqlar\u0131n\u0131n Beyn\u0259lxalq M\u00fcdafi\u0259si G\u00fcn\u00fcd\u00fcr. Az\u0259rbaycanda bu g\u00fcn d\u00f6vl\u0259t n\u0259zar\u0259tind\u0259 olan jurnalistl\u0259rin bayram\u0131 kimi ke\u00e7irilir. Y\u0259ni nazirlikl\u0259r onlar\u0131 ilboyu t\u0259rifl\u0259y\u0259n jurnalistl\u0259r\u0259 konvertd\u0259 \u201c\u015firinlikl\u0259r\u201d g\u00f6nd\u0259r\u0259c\u0259kl\u0259r, \u015firk\u0259tl\u0259r is\u0259 bahal\u0131 h\u0259diyy\u0259l\u0259r pay ver\u0259c\u0259kl\u0259r ki, sosial \u015f\u0259b\u0259k\u0259l\u0259rd\u0259 mirz\u0259l\u0259r onlar\u0131 t\u0259rifl\u0259sin. Medalyonun dig\u0259r \u00fcz\u00fcnd\u0259 is\u0259 m\u00fcst\u0259qil m\u0259tbuat\u0131 m\u00fcdafi\u0259 ed\u0259n m\u00fcxbirl\u0259r i\u015fsizlik v\u0259 daimi h\u0259bs qorxusu il\u0259 ya\u015fama\u011fa \u00e7al\u0131\u015f\u0131rlar. M\u0259nim kimi \u015fanss\u0131z onlarla media \u0259m\u0259k\u00e7isi is\u0259 zindanda \u0130lham \u018fliyevin bizl\u0259r\u0259 r\u0259hmi g\u0259lib, \u0259fv s\u0259r\u0259ncam\u0131 imzalayaca\u011f\u0131 g\u00fcn\u00fc \u00fcmidl\u0259 g\u00f6zl\u0259yir. \u00c7ox \u015f\u00fck\u00fcr, \u018fliyevin m\u0259rh\u0259m\u0259tin\u0259 m\u00f6htac qalmasaq da insan\u0131n do\u011fmalar\u0131ndan ayr\u0131 ke\u00e7irdiyi h\u0259r g\u00fcn ona ikiqat \u0259zabd\u0131r. \u00c7\u00fcnki biziml\u0259 yana\u015f\u0131 onlar da azadl\u0131qda eyni iztirab\u0131 b\u00f6l\u00fc\u015f\u00fcrl\u0259r.<\/p>\n\n\n\n<p>Art\u0131q ikinci ildir ki, bu g\u00fcn\u00fc zindanda qeyd edir\u0259m. T\u0259k t\u0259s\u0259llim h\u0259mkarlar\u0131m\u0131 yaln\u0131z qoymamaqd\u0131r.&nbsp;<\/p>\n\n\n\n<p>D\u00f6vl\u0259tin g\u00f6z\u00fcnd\u0259 m\u00fcst\u0259qil jurnalistl\u0259r \u201cxuliqan\u201d, \u201cnarkobaron\u201d, \u201crazbor\u015fik\u201d v\u0259 \u0259n \u0259sas\u0131 \u201cqa\u00e7aqmal\u00e7\u0131d\u0131r\u201d. Biz \u201cqa\u00e7aqmal\u00e7\u0131lar\u0131n\u201d b\u0259xti dig\u0259rl\u0259rin\u0259 nisb\u0259t\u0259n onda g\u0259tirib ki, beyn\u0259lxalq t\u0259\u015fkilatlar bizi siyasi m\u0259hbus kimi tan\u0131y\u0131r, v\u0259kill\u0259rimiz var v\u0259 \u0259n \u0259sas\u0131 he\u00e7 kim bizim cinay\u0259tkar oldu\u011fumuza inanm\u0131r. Lakin biziml\u0259 eyni talehi b\u00f6l\u00fc\u015f\u0259n v\u0259 siyasi m\u0259hbus kimi tan\u0131nmayan y\u00fczd\u0259n \u00e7ox media \u0259m\u0259k\u00e7isi haz\u0131rda h\u0259bsd\u0259dir. \u018fsas\u0259n \u201ch\u0259d\u0259-qorxu il\u0259 pul t\u0259l\u0259b etm\u0259\u201d ittiham\u0131 il\u0259 h\u0259bs edil\u0259n bu \u015f\u0259xsl\u0259r keyfiyy\u0259tli v\u0259kil xidm\u0259tind\u0259n m\u0259hrumdurlar. Onlar\u0131n i\u015fl\u0259ri n\u0259inki Avropa \u0130nsan H\u00fcquqlar\u0131 M\u0259hk\u0259m\u0259sin\u0259 g\u00f6nd\u0259rilmir, he\u00e7 d\u00f6vl\u0259t hesab\u0131na t\u0259yin olunmu\u015f v\u0259kill\u0259r apellyasiya \u015fikay\u0259ti verm\u0259y\u0259 bel\u0259 t\u0259n\u0259zz\u00fcl etmirl\u0259r. \u00d6lk\u0259d\u0259 h\u00fcquq m\u00fcdafi\u0259\u00e7iliyi institutunun v\u0259ziyy\u0259tini izah etm\u0259y\u0259 ehtiyac duymuram. \u0130qtisadi \u00e7\u0259tinlikl\u0259r fonunda bir qismi \u00f6lk\u0259ni t\u0259rk etm\u0259y\u0259 m\u0259cbur olub, qalanlar\u0131 is\u0259 h\u0259bsd\u0259dir.\u00a0<\/p>\n\n\n\n<p>G\u0259nc h\u00fcquq\u015f\u00fcnaslardan kims\u0259 bu sah\u0259y\u0259 c\u00fczi maraq g\u00f6st\u0259r\u0259nd\u0259 d\u0259 &#8220;V\u0259kill\u0259r Kollegiyas\u0131&#8221; Damokl q\u0131l\u0131nc\u0131n\u0131 \u0259lin\u0259 al\u0131b ba\u015flar\u0131n\u0131 k\u0259sdirir. Bel\u0259 bir \u015f\u0259raitd\u0259 m\u0259nim kimi populyar siyasi m\u0259hbuslar bel\u0259 effektli \u015f\u0259kild\u0259 m\u00fcdafi\u0259 olunmursa, bu b\u0259db\u0259xtl\u0259rin \u00fcmidi yaln\u0131z Allaha qal\u0131b.\u00a0<\/p>\n\n\n\n<p>Bu g\u00fcn \u00f6lk\u0259d\u0259 50 yox, 550 media \u0259m\u0259k\u00e7isi h\u0259bsd\u0259dir. B\u0259zil\u0259ri burada m\u0259n\u0259 yax\u0131nla\u015f\u0131b qanunsuz h\u0259bsl\u0259rini ictimail\u0259\u015fdirm\u0259k \u00fc\u00e7\u00fcn jurnalist n\u00f6mr\u0259si ist\u0259yirl\u0259r. Onlara t\u0259\u0259ss\u00fcfl\u0259 bildirir\u0259m ki, \u201c\u00e7\u00f6ld\u0259 d\u0259rdini dan\u0131\u015fma\u011fa m\u00fcxbir qalmay\u0131b\u201d. Haz\u0131rda \u00fc\u00e7 redaksiyan\u0131n m\u0259hk\u0259m\u0259 prosesl\u0259rini i\u015f\u0131qland\u0131rma\u011fa bir d\u0259n\u0259 d\u0259 olsun m\u00fcxbir tap\u0131lm\u0131r. Qald\u0131 ki, tan\u0131nmayan \u015f\u0259xsl\u0259rl\u0259 maraqlanan olsun.<\/p>\n\n\n\n<p>2023-c\u00fc ilin dekabr ay\u0131nda yax\u0131n dostum Teymur K\u0259rimov \u201cbandotdel\u201d t\u0259r\u0259find\u0259n \u201ch\u0259d\u0259-qorxu il\u0259 pul t\u0259l\u0259b etm\u0259\u201d ittiham\u0131 il\u0259 h\u0259bs edildi. Onun \u00f6z i\u015f\u00e7isini \u0259leyhin\u0259 etm\u0259diyi cinay\u0259t\u0259 g\u00f6r\u0259 ifad\u0259 verm\u0259y\u0259 m\u0259cbur etdil\u0259r. Bir ne\u00e7\u0259 \u00fcz\u0259duran da tapd\u0131lar ki, K\u0259rimovun onlardan pul ald\u0131\u011f\u0131n\u0131 bildirsin.<\/p>\n\n\n\n<p>H\u0259min d\u00f6vrd\u0259 m\u0259n \u00f6lk\u0259ni t\u0259rk etm\u0259y\u0259 m\u0259cbur qald\u0131m. Bilirdim ki, bu cinay\u0259t i\u015fin\u0259 m\u0259ni d\u0259 calayacaqlar v\u0259 \u0259n yax\u015f\u0131 halda Teymurun \u0259leyhin\u0259 ifad\u0259 verm\u0259yimi, jurnalistika f\u0259aliyy\u0259timi dayand\u0131rma\u011f\u0131m\u0131 v\u0259 onlara i\u015fl\u0259m\u0259yimi t\u0259l\u0259b ed\u0259c\u0259kl\u0259r. Dig\u0259r t\u0259r\u0259fd\u0259n bunlardan imtina ets\u0259m, m\u0259ni d\u0259 h\u0259mkarlar\u0131m\u0131n talehi g\u00f6zl\u0259yir. M\u0259s\u0259l\u0259 h\u0259min d\u00f6vrd\u0259 h\u0259bsd\u0259n qorxma\u011f\u0131m deyil, m\u0259n d\u0259 h\u0259bs olunsayd\u0131m \u201cKanal 11\u201d v\u0259 \u201cPortagal Media\u201d internet televiziyalar\u0131 f\u0259aliyy\u0259tini dayand\u0131racaqd\u0131. D\u00f6vl\u0259tin el\u0259 \u0259n \u0259sas m\u0259qs\u0259di d\u0259 budur ki, bizi h\u0259bsd\u0259 saxlamaqla i\u015fl\u0259diyimiz kanallar f\u0259aliyy\u0259tini dayand\u0131rs\u0131n.<\/p>\n\n\n\n<p>Tbilisid\u0259 oldu\u011fum vaxt kanallara n\u0259zar\u0259t etm\u0259kl\u0259 yana\u015f\u0131 Teymurun h\u0259bsini yerli v\u0259 beyn\u0259lxalq ictimaiyy\u0259tin diqq\u0259tin\u0259 \u00e7atd\u0131rma\u011fa \u00e7al\u0131\u015f\u0131rd\u0131m. M\u0259nd\u0259n daim bu sual soru\u015fulurdu: \u201cS\u0259n \u0259mins\u0259n ki, Teymur kimd\u0259ns\u0259 zorla pul almay\u0131b?\u201d. He\u00e7 kim \u00f6lk\u0259d\u0259 m\u00fcxbirl\u0259rin narkobaron v\u0259 ya qa\u00e7aqmal\u00e7\u0131 oldu\u011funa inanm\u0131r. Lakin \u201ch\u0259d\u0259-qorxu il\u0259 pul t\u0259l\u0259b etm\u0259\u201d ittiham\u0131 ortal\u0131\u011fa g\u0259l\u0259nd\u0259 selektiv yana\u015fma ba\u015flay\u0131r. \u018fn yax\u015f\u0131 halda h\u00fcquq m\u00fcdafi\u0259\u00e7il\u0259ri m\u0259hk\u0259m\u0259 h\u00f6km\u00fcn\u00fc g\u00f6zl\u0259yirl\u0259r ki, bizi \u201cmedia m\u0259hbusu\u201d adland\u0131rs\u0131nlar. H\u0259min d\u00f6vr m\u0259n \u00f6lk\u0259d\u0259 qalsayd\u0131m Teymurla eyni taleyi b\u00f6l\u00fc\u015f\u0259c\u0259kdim. Bu kontekstd\u0259 \u00f6z\u00fcm\u00fc \u015fansl\u0131 say\u0131ram.<\/p>\n\n\n\n<p>Teymurun m\u0259hk\u0259m\u0259sin\u0259 g\u0259ldikd\u0259 is\u0259 \u0259leyhin\u0259 ifad\u0259 vermi\u015f \u015f\u0259xsl\u0259r m\u0259hk\u0259m\u0259d\u0259 \u015fikay\u0259tl\u0259rinin olmad\u0131\u011f\u0131n\u0131, polis t\u0259siri il\u0259 yalan ifad\u0259 verdikl\u0259rini bildirdil\u0259r. Yaln\u0131z i\u015f\u00e7isi h\u0259bs olunmamaq \u00fc\u00e7\u00fcn yalan dan\u0131\u015fd\u0131. D\u00f6vl\u0259t ittiham\u00e7\u0131s\u0131 m\u0259hk\u0259m\u0259y\u0259 he\u00e7 bir s\u00fcbut t\u0259qdim ed\u0259 bilm\u0259di. Bununla bel\u0259 hakim 8 il h\u00f6km oxudu. \u0130\u015f o q\u0259d\u0259r biab\u0131r\u00e7\u0131l\u0131qla yekunla\u015fd\u0131 ki, Apellyasiya M\u0259hk\u0259m\u0259si q\u0259rar\u0131 l\u0259\u011fv etdi, A\u011f\u0131r Cinay\u0259tl\u0259r M\u0259hk\u0259m\u0259si c\u0259zan\u0131 1 il azaltd\u0131, Ali M\u0259hk\u0259m\u0259 is\u0259 2 il g\u00f6t\u00fcrm\u0259y\u0259 m\u0259cbur oldu. Avropa \u0130nsan H\u00fcquqlar\u0131 M\u0259hk\u0259m\u0259sin\u0259 g\u00f6nd\u0259rmi\u015fik. Onlar da, Allah bilir, ne\u00e7\u0259 il sonra q\u0259rar \u00e7\u0131xaracaqlar.<\/p>\n\n\n\n<p>Biz ne\u00e7\u0259 c\u00fcml\u0259 il\u0259 izah etdiyim proses siz\u0259 asan g\u0259lm\u0259sin. H\u0259r bir m\u0259rh\u0259l\u0259 \u00fc\u00e7\u00fcn v\u0259kill\u0259 ayr\u0131 m\u00fcqavil\u0259 ba\u011flamaq laz\u0131md\u0131r. Teymurun yolda\u015f\u0131 Aynur bilmirdi ki, \u0259lind\u0259 olan pulla \u00fc\u00e7 \u00f6vlad\u0131na baxs\u0131n, \u0259rin\u0259 sovqat apars\u0131n, yoxsa v\u0259kill\u0259 m\u00fcqavil\u0259 ba\u011flas\u0131n.\u00a0<\/p>\n\n\n\n<p>Bu dan\u0131\u015fd\u0131\u011f\u0131m hekay\u0259 \u201ch\u0259d\u0259-qorxu il\u0259 pul t\u0259l\u0259b etm\u0259\u201d ittiham\u0131 il\u0259 h\u0259bs edilmi\u015f y\u00fczd\u0259n \u00e7ox media \u0259m\u0259k\u00e7isinin aras\u0131nda \u0259n \u015fansl\u0131lardan birin\u0259 aiddir. Dig\u0259rl\u0259rinin hekay\u0259l\u0259ri bundan qat-qat a\u011f\u0131rd\u0131r. Bu \u015f\u0259xsl\u0259r m\u0259hk\u0259m\u0259y\u0259 q\u0259d\u0259r h\u0259bsd\u0259 saxlan\u0131lmaqla, d\u00f6vl\u0259tin t\u0259yin etdiyi v\u0259kill\u0259rin i\u015fl\u0259rin\u0259 ehtinas\u0131zl\u0131qla yana\u015fmas\u0131 il\u0259 hakiml\u0259rin qar\u015f\u0131lar\u0131na g\u0259l\u0259n cinay\u0259t i\u015fl\u0259rini notarius kimi t\u0259sdiql\u0259m\u0259si il\u0259 \u0259dal\u0259tli m\u0259hk\u0259m\u0259 ara\u015fd\u0131rmas\u0131 h\u00fcququndan m\u0259hrum olunurlar. Siyasi m\u0259hbus kimi tan\u0131n\u0131b azadl\u0131\u011fa burax\u0131lmalar\u0131 is\u0259 dem\u0259k olar ki, m\u00fc\u015fkil\u0259 \u00e7evrilib.<\/p>\n\n\n\n<p>Yax\u0131n bir ne\u00e7\u0259 ild\u0259 bizi m\u00fcdafi\u0259 ed\u0259n v\u0259kill\u0259r d\u0259 g\u0259lm\u0259y\u0259c\u0259k. Ya kollegiya t\u0259r\u0259find\u0259n lisenziyalar\u0131 l\u0259\u011fv edil\u0259c\u0259k, ya da art\u0131q i\u015fl\u0259rimiz\u0259 \u00e7\u0131xmaqdan imtina ed\u0259c\u0259kl\u0259r. H\u0259min vaxt art\u0131q 3 May\u0131 yerli m\u0259tbuat\u0131n simvolik an\u0131m g\u00fcn\u00fc kimi qeyd ed\u0259c\u0259yik. Bu g\u00fcn yerli m\u0259tbuat sa\u011falmaz x\u0259st\u0259liy\u0259 d\u00fc\u00e7ar olmu\u015f pasiyent\u0259 b\u0259nz\u0259yir. Ham\u0131 bu yax\u0131nlarda \u00f6l\u0259c\u0259yini bilir, amma \u0259limizd\u0259n he\u00e7 n\u0259 g\u0259lmir. M\u0259nim \u0259n \u00e7ox heyfim idealist jurnalistika t\u0259l\u0259b\u0259l\u0259rin\u0259 g\u0259lir. N\u0259 \u00fcmidl\u0259rl\u0259 q\u0259bul olduqlar\u0131 fak\u00fclt\u0259ni bitir\u0259nd\u0259n sonra \u00f6zl\u0259rini realiz\u0259 etm\u0259yi bacaracaqlar\u0131 m\u0259kan tapmayacaqlar. \u0130\u015fl\u0259y\u0259nl\u0259rin yegan\u0259 yeri d\u00f6vl\u0259t n\u0259zar\u0259tind\u0259 olan m\u0259tbuat olacaq, orada  da Prezident Administrasiyas\u0131ndan g\u0259l\u0259n tezisl\u0259ri i\u015fl\u0259m\u0259kd\u0259n ibar\u0259t olacaq. Bu haradasa beyin c\u0259rrah\u0131n\u0131n aptekd\u0259 i\u015f\u0259 d\u00fcz\u0259lm\u0259yin\u0259 b\u0259nz\u0259yir.<\/p>\n\n\n\n<p>\u0130lham \u018fliyevin prezident oldu\u011fu \u00f6lk\u0259d\u0259 m\u0259tbuat h\u0259l\u0259 bu q\u0259d\u0259r uzun m\u00fcdd\u0259t ayaq \u00fcst\u0259 qalma\u011f\u0131 bacar\u0131bsa, bunu b\u00f6y\u00fck u\u011fur saymaq olar. \u018fn az\u0131ndan g\u0259l\u0259c\u0259k n\u0259sill\u0259r bil\u0259c\u0259k ki, azad s\u00f6z u\u011fruna sonunad\u0259k m\u00fcbariz\u0259 aparm\u0131\u015f\u0131q. Y\u0131x\u0131lmam\u0131\u015f\u0131q, amma ayaqda da deyilik. M\u0259tbuat\u0131m\u0131z\u0131n bu g\u00fcn\u00fc ac\u0131nacaql\u0131 v\u0259ziyy\u0259td\u0259dir. \u00d6lk\u0259 daxilind\u0259 n\u0259 m\u00fcst\u0259qil redaksiya qal\u0131b, n\u0259 d\u0259 ki, orada i\u015fl\u0259y\u0259n azadl\u0131qda m\u00fcxbir. He\u00e7 xalq\u0131n da mara\u011f\u0131nda deyil qar\u015f\u0131la\u015fd\u0131\u011f\u0131m\u0131z v\u0259ziyy\u0259t. Bizim hal\u0131m\u0131za xaricil\u0259r daha \u00e7ox yan\u0131r, n\u0259inki \u00f6z qohum-\u0259qrabam\u0131z. H\u0259tta haz\u0131rda m\u00fcharib\u0259 \u015f\u0259raitind\u0259 olan Rusiya v\u0259 \u0130randa bel\u0259 v\u0259ziyy\u0259t bizd\u0259n yax\u015f\u0131d\u0131r. Bel\u0259 bir \u015f\u0259raitd\u0259 \u201cbayram\u0131\u201d qeyd edirik. Sanki \u00f6lm\u00fc\u015f bir insan\u0131n ad g\u00fcn\u00fcn\u0259 y\u0131\u011f\u0131\u015fm\u0131\u015f\u0131q.<\/p>\n\n\n\n<p>Bu q\u0259d\u0259r \u00e7\u0259tin \u015f\u0259raitd\u0259 m\u00fcbariz\u0259 aparma\u011fa davam edirik. Zindandan yaz\u0131r\u0131q, pe\u015f\u0259miz\u0259 yenid\u0259n qovu\u015faca\u011f\u0131m\u0131z g\u00fcn\u00fc s\u0259birsizlikl\u0259 g\u00f6zl\u0259yirik. \u018flimiz qandalda olsa da, q\u0259l\u0259mimizi m\u00fcsadir\u0259 etm\u0259yi bacarmay\u0131blar. \u201cMeydan\u201d var olduqca, biz d\u0259 var\u0131q!<\/p>\n\n\n\n<p><strong>Nurlan Libre<\/strong><\/p>\n","protected":false},"excerpt":{"rendered":"<p>Meydan TV i\u00e7i \u00fczr\u0259 haz\u0131rda h\u0259bsd\u0259 olan jurnalist Nurlan Libre &#8230; <\/p>\n<p class=\"read-more-container\"><a title=\"&#8220;Bu g\u00fcn \u00f6lk\u0259d\u0259 50 yox, 550 media \u0259m\u0259k\u00e7isi h\u0259bsd\u0259dir&#8221;\" class=\"read-more button\" href=\"https:\/\/www.meydan.tv\/az\/article\/bu-gun-olk%c9%99d%c9%99-50-yox-550-media-%c9%99m%c9%99kcisi-h%c9%99bsd%c9%99dir\/#more-344607\" aria-label=\"Read more about &#8220;Bu g\u00fcn \u00f6lk\u0259d\u0259 50 yox, 550 media \u0259m\u0259k\u00e7isi h\u0259bsd\u0259dir&#8221;\">Davam\u0131<\/a><\/p>\n","protected":false},"author":16,"featured_media":335364,"comment_status":"closed","ping_status":"closed","sticky":false,"template":"","format":"standard","meta":{"_acf_changed":false,"_sitemap_exclude":false,"_sitemap_priority":"","_sitemap_frequency":"","footnotes":""},"categories":[172,79],"tags":[],"class_list":["post-344607","post","type-post","status-publish","format-standard","has-post-thumbnail","hentry","category-hebsxanadan-mektublar","category-featured","infinite-scroll-item","generate-columns","tablet-grid-50","mobile-grid-100","grid-parent","grid-33","no-featured-image-padding"],"acf":[],"yoast_head":"<!-- This site is optimized with the Yoast SEO plugin v27.5 - https:\/\/yoast.com\/product\/yoast-seo-wordpress\/ -->\n<title>&quot;Bu g\u00fcn \u00f6lk\u0259d\u0259 50 yox, 550 media \u0259m\u0259k\u00e7isi h\u0259bsd\u0259dir&quot; - MEYDAN.TV<\/title>\n<meta name=\"robots\" content=\"index, follow, max-snippet:-1, max-image-preview:large, max-video-preview:-1\" \/>\n<link rel=\"canonical\" href=\"https:\/\/www.meydan.tv\/az\/article\/bu-gun-olk%c9%99d%c9%99-50-yox-550-media-%c9%99m%c9%99kcisi-h%c9%99bsd%c9%99dir\/\" \/>\n<meta property=\"og:locale\" content=\"az_AZ\" \/>\n<meta property=\"og:type\" content=\"article\" \/>\n<meta property=\"og:title\" content=\"&quot;Bu g\u00fcn \u00f6lk\u0259d\u0259 50 yox, 550 media \u0259m\u0259k\u00e7isi h\u0259bsd\u0259dir&quot; - MEYDAN.TV\" \/>\n<meta property=\"og:description\" content=\"Meydan TV i\u00e7i \u00fczr\u0259 haz\u0131rda h\u0259bsd\u0259 olan jurnalist Nurlan Libre ... Davam\u0131\" \/>\n<meta property=\"og:url\" content=\"https:\/\/www.meydan.tv\/az\/article\/bu-gun-olk%c9%99d%c9%99-50-yox-550-media-%c9%99m%c9%99kcisi-h%c9%99bsd%c9%99dir\/\" \/>\n<meta property=\"og:site_name\" content=\"MEYDAN.TV\" \/>\n<meta property=\"article:published_time\" content=\"2026-05-03T12:05:57+00:00\" \/>\n<meta property=\"article:modified_time\" content=\"2026-05-03T12:06:00+00:00\" \/>\n<meta property=\"og:image\" content=\"https:\/\/www.meydan.tv\/wp-content\/uploads\/screenshot-2025-02-25-at-20.00.30-1200x632-1.png\" \/>\n\t<meta property=\"og:image:width\" content=\"1200\" \/>\n\t<meta property=\"og:image:height\" content=\"632\" \/>\n\t<meta property=\"og:image:type\" content=\"image\/png\" \/>\n<meta name=\"author\" content=\"sevda\" \/>\n<meta name=\"twitter:card\" content=\"summary_large_image\" \/>\n<script type=\"application\/ld+json\" class=\"yoast-schema-graph\">{\"@context\":\"https:\\\/\\\/schema.org\",\"@graph\":[{\"@type\":\"Article\",\"@id\":\"https:\\\/\\\/www.meydan.tv\\\/az\\\/article\\\/bu-gun-olk%c9%99d%c9%99-50-yox-550-media-%c9%99m%c9%99kcisi-h%c9%99bsd%c9%99dir\\\/#article\",\"isPartOf\":{\"@id\":\"https:\\\/\\\/www.meydan.tv\\\/az\\\/article\\\/bu-gun-olk%c9%99d%c9%99-50-yox-550-media-%c9%99m%c9%99kcisi-h%c9%99bsd%c9%99dir\\\/\"},\"author\":{\"name\":\"sevda\",\"@id\":\"https:\\\/\\\/www.meydan.tv\\\/az\\\/#\\\/schema\\\/person\\\/49b5f2bad5b126bb8ea9320eeb3e4dc9\"},\"headline\":\"&#8220;Bu g\u00fcn \u00f6lk\u0259d\u0259 50 yox, 550 media \u0259m\u0259k\u00e7isi h\u0259bsd\u0259dir&#8221;\",\"datePublished\":\"2026-05-03T12:05:57+00:00\",\"dateModified\":\"2026-05-03T12:06:00+00:00\",\"mainEntityOfPage\":{\"@id\":\"https:\\\/\\\/www.meydan.tv\\\/az\\\/article\\\/bu-gun-olk%c9%99d%c9%99-50-yox-550-media-%c9%99m%c9%99kcisi-h%c9%99bsd%c9%99dir\\\/\"},\"wordCount\":1649,\"publisher\":{\"@id\":\"https:\\\/\\\/www.meydan.tv\\\/az\\\/#organization\"},\"image\":{\"@id\":\"https:\\\/\\\/www.meydan.tv\\\/az\\\/article\\\/bu-gun-olk%c9%99d%c9%99-50-yox-550-media-%c9%99m%c9%99kcisi-h%c9%99bsd%c9%99dir\\\/#primaryimage\"},\"thumbnailUrl\":\"https:\\\/\\\/www.meydan.tv\\\/wp-content\\\/uploads\\\/screenshot-2025-02-25-at-20.00.30-1200x632-1.png\",\"articleSection\":[\"H\u0259bsxanadan m\u0259ktublar\",\"T\u00f6vsiy\u0259\"],\"inLanguage\":\"az\"},{\"@type\":\"WebPage\",\"@id\":\"https:\\\/\\\/www.meydan.tv\\\/az\\\/article\\\/bu-gun-olk%c9%99d%c9%99-50-yox-550-media-%c9%99m%c9%99kcisi-h%c9%99bsd%c9%99dir\\\/\",\"url\":\"https:\\\/\\\/www.meydan.tv\\\/az\\\/article\\\/bu-gun-olk%c9%99d%c9%99-50-yox-550-media-%c9%99m%c9%99kcisi-h%c9%99bsd%c9%99dir\\\/\",\"name\":\"\\\"Bu g\u00fcn \u00f6lk\u0259d\u0259 50 yox, 550 media \u0259m\u0259k\u00e7isi h\u0259bsd\u0259dir\\\" - MEYDAN.TV\",\"isPartOf\":{\"@id\":\"https:\\\/\\\/www.meydan.tv\\\/az\\\/#website\"},\"primaryImageOfPage\":{\"@id\":\"https:\\\/\\\/www.meydan.tv\\\/az\\\/article\\\/bu-gun-olk%c9%99d%c9%99-50-yox-550-media-%c9%99m%c9%99kcisi-h%c9%99bsd%c9%99dir\\\/#primaryimage\"},\"image\":{\"@id\":\"https:\\\/\\\/www.meydan.tv\\\/az\\\/article\\\/bu-gun-olk%c9%99d%c9%99-50-yox-550-media-%c9%99m%c9%99kcisi-h%c9%99bsd%c9%99dir\\\/#primaryimage\"},\"thumbnailUrl\":\"https:\\\/\\\/www.meydan.tv\\\/wp-content\\\/uploads\\\/screenshot-2025-02-25-at-20.00.30-1200x632-1.png\",\"datePublished\":\"2026-05-03T12:05:57+00:00\",\"dateModified\":\"2026-05-03T12:06:00+00:00\",\"breadcrumb\":{\"@id\":\"https:\\\/\\\/www.meydan.tv\\\/az\\\/article\\\/bu-gun-olk%c9%99d%c9%99-50-yox-550-media-%c9%99m%c9%99kcisi-h%c9%99bsd%c9%99dir\\\/#breadcrumb\"},\"inLanguage\":\"az\",\"potentialAction\":[{\"@type\":\"ReadAction\",\"target\":[\"https:\\\/\\\/www.meydan.tv\\\/az\\\/article\\\/bu-gun-olk%c9%99d%c9%99-50-yox-550-media-%c9%99m%c9%99kcisi-h%c9%99bsd%c9%99dir\\\/\"]}]},{\"@type\":\"ImageObject\",\"inLanguage\":\"az\",\"@id\":\"https:\\\/\\\/www.meydan.tv\\\/az\\\/article\\\/bu-gun-olk%c9%99d%c9%99-50-yox-550-media-%c9%99m%c9%99kcisi-h%c9%99bsd%c9%99dir\\\/#primaryimage\",\"url\":\"https:\\\/\\\/www.meydan.tv\\\/wp-content\\\/uploads\\\/screenshot-2025-02-25-at-20.00.30-1200x632-1.png\",\"contentUrl\":\"https:\\\/\\\/www.meydan.tv\\\/wp-content\\\/uploads\\\/screenshot-2025-02-25-at-20.00.30-1200x632-1.png\",\"width\":1200,\"height\":632,\"caption\":\"Nurlan Libre. \u0130ll\u00fcstrasiya: Meydan TV\"},{\"@type\":\"BreadcrumbList\",\"@id\":\"https:\\\/\\\/www.meydan.tv\\\/az\\\/article\\\/bu-gun-olk%c9%99d%c9%99-50-yox-550-media-%c9%99m%c9%99kcisi-h%c9%99bsd%c9%99dir\\\/#breadcrumb\",\"itemListElement\":[{\"@type\":\"ListItem\",\"position\":1,\"name\":\"Ana s\u0259hif\u0259\",\"item\":\"https:\\\/\\\/www.meydan.tv\\\/az\\\/\"},{\"@type\":\"ListItem\",\"position\":2,\"name\":\"H\u0259bsxanadan m\u0259ktublar\",\"item\":\"https:\\\/\\\/www.meydan.tv\\\/az\\\/section\\\/hebsxanadan-mektublar\\\/\"},{\"@type\":\"ListItem\",\"position\":3,\"name\":\"&#8220;Bu g\u00fcn \u00f6lk\u0259d\u0259 50 yox, 550 media \u0259m\u0259k\u00e7isi h\u0259bsd\u0259dir&#8221;\"}]},{\"@type\":\"WebSite\",\"@id\":\"https:\\\/\\\/www.meydan.tv\\\/az\\\/#website\",\"url\":\"https:\\\/\\\/www.meydan.tv\\\/az\\\/\",\"name\":\"MEYDAN.TV\",\"description\":\"Meydan TV Az\u0259rbaycan\u0131n media m\u0259kan\u0131ndak\u0131 alternativ s\u0259sidir\",\"publisher\":{\"@id\":\"https:\\\/\\\/www.meydan.tv\\\/az\\\/#organization\"},\"potentialAction\":[{\"@type\":\"SearchAction\",\"target\":{\"@type\":\"EntryPoint\",\"urlTemplate\":\"https:\\\/\\\/www.meydan.tv\\\/az\\\/?s={search_term_string}\"},\"query-input\":{\"@type\":\"PropertyValueSpecification\",\"valueRequired\":true,\"valueName\":\"search_term_string\"}}],\"inLanguage\":\"az\"},{\"@type\":\"Organization\",\"@id\":\"https:\\\/\\\/www.meydan.tv\\\/az\\\/#organization\",\"name\":\"Meydan TV\",\"url\":\"https:\\\/\\\/www.meydan.tv\\\/az\\\/\",\"logo\":{\"@type\":\"ImageObject\",\"inLanguage\":\"az\",\"@id\":\"https:\\\/\\\/www.meydan.tv\\\/az\\\/#\\\/schema\\\/logo\\\/image\\\/\",\"url\":\"https:\\\/\\\/www.meydan.tv\\\/wp-content\\\/uploads\\\/2021\\\/07\\\/meydan-logo.svg\",\"contentUrl\":\"https:\\\/\\\/www.meydan.tv\\\/wp-content\\\/uploads\\\/2021\\\/07\\\/meydan-logo.svg\",\"width\":195,\"height\":46,\"caption\":\"Meydan TV\"},\"image\":{\"@id\":\"https:\\\/\\\/www.meydan.tv\\\/az\\\/#\\\/schema\\\/logo\\\/image\\\/\"}},{\"@type\":\"Person\",\"@id\":\"https:\\\/\\\/www.meydan.tv\\\/az\\\/#\\\/schema\\\/person\\\/49b5f2bad5b126bb8ea9320eeb3e4dc9\",\"name\":\"sevda\"}]}<\/script>\n<!-- \/ Yoast SEO plugin. -->","yoast_head_json":{"title":"\"Bu g\u00fcn \u00f6lk\u0259d\u0259 50 yox, 550 media \u0259m\u0259k\u00e7isi h\u0259bsd\u0259dir\" - MEYDAN.TV","robots":{"index":"index","follow":"follow","max-snippet":"max-snippet:-1","max-image-preview":"max-image-preview:large","max-video-preview":"max-video-preview:-1"},"canonical":"https:\/\/www.meydan.tv\/az\/article\/bu-gun-olk%c9%99d%c9%99-50-yox-550-media-%c9%99m%c9%99kcisi-h%c9%99bsd%c9%99dir\/","og_locale":"az_AZ","og_type":"article","og_title":"\"Bu g\u00fcn \u00f6lk\u0259d\u0259 50 yox, 550 media \u0259m\u0259k\u00e7isi h\u0259bsd\u0259dir\" - MEYDAN.TV","og_description":"Meydan TV i\u00e7i \u00fczr\u0259 haz\u0131rda h\u0259bsd\u0259 olan jurnalist Nurlan Libre ... Davam\u0131","og_url":"https:\/\/www.meydan.tv\/az\/article\/bu-gun-olk%c9%99d%c9%99-50-yox-550-media-%c9%99m%c9%99kcisi-h%c9%99bsd%c9%99dir\/","og_site_name":"MEYDAN.TV","article_published_time":"2026-05-03T12:05:57+00:00","article_modified_time":"2026-05-03T12:06:00+00:00","og_image":[{"width":1200,"height":632,"url":"https:\/\/www.meydan.tv\/wp-content\/uploads\/screenshot-2025-02-25-at-20.00.30-1200x632-1.png","type":"image\/png"}],"author":"sevda","twitter_card":"summary_large_image","schema":{"@context":"https:\/\/schema.org","@graph":[{"@type":"Article","@id":"https:\/\/www.meydan.tv\/az\/article\/bu-gun-olk%c9%99d%c9%99-50-yox-550-media-%c9%99m%c9%99kcisi-h%c9%99bsd%c9%99dir\/#article","isPartOf":{"@id":"https:\/\/www.meydan.tv\/az\/article\/bu-gun-olk%c9%99d%c9%99-50-yox-550-media-%c9%99m%c9%99kcisi-h%c9%99bsd%c9%99dir\/"},"author":{"name":"sevda","@id":"https:\/\/www.meydan.tv\/az\/#\/schema\/person\/49b5f2bad5b126bb8ea9320eeb3e4dc9"},"headline":"&#8220;Bu g\u00fcn \u00f6lk\u0259d\u0259 50 yox, 550 media \u0259m\u0259k\u00e7isi h\u0259bsd\u0259dir&#8221;","datePublished":"2026-05-03T12:05:57+00:00","dateModified":"2026-05-03T12:06:00+00:00","mainEntityOfPage":{"@id":"https:\/\/www.meydan.tv\/az\/article\/bu-gun-olk%c9%99d%c9%99-50-yox-550-media-%c9%99m%c9%99kcisi-h%c9%99bsd%c9%99dir\/"},"wordCount":1649,"publisher":{"@id":"https:\/\/www.meydan.tv\/az\/#organization"},"image":{"@id":"https:\/\/www.meydan.tv\/az\/article\/bu-gun-olk%c9%99d%c9%99-50-yox-550-media-%c9%99m%c9%99kcisi-h%c9%99bsd%c9%99dir\/#primaryimage"},"thumbnailUrl":"https:\/\/www.meydan.tv\/wp-content\/uploads\/screenshot-2025-02-25-at-20.00.30-1200x632-1.png","articleSection":["H\u0259bsxanadan m\u0259ktublar","T\u00f6vsiy\u0259"],"inLanguage":"az"},{"@type":"WebPage","@id":"https:\/\/www.meydan.tv\/az\/article\/bu-gun-olk%c9%99d%c9%99-50-yox-550-media-%c9%99m%c9%99kcisi-h%c9%99bsd%c9%99dir\/","url":"https:\/\/www.meydan.tv\/az\/article\/bu-gun-olk%c9%99d%c9%99-50-yox-550-media-%c9%99m%c9%99kcisi-h%c9%99bsd%c9%99dir\/","name":"\"Bu g\u00fcn \u00f6lk\u0259d\u0259 50 yox, 550 media \u0259m\u0259k\u00e7isi h\u0259bsd\u0259dir\" - MEYDAN.TV","isPartOf":{"@id":"https:\/\/www.meydan.tv\/az\/#website"},"primaryImageOfPage":{"@id":"https:\/\/www.meydan.tv\/az\/article\/bu-gun-olk%c9%99d%c9%99-50-yox-550-media-%c9%99m%c9%99kcisi-h%c9%99bsd%c9%99dir\/#primaryimage"},"image":{"@id":"https:\/\/www.meydan.tv\/az\/article\/bu-gun-olk%c9%99d%c9%99-50-yox-550-media-%c9%99m%c9%99kcisi-h%c9%99bsd%c9%99dir\/#primaryimage"},"thumbnailUrl":"https:\/\/www.meydan.tv\/wp-content\/uploads\/screenshot-2025-02-25-at-20.00.30-1200x632-1.png","datePublished":"2026-05-03T12:05:57+00:00","dateModified":"2026-05-03T12:06:00+00:00","breadcrumb":{"@id":"https:\/\/www.meydan.tv\/az\/article\/bu-gun-olk%c9%99d%c9%99-50-yox-550-media-%c9%99m%c9%99kcisi-h%c9%99bsd%c9%99dir\/#breadcrumb"},"inLanguage":"az","potentialAction":[{"@type":"ReadAction","target":["https:\/\/www.meydan.tv\/az\/article\/bu-gun-olk%c9%99d%c9%99-50-yox-550-media-%c9%99m%c9%99kcisi-h%c9%99bsd%c9%99dir\/"]}]},{"@type":"ImageObject","inLanguage":"az","@id":"https:\/\/www.meydan.tv\/az\/article\/bu-gun-olk%c9%99d%c9%99-50-yox-550-media-%c9%99m%c9%99kcisi-h%c9%99bsd%c9%99dir\/#primaryimage","url":"https:\/\/www.meydan.tv\/wp-content\/uploads\/screenshot-2025-02-25-at-20.00.30-1200x632-1.png","contentUrl":"https:\/\/www.meydan.tv\/wp-content\/uploads\/screenshot-2025-02-25-at-20.00.30-1200x632-1.png","width":1200,"height":632,"caption":"Nurlan Libre. \u0130ll\u00fcstrasiya: Meydan TV"},{"@type":"BreadcrumbList","@id":"https:\/\/www.meydan.tv\/az\/article\/bu-gun-olk%c9%99d%c9%99-50-yox-550-media-%c9%99m%c9%99kcisi-h%c9%99bsd%c9%99dir\/#breadcrumb","itemListElement":[{"@type":"ListItem","position":1,"name":"Ana s\u0259hif\u0259","item":"https:\/\/www.meydan.tv\/az\/"},{"@type":"ListItem","position":2,"name":"H\u0259bsxanadan m\u0259ktublar","item":"https:\/\/www.meydan.tv\/az\/section\/hebsxanadan-mektublar\/"},{"@type":"ListItem","position":3,"name":"&#8220;Bu g\u00fcn \u00f6lk\u0259d\u0259 50 yox, 550 media \u0259m\u0259k\u00e7isi h\u0259bsd\u0259dir&#8221;"}]},{"@type":"WebSite","@id":"https:\/\/www.meydan.tv\/az\/#website","url":"https:\/\/www.meydan.tv\/az\/","name":"MEYDAN.TV","description":"Meydan TV Az\u0259rbaycan\u0131n media m\u0259kan\u0131ndak\u0131 alternativ s\u0259sidir","publisher":{"@id":"https:\/\/www.meydan.tv\/az\/#organization"},"potentialAction":[{"@type":"SearchAction","target":{"@type":"EntryPoint","urlTemplate":"https:\/\/www.meydan.tv\/az\/?s={search_term_string}"},"query-input":{"@type":"PropertyValueSpecification","valueRequired":true,"valueName":"search_term_string"}}],"inLanguage":"az"},{"@type":"Organization","@id":"https:\/\/www.meydan.tv\/az\/#organization","name":"Meydan TV","url":"https:\/\/www.meydan.tv\/az\/","logo":{"@type":"ImageObject","inLanguage":"az","@id":"https:\/\/www.meydan.tv\/az\/#\/schema\/logo\/image\/","url":"https:\/\/www.meydan.tv\/wp-content\/uploads\/2021\/07\/meydan-logo.svg","contentUrl":"https:\/\/www.meydan.tv\/wp-content\/uploads\/2021\/07\/meydan-logo.svg","width":195,"height":46,"caption":"Meydan TV"},"image":{"@id":"https:\/\/www.meydan.tv\/az\/#\/schema\/logo\/image\/"}},{"@type":"Person","@id":"https:\/\/www.meydan.tv\/az\/#\/schema\/person\/49b5f2bad5b126bb8ea9320eeb3e4dc9","name":"sevda"}]}},"_links":{"self":[{"href":"https:\/\/www.meydan.tv\/az\/wp-json\/wp\/v2\/posts\/344607","targetHints":{"allow":["GET"]}}],"collection":[{"href":"https:\/\/www.meydan.tv\/az\/wp-json\/wp\/v2\/posts"}],"about":[{"href":"https:\/\/www.meydan.tv\/az\/wp-json\/wp\/v2\/types\/post"}],"author":[{"embeddable":true,"href":"https:\/\/www.meydan.tv\/az\/wp-json\/wp\/v2\/users\/16"}],"replies":[{"embeddable":true,"href":"https:\/\/www.meydan.tv\/az\/wp-json\/wp\/v2\/comments?post=344607"}],"version-history":[{"count":3,"href":"https:\/\/www.meydan.tv\/az\/wp-json\/wp\/v2\/posts\/344607\/revisions"}],"predecessor-version":[{"id":344610,"href":"https:\/\/www.meydan.tv\/az\/wp-json\/wp\/v2\/posts\/344607\/revisions\/344610"}],"wp:featuredmedia":[{"embeddable":true,"href":"https:\/\/www.meydan.tv\/az\/wp-json\/wp\/v2\/media\/335364"}],"wp:attachment":[{"href":"https:\/\/www.meydan.tv\/az\/wp-json\/wp\/v2\/media?parent=344607"}],"wp:term":[{"taxonomy":"category","embeddable":true,"href":"https:\/\/www.meydan.tv\/az\/wp-json\/wp\/v2\/categories?post=344607"},{"taxonomy":"post_tag","embeddable":true,"href":"https:\/\/www.meydan.tv\/az\/wp-json\/wp\/v2\/tags?post=344607"}],"curies":[{"name":"wp","href":"https:\/\/api.w.org\/{rel}","templated":true}]}}