{"id":344604,"date":"2026-05-03T15:41:37","date_gmt":"2026-05-03T11:41:37","guid":{"rendered":"https:\/\/www.meydan.tv\/?p=344604"},"modified":"2026-05-03T15:41:39","modified_gmt":"2026-05-03T11:41:39","slug":"azad-media-heysiz-b%c9%99d%c9%99n%c9%99-suni-n%c9%99f%c9%99s","status":"publish","type":"post","link":"https:\/\/www.meydan.tv\/az\/article\/azad-media-heysiz-b%c9%99d%c9%99n%c9%99-suni-n%c9%99f%c9%99s\/","title":{"rendered":"&#8220;Azad media! Heysiz b\u0259d\u0259n\u0259 s\u00fcni n\u0259f\u0259s&#8230;&#8221;"},"content":{"rendered":"\n<p><strong>Meydan TV-nin h\u0259bsd\u0259 olan ba\u015f redaktoru Aynur Elg\u00fcn\u0259\u015f saxlan\u0131ld\u0131\u011f\u0131 1 sayl\u0131 Bak\u0131 \u0130stintaq T\u0259cridxanas\u0131ndan yaz\u0131r:<\/strong><\/p>\n\n\n\n<p>\u201cD\u00fcnyada azad m\u0259tbuat yoxdur\u201d dey\u0259n bir liderin idar\u0259 etdiyi \u00f6lk\u0259nin h\u0259bsxanas\u0131nda oturub Beyn\u0259lxalq M\u0259tbuat Azadl\u0131\u011f\u0131 G\u00fcn\u00fc m\u00fcnasib\u0259til\u0259 yaz\u0131 yazma\u011f\u0131n n\u0259 q\u0259d\u0259r absurd oldu\u011funun f\u0259rqind\u0259y\u0259m. B\u0259li, \u0130lham \u018fliyev \u00f6z \u0259m\u0259lin\u0259 bel\u0259 haqq qazand\u0131r\u0131r: azad m\u0259tbuat\u0131 susdurmaq \u00fc\u00e7\u00fcn jurnalistl\u0259ri h\u0259bs\u0259 at\u0131r, \u00f6lk\u0259d\u0259 h\u0259r k\u0259sin ifad\u0259 azadl\u0131\u011f\u0131n\u0131 bo\u011fur v\u0259 deyir ki, bu azadl\u0131q he\u00e7 d\u00fcnyada yoxdur.<\/p>\n\n\n\n<p>Yadda\u015f\u0131m\u0131z o q\u0259d\u0259r d\u0259 kor\u015falmay\u0131b, \u0130lham \u018fliyevin bir ne\u00e7\u0259 il \u00f6nc\u0259 \u00f6lk\u0259d\u0259 m\u0259tbuat v\u0259 internet azadl\u0131\u011f\u0131n\u0131n oldu\u011funu h\u0259r \u00e7\u0131x\u0131\u015f\u0131nda s\u00f6yl\u0259diyini yax\u015f\u0131 xat\u0131rlay\u0131r\u0131q. Prezident\u0259 g\u00f6r\u0259 \u201cd\u00fcnya bizim evimizdir, bizd\u0259 yoxdursa, d\u00fcnyada da yoxdur\u201d.<\/p>\n\n\n\n<p>Azad m\u0259tbuatla as\u0131l\u0131 m\u0259tbuat\u0131n aras\u0131ndak\u0131 f\u0259rqi q\u0131sa \u015f\u0259kild\u0259 izah edim, c\u0259nab \u018fliyevin fikirl\u0259rini ay\u0259 kimi q\u0259bul ed\u0259nl\u0259r d\u0259 hali olsun. Jurnalistika \u00f6z qaydalar\u0131, strukturu olan bir pe\u015f\u0259dir. Azadl\u0131q da a\u011fz\u0131na g\u0259l\u0259ni yox, a\u015fkara \u00e7\u0131xard\u0131qlar\u0131n\u0131, d\u0259qiql\u0259\u015fdirib \u0259min oldu\u011fun informasiyan\u0131 yazark\u0259n mane\u0259 il\u0259 \u00fczl\u0259\u015fm\u0259m\u0259kdir. Azad m\u0259tbuat d\u00f6vl\u0259t b\u00fcdc\u0259sind\u0259n, ayr\u0131-ayr\u0131 m\u0259murlar\u0131n \u00f6z m\u0259nafei \u00fc\u00e7\u00fcn ay\u0131rd\u0131\u011f\u0131 qara pullarla maliyy\u0259l\u0259\u015fmir. Bu \u0259sas \u015f\u0259rti Az\u0259rbaycan da 2001-ci ild\u0259 Avropa \u015euras\u0131na \u00fczv olark\u0259n \u00f6hd\u0259lik kimi g\u00f6t\u00fcr\u00fcb.<\/p>\n\n\n\n<p>Azad m\u0259tbuat yaln\u0131z reklamlarla, m\u0259hsulun sat\u0131\u015f\u0131 il\u0259 v\u0259 ya media \u00fczr\u0259 ixtisasla\u015fm\u0131\u015f fondlar\u0131n maliyy\u0259l\u0259\u015fdirdiyi layih\u0259l\u0259rl\u0259, el\u0259c\u0259 d\u0259 ian\u0259l\u0259rl\u0259 ayaqda durur. Demokratiyan\u0131n yeni quruldu\u011fu v\u0259 ya diktaturan\u0131n h\u00f6km s\u00fcrd\u00fcy\u00fc \u00f6lk\u0259l\u0259rd\u0259 insan haqlar\u0131n\u0131n qorunmas\u0131, s\u0259sl\u0259rin \u00e7atd\u0131r\u0131lmas\u0131 \u00fc\u00e7\u00fcn yarad\u0131lan media orqanlar\u0131 da var.<\/p>\n\n\n\n<p>As\u0131l\u0131 media &#8211; buna yanda\u015f, hakimiyy\u0259talt\u0131 v\u0259 s. adlar da qoyulub &#8211; \u0259sas\u0259n d\u00f6vl\u0259t b\u00fcdc\u0259sind\u0259n v\u0259 ya bir-birin\u0259 qar\u015f\u0131 silah kimi istifad\u0259 ed\u0259n oliqarxlar, m\u0259murlar t\u0259r\u0259find\u0259n maliyy\u0259l\u0259\u015fir. M\u0259qs\u0259d hakimiyy\u0259tin t\u0259bli\u011fat\u0131n\u0131 aparmaq, ictimai fikri idar\u0259 etm\u0259k, faktlar\u0131 yamayaraq c\u0259miyy\u0259ti manipulyasiya etm\u0259kdir.<\/p>\n\n\n\n<p>Bu media orqanlar\u0131 \u0259sas\u0259n informasiya kirliliyi yaratmaqla diqq\u0259ti \u0259sas probleml\u0259rd\u0259n yay\u0131nd\u0131rma\u011fa \u00e7al\u0131\u015f\u0131rlar. X\u00fcsusil\u0259 korrupsiya v\u0259 r\u00fc\u015fv\u0259tin t\u00fc\u011fyan etdiyi \u00f6lk\u0259l\u0259rd\u0259 media al\u0259t v\u0259 \u0259l\u0259bax\u0131ml\u0131 olur.<\/p>\n\n\n\n<p>G\u00fcn\u00fcm\u00fczd\u0259 beyn\u0259lxalq al\u0259md\u0259 yax\u015f\u0131 tan\u0131nan, n\u0259h\u0259ng media qurumlar\u0131n\u0131n hans\u0131sa maraq xatirin\u0259 materiallar yay\u0131mlad\u0131\u011f\u0131 fakt\u0131 da dan\u0131lmazd\u0131r. X\u00fcsusil\u0259 m\u00fcharib\u0259l\u0259r v\u0259 siyasi \u00e7axna\u015fmalar zaman\u0131. Ancaq \u00f6z\u00fcn\u0259 \u201cazad\u201d dey\u0259n media orqan\u0131n\u0131n \u0259sas missiyas\u0131 t\u0259m\u0259l haqlar\u0131 qorunmaqla do\u011fru x\u0259b\u0259r haz\u0131rlamaqd\u0131r ki, hans\u0131sa manipulyativ yay\u0131m bunu k\u00f6lg\u0259l\u0259y\u0259r, sars\u0131tmaz.<\/p>\n\n\n\n<p>Q\u0131sas\u0131, he\u00e7 bir sah\u0259 ideal deyil, media al\u0259mi x\u00fcsusil\u0259. Ancaq hans\u0131sa t\u0259r\u0259fli material yaymaq ba\u015fqa, b\u00fct\u00fcnl\u00fckl\u0259 q\u0259r\u0259z v\u0259 m\u0259qs\u0259d \u00fcz\u0259rind\u0259n t\u0259bli\u011fat aparmaq ba\u015fqa. Az\u0259rbaycanda m\u0259hz ikinci \u00fcsul t\u0259tbiq edilir. \u00dcmumiyy\u0259tl\u0259, \u00f6lk\u0259d\u0259 fikr\u0259 d\u00f6z\u00fcms\u00fczl\u00fck, azadl\u0131\u011fa nifr\u0259t b\u00fct\u00fcnl\u00fckl\u0259 ifad\u0259 azadl\u0131\u011f\u0131n\u0131n m\u0259hvin\u0259 g\u0259tirib. D\u00f6vl\u0259t b\u00fcdc\u0259sind\u0259n ayr\u0131lan pullar hesab\u0131na var olan media qurumlar\u0131 is\u0259 \u201cQatarda\u201d teletama\u015fas\u0131ndak\u0131 kimidir: \u201cFat\u0131, qalx! Fat\u0131, otur!\u201d. Bu as\u0131l\u0131 media qurumlar\u0131nda \u00e7al\u0131\u015fanlar \u00fc\u00e7\u00fcn n\u0259 t\u0259msil etdikl\u0259ri pe\u015f\u0259nin qaydalar\u0131, prinsipl\u0259ri \u00f6n\u0259mlidir, n\u0259 d\u0259 aldatd\u0131qlar\u0131 tama\u015fa\u00e7\u0131-oxucunun m\u00f6vqeyi. Onlar \u00fc\u00e7\u00fcn \u00f6n\u0259mli olan m\u0259d\u0259d\u0259dir. O, bo\u015f qalmas\u0131n. Qalm\u0131r da. Bu t\u0259bli\u011fat, m\u0259dhiyy\u0259 ruporlar\u0131n\u0131n ba\u015f\u0131nda oturanlar ev\u0259, ma\u015f\u0131na, fermaya, ma\u011fazalar, restoranlar \u015f\u0259b\u0259k\u0259sin\u0259 sahibdirl\u0259r. T\u0259bii ki, n\u0259 q\u0259d\u0259r qul olma\u011fa raz\u0131d\u0131rlarsa, o q\u0259d\u0259r d\u0259 bu varidat sars\u0131lmaz qalacaq.<\/p>\n\n\n\n<p>Az\u0259rbaycan m\u0259tbuat\u0131n\u0131n banisi say\u0131lan H\u0259s\u0259n b\u0259y Z\u0259rdabi is\u0259 h\u0259l\u0259 150 il \u00f6nc\u0259 azadl\u0131\u011f\u0131n d\u0259y\u0259rini bel\u0259 anlad\u0131rd\u0131: \u201cBiz \u00f6z xahi\u015fimizl\u0259 bir-birimiz\u0259 qul olmu\u015fuq: R\u0259iyy\u0259t pad\u015faha, \u00f6vr\u0259t ki\u015fiy\u0259, u\u015faq ataya, n\u00f6k\u0259r a\u011faya, \u015fagird ustaya v\u0259 qeyri qul deyil?! V\u0259 buna s\u0259b\u0259b bizim ata-baba ad\u0259tl\u0259ridir. N\u0259 q\u0259d\u0259r b\u00f6yl\u0259 olsa, biz t\u0259r\u0259qqi etm\u0259y\u0259c\u0259yik v\u0259 ed\u0259 bilm\u0259rik\u201d.<\/p>\n\n\n\n<p>\u0130ndi bu s\u0259tirl\u0259ri yazan ki\u015finin ad\u0131na medallar d\u00fcz\u0259ltdirib mirz\u0259l\u0259rin\u0259 paylatd\u0131ran \u0130lham \u018fliyev d\u00fcnyada azad m\u0259tbuat\u0131n olmad\u0131\u011f\u0131n\u0131 deyir, onun yox olmas\u0131 \u00fc\u00e7\u00fcn b\u00fct\u00fcn t\u0259zyiq ri\u00e7aqlar\u0131ndan istifad\u0259 edir.&nbsp;<\/p>\n\n\n\n<blockquote class=\"wp-block-quote is-layout-flow wp-block-quote-is-layout-flow\">\n<p><em>\u201cM\u0259n bel\u0259 ist\u0259yir\u0259m, \u0259ksini iddia ed\u0259n varsa, yeri h\u0259bsxanad\u0131r\u201d, <\/em>&#8211; \u018fliyevin \u0259m\u0259ll\u0259rinin a\u00e7mas\u0131 budur.\u00a0<\/p>\n<\/blockquote>\n\n\n\n<p>G\u00f6r\u0259s\u0259n, Prezident Administrasiyas\u0131ndan g\u00f6nd\u0259ril\u0259n tezisl\u0259ri yazmaqla o medallara sahib olanlar d\u00fc\u015f\u00fcnm\u00fcrm\u00fc ki, ad\u0131ndan yararland\u0131qlar\u0131 o b\u00f6y\u00fck ki\u015fi edil\u0259n t\u0259klifl\u0259ri \u0259linin t\u0259rsil\u0259 \u00e7evirdiyi \u00fc\u00e7\u00fcn bu g\u00fcn\u0259 q\u0259d\u0259r var olub? G\u00f6r\u0259s\u0259n, bilirl\u0259rmi H\u0259s\u0259n b\u0259y Z\u0259rdabinin m\u0259tbuatdan qazanc\u0131 olmay\u0131b?<\/p>\n\n\n\n<p>\u201c\u015e\u0259rqli\u201d t\u0259x\u0259ll\u00fcs\u00fc il\u0259 tan\u0131nan F\u0259rhad A\u011fazad\u0259 yaz\u0131r ki, H\u0259s\u0259n b\u0259yin d\u0259fni \u00e7ar h\u00f6kum\u0259ti zaman\u0131ndak\u0131 d\u0259fnl\u0259rin \u0259n parla\u011f\u0131 olub: \u201cT\u0259\u015fyi-c\u0259naz\u0259d\u0259 Bak\u0131da m\u00f6vcud b\u00fct\u00fcn c\u0259miyy\u0259tl\u0259r i\u015ftirak edirdil\u0259r\u201d. C\u0259naz\u0259 t\u0259\u015fyi edil\u0259rk\u0259n bir natiq deyib: \u201cH\u0259s\u0259n b\u0259y Bak\u0131ya ac g\u0259ldi, ac da getdi\u201d. Bu, m\u0259n\u0259vi acl\u0131q deyildi, \u0259ksin\u0259 prinsipl\u0259ri m\u0259d\u0259d\u0259n yuxar\u0131da duran birinin duru\u015fu idi.<\/p>\n\n\n\n<p>Tarixi hadis\u0259l\u0259r, m\u0259tbuata m\u00fcnasib\u0259t aras\u0131nda o q\u0259d\u0259r ox\u015farl\u0131q var ki, heyr\u0259tl\u0259nirs\u0259n. M\u0259s\u0259l\u0259n, bu g\u00fcn Meydan TV, \u201cAbzas Media\u201d, \u201cToplum TV\u201d kimi media orqanlar\u0131na m\u00fcsahib\u0259 ver\u0259n, yazd\u0131qlar\u0131n\u0131 payla\u015fan adamlar qorxu ke\u00e7irirl\u0259r. Z\u0259rdabinin d\u00f6vr\u00fcnd\u0259 d\u0259 bir \u00e7ox \u015f\u0259xs \u201c\u018fkin\u00e7i\u201dy\u0259 yax\u0131n durmaqdan qorxarm\u0131\u015f. H\u0259tta general \u018flixanov q\u0259zeti geri g\u00f6nd\u0259r\u0259r\u0259k bunlar\u0131 yaz\u0131b: \u201cQ\u0259zet\u0259 m\u00fcdiri bilm\u0259yir ki, x\u00fcsusi adamlar\u0131n n\u0259\u015fr etdiyi q\u0259zet\u0259yi \u00e7ar\u0131n sadiq n\u00f6k\u0259rl\u0259ri \u0259ll\u0259rin\u0259 d\u0259 almazlar. T\u0259\u0259cc\u00fcb edir\u0259m\u201d.<\/p>\n\n\n\n<p>O d\u00f6vrd\u0259 \u00e7ar h\u00f6kum\u0259ti (Osmanl\u0131-rus m\u00fcnasib\u0259tind\u0259n t\u0259sirl\u0259n\u0259r\u0259k) b\u00fct\u00fcn Qafqazda \u00fcsyan ba\u015flamas\u0131ndan v\u0259 \u201c\u018fkin\u00e7i\u201d q\u0259zetinin bu i\u015fd\u0259 b\u00f6y\u00fck rol oynayaca\u011f\u0131ndan qorxub. Bu s\u0259b\u0259bd\u0259n d\u0259 \u201c\u018fkin\u00e7i\u201d q\u0259zeti qapad\u0131l\u0131b.&nbsp;<\/p>\n\n\n\n<p>Bu d\u00f6vrd\u0259 is\u0259 hakimiyy\u0259t m\u00fcst\u0259qil median\u0131n ictimai m\u00fchit\u0259 t\u0259sirind\u0259n qorxur. T\u0259sad\u00fcfi deyil ki, m\u0259nim g\u00fcd\u00fclm\u0259yim \u00fc\u00e7\u00fcn m\u0259hk\u0259m\u0259y\u0259 t\u0259qdimat ver\u0259n DTX-d\u0259 m\u0259hz xarici q\u00fcvv\u0259l\u0259rin t\u0259siri il\u0259 \u00f6lk\u0259d\u0259 ictimai-siyasi v\u0259ziyy\u0259ti qar\u0131\u015fd\u0131rma\u011f\u0131mdan \u015f\u00fcbh\u0259l\u0259ndikl\u0259rini yaz\u0131b. S\u00f6zs\u00fcz ki, m\u0259n t\u0259k deyil\u0259m, m\u0259tbuat v\u0259 ifad\u0259 azadl\u0131\u011f\u0131n\u0131 d\u0259st\u0259kl\u0259y\u0259n h\u0259r k\u0259s hakimiyy\u0259tin h\u0259d\u0259find\u0259dir. T\u0259qib edir, d\u00f6y\u00fcr, h\u0259bs\u0259 at\u0131r, \u015fantajla s\u0131nd\u0131r\u0131r v\u0259 s. B\u00fct\u00fcn bu yollar bir m\u0259qs\u0259d\u0259 \u00e7\u0131x\u0131r: Onun irad\u0259sind\u0259n k\u0259nar dan\u0131\u015fan, g\u00f6st\u0259r\u0259n olmas\u0131n, sabitliyi t\u0259hdid edilm\u0259sin, \u00f6z\u00fc milyonlar\u0131 m\u0259nims\u0259sin, v\u0259t\u0259nda\u015f\u0131 h\u0259r g\u00fcn k\u0259m\u0259ri bir az da s\u0131x\u0131b tap\u0131ld\u0131\u011f\u0131 bir qar\u0131n \u00e7\u00f6r\u0259y\u0259 \u015f\u00fck\u00fcr etsin.<\/p>\n\n\n\n<p><strong>Daha bir tarixi ox\u015farl\u0131q:<\/strong> H\u0259s\u0259n b\u0259y ona edil\u0259n t\u0259klifl\u0259ri q\u0259bul etm\u0259diyi \u00fc\u00e7\u00fcn polis v\u0259 jandarmlar t\u0259r\u0259find\u0259n t\u0259qib olunub, qap\u0131s\u0131na x\u0259fiyy\u0259 qoyulub, qulluq\u00e7usunun onlara g\u0259l\u0259n &#8220;qohumlar\u0131&#8221;n\u0131n say\u0131 art\u0131b. M\u0259tb\u0259xd\u0259 daim qulluq\u00e7usunun \u201ckirv\u0259l\u0259r\u201dind\u0259n biri oturaraq H\u0259s\u0259n b\u0259yin yan\u0131na g\u0259l\u0259n qonaqlar\u0131 g\u00fcd\u00fcb.<\/p>\n\n\n\n<p>Tarix t\u0259krarlan\u0131r, yeni \u00e7arlar k\u00f6hn\u0259 m\u0259tbuat\u0131n \u00fcz\u0259rind\u0259 t\u0259pinir, ancaq he\u00e7 c\u00fcr \u00f6ld\u00fcr\u0259 bilmir. H\u0259r d\u0259f\u0259 k\u00fcll\u0259rind\u0259n yenisi do\u011fur. \u00dcst\u0259lik indi v\u0259ziyy\u0259t onlar \u00fc\u00e7\u00fcn daha \u00e7\u0259tindir, qlobal d\u00fcnyada \u00e7ar\u0259 t\u00fck\u0259nmir v\u0259 m\u00fcasir \u00fcsullarla m\u00fcbariz\u0259 aparmaq m\u00fcmk\u00fcns\u00fczl\u0259\u015fir. \u018fn \u0259sas\u0131, \u0130lham \u018fliyevin dediyi kimi deyil, d\u00fcnyada azad m\u0259tbuat, azad d\u00fc\u015f\u00fcnc\u0259li insanlar var v\u0259 onlar\u0131 yox ed\u0259 bilm\u0259y\u0259c\u0259kl\u0259r. Biz indi m\u0259hb\u0259sd\u0259 v\u0259 ya s\u00fcrg\u00fcnd\u0259 oturub heysiz b\u0259d\u0259n\u0259 s\u00fcni n\u0259f\u0259s verirmi\u015f kimi g\u00f6r\u00fcn\u0259 bil\u0259rik. Ancaq unutmay\u0131n, beyin v\u0259 \u00fcr\u0259k \u00f6lm\u0259yibs\u0259, s\u00fcni n\u0259f\u0259s m\u00fctl\u0259q fayda ver\u0259r. Nec\u0259 ki, 10 ill\u0259rl\u0259 bu hal t\u0259krarlan\u0131b v\u0259 o n\u0259f\u0259s t\u0259krar aya\u011fa qalxma\u011fa s\u0259b\u0259b olub.<\/p>\n\n\n\n<p>Demokratiyan\u0131n bo\u011fuldu\u011fu b\u00fct\u00fcn \u00f6lk\u0259l\u0259rd\u0259 jurnalistl\u0259r m\u0259hb\u0259sd\u0259dir, yaxud yolu oradan ke\u00e7ib. \u201cOvod\u201d saya\u011f\u0131 yana\u015faq: Onlar bizi ona g\u00f6r\u0259 \u00f6ld\u00fcr\u00fcrl\u0259r ki, bizd\u0259n qorxurlar. Bundan b\u00f6y\u00fck xo\u015fb\u0259xtlik ola bil\u0259rmi?!<\/p>\n\n\n\n<p><strong>Aynur Elg\u00fcn\u0259\u015f<\/strong><\/p>\n","protected":false},"excerpt":{"rendered":"<p>Meydan TV-nin h\u0259bsd\u0259 olan ba\u015f redaktoru Aynur Elg\u00fcn\u0259\u015f saxlan\u0131ld\u0131\u011f\u0131 1 &#8230; <\/p>\n<p class=\"read-more-container\"><a title=\"&#8220;Azad media! Heysiz b\u0259d\u0259n\u0259 s\u00fcni n\u0259f\u0259s&#8230;&#8221;\" class=\"read-more button\" href=\"https:\/\/www.meydan.tv\/az\/article\/azad-media-heysiz-b%c9%99d%c9%99n%c9%99-suni-n%c9%99f%c9%99s\/#more-344604\" aria-label=\"Read more about &#8220;Azad media! Heysiz b\u0259d\u0259n\u0259 s\u00fcni n\u0259f\u0259s&#8230;&#8221;\">Davam\u0131<\/a><\/p>\n","protected":false},"author":16,"featured_media":322447,"comment_status":"closed","ping_status":"closed","sticky":false,"template":"","format":"standard","meta":{"_acf_changed":false,"_sitemap_exclude":false,"_sitemap_priority":"","_sitemap_frequency":"","footnotes":""},"categories":[172,79],"tags":[],"class_list":["post-344604","post","type-post","status-publish","format-standard","has-post-thumbnail","hentry","category-hebsxanadan-mektublar","category-featured","infinite-scroll-item","generate-columns","tablet-grid-50","mobile-grid-100","grid-parent","grid-33","no-featured-image-padding"],"acf":[],"yoast_head":"<!-- This site is optimized with the Yoast SEO plugin v27.5 - https:\/\/yoast.com\/product\/yoast-seo-wordpress\/ -->\n<title>&quot;Azad media! Heysiz b\u0259d\u0259n\u0259 s\u00fcni n\u0259f\u0259s...&quot; - MEYDAN.TV<\/title>\n<meta name=\"robots\" content=\"index, follow, max-snippet:-1, max-image-preview:large, max-video-preview:-1\" \/>\n<link rel=\"canonical\" href=\"https:\/\/www.meydan.tv\/az\/article\/azad-media-heysiz-b%c9%99d%c9%99n%c9%99-suni-n%c9%99f%c9%99s\/\" \/>\n<meta property=\"og:locale\" content=\"az_AZ\" \/>\n<meta property=\"og:type\" content=\"article\" \/>\n<meta property=\"og:title\" content=\"&quot;Azad media! Heysiz b\u0259d\u0259n\u0259 s\u00fcni n\u0259f\u0259s...&quot; - MEYDAN.TV\" \/>\n<meta property=\"og:description\" content=\"Meydan TV-nin h\u0259bsd\u0259 olan ba\u015f redaktoru Aynur Elg\u00fcn\u0259\u015f saxlan\u0131ld\u0131\u011f\u0131 1 ... Davam\u0131\" \/>\n<meta property=\"og:url\" content=\"https:\/\/www.meydan.tv\/az\/article\/azad-media-heysiz-b%c9%99d%c9%99n%c9%99-suni-n%c9%99f%c9%99s\/\" \/>\n<meta property=\"og:site_name\" content=\"MEYDAN.TV\" \/>\n<meta property=\"article:published_time\" content=\"2026-05-03T11:41:37+00:00\" \/>\n<meta property=\"article:modified_time\" content=\"2026-05-03T11:41:39+00:00\" \/>\n<meta property=\"og:image\" content=\"https:\/\/www.meydan.tv\/wp-content\/uploads\/img_1640-scaled-e1733750852862.jpg\" \/>\n\t<meta property=\"og:image:width\" content=\"2560\" \/>\n\t<meta property=\"og:image:height\" content=\"1293\" \/>\n\t<meta property=\"og:image:type\" content=\"image\/jpeg\" \/>\n<meta name=\"author\" content=\"sevda\" \/>\n<meta name=\"twitter:card\" content=\"summary_large_image\" \/>\n<script type=\"application\/ld+json\" class=\"yoast-schema-graph\">{\"@context\":\"https:\\\/\\\/schema.org\",\"@graph\":[{\"@type\":\"Article\",\"@id\":\"https:\\\/\\\/www.meydan.tv\\\/az\\\/article\\\/azad-media-heysiz-b%c9%99d%c9%99n%c9%99-suni-n%c9%99f%c9%99s\\\/#article\",\"isPartOf\":{\"@id\":\"https:\\\/\\\/www.meydan.tv\\\/az\\\/article\\\/azad-media-heysiz-b%c9%99d%c9%99n%c9%99-suni-n%c9%99f%c9%99s\\\/\"},\"author\":{\"name\":\"sevda\",\"@id\":\"https:\\\/\\\/www.meydan.tv\\\/az\\\/#\\\/schema\\\/person\\\/49b5f2bad5b126bb8ea9320eeb3e4dc9\"},\"headline\":\"&#8220;Azad media! Heysiz b\u0259d\u0259n\u0259 s\u00fcni n\u0259f\u0259s&#8230;&#8221;\",\"datePublished\":\"2026-05-03T11:41:37+00:00\",\"dateModified\":\"2026-05-03T11:41:39+00:00\",\"mainEntityOfPage\":{\"@id\":\"https:\\\/\\\/www.meydan.tv\\\/az\\\/article\\\/azad-media-heysiz-b%c9%99d%c9%99n%c9%99-suni-n%c9%99f%c9%99s\\\/\"},\"wordCount\":1695,\"publisher\":{\"@id\":\"https:\\\/\\\/www.meydan.tv\\\/az\\\/#organization\"},\"image\":{\"@id\":\"https:\\\/\\\/www.meydan.tv\\\/az\\\/article\\\/azad-media-heysiz-b%c9%99d%c9%99n%c9%99-suni-n%c9%99f%c9%99s\\\/#primaryimage\"},\"thumbnailUrl\":\"https:\\\/\\\/www.meydan.tv\\\/wp-content\\\/uploads\\\/img_1640-scaled-e1733750852862.jpg\",\"articleSection\":[\"H\u0259bsxanadan m\u0259ktublar\",\"T\u00f6vsiy\u0259\"],\"inLanguage\":\"az\"},{\"@type\":\"WebPage\",\"@id\":\"https:\\\/\\\/www.meydan.tv\\\/az\\\/article\\\/azad-media-heysiz-b%c9%99d%c9%99n%c9%99-suni-n%c9%99f%c9%99s\\\/\",\"url\":\"https:\\\/\\\/www.meydan.tv\\\/az\\\/article\\\/azad-media-heysiz-b%c9%99d%c9%99n%c9%99-suni-n%c9%99f%c9%99s\\\/\",\"name\":\"\\\"Azad media! Heysiz b\u0259d\u0259n\u0259 s\u00fcni n\u0259f\u0259s...\\\" - MEYDAN.TV\",\"isPartOf\":{\"@id\":\"https:\\\/\\\/www.meydan.tv\\\/az\\\/#website\"},\"primaryImageOfPage\":{\"@id\":\"https:\\\/\\\/www.meydan.tv\\\/az\\\/article\\\/azad-media-heysiz-b%c9%99d%c9%99n%c9%99-suni-n%c9%99f%c9%99s\\\/#primaryimage\"},\"image\":{\"@id\":\"https:\\\/\\\/www.meydan.tv\\\/az\\\/article\\\/azad-media-heysiz-b%c9%99d%c9%99n%c9%99-suni-n%c9%99f%c9%99s\\\/#primaryimage\"},\"thumbnailUrl\":\"https:\\\/\\\/www.meydan.tv\\\/wp-content\\\/uploads\\\/img_1640-scaled-e1733750852862.jpg\",\"datePublished\":\"2026-05-03T11:41:37+00:00\",\"dateModified\":\"2026-05-03T11:41:39+00:00\",\"breadcrumb\":{\"@id\":\"https:\\\/\\\/www.meydan.tv\\\/az\\\/article\\\/azad-media-heysiz-b%c9%99d%c9%99n%c9%99-suni-n%c9%99f%c9%99s\\\/#breadcrumb\"},\"inLanguage\":\"az\",\"potentialAction\":[{\"@type\":\"ReadAction\",\"target\":[\"https:\\\/\\\/www.meydan.tv\\\/az\\\/article\\\/azad-media-heysiz-b%c9%99d%c9%99n%c9%99-suni-n%c9%99f%c9%99s\\\/\"]}]},{\"@type\":\"ImageObject\",\"inLanguage\":\"az\",\"@id\":\"https:\\\/\\\/www.meydan.tv\\\/az\\\/article\\\/azad-media-heysiz-b%c9%99d%c9%99n%c9%99-suni-n%c9%99f%c9%99s\\\/#primaryimage\",\"url\":\"https:\\\/\\\/www.meydan.tv\\\/wp-content\\\/uploads\\\/img_1640-scaled-e1733750852862.jpg\",\"contentUrl\":\"https:\\\/\\\/www.meydan.tv\\\/wp-content\\\/uploads\\\/img_1640-scaled-e1733750852862.jpg\",\"width\":2560,\"height\":1293,\"caption\":\"\u0130ll\u00fcstrasiya: Meydan TV\"},{\"@type\":\"BreadcrumbList\",\"@id\":\"https:\\\/\\\/www.meydan.tv\\\/az\\\/article\\\/azad-media-heysiz-b%c9%99d%c9%99n%c9%99-suni-n%c9%99f%c9%99s\\\/#breadcrumb\",\"itemListElement\":[{\"@type\":\"ListItem\",\"position\":1,\"name\":\"Ana s\u0259hif\u0259\",\"item\":\"https:\\\/\\\/www.meydan.tv\\\/az\\\/\"},{\"@type\":\"ListItem\",\"position\":2,\"name\":\"H\u0259bsxanadan m\u0259ktublar\",\"item\":\"https:\\\/\\\/www.meydan.tv\\\/az\\\/section\\\/hebsxanadan-mektublar\\\/\"},{\"@type\":\"ListItem\",\"position\":3,\"name\":\"&#8220;Azad media! Heysiz b\u0259d\u0259n\u0259 s\u00fcni n\u0259f\u0259s&#8230;&#8221;\"}]},{\"@type\":\"WebSite\",\"@id\":\"https:\\\/\\\/www.meydan.tv\\\/az\\\/#website\",\"url\":\"https:\\\/\\\/www.meydan.tv\\\/az\\\/\",\"name\":\"MEYDAN.TV\",\"description\":\"Meydan TV Az\u0259rbaycan\u0131n media m\u0259kan\u0131ndak\u0131 alternativ s\u0259sidir\",\"publisher\":{\"@id\":\"https:\\\/\\\/www.meydan.tv\\\/az\\\/#organization\"},\"potentialAction\":[{\"@type\":\"SearchAction\",\"target\":{\"@type\":\"EntryPoint\",\"urlTemplate\":\"https:\\\/\\\/www.meydan.tv\\\/az\\\/?s={search_term_string}\"},\"query-input\":{\"@type\":\"PropertyValueSpecification\",\"valueRequired\":true,\"valueName\":\"search_term_string\"}}],\"inLanguage\":\"az\"},{\"@type\":\"Organization\",\"@id\":\"https:\\\/\\\/www.meydan.tv\\\/az\\\/#organization\",\"name\":\"Meydan TV\",\"url\":\"https:\\\/\\\/www.meydan.tv\\\/az\\\/\",\"logo\":{\"@type\":\"ImageObject\",\"inLanguage\":\"az\",\"@id\":\"https:\\\/\\\/www.meydan.tv\\\/az\\\/#\\\/schema\\\/logo\\\/image\\\/\",\"url\":\"https:\\\/\\\/www.meydan.tv\\\/wp-content\\\/uploads\\\/2021\\\/07\\\/meydan-logo.svg\",\"contentUrl\":\"https:\\\/\\\/www.meydan.tv\\\/wp-content\\\/uploads\\\/2021\\\/07\\\/meydan-logo.svg\",\"width\":195,\"height\":46,\"caption\":\"Meydan TV\"},\"image\":{\"@id\":\"https:\\\/\\\/www.meydan.tv\\\/az\\\/#\\\/schema\\\/logo\\\/image\\\/\"}},{\"@type\":\"Person\",\"@id\":\"https:\\\/\\\/www.meydan.tv\\\/az\\\/#\\\/schema\\\/person\\\/49b5f2bad5b126bb8ea9320eeb3e4dc9\",\"name\":\"sevda\"}]}<\/script>\n<!-- \/ Yoast SEO plugin. -->","yoast_head_json":{"title":"\"Azad media! Heysiz b\u0259d\u0259n\u0259 s\u00fcni n\u0259f\u0259s...\" - MEYDAN.TV","robots":{"index":"index","follow":"follow","max-snippet":"max-snippet:-1","max-image-preview":"max-image-preview:large","max-video-preview":"max-video-preview:-1"},"canonical":"https:\/\/www.meydan.tv\/az\/article\/azad-media-heysiz-b%c9%99d%c9%99n%c9%99-suni-n%c9%99f%c9%99s\/","og_locale":"az_AZ","og_type":"article","og_title":"\"Azad media! Heysiz b\u0259d\u0259n\u0259 s\u00fcni n\u0259f\u0259s...\" - MEYDAN.TV","og_description":"Meydan TV-nin h\u0259bsd\u0259 olan ba\u015f redaktoru Aynur Elg\u00fcn\u0259\u015f saxlan\u0131ld\u0131\u011f\u0131 1 ... Davam\u0131","og_url":"https:\/\/www.meydan.tv\/az\/article\/azad-media-heysiz-b%c9%99d%c9%99n%c9%99-suni-n%c9%99f%c9%99s\/","og_site_name":"MEYDAN.TV","article_published_time":"2026-05-03T11:41:37+00:00","article_modified_time":"2026-05-03T11:41:39+00:00","og_image":[{"width":2560,"height":1293,"url":"https:\/\/www.meydan.tv\/wp-content\/uploads\/img_1640-scaled-e1733750852862.jpg","type":"image\/jpeg"}],"author":"sevda","twitter_card":"summary_large_image","schema":{"@context":"https:\/\/schema.org","@graph":[{"@type":"Article","@id":"https:\/\/www.meydan.tv\/az\/article\/azad-media-heysiz-b%c9%99d%c9%99n%c9%99-suni-n%c9%99f%c9%99s\/#article","isPartOf":{"@id":"https:\/\/www.meydan.tv\/az\/article\/azad-media-heysiz-b%c9%99d%c9%99n%c9%99-suni-n%c9%99f%c9%99s\/"},"author":{"name":"sevda","@id":"https:\/\/www.meydan.tv\/az\/#\/schema\/person\/49b5f2bad5b126bb8ea9320eeb3e4dc9"},"headline":"&#8220;Azad media! Heysiz b\u0259d\u0259n\u0259 s\u00fcni n\u0259f\u0259s&#8230;&#8221;","datePublished":"2026-05-03T11:41:37+00:00","dateModified":"2026-05-03T11:41:39+00:00","mainEntityOfPage":{"@id":"https:\/\/www.meydan.tv\/az\/article\/azad-media-heysiz-b%c9%99d%c9%99n%c9%99-suni-n%c9%99f%c9%99s\/"},"wordCount":1695,"publisher":{"@id":"https:\/\/www.meydan.tv\/az\/#organization"},"image":{"@id":"https:\/\/www.meydan.tv\/az\/article\/azad-media-heysiz-b%c9%99d%c9%99n%c9%99-suni-n%c9%99f%c9%99s\/#primaryimage"},"thumbnailUrl":"https:\/\/www.meydan.tv\/wp-content\/uploads\/img_1640-scaled-e1733750852862.jpg","articleSection":["H\u0259bsxanadan m\u0259ktublar","T\u00f6vsiy\u0259"],"inLanguage":"az"},{"@type":"WebPage","@id":"https:\/\/www.meydan.tv\/az\/article\/azad-media-heysiz-b%c9%99d%c9%99n%c9%99-suni-n%c9%99f%c9%99s\/","url":"https:\/\/www.meydan.tv\/az\/article\/azad-media-heysiz-b%c9%99d%c9%99n%c9%99-suni-n%c9%99f%c9%99s\/","name":"\"Azad media! Heysiz b\u0259d\u0259n\u0259 s\u00fcni n\u0259f\u0259s...\" - MEYDAN.TV","isPartOf":{"@id":"https:\/\/www.meydan.tv\/az\/#website"},"primaryImageOfPage":{"@id":"https:\/\/www.meydan.tv\/az\/article\/azad-media-heysiz-b%c9%99d%c9%99n%c9%99-suni-n%c9%99f%c9%99s\/#primaryimage"},"image":{"@id":"https:\/\/www.meydan.tv\/az\/article\/azad-media-heysiz-b%c9%99d%c9%99n%c9%99-suni-n%c9%99f%c9%99s\/#primaryimage"},"thumbnailUrl":"https:\/\/www.meydan.tv\/wp-content\/uploads\/img_1640-scaled-e1733750852862.jpg","datePublished":"2026-05-03T11:41:37+00:00","dateModified":"2026-05-03T11:41:39+00:00","breadcrumb":{"@id":"https:\/\/www.meydan.tv\/az\/article\/azad-media-heysiz-b%c9%99d%c9%99n%c9%99-suni-n%c9%99f%c9%99s\/#breadcrumb"},"inLanguage":"az","potentialAction":[{"@type":"ReadAction","target":["https:\/\/www.meydan.tv\/az\/article\/azad-media-heysiz-b%c9%99d%c9%99n%c9%99-suni-n%c9%99f%c9%99s\/"]}]},{"@type":"ImageObject","inLanguage":"az","@id":"https:\/\/www.meydan.tv\/az\/article\/azad-media-heysiz-b%c9%99d%c9%99n%c9%99-suni-n%c9%99f%c9%99s\/#primaryimage","url":"https:\/\/www.meydan.tv\/wp-content\/uploads\/img_1640-scaled-e1733750852862.jpg","contentUrl":"https:\/\/www.meydan.tv\/wp-content\/uploads\/img_1640-scaled-e1733750852862.jpg","width":2560,"height":1293,"caption":"\u0130ll\u00fcstrasiya: Meydan TV"},{"@type":"BreadcrumbList","@id":"https:\/\/www.meydan.tv\/az\/article\/azad-media-heysiz-b%c9%99d%c9%99n%c9%99-suni-n%c9%99f%c9%99s\/#breadcrumb","itemListElement":[{"@type":"ListItem","position":1,"name":"Ana s\u0259hif\u0259","item":"https:\/\/www.meydan.tv\/az\/"},{"@type":"ListItem","position":2,"name":"H\u0259bsxanadan m\u0259ktublar","item":"https:\/\/www.meydan.tv\/az\/section\/hebsxanadan-mektublar\/"},{"@type":"ListItem","position":3,"name":"&#8220;Azad media! Heysiz b\u0259d\u0259n\u0259 s\u00fcni n\u0259f\u0259s&#8230;&#8221;"}]},{"@type":"WebSite","@id":"https:\/\/www.meydan.tv\/az\/#website","url":"https:\/\/www.meydan.tv\/az\/","name":"MEYDAN.TV","description":"Meydan TV Az\u0259rbaycan\u0131n media m\u0259kan\u0131ndak\u0131 alternativ s\u0259sidir","publisher":{"@id":"https:\/\/www.meydan.tv\/az\/#organization"},"potentialAction":[{"@type":"SearchAction","target":{"@type":"EntryPoint","urlTemplate":"https:\/\/www.meydan.tv\/az\/?s={search_term_string}"},"query-input":{"@type":"PropertyValueSpecification","valueRequired":true,"valueName":"search_term_string"}}],"inLanguage":"az"},{"@type":"Organization","@id":"https:\/\/www.meydan.tv\/az\/#organization","name":"Meydan TV","url":"https:\/\/www.meydan.tv\/az\/","logo":{"@type":"ImageObject","inLanguage":"az","@id":"https:\/\/www.meydan.tv\/az\/#\/schema\/logo\/image\/","url":"https:\/\/www.meydan.tv\/wp-content\/uploads\/2021\/07\/meydan-logo.svg","contentUrl":"https:\/\/www.meydan.tv\/wp-content\/uploads\/2021\/07\/meydan-logo.svg","width":195,"height":46,"caption":"Meydan TV"},"image":{"@id":"https:\/\/www.meydan.tv\/az\/#\/schema\/logo\/image\/"}},{"@type":"Person","@id":"https:\/\/www.meydan.tv\/az\/#\/schema\/person\/49b5f2bad5b126bb8ea9320eeb3e4dc9","name":"sevda"}]}},"_links":{"self":[{"href":"https:\/\/www.meydan.tv\/az\/wp-json\/wp\/v2\/posts\/344604","targetHints":{"allow":["GET"]}}],"collection":[{"href":"https:\/\/www.meydan.tv\/az\/wp-json\/wp\/v2\/posts"}],"about":[{"href":"https:\/\/www.meydan.tv\/az\/wp-json\/wp\/v2\/types\/post"}],"author":[{"embeddable":true,"href":"https:\/\/www.meydan.tv\/az\/wp-json\/wp\/v2\/users\/16"}],"replies":[{"embeddable":true,"href":"https:\/\/www.meydan.tv\/az\/wp-json\/wp\/v2\/comments?post=344604"}],"version-history":[{"count":2,"href":"https:\/\/www.meydan.tv\/az\/wp-json\/wp\/v2\/posts\/344604\/revisions"}],"predecessor-version":[{"id":344606,"href":"https:\/\/www.meydan.tv\/az\/wp-json\/wp\/v2\/posts\/344604\/revisions\/344606"}],"wp:featuredmedia":[{"embeddable":true,"href":"https:\/\/www.meydan.tv\/az\/wp-json\/wp\/v2\/media\/322447"}],"wp:attachment":[{"href":"https:\/\/www.meydan.tv\/az\/wp-json\/wp\/v2\/media?parent=344604"}],"wp:term":[{"taxonomy":"category","embeddable":true,"href":"https:\/\/www.meydan.tv\/az\/wp-json\/wp\/v2\/categories?post=344604"},{"taxonomy":"post_tag","embeddable":true,"href":"https:\/\/www.meydan.tv\/az\/wp-json\/wp\/v2\/tags?post=344604"}],"curies":[{"name":"wp","href":"https:\/\/api.w.org\/{rel}","templated":true}]}}