{"id":344597,"date":"2026-05-02T13:17:59","date_gmt":"2026-05-02T09:17:59","guid":{"rendered":"https:\/\/www.meydan.tv\/?p=344597"},"modified":"2026-05-02T13:18:02","modified_gmt":"2026-05-02T09:18:02","slug":"q%c9%99rb-artiq-enerji-t%c9%99r%c9%99fdasligini-insan-haqlarindan-ustun-tutur","status":"publish","type":"post","link":"https:\/\/www.meydan.tv\/az\/article\/q%c9%99rb-artiq-enerji-t%c9%99r%c9%99fdasligini-insan-haqlarindan-ustun-tutur\/","title":{"rendered":"Q\u0259rb art\u0131q enerji t\u0259r\u0259fda\u015fl\u0131\u011f\u0131n\u0131 insan haqlar\u0131ndan \u00fcst\u00fcn tutur"},"content":{"rendered":"\n<figure class=\"wp-block-embed is-type-video is-provider-youtube wp-block-embed-youtube wp-embed-aspect-16-9 wp-has-aspect-ratio\"><div class=\"wp-block-embed__wrapper\">\n<iframe loading=\"lazy\" title=\"Q\u0259rb art\u0131q enerji t\u0259r\u0259fda\u015fl\u0131\u011f\u0131n\u0131 insan haqlar\u0131ndan \u00fcst\u00fcn tutur\" width=\"1200\" height=\"675\" src=\"https:\/\/www.youtube.com\/embed\/iyeF8DTOMUU?feature=oembed\" frameborder=\"0\" allow=\"accelerometer; autoplay; clipboard-write; encrypted-media; gyroscope; picture-in-picture; web-share\" referrerpolicy=\"strict-origin-when-cross-origin\" allowfullscreen><\/iframe>\n<\/div><\/figure>\n\n\n\n<p class=\"wp-block-paragraph\">\u0130lham \u018fliyevin son bir ayda etdiyi g\u00f6r\u00fc\u015fl\u0259r enerji t\u0259r\u0259fda\u015fl\u0131\u011f\u0131n\u0131n m\u00f6hk\u0259ml\u0259nm\u0259si, insan haqlar\u0131n\u0131n arxa plana ke\u00e7m\u0259sini g\u00f6st\u0259rir. <\/p>\n\n\n\n<p class=\"wp-block-paragraph\">Politoloq deyir ki, Az\u0259rbaycan\u0131n \u00f6z\u00fcnd\u0259 demokratik prosesl\u0259r xeyli z\u0259ifl\u0259yib. N\u0259 c\u0259miyy\u0259tin ciddi t\u0259l\u0259bi var, n\u0259 d\u0259 h\u00f6kum\u0259t bu istiqam\u0259td\u0259 i\u015fbirliyi etm\u0259k ist\u0259yir. Ona g\u00f6r\u0259 d\u0259, q\u0259rb \u00f6lk\u0259l\u0259ri buna uy\u011fun \u0259m\u0259kda\u015fl\u0131q qurur.<\/p>\n","protected":false},"excerpt":{"rendered":"<p>\u0130lham \u018fliyevin son bir ayda etdiyi g\u00f6r\u00fc\u015fl\u0259r enerji t\u0259r\u0259fda\u015fl\u0131\u011f\u0131n\u0131n m\u00f6hk\u0259ml\u0259nm\u0259si, &#8230; <\/p>\n<p class=\"read-more-container\"><a title=\"Q\u0259rb art\u0131q enerji t\u0259r\u0259fda\u015fl\u0131\u011f\u0131n\u0131 insan haqlar\u0131ndan \u00fcst\u00fcn tutur\" class=\"read-more button\" href=\"https:\/\/www.meydan.tv\/az\/article\/q%c9%99rb-artiq-enerji-t%c9%99r%c9%99fdasligini-insan-haqlarindan-ustun-tutur\/#more-344597\" aria-label=\"Read more about Q\u0259rb art\u0131q enerji t\u0259r\u0259fda\u015fl\u0131\u011f\u0131n\u0131 insan haqlar\u0131ndan \u00fcst\u00fcn tutur\">Davam\u0131<\/a><\/p>\n","protected":false},"author":12,"featured_media":344599,"comment_status":"closed","ping_status":"closed","sticky":false,"template":"","format":"standard","meta":{"_acf_changed":false,"_sitemap_exclude":false,"_sitemap_priority":"","_sitemap_frequency":"","footnotes":""},"categories":[59,79,63,56],"tags":[],"class_list":["post-344597","post","type-post","status-publish","format-standard","has-post-thumbnail","hentry","category-siyaset","category-featured","category-video-2","category-xeberler","infinite-scroll-item","generate-columns","tablet-grid-50","mobile-grid-100","grid-parent","grid-33","no-featured-image-padding"],"acf":[],"yoast_head":"<!-- This site is optimized with the Yoast SEO plugin v28.4 - https:\/\/yoast.com\/product\/yoast-seo-wordpress\/ -->\n<title>Q\u0259rb art\u0131q enerji t\u0259r\u0259fda\u015fl\u0131\u011f\u0131n\u0131 insan haqlar\u0131ndan \u00fcst\u00fcn tutur - MEYDAN.TV<\/title>\n<meta name=\"robots\" content=\"index, follow, max-snippet:-1, max-image-preview:large, max-video-preview:-1\" \/>\n<link rel=\"canonical\" href=\"https:\/\/www.meydan.tv\/az\/article\/q%c9%99rb-artiq-enerji-t%c9%99r%c9%99fdasligini-insan-haqlarindan-ustun-tutur\/\" \/>\n<meta property=\"og:locale\" content=\"az_AZ\" \/>\n<meta property=\"og:type\" content=\"article\" \/>\n<meta property=\"og:title\" content=\"Q\u0259rb art\u0131q enerji t\u0259r\u0259fda\u015fl\u0131\u011f\u0131n\u0131 insan haqlar\u0131ndan \u00fcst\u00fcn tutur - MEYDAN.TV\" \/>\n<meta property=\"og:description\" content=\"\u0130lham \u018fliyevin son bir ayda etdiyi g\u00f6r\u00fc\u015fl\u0259r enerji t\u0259r\u0259fda\u015fl\u0131\u011f\u0131n\u0131n m\u00f6hk\u0259ml\u0259nm\u0259si, ... Davam\u0131\" \/>\n<meta property=\"og:url\" content=\"https:\/\/www.meydan.tv\/az\/article\/q%c9%99rb-artiq-enerji-t%c9%99r%c9%99fdasligini-insan-haqlarindan-ustun-tutur\/\" \/>\n<meta property=\"og:site_name\" content=\"MEYDAN.TV\" \/>\n<meta property=\"article:published_time\" content=\"2026-05-02T09:17:59+00:00\" \/>\n<meta property=\"article:modified_time\" content=\"2026-05-02T09:18:02+00:00\" \/>\n<meta property=\"og:image\" content=\"https:\/\/www.meydan.tv\/wp-content\/uploads\/6b43f13c881c3ecc8351736817989be9_8830685-1.jpg\" \/>\n\t<meta property=\"og:image:width\" content=\"2360\" \/>\n\t<meta property=\"og:image:height\" content=\"1196\" \/>\n\t<meta property=\"og:image:type\" content=\"image\/jpeg\" \/>\n<meta name=\"twitter:card\" content=\"summary_large_image\" \/>\n<!-- \/ Yoast SEO plugin. -->","yoast_head_json":{"title":"Q\u0259rb art\u0131q enerji t\u0259r\u0259fda\u015fl\u0131\u011f\u0131n\u0131 insan haqlar\u0131ndan \u00fcst\u00fcn tutur - MEYDAN.TV","robots":{"index":"index","follow":"follow","max-snippet":"max-snippet:-1","max-image-preview":"max-image-preview:large","max-video-preview":"max-video-preview:-1"},"canonical":"https:\/\/www.meydan.tv\/az\/article\/q%c9%99rb-artiq-enerji-t%c9%99r%c9%99fdasligini-insan-haqlarindan-ustun-tutur\/","og_locale":"az_AZ","og_type":"article","og_title":"Q\u0259rb art\u0131q enerji t\u0259r\u0259fda\u015fl\u0131\u011f\u0131n\u0131 insan haqlar\u0131ndan \u00fcst\u00fcn tutur - MEYDAN.TV","og_description":"\u0130lham \u018fliyevin son bir ayda etdiyi g\u00f6r\u00fc\u015fl\u0259r enerji t\u0259r\u0259fda\u015fl\u0131\u011f\u0131n\u0131n m\u00f6hk\u0259ml\u0259nm\u0259si, ... Davam\u0131","og_url":"https:\/\/www.meydan.tv\/az\/article\/q%c9%99rb-artiq-enerji-t%c9%99r%c9%99fdasligini-insan-haqlarindan-ustun-tutur\/","og_site_name":"MEYDAN.TV","article_published_time":"2026-05-02T09:17:59+00:00","article_modified_time":"2026-05-02T09:18:02+00:00","og_image":[{"width":2360,"height":1196,"url":"https:\/\/www.meydan.tv\/wp-content\/uploads\/6b43f13c881c3ecc8351736817989be9_8830685-1.jpg","type":"image\/jpeg"}],"twitter_card":"summary_large_image","schema":{"@context":"https:\/\/schema.org","@graph":[{"@type":"Article","@id":"https:\/\/www.meydan.tv\/az\/article\/q%c9%99rb-artiq-enerji-t%c9%99r%c9%99fdasligini-insan-haqlarindan-ustun-tutur\/#article","isPartOf":{"@id":"https:\/\/www.meydan.tv\/az\/article\/q%c9%99rb-artiq-enerji-t%c9%99r%c9%99fdasligini-insan-haqlarindan-ustun-tutur\/"},"author":{"name":"aleks","@id":"https:\/\/www.meydan.tv\/az\/#\/schema\/person\/476e9360e593fa131d5d71d51866f8da"},"headline":"Q\u0259rb art\u0131q enerji t\u0259r\u0259fda\u015fl\u0131\u011f\u0131n\u0131 insan haqlar\u0131ndan \u00fcst\u00fcn tutur","datePublished":"2026-05-02T09:17:59+00:00","dateModified":"2026-05-02T09:18:02+00:00","mainEntityOfPage":{"@id":"https:\/\/www.meydan.tv\/az\/article\/q%c9%99rb-artiq-enerji-t%c9%99r%c9%99fdasligini-insan-haqlarindan-ustun-tutur\/"},"wordCount":114,"publisher":{"@id":"https:\/\/www.meydan.tv\/az\/#organization"},"image":{"@id":"https:\/\/www.meydan.tv\/az\/article\/q%c9%99rb-artiq-enerji-t%c9%99r%c9%99fdasligini-insan-haqlarindan-ustun-tutur\/#primaryimage"},"thumbnailUrl":"https:\/\/www.meydan.tv\/wp-content\/uploads\/6b43f13c881c3ecc8351736817989be9_8830685-1.jpg","articleSection":["Siyas\u0259t","T\u00f6vsiy\u0259","Video","X\u0259b\u0259rl\u0259r"],"inLanguage":"az"},{"@type":"WebPage","@id":"https:\/\/www.meydan.tv\/az\/article\/q%c9%99rb-artiq-enerji-t%c9%99r%c9%99fdasligini-insan-haqlarindan-ustun-tutur\/","url":"https:\/\/www.meydan.tv\/az\/article\/q%c9%99rb-artiq-enerji-t%c9%99r%c9%99fdasligini-insan-haqlarindan-ustun-tutur\/","name":"Q\u0259rb art\u0131q enerji t\u0259r\u0259fda\u015fl\u0131\u011f\u0131n\u0131 insan haqlar\u0131ndan \u00fcst\u00fcn tutur - MEYDAN.TV","isPartOf":{"@id":"https:\/\/www.meydan.tv\/az\/#website"},"primaryImageOfPage":{"@id":"https:\/\/www.meydan.tv\/az\/article\/q%c9%99rb-artiq-enerji-t%c9%99r%c9%99fdasligini-insan-haqlarindan-ustun-tutur\/#primaryimage"},"image":{"@id":"https:\/\/www.meydan.tv\/az\/article\/q%c9%99rb-artiq-enerji-t%c9%99r%c9%99fdasligini-insan-haqlarindan-ustun-tutur\/#primaryimage"},"thumbnailUrl":"https:\/\/www.meydan.tv\/wp-content\/uploads\/6b43f13c881c3ecc8351736817989be9_8830685-1.jpg","datePublished":"2026-05-02T09:17:59+00:00","dateModified":"2026-05-02T09:18:02+00:00","breadcrumb":{"@id":"https:\/\/www.meydan.tv\/az\/article\/q%c9%99rb-artiq-enerji-t%c9%99r%c9%99fdasligini-insan-haqlarindan-ustun-tutur\/#breadcrumb"},"inLanguage":"az","potentialAction":[{"@type":"ReadAction","target":["https:\/\/www.meydan.tv\/az\/article\/q%c9%99rb-artiq-enerji-t%c9%99r%c9%99fdasligini-insan-haqlarindan-ustun-tutur\/"]}]},{"@type":"ImageObject","inLanguage":"az","@id":"https:\/\/www.meydan.tv\/az\/article\/q%c9%99rb-artiq-enerji-t%c9%99r%c9%99fdasligini-insan-haqlarindan-ustun-tutur\/#primaryimage","url":"https:\/\/www.meydan.tv\/wp-content\/uploads\/6b43f13c881c3ecc8351736817989be9_8830685-1.jpg","contentUrl":"https:\/\/www.meydan.tv\/wp-content\/uploads\/6b43f13c881c3ecc8351736817989be9_8830685-1.jpg","width":2360,"height":1196},{"@type":"BreadcrumbList","@id":"https:\/\/www.meydan.tv\/az\/article\/q%c9%99rb-artiq-enerji-t%c9%99r%c9%99fdasligini-insan-haqlarindan-ustun-tutur\/#breadcrumb","itemListElement":[{"@type":"ListItem","position":1,"name":"Ana s\u0259hif\u0259","item":"https:\/\/www.meydan.tv\/az\/"},{"@type":"ListItem","position":2,"name":"Video","item":"https:\/\/www.meydan.tv\/az\/section\/video-2\/"},{"@type":"ListItem","position":3,"name":"Q\u0259rb art\u0131q enerji t\u0259r\u0259fda\u015fl\u0131\u011f\u0131n\u0131 insan haqlar\u0131ndan \u00fcst\u00fcn tutur"}]},{"@type":"WebSite","@id":"https:\/\/www.meydan.tv\/az\/#website","url":"https:\/\/www.meydan.tv\/az\/","name":"MEYDAN.TV","description":"Meydan TV Az\u0259rbaycan\u0131n media m\u0259kan\u0131ndak\u0131 alternativ s\u0259sidir","publisher":{"@id":"https:\/\/www.meydan.tv\/az\/#organization"},"potentialAction":[{"@type":"SearchAction","target":{"@type":"EntryPoint","urlTemplate":"https:\/\/www.meydan.tv\/az\/?s={search_term_string}"},"query-input":{"@type":"PropertyValueSpecification","valueRequired":true,"valueName":"search_term_string"}}],"inLanguage":"az"},{"@type":"Organization","@id":"https:\/\/www.meydan.tv\/az\/#organization","name":"Meydan TV","url":"https:\/\/www.meydan.tv\/az\/","logo":{"@type":"ImageObject","inLanguage":"az","@id":"https:\/\/www.meydan.tv\/az\/#\/schema\/logo\/image\/","url":"https:\/\/www.meydan.tv\/wp-content\/uploads\/2021\/07\/meydan-logo.svg","contentUrl":"https:\/\/www.meydan.tv\/wp-content\/uploads\/2021\/07\/meydan-logo.svg","width":195,"height":46,"caption":"Meydan TV"},"image":{"@id":"https:\/\/www.meydan.tv\/az\/#\/schema\/logo\/image\/"}},{"@type":"Person","@id":"https:\/\/www.meydan.tv\/az\/#\/schema\/person\/476e9360e593fa131d5d71d51866f8da","name":"aleks"}]}},"_links":{"self":[{"href":"https:\/\/www.meydan.tv\/az\/wp-json\/wp\/v2\/posts\/344597","targetHints":{"allow":["GET"]}}],"collection":[{"href":"https:\/\/www.meydan.tv\/az\/wp-json\/wp\/v2\/posts"}],"about":[{"href":"https:\/\/www.meydan.tv\/az\/wp-json\/wp\/v2\/types\/post"}],"author":[{"embeddable":true,"href":"https:\/\/www.meydan.tv\/az\/wp-json\/wp\/v2\/users\/12"}],"replies":[{"embeddable":true,"href":"https:\/\/www.meydan.tv\/az\/wp-json\/wp\/v2\/comments?post=344597"}],"version-history":[{"count":2,"href":"https:\/\/www.meydan.tv\/az\/wp-json\/wp\/v2\/posts\/344597\/revisions"}],"predecessor-version":[{"id":344602,"href":"https:\/\/www.meydan.tv\/az\/wp-json\/wp\/v2\/posts\/344597\/revisions\/344602"}],"wp:featuredmedia":[{"embeddable":true,"href":"https:\/\/www.meydan.tv\/az\/wp-json\/wp\/v2\/media\/344599"}],"wp:attachment":[{"href":"https:\/\/www.meydan.tv\/az\/wp-json\/wp\/v2\/media?parent=344597"}],"wp:term":[{"taxonomy":"category","embeddable":true,"href":"https:\/\/www.meydan.tv\/az\/wp-json\/wp\/v2\/categories?post=344597"},{"taxonomy":"post_tag","embeddable":true,"href":"https:\/\/www.meydan.tv\/az\/wp-json\/wp\/v2\/tags?post=344597"}],"curies":[{"name":"wp","href":"https:\/\/api.w.org\/{rel}","templated":true}]}}