{"id":344574,"date":"2026-05-01T17:34:48","date_gmt":"2026-05-01T13:34:48","guid":{"rendered":"https:\/\/www.meydan.tv\/?p=344574"},"modified":"2026-05-01T17:34:50","modified_gmt":"2026-05-01T13:34:50","slug":"h%c9%99bsxana-n%c9%99zar%c9%99tcisi-inancli-m%c9%99hbusun-basini-d%c9%99mir-qapi-arasinda-sixib","status":"publish","type":"post","link":"https:\/\/www.meydan.tv\/az\/article\/h%c9%99bsxana-n%c9%99zar%c9%99tcisi-inancli-m%c9%99hbusun-basini-d%c9%99mir-qapi-arasinda-sixib\/","title":{"rendered":"H\u0259bsxana n\u0259zar\u0259t\u00e7isi inancl\u0131 m\u0259hbusun ba\u015f\u0131n\u0131 d\u0259mir qap\u0131 aras\u0131nda s\u0131x\u0131b"},"content":{"rendered":"\n<p>Haz\u0131rda 17 sayl\u0131 C\u0259za\u00e7\u0259km\u0259 M\u00fc\u0259ssis\u0259sind\u0259 h\u0259bs c\u0259zas\u0131 \u00e7\u0259k\u0259n inancl\u0131 m\u0259hbus R\u00f6v\u015f\u0259n Cabbarov zorak\u0131l\u0131\u011fa m\u0259ruz qal\u0131b.<\/p>\n\n\n\n<p>Bu bar\u0259d\u0259 Meydan TV-y\u0259 m\u0259lumat ver\u0259n h\u00fcquq m\u00fcdafi\u0259\u00e7isi Arzu Abdullan\u0131n s\u00f6zl\u0259rin\u0259 g\u00f6r\u0259, 17 sayl\u0131 C\u0259za\u00e7\u0259km\u0259 M\u00fc\u0259ssis\u0259sind\u0259 su, hamam, ayaqyolu problemi il\u0259 ba\u011fl\u0131 etiraz ed\u0259n m\u0259hbuslara f\u0259rqli s\u0259b\u0259bl\u0259rl\u0259 t\u0259zyiq g\u00f6st\u0259rilir.<br><br>M\u0259hbuslar deyir ki, hamamdan istifad\u0259 ed\u0259nd\u0259 onlar\u0131 elektrik c\u0259r\u0259yan\u0131 vurur.&nbsp;<\/p>\n\n\n\n<p>H\u0259bsxanan\u0131n 1-ci korpusunda narkotik ittiham\u0131 il\u0259 h\u0259bs olunan inancl\u0131 m\u0259hbuslar hamam, su v\u0259 dig\u0259r probleml\u0259rl\u0259 ba\u011fl\u0131 daha \u00e7ox etiraz etdikl\u0259rin\u0259 g\u00f6r\u0259 \u00f6t\u0259n g\u00fcn birinci korpusun n\u0259zar\u0259t\u00e7il\u0259ri otaqlar\u0131 \u201c\u015fmon\u201d edibl\u0259r. Onlar\u0131n \u00f6z v\u0259saitl\u0259ri il\u0259 ald\u0131qlar\u0131 d\u00f6\u015f\u0259kl\u0259r otaqdan \u00e7\u0131xar\u0131l\u0131b, termoslar\u0131 q\u0131r\u0131l\u0131b v\u0259 pullar\u0131 \u0259lind\u0259n al\u0131n\u0131b.<\/p>\n\n\n\n<p>Arzu Abdulla deyir ki, pulunu t\u0259l\u0259b ed\u0259n R\u00f6v\u015f\u0259n Cabbarov h\u0259bsxana n\u0259zar\u0259t\u00e7isinin zorak\u0131l\u0131\u011f\u0131na m\u0259ruz qal\u0131b, onun ba\u015f\u0131n\u0131 d\u0259mir qap\u0131n\u0131n aras\u0131nda s\u0131x\u0131blar. Bundan sonra hu\u015funu itir\u0259n Cabbarovu d\u00f6y\u0259r\u0259k c\u0259rim\u0259 kameras\u0131na apar\u0131blar.<\/p>\n\n\n\n<p><em>\u201cR\u00f6v\u015f\u0259n deyib ki, pulumuzu aparm\u0131s\u0131n\u0131z qaytar\u0131n verin. Bu s\u00f6zl\u0259rind\u0259n sonra n\u0259zar\u0259t\u00e7i R\u00f6v\u015f\u0259nin ba\u015f\u0131n\u0131 qoyub d\u0259mir qap\u0131n\u0131n aras\u0131na, hu\u015funu itir\u0259n\u0259 q\u0259d\u0259r s\u0131x\u0131b. Sonra da sa\u00e7\u0131n\u0131 q\u0131rx\u0131b, d\u00f6y\u00fcb, apar\u0131blar \u201ckarsa\u201d\u201d<\/em>, &#8211; dey\u0259 Arzu Abdulla bildirib.<\/p>\n\n\n\n<p>Dini inacl\u0131 m\u0259hbus R\u00f6v\u015f\u0259n Cabbarov 2023-c\u00fc il 13 mart tarixind\u0259 narkotik ittiham\u0131 il\u0259 \u015f\u0259rl\u0259nib h\u0259bs edilib.<\/p>\n\n\n\n<p>L\u0259nk\u0259ran A\u011f\u0131r Cinay\u0259tl\u0259r M\u0259hk\u0259m\u0259si onu 4 il m\u00fcdd\u0259tin\u0259 azadl\u0131qdan m\u0259hrum edib.<\/p>\n","protected":false},"excerpt":{"rendered":"<p>Haz\u0131rda 17 sayl\u0131 C\u0259za\u00e7\u0259km\u0259 M\u00fc\u0259ssis\u0259sind\u0259 h\u0259bs c\u0259zas\u0131 \u00e7\u0259k\u0259n inancl\u0131 m\u0259hbus &#8230; <\/p>\n<p class=\"read-more-container\"><a title=\"H\u0259bsxana n\u0259zar\u0259t\u00e7isi inancl\u0131 m\u0259hbusun ba\u015f\u0131n\u0131 d\u0259mir qap\u0131 aras\u0131nda s\u0131x\u0131b\" class=\"read-more button\" href=\"https:\/\/www.meydan.tv\/az\/article\/h%c9%99bsxana-n%c9%99zar%c9%99tcisi-inancli-m%c9%99hbusun-basini-d%c9%99mir-qapi-arasinda-sixib\/#more-344574\" aria-label=\"Read more about H\u0259bsxana n\u0259zar\u0259t\u00e7isi inancl\u0131 m\u0259hbusun ba\u015f\u0131n\u0131 d\u0259mir qap\u0131 aras\u0131nda s\u0131x\u0131b\">Davam\u0131<\/a><\/p>\n","protected":false},"author":21,"featured_media":344575,"comment_status":"closed","ping_status":"closed","sticky":false,"template":"","format":"standard","meta":{"_acf_changed":false,"_sitemap_exclude":false,"_sitemap_priority":"","_sitemap_frequency":"","footnotes":""},"categories":[59,79,56],"tags":[],"class_list":["post-344574","post","type-post","status-publish","format-standard","has-post-thumbnail","hentry","category-siyaset","category-featured","category-xeberler","infinite-scroll-item","generate-columns","tablet-grid-50","mobile-grid-100","grid-parent","grid-33","no-featured-image-padding"],"acf":[],"yoast_head":"<!-- This site is optimized with the Yoast SEO plugin v27.5 - https:\/\/yoast.com\/product\/yoast-seo-wordpress\/ -->\n<title>H\u0259bsxana n\u0259zar\u0259t\u00e7isi inancl\u0131 m\u0259hbusun ba\u015f\u0131n\u0131 d\u0259mir qap\u0131 aras\u0131nda s\u0131x\u0131b - MEYDAN.TV<\/title>\n<meta name=\"robots\" content=\"index, follow, max-snippet:-1, max-image-preview:large, max-video-preview:-1\" \/>\n<link rel=\"canonical\" href=\"https:\/\/www.meydan.tv\/az\/article\/h%c9%99bsxana-n%c9%99zar%c9%99tcisi-inancli-m%c9%99hbusun-basini-d%c9%99mir-qapi-arasinda-sixib\/\" \/>\n<meta property=\"og:locale\" content=\"az_AZ\" \/>\n<meta property=\"og:type\" content=\"article\" \/>\n<meta property=\"og:title\" content=\"H\u0259bsxana n\u0259zar\u0259t\u00e7isi inancl\u0131 m\u0259hbusun ba\u015f\u0131n\u0131 d\u0259mir qap\u0131 aras\u0131nda s\u0131x\u0131b - MEYDAN.TV\" \/>\n<meta property=\"og:description\" content=\"Haz\u0131rda 17 sayl\u0131 C\u0259za\u00e7\u0259km\u0259 M\u00fc\u0259ssis\u0259sind\u0259 h\u0259bs c\u0259zas\u0131 \u00e7\u0259k\u0259n inancl\u0131 m\u0259hbus ... Davam\u0131\" \/>\n<meta property=\"og:url\" content=\"https:\/\/www.meydan.tv\/az\/article\/h%c9%99bsxana-n%c9%99zar%c9%99tcisi-inancli-m%c9%99hbusun-basini-d%c9%99mir-qapi-arasinda-sixib\/\" \/>\n<meta property=\"og:site_name\" content=\"MEYDAN.TV\" \/>\n<meta property=\"article:published_time\" content=\"2026-05-01T13:34:48+00:00\" \/>\n<meta property=\"article:modified_time\" content=\"2026-05-01T13:34:50+00:00\" \/>\n<meta property=\"og:image\" content=\"https:\/\/www.meydan.tv\/wp-content\/uploads\/cover-m-1-1200x588.png\" \/>\n\t<meta property=\"og:image:width\" content=\"1200\" \/>\n\t<meta property=\"og:image:height\" content=\"588\" \/>\n\t<meta property=\"og:image:type\" content=\"image\/png\" \/>\n<meta name=\"author\" content=\"mahmud\" \/>\n<meta name=\"twitter:card\" content=\"summary_large_image\" \/>\n<script type=\"application\/ld+json\" class=\"yoast-schema-graph\">{\"@context\":\"https:\\\/\\\/schema.org\",\"@graph\":[{\"@type\":\"Article\",\"@id\":\"https:\\\/\\\/www.meydan.tv\\\/az\\\/article\\\/h%c9%99bsxana-n%c9%99zar%c9%99tcisi-inancli-m%c9%99hbusun-basini-d%c9%99mir-qapi-arasinda-sixib\\\/#article\",\"isPartOf\":{\"@id\":\"https:\\\/\\\/www.meydan.tv\\\/az\\\/article\\\/h%c9%99bsxana-n%c9%99zar%c9%99tcisi-inancli-m%c9%99hbusun-basini-d%c9%99mir-qapi-arasinda-sixib\\\/\"},\"author\":{\"name\":\"mahmud\",\"@id\":\"https:\\\/\\\/www.meydan.tv\\\/az\\\/#\\\/schema\\\/person\\\/09863e516102a829e72bedcf3f84c6b0\"},\"headline\":\"H\u0259bsxana n\u0259zar\u0259t\u00e7isi inancl\u0131 m\u0259hbusun ba\u015f\u0131n\u0131 d\u0259mir qap\u0131 aras\u0131nda s\u0131x\u0131b\",\"datePublished\":\"2026-05-01T13:34:48+00:00\",\"dateModified\":\"2026-05-01T13:34:50+00:00\",\"mainEntityOfPage\":{\"@id\":\"https:\\\/\\\/www.meydan.tv\\\/az\\\/article\\\/h%c9%99bsxana-n%c9%99zar%c9%99tcisi-inancli-m%c9%99hbusun-basini-d%c9%99mir-qapi-arasinda-sixib\\\/\"},\"wordCount\":351,\"publisher\":{\"@id\":\"https:\\\/\\\/www.meydan.tv\\\/az\\\/#organization\"},\"image\":{\"@id\":\"https:\\\/\\\/www.meydan.tv\\\/az\\\/article\\\/h%c9%99bsxana-n%c9%99zar%c9%99tcisi-inancli-m%c9%99hbusun-basini-d%c9%99mir-qapi-arasinda-sixib\\\/#primaryimage\"},\"thumbnailUrl\":\"https:\\\/\\\/www.meydan.tv\\\/wp-content\\\/uploads\\\/cover-m-1.png\",\"articleSection\":[\"Siyas\u0259t\",\"T\u00f6vsiy\u0259\",\"X\u0259b\u0259rl\u0259r\"],\"inLanguage\":\"az\"},{\"@type\":\"WebPage\",\"@id\":\"https:\\\/\\\/www.meydan.tv\\\/az\\\/article\\\/h%c9%99bsxana-n%c9%99zar%c9%99tcisi-inancli-m%c9%99hbusun-basini-d%c9%99mir-qapi-arasinda-sixib\\\/\",\"url\":\"https:\\\/\\\/www.meydan.tv\\\/az\\\/article\\\/h%c9%99bsxana-n%c9%99zar%c9%99tcisi-inancli-m%c9%99hbusun-basini-d%c9%99mir-qapi-arasinda-sixib\\\/\",\"name\":\"H\u0259bsxana n\u0259zar\u0259t\u00e7isi inancl\u0131 m\u0259hbusun ba\u015f\u0131n\u0131 d\u0259mir qap\u0131 aras\u0131nda s\u0131x\u0131b - MEYDAN.TV\",\"isPartOf\":{\"@id\":\"https:\\\/\\\/www.meydan.tv\\\/az\\\/#website\"},\"primaryImageOfPage\":{\"@id\":\"https:\\\/\\\/www.meydan.tv\\\/az\\\/article\\\/h%c9%99bsxana-n%c9%99zar%c9%99tcisi-inancli-m%c9%99hbusun-basini-d%c9%99mir-qapi-arasinda-sixib\\\/#primaryimage\"},\"image\":{\"@id\":\"https:\\\/\\\/www.meydan.tv\\\/az\\\/article\\\/h%c9%99bsxana-n%c9%99zar%c9%99tcisi-inancli-m%c9%99hbusun-basini-d%c9%99mir-qapi-arasinda-sixib\\\/#primaryimage\"},\"thumbnailUrl\":\"https:\\\/\\\/www.meydan.tv\\\/wp-content\\\/uploads\\\/cover-m-1.png\",\"datePublished\":\"2026-05-01T13:34:48+00:00\",\"dateModified\":\"2026-05-01T13:34:50+00:00\",\"breadcrumb\":{\"@id\":\"https:\\\/\\\/www.meydan.tv\\\/az\\\/article\\\/h%c9%99bsxana-n%c9%99zar%c9%99tcisi-inancli-m%c9%99hbusun-basini-d%c9%99mir-qapi-arasinda-sixib\\\/#breadcrumb\"},\"inLanguage\":\"az\",\"potentialAction\":[{\"@type\":\"ReadAction\",\"target\":[\"https:\\\/\\\/www.meydan.tv\\\/az\\\/article\\\/h%c9%99bsxana-n%c9%99zar%c9%99tcisi-inancli-m%c9%99hbusun-basini-d%c9%99mir-qapi-arasinda-sixib\\\/\"]}]},{\"@type\":\"ImageObject\",\"inLanguage\":\"az\",\"@id\":\"https:\\\/\\\/www.meydan.tv\\\/az\\\/article\\\/h%c9%99bsxana-n%c9%99zar%c9%99tcisi-inancli-m%c9%99hbusun-basini-d%c9%99mir-qapi-arasinda-sixib\\\/#primaryimage\",\"url\":\"https:\\\/\\\/www.meydan.tv\\\/wp-content\\\/uploads\\\/cover-m-1.png\",\"contentUrl\":\"https:\\\/\\\/www.meydan.tv\\\/wp-content\\\/uploads\\\/cover-m-1.png\",\"width\":2000,\"height\":980,\"caption\":\"R\u00f6v\u015f\u0259n Cabbarov. Foto: \u015f\u0259xsi albomundan\"},{\"@type\":\"BreadcrumbList\",\"@id\":\"https:\\\/\\\/www.meydan.tv\\\/az\\\/article\\\/h%c9%99bsxana-n%c9%99zar%c9%99tcisi-inancli-m%c9%99hbusun-basini-d%c9%99mir-qapi-arasinda-sixib\\\/#breadcrumb\",\"itemListElement\":[{\"@type\":\"ListItem\",\"position\":1,\"name\":\"Ana s\u0259hif\u0259\",\"item\":\"https:\\\/\\\/www.meydan.tv\\\/az\\\/\"},{\"@type\":\"ListItem\",\"position\":2,\"name\":\"Siyas\u0259t\",\"item\":\"https:\\\/\\\/www.meydan.tv\\\/az\\\/section\\\/siyaset\\\/\"},{\"@type\":\"ListItem\",\"position\":3,\"name\":\"H\u0259bsxana n\u0259zar\u0259t\u00e7isi inancl\u0131 m\u0259hbusun ba\u015f\u0131n\u0131 d\u0259mir qap\u0131 aras\u0131nda s\u0131x\u0131b\"}]},{\"@type\":\"WebSite\",\"@id\":\"https:\\\/\\\/www.meydan.tv\\\/az\\\/#website\",\"url\":\"https:\\\/\\\/www.meydan.tv\\\/az\\\/\",\"name\":\"MEYDAN.TV\",\"description\":\"Meydan TV Az\u0259rbaycan\u0131n media m\u0259kan\u0131ndak\u0131 alternativ s\u0259sidir\",\"publisher\":{\"@id\":\"https:\\\/\\\/www.meydan.tv\\\/az\\\/#organization\"},\"potentialAction\":[{\"@type\":\"SearchAction\",\"target\":{\"@type\":\"EntryPoint\",\"urlTemplate\":\"https:\\\/\\\/www.meydan.tv\\\/az\\\/?s={search_term_string}\"},\"query-input\":{\"@type\":\"PropertyValueSpecification\",\"valueRequired\":true,\"valueName\":\"search_term_string\"}}],\"inLanguage\":\"az\"},{\"@type\":\"Organization\",\"@id\":\"https:\\\/\\\/www.meydan.tv\\\/az\\\/#organization\",\"name\":\"Meydan TV\",\"url\":\"https:\\\/\\\/www.meydan.tv\\\/az\\\/\",\"logo\":{\"@type\":\"ImageObject\",\"inLanguage\":\"az\",\"@id\":\"https:\\\/\\\/www.meydan.tv\\\/az\\\/#\\\/schema\\\/logo\\\/image\\\/\",\"url\":\"https:\\\/\\\/www.meydan.tv\\\/wp-content\\\/uploads\\\/2021\\\/07\\\/meydan-logo.svg\",\"contentUrl\":\"https:\\\/\\\/www.meydan.tv\\\/wp-content\\\/uploads\\\/2021\\\/07\\\/meydan-logo.svg\",\"width\":195,\"height\":46,\"caption\":\"Meydan TV\"},\"image\":{\"@id\":\"https:\\\/\\\/www.meydan.tv\\\/az\\\/#\\\/schema\\\/logo\\\/image\\\/\"}},{\"@type\":\"Person\",\"@id\":\"https:\\\/\\\/www.meydan.tv\\\/az\\\/#\\\/schema\\\/person\\\/09863e516102a829e72bedcf3f84c6b0\",\"name\":\"mahmud\"}]}<\/script>\n<!-- \/ Yoast SEO plugin. -->","yoast_head_json":{"title":"H\u0259bsxana n\u0259zar\u0259t\u00e7isi inancl\u0131 m\u0259hbusun ba\u015f\u0131n\u0131 d\u0259mir qap\u0131 aras\u0131nda s\u0131x\u0131b - MEYDAN.TV","robots":{"index":"index","follow":"follow","max-snippet":"max-snippet:-1","max-image-preview":"max-image-preview:large","max-video-preview":"max-video-preview:-1"},"canonical":"https:\/\/www.meydan.tv\/az\/article\/h%c9%99bsxana-n%c9%99zar%c9%99tcisi-inancli-m%c9%99hbusun-basini-d%c9%99mir-qapi-arasinda-sixib\/","og_locale":"az_AZ","og_type":"article","og_title":"H\u0259bsxana n\u0259zar\u0259t\u00e7isi inancl\u0131 m\u0259hbusun ba\u015f\u0131n\u0131 d\u0259mir qap\u0131 aras\u0131nda s\u0131x\u0131b - MEYDAN.TV","og_description":"Haz\u0131rda 17 sayl\u0131 C\u0259za\u00e7\u0259km\u0259 M\u00fc\u0259ssis\u0259sind\u0259 h\u0259bs c\u0259zas\u0131 \u00e7\u0259k\u0259n inancl\u0131 m\u0259hbus ... Davam\u0131","og_url":"https:\/\/www.meydan.tv\/az\/article\/h%c9%99bsxana-n%c9%99zar%c9%99tcisi-inancli-m%c9%99hbusun-basini-d%c9%99mir-qapi-arasinda-sixib\/","og_site_name":"MEYDAN.TV","article_published_time":"2026-05-01T13:34:48+00:00","article_modified_time":"2026-05-01T13:34:50+00:00","og_image":[{"width":1200,"height":588,"url":"https:\/\/www.meydan.tv\/wp-content\/uploads\/cover-m-1-1200x588.png","type":"image\/png"}],"author":"mahmud","twitter_card":"summary_large_image","schema":{"@context":"https:\/\/schema.org","@graph":[{"@type":"Article","@id":"https:\/\/www.meydan.tv\/az\/article\/h%c9%99bsxana-n%c9%99zar%c9%99tcisi-inancli-m%c9%99hbusun-basini-d%c9%99mir-qapi-arasinda-sixib\/#article","isPartOf":{"@id":"https:\/\/www.meydan.tv\/az\/article\/h%c9%99bsxana-n%c9%99zar%c9%99tcisi-inancli-m%c9%99hbusun-basini-d%c9%99mir-qapi-arasinda-sixib\/"},"author":{"name":"mahmud","@id":"https:\/\/www.meydan.tv\/az\/#\/schema\/person\/09863e516102a829e72bedcf3f84c6b0"},"headline":"H\u0259bsxana n\u0259zar\u0259t\u00e7isi inancl\u0131 m\u0259hbusun ba\u015f\u0131n\u0131 d\u0259mir qap\u0131 aras\u0131nda s\u0131x\u0131b","datePublished":"2026-05-01T13:34:48+00:00","dateModified":"2026-05-01T13:34:50+00:00","mainEntityOfPage":{"@id":"https:\/\/www.meydan.tv\/az\/article\/h%c9%99bsxana-n%c9%99zar%c9%99tcisi-inancli-m%c9%99hbusun-basini-d%c9%99mir-qapi-arasinda-sixib\/"},"wordCount":351,"publisher":{"@id":"https:\/\/www.meydan.tv\/az\/#organization"},"image":{"@id":"https:\/\/www.meydan.tv\/az\/article\/h%c9%99bsxana-n%c9%99zar%c9%99tcisi-inancli-m%c9%99hbusun-basini-d%c9%99mir-qapi-arasinda-sixib\/#primaryimage"},"thumbnailUrl":"https:\/\/www.meydan.tv\/wp-content\/uploads\/cover-m-1.png","articleSection":["Siyas\u0259t","T\u00f6vsiy\u0259","X\u0259b\u0259rl\u0259r"],"inLanguage":"az"},{"@type":"WebPage","@id":"https:\/\/www.meydan.tv\/az\/article\/h%c9%99bsxana-n%c9%99zar%c9%99tcisi-inancli-m%c9%99hbusun-basini-d%c9%99mir-qapi-arasinda-sixib\/","url":"https:\/\/www.meydan.tv\/az\/article\/h%c9%99bsxana-n%c9%99zar%c9%99tcisi-inancli-m%c9%99hbusun-basini-d%c9%99mir-qapi-arasinda-sixib\/","name":"H\u0259bsxana n\u0259zar\u0259t\u00e7isi inancl\u0131 m\u0259hbusun ba\u015f\u0131n\u0131 d\u0259mir qap\u0131 aras\u0131nda s\u0131x\u0131b - MEYDAN.TV","isPartOf":{"@id":"https:\/\/www.meydan.tv\/az\/#website"},"primaryImageOfPage":{"@id":"https:\/\/www.meydan.tv\/az\/article\/h%c9%99bsxana-n%c9%99zar%c9%99tcisi-inancli-m%c9%99hbusun-basini-d%c9%99mir-qapi-arasinda-sixib\/#primaryimage"},"image":{"@id":"https:\/\/www.meydan.tv\/az\/article\/h%c9%99bsxana-n%c9%99zar%c9%99tcisi-inancli-m%c9%99hbusun-basini-d%c9%99mir-qapi-arasinda-sixib\/#primaryimage"},"thumbnailUrl":"https:\/\/www.meydan.tv\/wp-content\/uploads\/cover-m-1.png","datePublished":"2026-05-01T13:34:48+00:00","dateModified":"2026-05-01T13:34:50+00:00","breadcrumb":{"@id":"https:\/\/www.meydan.tv\/az\/article\/h%c9%99bsxana-n%c9%99zar%c9%99tcisi-inancli-m%c9%99hbusun-basini-d%c9%99mir-qapi-arasinda-sixib\/#breadcrumb"},"inLanguage":"az","potentialAction":[{"@type":"ReadAction","target":["https:\/\/www.meydan.tv\/az\/article\/h%c9%99bsxana-n%c9%99zar%c9%99tcisi-inancli-m%c9%99hbusun-basini-d%c9%99mir-qapi-arasinda-sixib\/"]}]},{"@type":"ImageObject","inLanguage":"az","@id":"https:\/\/www.meydan.tv\/az\/article\/h%c9%99bsxana-n%c9%99zar%c9%99tcisi-inancli-m%c9%99hbusun-basini-d%c9%99mir-qapi-arasinda-sixib\/#primaryimage","url":"https:\/\/www.meydan.tv\/wp-content\/uploads\/cover-m-1.png","contentUrl":"https:\/\/www.meydan.tv\/wp-content\/uploads\/cover-m-1.png","width":2000,"height":980,"caption":"R\u00f6v\u015f\u0259n Cabbarov. Foto: \u015f\u0259xsi albomundan"},{"@type":"BreadcrumbList","@id":"https:\/\/www.meydan.tv\/az\/article\/h%c9%99bsxana-n%c9%99zar%c9%99tcisi-inancli-m%c9%99hbusun-basini-d%c9%99mir-qapi-arasinda-sixib\/#breadcrumb","itemListElement":[{"@type":"ListItem","position":1,"name":"Ana s\u0259hif\u0259","item":"https:\/\/www.meydan.tv\/az\/"},{"@type":"ListItem","position":2,"name":"Siyas\u0259t","item":"https:\/\/www.meydan.tv\/az\/section\/siyaset\/"},{"@type":"ListItem","position":3,"name":"H\u0259bsxana n\u0259zar\u0259t\u00e7isi inancl\u0131 m\u0259hbusun ba\u015f\u0131n\u0131 d\u0259mir qap\u0131 aras\u0131nda s\u0131x\u0131b"}]},{"@type":"WebSite","@id":"https:\/\/www.meydan.tv\/az\/#website","url":"https:\/\/www.meydan.tv\/az\/","name":"MEYDAN.TV","description":"Meydan TV Az\u0259rbaycan\u0131n media m\u0259kan\u0131ndak\u0131 alternativ s\u0259sidir","publisher":{"@id":"https:\/\/www.meydan.tv\/az\/#organization"},"potentialAction":[{"@type":"SearchAction","target":{"@type":"EntryPoint","urlTemplate":"https:\/\/www.meydan.tv\/az\/?s={search_term_string}"},"query-input":{"@type":"PropertyValueSpecification","valueRequired":true,"valueName":"search_term_string"}}],"inLanguage":"az"},{"@type":"Organization","@id":"https:\/\/www.meydan.tv\/az\/#organization","name":"Meydan TV","url":"https:\/\/www.meydan.tv\/az\/","logo":{"@type":"ImageObject","inLanguage":"az","@id":"https:\/\/www.meydan.tv\/az\/#\/schema\/logo\/image\/","url":"https:\/\/www.meydan.tv\/wp-content\/uploads\/2021\/07\/meydan-logo.svg","contentUrl":"https:\/\/www.meydan.tv\/wp-content\/uploads\/2021\/07\/meydan-logo.svg","width":195,"height":46,"caption":"Meydan TV"},"image":{"@id":"https:\/\/www.meydan.tv\/az\/#\/schema\/logo\/image\/"}},{"@type":"Person","@id":"https:\/\/www.meydan.tv\/az\/#\/schema\/person\/09863e516102a829e72bedcf3f84c6b0","name":"mahmud"}]}},"_links":{"self":[{"href":"https:\/\/www.meydan.tv\/az\/wp-json\/wp\/v2\/posts\/344574","targetHints":{"allow":["GET"]}}],"collection":[{"href":"https:\/\/www.meydan.tv\/az\/wp-json\/wp\/v2\/posts"}],"about":[{"href":"https:\/\/www.meydan.tv\/az\/wp-json\/wp\/v2\/types\/post"}],"author":[{"embeddable":true,"href":"https:\/\/www.meydan.tv\/az\/wp-json\/wp\/v2\/users\/21"}],"replies":[{"embeddable":true,"href":"https:\/\/www.meydan.tv\/az\/wp-json\/wp\/v2\/comments?post=344574"}],"version-history":[{"count":1,"href":"https:\/\/www.meydan.tv\/az\/wp-json\/wp\/v2\/posts\/344574\/revisions"}],"predecessor-version":[{"id":344578,"href":"https:\/\/www.meydan.tv\/az\/wp-json\/wp\/v2\/posts\/344574\/revisions\/344578"}],"wp:featuredmedia":[{"embeddable":true,"href":"https:\/\/www.meydan.tv\/az\/wp-json\/wp\/v2\/media\/344575"}],"wp:attachment":[{"href":"https:\/\/www.meydan.tv\/az\/wp-json\/wp\/v2\/media?parent=344574"}],"wp:term":[{"taxonomy":"category","embeddable":true,"href":"https:\/\/www.meydan.tv\/az\/wp-json\/wp\/v2\/categories?post=344574"},{"taxonomy":"post_tag","embeddable":true,"href":"https:\/\/www.meydan.tv\/az\/wp-json\/wp\/v2\/tags?post=344574"}],"curies":[{"name":"wp","href":"https:\/\/api.w.org\/{rel}","templated":true}]}}