{"id":344569,"date":"2026-05-01T15:46:34","date_gmt":"2026-05-01T11:46:34","guid":{"rendered":"https:\/\/www.meydan.tv\/?p=344569"},"modified":"2026-05-01T17:08:32","modified_gmt":"2026-05-01T13:08:32","slug":"m%c9%99hk%c9%99m%c9%99d%c9%99-aksiya-meydanda-da-yan-yana-zindanda-da-yan-yana","status":"publish","type":"post","link":"https:\/\/www.meydan.tv\/az\/article\/m%c9%99hk%c9%99m%c9%99d%c9%99-aksiya-meydanda-da-yan-yana-zindanda-da-yan-yana\/","title":{"rendered":"M\u0259hk\u0259m\u0259d\u0259 aksiya: \u201cMeydanda da yan-yana, zindanda da yan-yana\u201d"},"content":{"rendered":"\n<p>May\u0131n 1-d\u0259, Bak\u0131 A\u011f\u0131r Cinay\u0259tl\u0259r M\u0259hk\u0259m\u0259sind\u0259 \u201cMeydan TV i\u015fi\u201d \u00fczr\u0259 ke\u00e7iril\u0259n n\u00f6vb\u0259ti m\u0259hk\u0259m\u0259 prosesind\u0259 jurnalistl\u0259r Aysel \u00dcm\u00fcdova, X\u0259yal\u0259 A\u011fayeva, Aytac Tapd\u0131q, \u00dclviyy\u0259 \u018fli, Fatim\u0259 M\u00f6vlaml\u0131 3 May \u00dcmumd\u00fcnya M\u0259tbuat Azadl\u0131\u011f\u0131 G\u00fcn\u00fc il\u0259 \u0259laq\u0259dar aksiya ke\u00e7iribl\u0259r.<\/p>\n\n\n\n<p>Onlar stullar\u0131n \u00fcz\u0259rin\u0259 \u00e7\u0131xaraq \u201cAzadl\u0131q m\u0259tbuat\u0131n \u015fah damar\u0131d\u0131r\u201d, \u201cS\u00f6z\u0259 qandal vurulmur\u201d, &#8220;Azad s\u00f6z bizimdir, m\u0259hb\u0259s\u0259 s\u0131\u011fmaz&#8221;, &#8220;\u0130nternet azadd\u0131r, s\u00f6z bloklan\u0131b&#8221;, \u201cJurnalistika cinay\u0259t deyil\u201d v\u0259 \u201cMeydanda da yan-yana, zindanda da yan-yana\u201d dey\u0259r\u0259k \u015f\u00fcarlar s\u0259sl\u0259ndiribl\u0259r.<br><br>H\u0259m\u00e7inin &#8220;Meydan TV i\u015fi&#8221; \u00fczr\u0259 h\u0259bsd\u0259 olan jurnalist \u00dclviyy\u0259 \u018fli \u00e7\u0131x\u0131\u015f edib:<\/p>\n\n\n\n<p><em>&#8220;Bu g\u00fcn 1 may \u2013 Beyn\u0259lxalq \u018fm\u0259k G\u00fcn\u00fcd\u00fcr. Bu g\u00fcn i\u015f\u00e7il\u0259rin \u0259m\u0259yini \u00f6lk\u0259d\u0259 \u0259n d\u0259y\u0259rsiz s\u0259viyy\u0259y\u0259 salanlar\u0131n deyil, istismar\u0131 i\u015f\u0131qland\u0131ranlar\u0131n m\u0259hk\u0259m\u0259sidir.<\/em><\/p>\n\n\n\n<p><em>M\u0259n d\u0259 haz\u0131rda, t\u0259xmin\u0259n m\u0259nd\u0259n 10 il \u00f6nc\u0259 el\u0259 bu \u0259r\u0259f\u0259l\u0259rd\u0259 dostum Bayram M\u0259mm\u0259dovun dayand\u0131\u011f\u0131 k\u00fcrs\u00fcd\u0259n m\u0259hk\u0259m\u0259y\u0259 \u00e7\u0131x\u0131\u015f edir\u0259m. Sabah, y\u0259ni 2 may onun an\u0131m g\u00fcn\u00fcd\u00fcr, s\u0131ralar\u0131m\u0131zdan vaxts\u0131z ayr\u0131lmas\u0131ndan be\u015f il ke\u00e7ir.<\/em><\/p>\n\n\n\n<p><em>M\u00fcst\u0259qil jurnalistl\u0259rin azadl\u0131qda g\u00f6r\u0259 bilm\u0259diyi 3 may \u2013 M\u0259tbuat Azadl\u0131\u011f\u0131 G\u00fcn\u00fcd\u00fcr. H\u0259min g\u00fcnd\u0259 m\u00fcst\u0259qil jurnalistl\u0259rini saxta ittihamlarla h\u0259bs\u0259 atan adamlar\u0131n \u201c\u00f6lk\u0259d\u0259 m\u0259tbuat azadd\u0131r\u201d dey\u0259nd\u0259, g\u00fcl\u00fc\u015f h\u0259d\u0259fin\u0259 \u00e7evrildiyi m\u0259ml\u0259k\u0259td\u0259n h\u0259y\u0259can t\u0259bili \u00e7al\u0131ram<\/em>&#8220;, &#8211; dey\u0259 jurnalist bildirib. <\/p>\n\n\n\n<p>H\u0259bsd\u0259 olan jurnalistl\u0259rin b\u0259zil\u0259rinin v\u0259kill\u0259ri m\u0259hk\u0259m\u0259y\u0259 gecikdiyi \u00fc\u00e7\u00fcn proses t\u0259xir\u0259 sal\u0131n\u0131b. Onlar bunun \u00fc\u00e7\u00fcn hakimd\u0259n vaxt ist\u0259s\u0259 d\u0259, hakim Ayt\u0259n \u018fliyeva raz\u0131 olmay\u0131b.<\/p>\n\n\n\n<p>N\u00f6vb\u0259ti m\u0259hk\u0259m\u0259 prosesi may\u0131n 22-n\u0259 t\u0259yin edilib.<\/p>\n\n\n\n<p>2024-c\u00fc il dekabr\u0131n 6-da Meydan TV-nin \u0259m\u0259kda\u015flar\u0131 Ramin Deko (C\u0259bray\u0131lzad\u0259), Aynur Q\u0259nb\u0259rova (Elg\u00fcn\u0259\u015f), Aysel Umudova, Aytac \u018fhm\u0259dova (Tapd\u0131q), X\u0259yal\u0259 A\u011fayeva, Natiq Cavadl\u0131 v\u0259 v\u0259t\u0259nda\u015f c\u0259miyy\u0259tinin \u00fczv\u00fc \u00dclvi Tahirov h\u0259bs edilib.<\/p>\n\n\n\n<p>Bu i\u015f \u00fczr\u0259 saxlan\u0131lanlara Cinay\u0259t M\u0259c\u0259ll\u0259sinin 206.3.2-ci (qa\u00e7aqmal\u00e7\u0131l\u0131q, \u0259vv\u0259lc\u0259d\u0259n \u0259lbir olan bir qrup \u015f\u0259xs t\u0259r\u0259find\u0259n t\u00f6r\u0259dildikd\u0259) madd\u0259si il\u0259 cinay\u0259t a\u00e7\u0131l\u0131b.<\/p>\n\n\n\n<p>2025-ci il fevral\u0131n 5-i \u201carqument.az\u201d sayt\u0131n\u0131n ba\u015f redaktoru, Meydan TV il\u0259 \u0259m\u0259kda\u015fl\u0131q ed\u0259n jurnalist \u015e\u0259m\u015fad A\u011fayev (A\u011fa), daha sonra&nbsp; dig\u0259r jurnalistl\u0259r \u2013&nbsp; fevral\u0131n 20-d\u0259 Nurlan Libre (Q\u0259hr\u0259manl\u0131), fevral\u0131n 28-d\u0259 Fatim\u0259 M\u00f6vlaml\u0131, may\u0131n 7-d\u0259 \u00dclviyy\u0259 \u018fli (Quliyeva), avqustun 27-d\u0259 is\u0259 \u018fhm\u0259d Muxtar bu i\u015f \u00fczr\u0259 h\u0259bs olunub.<\/p>\n\n\n\n<p>Avqustun 28-d\u0259 \u201cMeydan TV i\u015fi\u201d \u00fczr\u0259 ittihamlar a\u011f\u0131rla\u015fd\u0131r\u0131l\u0131b, i\u015f \u00fczr\u0259 h\u0259bs edil\u0259n \u015f\u0259xsl\u0259r\u0259 \u00fcmumilikd\u0259 Cinay\u0259t M\u0259c\u0259ll\u0259sinin 7 madd\u0259si il\u0259 ittiham ir\u0259li s\u00fcr\u00fcl\u00fcb.<\/p>\n\n\n\n<p>H\u0259bs edil\u0259n jurnalistl\u0259r ittihamlar\u0131 q\u0259bul etmirl\u0259r v\u0259 hesab edirl\u0259r ki, siyasi sifari\u015fl\u0259 h\u0259bs olunublar, m\u0259qs\u0259d \u00f6lk\u0259d\u0259 m\u00fcst\u0259qil median\u0131, azad s\u0259sl\u0259ri susdurmaqd\u0131r.<\/p>\n","protected":false},"excerpt":{"rendered":"<p>May\u0131n 1-d\u0259, Bak\u0131 A\u011f\u0131r Cinay\u0259tl\u0259r M\u0259hk\u0259m\u0259sind\u0259 \u201cMeydan TV i\u015fi\u201d \u00fczr\u0259 &#8230; <\/p>\n<p class=\"read-more-container\"><a title=\"M\u0259hk\u0259m\u0259d\u0259 aksiya: \u201cMeydanda da yan-yana, zindanda da yan-yana\u201d\" class=\"read-more button\" href=\"https:\/\/www.meydan.tv\/az\/article\/m%c9%99hk%c9%99m%c9%99d%c9%99-aksiya-meydanda-da-yan-yana-zindanda-da-yan-yana\/#more-344569\" aria-label=\"Read more about M\u0259hk\u0259m\u0259d\u0259 aksiya: \u201cMeydanda da yan-yana, zindanda da yan-yana\u201d\">Davam\u0131<\/a><\/p>\n","protected":false},"author":21,"featured_media":339494,"comment_status":"closed","ping_status":"closed","sticky":false,"template":"","format":"standard","meta":{"_acf_changed":false,"_sitemap_exclude":false,"_sitemap_priority":"","_sitemap_frequency":"","footnotes":""},"categories":[139,59,79,56],"tags":[],"class_list":["post-344569","post","type-post","status-publish","format-standard","has-post-thumbnail","hentry","category-meydan-tv-isi","category-siyaset","category-featured","category-xeberler","infinite-scroll-item","generate-columns","tablet-grid-50","mobile-grid-100","grid-parent","grid-33","no-featured-image-padding"],"acf":[],"yoast_head":"<!-- This site is optimized with the Yoast SEO plugin v27.5 - https:\/\/yoast.com\/product\/yoast-seo-wordpress\/ -->\n<title>M\u0259hk\u0259m\u0259d\u0259 aksiya: \u201cMeydanda da yan-yana, zindanda da yan-yana\u201d - MEYDAN.TV<\/title>\n<meta name=\"robots\" content=\"index, follow, max-snippet:-1, max-image-preview:large, max-video-preview:-1\" \/>\n<link rel=\"canonical\" href=\"https:\/\/www.meydan.tv\/az\/article\/m%c9%99hk%c9%99m%c9%99d%c9%99-aksiya-meydanda-da-yan-yana-zindanda-da-yan-yana\/\" \/>\n<meta property=\"og:locale\" content=\"az_AZ\" \/>\n<meta property=\"og:type\" content=\"article\" \/>\n<meta property=\"og:title\" content=\"M\u0259hk\u0259m\u0259d\u0259 aksiya: \u201cMeydanda da yan-yana, zindanda da yan-yana\u201d - MEYDAN.TV\" \/>\n<meta property=\"og:description\" content=\"May\u0131n 1-d\u0259, Bak\u0131 A\u011f\u0131r Cinay\u0259tl\u0259r M\u0259hk\u0259m\u0259sind\u0259 \u201cMeydan TV i\u015fi\u201d \u00fczr\u0259 ... Davam\u0131\" \/>\n<meta property=\"og:url\" content=\"https:\/\/www.meydan.tv\/az\/article\/m%c9%99hk%c9%99m%c9%99d%c9%99-aksiya-meydanda-da-yan-yana-zindanda-da-yan-yana\/\" \/>\n<meta property=\"og:site_name\" content=\"MEYDAN.TV\" \/>\n<meta property=\"article:published_time\" content=\"2026-05-01T11:46:34+00:00\" \/>\n<meta property=\"article:modified_time\" content=\"2026-05-01T13:08:32+00:00\" \/>\n<meta property=\"og:image\" content=\"https:\/\/www.meydan.tv\/wp-content\/uploads\/6556-1200x586.png\" \/>\n\t<meta property=\"og:image:width\" content=\"1200\" \/>\n\t<meta property=\"og:image:height\" content=\"586\" \/>\n\t<meta property=\"og:image:type\" content=\"image\/png\" \/>\n<meta name=\"author\" content=\"mahmud\" \/>\n<meta name=\"twitter:card\" content=\"summary_large_image\" \/>\n<script type=\"application\/ld+json\" class=\"yoast-schema-graph\">{\"@context\":\"https:\\\/\\\/schema.org\",\"@graph\":[{\"@type\":\"Article\",\"@id\":\"https:\\\/\\\/www.meydan.tv\\\/az\\\/article\\\/m%c9%99hk%c9%99m%c9%99d%c9%99-aksiya-meydanda-da-yan-yana-zindanda-da-yan-yana\\\/#article\",\"isPartOf\":{\"@id\":\"https:\\\/\\\/www.meydan.tv\\\/az\\\/article\\\/m%c9%99hk%c9%99m%c9%99d%c9%99-aksiya-meydanda-da-yan-yana-zindanda-da-yan-yana\\\/\"},\"author\":{\"name\":\"mahmud\",\"@id\":\"https:\\\/\\\/www.meydan.tv\\\/az\\\/#\\\/schema\\\/person\\\/09863e516102a829e72bedcf3f84c6b0\"},\"headline\":\"M\u0259hk\u0259m\u0259d\u0259 aksiya: \u201cMeydanda da yan-yana, zindanda da yan-yana\u201d\",\"datePublished\":\"2026-05-01T11:46:34+00:00\",\"dateModified\":\"2026-05-01T13:08:32+00:00\",\"mainEntityOfPage\":{\"@id\":\"https:\\\/\\\/www.meydan.tv\\\/az\\\/article\\\/m%c9%99hk%c9%99m%c9%99d%c9%99-aksiya-meydanda-da-yan-yana-zindanda-da-yan-yana\\\/\"},\"wordCount\":590,\"publisher\":{\"@id\":\"https:\\\/\\\/www.meydan.tv\\\/az\\\/#organization\"},\"image\":{\"@id\":\"https:\\\/\\\/www.meydan.tv\\\/az\\\/article\\\/m%c9%99hk%c9%99m%c9%99d%c9%99-aksiya-meydanda-da-yan-yana-zindanda-da-yan-yana\\\/#primaryimage\"},\"thumbnailUrl\":\"https:\\\/\\\/www.meydan.tv\\\/wp-content\\\/uploads\\\/6556.png\",\"articleSection\":[\"Meydan TV i\u015fi\",\"Siyas\u0259t\",\"T\u00f6vsiy\u0259\",\"X\u0259b\u0259rl\u0259r\"],\"inLanguage\":\"az\"},{\"@type\":\"WebPage\",\"@id\":\"https:\\\/\\\/www.meydan.tv\\\/az\\\/article\\\/m%c9%99hk%c9%99m%c9%99d%c9%99-aksiya-meydanda-da-yan-yana-zindanda-da-yan-yana\\\/\",\"url\":\"https:\\\/\\\/www.meydan.tv\\\/az\\\/article\\\/m%c9%99hk%c9%99m%c9%99d%c9%99-aksiya-meydanda-da-yan-yana-zindanda-da-yan-yana\\\/\",\"name\":\"M\u0259hk\u0259m\u0259d\u0259 aksiya: \u201cMeydanda da yan-yana, zindanda da yan-yana\u201d - MEYDAN.TV\",\"isPartOf\":{\"@id\":\"https:\\\/\\\/www.meydan.tv\\\/az\\\/#website\"},\"primaryImageOfPage\":{\"@id\":\"https:\\\/\\\/www.meydan.tv\\\/az\\\/article\\\/m%c9%99hk%c9%99m%c9%99d%c9%99-aksiya-meydanda-da-yan-yana-zindanda-da-yan-yana\\\/#primaryimage\"},\"image\":{\"@id\":\"https:\\\/\\\/www.meydan.tv\\\/az\\\/article\\\/m%c9%99hk%c9%99m%c9%99d%c9%99-aksiya-meydanda-da-yan-yana-zindanda-da-yan-yana\\\/#primaryimage\"},\"thumbnailUrl\":\"https:\\\/\\\/www.meydan.tv\\\/wp-content\\\/uploads\\\/6556.png\",\"datePublished\":\"2026-05-01T11:46:34+00:00\",\"dateModified\":\"2026-05-01T13:08:32+00:00\",\"breadcrumb\":{\"@id\":\"https:\\\/\\\/www.meydan.tv\\\/az\\\/article\\\/m%c9%99hk%c9%99m%c9%99d%c9%99-aksiya-meydanda-da-yan-yana-zindanda-da-yan-yana\\\/#breadcrumb\"},\"inLanguage\":\"az\",\"potentialAction\":[{\"@type\":\"ReadAction\",\"target\":[\"https:\\\/\\\/www.meydan.tv\\\/az\\\/article\\\/m%c9%99hk%c9%99m%c9%99d%c9%99-aksiya-meydanda-da-yan-yana-zindanda-da-yan-yana\\\/\"]}]},{\"@type\":\"ImageObject\",\"inLanguage\":\"az\",\"@id\":\"https:\\\/\\\/www.meydan.tv\\\/az\\\/article\\\/m%c9%99hk%c9%99m%c9%99d%c9%99-aksiya-meydanda-da-yan-yana-zindanda-da-yan-yana\\\/#primaryimage\",\"url\":\"https:\\\/\\\/www.meydan.tv\\\/wp-content\\\/uploads\\\/6556.png\",\"contentUrl\":\"https:\\\/\\\/www.meydan.tv\\\/wp-content\\\/uploads\\\/6556.png\",\"width\":1920,\"height\":938,\"caption\":\"\u0130ll\u00fcstrasiya: Meydan TV\"},{\"@type\":\"BreadcrumbList\",\"@id\":\"https:\\\/\\\/www.meydan.tv\\\/az\\\/article\\\/m%c9%99hk%c9%99m%c9%99d%c9%99-aksiya-meydanda-da-yan-yana-zindanda-da-yan-yana\\\/#breadcrumb\",\"itemListElement\":[{\"@type\":\"ListItem\",\"position\":1,\"name\":\"Ana s\u0259hif\u0259\",\"item\":\"https:\\\/\\\/www.meydan.tv\\\/az\\\/\"},{\"@type\":\"ListItem\",\"position\":2,\"name\":\"Meydan TV i\u015fi\",\"item\":\"https:\\\/\\\/www.meydan.tv\\\/az\\\/section\\\/meydan-tv-isi\\\/\"},{\"@type\":\"ListItem\",\"position\":3,\"name\":\"M\u0259hk\u0259m\u0259d\u0259 aksiya: \u201cMeydanda da yan-yana, zindanda da yan-yana\u201d\"}]},{\"@type\":\"WebSite\",\"@id\":\"https:\\\/\\\/www.meydan.tv\\\/az\\\/#website\",\"url\":\"https:\\\/\\\/www.meydan.tv\\\/az\\\/\",\"name\":\"MEYDAN.TV\",\"description\":\"Meydan TV Az\u0259rbaycan\u0131n media m\u0259kan\u0131ndak\u0131 alternativ s\u0259sidir\",\"publisher\":{\"@id\":\"https:\\\/\\\/www.meydan.tv\\\/az\\\/#organization\"},\"potentialAction\":[{\"@type\":\"SearchAction\",\"target\":{\"@type\":\"EntryPoint\",\"urlTemplate\":\"https:\\\/\\\/www.meydan.tv\\\/az\\\/?s={search_term_string}\"},\"query-input\":{\"@type\":\"PropertyValueSpecification\",\"valueRequired\":true,\"valueName\":\"search_term_string\"}}],\"inLanguage\":\"az\"},{\"@type\":\"Organization\",\"@id\":\"https:\\\/\\\/www.meydan.tv\\\/az\\\/#organization\",\"name\":\"Meydan TV\",\"url\":\"https:\\\/\\\/www.meydan.tv\\\/az\\\/\",\"logo\":{\"@type\":\"ImageObject\",\"inLanguage\":\"az\",\"@id\":\"https:\\\/\\\/www.meydan.tv\\\/az\\\/#\\\/schema\\\/logo\\\/image\\\/\",\"url\":\"https:\\\/\\\/www.meydan.tv\\\/wp-content\\\/uploads\\\/2021\\\/07\\\/meydan-logo.svg\",\"contentUrl\":\"https:\\\/\\\/www.meydan.tv\\\/wp-content\\\/uploads\\\/2021\\\/07\\\/meydan-logo.svg\",\"width\":195,\"height\":46,\"caption\":\"Meydan TV\"},\"image\":{\"@id\":\"https:\\\/\\\/www.meydan.tv\\\/az\\\/#\\\/schema\\\/logo\\\/image\\\/\"}},{\"@type\":\"Person\",\"@id\":\"https:\\\/\\\/www.meydan.tv\\\/az\\\/#\\\/schema\\\/person\\\/09863e516102a829e72bedcf3f84c6b0\",\"name\":\"mahmud\"}]}<\/script>\n<!-- \/ Yoast SEO plugin. -->","yoast_head_json":{"title":"M\u0259hk\u0259m\u0259d\u0259 aksiya: \u201cMeydanda da yan-yana, zindanda da yan-yana\u201d - MEYDAN.TV","robots":{"index":"index","follow":"follow","max-snippet":"max-snippet:-1","max-image-preview":"max-image-preview:large","max-video-preview":"max-video-preview:-1"},"canonical":"https:\/\/www.meydan.tv\/az\/article\/m%c9%99hk%c9%99m%c9%99d%c9%99-aksiya-meydanda-da-yan-yana-zindanda-da-yan-yana\/","og_locale":"az_AZ","og_type":"article","og_title":"M\u0259hk\u0259m\u0259d\u0259 aksiya: \u201cMeydanda da yan-yana, zindanda da yan-yana\u201d - MEYDAN.TV","og_description":"May\u0131n 1-d\u0259, Bak\u0131 A\u011f\u0131r Cinay\u0259tl\u0259r M\u0259hk\u0259m\u0259sind\u0259 \u201cMeydan TV i\u015fi\u201d \u00fczr\u0259 ... Davam\u0131","og_url":"https:\/\/www.meydan.tv\/az\/article\/m%c9%99hk%c9%99m%c9%99d%c9%99-aksiya-meydanda-da-yan-yana-zindanda-da-yan-yana\/","og_site_name":"MEYDAN.TV","article_published_time":"2026-05-01T11:46:34+00:00","article_modified_time":"2026-05-01T13:08:32+00:00","og_image":[{"width":1200,"height":586,"url":"https:\/\/www.meydan.tv\/wp-content\/uploads\/6556-1200x586.png","type":"image\/png"}],"author":"mahmud","twitter_card":"summary_large_image","schema":{"@context":"https:\/\/schema.org","@graph":[{"@type":"Article","@id":"https:\/\/www.meydan.tv\/az\/article\/m%c9%99hk%c9%99m%c9%99d%c9%99-aksiya-meydanda-da-yan-yana-zindanda-da-yan-yana\/#article","isPartOf":{"@id":"https:\/\/www.meydan.tv\/az\/article\/m%c9%99hk%c9%99m%c9%99d%c9%99-aksiya-meydanda-da-yan-yana-zindanda-da-yan-yana\/"},"author":{"name":"mahmud","@id":"https:\/\/www.meydan.tv\/az\/#\/schema\/person\/09863e516102a829e72bedcf3f84c6b0"},"headline":"M\u0259hk\u0259m\u0259d\u0259 aksiya: \u201cMeydanda da yan-yana, zindanda da yan-yana\u201d","datePublished":"2026-05-01T11:46:34+00:00","dateModified":"2026-05-01T13:08:32+00:00","mainEntityOfPage":{"@id":"https:\/\/www.meydan.tv\/az\/article\/m%c9%99hk%c9%99m%c9%99d%c9%99-aksiya-meydanda-da-yan-yana-zindanda-da-yan-yana\/"},"wordCount":590,"publisher":{"@id":"https:\/\/www.meydan.tv\/az\/#organization"},"image":{"@id":"https:\/\/www.meydan.tv\/az\/article\/m%c9%99hk%c9%99m%c9%99d%c9%99-aksiya-meydanda-da-yan-yana-zindanda-da-yan-yana\/#primaryimage"},"thumbnailUrl":"https:\/\/www.meydan.tv\/wp-content\/uploads\/6556.png","articleSection":["Meydan TV i\u015fi","Siyas\u0259t","T\u00f6vsiy\u0259","X\u0259b\u0259rl\u0259r"],"inLanguage":"az"},{"@type":"WebPage","@id":"https:\/\/www.meydan.tv\/az\/article\/m%c9%99hk%c9%99m%c9%99d%c9%99-aksiya-meydanda-da-yan-yana-zindanda-da-yan-yana\/","url":"https:\/\/www.meydan.tv\/az\/article\/m%c9%99hk%c9%99m%c9%99d%c9%99-aksiya-meydanda-da-yan-yana-zindanda-da-yan-yana\/","name":"M\u0259hk\u0259m\u0259d\u0259 aksiya: \u201cMeydanda da yan-yana, zindanda da yan-yana\u201d - MEYDAN.TV","isPartOf":{"@id":"https:\/\/www.meydan.tv\/az\/#website"},"primaryImageOfPage":{"@id":"https:\/\/www.meydan.tv\/az\/article\/m%c9%99hk%c9%99m%c9%99d%c9%99-aksiya-meydanda-da-yan-yana-zindanda-da-yan-yana\/#primaryimage"},"image":{"@id":"https:\/\/www.meydan.tv\/az\/article\/m%c9%99hk%c9%99m%c9%99d%c9%99-aksiya-meydanda-da-yan-yana-zindanda-da-yan-yana\/#primaryimage"},"thumbnailUrl":"https:\/\/www.meydan.tv\/wp-content\/uploads\/6556.png","datePublished":"2026-05-01T11:46:34+00:00","dateModified":"2026-05-01T13:08:32+00:00","breadcrumb":{"@id":"https:\/\/www.meydan.tv\/az\/article\/m%c9%99hk%c9%99m%c9%99d%c9%99-aksiya-meydanda-da-yan-yana-zindanda-da-yan-yana\/#breadcrumb"},"inLanguage":"az","potentialAction":[{"@type":"ReadAction","target":["https:\/\/www.meydan.tv\/az\/article\/m%c9%99hk%c9%99m%c9%99d%c9%99-aksiya-meydanda-da-yan-yana-zindanda-da-yan-yana\/"]}]},{"@type":"ImageObject","inLanguage":"az","@id":"https:\/\/www.meydan.tv\/az\/article\/m%c9%99hk%c9%99m%c9%99d%c9%99-aksiya-meydanda-da-yan-yana-zindanda-da-yan-yana\/#primaryimage","url":"https:\/\/www.meydan.tv\/wp-content\/uploads\/6556.png","contentUrl":"https:\/\/www.meydan.tv\/wp-content\/uploads\/6556.png","width":1920,"height":938,"caption":"\u0130ll\u00fcstrasiya: Meydan TV"},{"@type":"BreadcrumbList","@id":"https:\/\/www.meydan.tv\/az\/article\/m%c9%99hk%c9%99m%c9%99d%c9%99-aksiya-meydanda-da-yan-yana-zindanda-da-yan-yana\/#breadcrumb","itemListElement":[{"@type":"ListItem","position":1,"name":"Ana s\u0259hif\u0259","item":"https:\/\/www.meydan.tv\/az\/"},{"@type":"ListItem","position":2,"name":"Meydan TV i\u015fi","item":"https:\/\/www.meydan.tv\/az\/section\/meydan-tv-isi\/"},{"@type":"ListItem","position":3,"name":"M\u0259hk\u0259m\u0259d\u0259 aksiya: \u201cMeydanda da yan-yana, zindanda da yan-yana\u201d"}]},{"@type":"WebSite","@id":"https:\/\/www.meydan.tv\/az\/#website","url":"https:\/\/www.meydan.tv\/az\/","name":"MEYDAN.TV","description":"Meydan TV Az\u0259rbaycan\u0131n media m\u0259kan\u0131ndak\u0131 alternativ s\u0259sidir","publisher":{"@id":"https:\/\/www.meydan.tv\/az\/#organization"},"potentialAction":[{"@type":"SearchAction","target":{"@type":"EntryPoint","urlTemplate":"https:\/\/www.meydan.tv\/az\/?s={search_term_string}"},"query-input":{"@type":"PropertyValueSpecification","valueRequired":true,"valueName":"search_term_string"}}],"inLanguage":"az"},{"@type":"Organization","@id":"https:\/\/www.meydan.tv\/az\/#organization","name":"Meydan TV","url":"https:\/\/www.meydan.tv\/az\/","logo":{"@type":"ImageObject","inLanguage":"az","@id":"https:\/\/www.meydan.tv\/az\/#\/schema\/logo\/image\/","url":"https:\/\/www.meydan.tv\/wp-content\/uploads\/2021\/07\/meydan-logo.svg","contentUrl":"https:\/\/www.meydan.tv\/wp-content\/uploads\/2021\/07\/meydan-logo.svg","width":195,"height":46,"caption":"Meydan TV"},"image":{"@id":"https:\/\/www.meydan.tv\/az\/#\/schema\/logo\/image\/"}},{"@type":"Person","@id":"https:\/\/www.meydan.tv\/az\/#\/schema\/person\/09863e516102a829e72bedcf3f84c6b0","name":"mahmud"}]}},"_links":{"self":[{"href":"https:\/\/www.meydan.tv\/az\/wp-json\/wp\/v2\/posts\/344569","targetHints":{"allow":["GET"]}}],"collection":[{"href":"https:\/\/www.meydan.tv\/az\/wp-json\/wp\/v2\/posts"}],"about":[{"href":"https:\/\/www.meydan.tv\/az\/wp-json\/wp\/v2\/types\/post"}],"author":[{"embeddable":true,"href":"https:\/\/www.meydan.tv\/az\/wp-json\/wp\/v2\/users\/21"}],"replies":[{"embeddable":true,"href":"https:\/\/www.meydan.tv\/az\/wp-json\/wp\/v2\/comments?post=344569"}],"version-history":[{"count":4,"href":"https:\/\/www.meydan.tv\/az\/wp-json\/wp\/v2\/posts\/344569\/revisions"}],"predecessor-version":[{"id":344573,"href":"https:\/\/www.meydan.tv\/az\/wp-json\/wp\/v2\/posts\/344569\/revisions\/344573"}],"wp:featuredmedia":[{"embeddable":true,"href":"https:\/\/www.meydan.tv\/az\/wp-json\/wp\/v2\/media\/339494"}],"wp:attachment":[{"href":"https:\/\/www.meydan.tv\/az\/wp-json\/wp\/v2\/media?parent=344569"}],"wp:term":[{"taxonomy":"category","embeddable":true,"href":"https:\/\/www.meydan.tv\/az\/wp-json\/wp\/v2\/categories?post=344569"},{"taxonomy":"post_tag","embeddable":true,"href":"https:\/\/www.meydan.tv\/az\/wp-json\/wp\/v2\/tags?post=344569"}],"curies":[{"name":"wp","href":"https:\/\/api.w.org\/{rel}","templated":true}]}}