{"id":344565,"date":"2026-05-01T14:24:01","date_gmt":"2026-05-01T10:24:01","guid":{"rendered":"https:\/\/www.meydan.tv\/?p=344565"},"modified":"2026-05-01T15:27:26","modified_gmt":"2026-05-01T11:27:26","slug":"h%c9%99bsd%c9%99-olan-jurnalist-karsa-salinib","status":"publish","type":"post","link":"https:\/\/www.meydan.tv\/az\/article\/h%c9%99bsd%c9%99-olan-jurnalist-karsa-salinib\/","title":{"rendered":"H\u0259bsd\u0259 olan jurnalist \u201ckars\u201da sal\u0131n\u0131b"},"content":{"rendered":"\n<p>Haz\u0131rda 15 sayl\u0131 C\u0259za\u00e7\u0259km\u0259 M\u00fc\u0259ssis\u0259sinda saxlan\u0131lan jurnalist Polad Aslanov \u201ckars\u201da (c\u0259rim\u0259 kameras\u0131) sal\u0131n\u0131b.<\/p>\n\n\n\n<p>Bu bar\u0259d\u0259 jurnalistin h\u0259yat yolda\u015f\u0131 G\u00fclmir\u0259 Aslanova Meydan TV-y\u0259 m\u0259lumat verib.<\/p>\n\n\n\n<p>G\u00fclmir\u0259 Aslanovan\u0131n s\u00f6zl\u0259rin\u0259 g\u00f6r\u0259, h\u0259bsxanada olan dig\u0259r m\u0259hbus jurnalist\u0259 h\u00fccum \u00e7\u0259k\u0259r\u0259k ona zorak\u0131l\u0131q g\u00f6st\u0259rib. Hadis\u0259 aprelin 29-da ax\u015fam saatlar\u0131nda ba\u015f verib. Aslanova deyir ki, h\u0259min m\u0259hbus bundan \u00f6nc\u0259 d\u0259 d\u0259f\u0259l\u0259rl\u0259 jurnalisti t\u0259hqir edib, m\u00fcnaqi\u015f\u0259 yaratma\u011fa \u00e7al\u0131\u015f\u0131b.<\/p>\n\n\n\n<p><em>\u201cAyin 29-u ax\u015fam saatlar\u0131nda m\u0259hbuslardan biri Polada h\u00fccum \u00e7\u0259k\u0259r\u0259k onu vurub. Orada da dava d\u00fc\u015f\u00fcb, h\u0259mi m\u0259hbusa v\u0259 Polada 15 sutka kars c\u0259zas\u0131 verilib. Hadis\u0259 bar\u0259d\u0259 m\u0259n\u0259 dig\u0259r m\u0259hbuslar\u0131n ail\u0259l\u0259ri x\u0259b\u0259r verib. Bundan \u0259vv\u0259l d\u0259 h\u0259min m\u0259hbus d\u0259f\u0259l\u0259rl\u0259 Polada s\u00f6z at\u0131b, nalayiq ifad\u0259l\u0259rl\u0259, yersiz davran\u0131\u015flarla Polad\u0131 davaya \u00e7\u0259km\u0259k ist\u0259yirdi. Bunlar\u0131n aralar\u0131nda bu konflikt \u00f6nc\u0259d\u0259n yaranm\u0131\u015fd\u0131. Bunu m\u00fc\u0259ssis\u0259 r\u0259isi d\u0259, Penitensiar da bilirdi. Amma he\u00e7 bir t\u0259dbir g\u00f6rm\u0259dil\u0259r. V\u0259ziyy\u0259t bu yer\u0259 \u00e7atana q\u0259d\u0259r g\u00f6zl\u0259dil\u0259r ki, o, Polad\u0131 vursun, ya t\u0259hqir el\u0259sin, orada dava d\u00fc\u015fs\u00fcn\u201d,<\/em> &#8211; dey\u0259 G\u00fclmir\u0259 Aslanova deyib.<\/p>\n\n\n\n<p>Aslanova bu g\u00fcn s\u0259h\u0259r saatlar\u0131ndan c\u0259za\u00e7\u0259km\u0259 m\u00fc\u0259ssis\u0259sind\u0259 Polad Aslanovla g\u00f6r\u00fc\u015f \u00fc\u00e7\u00fcn g\u00f6zl\u0259s\u0259 d\u0259, z\u0259ng v\u0259 g\u00f6r\u00fc\u015f\u0259 qada\u011fa qoyuldu\u011fu deyilib. O deyir ki, jurnalist bar\u0259d\u0259 m\u0259lumat ala bilm\u0259diyind\u0259n Penitensiar Xidm\u0259tin r\u0259is m\u00fcavini Fikr\u0259t Qafarovun q\u0259buluna gedib:<\/p>\n\n\n\n<p><em>\u201cM\u0259n az \u0259vv\u0259l \u018fdliyy\u0259 Nazirliyi Penitensiar Xidm\u0259td\u0259 Fikr\u0259t Qafarovun q\u0259bulunda olmu\u015fam v\u0259 bildirdim ki, m\u0259n\u0259 telefon dan\u0131\u015f\u0131\u011f\u0131 verin, m\u0259n g\u00f6r\u00fcm yolda\u015f\u0131m\u0131n v\u0259ziyy\u0259ti, sa\u011flaml\u0131\u011f\u0131 nec\u0259dir. O cavab verdi ki, s\u0259hh\u0259tind\u0259, sa\u011flaml\u0131\u011f\u0131nda he\u00e7 bir pro<\/em>blem yoxdur, narahat olmay\u0131n\u201d.<\/p>\n\n\n\n<p>G\u00fclmir\u0259 Aslanova onlara inanmad\u0131\u011f\u0131n\u0131 v\u0259 h\u0259yat yolda\u015f\u0131 il\u0259 \u0259laq\u0259 saxlamaq ist\u0259diyini bildirib.&nbsp;<\/p>\n\n\n\n<p><em>\u201cH\u0259m\u00e7inin dedim ki, Polad\u0131n he\u00e7 bir g\u00fcnah\u0131 olmad\u0131 halda ona da dig\u0259r m\u0259hbusla eyni c\u0259zan\u0131n verilm\u0259si qanunsuzdur. Qar\u015f\u0131 t\u0259r\u0259f s\u0259hv el\u0259yib, onu c\u0259zaland\u0131rmal\u0131s\u0131n\u0131z. Onu vaxt\u0131nda etap el\u0259s\u0259ydiniz, bu m\u00fcnaqi\u015f\u0259, bu problem yaranmazd\u0131. Dedim ki, Polad\u0131 c\u0259zaland\u0131ra bilm\u0259zsiniz, \u00e7\u00fcnki \u00f6z\u00fcn\u00fc m\u00fcdafi\u0259 el\u0259yib. Dedi ki, he\u00e7 n\u0259 olmay\u0131b, n\u0259 Polada, n\u0259 d\u0259 dig\u0259r m\u0259hbusa. Deyir\u0259m icaz\u0259 verin \u00f6z\u00fc il\u0259 dan\u0131\u015f\u0131m, cavab verdi ki, karsdad\u0131r\u201d.<\/em><\/p>\n\n\n\n<p>G\u00fclmir\u0259 Aslanova deyir ki, bu bar\u0259d\u0259 Ombudsmana \u015fikay\u0259t ets\u0259 d\u0259, he\u00e7 bir cavab ala bilm\u0259yib.<\/p>\n\n\n\n<p>Polad Aslanov 2019-cu il iyunun 12-d\u0259 h\u0259bs olunub.<\/p>\n\n\n\n<p>13 il azadl\u0131qdan m\u0259hrum edil\u0259n jurnalist Cinay\u0259t M\u0259c\u0259ll\u0259sinin 274-c\u00fc madd\u0259sil\u0259 \u2013 d\u00f6vl\u0259t\u0259 x\u0259yan\u0259td\u0259 t\u0259qsirli bilinib.<\/p>\n\n\n\n<p>O,&nbsp; ittihamlar\u0131 q\u0259bul etmir v\u0259 \u00f6z\u00fcn\u00fc t\u0259qsirli bilmir. Polad&nbsp; Aslanov t\u0259nqid\u00e7i jurnalist f\u0259aliyy\u0259tin\u0259 g\u00f6r\u0259 c\u0259zaland\u0131r\u0131ld\u0131\u011f\u0131n\u0131 deyir.<\/p>\n","protected":false},"excerpt":{"rendered":"<p>Haz\u0131rda 15 sayl\u0131 C\u0259za\u00e7\u0259km\u0259 M\u00fc\u0259ssis\u0259sinda saxlan\u0131lan jurnalist Polad Aslanov \u201ckars\u201da &#8230; <\/p>\n<p class=\"read-more-container\"><a title=\"H\u0259bsd\u0259 olan jurnalist \u201ckars\u201da sal\u0131n\u0131b\" class=\"read-more button\" href=\"https:\/\/www.meydan.tv\/az\/article\/h%c9%99bsd%c9%99-olan-jurnalist-karsa-salinib\/#more-344565\" aria-label=\"Read more about H\u0259bsd\u0259 olan jurnalist \u201ckars\u201da sal\u0131n\u0131b\">Davam\u0131<\/a><\/p>\n","protected":false},"author":21,"featured_media":156687,"comment_status":"closed","ping_status":"closed","sticky":false,"template":"","format":"standard","meta":{"_acf_changed":false,"_sitemap_exclude":false,"_sitemap_priority":"","_sitemap_frequency":"","footnotes":""},"categories":[59,79,56],"tags":[],"class_list":["post-344565","post","type-post","status-publish","format-standard","has-post-thumbnail","hentry","category-siyaset","category-featured","category-xeberler","infinite-scroll-item","generate-columns","tablet-grid-50","mobile-grid-100","grid-parent","grid-33","no-featured-image-padding"],"acf":[],"yoast_head":"<!-- This site is optimized with the Yoast SEO plugin v27.5 - https:\/\/yoast.com\/product\/yoast-seo-wordpress\/ -->\n<title>H\u0259bsd\u0259 olan jurnalist \u201ckars\u201da sal\u0131n\u0131b - MEYDAN.TV<\/title>\n<meta name=\"robots\" content=\"index, follow, max-snippet:-1, max-image-preview:large, max-video-preview:-1\" \/>\n<link rel=\"canonical\" href=\"https:\/\/www.meydan.tv\/az\/article\/h%c9%99bsd%c9%99-olan-jurnalist-karsa-salinib\/\" \/>\n<meta property=\"og:locale\" content=\"az_AZ\" \/>\n<meta property=\"og:type\" content=\"article\" \/>\n<meta property=\"og:title\" content=\"H\u0259bsd\u0259 olan jurnalist \u201ckars\u201da sal\u0131n\u0131b - MEYDAN.TV\" \/>\n<meta property=\"og:description\" content=\"Haz\u0131rda 15 sayl\u0131 C\u0259za\u00e7\u0259km\u0259 M\u00fc\u0259ssis\u0259sinda saxlan\u0131lan jurnalist Polad Aslanov \u201ckars\u201da ... Davam\u0131\" \/>\n<meta property=\"og:url\" content=\"https:\/\/www.meydan.tv\/az\/article\/h%c9%99bsd%c9%99-olan-jurnalist-karsa-salinib\/\" \/>\n<meta property=\"og:site_name\" content=\"MEYDAN.TV\" \/>\n<meta property=\"article:published_time\" content=\"2026-05-01T10:24:01+00:00\" \/>\n<meta property=\"article:modified_time\" content=\"2026-05-01T11:27:26+00:00\" \/>\n<meta property=\"og:image\" content=\"https:\/\/www.meydan.tv\/wp-content\/uploads\/polad_fph5nnj.png\" \/>\n\t<meta property=\"og:image:width\" content=\"961\" \/>\n\t<meta property=\"og:image:height\" content=\"541\" \/>\n\t<meta property=\"og:image:type\" content=\"image\/png\" \/>\n<meta name=\"author\" content=\"mahmud\" \/>\n<meta name=\"twitter:card\" content=\"summary_large_image\" \/>\n<script type=\"application\/ld+json\" class=\"yoast-schema-graph\">{\"@context\":\"https:\\\/\\\/schema.org\",\"@graph\":[{\"@type\":\"Article\",\"@id\":\"https:\\\/\\\/www.meydan.tv\\\/az\\\/article\\\/h%c9%99bsd%c9%99-olan-jurnalist-karsa-salinib\\\/#article\",\"isPartOf\":{\"@id\":\"https:\\\/\\\/www.meydan.tv\\\/az\\\/article\\\/h%c9%99bsd%c9%99-olan-jurnalist-karsa-salinib\\\/\"},\"author\":{\"name\":\"mahmud\",\"@id\":\"https:\\\/\\\/www.meydan.tv\\\/az\\\/#\\\/schema\\\/person\\\/09863e516102a829e72bedcf3f84c6b0\"},\"headline\":\"H\u0259bsd\u0259 olan jurnalist \u201ckars\u201da sal\u0131n\u0131b\",\"datePublished\":\"2026-05-01T10:24:01+00:00\",\"dateModified\":\"2026-05-01T11:27:26+00:00\",\"mainEntityOfPage\":{\"@id\":\"https:\\\/\\\/www.meydan.tv\\\/az\\\/article\\\/h%c9%99bsd%c9%99-olan-jurnalist-karsa-salinib\\\/\"},\"wordCount\":563,\"publisher\":{\"@id\":\"https:\\\/\\\/www.meydan.tv\\\/az\\\/#organization\"},\"image\":{\"@id\":\"https:\\\/\\\/www.meydan.tv\\\/az\\\/article\\\/h%c9%99bsd%c9%99-olan-jurnalist-karsa-salinib\\\/#primaryimage\"},\"thumbnailUrl\":\"https:\\\/\\\/www.meydan.tv\\\/wp-content\\\/uploads\\\/polad_fph5nnj.png\",\"articleSection\":[\"Siyas\u0259t\",\"T\u00f6vsiy\u0259\",\"X\u0259b\u0259rl\u0259r\"],\"inLanguage\":\"az\"},{\"@type\":\"WebPage\",\"@id\":\"https:\\\/\\\/www.meydan.tv\\\/az\\\/article\\\/h%c9%99bsd%c9%99-olan-jurnalist-karsa-salinib\\\/\",\"url\":\"https:\\\/\\\/www.meydan.tv\\\/az\\\/article\\\/h%c9%99bsd%c9%99-olan-jurnalist-karsa-salinib\\\/\",\"name\":\"H\u0259bsd\u0259 olan jurnalist \u201ckars\u201da sal\u0131n\u0131b - MEYDAN.TV\",\"isPartOf\":{\"@id\":\"https:\\\/\\\/www.meydan.tv\\\/az\\\/#website\"},\"primaryImageOfPage\":{\"@id\":\"https:\\\/\\\/www.meydan.tv\\\/az\\\/article\\\/h%c9%99bsd%c9%99-olan-jurnalist-karsa-salinib\\\/#primaryimage\"},\"image\":{\"@id\":\"https:\\\/\\\/www.meydan.tv\\\/az\\\/article\\\/h%c9%99bsd%c9%99-olan-jurnalist-karsa-salinib\\\/#primaryimage\"},\"thumbnailUrl\":\"https:\\\/\\\/www.meydan.tv\\\/wp-content\\\/uploads\\\/polad_fph5nnj.png\",\"datePublished\":\"2026-05-01T10:24:01+00:00\",\"dateModified\":\"2026-05-01T11:27:26+00:00\",\"breadcrumb\":{\"@id\":\"https:\\\/\\\/www.meydan.tv\\\/az\\\/article\\\/h%c9%99bsd%c9%99-olan-jurnalist-karsa-salinib\\\/#breadcrumb\"},\"inLanguage\":\"az\",\"potentialAction\":[{\"@type\":\"ReadAction\",\"target\":[\"https:\\\/\\\/www.meydan.tv\\\/az\\\/article\\\/h%c9%99bsd%c9%99-olan-jurnalist-karsa-salinib\\\/\"]}]},{\"@type\":\"ImageObject\",\"inLanguage\":\"az\",\"@id\":\"https:\\\/\\\/www.meydan.tv\\\/az\\\/article\\\/h%c9%99bsd%c9%99-olan-jurnalist-karsa-salinib\\\/#primaryimage\",\"url\":\"https:\\\/\\\/www.meydan.tv\\\/wp-content\\\/uploads\\\/polad_fph5nnj.png\",\"contentUrl\":\"https:\\\/\\\/www.meydan.tv\\\/wp-content\\\/uploads\\\/polad_fph5nnj.png\",\"width\":961,\"height\":541,\"caption\":\"Foto: Polad Aslanovun \u015f\u0259xsi arxivind\u0259n\"},{\"@type\":\"BreadcrumbList\",\"@id\":\"https:\\\/\\\/www.meydan.tv\\\/az\\\/article\\\/h%c9%99bsd%c9%99-olan-jurnalist-karsa-salinib\\\/#breadcrumb\",\"itemListElement\":[{\"@type\":\"ListItem\",\"position\":1,\"name\":\"Ana s\u0259hif\u0259\",\"item\":\"https:\\\/\\\/www.meydan.tv\\\/az\\\/\"},{\"@type\":\"ListItem\",\"position\":2,\"name\":\"Siyas\u0259t\",\"item\":\"https:\\\/\\\/www.meydan.tv\\\/az\\\/section\\\/siyaset\\\/\"},{\"@type\":\"ListItem\",\"position\":3,\"name\":\"H\u0259bsd\u0259 olan jurnalist \u201ckars\u201da sal\u0131n\u0131b\"}]},{\"@type\":\"WebSite\",\"@id\":\"https:\\\/\\\/www.meydan.tv\\\/az\\\/#website\",\"url\":\"https:\\\/\\\/www.meydan.tv\\\/az\\\/\",\"name\":\"MEYDAN.TV\",\"description\":\"Meydan TV Az\u0259rbaycan\u0131n media m\u0259kan\u0131ndak\u0131 alternativ s\u0259sidir\",\"publisher\":{\"@id\":\"https:\\\/\\\/www.meydan.tv\\\/az\\\/#organization\"},\"potentialAction\":[{\"@type\":\"SearchAction\",\"target\":{\"@type\":\"EntryPoint\",\"urlTemplate\":\"https:\\\/\\\/www.meydan.tv\\\/az\\\/?s={search_term_string}\"},\"query-input\":{\"@type\":\"PropertyValueSpecification\",\"valueRequired\":true,\"valueName\":\"search_term_string\"}}],\"inLanguage\":\"az\"},{\"@type\":\"Organization\",\"@id\":\"https:\\\/\\\/www.meydan.tv\\\/az\\\/#organization\",\"name\":\"Meydan TV\",\"url\":\"https:\\\/\\\/www.meydan.tv\\\/az\\\/\",\"logo\":{\"@type\":\"ImageObject\",\"inLanguage\":\"az\",\"@id\":\"https:\\\/\\\/www.meydan.tv\\\/az\\\/#\\\/schema\\\/logo\\\/image\\\/\",\"url\":\"https:\\\/\\\/www.meydan.tv\\\/wp-content\\\/uploads\\\/2021\\\/07\\\/meydan-logo.svg\",\"contentUrl\":\"https:\\\/\\\/www.meydan.tv\\\/wp-content\\\/uploads\\\/2021\\\/07\\\/meydan-logo.svg\",\"width\":195,\"height\":46,\"caption\":\"Meydan TV\"},\"image\":{\"@id\":\"https:\\\/\\\/www.meydan.tv\\\/az\\\/#\\\/schema\\\/logo\\\/image\\\/\"}},{\"@type\":\"Person\",\"@id\":\"https:\\\/\\\/www.meydan.tv\\\/az\\\/#\\\/schema\\\/person\\\/09863e516102a829e72bedcf3f84c6b0\",\"name\":\"mahmud\"}]}<\/script>\n<!-- \/ Yoast SEO plugin. -->","yoast_head_json":{"title":"H\u0259bsd\u0259 olan jurnalist \u201ckars\u201da sal\u0131n\u0131b - MEYDAN.TV","robots":{"index":"index","follow":"follow","max-snippet":"max-snippet:-1","max-image-preview":"max-image-preview:large","max-video-preview":"max-video-preview:-1"},"canonical":"https:\/\/www.meydan.tv\/az\/article\/h%c9%99bsd%c9%99-olan-jurnalist-karsa-salinib\/","og_locale":"az_AZ","og_type":"article","og_title":"H\u0259bsd\u0259 olan jurnalist \u201ckars\u201da sal\u0131n\u0131b - MEYDAN.TV","og_description":"Haz\u0131rda 15 sayl\u0131 C\u0259za\u00e7\u0259km\u0259 M\u00fc\u0259ssis\u0259sinda saxlan\u0131lan jurnalist Polad Aslanov \u201ckars\u201da ... Davam\u0131","og_url":"https:\/\/www.meydan.tv\/az\/article\/h%c9%99bsd%c9%99-olan-jurnalist-karsa-salinib\/","og_site_name":"MEYDAN.TV","article_published_time":"2026-05-01T10:24:01+00:00","article_modified_time":"2026-05-01T11:27:26+00:00","og_image":[{"width":961,"height":541,"url":"https:\/\/www.meydan.tv\/wp-content\/uploads\/polad_fph5nnj.png","type":"image\/png"}],"author":"mahmud","twitter_card":"summary_large_image","schema":{"@context":"https:\/\/schema.org","@graph":[{"@type":"Article","@id":"https:\/\/www.meydan.tv\/az\/article\/h%c9%99bsd%c9%99-olan-jurnalist-karsa-salinib\/#article","isPartOf":{"@id":"https:\/\/www.meydan.tv\/az\/article\/h%c9%99bsd%c9%99-olan-jurnalist-karsa-salinib\/"},"author":{"name":"mahmud","@id":"https:\/\/www.meydan.tv\/az\/#\/schema\/person\/09863e516102a829e72bedcf3f84c6b0"},"headline":"H\u0259bsd\u0259 olan jurnalist \u201ckars\u201da sal\u0131n\u0131b","datePublished":"2026-05-01T10:24:01+00:00","dateModified":"2026-05-01T11:27:26+00:00","mainEntityOfPage":{"@id":"https:\/\/www.meydan.tv\/az\/article\/h%c9%99bsd%c9%99-olan-jurnalist-karsa-salinib\/"},"wordCount":563,"publisher":{"@id":"https:\/\/www.meydan.tv\/az\/#organization"},"image":{"@id":"https:\/\/www.meydan.tv\/az\/article\/h%c9%99bsd%c9%99-olan-jurnalist-karsa-salinib\/#primaryimage"},"thumbnailUrl":"https:\/\/www.meydan.tv\/wp-content\/uploads\/polad_fph5nnj.png","articleSection":["Siyas\u0259t","T\u00f6vsiy\u0259","X\u0259b\u0259rl\u0259r"],"inLanguage":"az"},{"@type":"WebPage","@id":"https:\/\/www.meydan.tv\/az\/article\/h%c9%99bsd%c9%99-olan-jurnalist-karsa-salinib\/","url":"https:\/\/www.meydan.tv\/az\/article\/h%c9%99bsd%c9%99-olan-jurnalist-karsa-salinib\/","name":"H\u0259bsd\u0259 olan jurnalist \u201ckars\u201da sal\u0131n\u0131b - MEYDAN.TV","isPartOf":{"@id":"https:\/\/www.meydan.tv\/az\/#website"},"primaryImageOfPage":{"@id":"https:\/\/www.meydan.tv\/az\/article\/h%c9%99bsd%c9%99-olan-jurnalist-karsa-salinib\/#primaryimage"},"image":{"@id":"https:\/\/www.meydan.tv\/az\/article\/h%c9%99bsd%c9%99-olan-jurnalist-karsa-salinib\/#primaryimage"},"thumbnailUrl":"https:\/\/www.meydan.tv\/wp-content\/uploads\/polad_fph5nnj.png","datePublished":"2026-05-01T10:24:01+00:00","dateModified":"2026-05-01T11:27:26+00:00","breadcrumb":{"@id":"https:\/\/www.meydan.tv\/az\/article\/h%c9%99bsd%c9%99-olan-jurnalist-karsa-salinib\/#breadcrumb"},"inLanguage":"az","potentialAction":[{"@type":"ReadAction","target":["https:\/\/www.meydan.tv\/az\/article\/h%c9%99bsd%c9%99-olan-jurnalist-karsa-salinib\/"]}]},{"@type":"ImageObject","inLanguage":"az","@id":"https:\/\/www.meydan.tv\/az\/article\/h%c9%99bsd%c9%99-olan-jurnalist-karsa-salinib\/#primaryimage","url":"https:\/\/www.meydan.tv\/wp-content\/uploads\/polad_fph5nnj.png","contentUrl":"https:\/\/www.meydan.tv\/wp-content\/uploads\/polad_fph5nnj.png","width":961,"height":541,"caption":"Foto: Polad Aslanovun \u015f\u0259xsi arxivind\u0259n"},{"@type":"BreadcrumbList","@id":"https:\/\/www.meydan.tv\/az\/article\/h%c9%99bsd%c9%99-olan-jurnalist-karsa-salinib\/#breadcrumb","itemListElement":[{"@type":"ListItem","position":1,"name":"Ana s\u0259hif\u0259","item":"https:\/\/www.meydan.tv\/az\/"},{"@type":"ListItem","position":2,"name":"Siyas\u0259t","item":"https:\/\/www.meydan.tv\/az\/section\/siyaset\/"},{"@type":"ListItem","position":3,"name":"H\u0259bsd\u0259 olan jurnalist \u201ckars\u201da sal\u0131n\u0131b"}]},{"@type":"WebSite","@id":"https:\/\/www.meydan.tv\/az\/#website","url":"https:\/\/www.meydan.tv\/az\/","name":"MEYDAN.TV","description":"Meydan TV Az\u0259rbaycan\u0131n media m\u0259kan\u0131ndak\u0131 alternativ s\u0259sidir","publisher":{"@id":"https:\/\/www.meydan.tv\/az\/#organization"},"potentialAction":[{"@type":"SearchAction","target":{"@type":"EntryPoint","urlTemplate":"https:\/\/www.meydan.tv\/az\/?s={search_term_string}"},"query-input":{"@type":"PropertyValueSpecification","valueRequired":true,"valueName":"search_term_string"}}],"inLanguage":"az"},{"@type":"Organization","@id":"https:\/\/www.meydan.tv\/az\/#organization","name":"Meydan TV","url":"https:\/\/www.meydan.tv\/az\/","logo":{"@type":"ImageObject","inLanguage":"az","@id":"https:\/\/www.meydan.tv\/az\/#\/schema\/logo\/image\/","url":"https:\/\/www.meydan.tv\/wp-content\/uploads\/2021\/07\/meydan-logo.svg","contentUrl":"https:\/\/www.meydan.tv\/wp-content\/uploads\/2021\/07\/meydan-logo.svg","width":195,"height":46,"caption":"Meydan TV"},"image":{"@id":"https:\/\/www.meydan.tv\/az\/#\/schema\/logo\/image\/"}},{"@type":"Person","@id":"https:\/\/www.meydan.tv\/az\/#\/schema\/person\/09863e516102a829e72bedcf3f84c6b0","name":"mahmud"}]}},"_links":{"self":[{"href":"https:\/\/www.meydan.tv\/az\/wp-json\/wp\/v2\/posts\/344565","targetHints":{"allow":["GET"]}}],"collection":[{"href":"https:\/\/www.meydan.tv\/az\/wp-json\/wp\/v2\/posts"}],"about":[{"href":"https:\/\/www.meydan.tv\/az\/wp-json\/wp\/v2\/types\/post"}],"author":[{"embeddable":true,"href":"https:\/\/www.meydan.tv\/az\/wp-json\/wp\/v2\/users\/21"}],"replies":[{"embeddable":true,"href":"https:\/\/www.meydan.tv\/az\/wp-json\/wp\/v2\/comments?post=344565"}],"version-history":[{"count":3,"href":"https:\/\/www.meydan.tv\/az\/wp-json\/wp\/v2\/posts\/344565\/revisions"}],"predecessor-version":[{"id":344568,"href":"https:\/\/www.meydan.tv\/az\/wp-json\/wp\/v2\/posts\/344565\/revisions\/344568"}],"wp:featuredmedia":[{"embeddable":true,"href":"https:\/\/www.meydan.tv\/az\/wp-json\/wp\/v2\/media\/156687"}],"wp:attachment":[{"href":"https:\/\/www.meydan.tv\/az\/wp-json\/wp\/v2\/media?parent=344565"}],"wp:term":[{"taxonomy":"category","embeddable":true,"href":"https:\/\/www.meydan.tv\/az\/wp-json\/wp\/v2\/categories?post=344565"},{"taxonomy":"post_tag","embeddable":true,"href":"https:\/\/www.meydan.tv\/az\/wp-json\/wp\/v2\/tags?post=344565"}],"curies":[{"name":"wp","href":"https:\/\/api.w.org\/{rel}","templated":true}]}}