{"id":344557,"date":"2026-05-01T13:02:50","date_gmt":"2026-05-01T09:02:50","guid":{"rendered":"https:\/\/www.meydan.tv\/?p=344557"},"modified":"2026-05-01T13:09:26","modified_gmt":"2026-05-01T09:09:26","slug":"milli-m%c9%99clis-avropa-parlamenti-il%c9%99-%c9%99m%c9%99kdasligi-dayandirdi-ai-s%c9%99firi-xin-%c9%99-cagirildi","status":"publish","type":"post","link":"https:\/\/www.meydan.tv\/az\/article\/milli-m%c9%99clis-avropa-parlamenti-il%c9%99-%c9%99m%c9%99kdasligi-dayandirdi-ai-s%c9%99firi-xin-%c9%99-cagirildi\/","title":{"rendered":"Milli M\u0259clis Avropa Parlamenti il\u0259 \u0259m\u0259kda\u015fl\u0131\u011f\u0131 dayand\u0131rd\u0131, A\u0130 s\u0259firi X\u0130N-\u0259 \u00e7a\u011f\u0131r\u0131ld\u0131"},"content":{"rendered":"\n<p>Bu g\u00fcn Milli M\u0259clis Avropa Parlamenti il\u0259 b\u00fct\u00fcn istiqam\u0259tl\u0259r \u00fczr\u0259 \u0259m\u0259kda\u015fl\u0131\u011f\u0131n dayand\u0131r\u0131lmas\u0131 bar\u0259d\u0259 q\u0259rar q\u0259bul edib.<\/p>\n\n\n\n<p>Q\u0259rara <a href=\"https:\/\/apa.az\/xarici-siyaset\/milli-meclis-avropa-parlamenti-ile-elaqeleri-dayandirib-avronestde-uzvluye-xitam-verilmesi-proseduruna-baslanacaq-yenilenib-3-960481\" target=\"_blank\" rel=\"noreferrer noopener nofollow\">\u0259sas\u0259n<\/a>, Az\u0259rbaycan parlamentinin Avropa \u0130ttifaq\u0131\u2013Az\u0259rbaycan Parlament \u018fm\u0259kda\u015fl\u0131\u011f\u0131 Komit\u0259sind\u0259 i\u015ftirak\u0131 dayand\u0131r\u0131l\u0131r. H\u0259m\u00e7inin Milli M\u0259clisin Avronest Parlament Assambleyas\u0131ndak\u0131 \u00fczvl\u00fcy\u00fcn\u0259 xitam verilm\u0259si proseduruna ba\u015flan\u0131l\u0131b. Prosedur ba\u015fa \u00e7atana q\u0259d\u0259r Az\u0259rbaycan n\u00fcmay\u0259nd\u0259 hey\u0259ti Avronest-in t\u0259dbirl\u0259rind\u0259 i\u015ftirak etm\u0259y\u0259c\u0259k.<\/p>\n\n\n\n<p>Q\u0259rar parlamentin bu g\u00fcn ke\u00e7iril\u0259n plenar iclas\u0131nda q\u0259bul olunub. M\u00fczakir\u0259l\u0259r zaman\u0131 spiker Sahib\u0259 Qafarova bildirib ki, Avropa Parlamentinin Az\u0259rbaycana m\u00fcnasib\u0259td\u0259 \u201cq\u0259r\u0259zli\u201d m\u00f6vqeyi \u0259m\u0259kda\u015fl\u0131\u011f\u0131n davam etdirilm\u0259sini \u00e7\u0259tinl\u0259\u015fdirib.<\/p>\n\n\n\n<p>Bu g\u00fcn, h\u0259m\u00e7inin, Avropa \u0130ttifaq\u0131n\u0131n Az\u0259rbaycandak\u0131 s\u0259firi Mariyana Kuyunci\u00e7 Xarici \u0130\u015fl\u0259r Nazirliyin\u0259 \u00e7a\u011f\u0131r\u0131l\u0131b.<\/p>\n\n\n\n<p>X\u0130N-in yayd\u0131\u011f\u0131 <a href=\"https:\/\/mfa.gov.az\/az\/news\/no19426\" target=\"_blank\" rel=\"noreferrer noopener nofollow\">m\u0259lumata<\/a> g\u00f6r\u0259, g\u00f6r\u00fc\u015f zaman\u0131 aprelin 30-da Avropa Parlamentind\u0259 q\u0259bul edilmi\u015f q\u0259tnam\u0259y\u0259 etiraz bildirilib v\u0259 A\u0130 t\u0259r\u0259fin\u0259 r\u0259smi nota t\u0259qdim olunub.<\/p>\n\n\n\n<p>Nazirlik bildirib ki, q\u0259tnam\u0259d\u0259 Qaraba\u011f b\u00f6lg\u0259sin\u0259 erm\u0259ni sakinl\u0259rin geri qay\u0131d\u0131\u015f\u0131 il\u0259 ba\u011fl\u0131 yer alan m\u00fcdd\u0259alar \u0259sass\u0131z hesab olunur v\u0259 Az\u0259rbaycan\u0131n daxili i\u015fl\u0259rin\u0259 m\u00fcdaxil\u0259 kimi qiym\u0259tl\u0259ndirilir.<\/p>\n\n\n\n<p>X\u0130N h\u0259m\u00e7inin qeyd edib ki, 2023-c\u00fc ild\u0259 t\u0259qdim olunan reinteqrasiya plan\u0131na baxmayaraq, Qaraba\u011fda ya\u015fayan erm\u0259ni sakinl\u0259r b\u00f6lg\u0259ni \u00f6z ist\u0259kl\u0259ri il\u0259 t\u0259rk edibl\u0259r.<\/p>\n\n\n\n<p>Bundan ba\u015fqa, Avropa Parlamentinin \u201cm\u00fcharib\u0259 \u0259sirl\u0259ri\u201d il\u0259 ba\u011fl\u0131 \u00e7a\u011f\u0131r\u0131\u015flar\u0131 da Bak\u0131 t\u0259r\u0259find\u0259n q\u0259bul edilm\u0259yib. Nazirlik h\u0259min \u015f\u0259xsl\u0259rin a\u011f\u0131r cinay\u0259tl\u0259rd\u0259 ittiham olundu\u011funu bildirib.<\/p>\n\n\n\n<p>Avropa \u0130ttifaq\u0131n\u0131n Az\u0259rbaycandak\u0131 n\u00fcmay\u0259nd\u0259liyi is\u0259 h\u0259l\u0259lik m\u0259s\u0259l\u0259 il\u0259 ba\u011fl\u0131 a\u00e7\u0131qlama verm\u0259yib.<\/p>\n\n\n\n<p>Avropa Parlamenti aprelin 30-da Az\u0259rbaycanla ba\u011fl\u0131 <a href=\"https:\/\/www.europarl.europa.eu\/doceo\/document\/RC-10-2026-0195_EN.html\" target=\"_blank\" rel=\"noreferrer noopener nofollow\">q\u0259tnam\u0259<\/a> q\u0259bul etmi\u015fdi. S\u0259n\u0259dd\u0259 Az\u0259rbaycanda h\u0259bsd\u0259 saxlan\u0131lan erm\u0259nil\u0259rin azadl\u0131\u011f\u0131 v\u0259 Qaraba\u011f erm\u0259nil\u0259rinin h\u00fcquqlar\u0131 il\u0259 ba\u011fl\u0131 \u00e7a\u011f\u0131r\u0131\u015flar yer alm\u0131\u015fd\u0131.<\/p>\n\n\n\n<p>Az\u0259rbaycan v\u0259 Erm\u0259nistan aras\u0131nda son ill\u0259r s\u00fclh dan\u0131\u015f\u0131qlar\u0131 davam edir. \u00d6t\u0259n ilin avqustunda t\u0259r\u0259fl\u0259rin xarici i\u015fl\u0259r nazirl\u0259ri Va\u015finqtonda s\u00fclh sazi\u015fini paraflay\u0131blar. S\u0259n\u0259dd\u0259 qar\u015f\u0131l\u0131ql\u0131 olaraq \u0259razi b\u00fct\u00f6vl\u00fcy\u00fc v\u0259 suverenliyin tan\u0131nmas\u0131 \u0259sas prinsipl\u0259rd\u0259n biri kimi qeyd olunur.<\/p>\n","protected":false},"excerpt":{"rendered":"<p>Bu g\u00fcn Milli M\u0259clis Avropa Parlamenti il\u0259 b\u00fct\u00fcn istiqam\u0259tl\u0259r \u00fczr\u0259 &#8230; <\/p>\n<p class=\"read-more-container\"><a title=\"Milli M\u0259clis Avropa Parlamenti il\u0259 \u0259m\u0259kda\u015fl\u0131\u011f\u0131 dayand\u0131rd\u0131, A\u0130 s\u0259firi X\u0130N-\u0259 \u00e7a\u011f\u0131r\u0131ld\u0131\" class=\"read-more button\" href=\"https:\/\/www.meydan.tv\/az\/article\/milli-m%c9%99clis-avropa-parlamenti-il%c9%99-%c9%99m%c9%99kdasligi-dayandirdi-ai-s%c9%99firi-xin-%c9%99-cagirildi\/#more-344557\" aria-label=\"Read more about Milli M\u0259clis Avropa Parlamenti il\u0259 \u0259m\u0259kda\u015fl\u0131\u011f\u0131 dayand\u0131rd\u0131, A\u0130 s\u0259firi X\u0130N-\u0259 \u00e7a\u011f\u0131r\u0131ld\u0131\">Davam\u0131<\/a><\/p>\n","protected":false},"author":21,"featured_media":235646,"comment_status":"closed","ping_status":"closed","sticky":false,"template":"","format":"standard","meta":{"_acf_changed":false,"_sitemap_exclude":false,"_sitemap_priority":"","_sitemap_frequency":"","footnotes":""},"categories":[59,79,56],"tags":[],"class_list":["post-344557","post","type-post","status-publish","format-standard","has-post-thumbnail","hentry","category-siyaset","category-featured","category-xeberler","infinite-scroll-item","generate-columns","tablet-grid-50","mobile-grid-100","grid-parent","grid-33","no-featured-image-padding"],"acf":[],"yoast_head":"<!-- This site is optimized with the Yoast SEO plugin v27.5 - https:\/\/yoast.com\/product\/yoast-seo-wordpress\/ -->\n<title>Milli M\u0259clis Avropa Parlamenti il\u0259 \u0259m\u0259kda\u015fl\u0131\u011f\u0131 dayand\u0131rd\u0131, A\u0130 s\u0259firi X\u0130N-\u0259 \u00e7a\u011f\u0131r\u0131ld\u0131 - MEYDAN.TV<\/title>\n<meta name=\"robots\" content=\"index, follow, max-snippet:-1, max-image-preview:large, max-video-preview:-1\" \/>\n<link rel=\"canonical\" href=\"https:\/\/www.meydan.tv\/az\/article\/milli-m%c9%99clis-avropa-parlamenti-il%c9%99-%c9%99m%c9%99kdasligi-dayandirdi-ai-s%c9%99firi-xin-%c9%99-cagirildi\/\" \/>\n<meta property=\"og:locale\" content=\"az_AZ\" \/>\n<meta property=\"og:type\" content=\"article\" \/>\n<meta property=\"og:title\" content=\"Milli M\u0259clis Avropa Parlamenti il\u0259 \u0259m\u0259kda\u015fl\u0131\u011f\u0131 dayand\u0131rd\u0131, A\u0130 s\u0259firi X\u0130N-\u0259 \u00e7a\u011f\u0131r\u0131ld\u0131 - MEYDAN.TV\" \/>\n<meta property=\"og:description\" content=\"Bu g\u00fcn Milli M\u0259clis Avropa Parlamenti il\u0259 b\u00fct\u00fcn istiqam\u0259tl\u0259r \u00fczr\u0259 ... Davam\u0131\" \/>\n<meta property=\"og:url\" content=\"https:\/\/www.meydan.tv\/az\/article\/milli-m%c9%99clis-avropa-parlamenti-il%c9%99-%c9%99m%c9%99kdasligi-dayandirdi-ai-s%c9%99firi-xin-%c9%99-cagirildi\/\" \/>\n<meta property=\"og:site_name\" content=\"MEYDAN.TV\" \/>\n<meta property=\"article:published_time\" content=\"2026-05-01T09:02:50+00:00\" \/>\n<meta property=\"article:modified_time\" content=\"2026-05-01T09:09:26+00:00\" \/>\n<meta property=\"og:image\" content=\"https:\/\/www.meydan.tv\/wp-content\/uploads\/shutterstock_1261992364.jpg\" \/>\n\t<meta property=\"og:image:width\" content=\"1200\" \/>\n\t<meta property=\"og:image:height\" content=\"648\" \/>\n\t<meta property=\"og:image:type\" content=\"image\/jpeg\" \/>\n<meta name=\"author\" content=\"mahmud\" \/>\n<meta name=\"twitter:card\" content=\"summary_large_image\" \/>\n<script type=\"application\/ld+json\" class=\"yoast-schema-graph\">{\"@context\":\"https:\\\/\\\/schema.org\",\"@graph\":[{\"@type\":\"Article\",\"@id\":\"https:\\\/\\\/www.meydan.tv\\\/az\\\/article\\\/milli-m%c9%99clis-avropa-parlamenti-il%c9%99-%c9%99m%c9%99kdasligi-dayandirdi-ai-s%c9%99firi-xin-%c9%99-cagirildi\\\/#article\",\"isPartOf\":{\"@id\":\"https:\\\/\\\/www.meydan.tv\\\/az\\\/article\\\/milli-m%c9%99clis-avropa-parlamenti-il%c9%99-%c9%99m%c9%99kdasligi-dayandirdi-ai-s%c9%99firi-xin-%c9%99-cagirildi\\\/\"},\"author\":{\"name\":\"mahmud\",\"@id\":\"https:\\\/\\\/www.meydan.tv\\\/az\\\/#\\\/schema\\\/person\\\/09863e516102a829e72bedcf3f84c6b0\"},\"headline\":\"Milli M\u0259clis Avropa Parlamenti il\u0259 \u0259m\u0259kda\u015fl\u0131\u011f\u0131 dayand\u0131rd\u0131, A\u0130 s\u0259firi X\u0130N-\u0259 \u00e7a\u011f\u0131r\u0131ld\u0131\",\"datePublished\":\"2026-05-01T09:02:50+00:00\",\"dateModified\":\"2026-05-01T09:09:26+00:00\",\"mainEntityOfPage\":{\"@id\":\"https:\\\/\\\/www.meydan.tv\\\/az\\\/article\\\/milli-m%c9%99clis-avropa-parlamenti-il%c9%99-%c9%99m%c9%99kdasligi-dayandirdi-ai-s%c9%99firi-xin-%c9%99-cagirildi\\\/\"},\"wordCount\":468,\"publisher\":{\"@id\":\"https:\\\/\\\/www.meydan.tv\\\/az\\\/#organization\"},\"image\":{\"@id\":\"https:\\\/\\\/www.meydan.tv\\\/az\\\/article\\\/milli-m%c9%99clis-avropa-parlamenti-il%c9%99-%c9%99m%c9%99kdasligi-dayandirdi-ai-s%c9%99firi-xin-%c9%99-cagirildi\\\/#primaryimage\"},\"thumbnailUrl\":\"https:\\\/\\\/www.meydan.tv\\\/wp-content\\\/uploads\\\/shutterstock_1261992364.jpg\",\"articleSection\":[\"Siyas\u0259t\",\"T\u00f6vsiy\u0259\",\"X\u0259b\u0259rl\u0259r\"],\"inLanguage\":\"az\"},{\"@type\":\"WebPage\",\"@id\":\"https:\\\/\\\/www.meydan.tv\\\/az\\\/article\\\/milli-m%c9%99clis-avropa-parlamenti-il%c9%99-%c9%99m%c9%99kdasligi-dayandirdi-ai-s%c9%99firi-xin-%c9%99-cagirildi\\\/\",\"url\":\"https:\\\/\\\/www.meydan.tv\\\/az\\\/article\\\/milli-m%c9%99clis-avropa-parlamenti-il%c9%99-%c9%99m%c9%99kdasligi-dayandirdi-ai-s%c9%99firi-xin-%c9%99-cagirildi\\\/\",\"name\":\"Milli M\u0259clis Avropa Parlamenti il\u0259 \u0259m\u0259kda\u015fl\u0131\u011f\u0131 dayand\u0131rd\u0131, A\u0130 s\u0259firi X\u0130N-\u0259 \u00e7a\u011f\u0131r\u0131ld\u0131 - MEYDAN.TV\",\"isPartOf\":{\"@id\":\"https:\\\/\\\/www.meydan.tv\\\/az\\\/#website\"},\"primaryImageOfPage\":{\"@id\":\"https:\\\/\\\/www.meydan.tv\\\/az\\\/article\\\/milli-m%c9%99clis-avropa-parlamenti-il%c9%99-%c9%99m%c9%99kdasligi-dayandirdi-ai-s%c9%99firi-xin-%c9%99-cagirildi\\\/#primaryimage\"},\"image\":{\"@id\":\"https:\\\/\\\/www.meydan.tv\\\/az\\\/article\\\/milli-m%c9%99clis-avropa-parlamenti-il%c9%99-%c9%99m%c9%99kdasligi-dayandirdi-ai-s%c9%99firi-xin-%c9%99-cagirildi\\\/#primaryimage\"},\"thumbnailUrl\":\"https:\\\/\\\/www.meydan.tv\\\/wp-content\\\/uploads\\\/shutterstock_1261992364.jpg\",\"datePublished\":\"2026-05-01T09:02:50+00:00\",\"dateModified\":\"2026-05-01T09:09:26+00:00\",\"breadcrumb\":{\"@id\":\"https:\\\/\\\/www.meydan.tv\\\/az\\\/article\\\/milli-m%c9%99clis-avropa-parlamenti-il%c9%99-%c9%99m%c9%99kdasligi-dayandirdi-ai-s%c9%99firi-xin-%c9%99-cagirildi\\\/#breadcrumb\"},\"inLanguage\":\"az\",\"potentialAction\":[{\"@type\":\"ReadAction\",\"target\":[\"https:\\\/\\\/www.meydan.tv\\\/az\\\/article\\\/milli-m%c9%99clis-avropa-parlamenti-il%c9%99-%c9%99m%c9%99kdasligi-dayandirdi-ai-s%c9%99firi-xin-%c9%99-cagirildi\\\/\"]}]},{\"@type\":\"ImageObject\",\"inLanguage\":\"az\",\"@id\":\"https:\\\/\\\/www.meydan.tv\\\/az\\\/article\\\/milli-m%c9%99clis-avropa-parlamenti-il%c9%99-%c9%99m%c9%99kdasligi-dayandirdi-ai-s%c9%99firi-xin-%c9%99-cagirildi\\\/#primaryimage\",\"url\":\"https:\\\/\\\/www.meydan.tv\\\/wp-content\\\/uploads\\\/shutterstock_1261992364.jpg\",\"contentUrl\":\"https:\\\/\\\/www.meydan.tv\\\/wp-content\\\/uploads\\\/shutterstock_1261992364.jpg\",\"width\":1200,\"height\":648,\"caption\":\"Avropa Parlamenti. Pierre-Olivier\\\/shutterstock\"},{\"@type\":\"BreadcrumbList\",\"@id\":\"https:\\\/\\\/www.meydan.tv\\\/az\\\/article\\\/milli-m%c9%99clis-avropa-parlamenti-il%c9%99-%c9%99m%c9%99kdasligi-dayandirdi-ai-s%c9%99firi-xin-%c9%99-cagirildi\\\/#breadcrumb\",\"itemListElement\":[{\"@type\":\"ListItem\",\"position\":1,\"name\":\"Ana s\u0259hif\u0259\",\"item\":\"https:\\\/\\\/www.meydan.tv\\\/az\\\/\"},{\"@type\":\"ListItem\",\"position\":2,\"name\":\"X\u0259b\u0259rl\u0259r\",\"item\":\"https:\\\/\\\/www.meydan.tv\\\/az\\\/section\\\/xeberler\\\/\"},{\"@type\":\"ListItem\",\"position\":3,\"name\":\"Milli M\u0259clis Avropa Parlamenti il\u0259 \u0259m\u0259kda\u015fl\u0131\u011f\u0131 dayand\u0131rd\u0131, A\u0130 s\u0259firi X\u0130N-\u0259 \u00e7a\u011f\u0131r\u0131ld\u0131\"}]},{\"@type\":\"WebSite\",\"@id\":\"https:\\\/\\\/www.meydan.tv\\\/az\\\/#website\",\"url\":\"https:\\\/\\\/www.meydan.tv\\\/az\\\/\",\"name\":\"MEYDAN.TV\",\"description\":\"Meydan TV Az\u0259rbaycan\u0131n media m\u0259kan\u0131ndak\u0131 alternativ s\u0259sidir\",\"publisher\":{\"@id\":\"https:\\\/\\\/www.meydan.tv\\\/az\\\/#organization\"},\"potentialAction\":[{\"@type\":\"SearchAction\",\"target\":{\"@type\":\"EntryPoint\",\"urlTemplate\":\"https:\\\/\\\/www.meydan.tv\\\/az\\\/?s={search_term_string}\"},\"query-input\":{\"@type\":\"PropertyValueSpecification\",\"valueRequired\":true,\"valueName\":\"search_term_string\"}}],\"inLanguage\":\"az\"},{\"@type\":\"Organization\",\"@id\":\"https:\\\/\\\/www.meydan.tv\\\/az\\\/#organization\",\"name\":\"Meydan TV\",\"url\":\"https:\\\/\\\/www.meydan.tv\\\/az\\\/\",\"logo\":{\"@type\":\"ImageObject\",\"inLanguage\":\"az\",\"@id\":\"https:\\\/\\\/www.meydan.tv\\\/az\\\/#\\\/schema\\\/logo\\\/image\\\/\",\"url\":\"https:\\\/\\\/www.meydan.tv\\\/wp-content\\\/uploads\\\/2021\\\/07\\\/meydan-logo.svg\",\"contentUrl\":\"https:\\\/\\\/www.meydan.tv\\\/wp-content\\\/uploads\\\/2021\\\/07\\\/meydan-logo.svg\",\"width\":195,\"height\":46,\"caption\":\"Meydan TV\"},\"image\":{\"@id\":\"https:\\\/\\\/www.meydan.tv\\\/az\\\/#\\\/schema\\\/logo\\\/image\\\/\"}},{\"@type\":\"Person\",\"@id\":\"https:\\\/\\\/www.meydan.tv\\\/az\\\/#\\\/schema\\\/person\\\/09863e516102a829e72bedcf3f84c6b0\",\"name\":\"mahmud\"}]}<\/script>\n<!-- \/ Yoast SEO plugin. -->","yoast_head_json":{"title":"Milli M\u0259clis Avropa Parlamenti il\u0259 \u0259m\u0259kda\u015fl\u0131\u011f\u0131 dayand\u0131rd\u0131, A\u0130 s\u0259firi X\u0130N-\u0259 \u00e7a\u011f\u0131r\u0131ld\u0131 - MEYDAN.TV","robots":{"index":"index","follow":"follow","max-snippet":"max-snippet:-1","max-image-preview":"max-image-preview:large","max-video-preview":"max-video-preview:-1"},"canonical":"https:\/\/www.meydan.tv\/az\/article\/milli-m%c9%99clis-avropa-parlamenti-il%c9%99-%c9%99m%c9%99kdasligi-dayandirdi-ai-s%c9%99firi-xin-%c9%99-cagirildi\/","og_locale":"az_AZ","og_type":"article","og_title":"Milli M\u0259clis Avropa Parlamenti il\u0259 \u0259m\u0259kda\u015fl\u0131\u011f\u0131 dayand\u0131rd\u0131, A\u0130 s\u0259firi X\u0130N-\u0259 \u00e7a\u011f\u0131r\u0131ld\u0131 - MEYDAN.TV","og_description":"Bu g\u00fcn Milli M\u0259clis Avropa Parlamenti il\u0259 b\u00fct\u00fcn istiqam\u0259tl\u0259r \u00fczr\u0259 ... Davam\u0131","og_url":"https:\/\/www.meydan.tv\/az\/article\/milli-m%c9%99clis-avropa-parlamenti-il%c9%99-%c9%99m%c9%99kdasligi-dayandirdi-ai-s%c9%99firi-xin-%c9%99-cagirildi\/","og_site_name":"MEYDAN.TV","article_published_time":"2026-05-01T09:02:50+00:00","article_modified_time":"2026-05-01T09:09:26+00:00","og_image":[{"width":1200,"height":648,"url":"https:\/\/www.meydan.tv\/wp-content\/uploads\/shutterstock_1261992364.jpg","type":"image\/jpeg"}],"author":"mahmud","twitter_card":"summary_large_image","schema":{"@context":"https:\/\/schema.org","@graph":[{"@type":"Article","@id":"https:\/\/www.meydan.tv\/az\/article\/milli-m%c9%99clis-avropa-parlamenti-il%c9%99-%c9%99m%c9%99kdasligi-dayandirdi-ai-s%c9%99firi-xin-%c9%99-cagirildi\/#article","isPartOf":{"@id":"https:\/\/www.meydan.tv\/az\/article\/milli-m%c9%99clis-avropa-parlamenti-il%c9%99-%c9%99m%c9%99kdasligi-dayandirdi-ai-s%c9%99firi-xin-%c9%99-cagirildi\/"},"author":{"name":"mahmud","@id":"https:\/\/www.meydan.tv\/az\/#\/schema\/person\/09863e516102a829e72bedcf3f84c6b0"},"headline":"Milli M\u0259clis Avropa Parlamenti il\u0259 \u0259m\u0259kda\u015fl\u0131\u011f\u0131 dayand\u0131rd\u0131, A\u0130 s\u0259firi X\u0130N-\u0259 \u00e7a\u011f\u0131r\u0131ld\u0131","datePublished":"2026-05-01T09:02:50+00:00","dateModified":"2026-05-01T09:09:26+00:00","mainEntityOfPage":{"@id":"https:\/\/www.meydan.tv\/az\/article\/milli-m%c9%99clis-avropa-parlamenti-il%c9%99-%c9%99m%c9%99kdasligi-dayandirdi-ai-s%c9%99firi-xin-%c9%99-cagirildi\/"},"wordCount":468,"publisher":{"@id":"https:\/\/www.meydan.tv\/az\/#organization"},"image":{"@id":"https:\/\/www.meydan.tv\/az\/article\/milli-m%c9%99clis-avropa-parlamenti-il%c9%99-%c9%99m%c9%99kdasligi-dayandirdi-ai-s%c9%99firi-xin-%c9%99-cagirildi\/#primaryimage"},"thumbnailUrl":"https:\/\/www.meydan.tv\/wp-content\/uploads\/shutterstock_1261992364.jpg","articleSection":["Siyas\u0259t","T\u00f6vsiy\u0259","X\u0259b\u0259rl\u0259r"],"inLanguage":"az"},{"@type":"WebPage","@id":"https:\/\/www.meydan.tv\/az\/article\/milli-m%c9%99clis-avropa-parlamenti-il%c9%99-%c9%99m%c9%99kdasligi-dayandirdi-ai-s%c9%99firi-xin-%c9%99-cagirildi\/","url":"https:\/\/www.meydan.tv\/az\/article\/milli-m%c9%99clis-avropa-parlamenti-il%c9%99-%c9%99m%c9%99kdasligi-dayandirdi-ai-s%c9%99firi-xin-%c9%99-cagirildi\/","name":"Milli M\u0259clis Avropa Parlamenti il\u0259 \u0259m\u0259kda\u015fl\u0131\u011f\u0131 dayand\u0131rd\u0131, A\u0130 s\u0259firi X\u0130N-\u0259 \u00e7a\u011f\u0131r\u0131ld\u0131 - MEYDAN.TV","isPartOf":{"@id":"https:\/\/www.meydan.tv\/az\/#website"},"primaryImageOfPage":{"@id":"https:\/\/www.meydan.tv\/az\/article\/milli-m%c9%99clis-avropa-parlamenti-il%c9%99-%c9%99m%c9%99kdasligi-dayandirdi-ai-s%c9%99firi-xin-%c9%99-cagirildi\/#primaryimage"},"image":{"@id":"https:\/\/www.meydan.tv\/az\/article\/milli-m%c9%99clis-avropa-parlamenti-il%c9%99-%c9%99m%c9%99kdasligi-dayandirdi-ai-s%c9%99firi-xin-%c9%99-cagirildi\/#primaryimage"},"thumbnailUrl":"https:\/\/www.meydan.tv\/wp-content\/uploads\/shutterstock_1261992364.jpg","datePublished":"2026-05-01T09:02:50+00:00","dateModified":"2026-05-01T09:09:26+00:00","breadcrumb":{"@id":"https:\/\/www.meydan.tv\/az\/article\/milli-m%c9%99clis-avropa-parlamenti-il%c9%99-%c9%99m%c9%99kdasligi-dayandirdi-ai-s%c9%99firi-xin-%c9%99-cagirildi\/#breadcrumb"},"inLanguage":"az","potentialAction":[{"@type":"ReadAction","target":["https:\/\/www.meydan.tv\/az\/article\/milli-m%c9%99clis-avropa-parlamenti-il%c9%99-%c9%99m%c9%99kdasligi-dayandirdi-ai-s%c9%99firi-xin-%c9%99-cagirildi\/"]}]},{"@type":"ImageObject","inLanguage":"az","@id":"https:\/\/www.meydan.tv\/az\/article\/milli-m%c9%99clis-avropa-parlamenti-il%c9%99-%c9%99m%c9%99kdasligi-dayandirdi-ai-s%c9%99firi-xin-%c9%99-cagirildi\/#primaryimage","url":"https:\/\/www.meydan.tv\/wp-content\/uploads\/shutterstock_1261992364.jpg","contentUrl":"https:\/\/www.meydan.tv\/wp-content\/uploads\/shutterstock_1261992364.jpg","width":1200,"height":648,"caption":"Avropa Parlamenti. Pierre-Olivier\/shutterstock"},{"@type":"BreadcrumbList","@id":"https:\/\/www.meydan.tv\/az\/article\/milli-m%c9%99clis-avropa-parlamenti-il%c9%99-%c9%99m%c9%99kdasligi-dayandirdi-ai-s%c9%99firi-xin-%c9%99-cagirildi\/#breadcrumb","itemListElement":[{"@type":"ListItem","position":1,"name":"Ana s\u0259hif\u0259","item":"https:\/\/www.meydan.tv\/az\/"},{"@type":"ListItem","position":2,"name":"X\u0259b\u0259rl\u0259r","item":"https:\/\/www.meydan.tv\/az\/section\/xeberler\/"},{"@type":"ListItem","position":3,"name":"Milli M\u0259clis Avropa Parlamenti il\u0259 \u0259m\u0259kda\u015fl\u0131\u011f\u0131 dayand\u0131rd\u0131, A\u0130 s\u0259firi X\u0130N-\u0259 \u00e7a\u011f\u0131r\u0131ld\u0131"}]},{"@type":"WebSite","@id":"https:\/\/www.meydan.tv\/az\/#website","url":"https:\/\/www.meydan.tv\/az\/","name":"MEYDAN.TV","description":"Meydan TV Az\u0259rbaycan\u0131n media m\u0259kan\u0131ndak\u0131 alternativ s\u0259sidir","publisher":{"@id":"https:\/\/www.meydan.tv\/az\/#organization"},"potentialAction":[{"@type":"SearchAction","target":{"@type":"EntryPoint","urlTemplate":"https:\/\/www.meydan.tv\/az\/?s={search_term_string}"},"query-input":{"@type":"PropertyValueSpecification","valueRequired":true,"valueName":"search_term_string"}}],"inLanguage":"az"},{"@type":"Organization","@id":"https:\/\/www.meydan.tv\/az\/#organization","name":"Meydan TV","url":"https:\/\/www.meydan.tv\/az\/","logo":{"@type":"ImageObject","inLanguage":"az","@id":"https:\/\/www.meydan.tv\/az\/#\/schema\/logo\/image\/","url":"https:\/\/www.meydan.tv\/wp-content\/uploads\/2021\/07\/meydan-logo.svg","contentUrl":"https:\/\/www.meydan.tv\/wp-content\/uploads\/2021\/07\/meydan-logo.svg","width":195,"height":46,"caption":"Meydan TV"},"image":{"@id":"https:\/\/www.meydan.tv\/az\/#\/schema\/logo\/image\/"}},{"@type":"Person","@id":"https:\/\/www.meydan.tv\/az\/#\/schema\/person\/09863e516102a829e72bedcf3f84c6b0","name":"mahmud"}]}},"_links":{"self":[{"href":"https:\/\/www.meydan.tv\/az\/wp-json\/wp\/v2\/posts\/344557","targetHints":{"allow":["GET"]}}],"collection":[{"href":"https:\/\/www.meydan.tv\/az\/wp-json\/wp\/v2\/posts"}],"about":[{"href":"https:\/\/www.meydan.tv\/az\/wp-json\/wp\/v2\/types\/post"}],"author":[{"embeddable":true,"href":"https:\/\/www.meydan.tv\/az\/wp-json\/wp\/v2\/users\/21"}],"replies":[{"embeddable":true,"href":"https:\/\/www.meydan.tv\/az\/wp-json\/wp\/v2\/comments?post=344557"}],"version-history":[{"count":3,"href":"https:\/\/www.meydan.tv\/az\/wp-json\/wp\/v2\/posts\/344557\/revisions"}],"predecessor-version":[{"id":344560,"href":"https:\/\/www.meydan.tv\/az\/wp-json\/wp\/v2\/posts\/344557\/revisions\/344560"}],"wp:featuredmedia":[{"embeddable":true,"href":"https:\/\/www.meydan.tv\/az\/wp-json\/wp\/v2\/media\/235646"}],"wp:attachment":[{"href":"https:\/\/www.meydan.tv\/az\/wp-json\/wp\/v2\/media?parent=344557"}],"wp:term":[{"taxonomy":"category","embeddable":true,"href":"https:\/\/www.meydan.tv\/az\/wp-json\/wp\/v2\/categories?post=344557"},{"taxonomy":"post_tag","embeddable":true,"href":"https:\/\/www.meydan.tv\/az\/wp-json\/wp\/v2\/tags?post=344557"}],"curies":[{"name":"wp","href":"https:\/\/api.w.org\/{rel}","templated":true}]}}