{"id":344555,"date":"2026-04-30T21:03:48","date_gmt":"2026-04-30T17:03:48","guid":{"rendered":"https:\/\/www.meydan.tv\/?p=344555"},"modified":"2026-04-30T21:03:51","modified_gmt":"2026-04-30T17:03:51","slug":"akif-qurbanov-hakimiyy%c9%99ti-t%c9%99nqid-etm%c9%99y%c9%99-davam-ed%c9%99c%c9%99y%c9%99m","status":"publish","type":"post","link":"https:\/\/www.meydan.tv\/az\/article\/akif-qurbanov-hakimiyy%c9%99ti-t%c9%99nqid-etm%c9%99y%c9%99-davam-ed%c9%99c%c9%99y%c9%99m\/","title":{"rendered":"Akif Qurbanov: \u201cHakimiyy\u0259ti t\u0259nqid etm\u0259y\u0259 davam ed\u0259c\u0259y\u0259m\u201d"},"content":{"rendered":"\n<p>\u201cToplum TV i\u015fi\u201d \u00fczr\u0259 h\u0259bsd\u0259 olan Demokratik T\u0259\u015f\u0259bb\u00fcsl\u0259r \u0130nstitutunun r\u0259hb\u0259ri v\u0259 III Respublika Platformas\u0131n\u0131n spikeri Akif Qurbanov saxlan\u0131ld\u0131\u011f\u0131 Bak\u0131 \u0130stintaq T\u0259cridxanas\u0131nda t\u0259zyiq v\u0259 h\u00fcquqi m\u0259hdudiyy\u0259tl\u0259rl\u0259 \u00fczl\u0259\u015fm\u0259si il\u0259 ba\u011fl\u0131 b\u0259yanat yay\u0131b.<\/p>\n\n\n\n<p>Siyasi f\u0259al bildirib ki, hakimiyy\u0259t onu v\u0259 haz\u0131rda h\u0259bsd\u0259 olduqlar\u0131 halda f\u0259aliyy\u0259tl\u0259rini d\u0259mir barmaql\u0131qlar arxas\u0131nda davam etdir\u0259n h\u0259mkarlar\u0131n\u0131 qar\u015f\u0131 qanunazidd m\u0259hdudiyy\u0259tl\u0259r t\u0259tbiq edir.<\/p>\n\n\n\n<p>Aprelin 25-d\u0259 Akif Qurbanovun saxlan\u0131ld\u0131\u011f\u0131 kamerada axtar\u0131\u015f (\u201c\u015fmon\u201d) apar\u0131l\u0131b v\u0259 ona m\u0259xsus b\u0259zi yaz\u0131lar g\u00f6t\u00fcr\u00fcl\u00fcb. Aprelin 28-d\u0259 is\u0259 kamera yolda\u015flar\u0131ndan Akif Qurbanovun \u201chakimiyy\u0259t \u0259leyhin\u0259 \u00e7a\u011f\u0131r\u0131\u015flar etm\u0259si\u201d bar\u0259d\u0259 saxta izahat verm\u0259k t\u0259l\u0259b olunub. Lakin h\u0259min \u015f\u0259xsl\u0259r bu t\u0259l\u0259bd\u0259n imtina edibl\u0259r.<\/p>\n\n\n\n<p>Hadis\u0259l\u0259rin ard\u0131nca t\u0259cridxana r\u0259hb\u0259rliyi Akif Qurbanovdan hakimiyy\u0259ti t\u0259nqid ed\u0259n yaz\u0131lar yazma\u011f\u0131 dayand\u0131rma\u011f\u0131 v\u0259 telefon dan\u0131\u015f\u0131qlar\u0131 zaman\u0131 siyasi mesajlar verm\u0259m\u0259yi t\u0259l\u0259b edib:<\/p>\n\n\n\n<p><em>\u201cSonra m\u0259niml\u0259 g\u00f6r\u00fc\u015fd\u00fcl\u0259r v\u0259 akt t\u0259rtib etdikl\u0259rini, hakimiyy\u0259t \u0259leyhin\u0259 yaz\u0131lar yazma\u011f\u0131 dayand\u0131rma\u011f\u0131m\u0131, telefonda yaln\u0131z ail\u0259 \u00fczvl\u0259riml\u0259, dostlar\u0131mla dan\u0131\u015fma\u011f\u0131m\u0131, onlara h\u0259r hans\u0131 mesaj, istiqam\u0259t g\u00f6st\u0259rm\u0259m\u0259yimi bildirdil\u0259r. O c\u00fcml\u0259d\u0259n, izahat yazma\u011f\u0131m\u0131 ist\u0259dil\u0259r\u201d.<\/em><\/p>\n\n\n\n<p>Akif Qurbanov ona qar\u015f\u0131 ir\u0259li s\u00fcr\u00fcl\u0259n t\u0259l\u0259bl\u0259r\u0259 cavab olaraq izahat yazmaqdan imtina edib v\u0259 siyasi f\u0259aliyy\u0259tin\u0259 g\u00f6r\u0259 h\u0259bs olundu\u011funu bildir\u0259r\u0259k hakimiyy\u0259ti t\u0259nqid etm\u0259y\u0259 davam ed\u0259c\u0259yini b\u0259yan edib. Akif Qurbanov b\u0259yanat\u0131nda h\u0259m\u00e7inin qeyd edib ki, onun v\u0259kill\u0259 g\u00f6r\u00fc\u015fl\u0259ri, m\u0259hk\u0259m\u0259y\u0259 apar\u0131ld\u0131\u011f\u0131 ma\u015f\u0131n (\u201cvoronok\u201d) v\u0259 m\u0259hk\u0259m\u0259 zal\u0131ndak\u0131 dan\u0131\u015f\u0131qlar\u0131 m\u00fct\u0259madi olaraq yaz\u0131l\u0131r, D\u00f6vl\u0259t T\u0259hl\u00fck\u0259sizlik Xidm\u0259tinin (DTX) \u201cAnalitik m\u0259rk\u0259zind\u0259\u201d t\u0259hlil edil\u0259r\u0259k r\u0259hb\u0259r \u015f\u0259xsl\u0259r\u0259 m\u0259lumat verilir. Siyasi f\u0259al bu qanunsuz g\u00f6st\u0259ri\u015fl\u0259rin birba\u015fa DTX v\u0259 Prezident Administrasiyas\u0131 t\u0259r\u0259find\u0259n verildiyini vur\u011fulayaraq bildirib ki, onlar\u0131 yaln\u0131z fiziki olaraq aradan qald\u0131rmaqla dayand\u0131rmaq olar v\u0259 qar\u015f\u0131 t\u0259r\u0259f \u00f6z ist\u0259yin\u0259 nail ola bilm\u0259y\u0259c\u0259k.<\/p>\n\n\n\n<p>Akif Qurbanov bildirib ki, t\u0259l\u0259b etm\u0259sin\u0259 baxmayaraq, ona t\u0259tbiq olunan m\u0259hdudiyy\u0259tl\u0259rl\u0259 ba\u011fl\u0131 he\u00e7 bir r\u0259smi akt t\u0259qdim edilm\u0259yib. S\u00f6zl\u0259rin\u0259 g\u00f6r\u0259, aprelin 29-da telefonla dan\u0131\u015f\u0131q n\u00f6vb\u0259si zaman\u0131 ona yaln\u0131z ail\u0259si il\u0259 dan\u0131\u015fmaq icaz\u0259si verilib, ba\u015fqa \u015f\u0259xsl\u0259rl\u0259 \u0259laq\u0259 saxlayaca\u011f\u0131 t\u0259qdird\u0259 dan\u0131\u015f\u0131\u011f\u0131n k\u0259sil\u0259c\u0259yi deyilib. Akif Qurbanovun s\u00f6zl\u0259rin\u0259 g\u00f6r\u0259, o, t\u0259tbiq edil\u0259n qanunsuz \u015f\u0259rtl\u0259ri r\u0259dd ed\u0259r\u0259k yaln\u0131z qanuna uy\u011fun dan\u0131\u015f\u0131q h\u00fcququndan istifad\u0259 etm\u0259k ist\u0259diyini bildirib. Lakin t\u0259cridxana r\u0259hb\u0259rliyi buna imkan verm\u0259diyi \u00fc\u00e7\u00fcn siyasi f\u0259al v\u0259kill\u0259rind\u0259n bu \u00f6zba\u015f\u0131nal\u0131\u011fa qar\u015f\u0131 h\u00fcquqi t\u0259dbirl\u0259r g\u00f6rm\u0259yi xahi\u015f edib.<\/p>\n\n\n\n<p>Akif Qurbanov 2024-c\u00fc ilin mart\u0131nda \u201cToplum TV i\u015fi\u201d \u00fczr\u0259 saxlan\u0131l\u0131b. O, qa\u00e7aqmal\u00e7\u0131l\u0131qda ittiham olunsa da, bu h\u0259bsi \u00f6z\u00fcn\u00fcn siyasi f\u0259aliyy\u0259ti il\u0259 \u0259laq\u0259l\u0259ndirir. M\u0259hk\u0259m\u0259 onun bar\u0259sind\u0259 h\u0259bs q\u0259timkan t\u0259dbiri se\u00e7ib v\u0259 bu m\u00fcdd\u0259t d\u0259f\u0259l\u0259rl\u0259 uzad\u0131l\u0131b. Haz\u0131rda Bak\u0131 \u0130stintaq T\u0259cridxanas\u0131nda saxlan\u0131lan Qurbanov ittihamlar\u0131 r\u0259dd edir v\u0259 h\u0259bsini qanunsuz say\u0131r.<\/p>\n","protected":false},"excerpt":{"rendered":"<p>\u201cToplum TV i\u015fi\u201d \u00fczr\u0259 h\u0259bsd\u0259 olan Demokratik T\u0259\u015f\u0259bb\u00fcsl\u0259r \u0130nstitutunun r\u0259hb\u0259ri &#8230; <\/p>\n<p class=\"read-more-container\"><a title=\"Akif Qurbanov: \u201cHakimiyy\u0259ti t\u0259nqid etm\u0259y\u0259 davam ed\u0259c\u0259y\u0259m\u201d\" class=\"read-more button\" href=\"https:\/\/www.meydan.tv\/az\/article\/akif-qurbanov-hakimiyy%c9%99ti-t%c9%99nqid-etm%c9%99y%c9%99-davam-ed%c9%99c%c9%99y%c9%99m\/#more-344555\" aria-label=\"Read more about Akif Qurbanov: \u201cHakimiyy\u0259ti t\u0259nqid etm\u0259y\u0259 davam ed\u0259c\u0259y\u0259m\u201d\">Davam\u0131<\/a><\/p>\n","protected":false},"author":21,"featured_media":300989,"comment_status":"closed","ping_status":"closed","sticky":false,"template":"","format":"standard","meta":{"_acf_changed":false,"_sitemap_exclude":false,"_sitemap_priority":"","_sitemap_frequency":"","footnotes":""},"categories":[59,79,56],"tags":[],"class_list":["post-344555","post","type-post","status-publish","format-standard","has-post-thumbnail","hentry","category-siyaset","category-featured","category-xeberler","infinite-scroll-item","generate-columns","tablet-grid-50","mobile-grid-100","grid-parent","grid-33","no-featured-image-padding"],"acf":[],"yoast_head":"<!-- This site is optimized with the Yoast SEO plugin v27.5 - https:\/\/yoast.com\/product\/yoast-seo-wordpress\/ -->\n<title>Akif Qurbanov: \u201cHakimiyy\u0259ti t\u0259nqid etm\u0259y\u0259 davam ed\u0259c\u0259y\u0259m\u201d - MEYDAN.TV<\/title>\n<meta name=\"robots\" content=\"index, follow, max-snippet:-1, max-image-preview:large, max-video-preview:-1\" \/>\n<link rel=\"canonical\" href=\"https:\/\/www.meydan.tv\/az\/article\/akif-qurbanov-hakimiyy%c9%99ti-t%c9%99nqid-etm%c9%99y%c9%99-davam-ed%c9%99c%c9%99y%c9%99m\/\" \/>\n<meta property=\"og:locale\" content=\"az_AZ\" \/>\n<meta property=\"og:type\" content=\"article\" \/>\n<meta property=\"og:title\" content=\"Akif Qurbanov: \u201cHakimiyy\u0259ti t\u0259nqid etm\u0259y\u0259 davam ed\u0259c\u0259y\u0259m\u201d - MEYDAN.TV\" \/>\n<meta property=\"og:description\" content=\"\u201cToplum TV i\u015fi\u201d \u00fczr\u0259 h\u0259bsd\u0259 olan Demokratik T\u0259\u015f\u0259bb\u00fcsl\u0259r \u0130nstitutunun r\u0259hb\u0259ri ... Davam\u0131\" \/>\n<meta property=\"og:url\" content=\"https:\/\/www.meydan.tv\/az\/article\/akif-qurbanov-hakimiyy%c9%99ti-t%c9%99nqid-etm%c9%99y%c9%99-davam-ed%c9%99c%c9%99y%c9%99m\/\" \/>\n<meta property=\"og:site_name\" content=\"MEYDAN.TV\" \/>\n<meta property=\"article:published_time\" content=\"2026-04-30T17:03:48+00:00\" \/>\n<meta property=\"article:modified_time\" content=\"2026-04-30T17:03:51+00:00\" \/>\n<meta property=\"og:image\" content=\"https:\/\/www.meydan.tv\/wp-content\/uploads\/img_1032_720-1-e1716919586322.jpg\" \/>\n\t<meta property=\"og:image:width\" content=\"1200\" \/>\n\t<meta property=\"og:image:height\" content=\"578\" \/>\n\t<meta property=\"og:image:type\" content=\"image\/jpeg\" \/>\n<meta name=\"author\" content=\"mahmud\" \/>\n<meta name=\"twitter:card\" content=\"summary_large_image\" \/>\n<script type=\"application\/ld+json\" class=\"yoast-schema-graph\">{\"@context\":\"https:\\\/\\\/schema.org\",\"@graph\":[{\"@type\":\"Article\",\"@id\":\"https:\\\/\\\/www.meydan.tv\\\/az\\\/article\\\/akif-qurbanov-hakimiyy%c9%99ti-t%c9%99nqid-etm%c9%99y%c9%99-davam-ed%c9%99c%c9%99y%c9%99m\\\/#article\",\"isPartOf\":{\"@id\":\"https:\\\/\\\/www.meydan.tv\\\/az\\\/article\\\/akif-qurbanov-hakimiyy%c9%99ti-t%c9%99nqid-etm%c9%99y%c9%99-davam-ed%c9%99c%c9%99y%c9%99m\\\/\"},\"author\":{\"name\":\"mahmud\",\"@id\":\"https:\\\/\\\/www.meydan.tv\\\/az\\\/#\\\/schema\\\/person\\\/09863e516102a829e72bedcf3f84c6b0\"},\"headline\":\"Akif Qurbanov: \u201cHakimiyy\u0259ti t\u0259nqid etm\u0259y\u0259 davam ed\u0259c\u0259y\u0259m\u201d\",\"datePublished\":\"2026-04-30T17:03:48+00:00\",\"dateModified\":\"2026-04-30T17:03:51+00:00\",\"mainEntityOfPage\":{\"@id\":\"https:\\\/\\\/www.meydan.tv\\\/az\\\/article\\\/akif-qurbanov-hakimiyy%c9%99ti-t%c9%99nqid-etm%c9%99y%c9%99-davam-ed%c9%99c%c9%99y%c9%99m\\\/\"},\"wordCount\":651,\"publisher\":{\"@id\":\"https:\\\/\\\/www.meydan.tv\\\/az\\\/#organization\"},\"image\":{\"@id\":\"https:\\\/\\\/www.meydan.tv\\\/az\\\/article\\\/akif-qurbanov-hakimiyy%c9%99ti-t%c9%99nqid-etm%c9%99y%c9%99-davam-ed%c9%99c%c9%99y%c9%99m\\\/#primaryimage\"},\"thumbnailUrl\":\"https:\\\/\\\/www.meydan.tv\\\/wp-content\\\/uploads\\\/img_1032_720-1-e1716919586322.jpg\",\"articleSection\":[\"Siyas\u0259t\",\"T\u00f6vsiy\u0259\",\"X\u0259b\u0259rl\u0259r\"],\"inLanguage\":\"az\"},{\"@type\":\"WebPage\",\"@id\":\"https:\\\/\\\/www.meydan.tv\\\/az\\\/article\\\/akif-qurbanov-hakimiyy%c9%99ti-t%c9%99nqid-etm%c9%99y%c9%99-davam-ed%c9%99c%c9%99y%c9%99m\\\/\",\"url\":\"https:\\\/\\\/www.meydan.tv\\\/az\\\/article\\\/akif-qurbanov-hakimiyy%c9%99ti-t%c9%99nqid-etm%c9%99y%c9%99-davam-ed%c9%99c%c9%99y%c9%99m\\\/\",\"name\":\"Akif Qurbanov: \u201cHakimiyy\u0259ti t\u0259nqid etm\u0259y\u0259 davam ed\u0259c\u0259y\u0259m\u201d - MEYDAN.TV\",\"isPartOf\":{\"@id\":\"https:\\\/\\\/www.meydan.tv\\\/az\\\/#website\"},\"primaryImageOfPage\":{\"@id\":\"https:\\\/\\\/www.meydan.tv\\\/az\\\/article\\\/akif-qurbanov-hakimiyy%c9%99ti-t%c9%99nqid-etm%c9%99y%c9%99-davam-ed%c9%99c%c9%99y%c9%99m\\\/#primaryimage\"},\"image\":{\"@id\":\"https:\\\/\\\/www.meydan.tv\\\/az\\\/article\\\/akif-qurbanov-hakimiyy%c9%99ti-t%c9%99nqid-etm%c9%99y%c9%99-davam-ed%c9%99c%c9%99y%c9%99m\\\/#primaryimage\"},\"thumbnailUrl\":\"https:\\\/\\\/www.meydan.tv\\\/wp-content\\\/uploads\\\/img_1032_720-1-e1716919586322.jpg\",\"datePublished\":\"2026-04-30T17:03:48+00:00\",\"dateModified\":\"2026-04-30T17:03:51+00:00\",\"breadcrumb\":{\"@id\":\"https:\\\/\\\/www.meydan.tv\\\/az\\\/article\\\/akif-qurbanov-hakimiyy%c9%99ti-t%c9%99nqid-etm%c9%99y%c9%99-davam-ed%c9%99c%c9%99y%c9%99m\\\/#breadcrumb\"},\"inLanguage\":\"az\",\"potentialAction\":[{\"@type\":\"ReadAction\",\"target\":[\"https:\\\/\\\/www.meydan.tv\\\/az\\\/article\\\/akif-qurbanov-hakimiyy%c9%99ti-t%c9%99nqid-etm%c9%99y%c9%99-davam-ed%c9%99c%c9%99y%c9%99m\\\/\"]}]},{\"@type\":\"ImageObject\",\"inLanguage\":\"az\",\"@id\":\"https:\\\/\\\/www.meydan.tv\\\/az\\\/article\\\/akif-qurbanov-hakimiyy%c9%99ti-t%c9%99nqid-etm%c9%99y%c9%99-davam-ed%c9%99c%c9%99y%c9%99m\\\/#primaryimage\",\"url\":\"https:\\\/\\\/www.meydan.tv\\\/wp-content\\\/uploads\\\/img_1032_720-1-e1716919586322.jpg\",\"contentUrl\":\"https:\\\/\\\/www.meydan.tv\\\/wp-content\\\/uploads\\\/img_1032_720-1-e1716919586322.jpg\",\"width\":1200,\"height\":578,\"caption\":\"\u0130ll\u00fcstrasiya: Meydan TV\"},{\"@type\":\"BreadcrumbList\",\"@id\":\"https:\\\/\\\/www.meydan.tv\\\/az\\\/article\\\/akif-qurbanov-hakimiyy%c9%99ti-t%c9%99nqid-etm%c9%99y%c9%99-davam-ed%c9%99c%c9%99y%c9%99m\\\/#breadcrumb\",\"itemListElement\":[{\"@type\":\"ListItem\",\"position\":1,\"name\":\"Ana s\u0259hif\u0259\",\"item\":\"https:\\\/\\\/www.meydan.tv\\\/az\\\/\"},{\"@type\":\"ListItem\",\"position\":2,\"name\":\"Siyas\u0259t\",\"item\":\"https:\\\/\\\/www.meydan.tv\\\/az\\\/section\\\/siyaset\\\/\"},{\"@type\":\"ListItem\",\"position\":3,\"name\":\"Akif Qurbanov: \u201cHakimiyy\u0259ti t\u0259nqid etm\u0259y\u0259 davam ed\u0259c\u0259y\u0259m\u201d\"}]},{\"@type\":\"WebSite\",\"@id\":\"https:\\\/\\\/www.meydan.tv\\\/az\\\/#website\",\"url\":\"https:\\\/\\\/www.meydan.tv\\\/az\\\/\",\"name\":\"MEYDAN.TV\",\"description\":\"Meydan TV Az\u0259rbaycan\u0131n media m\u0259kan\u0131ndak\u0131 alternativ s\u0259sidir\",\"publisher\":{\"@id\":\"https:\\\/\\\/www.meydan.tv\\\/az\\\/#organization\"},\"potentialAction\":[{\"@type\":\"SearchAction\",\"target\":{\"@type\":\"EntryPoint\",\"urlTemplate\":\"https:\\\/\\\/www.meydan.tv\\\/az\\\/?s={search_term_string}\"},\"query-input\":{\"@type\":\"PropertyValueSpecification\",\"valueRequired\":true,\"valueName\":\"search_term_string\"}}],\"inLanguage\":\"az\"},{\"@type\":\"Organization\",\"@id\":\"https:\\\/\\\/www.meydan.tv\\\/az\\\/#organization\",\"name\":\"Meydan TV\",\"url\":\"https:\\\/\\\/www.meydan.tv\\\/az\\\/\",\"logo\":{\"@type\":\"ImageObject\",\"inLanguage\":\"az\",\"@id\":\"https:\\\/\\\/www.meydan.tv\\\/az\\\/#\\\/schema\\\/logo\\\/image\\\/\",\"url\":\"https:\\\/\\\/www.meydan.tv\\\/wp-content\\\/uploads\\\/2021\\\/07\\\/meydan-logo.svg\",\"contentUrl\":\"https:\\\/\\\/www.meydan.tv\\\/wp-content\\\/uploads\\\/2021\\\/07\\\/meydan-logo.svg\",\"width\":195,\"height\":46,\"caption\":\"Meydan TV\"},\"image\":{\"@id\":\"https:\\\/\\\/www.meydan.tv\\\/az\\\/#\\\/schema\\\/logo\\\/image\\\/\"}},{\"@type\":\"Person\",\"@id\":\"https:\\\/\\\/www.meydan.tv\\\/az\\\/#\\\/schema\\\/person\\\/09863e516102a829e72bedcf3f84c6b0\",\"name\":\"mahmud\"}]}<\/script>\n<!-- \/ Yoast SEO plugin. -->","yoast_head_json":{"title":"Akif Qurbanov: \u201cHakimiyy\u0259ti t\u0259nqid etm\u0259y\u0259 davam ed\u0259c\u0259y\u0259m\u201d - MEYDAN.TV","robots":{"index":"index","follow":"follow","max-snippet":"max-snippet:-1","max-image-preview":"max-image-preview:large","max-video-preview":"max-video-preview:-1"},"canonical":"https:\/\/www.meydan.tv\/az\/article\/akif-qurbanov-hakimiyy%c9%99ti-t%c9%99nqid-etm%c9%99y%c9%99-davam-ed%c9%99c%c9%99y%c9%99m\/","og_locale":"az_AZ","og_type":"article","og_title":"Akif Qurbanov: \u201cHakimiyy\u0259ti t\u0259nqid etm\u0259y\u0259 davam ed\u0259c\u0259y\u0259m\u201d - MEYDAN.TV","og_description":"\u201cToplum TV i\u015fi\u201d \u00fczr\u0259 h\u0259bsd\u0259 olan Demokratik T\u0259\u015f\u0259bb\u00fcsl\u0259r \u0130nstitutunun r\u0259hb\u0259ri ... Davam\u0131","og_url":"https:\/\/www.meydan.tv\/az\/article\/akif-qurbanov-hakimiyy%c9%99ti-t%c9%99nqid-etm%c9%99y%c9%99-davam-ed%c9%99c%c9%99y%c9%99m\/","og_site_name":"MEYDAN.TV","article_published_time":"2026-04-30T17:03:48+00:00","article_modified_time":"2026-04-30T17:03:51+00:00","og_image":[{"width":1200,"height":578,"url":"https:\/\/www.meydan.tv\/wp-content\/uploads\/img_1032_720-1-e1716919586322.jpg","type":"image\/jpeg"}],"author":"mahmud","twitter_card":"summary_large_image","schema":{"@context":"https:\/\/schema.org","@graph":[{"@type":"Article","@id":"https:\/\/www.meydan.tv\/az\/article\/akif-qurbanov-hakimiyy%c9%99ti-t%c9%99nqid-etm%c9%99y%c9%99-davam-ed%c9%99c%c9%99y%c9%99m\/#article","isPartOf":{"@id":"https:\/\/www.meydan.tv\/az\/article\/akif-qurbanov-hakimiyy%c9%99ti-t%c9%99nqid-etm%c9%99y%c9%99-davam-ed%c9%99c%c9%99y%c9%99m\/"},"author":{"name":"mahmud","@id":"https:\/\/www.meydan.tv\/az\/#\/schema\/person\/09863e516102a829e72bedcf3f84c6b0"},"headline":"Akif Qurbanov: \u201cHakimiyy\u0259ti t\u0259nqid etm\u0259y\u0259 davam ed\u0259c\u0259y\u0259m\u201d","datePublished":"2026-04-30T17:03:48+00:00","dateModified":"2026-04-30T17:03:51+00:00","mainEntityOfPage":{"@id":"https:\/\/www.meydan.tv\/az\/article\/akif-qurbanov-hakimiyy%c9%99ti-t%c9%99nqid-etm%c9%99y%c9%99-davam-ed%c9%99c%c9%99y%c9%99m\/"},"wordCount":651,"publisher":{"@id":"https:\/\/www.meydan.tv\/az\/#organization"},"image":{"@id":"https:\/\/www.meydan.tv\/az\/article\/akif-qurbanov-hakimiyy%c9%99ti-t%c9%99nqid-etm%c9%99y%c9%99-davam-ed%c9%99c%c9%99y%c9%99m\/#primaryimage"},"thumbnailUrl":"https:\/\/www.meydan.tv\/wp-content\/uploads\/img_1032_720-1-e1716919586322.jpg","articleSection":["Siyas\u0259t","T\u00f6vsiy\u0259","X\u0259b\u0259rl\u0259r"],"inLanguage":"az"},{"@type":"WebPage","@id":"https:\/\/www.meydan.tv\/az\/article\/akif-qurbanov-hakimiyy%c9%99ti-t%c9%99nqid-etm%c9%99y%c9%99-davam-ed%c9%99c%c9%99y%c9%99m\/","url":"https:\/\/www.meydan.tv\/az\/article\/akif-qurbanov-hakimiyy%c9%99ti-t%c9%99nqid-etm%c9%99y%c9%99-davam-ed%c9%99c%c9%99y%c9%99m\/","name":"Akif Qurbanov: \u201cHakimiyy\u0259ti t\u0259nqid etm\u0259y\u0259 davam ed\u0259c\u0259y\u0259m\u201d - MEYDAN.TV","isPartOf":{"@id":"https:\/\/www.meydan.tv\/az\/#website"},"primaryImageOfPage":{"@id":"https:\/\/www.meydan.tv\/az\/article\/akif-qurbanov-hakimiyy%c9%99ti-t%c9%99nqid-etm%c9%99y%c9%99-davam-ed%c9%99c%c9%99y%c9%99m\/#primaryimage"},"image":{"@id":"https:\/\/www.meydan.tv\/az\/article\/akif-qurbanov-hakimiyy%c9%99ti-t%c9%99nqid-etm%c9%99y%c9%99-davam-ed%c9%99c%c9%99y%c9%99m\/#primaryimage"},"thumbnailUrl":"https:\/\/www.meydan.tv\/wp-content\/uploads\/img_1032_720-1-e1716919586322.jpg","datePublished":"2026-04-30T17:03:48+00:00","dateModified":"2026-04-30T17:03:51+00:00","breadcrumb":{"@id":"https:\/\/www.meydan.tv\/az\/article\/akif-qurbanov-hakimiyy%c9%99ti-t%c9%99nqid-etm%c9%99y%c9%99-davam-ed%c9%99c%c9%99y%c9%99m\/#breadcrumb"},"inLanguage":"az","potentialAction":[{"@type":"ReadAction","target":["https:\/\/www.meydan.tv\/az\/article\/akif-qurbanov-hakimiyy%c9%99ti-t%c9%99nqid-etm%c9%99y%c9%99-davam-ed%c9%99c%c9%99y%c9%99m\/"]}]},{"@type":"ImageObject","inLanguage":"az","@id":"https:\/\/www.meydan.tv\/az\/article\/akif-qurbanov-hakimiyy%c9%99ti-t%c9%99nqid-etm%c9%99y%c9%99-davam-ed%c9%99c%c9%99y%c9%99m\/#primaryimage","url":"https:\/\/www.meydan.tv\/wp-content\/uploads\/img_1032_720-1-e1716919586322.jpg","contentUrl":"https:\/\/www.meydan.tv\/wp-content\/uploads\/img_1032_720-1-e1716919586322.jpg","width":1200,"height":578,"caption":"\u0130ll\u00fcstrasiya: Meydan TV"},{"@type":"BreadcrumbList","@id":"https:\/\/www.meydan.tv\/az\/article\/akif-qurbanov-hakimiyy%c9%99ti-t%c9%99nqid-etm%c9%99y%c9%99-davam-ed%c9%99c%c9%99y%c9%99m\/#breadcrumb","itemListElement":[{"@type":"ListItem","position":1,"name":"Ana s\u0259hif\u0259","item":"https:\/\/www.meydan.tv\/az\/"},{"@type":"ListItem","position":2,"name":"Siyas\u0259t","item":"https:\/\/www.meydan.tv\/az\/section\/siyaset\/"},{"@type":"ListItem","position":3,"name":"Akif Qurbanov: \u201cHakimiyy\u0259ti t\u0259nqid etm\u0259y\u0259 davam ed\u0259c\u0259y\u0259m\u201d"}]},{"@type":"WebSite","@id":"https:\/\/www.meydan.tv\/az\/#website","url":"https:\/\/www.meydan.tv\/az\/","name":"MEYDAN.TV","description":"Meydan TV Az\u0259rbaycan\u0131n media m\u0259kan\u0131ndak\u0131 alternativ s\u0259sidir","publisher":{"@id":"https:\/\/www.meydan.tv\/az\/#organization"},"potentialAction":[{"@type":"SearchAction","target":{"@type":"EntryPoint","urlTemplate":"https:\/\/www.meydan.tv\/az\/?s={search_term_string}"},"query-input":{"@type":"PropertyValueSpecification","valueRequired":true,"valueName":"search_term_string"}}],"inLanguage":"az"},{"@type":"Organization","@id":"https:\/\/www.meydan.tv\/az\/#organization","name":"Meydan TV","url":"https:\/\/www.meydan.tv\/az\/","logo":{"@type":"ImageObject","inLanguage":"az","@id":"https:\/\/www.meydan.tv\/az\/#\/schema\/logo\/image\/","url":"https:\/\/www.meydan.tv\/wp-content\/uploads\/2021\/07\/meydan-logo.svg","contentUrl":"https:\/\/www.meydan.tv\/wp-content\/uploads\/2021\/07\/meydan-logo.svg","width":195,"height":46,"caption":"Meydan TV"},"image":{"@id":"https:\/\/www.meydan.tv\/az\/#\/schema\/logo\/image\/"}},{"@type":"Person","@id":"https:\/\/www.meydan.tv\/az\/#\/schema\/person\/09863e516102a829e72bedcf3f84c6b0","name":"mahmud"}]}},"_links":{"self":[{"href":"https:\/\/www.meydan.tv\/az\/wp-json\/wp\/v2\/posts\/344555","targetHints":{"allow":["GET"]}}],"collection":[{"href":"https:\/\/www.meydan.tv\/az\/wp-json\/wp\/v2\/posts"}],"about":[{"href":"https:\/\/www.meydan.tv\/az\/wp-json\/wp\/v2\/types\/post"}],"author":[{"embeddable":true,"href":"https:\/\/www.meydan.tv\/az\/wp-json\/wp\/v2\/users\/21"}],"replies":[{"embeddable":true,"href":"https:\/\/www.meydan.tv\/az\/wp-json\/wp\/v2\/comments?post=344555"}],"version-history":[{"count":1,"href":"https:\/\/www.meydan.tv\/az\/wp-json\/wp\/v2\/posts\/344555\/revisions"}],"predecessor-version":[{"id":344556,"href":"https:\/\/www.meydan.tv\/az\/wp-json\/wp\/v2\/posts\/344555\/revisions\/344556"}],"wp:featuredmedia":[{"embeddable":true,"href":"https:\/\/www.meydan.tv\/az\/wp-json\/wp\/v2\/media\/300989"}],"wp:attachment":[{"href":"https:\/\/www.meydan.tv\/az\/wp-json\/wp\/v2\/media?parent=344555"}],"wp:term":[{"taxonomy":"category","embeddable":true,"href":"https:\/\/www.meydan.tv\/az\/wp-json\/wp\/v2\/categories?post=344555"},{"taxonomy":"post_tag","embeddable":true,"href":"https:\/\/www.meydan.tv\/az\/wp-json\/wp\/v2\/tags?post=344555"}],"curies":[{"name":"wp","href":"https:\/\/api.w.org\/{rel}","templated":true}]}}