{"id":344538,"date":"2026-04-30T16:58:23","date_gmt":"2026-04-30T12:58:23","guid":{"rendered":"https:\/\/www.meydan.tv\/?p=344538"},"modified":"2026-04-30T17:23:37","modified_gmt":"2026-04-30T13:23:37","slug":"inancli-m%c9%99hbus-acliq-aksiyasina-baslayib","status":"publish","type":"post","link":"https:\/\/www.meydan.tv\/az\/article\/inancli-m%c9%99hbus-acliq-aksiyasina-baslayib\/","title":{"rendered":"\u0130nancl\u0131 m\u0259hbus acl\u0131q aksiyas\u0131na ba\u015flay\u0131b"},"content":{"rendered":"\n<p>Haz\u0131rda narkotik ittiham\u0131 il\u0259 h\u0259bsd\u0259 olan inancl\u0131 m\u0259hbus \u0130smay\u0131l M\u0259mm\u0259dov ail\u0259si il\u0259 olan g\u00f6r\u00fc\u015fl\u0259r\u0259 v\u0259 z\u0259ngl\u0259r\u0259 qoyulan qada\u011faya etiraz olaraq acl\u0131q aksiyas\u0131na ba\u015flay\u0131b.&nbsp;<\/p>\n\n\n\n<p>Bu bar\u0259d\u0259 Meydan TV-y\u0259 m\u0259lumat ver\u0259n m\u0259hbusun ail\u0259si bildirib ki, \u015fikay\u0259tl\u0259rd\u0259n sonra M\u0259mm\u0259dovla sonuncu d\u0259f\u0259 aprelin 25-i bir d\u0259qiq\u0259 telefonla dan\u0131\u015fmaq imkanlar\u0131 olub. M\u0259hbus deyib ki, qada\u011falarla ba\u011fl\u0131 1 sayl\u0131 Bak\u0131 \u0130stintaq T\u0259cridxanas\u0131n\u0131n (B\u0130T) r\u0259isi Elnur \u0130smay\u0131lovun&nbsp; q\u0259bulunda olacaq v\u0259 qada\u011fa g\u00f6t\u00fcr\u00fclm\u0259diyi halda acl\u0131q aksiyas\u0131na ba\u015flayacaq.&nbsp;<\/p>\n\n\n\n<p>H\u0259yat yolda\u015f\u0131 deyir ki, art\u0131q 5 g\u00fcnd\u00fcr acl\u0131q ed\u0259n \u0130smay\u0131l M\u0259mm\u0259dovdan he\u00e7 bir x\u0259b\u0259r ala bilmirl\u0259r v\u0259 qurumlara edil\u0259n \u015fikay\u0259tl\u0259rd\u0259n is\u0259 h\u0259l\u0259lik bir cavab yoxdur.<\/p>\n\n\n\n<p><em>\u201c5 g\u00fcnd\u00fcr yolda\u015f\u0131mdan he\u00e7 bir x\u0259b\u0259r yoxdur, \u00fcst\u0259lik biz onun sa\u011flaml\u0131\u011f\u0131ndan da \u00e7ox narahat\u0131q. R\u0259is Elnur \u0130smay\u0131lov bu qada\u011falar\u0131 niy\u0259 qoyub bilmirik. Bu g\u00fcn yenid\u0259n Ombudsmana z\u0259ng etdik. Onlar sad\u0259c\u0259 \u201cqada\u011fa var\u201d dem\u0259kl\u0259 kifay\u0259tl\u0259ndil\u0259r\u201d, <\/em>&#8211; dey\u0259 h\u0259yat yolda\u015f\u0131 bildirib.<br><br>Bir aydan \u00e7oxdur \u0130smay\u0131l M\u0259mm\u0259dovun saxlan\u0131ld\u0131\u011f\u0131 1 sayl\u0131 Bak\u0131 \u0130stintaq T\u0259cridxanas\u0131nda (B\u0130T) g\u00f6r\u00fc\u015f v\u0259 z\u0259ngl\u0259rin\u0259 m\u0259hdudiyy\u0259tl\u0259r <a href=\"https:\/\/www.meydan.tv\/az\/article\/narkotikl%c9%99-ittiham-olunan-inancli-must%c9%99ntiq-dedi-ki-s%c9%99n-boyukl%c9%99rin-biznesin%c9%99-mane-olursan\/\" target=\"_blank\" rel=\"noreferrer noopener nofollow\">qoyulub. <\/a>Penitensiar Xidm\u0259t\u0259 edil\u0259n m\u00fcraci\u0259t\u0259 cavab olaraq bildirilmi\u015fdi ki, m\u0259hdudiyy\u0259t m\u00fcst\u0259ntiq t\u0259r\u0259find\u0259n qoyulub. Lakin sonradan v\u0259kilin s\u00f6zl\u0259rin\u0259 g\u00f6r\u0259, m\u00fcst\u0259ntiq qada\u011fan\u0131 g\u00f6t\u00fcrd\u00fcy\u00fcn\u00fc des\u0259 d\u0259, bu d\u0259f\u0259 t\u0259cridxanan\u0131n r\u0259hb\u0259rliyi t\u0259r\u0259find\u0259n yenid\u0259n m\u0259hdudiyy\u0259t t\u0259tbiq edildiyi iddia olunurdu. <br><br>\u0130smay\u0131l M\u0259mm\u0259dov mart\u0131n 3-d\u0259 saxlan\u0131l\u0131b. O, k\u00fclli miqdarda narkotik vasit\u0259l\u0259rin istifad\u0259si ittiham\u0131 il\u0259 h\u0259bs olunaraq Bak\u0131 \u0130stintaq T\u0259cridxanas\u0131nda yerl\u0259\u015fdirilib. Ail\u0259sinin bildirdiyin\u0259 g\u00f6r\u0259, saxlan\u0131lma zaman\u0131 v\u0259 polis idar\u0259sind\u0259 M\u0259mm\u0259dova qar\u015f\u0131 zorak\u0131l\u0131q t\u0259tbiq edilib v\u0259 ondan narkotik ittiham\u0131n\u0131 \u201cetiraf etm\u0259si\u201d t\u0259l\u0259b olunub.<\/p>\n\n\n\n<p>\u0130nancl\u0131 f\u0259allar\u0131n h\u0259bsl\u0259ri x\u00fcsusil\u0259 2023-c\u00fc il yanvar\u0131n 27-d\u0259 Az\u0259rbaycan\u0131n \u0130randak\u0131 s\u0259firliyin\u0259 edil\u0259n h\u00fccumdan sonra intensivl\u0259\u015fib.<\/p>\n\n\n\n<p>H\u00fcquq m\u00fcdafi\u0259 t\u0259\u015fkilatlar\u0131n\u0131n hesabatlar\u0131na \u0259sas\u0259n, haz\u0131rda Az\u0259rbaycanda 340 n\u0259f\u0259r siyasi m\u0259hbus var. Onlardan 192 n\u0259f\u0259ri dini inancl\u0131 \u015f\u0259xsl\u0259rdir.<\/p>\n","protected":false},"excerpt":{"rendered":"<p>Haz\u0131rda narkotik ittiham\u0131 il\u0259 h\u0259bsd\u0259 olan inancl\u0131 m\u0259hbus \u0130smay\u0131l M\u0259mm\u0259dov &#8230; <\/p>\n<p class=\"read-more-container\"><a title=\"\u0130nancl\u0131 m\u0259hbus acl\u0131q aksiyas\u0131na ba\u015flay\u0131b\" class=\"read-more button\" href=\"https:\/\/www.meydan.tv\/az\/article\/inancli-m%c9%99hbus-acliq-aksiyasina-baslayib\/#more-344538\" aria-label=\"Read more about \u0130nancl\u0131 m\u0259hbus acl\u0131q aksiyas\u0131na ba\u015flay\u0131b\">Davam\u0131<\/a><\/p>\n","protected":false},"author":21,"featured_media":344545,"comment_status":"closed","ping_status":"closed","sticky":false,"template":"","format":"standard","meta":{"_acf_changed":false,"_sitemap_exclude":false,"_sitemap_priority":"","_sitemap_frequency":"","footnotes":""},"categories":[59,79,56],"tags":[],"class_list":["post-344538","post","type-post","status-publish","format-standard","has-post-thumbnail","hentry","category-siyaset","category-featured","category-xeberler","infinite-scroll-item","generate-columns","tablet-grid-50","mobile-grid-100","grid-parent","grid-33","no-featured-image-padding"],"acf":[],"yoast_head":"<!-- This site is optimized with the Yoast SEO plugin v27.5 - https:\/\/yoast.com\/product\/yoast-seo-wordpress\/ -->\n<title>\u0130nancl\u0131 m\u0259hbus acl\u0131q aksiyas\u0131na ba\u015flay\u0131b - MEYDAN.TV<\/title>\n<meta name=\"robots\" content=\"index, follow, max-snippet:-1, max-image-preview:large, max-video-preview:-1\" \/>\n<link rel=\"canonical\" href=\"https:\/\/www.meydan.tv\/az\/article\/inancli-m%c9%99hbus-acliq-aksiyasina-baslayib\/\" \/>\n<meta property=\"og:locale\" content=\"az_AZ\" \/>\n<meta property=\"og:type\" content=\"article\" \/>\n<meta property=\"og:title\" content=\"\u0130nancl\u0131 m\u0259hbus acl\u0131q aksiyas\u0131na ba\u015flay\u0131b - MEYDAN.TV\" \/>\n<meta property=\"og:description\" content=\"Haz\u0131rda narkotik ittiham\u0131 il\u0259 h\u0259bsd\u0259 olan inancl\u0131 m\u0259hbus \u0130smay\u0131l M\u0259mm\u0259dov ... Davam\u0131\" \/>\n<meta property=\"og:url\" content=\"https:\/\/www.meydan.tv\/az\/article\/inancli-m%c9%99hbus-acliq-aksiyasina-baslayib\/\" \/>\n<meta property=\"og:site_name\" content=\"MEYDAN.TV\" \/>\n<meta property=\"article:published_time\" content=\"2026-04-30T12:58:23+00:00\" \/>\n<meta property=\"article:modified_time\" content=\"2026-04-30T13:23:37+00:00\" \/>\n<meta property=\"og:image\" content=\"https:\/\/www.meydan.tv\/wp-content\/uploads\/789.png\" \/>\n\t<meta property=\"og:image:width\" content=\"1920\" \/>\n\t<meta property=\"og:image:height\" content=\"938\" \/>\n\t<meta property=\"og:image:type\" content=\"image\/png\" \/>\n<meta name=\"author\" content=\"mahmud\" \/>\n<meta name=\"twitter:card\" content=\"summary_large_image\" \/>\n<script type=\"application\/ld+json\" class=\"yoast-schema-graph\">{\"@context\":\"https:\\\/\\\/schema.org\",\"@graph\":[{\"@type\":\"Article\",\"@id\":\"https:\\\/\\\/www.meydan.tv\\\/az\\\/article\\\/inancli-m%c9%99hbus-acliq-aksiyasina-baslayib\\\/#article\",\"isPartOf\":{\"@id\":\"https:\\\/\\\/www.meydan.tv\\\/az\\\/article\\\/inancli-m%c9%99hbus-acliq-aksiyasina-baslayib\\\/\"},\"author\":{\"name\":\"mahmud\",\"@id\":\"https:\\\/\\\/www.meydan.tv\\\/az\\\/#\\\/schema\\\/person\\\/09863e516102a829e72bedcf3f84c6b0\"},\"headline\":\"\u0130nancl\u0131 m\u0259hbus acl\u0131q aksiyas\u0131na ba\u015flay\u0131b\",\"datePublished\":\"2026-04-30T12:58:23+00:00\",\"dateModified\":\"2026-04-30T13:23:37+00:00\",\"mainEntityOfPage\":{\"@id\":\"https:\\\/\\\/www.meydan.tv\\\/az\\\/article\\\/inancli-m%c9%99hbus-acliq-aksiyasina-baslayib\\\/\"},\"wordCount\":453,\"publisher\":{\"@id\":\"https:\\\/\\\/www.meydan.tv\\\/az\\\/#organization\"},\"image\":{\"@id\":\"https:\\\/\\\/www.meydan.tv\\\/az\\\/article\\\/inancli-m%c9%99hbus-acliq-aksiyasina-baslayib\\\/#primaryimage\"},\"thumbnailUrl\":\"https:\\\/\\\/www.meydan.tv\\\/wp-content\\\/uploads\\\/789.png\",\"articleSection\":[\"Siyas\u0259t\",\"T\u00f6vsiy\u0259\",\"X\u0259b\u0259rl\u0259r\"],\"inLanguage\":\"az\"},{\"@type\":\"WebPage\",\"@id\":\"https:\\\/\\\/www.meydan.tv\\\/az\\\/article\\\/inancli-m%c9%99hbus-acliq-aksiyasina-baslayib\\\/\",\"url\":\"https:\\\/\\\/www.meydan.tv\\\/az\\\/article\\\/inancli-m%c9%99hbus-acliq-aksiyasina-baslayib\\\/\",\"name\":\"\u0130nancl\u0131 m\u0259hbus acl\u0131q aksiyas\u0131na ba\u015flay\u0131b - MEYDAN.TV\",\"isPartOf\":{\"@id\":\"https:\\\/\\\/www.meydan.tv\\\/az\\\/#website\"},\"primaryImageOfPage\":{\"@id\":\"https:\\\/\\\/www.meydan.tv\\\/az\\\/article\\\/inancli-m%c9%99hbus-acliq-aksiyasina-baslayib\\\/#primaryimage\"},\"image\":{\"@id\":\"https:\\\/\\\/www.meydan.tv\\\/az\\\/article\\\/inancli-m%c9%99hbus-acliq-aksiyasina-baslayib\\\/#primaryimage\"},\"thumbnailUrl\":\"https:\\\/\\\/www.meydan.tv\\\/wp-content\\\/uploads\\\/789.png\",\"datePublished\":\"2026-04-30T12:58:23+00:00\",\"dateModified\":\"2026-04-30T13:23:37+00:00\",\"breadcrumb\":{\"@id\":\"https:\\\/\\\/www.meydan.tv\\\/az\\\/article\\\/inancli-m%c9%99hbus-acliq-aksiyasina-baslayib\\\/#breadcrumb\"},\"inLanguage\":\"az\",\"potentialAction\":[{\"@type\":\"ReadAction\",\"target\":[\"https:\\\/\\\/www.meydan.tv\\\/az\\\/article\\\/inancli-m%c9%99hbus-acliq-aksiyasina-baslayib\\\/\"]}]},{\"@type\":\"ImageObject\",\"inLanguage\":\"az\",\"@id\":\"https:\\\/\\\/www.meydan.tv\\\/az\\\/article\\\/inancli-m%c9%99hbus-acliq-aksiyasina-baslayib\\\/#primaryimage\",\"url\":\"https:\\\/\\\/www.meydan.tv\\\/wp-content\\\/uploads\\\/789.png\",\"contentUrl\":\"https:\\\/\\\/www.meydan.tv\\\/wp-content\\\/uploads\\\/789.png\",\"width\":1920,\"height\":938,\"caption\":\"\u0130smay\u0131l M\u0259mm\u0259dov. Foto: Ail\u0259sind\u0259n\"},{\"@type\":\"BreadcrumbList\",\"@id\":\"https:\\\/\\\/www.meydan.tv\\\/az\\\/article\\\/inancli-m%c9%99hbus-acliq-aksiyasina-baslayib\\\/#breadcrumb\",\"itemListElement\":[{\"@type\":\"ListItem\",\"position\":1,\"name\":\"Ana s\u0259hif\u0259\",\"item\":\"https:\\\/\\\/www.meydan.tv\\\/az\\\/\"},{\"@type\":\"ListItem\",\"position\":2,\"name\":\"Siyas\u0259t\",\"item\":\"https:\\\/\\\/www.meydan.tv\\\/az\\\/section\\\/siyaset\\\/\"},{\"@type\":\"ListItem\",\"position\":3,\"name\":\"\u0130nancl\u0131 m\u0259hbus acl\u0131q aksiyas\u0131na ba\u015flay\u0131b\"}]},{\"@type\":\"WebSite\",\"@id\":\"https:\\\/\\\/www.meydan.tv\\\/az\\\/#website\",\"url\":\"https:\\\/\\\/www.meydan.tv\\\/az\\\/\",\"name\":\"MEYDAN.TV\",\"description\":\"Meydan TV Az\u0259rbaycan\u0131n media m\u0259kan\u0131ndak\u0131 alternativ s\u0259sidir\",\"publisher\":{\"@id\":\"https:\\\/\\\/www.meydan.tv\\\/az\\\/#organization\"},\"potentialAction\":[{\"@type\":\"SearchAction\",\"target\":{\"@type\":\"EntryPoint\",\"urlTemplate\":\"https:\\\/\\\/www.meydan.tv\\\/az\\\/?s={search_term_string}\"},\"query-input\":{\"@type\":\"PropertyValueSpecification\",\"valueRequired\":true,\"valueName\":\"search_term_string\"}}],\"inLanguage\":\"az\"},{\"@type\":\"Organization\",\"@id\":\"https:\\\/\\\/www.meydan.tv\\\/az\\\/#organization\",\"name\":\"Meydan TV\",\"url\":\"https:\\\/\\\/www.meydan.tv\\\/az\\\/\",\"logo\":{\"@type\":\"ImageObject\",\"inLanguage\":\"az\",\"@id\":\"https:\\\/\\\/www.meydan.tv\\\/az\\\/#\\\/schema\\\/logo\\\/image\\\/\",\"url\":\"https:\\\/\\\/www.meydan.tv\\\/wp-content\\\/uploads\\\/2021\\\/07\\\/meydan-logo.svg\",\"contentUrl\":\"https:\\\/\\\/www.meydan.tv\\\/wp-content\\\/uploads\\\/2021\\\/07\\\/meydan-logo.svg\",\"width\":195,\"height\":46,\"caption\":\"Meydan TV\"},\"image\":{\"@id\":\"https:\\\/\\\/www.meydan.tv\\\/az\\\/#\\\/schema\\\/logo\\\/image\\\/\"}},{\"@type\":\"Person\",\"@id\":\"https:\\\/\\\/www.meydan.tv\\\/az\\\/#\\\/schema\\\/person\\\/09863e516102a829e72bedcf3f84c6b0\",\"name\":\"mahmud\"}]}<\/script>\n<!-- \/ Yoast SEO plugin. -->","yoast_head_json":{"title":"\u0130nancl\u0131 m\u0259hbus acl\u0131q aksiyas\u0131na ba\u015flay\u0131b - MEYDAN.TV","robots":{"index":"index","follow":"follow","max-snippet":"max-snippet:-1","max-image-preview":"max-image-preview:large","max-video-preview":"max-video-preview:-1"},"canonical":"https:\/\/www.meydan.tv\/az\/article\/inancli-m%c9%99hbus-acliq-aksiyasina-baslayib\/","og_locale":"az_AZ","og_type":"article","og_title":"\u0130nancl\u0131 m\u0259hbus acl\u0131q aksiyas\u0131na ba\u015flay\u0131b - MEYDAN.TV","og_description":"Haz\u0131rda narkotik ittiham\u0131 il\u0259 h\u0259bsd\u0259 olan inancl\u0131 m\u0259hbus \u0130smay\u0131l M\u0259mm\u0259dov ... Davam\u0131","og_url":"https:\/\/www.meydan.tv\/az\/article\/inancli-m%c9%99hbus-acliq-aksiyasina-baslayib\/","og_site_name":"MEYDAN.TV","article_published_time":"2026-04-30T12:58:23+00:00","article_modified_time":"2026-04-30T13:23:37+00:00","og_image":[{"width":1920,"height":938,"url":"https:\/\/www.meydan.tv\/wp-content\/uploads\/789.png","type":"image\/png"}],"author":"mahmud","twitter_card":"summary_large_image","schema":{"@context":"https:\/\/schema.org","@graph":[{"@type":"Article","@id":"https:\/\/www.meydan.tv\/az\/article\/inancli-m%c9%99hbus-acliq-aksiyasina-baslayib\/#article","isPartOf":{"@id":"https:\/\/www.meydan.tv\/az\/article\/inancli-m%c9%99hbus-acliq-aksiyasina-baslayib\/"},"author":{"name":"mahmud","@id":"https:\/\/www.meydan.tv\/az\/#\/schema\/person\/09863e516102a829e72bedcf3f84c6b0"},"headline":"\u0130nancl\u0131 m\u0259hbus acl\u0131q aksiyas\u0131na ba\u015flay\u0131b","datePublished":"2026-04-30T12:58:23+00:00","dateModified":"2026-04-30T13:23:37+00:00","mainEntityOfPage":{"@id":"https:\/\/www.meydan.tv\/az\/article\/inancli-m%c9%99hbus-acliq-aksiyasina-baslayib\/"},"wordCount":453,"publisher":{"@id":"https:\/\/www.meydan.tv\/az\/#organization"},"image":{"@id":"https:\/\/www.meydan.tv\/az\/article\/inancli-m%c9%99hbus-acliq-aksiyasina-baslayib\/#primaryimage"},"thumbnailUrl":"https:\/\/www.meydan.tv\/wp-content\/uploads\/789.png","articleSection":["Siyas\u0259t","T\u00f6vsiy\u0259","X\u0259b\u0259rl\u0259r"],"inLanguage":"az"},{"@type":"WebPage","@id":"https:\/\/www.meydan.tv\/az\/article\/inancli-m%c9%99hbus-acliq-aksiyasina-baslayib\/","url":"https:\/\/www.meydan.tv\/az\/article\/inancli-m%c9%99hbus-acliq-aksiyasina-baslayib\/","name":"\u0130nancl\u0131 m\u0259hbus acl\u0131q aksiyas\u0131na ba\u015flay\u0131b - MEYDAN.TV","isPartOf":{"@id":"https:\/\/www.meydan.tv\/az\/#website"},"primaryImageOfPage":{"@id":"https:\/\/www.meydan.tv\/az\/article\/inancli-m%c9%99hbus-acliq-aksiyasina-baslayib\/#primaryimage"},"image":{"@id":"https:\/\/www.meydan.tv\/az\/article\/inancli-m%c9%99hbus-acliq-aksiyasina-baslayib\/#primaryimage"},"thumbnailUrl":"https:\/\/www.meydan.tv\/wp-content\/uploads\/789.png","datePublished":"2026-04-30T12:58:23+00:00","dateModified":"2026-04-30T13:23:37+00:00","breadcrumb":{"@id":"https:\/\/www.meydan.tv\/az\/article\/inancli-m%c9%99hbus-acliq-aksiyasina-baslayib\/#breadcrumb"},"inLanguage":"az","potentialAction":[{"@type":"ReadAction","target":["https:\/\/www.meydan.tv\/az\/article\/inancli-m%c9%99hbus-acliq-aksiyasina-baslayib\/"]}]},{"@type":"ImageObject","inLanguage":"az","@id":"https:\/\/www.meydan.tv\/az\/article\/inancli-m%c9%99hbus-acliq-aksiyasina-baslayib\/#primaryimage","url":"https:\/\/www.meydan.tv\/wp-content\/uploads\/789.png","contentUrl":"https:\/\/www.meydan.tv\/wp-content\/uploads\/789.png","width":1920,"height":938,"caption":"\u0130smay\u0131l M\u0259mm\u0259dov. Foto: Ail\u0259sind\u0259n"},{"@type":"BreadcrumbList","@id":"https:\/\/www.meydan.tv\/az\/article\/inancli-m%c9%99hbus-acliq-aksiyasina-baslayib\/#breadcrumb","itemListElement":[{"@type":"ListItem","position":1,"name":"Ana s\u0259hif\u0259","item":"https:\/\/www.meydan.tv\/az\/"},{"@type":"ListItem","position":2,"name":"Siyas\u0259t","item":"https:\/\/www.meydan.tv\/az\/section\/siyaset\/"},{"@type":"ListItem","position":3,"name":"\u0130nancl\u0131 m\u0259hbus acl\u0131q aksiyas\u0131na ba\u015flay\u0131b"}]},{"@type":"WebSite","@id":"https:\/\/www.meydan.tv\/az\/#website","url":"https:\/\/www.meydan.tv\/az\/","name":"MEYDAN.TV","description":"Meydan TV Az\u0259rbaycan\u0131n media m\u0259kan\u0131ndak\u0131 alternativ s\u0259sidir","publisher":{"@id":"https:\/\/www.meydan.tv\/az\/#organization"},"potentialAction":[{"@type":"SearchAction","target":{"@type":"EntryPoint","urlTemplate":"https:\/\/www.meydan.tv\/az\/?s={search_term_string}"},"query-input":{"@type":"PropertyValueSpecification","valueRequired":true,"valueName":"search_term_string"}}],"inLanguage":"az"},{"@type":"Organization","@id":"https:\/\/www.meydan.tv\/az\/#organization","name":"Meydan TV","url":"https:\/\/www.meydan.tv\/az\/","logo":{"@type":"ImageObject","inLanguage":"az","@id":"https:\/\/www.meydan.tv\/az\/#\/schema\/logo\/image\/","url":"https:\/\/www.meydan.tv\/wp-content\/uploads\/2021\/07\/meydan-logo.svg","contentUrl":"https:\/\/www.meydan.tv\/wp-content\/uploads\/2021\/07\/meydan-logo.svg","width":195,"height":46,"caption":"Meydan TV"},"image":{"@id":"https:\/\/www.meydan.tv\/az\/#\/schema\/logo\/image\/"}},{"@type":"Person","@id":"https:\/\/www.meydan.tv\/az\/#\/schema\/person\/09863e516102a829e72bedcf3f84c6b0","name":"mahmud"}]}},"_links":{"self":[{"href":"https:\/\/www.meydan.tv\/az\/wp-json\/wp\/v2\/posts\/344538","targetHints":{"allow":["GET"]}}],"collection":[{"href":"https:\/\/www.meydan.tv\/az\/wp-json\/wp\/v2\/posts"}],"about":[{"href":"https:\/\/www.meydan.tv\/az\/wp-json\/wp\/v2\/types\/post"}],"author":[{"embeddable":true,"href":"https:\/\/www.meydan.tv\/az\/wp-json\/wp\/v2\/users\/21"}],"replies":[{"embeddable":true,"href":"https:\/\/www.meydan.tv\/az\/wp-json\/wp\/v2\/comments?post=344538"}],"version-history":[{"count":3,"href":"https:\/\/www.meydan.tv\/az\/wp-json\/wp\/v2\/posts\/344538\/revisions"}],"predecessor-version":[{"id":344544,"href":"https:\/\/www.meydan.tv\/az\/wp-json\/wp\/v2\/posts\/344538\/revisions\/344544"}],"wp:featuredmedia":[{"embeddable":true,"href":"https:\/\/www.meydan.tv\/az\/wp-json\/wp\/v2\/media\/344545"}],"wp:attachment":[{"href":"https:\/\/www.meydan.tv\/az\/wp-json\/wp\/v2\/media?parent=344538"}],"wp:term":[{"taxonomy":"category","embeddable":true,"href":"https:\/\/www.meydan.tv\/az\/wp-json\/wp\/v2\/categories?post=344538"},{"taxonomy":"post_tag","embeddable":true,"href":"https:\/\/www.meydan.tv\/az\/wp-json\/wp\/v2\/tags?post=344538"}],"curies":[{"name":"wp","href":"https:\/\/api.w.org\/{rel}","templated":true}]}}