{"id":344534,"date":"2026-04-30T15:34:12","date_gmt":"2026-04-30T11:34:12","guid":{"rendered":"https:\/\/www.meydan.tv\/?p=344534"},"modified":"2026-04-30T15:34:14","modified_gmt":"2026-04-30T11:34:14","slug":"jurnalist-efqan-sadiqova-umumv%c9%99t%c9%99ndas-pasportu-verilm%c9%99yib","status":"publish","type":"post","link":"https:\/\/www.meydan.tv\/az\/article\/jurnalist-efqan-sadiqova-umumv%c9%99t%c9%99ndas-pasportu-verilm%c9%99yib\/","title":{"rendered":"Jurnalist \u018ffqan Sad\u0131qova \u00fcmumv\u0259t\u0259nda\u015f pasportu verilm\u0259yib"},"content":{"rendered":"\n<p>G\u00fcrc\u00fcstandan Az\u0259rbaycana deportasiya olunmu\u015f jurnalist \u018ffqan Sad\u0131qova \u00fcmumv\u0259t\u0259nda\u015f pasportu verilmir.<\/p>\n\n\n\n<p>H\u0259yat yolda\u015f\u0131 Sevinc Sad\u0131qova bildirib ki, ASAN Xidm\u0259t xarici pasportun verilm\u0259si m\u0259s\u0259l\u0259sind\u0259 jurnalistl\u0259 ba\u011fl\u0131 cinay\u0259t i\u015fin\u0259 xitam verilm\u0259si bar\u0259d\u0259 s\u0259n\u0259din notarial qaydada t\u0259sdiql\u0259nmi\u015f formada t\u0259qdim olunmas\u0131n\u0131 t\u0259l\u0259b edib.\u00a0<\/p>\n\n\n\n<p><em>\u201cMasall\u0131 Rayon ASAN Xidm\u0259ti\u00a0 xarici pasportun verilm\u0259si m\u0259s\u0259l\u0259sind\u0259 \u018ffqan Sad\u0131qovla ba\u011fl\u0131 cinay\u0259t i\u015fin\u0259 xitam verilm\u0259si bar\u0259d\u0259 s\u0259n\u0259din notarial qaydada t\u0259sdiql\u0259nmi\u015f formada t\u0259qdim olunmas\u0131 t\u0259l\u0259b edilir. Bir \u00f6lk\u0259nin prokurorlu\u011fu dig\u0259r \u00f6lk\u0259nin, y\u0259ni G\u00fcrc\u00fcstan Prokurorlu\u011funa Az\u0259rbaycan t\u0259r\u0259finin \u018ffqan Sad\u0131qovla ba\u011fl\u0131 a\u00e7\u0131lm\u0131\u015f cinay\u0259t i\u015fin\u0259 xitam verildiyini bildir\u0259n s\u0259n\u0259d g\u00f6nd\u0259rib\u201d<\/em>, &#8211; dey\u0259 Sad\u0131qova sosial \u015f\u0259b\u0259k\u0259d\u0259 <a href=\"https:\/\/www.facebook.com\/permalink.php?story_fbid=pfbid02j8a2HKW2JpixyAR7UmdABGCC147cUNCZR9LSLom6YefXPKmNfhNZ3uv21rnudKUYl&amp;id=100051564991212&amp;__cft__[0]=AZZ4VNqKlO4VoRPDKHtebJaOafanm67UxF_jFC39ulEq4Gt7k5MSBCtXVrNTSnaLwrh9AUqkxoufsgWaBdPh0wxfH00xq5dy8QvYOuULiGQns9pPkP4oi5pVge42x5VcIF87exEznOeWFLWGUCby40TrM2wVDq4a-I4LJvirsQHv8uQsmRi1_MueuXQ1OctzEXc&amp;__tn__=%2CO%2CP-R\" target=\"_blank\" rel=\"noreferrer noopener nofollow\">payla\u015fd\u0131\u011f\u0131 yaz\u0131da<\/a> qeyd edib.<\/p>\n\n\n\n<p>Sad\u0131qova deyir ki, el\u0259 g\u00f6nd\u0259ril\u0259n h\u0259min m\u0259lumatlar \u0259sas\u0131nda yolda\u015f\u0131 Az\u0259rbaycana deportasiya edilib. O bildirib ki, ASAN Xidm\u0259tin bel\u0259 bir s\u0259n\u0259d t\u0259l\u0259b etm\u0259si qanunsuzdur. Sevinc Sad\u0131qova qeyd edib ki, cinay\u0259t i\u015fin\u0259 xitam verildiyi halda sistemd\u0259 bunun aradan qald\u0131rmamas\u0131 d\u00fc\u015f\u00fcnd\u00fcr\u00fcc\u00fcd\u00fcr:<\/p>\n\n\n\n<p><em>\u201cBu t\u0259l\u0259bin he\u00e7 bir h\u00fcquqi \u0259sas\u0131 yoxdur. Qeyd etm\u0259k ist\u0259yir\u0259m ki, h\u00fcquqi v\u0259 inzibati prosedurlara g\u00f6r\u0259, cinay\u0259t i\u015fin\u0259 xitam verildiyi halda \u015f\u0259xsl\u0259 ba\u011fl\u0131 axtar\u0131\u015f v\u0259 m\u0259hdudiyy\u0259tl\u0259r d\u0259 m\u00fcvafiq qaydada sistemd\u0259n \u00e7\u0131xar\u0131lmal\u0131d\u0131r. Bu s\u0259b\u0259bd\u0259n \u0259lav\u0259 s\u0259n\u0259d t\u0259l\u0259bi do\u011fru hesab edil\u0259 bilm\u0259z\u201d.<\/em><\/p>\n\n\n\n<p>Aprelin 5-n\u0259 ke\u00e7\u0259n gec\u0259 G\u00fcrc\u00fcstan Daxili \u0130\u015fl\u0259r Nazirliyi (D\u0130N) az\u0259rbaycanl\u0131 jurnalist \u018ffqan Sad\u0131qovun 2000 lari m\u0259bl\u0259\u011find\u0259 c\u0259rim\u0259 olundu\u011funu, \u00f6lk\u0259d\u0259n deportasiya edildiyini v\u0259 \u00fc\u00e7 il m\u00fcdd\u0259tin\u0259 G\u00fcrc\u00fcstana giri\u015finin qada\u011fan edildiyini a\u00e7\u0131qlay\u0131b.<\/p>\n\n\n\n<p>Nazirliyin m\u0259lumat\u0131na g\u00f6r\u0259, Sad\u0131qov inzibati qanunvericilik \u00e7\u0259r\u00e7iv\u0259sind\u0259 saxlan\u0131l\u0131b v\u0259 m\u00fcvafiq i\u015f \u00fczr\u0259 m\u0259hk\u0259m\u0259y\u0259 <a href=\"https:\/\/www.facebook.com\/MIAofGeorgia\/posts\/pfbid0uCqAQ487owKvwBJwBQCWVvYnt89JEHuBbWVK6ZXan99r7oKq28puG7yibRzGCQ6bl\" target=\"_blank\" rel=\"noreferrer noopener nofollow\">t\u0259qdim edilib<\/a>. Tbilisi \u015e\u0259h\u0259r M\u0259hk\u0259m\u0259si onu \u0130nzibati X\u0259talar M\u0259c\u0259ll\u0259sinin 173-c\u00fc madd\u0259si \u00fczr\u0259 \u2013 sosial mediada polis \u0259m\u0259kda\u015f\u0131n\u0131 t\u0259hqir etm\u0259kd\u0259 \u2013 t\u0259qsirli bilib. Q\u0259rara \u0259sas\u0259n, o, c\u0259rim\u0259 olunub, deportasiya edilib v\u0259 \u00f6lk\u0259y\u0259 giri\u015fin\u0259 qada\u011fa qoyulub.<\/p>\n\n\n\n<p>Azel TV media orqan\u0131n\u0131n ba\u015f redaktoru \u018ffqan Sad\u0131qov 24 dekabr 2023-c\u00fc ild\u0259n G\u00fcrc\u00fcstanda ya\u015fay\u0131rd\u0131.O, Az\u0259rbaycanda daha \u0259vv\u0259l bir ne\u00e7\u0259 d\u0259f\u0259 h\u0259bs olunub. 2016-c\u0131 ild\u0259 v\u0259zif\u0259li \u015f\u0259xsd\u0259n pul t\u0259l\u0259b etm\u0259 ittiham\u0131 il\u0259 saxlan\u0131l\u0131b v\u0259 m\u0259hk\u0259m\u0259 t\u0259r\u0259find\u0259n azadl\u0131qdan m\u0259hrum edilib. Sad\u0131qov ittihamlar\u0131 r\u0259dd edib, m\u00fcdafi\u0259\u00e7il\u0259ri is\u0259 i\u015fi onun jurnalist f\u0259aliyy\u0259ti il\u0259 \u0259laq\u0259l\u0259ndirib. O, 2019-cu ild\u0259 prezidentin \u0259fv s\u0259r\u0259ncam\u0131 il\u0259 azadl\u0131\u011fa burax\u0131l\u0131b.<\/p>\n\n\n\n<p>Sonrak\u0131 d\u00f6vrd\u0259 d\u0259 onun m\u00fcxt\u0259lif inzibati i\u015fl\u0259r \u00fczr\u0259 m\u0259suliyy\u0259t\u0259 c\u0259lb olundu\u011fu bildirilib.<\/p>\n\n\n\n<p>G\u00fcrc\u00fcstanda ya\u015fad\u0131\u011f\u0131 m\u00fcdd\u0259td\u0259 Sad\u0131qov bir ne\u00e7\u0259 d\u0259f\u0259 inzibati qaydada saxlan\u0131l\u0131b. G\u00fcrc\u00fcstan Daxili \u0130\u015fl\u0259r Nazirliyinin m\u0259lumat\u0131na g\u00f6r\u0259, o, \u00fcmumilikd\u0259 62 d\u0259f\u0259 m\u00fcxt\u0259lif inzibati x\u0259talara g\u00f6r\u0259 m\u0259suliyy\u0259t\u0259 c\u0259lb edilib, o c\u00fcml\u0259d\u0259n toplant\u0131 v\u0259 n\u00fcmayi\u015f qaydalar\u0131n\u0131 pozmaqda v\u0259 iki d\u0259f\u0259 inzibati h\u0259bs c\u0259zas\u0131 al\u0131b.<\/p>\n\n\n\n<p>2024-c\u00fc ilin avqustunda Sad\u0131qov Az\u0259rbaycan h\u00fcquq-m\u00fchafiz\u0259 orqanlar\u0131n\u0131n sor\u011fusu \u0259sas\u0131nda saxlan\u0131l\u0131b v\u0259 Tbilisi \u015e\u0259h\u0259r M\u0259hk\u0259m\u0259si onun bar\u0259sind\u0259 ekstradisiya m\u0259qs\u0259dil\u0259 h\u0259bs q\u0259timkan t\u0259dbiri se\u00e7ib. O, Az\u0259rbaycana ekstradisiyaya etiraz olaraq 2025-ci ilin fevral\u0131nda quru acl\u0131q aksiyas\u0131 elan edib.<\/p>\n\n\n\n<p>2025-ci ilin yanvar\u0131nda Avropa \u0130nsan H\u00fcquqlar\u0131 M\u0259hk\u0259m\u0259si Sad\u0131qovun Az\u0259rbaycana ekstradisiyas\u0131n\u0131 qada\u011fan ed\u0259n m\u00fcv\u0259qq\u0259ti t\u0259dbir t\u0259tbiq edib. 2025-ci ilin aprelind\u0259 is\u0259 o, doqquz ayl\u0131q h\u0259bsd\u0259n sonra girov m\u00fcqabilind\u0259 azadl\u0131\u011fa burax\u0131l\u0131b.<\/p>\n","protected":false},"excerpt":{"rendered":"<p>G\u00fcrc\u00fcstandan Az\u0259rbaycana deportasiya olunmu\u015f jurnalist \u018ffqan Sad\u0131qova \u00fcmumv\u0259t\u0259nda\u015f pasportu verilmir. &#8230; <\/p>\n<p class=\"read-more-container\"><a title=\"Jurnalist \u018ffqan Sad\u0131qova \u00fcmumv\u0259t\u0259nda\u015f pasportu verilm\u0259yib\" class=\"read-more button\" href=\"https:\/\/www.meydan.tv\/az\/article\/jurnalist-efqan-sadiqova-umumv%c9%99t%c9%99ndas-pasportu-verilm%c9%99yib\/#more-344534\" aria-label=\"Read more about Jurnalist \u018ffqan Sad\u0131qova \u00fcmumv\u0259t\u0259nda\u015f pasportu verilm\u0259yib\">Davam\u0131<\/a><\/p>\n","protected":false},"author":21,"featured_media":344132,"comment_status":"closed","ping_status":"closed","sticky":false,"template":"","format":"standard","meta":{"_acf_changed":false,"_sitemap_exclude":false,"_sitemap_priority":"","_sitemap_frequency":"","footnotes":""},"categories":[59,79,56],"tags":[],"class_list":["post-344534","post","type-post","status-publish","format-standard","has-post-thumbnail","hentry","category-siyaset","category-featured","category-xeberler","infinite-scroll-item","generate-columns","tablet-grid-50","mobile-grid-100","grid-parent","grid-33","no-featured-image-padding"],"acf":[],"yoast_head":"<!-- This site is optimized with the Yoast SEO plugin v27.5 - https:\/\/yoast.com\/product\/yoast-seo-wordpress\/ -->\n<title>Jurnalist \u018ffqan Sad\u0131qova \u00fcmumv\u0259t\u0259nda\u015f pasportu verilm\u0259yib - MEYDAN.TV<\/title>\n<meta name=\"robots\" content=\"index, follow, max-snippet:-1, max-image-preview:large, max-video-preview:-1\" \/>\n<link rel=\"canonical\" href=\"https:\/\/www.meydan.tv\/az\/article\/jurnalist-efqan-sadiqova-umumv%c9%99t%c9%99ndas-pasportu-verilm%c9%99yib\/\" \/>\n<meta property=\"og:locale\" content=\"az_AZ\" \/>\n<meta property=\"og:type\" content=\"article\" \/>\n<meta property=\"og:title\" content=\"Jurnalist \u018ffqan Sad\u0131qova \u00fcmumv\u0259t\u0259nda\u015f pasportu verilm\u0259yib - MEYDAN.TV\" \/>\n<meta property=\"og:description\" content=\"G\u00fcrc\u00fcstandan Az\u0259rbaycana deportasiya olunmu\u015f jurnalist \u018ffqan Sad\u0131qova \u00fcmumv\u0259t\u0259nda\u015f pasportu verilmir. ... Davam\u0131\" \/>\n<meta property=\"og:url\" content=\"https:\/\/www.meydan.tv\/az\/article\/jurnalist-efqan-sadiqova-umumv%c9%99t%c9%99ndas-pasportu-verilm%c9%99yib\/\" \/>\n<meta property=\"og:site_name\" content=\"MEYDAN.TV\" \/>\n<meta property=\"article:published_time\" content=\"2026-04-30T11:34:12+00:00\" \/>\n<meta property=\"article:modified_time\" content=\"2026-04-30T11:34:14+00:00\" \/>\n<meta property=\"og:image\" content=\"https:\/\/www.meydan.tv\/wp-content\/uploads\/0221.png\" \/>\n\t<meta property=\"og:image:width\" content=\"1920\" \/>\n\t<meta property=\"og:image:height\" content=\"938\" \/>\n\t<meta property=\"og:image:type\" content=\"image\/png\" \/>\n<meta name=\"author\" content=\"mahmud\" \/>\n<meta name=\"twitter:card\" content=\"summary_large_image\" \/>\n<script type=\"application\/ld+json\" class=\"yoast-schema-graph\">{\"@context\":\"https:\\\/\\\/schema.org\",\"@graph\":[{\"@type\":\"Article\",\"@id\":\"https:\\\/\\\/www.meydan.tv\\\/az\\\/article\\\/jurnalist-efqan-sadiqova-umumv%c9%99t%c9%99ndas-pasportu-verilm%c9%99yib\\\/#article\",\"isPartOf\":{\"@id\":\"https:\\\/\\\/www.meydan.tv\\\/az\\\/article\\\/jurnalist-efqan-sadiqova-umumv%c9%99t%c9%99ndas-pasportu-verilm%c9%99yib\\\/\"},\"author\":{\"name\":\"mahmud\",\"@id\":\"https:\\\/\\\/www.meydan.tv\\\/az\\\/#\\\/schema\\\/person\\\/09863e516102a829e72bedcf3f84c6b0\"},\"headline\":\"Jurnalist \u018ffqan Sad\u0131qova \u00fcmumv\u0259t\u0259nda\u015f pasportu verilm\u0259yib\",\"datePublished\":\"2026-04-30T11:34:12+00:00\",\"dateModified\":\"2026-04-30T11:34:14+00:00\",\"mainEntityOfPage\":{\"@id\":\"https:\\\/\\\/www.meydan.tv\\\/az\\\/article\\\/jurnalist-efqan-sadiqova-umumv%c9%99t%c9%99ndas-pasportu-verilm%c9%99yib\\\/\"},\"wordCount\":732,\"publisher\":{\"@id\":\"https:\\\/\\\/www.meydan.tv\\\/az\\\/#organization\"},\"image\":{\"@id\":\"https:\\\/\\\/www.meydan.tv\\\/az\\\/article\\\/jurnalist-efqan-sadiqova-umumv%c9%99t%c9%99ndas-pasportu-verilm%c9%99yib\\\/#primaryimage\"},\"thumbnailUrl\":\"https:\\\/\\\/www.meydan.tv\\\/wp-content\\\/uploads\\\/0221.png\",\"articleSection\":[\"Siyas\u0259t\",\"T\u00f6vsiy\u0259\",\"X\u0259b\u0259rl\u0259r\"],\"inLanguage\":\"az\"},{\"@type\":\"WebPage\",\"@id\":\"https:\\\/\\\/www.meydan.tv\\\/az\\\/article\\\/jurnalist-efqan-sadiqova-umumv%c9%99t%c9%99ndas-pasportu-verilm%c9%99yib\\\/\",\"url\":\"https:\\\/\\\/www.meydan.tv\\\/az\\\/article\\\/jurnalist-efqan-sadiqova-umumv%c9%99t%c9%99ndas-pasportu-verilm%c9%99yib\\\/\",\"name\":\"Jurnalist \u018ffqan Sad\u0131qova \u00fcmumv\u0259t\u0259nda\u015f pasportu verilm\u0259yib - MEYDAN.TV\",\"isPartOf\":{\"@id\":\"https:\\\/\\\/www.meydan.tv\\\/az\\\/#website\"},\"primaryImageOfPage\":{\"@id\":\"https:\\\/\\\/www.meydan.tv\\\/az\\\/article\\\/jurnalist-efqan-sadiqova-umumv%c9%99t%c9%99ndas-pasportu-verilm%c9%99yib\\\/#primaryimage\"},\"image\":{\"@id\":\"https:\\\/\\\/www.meydan.tv\\\/az\\\/article\\\/jurnalist-efqan-sadiqova-umumv%c9%99t%c9%99ndas-pasportu-verilm%c9%99yib\\\/#primaryimage\"},\"thumbnailUrl\":\"https:\\\/\\\/www.meydan.tv\\\/wp-content\\\/uploads\\\/0221.png\",\"datePublished\":\"2026-04-30T11:34:12+00:00\",\"dateModified\":\"2026-04-30T11:34:14+00:00\",\"breadcrumb\":{\"@id\":\"https:\\\/\\\/www.meydan.tv\\\/az\\\/article\\\/jurnalist-efqan-sadiqova-umumv%c9%99t%c9%99ndas-pasportu-verilm%c9%99yib\\\/#breadcrumb\"},\"inLanguage\":\"az\",\"potentialAction\":[{\"@type\":\"ReadAction\",\"target\":[\"https:\\\/\\\/www.meydan.tv\\\/az\\\/article\\\/jurnalist-efqan-sadiqova-umumv%c9%99t%c9%99ndas-pasportu-verilm%c9%99yib\\\/\"]}]},{\"@type\":\"ImageObject\",\"inLanguage\":\"az\",\"@id\":\"https:\\\/\\\/www.meydan.tv\\\/az\\\/article\\\/jurnalist-efqan-sadiqova-umumv%c9%99t%c9%99ndas-pasportu-verilm%c9%99yib\\\/#primaryimage\",\"url\":\"https:\\\/\\\/www.meydan.tv\\\/wp-content\\\/uploads\\\/0221.png\",\"contentUrl\":\"https:\\\/\\\/www.meydan.tv\\\/wp-content\\\/uploads\\\/0221.png\",\"width\":1920,\"height\":938,\"caption\":\"\u018ffqan Sad\u0131qov - Foto: \u015e\u0259xsi Facebook Arxivi\"},{\"@type\":\"BreadcrumbList\",\"@id\":\"https:\\\/\\\/www.meydan.tv\\\/az\\\/article\\\/jurnalist-efqan-sadiqova-umumv%c9%99t%c9%99ndas-pasportu-verilm%c9%99yib\\\/#breadcrumb\",\"itemListElement\":[{\"@type\":\"ListItem\",\"position\":1,\"name\":\"Ana s\u0259hif\u0259\",\"item\":\"https:\\\/\\\/www.meydan.tv\\\/az\\\/\"},{\"@type\":\"ListItem\",\"position\":2,\"name\":\"Siyas\u0259t\",\"item\":\"https:\\\/\\\/www.meydan.tv\\\/az\\\/section\\\/siyaset\\\/\"},{\"@type\":\"ListItem\",\"position\":3,\"name\":\"Jurnalist \u018ffqan Sad\u0131qova \u00fcmumv\u0259t\u0259nda\u015f pasportu verilm\u0259yib\"}]},{\"@type\":\"WebSite\",\"@id\":\"https:\\\/\\\/www.meydan.tv\\\/az\\\/#website\",\"url\":\"https:\\\/\\\/www.meydan.tv\\\/az\\\/\",\"name\":\"MEYDAN.TV\",\"description\":\"Meydan TV Az\u0259rbaycan\u0131n media m\u0259kan\u0131ndak\u0131 alternativ s\u0259sidir\",\"publisher\":{\"@id\":\"https:\\\/\\\/www.meydan.tv\\\/az\\\/#organization\"},\"potentialAction\":[{\"@type\":\"SearchAction\",\"target\":{\"@type\":\"EntryPoint\",\"urlTemplate\":\"https:\\\/\\\/www.meydan.tv\\\/az\\\/?s={search_term_string}\"},\"query-input\":{\"@type\":\"PropertyValueSpecification\",\"valueRequired\":true,\"valueName\":\"search_term_string\"}}],\"inLanguage\":\"az\"},{\"@type\":\"Organization\",\"@id\":\"https:\\\/\\\/www.meydan.tv\\\/az\\\/#organization\",\"name\":\"Meydan TV\",\"url\":\"https:\\\/\\\/www.meydan.tv\\\/az\\\/\",\"logo\":{\"@type\":\"ImageObject\",\"inLanguage\":\"az\",\"@id\":\"https:\\\/\\\/www.meydan.tv\\\/az\\\/#\\\/schema\\\/logo\\\/image\\\/\",\"url\":\"https:\\\/\\\/www.meydan.tv\\\/wp-content\\\/uploads\\\/2021\\\/07\\\/meydan-logo.svg\",\"contentUrl\":\"https:\\\/\\\/www.meydan.tv\\\/wp-content\\\/uploads\\\/2021\\\/07\\\/meydan-logo.svg\",\"width\":195,\"height\":46,\"caption\":\"Meydan TV\"},\"image\":{\"@id\":\"https:\\\/\\\/www.meydan.tv\\\/az\\\/#\\\/schema\\\/logo\\\/image\\\/\"}},{\"@type\":\"Person\",\"@id\":\"https:\\\/\\\/www.meydan.tv\\\/az\\\/#\\\/schema\\\/person\\\/09863e516102a829e72bedcf3f84c6b0\",\"name\":\"mahmud\"}]}<\/script>\n<!-- \/ Yoast SEO plugin. -->","yoast_head_json":{"title":"Jurnalist \u018ffqan Sad\u0131qova \u00fcmumv\u0259t\u0259nda\u015f pasportu verilm\u0259yib - MEYDAN.TV","robots":{"index":"index","follow":"follow","max-snippet":"max-snippet:-1","max-image-preview":"max-image-preview:large","max-video-preview":"max-video-preview:-1"},"canonical":"https:\/\/www.meydan.tv\/az\/article\/jurnalist-efqan-sadiqova-umumv%c9%99t%c9%99ndas-pasportu-verilm%c9%99yib\/","og_locale":"az_AZ","og_type":"article","og_title":"Jurnalist \u018ffqan Sad\u0131qova \u00fcmumv\u0259t\u0259nda\u015f pasportu verilm\u0259yib - MEYDAN.TV","og_description":"G\u00fcrc\u00fcstandan Az\u0259rbaycana deportasiya olunmu\u015f jurnalist \u018ffqan Sad\u0131qova \u00fcmumv\u0259t\u0259nda\u015f pasportu verilmir. ... Davam\u0131","og_url":"https:\/\/www.meydan.tv\/az\/article\/jurnalist-efqan-sadiqova-umumv%c9%99t%c9%99ndas-pasportu-verilm%c9%99yib\/","og_site_name":"MEYDAN.TV","article_published_time":"2026-04-30T11:34:12+00:00","article_modified_time":"2026-04-30T11:34:14+00:00","og_image":[{"width":1920,"height":938,"url":"https:\/\/www.meydan.tv\/wp-content\/uploads\/0221.png","type":"image\/png"}],"author":"mahmud","twitter_card":"summary_large_image","schema":{"@context":"https:\/\/schema.org","@graph":[{"@type":"Article","@id":"https:\/\/www.meydan.tv\/az\/article\/jurnalist-efqan-sadiqova-umumv%c9%99t%c9%99ndas-pasportu-verilm%c9%99yib\/#article","isPartOf":{"@id":"https:\/\/www.meydan.tv\/az\/article\/jurnalist-efqan-sadiqova-umumv%c9%99t%c9%99ndas-pasportu-verilm%c9%99yib\/"},"author":{"name":"mahmud","@id":"https:\/\/www.meydan.tv\/az\/#\/schema\/person\/09863e516102a829e72bedcf3f84c6b0"},"headline":"Jurnalist \u018ffqan Sad\u0131qova \u00fcmumv\u0259t\u0259nda\u015f pasportu verilm\u0259yib","datePublished":"2026-04-30T11:34:12+00:00","dateModified":"2026-04-30T11:34:14+00:00","mainEntityOfPage":{"@id":"https:\/\/www.meydan.tv\/az\/article\/jurnalist-efqan-sadiqova-umumv%c9%99t%c9%99ndas-pasportu-verilm%c9%99yib\/"},"wordCount":732,"publisher":{"@id":"https:\/\/www.meydan.tv\/az\/#organization"},"image":{"@id":"https:\/\/www.meydan.tv\/az\/article\/jurnalist-efqan-sadiqova-umumv%c9%99t%c9%99ndas-pasportu-verilm%c9%99yib\/#primaryimage"},"thumbnailUrl":"https:\/\/www.meydan.tv\/wp-content\/uploads\/0221.png","articleSection":["Siyas\u0259t","T\u00f6vsiy\u0259","X\u0259b\u0259rl\u0259r"],"inLanguage":"az"},{"@type":"WebPage","@id":"https:\/\/www.meydan.tv\/az\/article\/jurnalist-efqan-sadiqova-umumv%c9%99t%c9%99ndas-pasportu-verilm%c9%99yib\/","url":"https:\/\/www.meydan.tv\/az\/article\/jurnalist-efqan-sadiqova-umumv%c9%99t%c9%99ndas-pasportu-verilm%c9%99yib\/","name":"Jurnalist \u018ffqan Sad\u0131qova \u00fcmumv\u0259t\u0259nda\u015f pasportu verilm\u0259yib - MEYDAN.TV","isPartOf":{"@id":"https:\/\/www.meydan.tv\/az\/#website"},"primaryImageOfPage":{"@id":"https:\/\/www.meydan.tv\/az\/article\/jurnalist-efqan-sadiqova-umumv%c9%99t%c9%99ndas-pasportu-verilm%c9%99yib\/#primaryimage"},"image":{"@id":"https:\/\/www.meydan.tv\/az\/article\/jurnalist-efqan-sadiqova-umumv%c9%99t%c9%99ndas-pasportu-verilm%c9%99yib\/#primaryimage"},"thumbnailUrl":"https:\/\/www.meydan.tv\/wp-content\/uploads\/0221.png","datePublished":"2026-04-30T11:34:12+00:00","dateModified":"2026-04-30T11:34:14+00:00","breadcrumb":{"@id":"https:\/\/www.meydan.tv\/az\/article\/jurnalist-efqan-sadiqova-umumv%c9%99t%c9%99ndas-pasportu-verilm%c9%99yib\/#breadcrumb"},"inLanguage":"az","potentialAction":[{"@type":"ReadAction","target":["https:\/\/www.meydan.tv\/az\/article\/jurnalist-efqan-sadiqova-umumv%c9%99t%c9%99ndas-pasportu-verilm%c9%99yib\/"]}]},{"@type":"ImageObject","inLanguage":"az","@id":"https:\/\/www.meydan.tv\/az\/article\/jurnalist-efqan-sadiqova-umumv%c9%99t%c9%99ndas-pasportu-verilm%c9%99yib\/#primaryimage","url":"https:\/\/www.meydan.tv\/wp-content\/uploads\/0221.png","contentUrl":"https:\/\/www.meydan.tv\/wp-content\/uploads\/0221.png","width":1920,"height":938,"caption":"\u018ffqan Sad\u0131qov - Foto: \u015e\u0259xsi Facebook Arxivi"},{"@type":"BreadcrumbList","@id":"https:\/\/www.meydan.tv\/az\/article\/jurnalist-efqan-sadiqova-umumv%c9%99t%c9%99ndas-pasportu-verilm%c9%99yib\/#breadcrumb","itemListElement":[{"@type":"ListItem","position":1,"name":"Ana s\u0259hif\u0259","item":"https:\/\/www.meydan.tv\/az\/"},{"@type":"ListItem","position":2,"name":"Siyas\u0259t","item":"https:\/\/www.meydan.tv\/az\/section\/siyaset\/"},{"@type":"ListItem","position":3,"name":"Jurnalist \u018ffqan Sad\u0131qova \u00fcmumv\u0259t\u0259nda\u015f pasportu verilm\u0259yib"}]},{"@type":"WebSite","@id":"https:\/\/www.meydan.tv\/az\/#website","url":"https:\/\/www.meydan.tv\/az\/","name":"MEYDAN.TV","description":"Meydan TV Az\u0259rbaycan\u0131n media m\u0259kan\u0131ndak\u0131 alternativ s\u0259sidir","publisher":{"@id":"https:\/\/www.meydan.tv\/az\/#organization"},"potentialAction":[{"@type":"SearchAction","target":{"@type":"EntryPoint","urlTemplate":"https:\/\/www.meydan.tv\/az\/?s={search_term_string}"},"query-input":{"@type":"PropertyValueSpecification","valueRequired":true,"valueName":"search_term_string"}}],"inLanguage":"az"},{"@type":"Organization","@id":"https:\/\/www.meydan.tv\/az\/#organization","name":"Meydan TV","url":"https:\/\/www.meydan.tv\/az\/","logo":{"@type":"ImageObject","inLanguage":"az","@id":"https:\/\/www.meydan.tv\/az\/#\/schema\/logo\/image\/","url":"https:\/\/www.meydan.tv\/wp-content\/uploads\/2021\/07\/meydan-logo.svg","contentUrl":"https:\/\/www.meydan.tv\/wp-content\/uploads\/2021\/07\/meydan-logo.svg","width":195,"height":46,"caption":"Meydan TV"},"image":{"@id":"https:\/\/www.meydan.tv\/az\/#\/schema\/logo\/image\/"}},{"@type":"Person","@id":"https:\/\/www.meydan.tv\/az\/#\/schema\/person\/09863e516102a829e72bedcf3f84c6b0","name":"mahmud"}]}},"_links":{"self":[{"href":"https:\/\/www.meydan.tv\/az\/wp-json\/wp\/v2\/posts\/344534","targetHints":{"allow":["GET"]}}],"collection":[{"href":"https:\/\/www.meydan.tv\/az\/wp-json\/wp\/v2\/posts"}],"about":[{"href":"https:\/\/www.meydan.tv\/az\/wp-json\/wp\/v2\/types\/post"}],"author":[{"embeddable":true,"href":"https:\/\/www.meydan.tv\/az\/wp-json\/wp\/v2\/users\/21"}],"replies":[{"embeddable":true,"href":"https:\/\/www.meydan.tv\/az\/wp-json\/wp\/v2\/comments?post=344534"}],"version-history":[{"count":2,"href":"https:\/\/www.meydan.tv\/az\/wp-json\/wp\/v2\/posts\/344534\/revisions"}],"predecessor-version":[{"id":344536,"href":"https:\/\/www.meydan.tv\/az\/wp-json\/wp\/v2\/posts\/344534\/revisions\/344536"}],"wp:featuredmedia":[{"embeddable":true,"href":"https:\/\/www.meydan.tv\/az\/wp-json\/wp\/v2\/media\/344132"}],"wp:attachment":[{"href":"https:\/\/www.meydan.tv\/az\/wp-json\/wp\/v2\/media?parent=344534"}],"wp:term":[{"taxonomy":"category","embeddable":true,"href":"https:\/\/www.meydan.tv\/az\/wp-json\/wp\/v2\/categories?post=344534"},{"taxonomy":"post_tag","embeddable":true,"href":"https:\/\/www.meydan.tv\/az\/wp-json\/wp\/v2\/tags?post=344534"}],"curies":[{"name":"wp","href":"https:\/\/api.w.org\/{rel}","templated":true}]}}