{"id":344517,"date":"2026-04-30T14:17:09","date_gmt":"2026-04-30T10:17:09","guid":{"rendered":"https:\/\/www.meydan.tv\/?p=344517"},"modified":"2026-04-30T14:54:49","modified_gmt":"2026-04-30T10:54:49","slug":"pasinyan-az%c9%99rbaycanin-bas-nazir-muavininin-erm%c9%99nistana-s%c9%99f%c9%99ri-tarixi-hadis%c9%99dir","status":"publish","type":"post","link":"https:\/\/www.meydan.tv\/az\/article\/pasinyan-az%c9%99rbaycanin-bas-nazir-muavininin-erm%c9%99nistana-s%c9%99f%c9%99ri-tarixi-hadis%c9%99dir\/","title":{"rendered":"Pa\u015finyan: &#8220;Az\u0259rbaycan\u0131n ba\u015f nazir m\u00fcavininin Erm\u0259nistana s\u0259f\u0259ri tarixi hadis\u0259dir&#8221;"},"content":{"rendered":"\n<p>Aprelin 29-da Az\u0259rbaycan v\u0259 Erm\u0259nistan aras\u0131nda d\u00f6vl\u0259t s\u0259rh\u0259dinin delimitasiyas\u0131 \u00fczr\u0259 komissiyalar\u0131n 13-c\u00fc iclas\u0131 ke\u00e7irilib.<\/p>\n\n\n\n<p>G\u00f6r\u00fc\u015f\u0259 Az\u0259rbaycan ba\u015f nazirinin m\u00fcavini \u015eahin Mustafayev v\u0259 Erm\u0259nistan ba\u015f nazirinin m\u00fcavini Mher Qriqoryan s\u0259drlik edib.<\/p>\n\n\n\n<p>Erm\u0259nistanda ba\u015f tutan g\u00f6r\u00fc\u015fl\u0259 ba\u011fl\u0131 r\u0259smi <a href=\"https:\/\/azertag.az\/xeber\/azerbaycan_respublikasi_ile_ermenistan_respublikasi_arasinda_dovlet_serhedinin_delimitasiyasi_uzre_dovlet_komissiyasinin_katibliyinin_melumati-4157499\">m\u0259lumata<\/a> g\u00f6r\u0259, t\u0259r\u0259fl\u0259r s\u0259rh\u0259din delimitasiyas\u0131 il\u0259 ba\u011fl\u0131 t\u0259\u015fkilati v\u0259 texniki m\u0259s\u0259l\u0259l\u0259ri m\u00fczakir\u0259 edibl\u0259r. Eyni zamanda delimitasiya prosesinin apar\u0131lmas\u0131 qaydalar\u0131na dair bir ne\u00e7\u0259 t\u0259limat layih\u0259si raz\u0131la\u015fd\u0131r\u0131l\u0131b v\u0259 t\u0259r\u0259fl\u0259r aras\u0131nda m\u00fcbadil\u0259 olunub.<\/p>\n\n\n\n<p>G\u00f6r\u00fc\u015fd\u0259 delimitasiya \u00fczr\u0259 ekspert qruplar\u0131n\u0131n i\u015f qaydas\u0131, d\u00f6vl\u0259t s\u0259rh\u0259dinin delimitasiya x\u0259rit\u0259sinin haz\u0131rlanmas\u0131, delimitasiya s\u0259n\u0259dl\u0259rinin t\u0259rtibat\u0131 v\u0259 n\u0259\u015fri qaydas\u0131 haqq\u0131nda t\u0259limat s\u0259n\u0259dl\u0259ri raz\u0131la\u015fd\u0131r\u0131l\u0131b. &nbsp;T\u0259r\u0259fl\u0259r bu s\u0259n\u0259dl\u0259rin t\u0259sdiqi \u00fc\u00e7\u00fcn \u00f6z h\u00f6kum\u0259tl\u0259rin\u0259 m\u00fcraci\u0259t etm\u0259k bar\u0259d\u0259 raz\u0131l\u0131\u011fa g\u0259libl\u0259r.<\/p>\n\n\n\n<p>G\u00f6r\u00fc\u015f zaman\u0131 Az\u0259rbaycan v\u0259 Erm\u0259nistan n\u00fcmay\u0259nd\u0259l\u0259ri iqtisadi-ticari \u0259m\u0259kda\u015fl\u0131q m\u0259s\u0259l\u0259l\u0259rini d\u0259 m\u00fczakir\u0259 edibl\u0259r. Bildirilib ki, Az\u0259rbaycan \u0259razisind\u0259n Erm\u0259nistana y\u00fckl\u0259rin tranziti davam edir.<\/p>\n\n\n\n<p>R\u0259smi m\u0259lumatda qeyd olunub ki, Az\u0259rbaycan\u0131n Erm\u0259nistana neft m\u0259hsullar\u0131 t\u0259dar\u00fck\u00fc iki \u00f6lk\u0259 aras\u0131nda iqtisadi \u0259laq\u0259l\u0259rin formala\u015fmas\u0131n\u0131n g\u00f6st\u0259ricisi kimi qiym\u0259tl\u0259ndirilib.<\/p>\n\n\n\n<p>H\u0259m\u00e7inin i\u015fg\u00fczar dair\u0259l\u0259rin n\u00fcmay\u0259nd\u0259l\u0259rinin i\u015ftirak\u0131 il\u0259 mallar\u0131n v\u0259 xidm\u0259tl\u0259rin qar\u015f\u0131l\u0131ql\u0131 t\u0259dar\u00fck\u00fc, el\u0259c\u0259 d\u0259 tranzit da\u015f\u0131malar\u0131 bar\u0259d\u0259 fikir m\u00fcbadil\u0259si apar\u0131l\u0131b.<\/p>\n\n\n\n<p>G\u00f6r\u00fc\u015f\u00fcn sonunda t\u0259r\u0259fl\u0259r yekun protokolu imzalay\u0131blar.<\/p>\n\n\n\n<p>Komissiyalar\u0131n n\u00f6vb\u0259ti iclas\u0131n\u0131n Az\u0259rbaycanda ke\u00e7irilm\u0259si planla\u015fd\u0131r\u0131l\u0131r. Tarixin i\u015f\u00e7i qaydada m\u00fc\u0259yy\u0259n edil\u0259c\u0259yi bildirilib.<br><br>Erm\u0259nistan\u0131n ba\u015f naziri Nikol Pa\u015finyan aprelin 30-da jurnalistl\u0259r\u0259 <a href=\"https:\/\/news.am\/ru\/video\/1031550\" target=\"_blank\" rel=\"noreferrer noopener nofollow\">a\u00e7\u0131qlamas\u0131nda<\/a> \u015eahin Mustafayevin s\u0259f\u0259rinin gizli saxlan\u0131ld\u0131\u011f\u0131 bar\u0259d\u0259 iddialar\u0131 r\u0259dd edib. Pa\u015finyan bildirib ki, s\u0259f\u0259rl\u0259rl\u0259 ba\u011fl\u0131 m\u0259xfilik t\u0259hl\u00fck\u0259sizlik m\u0259qs\u0259di da\u015f\u0131y\u0131r v\u0259 bu, qar\u015f\u0131l\u0131ql\u0131 t\u0259tbiq olunan qaydad\u0131r. O, ba\u015f nazir m\u00fcavinl\u0259rinin qar\u015f\u0131l\u0131ql\u0131 s\u0259f\u0259rl\u0259rini s\u00fclh prosesinin institusionalla\u015fd\u0131r\u0131lmas\u0131 bax\u0131m\u0131ndan \u201ctarixi\u201d adland\u0131r\u0131b.<\/p>\n\n\n\n<p>O vur\u011fulay\u0131b ki, iki \u00f6lk\u0259 aras\u0131nda g\u0259l\u0259c\u0259kd\u0259 t\u0259bii v\u0259 qon\u015fuluq m\u00fcnasib\u0259tl\u0259ri qurulmal\u0131d\u0131r.<br><br>Pa\u015finyan bildirib ki, \u0259vv\u0259ll\u0259r Erm\u0259nistan v\u0259 Az\u0259rbaycan i\u015f adamlar\u0131 mal siyah\u0131lar\u0131n\u0131 iki \u00f6lk\u0259nin h\u00f6kum\u0259tl\u0259ri vasit\u0259sil\u0259 m\u00fcbadil\u0259 edirdil\u0259r, amma art\u0131q buna ehtiyac yoxdur<\/p>\n\n\n\n<p>Onun s\u00f6zl\u0259rin\u0259 g\u00f6r\u0259, bundan sonra iki \u00f6lk\u0259nin i\u015f adamlar\u0131 birba\u015fa \u0259m\u0259kda\u015fl\u0131q ed\u0259 bil\u0259rl\u0259r.<\/p>\n\n\n\n<p>Pa\u015finyan <a href=\"https:\/\/news.am\/ru\/video\/1031571\" target=\"_blank\" rel=\"noreferrer noopener nofollow\">\u0259lav\u0259 edib<\/a> ki, Erm\u0259nistan v\u0259 Az\u0259rbaycan\u0131n bir-birin\u0259 t\u0259dar\u00fck etdiyi m\u0259hsullar\u0131n \u00e7e\u015fidi g\u0259l\u0259c\u0259kd\u0259 geni\u015fl\u0259n\u0259 bil\u0259r, lakin bununla ba\u011fl\u0131 h\u0259l\u0259 konkret raz\u0131la\u015fma yoxdur.<\/p>\n\n\n\n<p>O bildirib ki, \u015eahin Mustafayevl\u0259 g\u00f6r\u00fc\u015f\u0259n erm\u0259ni i\u015f adamlar\u0131n\u0131n adlar\u0131n\u0131 a\u00e7\u0131qlamayacaq. Ba\u015f nazir bunu onlar\u0131n m\u00fc\u0259yy\u0259n dair\u0259l\u0259rin t\u0259zyiqi il\u0259 \u00fczl\u0259\u015fm\u0259m\u0259si il\u0259 \u0259sasland\u0131r\u0131b.<\/p>\n\n\n\n<p>S\u0259rh\u0259d delimitasiyas\u0131 \u00fczr\u0259 komissiyalar\u0131n bundan \u0259vv\u0259lki iclas\u0131 \u00f6t\u0259n ilin noyabr\u0131nda Q\u0259b\u0259l\u0259d\u0259 ke\u00e7irilmi\u015fdi. H\u0259min g\u00f6r\u00fc\u015fd\u0259 n\u00f6vb\u0259ti iclas\u0131n Erm\u0259nistanda t\u0259\u015fkili bar\u0259d\u0259 raz\u0131l\u0131q \u0259ld\u0259 olunmu\u015fdu.<\/p>\n\n\n\n<p>Az\u0259rbaycan v\u0259 Erm\u0259nistan aras\u0131nda s\u0259rh\u0259din delimitasiyas\u0131 prosesi son ill\u0259rd\u0259 iki \u00f6lk\u0259 aras\u0131nda apar\u0131lan s\u00fclh dan\u0131\u015f\u0131qlar\u0131n\u0131n \u0259sas istiqam\u0259tl\u0259rind\u0259n biri say\u0131l\u0131r.<\/p>\n\n\n\n<p class=\"has-global-color-7-color has-text-color has-link-color has-medium-font-size wp-elements-d3cebf3cbb417cdd81b22d2eb819ffad\">Q\u0131sa tarix\u00e7\u0259<\/p>\n\n\n\n<p>Az\u0259rbaycanla Erm\u0259nistan aras\u0131nda m\u00fcnaqi\u015f\u0259 1980-ci ill\u0259rin sonlar\u0131nda ba\u015flay\u0131b. 1990-c\u0131 ill\u0259rin \u0259vv\u0259ll\u0259rind\u0259 Az\u0259rbaycan\u0131n Qaraba\u011f b\u00f6lg\u0259si v\u0259 \u0259traf yeddi rayonu i\u015f\u011fal edilib. 2020-ci ild\u0259 44 g\u00fcnl\u00fck m\u00fcharib\u0259 v\u0259 2023-c\u00fc ild\u0259 birg\u00fcnl\u00fck h\u0259rbi \u0259m\u0259liyyatlar n\u0259tic\u0259sind\u0259 Bak\u0131 b\u00fct\u00fcn \u0259razil\u0259rind\u0259 suverenliyini b\u0259rpa edib.<\/p>\n\n\n\n<p>2025-ci il avqustun 8-d\u0259 is\u0259 30 ild\u0259n \u00e7ox davam ed\u0259n m\u00fcnaqi\u015f\u0259d\u0259n sonra Az\u0259rbaycan v\u0259 Erm\u0259nistan\u0131n r\u0259smil\u0259ri Va\u015finqtonda s\u00fclh m\u00fcqavil\u0259sinin m\u0259tni paraflay\u0131b. Paraflanan s\u0259n\u0259d t\u0259r\u0259fl\u0259rin bir-birinin \u0259razi b\u00fct\u00f6vl\u00fcy\u00fcn\u00fc tan\u0131mas\u0131n\u0131 v\u0259 qar\u015f\u0131l\u0131ql\u0131 iddialar\u0131n geri \u00e7\u0259kilm\u0259sini n\u0259z\u0259rd\u0259 tutur. AB\u015e Prezidentinin i\u015ftirak\u0131 il\u0259 g\u00f6r\u00fc\u015fd\u0259 b\u0259yannam\u0259 d\u0259 imzalan\u0131b. B\u0259yannam\u0259y\u0259 \u0259sas\u0259n, Erm\u0259nistan\u0131n c\u0259nubundan ke\u00e7m\u0259kl\u0259 Az\u0259rbaycan\u0131n \u0259sas hiss\u0259si il\u0259 Nax\u00e7\u0131van aras\u0131nda mane\u0259siz \u0259laq\u0259 yarad\u0131lacaq.&nbsp;<\/p>\n","protected":false},"excerpt":{"rendered":"<p>Aprelin 29-da Az\u0259rbaycan v\u0259 Erm\u0259nistan aras\u0131nda d\u00f6vl\u0259t s\u0259rh\u0259dinin delimitasiyas\u0131 \u00fczr\u0259 &#8230; <\/p>\n<p class=\"read-more-container\"><a title=\"Pa\u015finyan: &#8220;Az\u0259rbaycan\u0131n ba\u015f nazir m\u00fcavininin Erm\u0259nistana s\u0259f\u0259ri tarixi hadis\u0259dir&#8221;\" class=\"read-more button\" href=\"https:\/\/www.meydan.tv\/az\/article\/pasinyan-az%c9%99rbaycanin-bas-nazir-muavininin-erm%c9%99nistana-s%c9%99f%c9%99ri-tarixi-hadis%c9%99dir\/#more-344517\" aria-label=\"Read more about Pa\u015finyan: &#8220;Az\u0259rbaycan\u0131n ba\u015f nazir m\u00fcavininin Erm\u0259nistana s\u0259f\u0259ri tarixi hadis\u0259dir&#8221;\">Davam\u0131<\/a><\/p>\n","protected":false},"author":21,"featured_media":344526,"comment_status":"closed","ping_status":"closed","sticky":false,"template":"","format":"standard","meta":{"_acf_changed":false,"_sitemap_exclude":false,"_sitemap_priority":"","_sitemap_frequency":"","footnotes":""},"categories":[59,79,56],"tags":[],"class_list":["post-344517","post","type-post","status-publish","format-standard","has-post-thumbnail","hentry","category-siyaset","category-featured","category-xeberler","infinite-scroll-item","generate-columns","tablet-grid-50","mobile-grid-100","grid-parent","grid-33","no-featured-image-padding"],"acf":[],"yoast_head":"<!-- This site is optimized with the Yoast SEO plugin v27.5 - https:\/\/yoast.com\/product\/yoast-seo-wordpress\/ -->\n<title>Pa\u015finyan: &quot;Az\u0259rbaycan\u0131n ba\u015f nazir m\u00fcavininin Erm\u0259nistana s\u0259f\u0259ri tarixi hadis\u0259dir&quot; - MEYDAN.TV<\/title>\n<meta name=\"robots\" content=\"index, follow, max-snippet:-1, max-image-preview:large, max-video-preview:-1\" \/>\n<link rel=\"canonical\" href=\"https:\/\/www.meydan.tv\/az\/article\/pasinyan-az%c9%99rbaycanin-bas-nazir-muavininin-erm%c9%99nistana-s%c9%99f%c9%99ri-tarixi-hadis%c9%99dir\/\" \/>\n<meta property=\"og:locale\" content=\"az_AZ\" \/>\n<meta property=\"og:type\" content=\"article\" \/>\n<meta property=\"og:title\" content=\"Pa\u015finyan: &quot;Az\u0259rbaycan\u0131n ba\u015f nazir m\u00fcavininin Erm\u0259nistana s\u0259f\u0259ri tarixi hadis\u0259dir&quot; - MEYDAN.TV\" \/>\n<meta property=\"og:description\" content=\"Aprelin 29-da Az\u0259rbaycan v\u0259 Erm\u0259nistan aras\u0131nda d\u00f6vl\u0259t s\u0259rh\u0259dinin delimitasiyas\u0131 \u00fczr\u0259 ... Davam\u0131\" \/>\n<meta property=\"og:url\" content=\"https:\/\/www.meydan.tv\/az\/article\/pasinyan-az%c9%99rbaycanin-bas-nazir-muavininin-erm%c9%99nistana-s%c9%99f%c9%99ri-tarixi-hadis%c9%99dir\/\" \/>\n<meta property=\"og:site_name\" content=\"MEYDAN.TV\" \/>\n<meta property=\"article:published_time\" content=\"2026-04-30T10:17:09+00:00\" \/>\n<meta property=\"article:modified_time\" content=\"2026-04-30T10:54:49+00:00\" \/>\n<meta property=\"og:image\" content=\"https:\/\/www.meydan.tv\/wp-content\/uploads\/pashik-4.jpg\" \/>\n\t<meta property=\"og:image:width\" content=\"1200\" \/>\n\t<meta property=\"og:image:height\" content=\"377\" \/>\n\t<meta property=\"og:image:type\" content=\"image\/jpeg\" \/>\n<meta name=\"author\" content=\"mahmud\" \/>\n<meta name=\"twitter:card\" content=\"summary_large_image\" \/>\n<script type=\"application\/ld+json\" class=\"yoast-schema-graph\">{\"@context\":\"https:\\\/\\\/schema.org\",\"@graph\":[{\"@type\":\"Article\",\"@id\":\"https:\\\/\\\/www.meydan.tv\\\/az\\\/article\\\/pasinyan-az%c9%99rbaycanin-bas-nazir-muavininin-erm%c9%99nistana-s%c9%99f%c9%99ri-tarixi-hadis%c9%99dir\\\/#article\",\"isPartOf\":{\"@id\":\"https:\\\/\\\/www.meydan.tv\\\/az\\\/article\\\/pasinyan-az%c9%99rbaycanin-bas-nazir-muavininin-erm%c9%99nistana-s%c9%99f%c9%99ri-tarixi-hadis%c9%99dir\\\/\"},\"author\":{\"name\":\"mahmud\",\"@id\":\"https:\\\/\\\/www.meydan.tv\\\/az\\\/#\\\/schema\\\/person\\\/09863e516102a829e72bedcf3f84c6b0\"},\"headline\":\"Pa\u015finyan: &#8220;Az\u0259rbaycan\u0131n ba\u015f nazir m\u00fcavininin Erm\u0259nistana s\u0259f\u0259ri tarixi hadis\u0259dir&#8221;\",\"datePublished\":\"2026-04-30T10:17:09+00:00\",\"dateModified\":\"2026-04-30T10:54:49+00:00\",\"mainEntityOfPage\":{\"@id\":\"https:\\\/\\\/www.meydan.tv\\\/az\\\/article\\\/pasinyan-az%c9%99rbaycanin-bas-nazir-muavininin-erm%c9%99nistana-s%c9%99f%c9%99ri-tarixi-hadis%c9%99dir\\\/\"},\"wordCount\":889,\"publisher\":{\"@id\":\"https:\\\/\\\/www.meydan.tv\\\/az\\\/#organization\"},\"image\":{\"@id\":\"https:\\\/\\\/www.meydan.tv\\\/az\\\/article\\\/pasinyan-az%c9%99rbaycanin-bas-nazir-muavininin-erm%c9%99nistana-s%c9%99f%c9%99ri-tarixi-hadis%c9%99dir\\\/#primaryimage\"},\"thumbnailUrl\":\"https:\\\/\\\/www.meydan.tv\\\/wp-content\\\/uploads\\\/pashik-4.jpg\",\"articleSection\":[\"Siyas\u0259t\",\"T\u00f6vsiy\u0259\",\"X\u0259b\u0259rl\u0259r\"],\"inLanguage\":\"az\"},{\"@type\":\"WebPage\",\"@id\":\"https:\\\/\\\/www.meydan.tv\\\/az\\\/article\\\/pasinyan-az%c9%99rbaycanin-bas-nazir-muavininin-erm%c9%99nistana-s%c9%99f%c9%99ri-tarixi-hadis%c9%99dir\\\/\",\"url\":\"https:\\\/\\\/www.meydan.tv\\\/az\\\/article\\\/pasinyan-az%c9%99rbaycanin-bas-nazir-muavininin-erm%c9%99nistana-s%c9%99f%c9%99ri-tarixi-hadis%c9%99dir\\\/\",\"name\":\"Pa\u015finyan: \\\"Az\u0259rbaycan\u0131n ba\u015f nazir m\u00fcavininin Erm\u0259nistana s\u0259f\u0259ri tarixi hadis\u0259dir\\\" - MEYDAN.TV\",\"isPartOf\":{\"@id\":\"https:\\\/\\\/www.meydan.tv\\\/az\\\/#website\"},\"primaryImageOfPage\":{\"@id\":\"https:\\\/\\\/www.meydan.tv\\\/az\\\/article\\\/pasinyan-az%c9%99rbaycanin-bas-nazir-muavininin-erm%c9%99nistana-s%c9%99f%c9%99ri-tarixi-hadis%c9%99dir\\\/#primaryimage\"},\"image\":{\"@id\":\"https:\\\/\\\/www.meydan.tv\\\/az\\\/article\\\/pasinyan-az%c9%99rbaycanin-bas-nazir-muavininin-erm%c9%99nistana-s%c9%99f%c9%99ri-tarixi-hadis%c9%99dir\\\/#primaryimage\"},\"thumbnailUrl\":\"https:\\\/\\\/www.meydan.tv\\\/wp-content\\\/uploads\\\/pashik-4.jpg\",\"datePublished\":\"2026-04-30T10:17:09+00:00\",\"dateModified\":\"2026-04-30T10:54:49+00:00\",\"breadcrumb\":{\"@id\":\"https:\\\/\\\/www.meydan.tv\\\/az\\\/article\\\/pasinyan-az%c9%99rbaycanin-bas-nazir-muavininin-erm%c9%99nistana-s%c9%99f%c9%99ri-tarixi-hadis%c9%99dir\\\/#breadcrumb\"},\"inLanguage\":\"az\",\"potentialAction\":[{\"@type\":\"ReadAction\",\"target\":[\"https:\\\/\\\/www.meydan.tv\\\/az\\\/article\\\/pasinyan-az%c9%99rbaycanin-bas-nazir-muavininin-erm%c9%99nistana-s%c9%99f%c9%99ri-tarixi-hadis%c9%99dir\\\/\"]}]},{\"@type\":\"ImageObject\",\"inLanguage\":\"az\",\"@id\":\"https:\\\/\\\/www.meydan.tv\\\/az\\\/article\\\/pasinyan-az%c9%99rbaycanin-bas-nazir-muavininin-erm%c9%99nistana-s%c9%99f%c9%99ri-tarixi-hadis%c9%99dir\\\/#primaryimage\",\"url\":\"https:\\\/\\\/www.meydan.tv\\\/wp-content\\\/uploads\\\/pashik-4.jpg\",\"contentUrl\":\"https:\\\/\\\/www.meydan.tv\\\/wp-content\\\/uploads\\\/pashik-4.jpg\",\"width\":1200,\"height\":377,\"caption\":\"Nikol Pa\u015finyan \u0130ll\u00fcstrasiya: Meydan TV\"},{\"@type\":\"BreadcrumbList\",\"@id\":\"https:\\\/\\\/www.meydan.tv\\\/az\\\/article\\\/pasinyan-az%c9%99rbaycanin-bas-nazir-muavininin-erm%c9%99nistana-s%c9%99f%c9%99ri-tarixi-hadis%c9%99dir\\\/#breadcrumb\",\"itemListElement\":[{\"@type\":\"ListItem\",\"position\":1,\"name\":\"Ana s\u0259hif\u0259\",\"item\":\"https:\\\/\\\/www.meydan.tv\\\/az\\\/\"},{\"@type\":\"ListItem\",\"position\":2,\"name\":\"Siyas\u0259t\",\"item\":\"https:\\\/\\\/www.meydan.tv\\\/az\\\/section\\\/siyaset\\\/\"},{\"@type\":\"ListItem\",\"position\":3,\"name\":\"Pa\u015finyan: &#8220;Az\u0259rbaycan\u0131n ba\u015f nazir m\u00fcavininin Erm\u0259nistana s\u0259f\u0259ri tarixi hadis\u0259dir&#8221;\"}]},{\"@type\":\"WebSite\",\"@id\":\"https:\\\/\\\/www.meydan.tv\\\/az\\\/#website\",\"url\":\"https:\\\/\\\/www.meydan.tv\\\/az\\\/\",\"name\":\"MEYDAN.TV\",\"description\":\"Meydan TV Az\u0259rbaycan\u0131n media m\u0259kan\u0131ndak\u0131 alternativ s\u0259sidir\",\"publisher\":{\"@id\":\"https:\\\/\\\/www.meydan.tv\\\/az\\\/#organization\"},\"potentialAction\":[{\"@type\":\"SearchAction\",\"target\":{\"@type\":\"EntryPoint\",\"urlTemplate\":\"https:\\\/\\\/www.meydan.tv\\\/az\\\/?s={search_term_string}\"},\"query-input\":{\"@type\":\"PropertyValueSpecification\",\"valueRequired\":true,\"valueName\":\"search_term_string\"}}],\"inLanguage\":\"az\"},{\"@type\":\"Organization\",\"@id\":\"https:\\\/\\\/www.meydan.tv\\\/az\\\/#organization\",\"name\":\"Meydan TV\",\"url\":\"https:\\\/\\\/www.meydan.tv\\\/az\\\/\",\"logo\":{\"@type\":\"ImageObject\",\"inLanguage\":\"az\",\"@id\":\"https:\\\/\\\/www.meydan.tv\\\/az\\\/#\\\/schema\\\/logo\\\/image\\\/\",\"url\":\"https:\\\/\\\/www.meydan.tv\\\/wp-content\\\/uploads\\\/2021\\\/07\\\/meydan-logo.svg\",\"contentUrl\":\"https:\\\/\\\/www.meydan.tv\\\/wp-content\\\/uploads\\\/2021\\\/07\\\/meydan-logo.svg\",\"width\":195,\"height\":46,\"caption\":\"Meydan TV\"},\"image\":{\"@id\":\"https:\\\/\\\/www.meydan.tv\\\/az\\\/#\\\/schema\\\/logo\\\/image\\\/\"}},{\"@type\":\"Person\",\"@id\":\"https:\\\/\\\/www.meydan.tv\\\/az\\\/#\\\/schema\\\/person\\\/09863e516102a829e72bedcf3f84c6b0\",\"name\":\"mahmud\"}]}<\/script>\n<!-- \/ Yoast SEO plugin. -->","yoast_head_json":{"title":"Pa\u015finyan: \"Az\u0259rbaycan\u0131n ba\u015f nazir m\u00fcavininin Erm\u0259nistana s\u0259f\u0259ri tarixi hadis\u0259dir\" - MEYDAN.TV","robots":{"index":"index","follow":"follow","max-snippet":"max-snippet:-1","max-image-preview":"max-image-preview:large","max-video-preview":"max-video-preview:-1"},"canonical":"https:\/\/www.meydan.tv\/az\/article\/pasinyan-az%c9%99rbaycanin-bas-nazir-muavininin-erm%c9%99nistana-s%c9%99f%c9%99ri-tarixi-hadis%c9%99dir\/","og_locale":"az_AZ","og_type":"article","og_title":"Pa\u015finyan: \"Az\u0259rbaycan\u0131n ba\u015f nazir m\u00fcavininin Erm\u0259nistana s\u0259f\u0259ri tarixi hadis\u0259dir\" - MEYDAN.TV","og_description":"Aprelin 29-da Az\u0259rbaycan v\u0259 Erm\u0259nistan aras\u0131nda d\u00f6vl\u0259t s\u0259rh\u0259dinin delimitasiyas\u0131 \u00fczr\u0259 ... Davam\u0131","og_url":"https:\/\/www.meydan.tv\/az\/article\/pasinyan-az%c9%99rbaycanin-bas-nazir-muavininin-erm%c9%99nistana-s%c9%99f%c9%99ri-tarixi-hadis%c9%99dir\/","og_site_name":"MEYDAN.TV","article_published_time":"2026-04-30T10:17:09+00:00","article_modified_time":"2026-04-30T10:54:49+00:00","og_image":[{"width":1200,"height":377,"url":"https:\/\/www.meydan.tv\/wp-content\/uploads\/pashik-4.jpg","type":"image\/jpeg"}],"author":"mahmud","twitter_card":"summary_large_image","schema":{"@context":"https:\/\/schema.org","@graph":[{"@type":"Article","@id":"https:\/\/www.meydan.tv\/az\/article\/pasinyan-az%c9%99rbaycanin-bas-nazir-muavininin-erm%c9%99nistana-s%c9%99f%c9%99ri-tarixi-hadis%c9%99dir\/#article","isPartOf":{"@id":"https:\/\/www.meydan.tv\/az\/article\/pasinyan-az%c9%99rbaycanin-bas-nazir-muavininin-erm%c9%99nistana-s%c9%99f%c9%99ri-tarixi-hadis%c9%99dir\/"},"author":{"name":"mahmud","@id":"https:\/\/www.meydan.tv\/az\/#\/schema\/person\/09863e516102a829e72bedcf3f84c6b0"},"headline":"Pa\u015finyan: &#8220;Az\u0259rbaycan\u0131n ba\u015f nazir m\u00fcavininin Erm\u0259nistana s\u0259f\u0259ri tarixi hadis\u0259dir&#8221;","datePublished":"2026-04-30T10:17:09+00:00","dateModified":"2026-04-30T10:54:49+00:00","mainEntityOfPage":{"@id":"https:\/\/www.meydan.tv\/az\/article\/pasinyan-az%c9%99rbaycanin-bas-nazir-muavininin-erm%c9%99nistana-s%c9%99f%c9%99ri-tarixi-hadis%c9%99dir\/"},"wordCount":889,"publisher":{"@id":"https:\/\/www.meydan.tv\/az\/#organization"},"image":{"@id":"https:\/\/www.meydan.tv\/az\/article\/pasinyan-az%c9%99rbaycanin-bas-nazir-muavininin-erm%c9%99nistana-s%c9%99f%c9%99ri-tarixi-hadis%c9%99dir\/#primaryimage"},"thumbnailUrl":"https:\/\/www.meydan.tv\/wp-content\/uploads\/pashik-4.jpg","articleSection":["Siyas\u0259t","T\u00f6vsiy\u0259","X\u0259b\u0259rl\u0259r"],"inLanguage":"az"},{"@type":"WebPage","@id":"https:\/\/www.meydan.tv\/az\/article\/pasinyan-az%c9%99rbaycanin-bas-nazir-muavininin-erm%c9%99nistana-s%c9%99f%c9%99ri-tarixi-hadis%c9%99dir\/","url":"https:\/\/www.meydan.tv\/az\/article\/pasinyan-az%c9%99rbaycanin-bas-nazir-muavininin-erm%c9%99nistana-s%c9%99f%c9%99ri-tarixi-hadis%c9%99dir\/","name":"Pa\u015finyan: \"Az\u0259rbaycan\u0131n ba\u015f nazir m\u00fcavininin Erm\u0259nistana s\u0259f\u0259ri tarixi hadis\u0259dir\" - MEYDAN.TV","isPartOf":{"@id":"https:\/\/www.meydan.tv\/az\/#website"},"primaryImageOfPage":{"@id":"https:\/\/www.meydan.tv\/az\/article\/pasinyan-az%c9%99rbaycanin-bas-nazir-muavininin-erm%c9%99nistana-s%c9%99f%c9%99ri-tarixi-hadis%c9%99dir\/#primaryimage"},"image":{"@id":"https:\/\/www.meydan.tv\/az\/article\/pasinyan-az%c9%99rbaycanin-bas-nazir-muavininin-erm%c9%99nistana-s%c9%99f%c9%99ri-tarixi-hadis%c9%99dir\/#primaryimage"},"thumbnailUrl":"https:\/\/www.meydan.tv\/wp-content\/uploads\/pashik-4.jpg","datePublished":"2026-04-30T10:17:09+00:00","dateModified":"2026-04-30T10:54:49+00:00","breadcrumb":{"@id":"https:\/\/www.meydan.tv\/az\/article\/pasinyan-az%c9%99rbaycanin-bas-nazir-muavininin-erm%c9%99nistana-s%c9%99f%c9%99ri-tarixi-hadis%c9%99dir\/#breadcrumb"},"inLanguage":"az","potentialAction":[{"@type":"ReadAction","target":["https:\/\/www.meydan.tv\/az\/article\/pasinyan-az%c9%99rbaycanin-bas-nazir-muavininin-erm%c9%99nistana-s%c9%99f%c9%99ri-tarixi-hadis%c9%99dir\/"]}]},{"@type":"ImageObject","inLanguage":"az","@id":"https:\/\/www.meydan.tv\/az\/article\/pasinyan-az%c9%99rbaycanin-bas-nazir-muavininin-erm%c9%99nistana-s%c9%99f%c9%99ri-tarixi-hadis%c9%99dir\/#primaryimage","url":"https:\/\/www.meydan.tv\/wp-content\/uploads\/pashik-4.jpg","contentUrl":"https:\/\/www.meydan.tv\/wp-content\/uploads\/pashik-4.jpg","width":1200,"height":377,"caption":"Nikol Pa\u015finyan \u0130ll\u00fcstrasiya: Meydan TV"},{"@type":"BreadcrumbList","@id":"https:\/\/www.meydan.tv\/az\/article\/pasinyan-az%c9%99rbaycanin-bas-nazir-muavininin-erm%c9%99nistana-s%c9%99f%c9%99ri-tarixi-hadis%c9%99dir\/#breadcrumb","itemListElement":[{"@type":"ListItem","position":1,"name":"Ana s\u0259hif\u0259","item":"https:\/\/www.meydan.tv\/az\/"},{"@type":"ListItem","position":2,"name":"Siyas\u0259t","item":"https:\/\/www.meydan.tv\/az\/section\/siyaset\/"},{"@type":"ListItem","position":3,"name":"Pa\u015finyan: &#8220;Az\u0259rbaycan\u0131n ba\u015f nazir m\u00fcavininin Erm\u0259nistana s\u0259f\u0259ri tarixi hadis\u0259dir&#8221;"}]},{"@type":"WebSite","@id":"https:\/\/www.meydan.tv\/az\/#website","url":"https:\/\/www.meydan.tv\/az\/","name":"MEYDAN.TV","description":"Meydan TV Az\u0259rbaycan\u0131n media m\u0259kan\u0131ndak\u0131 alternativ s\u0259sidir","publisher":{"@id":"https:\/\/www.meydan.tv\/az\/#organization"},"potentialAction":[{"@type":"SearchAction","target":{"@type":"EntryPoint","urlTemplate":"https:\/\/www.meydan.tv\/az\/?s={search_term_string}"},"query-input":{"@type":"PropertyValueSpecification","valueRequired":true,"valueName":"search_term_string"}}],"inLanguage":"az"},{"@type":"Organization","@id":"https:\/\/www.meydan.tv\/az\/#organization","name":"Meydan TV","url":"https:\/\/www.meydan.tv\/az\/","logo":{"@type":"ImageObject","inLanguage":"az","@id":"https:\/\/www.meydan.tv\/az\/#\/schema\/logo\/image\/","url":"https:\/\/www.meydan.tv\/wp-content\/uploads\/2021\/07\/meydan-logo.svg","contentUrl":"https:\/\/www.meydan.tv\/wp-content\/uploads\/2021\/07\/meydan-logo.svg","width":195,"height":46,"caption":"Meydan TV"},"image":{"@id":"https:\/\/www.meydan.tv\/az\/#\/schema\/logo\/image\/"}},{"@type":"Person","@id":"https:\/\/www.meydan.tv\/az\/#\/schema\/person\/09863e516102a829e72bedcf3f84c6b0","name":"mahmud"}]}},"_links":{"self":[{"href":"https:\/\/www.meydan.tv\/az\/wp-json\/wp\/v2\/posts\/344517","targetHints":{"allow":["GET"]}}],"collection":[{"href":"https:\/\/www.meydan.tv\/az\/wp-json\/wp\/v2\/posts"}],"about":[{"href":"https:\/\/www.meydan.tv\/az\/wp-json\/wp\/v2\/types\/post"}],"author":[{"embeddable":true,"href":"https:\/\/www.meydan.tv\/az\/wp-json\/wp\/v2\/users\/21"}],"replies":[{"embeddable":true,"href":"https:\/\/www.meydan.tv\/az\/wp-json\/wp\/v2\/comments?post=344517"}],"version-history":[{"count":9,"href":"https:\/\/www.meydan.tv\/az\/wp-json\/wp\/v2\/posts\/344517\/revisions"}],"predecessor-version":[{"id":344529,"href":"https:\/\/www.meydan.tv\/az\/wp-json\/wp\/v2\/posts\/344517\/revisions\/344529"}],"wp:featuredmedia":[{"embeddable":true,"href":"https:\/\/www.meydan.tv\/az\/wp-json\/wp\/v2\/media\/344526"}],"wp:attachment":[{"href":"https:\/\/www.meydan.tv\/az\/wp-json\/wp\/v2\/media?parent=344517"}],"wp:term":[{"taxonomy":"category","embeddable":true,"href":"https:\/\/www.meydan.tv\/az\/wp-json\/wp\/v2\/categories?post=344517"},{"taxonomy":"post_tag","embeddable":true,"href":"https:\/\/www.meydan.tv\/az\/wp-json\/wp\/v2\/tags?post=344517"}],"curies":[{"name":"wp","href":"https:\/\/api.w.org\/{rel}","templated":true}]}}