{"id":344497,"date":"2026-04-29T23:34:35","date_gmt":"2026-04-29T19:34:35","guid":{"rendered":"https:\/\/www.meydan.tv\/?p=344497"},"modified":"2026-04-29T23:34:38","modified_gmt":"2026-04-29T19:34:38","slug":"marneulid%c9%99-ucuz-idxala-etiraz-fermerl%c9%99r-yolu-baglamaga-c%c9%99hd-etdi-saxlanilanlar-var","status":"publish","type":"post","link":"https:\/\/www.meydan.tv\/az\/article\/marneulid%c9%99-ucuz-idxala-etiraz-fermerl%c9%99r-yolu-baglamaga-c%c9%99hd-etdi-saxlanilanlar-var\/","title":{"rendered":"Marneulid\u0259 fermerl\u0259r yolu ba\u011flama\u011fa c\u0259hd etdi, saxlan\u0131lanlar var"},"content":{"rendered":"\n<p>G\u00fcrc\u00fcstan\u0131n etnik az\u0259rbaycanl\u0131lar\u0131n kompakt ya\u015fad\u0131\u011f\u0131 Marneuli \u015f\u0259h\u0259ri yax\u0131nl\u0131\u011f\u0131ndak\u0131 \u015eulaver k\u0259ndi \u0259traf\u0131nda fermerl\u0259r k\u0259nd t\u0259s\u0259rr\u00fcfat\u0131 m\u0259hsullar\u0131n\u0131n qiym\u0259tl\u0259rinin a\u015fa\u011f\u0131 d\u00fc\u015fm\u0259sin\u0259 etiraz edibl\u0259r.<\/p>\n\n\n\n<p>Etiraz\u00e7\u0131lar hadis\u0259 yerin\u0259 Marneuli meri Daur \u0130smay\u0131lovun g\u0259lm\u0259sini t\u0259l\u0259b edib, mer g\u0259lm\u0259diyi t\u0259qdird\u0259 yolu ba\u011flayacaqlar\u0131n\u0131 bildiribl\u0259r.<\/p>\n\n\n\n<p>Marneuli\u2013Sadaxl\u0131 avtomobil yolunda ke\u00e7iril\u0259n aksiyaya Marneulinin Q\u0131rx\u0131l\u0131, Ar\u0131fl\u0131, Qullar v\u0259 dig\u0259r k\u0259ndl\u0259rind\u0259n olan sakinl\u0259r d\u0259 qo\u015fulublar.<\/p>\n\n\n\n<p>Etiraz\u00e7\u0131lar bildiribl\u0259r ki, qon\u015fu \u00f6lk\u0259l\u0259rd\u0259n pomidor v\u0259 xiyar idxal\u0131 yerli m\u0259hsullar\u0131n ucuzla\u015fmas\u0131na v\u0259 sat\u0131\u015f\u0131n dayanmas\u0131na s\u0259b\u0259b olur. Onlar\u0131n s\u00f6zl\u0259rin\u0259 g\u00f6r\u0259, bu v\u0259ziyy\u0259t fermerl\u0259ri ciddi z\u0259r\u0259r\u0259 sal\u0131r. Aksiya i\u015ftirak\u00e7\u0131lar\u0131 xarici k\u0259nd t\u0259s\u0259rr\u00fcfat\u0131 m\u0259hsullar\u0131na t\u0259tbiq olunan r\u00fcsumlar\u0131n art\u0131r\u0131lmas\u0131n\u0131 v\u0259 yerli istehsal\u00e7\u0131lara daha \u00e7ox d\u00f6vl\u0259t d\u0259st\u0259yi verilm\u0259sini t\u0259l\u0259b edibl\u0259r.<\/p>\n\n\n\n<p>Hadis\u0259 yerin\u0259 etiraz\u00e7\u0131lar\u0131n t\u0259l\u0259bin\u0259 baxmayaraq, Marneuli meri g\u0259lm\u0259yib. Onun \u0259v\u0259zin\u0259 birinci m\u00fcavini Qiorqi Qodabrelidze g\u0259lib. Lakin bu, aksiya i\u015ftirak\u00e7\u0131lar\u0131n\u0131 qane etm\u0259yib v\u0259 onlar bir ne\u00e7\u0259 d\u0259f\u0259 yolu ba\u011flama\u011fa c\u0259hd edibl\u0259r.<\/p>\n\n\n\n<p>Etiraz zaman\u0131 polis \u0259m\u0259kda\u015flar\u0131 il\u0259 aksiya i\u015ftirak\u00e7\u0131lar\u0131 aras\u0131nda qar\u015f\u0131durma yaran\u0131b. N\u0259tic\u0259d\u0259 2 n\u0259f\u0259r saxlan\u0131l\u0131b.<\/p>\n\n\n\n<p>Etiraz\u00e7\u0131lar saxlan\u0131lan \u015f\u0259xsl\u0259rin d\u0259rhal azadl\u0131\u011fa burax\u0131lmas\u0131n\u0131 t\u0259l\u0259b edibl\u0259r. Mer m\u00fcavini is\u0259 aksiya i\u015ftirak\u00e7\u0131lar\u0131n\u0131n yan\u0131nda qalaraq saxlan\u0131lan \u015f\u0259xsl\u0259rin azadl\u0131\u011fa burax\u0131lmas\u0131n\u0131 onlarla birlikd\u0259 g\u00f6zl\u0259y\u0259c\u0259yini bildirib.<\/p>\n\n\n\n<p>Daha sonra saxlan\u0131lan \u015f\u0259xsl\u0259r polis idar\u0259sind\u0259n burax\u0131l\u0131b v\u0259 yenid\u0259n aksiya i\u015ftirak\u00e7\u0131lar\u0131na qo\u015fulublar. Onlar\u0131n hans\u0131 \u015f\u0259rtl\u0259rl\u0259 azadl\u0131\u011fa burax\u0131ld\u0131\u011f\u0131 h\u0259l\u0259lik m\u0259lum deyil.<\/p>\n\n\n\n<p>G\u00fcrc\u00fcstan\u0131n Daxili \u0130\u015fl\u0259r Nazirliyi hadis\u0259 il\u0259 ba\u011fl\u0131 a\u00e7\u0131qlama yay\u0131b. A\u00e7\u0131qlamada qeyd olunub ki, saxlan\u0131lan 2 n\u0259f\u0259r bar\u0259sind\u0259 \u0130nzibati X\u0259talar M\u0259c\u0259ll\u0259sinin 173-c\u00fc madd\u0259si il\u0259 (polisin qanuni t\u0259l\u0259bin\u0259 tabe olmamaq) i\u015f ba\u015flan\u0131b.<\/p>\n\n\n\n<p>S\u00f6z\u00fcged\u0259n madd\u0259 2 000-d\u0259n 3 000 lariy\u0259d\u0259k c\u0259rim\u0259 v\u0259 ya 15 g\u00fcn\u0259d\u0259k inzibati h\u0259bs c\u0259zas\u0131 n\u0259z\u0259rd\u0259 tutur.<\/p>\n","protected":false},"excerpt":{"rendered":"<p>G\u00fcrc\u00fcstan\u0131n etnik az\u0259rbaycanl\u0131lar\u0131n kompakt ya\u015fad\u0131\u011f\u0131 Marneuli \u015f\u0259h\u0259ri yax\u0131nl\u0131\u011f\u0131ndak\u0131 \u015eulaver k\u0259ndi &#8230; <\/p>\n<p class=\"read-more-container\"><a title=\"Marneulid\u0259 fermerl\u0259r yolu ba\u011flama\u011fa c\u0259hd etdi, saxlan\u0131lanlar var\" class=\"read-more button\" href=\"https:\/\/www.meydan.tv\/az\/article\/marneulid%c9%99-ucuz-idxala-etiraz-fermerl%c9%99r-yolu-baglamaga-c%c9%99hd-etdi-saxlanilanlar-var\/#more-344497\" aria-label=\"Read more about Marneulid\u0259 fermerl\u0259r yolu ba\u011flama\u011fa c\u0259hd etdi, saxlan\u0131lanlar var\">Davam\u0131<\/a><\/p>\n","protected":false},"author":16,"featured_media":252094,"comment_status":"closed","ping_status":"closed","sticky":false,"template":"","format":"standard","meta":{"_acf_changed":false,"_sitemap_exclude":false,"_sitemap_priority":"","_sitemap_frequency":"","footnotes":""},"categories":[62,56],"tags":[],"class_list":["post-344497","post","type-post","status-publish","format-standard","has-post-thumbnail","hentry","category-sosial","category-xeberler","infinite-scroll-item","generate-columns","tablet-grid-50","mobile-grid-100","grid-parent","grid-33","no-featured-image-padding"],"acf":[],"yoast_head":"<!-- This site is optimized with the Yoast SEO plugin v27.5 - https:\/\/yoast.com\/product\/yoast-seo-wordpress\/ -->\n<title>Marneulid\u0259 fermerl\u0259r yolu ba\u011flama\u011fa c\u0259hd etdi, saxlan\u0131lanlar var - MEYDAN.TV<\/title>\n<meta name=\"robots\" content=\"index, follow, max-snippet:-1, max-image-preview:large, max-video-preview:-1\" \/>\n<link rel=\"canonical\" href=\"https:\/\/www.meydan.tv\/az\/article\/marneulid%c9%99-ucuz-idxala-etiraz-fermerl%c9%99r-yolu-baglamaga-c%c9%99hd-etdi-saxlanilanlar-var\/\" \/>\n<meta property=\"og:locale\" content=\"az_AZ\" \/>\n<meta property=\"og:type\" content=\"article\" \/>\n<meta property=\"og:title\" content=\"Marneulid\u0259 fermerl\u0259r yolu ba\u011flama\u011fa c\u0259hd etdi, saxlan\u0131lanlar var - MEYDAN.TV\" \/>\n<meta property=\"og:description\" content=\"G\u00fcrc\u00fcstan\u0131n etnik az\u0259rbaycanl\u0131lar\u0131n kompakt ya\u015fad\u0131\u011f\u0131 Marneuli \u015f\u0259h\u0259ri yax\u0131nl\u0131\u011f\u0131ndak\u0131 \u015eulaver k\u0259ndi ... Davam\u0131\" \/>\n<meta property=\"og:url\" content=\"https:\/\/www.meydan.tv\/az\/article\/marneulid%c9%99-ucuz-idxala-etiraz-fermerl%c9%99r-yolu-baglamaga-c%c9%99hd-etdi-saxlanilanlar-var\/\" \/>\n<meta property=\"og:site_name\" content=\"MEYDAN.TV\" \/>\n<meta property=\"article:published_time\" content=\"2026-04-29T19:34:35+00:00\" \/>\n<meta property=\"article:modified_time\" content=\"2026-04-29T19:34:38+00:00\" \/>\n<meta property=\"og:image\" content=\"https:\/\/www.meydan.tv\/wp-content\/uploads\/img_9185-scaled.jpg\" \/>\n\t<meta property=\"og:image:width\" content=\"2560\" \/>\n\t<meta property=\"og:image:height\" content=\"1440\" \/>\n\t<meta property=\"og:image:type\" content=\"image\/jpeg\" \/>\n<meta name=\"author\" content=\"sevda\" \/>\n<meta name=\"twitter:card\" content=\"summary_large_image\" \/>\n<script type=\"application\/ld+json\" class=\"yoast-schema-graph\">{\"@context\":\"https:\\\/\\\/schema.org\",\"@graph\":[{\"@type\":\"Article\",\"@id\":\"https:\\\/\\\/www.meydan.tv\\\/az\\\/article\\\/marneulid%c9%99-ucuz-idxala-etiraz-fermerl%c9%99r-yolu-baglamaga-c%c9%99hd-etdi-saxlanilanlar-var\\\/#article\",\"isPartOf\":{\"@id\":\"https:\\\/\\\/www.meydan.tv\\\/az\\\/article\\\/marneulid%c9%99-ucuz-idxala-etiraz-fermerl%c9%99r-yolu-baglamaga-c%c9%99hd-etdi-saxlanilanlar-var\\\/\"},\"author\":{\"name\":\"sevda\",\"@id\":\"https:\\\/\\\/www.meydan.tv\\\/az\\\/#\\\/schema\\\/person\\\/49b5f2bad5b126bb8ea9320eeb3e4dc9\"},\"headline\":\"Marneulid\u0259 fermerl\u0259r yolu ba\u011flama\u011fa c\u0259hd etdi, saxlan\u0131lanlar var\",\"datePublished\":\"2026-04-29T19:34:35+00:00\",\"dateModified\":\"2026-04-29T19:34:38+00:00\",\"mainEntityOfPage\":{\"@id\":\"https:\\\/\\\/www.meydan.tv\\\/az\\\/article\\\/marneulid%c9%99-ucuz-idxala-etiraz-fermerl%c9%99r-yolu-baglamaga-c%c9%99hd-etdi-saxlanilanlar-var\\\/\"},\"wordCount\":445,\"publisher\":{\"@id\":\"https:\\\/\\\/www.meydan.tv\\\/az\\\/#organization\"},\"image\":{\"@id\":\"https:\\\/\\\/www.meydan.tv\\\/az\\\/article\\\/marneulid%c9%99-ucuz-idxala-etiraz-fermerl%c9%99r-yolu-baglamaga-c%c9%99hd-etdi-saxlanilanlar-var\\\/#primaryimage\"},\"thumbnailUrl\":\"https:\\\/\\\/www.meydan.tv\\\/wp-content\\\/uploads\\\/img_9185-scaled.jpg\",\"articleSection\":[\"Sosial\",\"X\u0259b\u0259rl\u0259r\"],\"inLanguage\":\"az\"},{\"@type\":\"WebPage\",\"@id\":\"https:\\\/\\\/www.meydan.tv\\\/az\\\/article\\\/marneulid%c9%99-ucuz-idxala-etiraz-fermerl%c9%99r-yolu-baglamaga-c%c9%99hd-etdi-saxlanilanlar-var\\\/\",\"url\":\"https:\\\/\\\/www.meydan.tv\\\/az\\\/article\\\/marneulid%c9%99-ucuz-idxala-etiraz-fermerl%c9%99r-yolu-baglamaga-c%c9%99hd-etdi-saxlanilanlar-var\\\/\",\"name\":\"Marneulid\u0259 fermerl\u0259r yolu ba\u011flama\u011fa c\u0259hd etdi, saxlan\u0131lanlar var - MEYDAN.TV\",\"isPartOf\":{\"@id\":\"https:\\\/\\\/www.meydan.tv\\\/az\\\/#website\"},\"primaryImageOfPage\":{\"@id\":\"https:\\\/\\\/www.meydan.tv\\\/az\\\/article\\\/marneulid%c9%99-ucuz-idxala-etiraz-fermerl%c9%99r-yolu-baglamaga-c%c9%99hd-etdi-saxlanilanlar-var\\\/#primaryimage\"},\"image\":{\"@id\":\"https:\\\/\\\/www.meydan.tv\\\/az\\\/article\\\/marneulid%c9%99-ucuz-idxala-etiraz-fermerl%c9%99r-yolu-baglamaga-c%c9%99hd-etdi-saxlanilanlar-var\\\/#primaryimage\"},\"thumbnailUrl\":\"https:\\\/\\\/www.meydan.tv\\\/wp-content\\\/uploads\\\/img_9185-scaled.jpg\",\"datePublished\":\"2026-04-29T19:34:35+00:00\",\"dateModified\":\"2026-04-29T19:34:38+00:00\",\"breadcrumb\":{\"@id\":\"https:\\\/\\\/www.meydan.tv\\\/az\\\/article\\\/marneulid%c9%99-ucuz-idxala-etiraz-fermerl%c9%99r-yolu-baglamaga-c%c9%99hd-etdi-saxlanilanlar-var\\\/#breadcrumb\"},\"inLanguage\":\"az\",\"potentialAction\":[{\"@type\":\"ReadAction\",\"target\":[\"https:\\\/\\\/www.meydan.tv\\\/az\\\/article\\\/marneulid%c9%99-ucuz-idxala-etiraz-fermerl%c9%99r-yolu-baglamaga-c%c9%99hd-etdi-saxlanilanlar-var\\\/\"]}]},{\"@type\":\"ImageObject\",\"inLanguage\":\"az\",\"@id\":\"https:\\\/\\\/www.meydan.tv\\\/az\\\/article\\\/marneulid%c9%99-ucuz-idxala-etiraz-fermerl%c9%99r-yolu-baglamaga-c%c9%99hd-etdi-saxlanilanlar-var\\\/#primaryimage\",\"url\":\"https:\\\/\\\/www.meydan.tv\\\/wp-content\\\/uploads\\\/img_9185-scaled.jpg\",\"contentUrl\":\"https:\\\/\\\/www.meydan.tv\\\/wp-content\\\/uploads\\\/img_9185-scaled.jpg\",\"width\":2560,\"height\":1440,\"caption\":\"\u0130ll\u00fcstrasiya: Meydan TV\"},{\"@type\":\"BreadcrumbList\",\"@id\":\"https:\\\/\\\/www.meydan.tv\\\/az\\\/article\\\/marneulid%c9%99-ucuz-idxala-etiraz-fermerl%c9%99r-yolu-baglamaga-c%c9%99hd-etdi-saxlanilanlar-var\\\/#breadcrumb\",\"itemListElement\":[{\"@type\":\"ListItem\",\"position\":1,\"name\":\"Ana s\u0259hif\u0259\",\"item\":\"https:\\\/\\\/www.meydan.tv\\\/az\\\/\"},{\"@type\":\"ListItem\",\"position\":2,\"name\":\"X\u0259b\u0259rl\u0259r\",\"item\":\"https:\\\/\\\/www.meydan.tv\\\/az\\\/section\\\/xeberler\\\/\"},{\"@type\":\"ListItem\",\"position\":3,\"name\":\"Marneulid\u0259 fermerl\u0259r yolu ba\u011flama\u011fa c\u0259hd etdi, saxlan\u0131lanlar var\"}]},{\"@type\":\"WebSite\",\"@id\":\"https:\\\/\\\/www.meydan.tv\\\/az\\\/#website\",\"url\":\"https:\\\/\\\/www.meydan.tv\\\/az\\\/\",\"name\":\"MEYDAN.TV\",\"description\":\"Meydan TV Az\u0259rbaycan\u0131n media m\u0259kan\u0131ndak\u0131 alternativ s\u0259sidir\",\"publisher\":{\"@id\":\"https:\\\/\\\/www.meydan.tv\\\/az\\\/#organization\"},\"potentialAction\":[{\"@type\":\"SearchAction\",\"target\":{\"@type\":\"EntryPoint\",\"urlTemplate\":\"https:\\\/\\\/www.meydan.tv\\\/az\\\/?s={search_term_string}\"},\"query-input\":{\"@type\":\"PropertyValueSpecification\",\"valueRequired\":true,\"valueName\":\"search_term_string\"}}],\"inLanguage\":\"az\"},{\"@type\":\"Organization\",\"@id\":\"https:\\\/\\\/www.meydan.tv\\\/az\\\/#organization\",\"name\":\"Meydan TV\",\"url\":\"https:\\\/\\\/www.meydan.tv\\\/az\\\/\",\"logo\":{\"@type\":\"ImageObject\",\"inLanguage\":\"az\",\"@id\":\"https:\\\/\\\/www.meydan.tv\\\/az\\\/#\\\/schema\\\/logo\\\/image\\\/\",\"url\":\"https:\\\/\\\/www.meydan.tv\\\/wp-content\\\/uploads\\\/2021\\\/07\\\/meydan-logo.svg\",\"contentUrl\":\"https:\\\/\\\/www.meydan.tv\\\/wp-content\\\/uploads\\\/2021\\\/07\\\/meydan-logo.svg\",\"width\":195,\"height\":46,\"caption\":\"Meydan TV\"},\"image\":{\"@id\":\"https:\\\/\\\/www.meydan.tv\\\/az\\\/#\\\/schema\\\/logo\\\/image\\\/\"}},{\"@type\":\"Person\",\"@id\":\"https:\\\/\\\/www.meydan.tv\\\/az\\\/#\\\/schema\\\/person\\\/49b5f2bad5b126bb8ea9320eeb3e4dc9\",\"name\":\"sevda\"}]}<\/script>\n<!-- \/ Yoast SEO plugin. -->","yoast_head_json":{"title":"Marneulid\u0259 fermerl\u0259r yolu ba\u011flama\u011fa c\u0259hd etdi, saxlan\u0131lanlar var - MEYDAN.TV","robots":{"index":"index","follow":"follow","max-snippet":"max-snippet:-1","max-image-preview":"max-image-preview:large","max-video-preview":"max-video-preview:-1"},"canonical":"https:\/\/www.meydan.tv\/az\/article\/marneulid%c9%99-ucuz-idxala-etiraz-fermerl%c9%99r-yolu-baglamaga-c%c9%99hd-etdi-saxlanilanlar-var\/","og_locale":"az_AZ","og_type":"article","og_title":"Marneulid\u0259 fermerl\u0259r yolu ba\u011flama\u011fa c\u0259hd etdi, saxlan\u0131lanlar var - MEYDAN.TV","og_description":"G\u00fcrc\u00fcstan\u0131n etnik az\u0259rbaycanl\u0131lar\u0131n kompakt ya\u015fad\u0131\u011f\u0131 Marneuli \u015f\u0259h\u0259ri yax\u0131nl\u0131\u011f\u0131ndak\u0131 \u015eulaver k\u0259ndi ... Davam\u0131","og_url":"https:\/\/www.meydan.tv\/az\/article\/marneulid%c9%99-ucuz-idxala-etiraz-fermerl%c9%99r-yolu-baglamaga-c%c9%99hd-etdi-saxlanilanlar-var\/","og_site_name":"MEYDAN.TV","article_published_time":"2026-04-29T19:34:35+00:00","article_modified_time":"2026-04-29T19:34:38+00:00","og_image":[{"width":2560,"height":1440,"url":"https:\/\/www.meydan.tv\/wp-content\/uploads\/img_9185-scaled.jpg","type":"image\/jpeg"}],"author":"sevda","twitter_card":"summary_large_image","schema":{"@context":"https:\/\/schema.org","@graph":[{"@type":"Article","@id":"https:\/\/www.meydan.tv\/az\/article\/marneulid%c9%99-ucuz-idxala-etiraz-fermerl%c9%99r-yolu-baglamaga-c%c9%99hd-etdi-saxlanilanlar-var\/#article","isPartOf":{"@id":"https:\/\/www.meydan.tv\/az\/article\/marneulid%c9%99-ucuz-idxala-etiraz-fermerl%c9%99r-yolu-baglamaga-c%c9%99hd-etdi-saxlanilanlar-var\/"},"author":{"name":"sevda","@id":"https:\/\/www.meydan.tv\/az\/#\/schema\/person\/49b5f2bad5b126bb8ea9320eeb3e4dc9"},"headline":"Marneulid\u0259 fermerl\u0259r yolu ba\u011flama\u011fa c\u0259hd etdi, saxlan\u0131lanlar var","datePublished":"2026-04-29T19:34:35+00:00","dateModified":"2026-04-29T19:34:38+00:00","mainEntityOfPage":{"@id":"https:\/\/www.meydan.tv\/az\/article\/marneulid%c9%99-ucuz-idxala-etiraz-fermerl%c9%99r-yolu-baglamaga-c%c9%99hd-etdi-saxlanilanlar-var\/"},"wordCount":445,"publisher":{"@id":"https:\/\/www.meydan.tv\/az\/#organization"},"image":{"@id":"https:\/\/www.meydan.tv\/az\/article\/marneulid%c9%99-ucuz-idxala-etiraz-fermerl%c9%99r-yolu-baglamaga-c%c9%99hd-etdi-saxlanilanlar-var\/#primaryimage"},"thumbnailUrl":"https:\/\/www.meydan.tv\/wp-content\/uploads\/img_9185-scaled.jpg","articleSection":["Sosial","X\u0259b\u0259rl\u0259r"],"inLanguage":"az"},{"@type":"WebPage","@id":"https:\/\/www.meydan.tv\/az\/article\/marneulid%c9%99-ucuz-idxala-etiraz-fermerl%c9%99r-yolu-baglamaga-c%c9%99hd-etdi-saxlanilanlar-var\/","url":"https:\/\/www.meydan.tv\/az\/article\/marneulid%c9%99-ucuz-idxala-etiraz-fermerl%c9%99r-yolu-baglamaga-c%c9%99hd-etdi-saxlanilanlar-var\/","name":"Marneulid\u0259 fermerl\u0259r yolu ba\u011flama\u011fa c\u0259hd etdi, saxlan\u0131lanlar var - MEYDAN.TV","isPartOf":{"@id":"https:\/\/www.meydan.tv\/az\/#website"},"primaryImageOfPage":{"@id":"https:\/\/www.meydan.tv\/az\/article\/marneulid%c9%99-ucuz-idxala-etiraz-fermerl%c9%99r-yolu-baglamaga-c%c9%99hd-etdi-saxlanilanlar-var\/#primaryimage"},"image":{"@id":"https:\/\/www.meydan.tv\/az\/article\/marneulid%c9%99-ucuz-idxala-etiraz-fermerl%c9%99r-yolu-baglamaga-c%c9%99hd-etdi-saxlanilanlar-var\/#primaryimage"},"thumbnailUrl":"https:\/\/www.meydan.tv\/wp-content\/uploads\/img_9185-scaled.jpg","datePublished":"2026-04-29T19:34:35+00:00","dateModified":"2026-04-29T19:34:38+00:00","breadcrumb":{"@id":"https:\/\/www.meydan.tv\/az\/article\/marneulid%c9%99-ucuz-idxala-etiraz-fermerl%c9%99r-yolu-baglamaga-c%c9%99hd-etdi-saxlanilanlar-var\/#breadcrumb"},"inLanguage":"az","potentialAction":[{"@type":"ReadAction","target":["https:\/\/www.meydan.tv\/az\/article\/marneulid%c9%99-ucuz-idxala-etiraz-fermerl%c9%99r-yolu-baglamaga-c%c9%99hd-etdi-saxlanilanlar-var\/"]}]},{"@type":"ImageObject","inLanguage":"az","@id":"https:\/\/www.meydan.tv\/az\/article\/marneulid%c9%99-ucuz-idxala-etiraz-fermerl%c9%99r-yolu-baglamaga-c%c9%99hd-etdi-saxlanilanlar-var\/#primaryimage","url":"https:\/\/www.meydan.tv\/wp-content\/uploads\/img_9185-scaled.jpg","contentUrl":"https:\/\/www.meydan.tv\/wp-content\/uploads\/img_9185-scaled.jpg","width":2560,"height":1440,"caption":"\u0130ll\u00fcstrasiya: Meydan TV"},{"@type":"BreadcrumbList","@id":"https:\/\/www.meydan.tv\/az\/article\/marneulid%c9%99-ucuz-idxala-etiraz-fermerl%c9%99r-yolu-baglamaga-c%c9%99hd-etdi-saxlanilanlar-var\/#breadcrumb","itemListElement":[{"@type":"ListItem","position":1,"name":"Ana s\u0259hif\u0259","item":"https:\/\/www.meydan.tv\/az\/"},{"@type":"ListItem","position":2,"name":"X\u0259b\u0259rl\u0259r","item":"https:\/\/www.meydan.tv\/az\/section\/xeberler\/"},{"@type":"ListItem","position":3,"name":"Marneulid\u0259 fermerl\u0259r yolu ba\u011flama\u011fa c\u0259hd etdi, saxlan\u0131lanlar var"}]},{"@type":"WebSite","@id":"https:\/\/www.meydan.tv\/az\/#website","url":"https:\/\/www.meydan.tv\/az\/","name":"MEYDAN.TV","description":"Meydan TV Az\u0259rbaycan\u0131n media m\u0259kan\u0131ndak\u0131 alternativ s\u0259sidir","publisher":{"@id":"https:\/\/www.meydan.tv\/az\/#organization"},"potentialAction":[{"@type":"SearchAction","target":{"@type":"EntryPoint","urlTemplate":"https:\/\/www.meydan.tv\/az\/?s={search_term_string}"},"query-input":{"@type":"PropertyValueSpecification","valueRequired":true,"valueName":"search_term_string"}}],"inLanguage":"az"},{"@type":"Organization","@id":"https:\/\/www.meydan.tv\/az\/#organization","name":"Meydan TV","url":"https:\/\/www.meydan.tv\/az\/","logo":{"@type":"ImageObject","inLanguage":"az","@id":"https:\/\/www.meydan.tv\/az\/#\/schema\/logo\/image\/","url":"https:\/\/www.meydan.tv\/wp-content\/uploads\/2021\/07\/meydan-logo.svg","contentUrl":"https:\/\/www.meydan.tv\/wp-content\/uploads\/2021\/07\/meydan-logo.svg","width":195,"height":46,"caption":"Meydan TV"},"image":{"@id":"https:\/\/www.meydan.tv\/az\/#\/schema\/logo\/image\/"}},{"@type":"Person","@id":"https:\/\/www.meydan.tv\/az\/#\/schema\/person\/49b5f2bad5b126bb8ea9320eeb3e4dc9","name":"sevda"}]}},"_links":{"self":[{"href":"https:\/\/www.meydan.tv\/az\/wp-json\/wp\/v2\/posts\/344497","targetHints":{"allow":["GET"]}}],"collection":[{"href":"https:\/\/www.meydan.tv\/az\/wp-json\/wp\/v2\/posts"}],"about":[{"href":"https:\/\/www.meydan.tv\/az\/wp-json\/wp\/v2\/types\/post"}],"author":[{"embeddable":true,"href":"https:\/\/www.meydan.tv\/az\/wp-json\/wp\/v2\/users\/16"}],"replies":[{"embeddable":true,"href":"https:\/\/www.meydan.tv\/az\/wp-json\/wp\/v2\/comments?post=344497"}],"version-history":[{"count":4,"href":"https:\/\/www.meydan.tv\/az\/wp-json\/wp\/v2\/posts\/344497\/revisions"}],"predecessor-version":[{"id":344501,"href":"https:\/\/www.meydan.tv\/az\/wp-json\/wp\/v2\/posts\/344497\/revisions\/344501"}],"wp:featuredmedia":[{"embeddable":true,"href":"https:\/\/www.meydan.tv\/az\/wp-json\/wp\/v2\/media\/252094"}],"wp:attachment":[{"href":"https:\/\/www.meydan.tv\/az\/wp-json\/wp\/v2\/media?parent=344497"}],"wp:term":[{"taxonomy":"category","embeddable":true,"href":"https:\/\/www.meydan.tv\/az\/wp-json\/wp\/v2\/categories?post=344497"},{"taxonomy":"post_tag","embeddable":true,"href":"https:\/\/www.meydan.tv\/az\/wp-json\/wp\/v2\/tags?post=344497"}],"curies":[{"name":"wp","href":"https:\/\/api.w.org\/{rel}","templated":true}]}}