{"id":344491,"date":"2026-04-29T22:54:49","date_gmt":"2026-04-29T18:54:49","guid":{"rendered":"https:\/\/www.meydan.tv\/?p=344491"},"modified":"2026-04-29T22:54:51","modified_gmt":"2026-04-29T18:54:51","slug":"icra-bascisinin-kom%c9%99kcisin%c9%99-bagli-sirk%c9%99t-xarici-blogerl%c9%99ri-az%c9%99rbaycana-g%c9%99tirirmis","status":"publish","type":"post","link":"https:\/\/www.meydan.tv\/az\/article\/icra-bascisinin-kom%c9%99kcisin%c9%99-bagli-sirk%c9%99t-xarici-blogerl%c9%99ri-az%c9%99rbaycana-g%c9%99tirirmis\/","title":{"rendered":"\u0130cra ba\u015f\u00e7\u0131s\u0131n\u0131n k\u00f6m\u0259k\u00e7isin\u0259 ba\u011fl\u0131 \u015firk\u0259t xarici blogerl\u0259ri Az\u0259rbaycana g\u0259tirirmi\u015f"},"content":{"rendered":"\n<p>D\u00f6vl\u0259t Turizm Agentliyinin xarici jurnalistl\u0259rin, blogerl\u0259rin v\u0259 turizm \u015firk\u0259tl\u0259rinin n\u00fcmay\u0259nd\u0259l\u0259rinin Az\u0259rbaycana tan\u0131\u015fl\u0131q s\u0259f\u0259rl\u0259rinin t\u0259\u015fkili il\u0259 ba\u011fl\u0131 ke\u00e7irdiyi tender m\u00fcsabiq\u0259sinin qalibi \u201cVATA\u201d MMC olub. M\u00fcqavil\u0259nin \u00fcmumi d\u0259y\u0259ri 1 milyon 53 min 409 manat 97 q\u0259pik t\u0259\u015fkil edir.<\/p>\n\n\n\n<p>R\u0259smi m\u0259lumata g\u00f6r\u0259, layih\u0259 \u00e7\u0259r\u00e7iv\u0259sind\u0259 14 \u00f6lk\u0259d\u0259n n\u00fcmay\u0259nd\u0259l\u0259rin Az\u0259rbaycana s\u0259f\u0259ri t\u0259\u015fkil olunacaq. Bu c\u00fcr s\u0259f\u0259rl\u0259r dem\u0259k olar ki, h\u0259r il t\u0259\u015fkil olunur v\u0259 bir o q\u0259d\u0259r d\u0259 v\u0259sait <a href=\"https:\/\/www.meydan.tv\/az\/article\/dovl%c9%99t-turizm-agentliyi-az%c9%99rbaycani-tanitmaq-adi-il%c9%99-1-8-milyon-manat-pul-ayirib\/\">ayr\u0131l\u0131r<\/a>.<\/p>\n\n\n\n<p>Tender \u00fczr\u0259 ayr\u0131lan v\u0259sait \u00f6lk\u0259l\u0259r \u00fczr\u0259 a\u015fa\u011f\u0131dak\u0131 kimi b\u00f6l\u00fcn\u00fcb:<\/p>\n\n\n\n<ul class=\"wp-block-list\">\n<li>T\u00fcrkiy\u0259 &#8211; 270 953 manat<\/li>\n\n\n\n<li>Rusiya v\u0259 Belarus &#8211; 257 590 manat<\/li>\n\n\n\n<li>C\u0259nubi Koreya v\u0259 \u0130srail &#8211; 166 103 manat<\/li>\n\n\n\n<li>Yaponiya v\u0259 Pakistan &#8211; 164 565 manat<\/li>\n\n\n\n<li>B\u0259hreyn, Misir, K\u00fcveyt v\u0259 Oman &#8211; 117 850 manat<\/li>\n\n\n\n<li>Sinqapur, \u0130ndoneziya v\u0259 Malayziya &#8211; 76 346 manat<\/li>\n<\/ul>\n\n\n\n<p>\u201cVATA\u201d MMC 2021-ci ild\u0259 c\u0259mi 50 manat nizamnam\u0259 kapital\u0131 il\u0259 d\u00f6vl\u0259t qeydiyyat\u0131na al\u0131n\u0131b. H\u00fcquqi \u00fcnvan\u0131 Bak\u0131 \u015f\u0259h\u0259rind\u0259 yerl\u0259\u015f\u0259n \u015firk\u0259tin qanuni t\u0259msil\u00e7isi Faiq M\u0259mm\u0259dovdur.<\/p>\n\n\n\n<p>A\u00e7\u0131q m\u0259nb\u0259l\u0259rd\u0259 yer alan m\u0259lumatlara g\u00f6r\u0259, \u015firk\u0259t son 4 ay \u0259rzind\u0259 15 d\u00f6vl\u0259t tenderinin qalibi olub. Bu tenderl\u0259rin \u00fcmumi d\u0259y\u0259ri 3 milyon 881 min manatdan \u00e7oxdur.<\/p>\n\n\n\n<p>Bu dinamika \u015firk\u0259tin q\u0131sa m\u00fcdd\u0259td\u0259 d\u00f6vl\u0259t sat\u0131nalmalar\u0131nda aktiv i\u015ftirak etdiyini g\u00f6st\u0259rir.<\/p>\n\n\n\n<p>4 ay \u0259rzind\u0259 4 milyon manata yax\u0131n tender udan \u201cVATA\u201d MMC \u201cVATA GROUP\u201d MMC-nin t\u00f6r\u0259m\u0259 <a href=\"https:\/\/www.instagram.com\/vata.group\/\">\u015firk\u0259tidir<\/a>. Bu \u015firk\u0259tl\u0259r qrupuna \u201c<a href=\"https:\/\/www.instagram.com\/vatafly\/\">VATA FLY<\/a>\u201d v\u0259 \u201cVATA \u0130NTERNEY\u015eINIL\u201d MMC d\u0259 daxildir. H\u0259r \u00fc\u00e7 \u015firk\u0259tin qanuni t\u0259msil\u00e7isi Faiq M\u0259mm\u0259dovdur.<\/p>\n\n\n\n<p>Lakin \u201cVATA GROUP\u201d MMC-nin iki qanuni t\u0259msil\u00e7isi d\u0259 m\u00f6vcuddur: K\u0259nan v\u0259 V\u00fcsal Fuad o\u011flu Atayevl\u0259r. V\u00fcsal Atayev Neft\u00e7ala Rayon \u0130cra Hakimiyy\u0259ti ba\u015f\u00e7\u0131s\u0131 Mirh\u0259s\u0259n Seyidovun <a href=\"http:\/\/neftchala-ih.gov.az\/az\/aparatin-strukturu.html\">k\u00f6m\u0259k\u00e7isidir<\/a>. K\u0259nan Atayev is\u0259 \u201cATA CONSULTING\u201d \u015firk\u0259tinin r\u0259hb\u0259ridir.<\/p>\n\n\n\n<p>VATA &#8211; Vahid Az\u0259rbaycan Turizim Agentliyi \u00f6z\u00fcn\u00fc beyn\u0259lxalq avia\u015firk\u0259tl\u0259rin r\u0259smi agenti kimi t\u0259qdim edir v\u0259 AZAL, Turkish Airlines, Lufthansa, Qatar Airways kimi da\u015f\u0131y\u0131c\u0131larla \u0259m\u0259kda\u015fl\u0131q etdiyini bildirir. Eyni zamanda turizm sektorunda 20 ild\u0259n art\u0131q t\u0259cr\u00fcb\u0259y\u0259 malik oldu\u011funu v\u0259 IATA akkreditasiyas\u0131 ald\u0131\u011f\u0131n\u0131 qeyd edir.&nbsp;<\/p>\n\n\n\n<p>Ekspertl\u0259r bildirir ki, qanunvericilikd\u0259 nizamnam\u0259 kapital\u0131n\u0131n a\u015fa\u011f\u0131 olmas\u0131 birba\u015fa tenderd\u0259 i\u015ftirak \u00fc\u00e7\u00fcn m\u0259hdudiyy\u0259t yaratm\u0131r. Lakin q\u0131sa m\u00fcdd\u0259td\u0259 \u00e7oxsayl\u0131 v\u0259 iri m\u0259bl\u0259\u011fli d\u00f6vl\u0259t sifari\u015fl\u0259rinin eyni \u015firk\u0259t t\u0259r\u0259find\u0259n qazan\u0131lmas\u0131 r\u0259qab\u0259t m\u00fchitinin v\u0259ziyy\u0259ti il\u0259 ba\u011fl\u0131 ciddi suallar do\u011furur.<\/p>\n\n\n\n<p>Onlar\u0131n s\u00f6zl\u0259rin\u0259 g\u00f6r\u0259, d\u00f6vl\u0259t qulluq\u00e7usu il\u0259 \u0259laq\u0259li \u015f\u0259xsin \u015firk\u0259t strukturunda yer almas\u0131 a\u00e7\u0131q maraqlar toqqu\u015fmas\u0131 yarad\u0131r:<\/p>\n\n\n\n<pre class=\"wp-block-verse\">\u201cBu c\u00fcr hallarda h\u0259m etik, h\u0259m d\u0259 h\u00fcquqi riskl\u0259r yaran\u0131r. \u018fg\u0259r d\u00f6vl\u0259t qurumunda \u00e7al\u0131\u015fan \u015f\u0259xsl\u0259 \u0259laq\u0259li biznes strukturlar\u0131 d\u00f6vl\u0259t sifari\u015fl\u0259ri al\u0131rsa, bu, ara\u015fd\u0131r\u0131lmal\u0131 m\u0259s\u0259l\u0259dir v\u0259 qanun pozuntusu kimi qiym\u0259tl\u0259ndiril\u0259 bil\u0259r.\u201d <\/pre>\n","protected":false},"excerpt":{"rendered":"<p>D\u00f6vl\u0259t Turizm Agentliyinin xarici jurnalistl\u0259rin, blogerl\u0259rin v\u0259 turizm \u015firk\u0259tl\u0259rinin n\u00fcmay\u0259nd\u0259l\u0259rinin &#8230; <\/p>\n<p class=\"read-more-container\"><a title=\"\u0130cra ba\u015f\u00e7\u0131s\u0131n\u0131n k\u00f6m\u0259k\u00e7isin\u0259 ba\u011fl\u0131 \u015firk\u0259t xarici blogerl\u0259ri Az\u0259rbaycana g\u0259tirirmi\u015f\" class=\"read-more button\" href=\"https:\/\/www.meydan.tv\/az\/article\/icra-bascisinin-kom%c9%99kcisin%c9%99-bagli-sirk%c9%99t-xarici-blogerl%c9%99ri-az%c9%99rbaycana-g%c9%99tirirmis\/#more-344491\" aria-label=\"Read more about \u0130cra ba\u015f\u00e7\u0131s\u0131n\u0131n k\u00f6m\u0259k\u00e7isin\u0259 ba\u011fl\u0131 \u015firk\u0259t xarici blogerl\u0259ri Az\u0259rbaycana g\u0259tirirmi\u015f\">Davam\u0131<\/a><\/p>\n","protected":false},"author":14,"featured_media":344492,"comment_status":"closed","ping_status":"closed","sticky":false,"template":"","format":"standard","meta":{"_acf_changed":false,"_sitemap_exclude":false,"_sitemap_priority":"","_sitemap_frequency":"","footnotes":""},"categories":[79,56],"tags":[],"class_list":["post-344491","post","type-post","status-publish","format-standard","has-post-thumbnail","hentry","category-featured","category-xeberler","infinite-scroll-item","generate-columns","tablet-grid-50","mobile-grid-100","grid-parent","grid-33","no-featured-image-padding"],"acf":[],"yoast_head":"<!-- This site is optimized with the Yoast SEO plugin v27.5 - https:\/\/yoast.com\/product\/yoast-seo-wordpress\/ -->\n<title>\u0130cra ba\u015f\u00e7\u0131s\u0131n\u0131n k\u00f6m\u0259k\u00e7isin\u0259 ba\u011fl\u0131 \u015firk\u0259t xarici blogerl\u0259ri Az\u0259rbaycana g\u0259tirirmi\u015f - MEYDAN.TV<\/title>\n<meta name=\"robots\" content=\"index, follow, max-snippet:-1, max-image-preview:large, max-video-preview:-1\" \/>\n<link rel=\"canonical\" href=\"https:\/\/www.meydan.tv\/az\/article\/icra-bascisinin-kom%c9%99kcisin%c9%99-bagli-sirk%c9%99t-xarici-blogerl%c9%99ri-az%c9%99rbaycana-g%c9%99tirirmis\/\" \/>\n<meta property=\"og:locale\" content=\"az_AZ\" \/>\n<meta property=\"og:type\" content=\"article\" \/>\n<meta property=\"og:title\" content=\"\u0130cra ba\u015f\u00e7\u0131s\u0131n\u0131n k\u00f6m\u0259k\u00e7isin\u0259 ba\u011fl\u0131 \u015firk\u0259t xarici blogerl\u0259ri Az\u0259rbaycana g\u0259tirirmi\u015f - MEYDAN.TV\" \/>\n<meta property=\"og:description\" content=\"D\u00f6vl\u0259t Turizm Agentliyinin xarici jurnalistl\u0259rin, blogerl\u0259rin v\u0259 turizm \u015firk\u0259tl\u0259rinin n\u00fcmay\u0259nd\u0259l\u0259rinin ... Davam\u0131\" \/>\n<meta property=\"og:url\" content=\"https:\/\/www.meydan.tv\/az\/article\/icra-bascisinin-kom%c9%99kcisin%c9%99-bagli-sirk%c9%99t-xarici-blogerl%c9%99ri-az%c9%99rbaycana-g%c9%99tirirmis\/\" \/>\n<meta property=\"og:site_name\" content=\"MEYDAN.TV\" \/>\n<meta property=\"article:published_time\" content=\"2026-04-29T18:54:49+00:00\" \/>\n<meta property=\"article:modified_time\" content=\"2026-04-29T18:54:51+00:00\" \/>\n<meta property=\"og:image\" content=\"https:\/\/www.meydan.tv\/wp-content\/uploads\/0032-1-1200x586.png\" \/>\n\t<meta property=\"og:image:width\" content=\"1200\" \/>\n\t<meta property=\"og:image:height\" content=\"586\" \/>\n\t<meta property=\"og:image:type\" content=\"image\/png\" \/>\n<meta name=\"author\" content=\"roma\" \/>\n<meta name=\"twitter:card\" content=\"summary_large_image\" \/>\n<script type=\"application\/ld+json\" class=\"yoast-schema-graph\">{\"@context\":\"https:\\\/\\\/schema.org\",\"@graph\":[{\"@type\":\"Article\",\"@id\":\"https:\\\/\\\/www.meydan.tv\\\/az\\\/article\\\/icra-bascisinin-kom%c9%99kcisin%c9%99-bagli-sirk%c9%99t-xarici-blogerl%c9%99ri-az%c9%99rbaycana-g%c9%99tirirmis\\\/#article\",\"isPartOf\":{\"@id\":\"https:\\\/\\\/www.meydan.tv\\\/az\\\/article\\\/icra-bascisinin-kom%c9%99kcisin%c9%99-bagli-sirk%c9%99t-xarici-blogerl%c9%99ri-az%c9%99rbaycana-g%c9%99tirirmis\\\/\"},\"author\":{\"name\":\"roma\",\"@id\":\"https:\\\/\\\/www.meydan.tv\\\/az\\\/#\\\/schema\\\/person\\\/8f23e01c4de63326c13c319fb65ee65d\"},\"headline\":\"\u0130cra ba\u015f\u00e7\u0131s\u0131n\u0131n k\u00f6m\u0259k\u00e7isin\u0259 ba\u011fl\u0131 \u015firk\u0259t xarici blogerl\u0259ri Az\u0259rbaycana g\u0259tirirmi\u015f\",\"datePublished\":\"2026-04-29T18:54:49+00:00\",\"dateModified\":\"2026-04-29T18:54:51+00:00\",\"mainEntityOfPage\":{\"@id\":\"https:\\\/\\\/www.meydan.tv\\\/az\\\/article\\\/icra-bascisinin-kom%c9%99kcisin%c9%99-bagli-sirk%c9%99t-xarici-blogerl%c9%99ri-az%c9%99rbaycana-g%c9%99tirirmis\\\/\"},\"wordCount\":532,\"publisher\":{\"@id\":\"https:\\\/\\\/www.meydan.tv\\\/az\\\/#organization\"},\"image\":{\"@id\":\"https:\\\/\\\/www.meydan.tv\\\/az\\\/article\\\/icra-bascisinin-kom%c9%99kcisin%c9%99-bagli-sirk%c9%99t-xarici-blogerl%c9%99ri-az%c9%99rbaycana-g%c9%99tirirmis\\\/#primaryimage\"},\"thumbnailUrl\":\"https:\\\/\\\/www.meydan.tv\\\/wp-content\\\/uploads\\\/0032-1.png\",\"articleSection\":[\"T\u00f6vsiy\u0259\",\"X\u0259b\u0259rl\u0259r\"],\"inLanguage\":\"az\"},{\"@type\":\"WebPage\",\"@id\":\"https:\\\/\\\/www.meydan.tv\\\/az\\\/article\\\/icra-bascisinin-kom%c9%99kcisin%c9%99-bagli-sirk%c9%99t-xarici-blogerl%c9%99ri-az%c9%99rbaycana-g%c9%99tirirmis\\\/\",\"url\":\"https:\\\/\\\/www.meydan.tv\\\/az\\\/article\\\/icra-bascisinin-kom%c9%99kcisin%c9%99-bagli-sirk%c9%99t-xarici-blogerl%c9%99ri-az%c9%99rbaycana-g%c9%99tirirmis\\\/\",\"name\":\"\u0130cra ba\u015f\u00e7\u0131s\u0131n\u0131n k\u00f6m\u0259k\u00e7isin\u0259 ba\u011fl\u0131 \u015firk\u0259t xarici blogerl\u0259ri Az\u0259rbaycana g\u0259tirirmi\u015f - MEYDAN.TV\",\"isPartOf\":{\"@id\":\"https:\\\/\\\/www.meydan.tv\\\/az\\\/#website\"},\"primaryImageOfPage\":{\"@id\":\"https:\\\/\\\/www.meydan.tv\\\/az\\\/article\\\/icra-bascisinin-kom%c9%99kcisin%c9%99-bagli-sirk%c9%99t-xarici-blogerl%c9%99ri-az%c9%99rbaycana-g%c9%99tirirmis\\\/#primaryimage\"},\"image\":{\"@id\":\"https:\\\/\\\/www.meydan.tv\\\/az\\\/article\\\/icra-bascisinin-kom%c9%99kcisin%c9%99-bagli-sirk%c9%99t-xarici-blogerl%c9%99ri-az%c9%99rbaycana-g%c9%99tirirmis\\\/#primaryimage\"},\"thumbnailUrl\":\"https:\\\/\\\/www.meydan.tv\\\/wp-content\\\/uploads\\\/0032-1.png\",\"datePublished\":\"2026-04-29T18:54:49+00:00\",\"dateModified\":\"2026-04-29T18:54:51+00:00\",\"breadcrumb\":{\"@id\":\"https:\\\/\\\/www.meydan.tv\\\/az\\\/article\\\/icra-bascisinin-kom%c9%99kcisin%c9%99-bagli-sirk%c9%99t-xarici-blogerl%c9%99ri-az%c9%99rbaycana-g%c9%99tirirmis\\\/#breadcrumb\"},\"inLanguage\":\"az\",\"potentialAction\":[{\"@type\":\"ReadAction\",\"target\":[\"https:\\\/\\\/www.meydan.tv\\\/az\\\/article\\\/icra-bascisinin-kom%c9%99kcisin%c9%99-bagli-sirk%c9%99t-xarici-blogerl%c9%99ri-az%c9%99rbaycana-g%c9%99tirirmis\\\/\"]}]},{\"@type\":\"ImageObject\",\"inLanguage\":\"az\",\"@id\":\"https:\\\/\\\/www.meydan.tv\\\/az\\\/article\\\/icra-bascisinin-kom%c9%99kcisin%c9%99-bagli-sirk%c9%99t-xarici-blogerl%c9%99ri-az%c9%99rbaycana-g%c9%99tirirmis\\\/#primaryimage\",\"url\":\"https:\\\/\\\/www.meydan.tv\\\/wp-content\\\/uploads\\\/0032-1.png\",\"contentUrl\":\"https:\\\/\\\/www.meydan.tv\\\/wp-content\\\/uploads\\\/0032-1.png\",\"width\":1920,\"height\":938,\"caption\":\"VATA \u015firk\u0259ti say\u0259sind\u0259 xarici blogerl\u0259rin Az\u0259rbaycana g\u0259tirilm\u0259si - Foto: ChatGPT\"},{\"@type\":\"BreadcrumbList\",\"@id\":\"https:\\\/\\\/www.meydan.tv\\\/az\\\/article\\\/icra-bascisinin-kom%c9%99kcisin%c9%99-bagli-sirk%c9%99t-xarici-blogerl%c9%99ri-az%c9%99rbaycana-g%c9%99tirirmis\\\/#breadcrumb\",\"itemListElement\":[{\"@type\":\"ListItem\",\"position\":1,\"name\":\"Ana s\u0259hif\u0259\",\"item\":\"https:\\\/\\\/www.meydan.tv\\\/az\\\/\"},{\"@type\":\"ListItem\",\"position\":2,\"name\":\"X\u0259b\u0259rl\u0259r\",\"item\":\"https:\\\/\\\/www.meydan.tv\\\/az\\\/section\\\/xeberler\\\/\"},{\"@type\":\"ListItem\",\"position\":3,\"name\":\"\u0130cra ba\u015f\u00e7\u0131s\u0131n\u0131n k\u00f6m\u0259k\u00e7isin\u0259 ba\u011fl\u0131 \u015firk\u0259t xarici blogerl\u0259ri Az\u0259rbaycana g\u0259tirirmi\u015f\"}]},{\"@type\":\"WebSite\",\"@id\":\"https:\\\/\\\/www.meydan.tv\\\/az\\\/#website\",\"url\":\"https:\\\/\\\/www.meydan.tv\\\/az\\\/\",\"name\":\"MEYDAN.TV\",\"description\":\"Meydan TV Az\u0259rbaycan\u0131n media m\u0259kan\u0131ndak\u0131 alternativ s\u0259sidir\",\"publisher\":{\"@id\":\"https:\\\/\\\/www.meydan.tv\\\/az\\\/#organization\"},\"potentialAction\":[{\"@type\":\"SearchAction\",\"target\":{\"@type\":\"EntryPoint\",\"urlTemplate\":\"https:\\\/\\\/www.meydan.tv\\\/az\\\/?s={search_term_string}\"},\"query-input\":{\"@type\":\"PropertyValueSpecification\",\"valueRequired\":true,\"valueName\":\"search_term_string\"}}],\"inLanguage\":\"az\"},{\"@type\":\"Organization\",\"@id\":\"https:\\\/\\\/www.meydan.tv\\\/az\\\/#organization\",\"name\":\"Meydan TV\",\"url\":\"https:\\\/\\\/www.meydan.tv\\\/az\\\/\",\"logo\":{\"@type\":\"ImageObject\",\"inLanguage\":\"az\",\"@id\":\"https:\\\/\\\/www.meydan.tv\\\/az\\\/#\\\/schema\\\/logo\\\/image\\\/\",\"url\":\"https:\\\/\\\/www.meydan.tv\\\/wp-content\\\/uploads\\\/2021\\\/07\\\/meydan-logo.svg\",\"contentUrl\":\"https:\\\/\\\/www.meydan.tv\\\/wp-content\\\/uploads\\\/2021\\\/07\\\/meydan-logo.svg\",\"width\":195,\"height\":46,\"caption\":\"Meydan TV\"},\"image\":{\"@id\":\"https:\\\/\\\/www.meydan.tv\\\/az\\\/#\\\/schema\\\/logo\\\/image\\\/\"}},{\"@type\":\"Person\",\"@id\":\"https:\\\/\\\/www.meydan.tv\\\/az\\\/#\\\/schema\\\/person\\\/8f23e01c4de63326c13c319fb65ee65d\",\"name\":\"roma\"}]}<\/script>\n<!-- \/ Yoast SEO plugin. -->","yoast_head_json":{"title":"\u0130cra ba\u015f\u00e7\u0131s\u0131n\u0131n k\u00f6m\u0259k\u00e7isin\u0259 ba\u011fl\u0131 \u015firk\u0259t xarici blogerl\u0259ri Az\u0259rbaycana g\u0259tirirmi\u015f - MEYDAN.TV","robots":{"index":"index","follow":"follow","max-snippet":"max-snippet:-1","max-image-preview":"max-image-preview:large","max-video-preview":"max-video-preview:-1"},"canonical":"https:\/\/www.meydan.tv\/az\/article\/icra-bascisinin-kom%c9%99kcisin%c9%99-bagli-sirk%c9%99t-xarici-blogerl%c9%99ri-az%c9%99rbaycana-g%c9%99tirirmis\/","og_locale":"az_AZ","og_type":"article","og_title":"\u0130cra ba\u015f\u00e7\u0131s\u0131n\u0131n k\u00f6m\u0259k\u00e7isin\u0259 ba\u011fl\u0131 \u015firk\u0259t xarici blogerl\u0259ri Az\u0259rbaycana g\u0259tirirmi\u015f - MEYDAN.TV","og_description":"D\u00f6vl\u0259t Turizm Agentliyinin xarici jurnalistl\u0259rin, blogerl\u0259rin v\u0259 turizm \u015firk\u0259tl\u0259rinin n\u00fcmay\u0259nd\u0259l\u0259rinin ... Davam\u0131","og_url":"https:\/\/www.meydan.tv\/az\/article\/icra-bascisinin-kom%c9%99kcisin%c9%99-bagli-sirk%c9%99t-xarici-blogerl%c9%99ri-az%c9%99rbaycana-g%c9%99tirirmis\/","og_site_name":"MEYDAN.TV","article_published_time":"2026-04-29T18:54:49+00:00","article_modified_time":"2026-04-29T18:54:51+00:00","og_image":[{"width":1200,"height":586,"url":"https:\/\/www.meydan.tv\/wp-content\/uploads\/0032-1-1200x586.png","type":"image\/png"}],"author":"roma","twitter_card":"summary_large_image","schema":{"@context":"https:\/\/schema.org","@graph":[{"@type":"Article","@id":"https:\/\/www.meydan.tv\/az\/article\/icra-bascisinin-kom%c9%99kcisin%c9%99-bagli-sirk%c9%99t-xarici-blogerl%c9%99ri-az%c9%99rbaycana-g%c9%99tirirmis\/#article","isPartOf":{"@id":"https:\/\/www.meydan.tv\/az\/article\/icra-bascisinin-kom%c9%99kcisin%c9%99-bagli-sirk%c9%99t-xarici-blogerl%c9%99ri-az%c9%99rbaycana-g%c9%99tirirmis\/"},"author":{"name":"roma","@id":"https:\/\/www.meydan.tv\/az\/#\/schema\/person\/8f23e01c4de63326c13c319fb65ee65d"},"headline":"\u0130cra ba\u015f\u00e7\u0131s\u0131n\u0131n k\u00f6m\u0259k\u00e7isin\u0259 ba\u011fl\u0131 \u015firk\u0259t xarici blogerl\u0259ri Az\u0259rbaycana g\u0259tirirmi\u015f","datePublished":"2026-04-29T18:54:49+00:00","dateModified":"2026-04-29T18:54:51+00:00","mainEntityOfPage":{"@id":"https:\/\/www.meydan.tv\/az\/article\/icra-bascisinin-kom%c9%99kcisin%c9%99-bagli-sirk%c9%99t-xarici-blogerl%c9%99ri-az%c9%99rbaycana-g%c9%99tirirmis\/"},"wordCount":532,"publisher":{"@id":"https:\/\/www.meydan.tv\/az\/#organization"},"image":{"@id":"https:\/\/www.meydan.tv\/az\/article\/icra-bascisinin-kom%c9%99kcisin%c9%99-bagli-sirk%c9%99t-xarici-blogerl%c9%99ri-az%c9%99rbaycana-g%c9%99tirirmis\/#primaryimage"},"thumbnailUrl":"https:\/\/www.meydan.tv\/wp-content\/uploads\/0032-1.png","articleSection":["T\u00f6vsiy\u0259","X\u0259b\u0259rl\u0259r"],"inLanguage":"az"},{"@type":"WebPage","@id":"https:\/\/www.meydan.tv\/az\/article\/icra-bascisinin-kom%c9%99kcisin%c9%99-bagli-sirk%c9%99t-xarici-blogerl%c9%99ri-az%c9%99rbaycana-g%c9%99tirirmis\/","url":"https:\/\/www.meydan.tv\/az\/article\/icra-bascisinin-kom%c9%99kcisin%c9%99-bagli-sirk%c9%99t-xarici-blogerl%c9%99ri-az%c9%99rbaycana-g%c9%99tirirmis\/","name":"\u0130cra ba\u015f\u00e7\u0131s\u0131n\u0131n k\u00f6m\u0259k\u00e7isin\u0259 ba\u011fl\u0131 \u015firk\u0259t xarici blogerl\u0259ri Az\u0259rbaycana g\u0259tirirmi\u015f - MEYDAN.TV","isPartOf":{"@id":"https:\/\/www.meydan.tv\/az\/#website"},"primaryImageOfPage":{"@id":"https:\/\/www.meydan.tv\/az\/article\/icra-bascisinin-kom%c9%99kcisin%c9%99-bagli-sirk%c9%99t-xarici-blogerl%c9%99ri-az%c9%99rbaycana-g%c9%99tirirmis\/#primaryimage"},"image":{"@id":"https:\/\/www.meydan.tv\/az\/article\/icra-bascisinin-kom%c9%99kcisin%c9%99-bagli-sirk%c9%99t-xarici-blogerl%c9%99ri-az%c9%99rbaycana-g%c9%99tirirmis\/#primaryimage"},"thumbnailUrl":"https:\/\/www.meydan.tv\/wp-content\/uploads\/0032-1.png","datePublished":"2026-04-29T18:54:49+00:00","dateModified":"2026-04-29T18:54:51+00:00","breadcrumb":{"@id":"https:\/\/www.meydan.tv\/az\/article\/icra-bascisinin-kom%c9%99kcisin%c9%99-bagli-sirk%c9%99t-xarici-blogerl%c9%99ri-az%c9%99rbaycana-g%c9%99tirirmis\/#breadcrumb"},"inLanguage":"az","potentialAction":[{"@type":"ReadAction","target":["https:\/\/www.meydan.tv\/az\/article\/icra-bascisinin-kom%c9%99kcisin%c9%99-bagli-sirk%c9%99t-xarici-blogerl%c9%99ri-az%c9%99rbaycana-g%c9%99tirirmis\/"]}]},{"@type":"ImageObject","inLanguage":"az","@id":"https:\/\/www.meydan.tv\/az\/article\/icra-bascisinin-kom%c9%99kcisin%c9%99-bagli-sirk%c9%99t-xarici-blogerl%c9%99ri-az%c9%99rbaycana-g%c9%99tirirmis\/#primaryimage","url":"https:\/\/www.meydan.tv\/wp-content\/uploads\/0032-1.png","contentUrl":"https:\/\/www.meydan.tv\/wp-content\/uploads\/0032-1.png","width":1920,"height":938,"caption":"VATA \u015firk\u0259ti say\u0259sind\u0259 xarici blogerl\u0259rin Az\u0259rbaycana g\u0259tirilm\u0259si - Foto: ChatGPT"},{"@type":"BreadcrumbList","@id":"https:\/\/www.meydan.tv\/az\/article\/icra-bascisinin-kom%c9%99kcisin%c9%99-bagli-sirk%c9%99t-xarici-blogerl%c9%99ri-az%c9%99rbaycana-g%c9%99tirirmis\/#breadcrumb","itemListElement":[{"@type":"ListItem","position":1,"name":"Ana s\u0259hif\u0259","item":"https:\/\/www.meydan.tv\/az\/"},{"@type":"ListItem","position":2,"name":"X\u0259b\u0259rl\u0259r","item":"https:\/\/www.meydan.tv\/az\/section\/xeberler\/"},{"@type":"ListItem","position":3,"name":"\u0130cra ba\u015f\u00e7\u0131s\u0131n\u0131n k\u00f6m\u0259k\u00e7isin\u0259 ba\u011fl\u0131 \u015firk\u0259t xarici blogerl\u0259ri Az\u0259rbaycana g\u0259tirirmi\u015f"}]},{"@type":"WebSite","@id":"https:\/\/www.meydan.tv\/az\/#website","url":"https:\/\/www.meydan.tv\/az\/","name":"MEYDAN.TV","description":"Meydan TV Az\u0259rbaycan\u0131n media m\u0259kan\u0131ndak\u0131 alternativ s\u0259sidir","publisher":{"@id":"https:\/\/www.meydan.tv\/az\/#organization"},"potentialAction":[{"@type":"SearchAction","target":{"@type":"EntryPoint","urlTemplate":"https:\/\/www.meydan.tv\/az\/?s={search_term_string}"},"query-input":{"@type":"PropertyValueSpecification","valueRequired":true,"valueName":"search_term_string"}}],"inLanguage":"az"},{"@type":"Organization","@id":"https:\/\/www.meydan.tv\/az\/#organization","name":"Meydan TV","url":"https:\/\/www.meydan.tv\/az\/","logo":{"@type":"ImageObject","inLanguage":"az","@id":"https:\/\/www.meydan.tv\/az\/#\/schema\/logo\/image\/","url":"https:\/\/www.meydan.tv\/wp-content\/uploads\/2021\/07\/meydan-logo.svg","contentUrl":"https:\/\/www.meydan.tv\/wp-content\/uploads\/2021\/07\/meydan-logo.svg","width":195,"height":46,"caption":"Meydan TV"},"image":{"@id":"https:\/\/www.meydan.tv\/az\/#\/schema\/logo\/image\/"}},{"@type":"Person","@id":"https:\/\/www.meydan.tv\/az\/#\/schema\/person\/8f23e01c4de63326c13c319fb65ee65d","name":"roma"}]}},"_links":{"self":[{"href":"https:\/\/www.meydan.tv\/az\/wp-json\/wp\/v2\/posts\/344491","targetHints":{"allow":["GET"]}}],"collection":[{"href":"https:\/\/www.meydan.tv\/az\/wp-json\/wp\/v2\/posts"}],"about":[{"href":"https:\/\/www.meydan.tv\/az\/wp-json\/wp\/v2\/types\/post"}],"author":[{"embeddable":true,"href":"https:\/\/www.meydan.tv\/az\/wp-json\/wp\/v2\/users\/14"}],"replies":[{"embeddable":true,"href":"https:\/\/www.meydan.tv\/az\/wp-json\/wp\/v2\/comments?post=344491"}],"version-history":[{"count":2,"href":"https:\/\/www.meydan.tv\/az\/wp-json\/wp\/v2\/posts\/344491\/revisions"}],"predecessor-version":[{"id":344496,"href":"https:\/\/www.meydan.tv\/az\/wp-json\/wp\/v2\/posts\/344491\/revisions\/344496"}],"wp:featuredmedia":[{"embeddable":true,"href":"https:\/\/www.meydan.tv\/az\/wp-json\/wp\/v2\/media\/344492"}],"wp:attachment":[{"href":"https:\/\/www.meydan.tv\/az\/wp-json\/wp\/v2\/media?parent=344491"}],"wp:term":[{"taxonomy":"category","embeddable":true,"href":"https:\/\/www.meydan.tv\/az\/wp-json\/wp\/v2\/categories?post=344491"},{"taxonomy":"post_tag","embeddable":true,"href":"https:\/\/www.meydan.tv\/az\/wp-json\/wp\/v2\/tags?post=344491"}],"curies":[{"name":"wp","href":"https:\/\/api.w.org\/{rel}","templated":true}]}}