{"id":344475,"date":"2026-04-29T20:03:09","date_gmt":"2026-04-29T16:03:09","guid":{"rendered":"https:\/\/www.meydan.tv\/?p=344475"},"modified":"2026-04-29T20:04:50","modified_gmt":"2026-04-29T16:04:50","slug":"emin-agalarovun-sirk%c9%99ti-qarabagda-34-4-milyonluq-tenderin-qalibi-oldu","status":"publish","type":"post","link":"https:\/\/www.meydan.tv\/az\/article\/emin-agalarovun-sirk%c9%99ti-qarabagda-34-4-milyonluq-tenderin-qalibi-oldu\/","title":{"rendered":"Emin A\u011falarovun \u015firk\u0259ti Qaraba\u011fda 34.4 milyonluq tenderin qalibi oldu"},"content":{"rendered":"\n<p>C\u0259bray\u0131l, Qubadl\u0131 v\u0259 Z\u0259ngilan rayonlar\u0131nda B\u0259rpa, Tikinti v\u0259 \u0130dar\u0259etm\u0259 Xidm\u0259ti t\u0259r\u0259find\u0259n ke\u00e7iril\u0259n tender m\u00fcsabiq\u0259sinin qalibi Prezidentin ke\u00e7mi\u015f k\u00fcr\u0259k\u0259ni Emin A\u011falarova m\u0259xsus \u201cSea Breeze Construction\u201d MMC olub.&nbsp;<\/p>\n\n\n\n<p>D\u00f6vl\u0259t sat\u0131nalmalar\u0131n\u0131n vahid internet portal\u0131nda yerl\u0259\u015fdiril\u0259n <a href=\"https:\/\/etender.gov.az\/main\/competition\/detail\/346206\">m\u0259lumata<\/a> g\u00f6r\u0259, \u015firk\u0259t Qubadl\u0131 \u015f\u0259h\u0259rind\u0259 yerl\u0259\u015f\u0259n ya\u015fay\u0131\u015f m\u0259h\u0259ll\u0259sinin tikinti-qura\u015fd\u0131rma i\u015fl\u0259rini h\u0259yata ke\u00e7ir\u0259c\u0259k v\u0259 bunun qar\u015f\u0131l\u0131\u011f\u0131nda 34 milyon 412 min 372 manat 80 q\u0259pik alacaq.<\/p>\n\n\n\n<p>\u201cSea Breeze Construction\u201d MMC \u015firk\u0259ti \u201cSea Breeze\u201d MMC-y\u0259 ba\u011fl\u0131 t\u00f6r\u0259m\u0259 \u015firk\u0259t kimi f\u0259aliyy\u0259t g\u00f6st\u0259rir. \u201cSea Breeze\u201d layih\u0259si 2006-c\u0131 ild\u0259 i\u015f adam\u0131 v\u0259 m\u00fc\u011f\u0259nni Emin A\u011falarov t\u0259r\u0259find\u0259n <a href=\"https:\/\/seabreeze.az\/az\/pages\/about\">t\u0259sis edilib<\/a>. Emin A\u011falarov Az\u0259rbaycan Prezidenti \u0130lham \u018fliyevin b\u00f6y\u00fck q\u0131z\u0131 Leyla \u018fliyevan\u0131n ke\u00e7mi\u015f h\u0259yat yolda\u015f\u0131d\u0131r.&nbsp;<\/p>\n\n\n\n<p>\u201cSea Breeze\u201d layih\u0259si ilkin m\u0259rh\u0259l\u0259d\u0259 X\u0259z\u0259r sahilind\u0259 otel, restoran v\u0259 ki\u00e7ik \u00e7im\u0259rlik kimi f\u0259aliyy\u0259t\u0259 ba\u015flasa da, haz\u0131rda iri miqyasl\u0131 istirah\u0259t v\u0259 ya\u015fay\u0131\u015f kompleksin\u0259 \u00e7evrilib v\u0259 y\u00fczl\u0259rl\u0259 hektar \u0259razini \u0259hat\u0259 edir.<\/p>\n\n\n\n<p>\u0130\u015f\u011faldan azad olunmu\u015f \u0259razil\u0259rd\u0259 apar\u0131lan b\u0259rpa v\u0259 tikinti layih\u0259l\u0259rind\u0259 hakim ail\u0259y\u0259 yax\u0131nl\u0131\u011f\u0131 il\u0259 tan\u0131nan v\u0259 ya d\u00f6vl\u0259t strukturlar\u0131 il\u0259 \u0259laq\u0259li \u015f\u0259xsl\u0259rin i\u015ftirak etdiyi \u015firk\u0259tl\u0259rin yer almas\u0131 daha \u0259vv\u0259l d\u0259 ara\u015fd\u0131rma\u00e7\u0131 jurnalistl\u0259r t\u0259r\u0259find\u0259n <a href=\"https:\/\/abzas.org\/az\/2022\/6\/prezidentin-ail%C9%99-uzvl%C9%99rin%C9%99-m%C9%99xsus-sirk%C9%99t-qarabagda-%C9%99kin-bicinl%C9%99-m%C9%99sgul-olur-arasdirma\/\">t\u0259sdiql\u0259nib<\/a>.&nbsp;<\/p>\n\n\n\n<p>Prezident \u0130lham \u018fliyev d\u0259 daha \u0259vv\u0259l \u0130taliya medias\u0131na verdiyi <a href=\"https:\/\/president.az\/az\/articles\/view\/53444\">m\u00fcsahib\u0259d\u0259<\/a> bildirmi\u015fdi ki, \u00f6lk\u0259d\u0259 onun qohumlar\u0131n\u0131n v\u0259 ail\u0259 \u00fczvl\u0259rinin biznesd\u0259 v\u0259 m\u00fcxt\u0259lif layih\u0259l\u0259rd\u0259 i\u015ftirak\u0131 sirr deyil. Onun s\u00f6zl\u0259rin\u0259 g\u00f6r\u0259, bu \u015f\u0259xsl\u0259r h\u0259m xeyriyy\u0259\u00e7ilikd\u0259, h\u0259m d\u0259 Qaraba\u011fda apar\u0131lan i\u015fl\u0259rd\u0259 i\u015ftirak edirl\u0259r.<\/p>\n\n\n\n<p>Emin A\u011falarovla \u0259laq\u0259li \u015firk\u0259tin Qaraba\u011fdak\u0131 tikinti layih\u0259l\u0259rind\u0259 i\u015ftirak\u0131 ilk d\u0259f\u0259dir ki, bel\u0259 iri tender \u00e7\u0259r\u00e7iv\u0259sind\u0259 m\u00fc\u015fahid\u0259 olunur.&nbsp;<\/p>\n\n\n\n<p>Ekspertl\u0259r bildirir ki, iri d\u00f6vl\u0259t layih\u0259l\u0259rinin m\u0259hdud sayda v\u0259 bir-biri il\u0259 \u0259laq\u0259li biznes qruplar\u0131 aras\u0131nda b\u00f6l\u00fc\u015fd\u00fcr\u00fclm\u0259si r\u0259qab\u0259t m\u00fchitin\u0259 m\u0259nfi t\u0259sir g\u00f6st\u0259rir. \u018fsas\u0259n d\u0259 d\u00f6vl\u0259tl\u0259 \u0259laq\u0259li v\u0259 ya hakimiyy\u0259t\u0259 yax\u0131n hesab edil\u0259n \u015firk\u0259tl\u0259rin bu c\u00fcr layih\u0259l\u0259rd\u0259 \u00fcst\u00fcnl\u00fck qazanmas\u0131 \u015f\u0259ffafl\u0131qla ba\u011fl\u0131 narahatl\u0131q do\u011furur. Ekspertl\u0259rin dediyin\u0259 g\u00f6r\u0259, bu kimi v\u0259ziyy\u0259tl\u0259r maraqlar toqqu\u015fmas\u0131 v\u0259 qeyri-b\u0259rab\u0259r imkanlar bar\u0259d\u0259 \u015f\u00fcbh\u0259l\u0259ri daha da art\u0131r\u0131r.<\/p>\n","protected":false},"excerpt":{"rendered":"<p>C\u0259bray\u0131l, Qubadl\u0131 v\u0259 Z\u0259ngilan rayonlar\u0131nda B\u0259rpa, Tikinti v\u0259 \u0130dar\u0259etm\u0259 Xidm\u0259ti &#8230; <\/p>\n<p class=\"read-more-container\"><a title=\"Emin A\u011falarovun \u015firk\u0259ti Qaraba\u011fda 34.4 milyonluq tenderin qalibi oldu\" class=\"read-more button\" href=\"https:\/\/www.meydan.tv\/az\/article\/emin-agalarovun-sirk%c9%99ti-qarabagda-34-4-milyonluq-tenderin-qalibi-oldu\/#more-344475\" aria-label=\"Read more about Emin A\u011falarovun \u015firk\u0259ti Qaraba\u011fda 34.4 milyonluq tenderin qalibi oldu\">Davam\u0131<\/a><\/p>\n","protected":false},"author":14,"featured_media":344480,"comment_status":"closed","ping_status":"closed","sticky":false,"template":"","format":"standard","meta":{"_acf_changed":false,"_sitemap_exclude":false,"_sitemap_priority":"","_sitemap_frequency":"","footnotes":""},"categories":[79,56],"tags":[],"class_list":["post-344475","post","type-post","status-publish","format-standard","has-post-thumbnail","hentry","category-featured","category-xeberler","infinite-scroll-item","generate-columns","tablet-grid-50","mobile-grid-100","grid-parent","grid-33","no-featured-image-padding"],"acf":[],"yoast_head":"<!-- This site is optimized with the Yoast SEO plugin v27.5 - https:\/\/yoast.com\/product\/yoast-seo-wordpress\/ -->\n<title>Emin A\u011falarovun \u015firk\u0259ti Qaraba\u011fda 34.4 milyonluq tenderin qalibi oldu - MEYDAN.TV<\/title>\n<meta name=\"robots\" content=\"index, follow, max-snippet:-1, max-image-preview:large, max-video-preview:-1\" \/>\n<link rel=\"canonical\" href=\"https:\/\/www.meydan.tv\/az\/article\/emin-agalarovun-sirk%c9%99ti-qarabagda-34-4-milyonluq-tenderin-qalibi-oldu\/\" \/>\n<meta property=\"og:locale\" content=\"az_AZ\" \/>\n<meta property=\"og:type\" content=\"article\" \/>\n<meta property=\"og:title\" content=\"Emin A\u011falarovun \u015firk\u0259ti Qaraba\u011fda 34.4 milyonluq tenderin qalibi oldu - MEYDAN.TV\" \/>\n<meta property=\"og:description\" content=\"C\u0259bray\u0131l, Qubadl\u0131 v\u0259 Z\u0259ngilan rayonlar\u0131nda B\u0259rpa, Tikinti v\u0259 \u0130dar\u0259etm\u0259 Xidm\u0259ti ... Davam\u0131\" \/>\n<meta property=\"og:url\" content=\"https:\/\/www.meydan.tv\/az\/article\/emin-agalarovun-sirk%c9%99ti-qarabagda-34-4-milyonluq-tenderin-qalibi-oldu\/\" \/>\n<meta property=\"og:site_name\" content=\"MEYDAN.TV\" \/>\n<meta property=\"article:published_time\" content=\"2026-04-29T16:03:09+00:00\" \/>\n<meta property=\"article:modified_time\" content=\"2026-04-29T16:04:50+00:00\" \/>\n<meta property=\"og:image\" content=\"https:\/\/www.meydan.tv\/wp-content\/uploads\/003-1-1200x586.png\" \/>\n\t<meta property=\"og:image:width\" content=\"1200\" \/>\n\t<meta property=\"og:image:height\" content=\"586\" \/>\n\t<meta property=\"og:image:type\" content=\"image\/png\" \/>\n<meta name=\"author\" content=\"roma\" \/>\n<meta name=\"twitter:card\" content=\"summary_large_image\" \/>\n<script type=\"application\/ld+json\" class=\"yoast-schema-graph\">{\"@context\":\"https:\\\/\\\/schema.org\",\"@graph\":[{\"@type\":\"Article\",\"@id\":\"https:\\\/\\\/www.meydan.tv\\\/az\\\/article\\\/emin-agalarovun-sirk%c9%99ti-qarabagda-34-4-milyonluq-tenderin-qalibi-oldu\\\/#article\",\"isPartOf\":{\"@id\":\"https:\\\/\\\/www.meydan.tv\\\/az\\\/article\\\/emin-agalarovun-sirk%c9%99ti-qarabagda-34-4-milyonluq-tenderin-qalibi-oldu\\\/\"},\"author\":{\"name\":\"roma\",\"@id\":\"https:\\\/\\\/www.meydan.tv\\\/az\\\/#\\\/schema\\\/person\\\/8f23e01c4de63326c13c319fb65ee65d\"},\"headline\":\"Emin A\u011falarovun \u015firk\u0259ti Qaraba\u011fda 34.4 milyonluq tenderin qalibi oldu\",\"datePublished\":\"2026-04-29T16:03:09+00:00\",\"dateModified\":\"2026-04-29T16:04:50+00:00\",\"mainEntityOfPage\":{\"@id\":\"https:\\\/\\\/www.meydan.tv\\\/az\\\/article\\\/emin-agalarovun-sirk%c9%99ti-qarabagda-34-4-milyonluq-tenderin-qalibi-oldu\\\/\"},\"wordCount\":488,\"publisher\":{\"@id\":\"https:\\\/\\\/www.meydan.tv\\\/az\\\/#organization\"},\"image\":{\"@id\":\"https:\\\/\\\/www.meydan.tv\\\/az\\\/article\\\/emin-agalarovun-sirk%c9%99ti-qarabagda-34-4-milyonluq-tenderin-qalibi-oldu\\\/#primaryimage\"},\"thumbnailUrl\":\"https:\\\/\\\/www.meydan.tv\\\/wp-content\\\/uploads\\\/003-1.png\",\"articleSection\":[\"T\u00f6vsiy\u0259\",\"X\u0259b\u0259rl\u0259r\"],\"inLanguage\":\"az\"},{\"@type\":\"WebPage\",\"@id\":\"https:\\\/\\\/www.meydan.tv\\\/az\\\/article\\\/emin-agalarovun-sirk%c9%99ti-qarabagda-34-4-milyonluq-tenderin-qalibi-oldu\\\/\",\"url\":\"https:\\\/\\\/www.meydan.tv\\\/az\\\/article\\\/emin-agalarovun-sirk%c9%99ti-qarabagda-34-4-milyonluq-tenderin-qalibi-oldu\\\/\",\"name\":\"Emin A\u011falarovun \u015firk\u0259ti Qaraba\u011fda 34.4 milyonluq tenderin qalibi oldu - MEYDAN.TV\",\"isPartOf\":{\"@id\":\"https:\\\/\\\/www.meydan.tv\\\/az\\\/#website\"},\"primaryImageOfPage\":{\"@id\":\"https:\\\/\\\/www.meydan.tv\\\/az\\\/article\\\/emin-agalarovun-sirk%c9%99ti-qarabagda-34-4-milyonluq-tenderin-qalibi-oldu\\\/#primaryimage\"},\"image\":{\"@id\":\"https:\\\/\\\/www.meydan.tv\\\/az\\\/article\\\/emin-agalarovun-sirk%c9%99ti-qarabagda-34-4-milyonluq-tenderin-qalibi-oldu\\\/#primaryimage\"},\"thumbnailUrl\":\"https:\\\/\\\/www.meydan.tv\\\/wp-content\\\/uploads\\\/003-1.png\",\"datePublished\":\"2026-04-29T16:03:09+00:00\",\"dateModified\":\"2026-04-29T16:04:50+00:00\",\"breadcrumb\":{\"@id\":\"https:\\\/\\\/www.meydan.tv\\\/az\\\/article\\\/emin-agalarovun-sirk%c9%99ti-qarabagda-34-4-milyonluq-tenderin-qalibi-oldu\\\/#breadcrumb\"},\"inLanguage\":\"az\",\"potentialAction\":[{\"@type\":\"ReadAction\",\"target\":[\"https:\\\/\\\/www.meydan.tv\\\/az\\\/article\\\/emin-agalarovun-sirk%c9%99ti-qarabagda-34-4-milyonluq-tenderin-qalibi-oldu\\\/\"]}]},{\"@type\":\"ImageObject\",\"inLanguage\":\"az\",\"@id\":\"https:\\\/\\\/www.meydan.tv\\\/az\\\/article\\\/emin-agalarovun-sirk%c9%99ti-qarabagda-34-4-milyonluq-tenderin-qalibi-oldu\\\/#primaryimage\",\"url\":\"https:\\\/\\\/www.meydan.tv\\\/wp-content\\\/uploads\\\/003-1.png\",\"contentUrl\":\"https:\\\/\\\/www.meydan.tv\\\/wp-content\\\/uploads\\\/003-1.png\",\"width\":1920,\"height\":938,\"caption\":\"Emin A\u011falarov Qubadl\u0131da ya\u015fay\u0131\u015f m\u0259h\u0259ll\u0259si tik\u0259c\u0259k - Foto: Az\u0259rtac v\u0259 Emin A\u011falarovun Instagram hesab\u0131\"},{\"@type\":\"BreadcrumbList\",\"@id\":\"https:\\\/\\\/www.meydan.tv\\\/az\\\/article\\\/emin-agalarovun-sirk%c9%99ti-qarabagda-34-4-milyonluq-tenderin-qalibi-oldu\\\/#breadcrumb\",\"itemListElement\":[{\"@type\":\"ListItem\",\"position\":1,\"name\":\"Ana s\u0259hif\u0259\",\"item\":\"https:\\\/\\\/www.meydan.tv\\\/az\\\/\"},{\"@type\":\"ListItem\",\"position\":2,\"name\":\"X\u0259b\u0259rl\u0259r\",\"item\":\"https:\\\/\\\/www.meydan.tv\\\/az\\\/section\\\/xeberler\\\/\"},{\"@type\":\"ListItem\",\"position\":3,\"name\":\"Emin A\u011falarovun \u015firk\u0259ti Qaraba\u011fda 34.4 milyonluq tenderin qalibi oldu\"}]},{\"@type\":\"WebSite\",\"@id\":\"https:\\\/\\\/www.meydan.tv\\\/az\\\/#website\",\"url\":\"https:\\\/\\\/www.meydan.tv\\\/az\\\/\",\"name\":\"MEYDAN.TV\",\"description\":\"Meydan TV Az\u0259rbaycan\u0131n media m\u0259kan\u0131ndak\u0131 alternativ s\u0259sidir\",\"publisher\":{\"@id\":\"https:\\\/\\\/www.meydan.tv\\\/az\\\/#organization\"},\"potentialAction\":[{\"@type\":\"SearchAction\",\"target\":{\"@type\":\"EntryPoint\",\"urlTemplate\":\"https:\\\/\\\/www.meydan.tv\\\/az\\\/?s={search_term_string}\"},\"query-input\":{\"@type\":\"PropertyValueSpecification\",\"valueRequired\":true,\"valueName\":\"search_term_string\"}}],\"inLanguage\":\"az\"},{\"@type\":\"Organization\",\"@id\":\"https:\\\/\\\/www.meydan.tv\\\/az\\\/#organization\",\"name\":\"Meydan TV\",\"url\":\"https:\\\/\\\/www.meydan.tv\\\/az\\\/\",\"logo\":{\"@type\":\"ImageObject\",\"inLanguage\":\"az\",\"@id\":\"https:\\\/\\\/www.meydan.tv\\\/az\\\/#\\\/schema\\\/logo\\\/image\\\/\",\"url\":\"https:\\\/\\\/www.meydan.tv\\\/wp-content\\\/uploads\\\/2021\\\/07\\\/meydan-logo.svg\",\"contentUrl\":\"https:\\\/\\\/www.meydan.tv\\\/wp-content\\\/uploads\\\/2021\\\/07\\\/meydan-logo.svg\",\"width\":195,\"height\":46,\"caption\":\"Meydan TV\"},\"image\":{\"@id\":\"https:\\\/\\\/www.meydan.tv\\\/az\\\/#\\\/schema\\\/logo\\\/image\\\/\"}},{\"@type\":\"Person\",\"@id\":\"https:\\\/\\\/www.meydan.tv\\\/az\\\/#\\\/schema\\\/person\\\/8f23e01c4de63326c13c319fb65ee65d\",\"name\":\"roma\"}]}<\/script>\n<!-- \/ Yoast SEO plugin. -->","yoast_head_json":{"title":"Emin A\u011falarovun \u015firk\u0259ti Qaraba\u011fda 34.4 milyonluq tenderin qalibi oldu - MEYDAN.TV","robots":{"index":"index","follow":"follow","max-snippet":"max-snippet:-1","max-image-preview":"max-image-preview:large","max-video-preview":"max-video-preview:-1"},"canonical":"https:\/\/www.meydan.tv\/az\/article\/emin-agalarovun-sirk%c9%99ti-qarabagda-34-4-milyonluq-tenderin-qalibi-oldu\/","og_locale":"az_AZ","og_type":"article","og_title":"Emin A\u011falarovun \u015firk\u0259ti Qaraba\u011fda 34.4 milyonluq tenderin qalibi oldu - MEYDAN.TV","og_description":"C\u0259bray\u0131l, Qubadl\u0131 v\u0259 Z\u0259ngilan rayonlar\u0131nda B\u0259rpa, Tikinti v\u0259 \u0130dar\u0259etm\u0259 Xidm\u0259ti ... Davam\u0131","og_url":"https:\/\/www.meydan.tv\/az\/article\/emin-agalarovun-sirk%c9%99ti-qarabagda-34-4-milyonluq-tenderin-qalibi-oldu\/","og_site_name":"MEYDAN.TV","article_published_time":"2026-04-29T16:03:09+00:00","article_modified_time":"2026-04-29T16:04:50+00:00","og_image":[{"width":1200,"height":586,"url":"https:\/\/www.meydan.tv\/wp-content\/uploads\/003-1-1200x586.png","type":"image\/png"}],"author":"roma","twitter_card":"summary_large_image","schema":{"@context":"https:\/\/schema.org","@graph":[{"@type":"Article","@id":"https:\/\/www.meydan.tv\/az\/article\/emin-agalarovun-sirk%c9%99ti-qarabagda-34-4-milyonluq-tenderin-qalibi-oldu\/#article","isPartOf":{"@id":"https:\/\/www.meydan.tv\/az\/article\/emin-agalarovun-sirk%c9%99ti-qarabagda-34-4-milyonluq-tenderin-qalibi-oldu\/"},"author":{"name":"roma","@id":"https:\/\/www.meydan.tv\/az\/#\/schema\/person\/8f23e01c4de63326c13c319fb65ee65d"},"headline":"Emin A\u011falarovun \u015firk\u0259ti Qaraba\u011fda 34.4 milyonluq tenderin qalibi oldu","datePublished":"2026-04-29T16:03:09+00:00","dateModified":"2026-04-29T16:04:50+00:00","mainEntityOfPage":{"@id":"https:\/\/www.meydan.tv\/az\/article\/emin-agalarovun-sirk%c9%99ti-qarabagda-34-4-milyonluq-tenderin-qalibi-oldu\/"},"wordCount":488,"publisher":{"@id":"https:\/\/www.meydan.tv\/az\/#organization"},"image":{"@id":"https:\/\/www.meydan.tv\/az\/article\/emin-agalarovun-sirk%c9%99ti-qarabagda-34-4-milyonluq-tenderin-qalibi-oldu\/#primaryimage"},"thumbnailUrl":"https:\/\/www.meydan.tv\/wp-content\/uploads\/003-1.png","articleSection":["T\u00f6vsiy\u0259","X\u0259b\u0259rl\u0259r"],"inLanguage":"az"},{"@type":"WebPage","@id":"https:\/\/www.meydan.tv\/az\/article\/emin-agalarovun-sirk%c9%99ti-qarabagda-34-4-milyonluq-tenderin-qalibi-oldu\/","url":"https:\/\/www.meydan.tv\/az\/article\/emin-agalarovun-sirk%c9%99ti-qarabagda-34-4-milyonluq-tenderin-qalibi-oldu\/","name":"Emin A\u011falarovun \u015firk\u0259ti Qaraba\u011fda 34.4 milyonluq tenderin qalibi oldu - MEYDAN.TV","isPartOf":{"@id":"https:\/\/www.meydan.tv\/az\/#website"},"primaryImageOfPage":{"@id":"https:\/\/www.meydan.tv\/az\/article\/emin-agalarovun-sirk%c9%99ti-qarabagda-34-4-milyonluq-tenderin-qalibi-oldu\/#primaryimage"},"image":{"@id":"https:\/\/www.meydan.tv\/az\/article\/emin-agalarovun-sirk%c9%99ti-qarabagda-34-4-milyonluq-tenderin-qalibi-oldu\/#primaryimage"},"thumbnailUrl":"https:\/\/www.meydan.tv\/wp-content\/uploads\/003-1.png","datePublished":"2026-04-29T16:03:09+00:00","dateModified":"2026-04-29T16:04:50+00:00","breadcrumb":{"@id":"https:\/\/www.meydan.tv\/az\/article\/emin-agalarovun-sirk%c9%99ti-qarabagda-34-4-milyonluq-tenderin-qalibi-oldu\/#breadcrumb"},"inLanguage":"az","potentialAction":[{"@type":"ReadAction","target":["https:\/\/www.meydan.tv\/az\/article\/emin-agalarovun-sirk%c9%99ti-qarabagda-34-4-milyonluq-tenderin-qalibi-oldu\/"]}]},{"@type":"ImageObject","inLanguage":"az","@id":"https:\/\/www.meydan.tv\/az\/article\/emin-agalarovun-sirk%c9%99ti-qarabagda-34-4-milyonluq-tenderin-qalibi-oldu\/#primaryimage","url":"https:\/\/www.meydan.tv\/wp-content\/uploads\/003-1.png","contentUrl":"https:\/\/www.meydan.tv\/wp-content\/uploads\/003-1.png","width":1920,"height":938,"caption":"Emin A\u011falarov Qubadl\u0131da ya\u015fay\u0131\u015f m\u0259h\u0259ll\u0259si tik\u0259c\u0259k - Foto: Az\u0259rtac v\u0259 Emin A\u011falarovun Instagram hesab\u0131"},{"@type":"BreadcrumbList","@id":"https:\/\/www.meydan.tv\/az\/article\/emin-agalarovun-sirk%c9%99ti-qarabagda-34-4-milyonluq-tenderin-qalibi-oldu\/#breadcrumb","itemListElement":[{"@type":"ListItem","position":1,"name":"Ana s\u0259hif\u0259","item":"https:\/\/www.meydan.tv\/az\/"},{"@type":"ListItem","position":2,"name":"X\u0259b\u0259rl\u0259r","item":"https:\/\/www.meydan.tv\/az\/section\/xeberler\/"},{"@type":"ListItem","position":3,"name":"Emin A\u011falarovun \u015firk\u0259ti Qaraba\u011fda 34.4 milyonluq tenderin qalibi oldu"}]},{"@type":"WebSite","@id":"https:\/\/www.meydan.tv\/az\/#website","url":"https:\/\/www.meydan.tv\/az\/","name":"MEYDAN.TV","description":"Meydan TV Az\u0259rbaycan\u0131n media m\u0259kan\u0131ndak\u0131 alternativ s\u0259sidir","publisher":{"@id":"https:\/\/www.meydan.tv\/az\/#organization"},"potentialAction":[{"@type":"SearchAction","target":{"@type":"EntryPoint","urlTemplate":"https:\/\/www.meydan.tv\/az\/?s={search_term_string}"},"query-input":{"@type":"PropertyValueSpecification","valueRequired":true,"valueName":"search_term_string"}}],"inLanguage":"az"},{"@type":"Organization","@id":"https:\/\/www.meydan.tv\/az\/#organization","name":"Meydan TV","url":"https:\/\/www.meydan.tv\/az\/","logo":{"@type":"ImageObject","inLanguage":"az","@id":"https:\/\/www.meydan.tv\/az\/#\/schema\/logo\/image\/","url":"https:\/\/www.meydan.tv\/wp-content\/uploads\/2021\/07\/meydan-logo.svg","contentUrl":"https:\/\/www.meydan.tv\/wp-content\/uploads\/2021\/07\/meydan-logo.svg","width":195,"height":46,"caption":"Meydan TV"},"image":{"@id":"https:\/\/www.meydan.tv\/az\/#\/schema\/logo\/image\/"}},{"@type":"Person","@id":"https:\/\/www.meydan.tv\/az\/#\/schema\/person\/8f23e01c4de63326c13c319fb65ee65d","name":"roma"}]}},"_links":{"self":[{"href":"https:\/\/www.meydan.tv\/az\/wp-json\/wp\/v2\/posts\/344475","targetHints":{"allow":["GET"]}}],"collection":[{"href":"https:\/\/www.meydan.tv\/az\/wp-json\/wp\/v2\/posts"}],"about":[{"href":"https:\/\/www.meydan.tv\/az\/wp-json\/wp\/v2\/types\/post"}],"author":[{"embeddable":true,"href":"https:\/\/www.meydan.tv\/az\/wp-json\/wp\/v2\/users\/14"}],"replies":[{"embeddable":true,"href":"https:\/\/www.meydan.tv\/az\/wp-json\/wp\/v2\/comments?post=344475"}],"version-history":[{"count":1,"href":"https:\/\/www.meydan.tv\/az\/wp-json\/wp\/v2\/posts\/344475\/revisions"}],"predecessor-version":[{"id":344479,"href":"https:\/\/www.meydan.tv\/az\/wp-json\/wp\/v2\/posts\/344475\/revisions\/344479"}],"wp:featuredmedia":[{"embeddable":true,"href":"https:\/\/www.meydan.tv\/az\/wp-json\/wp\/v2\/media\/344480"}],"wp:attachment":[{"href":"https:\/\/www.meydan.tv\/az\/wp-json\/wp\/v2\/media?parent=344475"}],"wp:term":[{"taxonomy":"category","embeddable":true,"href":"https:\/\/www.meydan.tv\/az\/wp-json\/wp\/v2\/categories?post=344475"},{"taxonomy":"post_tag","embeddable":true,"href":"https:\/\/www.meydan.tv\/az\/wp-json\/wp\/v2\/tags?post=344475"}],"curies":[{"name":"wp","href":"https:\/\/api.w.org\/{rel}","templated":true}]}}