{"id":344470,"date":"2026-04-29T20:48:09","date_gmt":"2026-04-29T16:48:09","guid":{"rendered":"https:\/\/www.meydan.tv\/?p=344470"},"modified":"2026-04-29T20:48:12","modified_gmt":"2026-04-29T16:48:12","slug":"enerji-uz%c9%99rind%c9%99-qurulan-strateji-t%c9%99r%c9%99fdasliq-v%c9%99-ya-maraqlar-kolg%c9%99sind%c9%99-it%c9%99n-insan-haqlari","status":"publish","type":"post","link":"https:\/\/www.meydan.tv\/az\/article\/enerji-uz%c9%99rind%c9%99-qurulan-strateji-t%c9%99r%c9%99fdasliq-v%c9%99-ya-maraqlar-kolg%c9%99sind%c9%99-it%c9%99n-insan-haqlari\/","title":{"rendered":"Enerji \u00fcz\u0259rind\u0259 qurulan \u201cstrateji t\u0259r\u0259fda\u015fl\u0131q\u201d v\u0259 ya maraqlar k\u00f6lg\u0259sind\u0259 it\u0259n insan haqlar\u0131"},"content":{"rendered":"\n<p>Son bir ayda Az\u0259rbaycan hakimiyy\u0259ti h\u0259m Q\u0259rb, h\u0259m Ukrayna, h\u0259m d\u0259 Rusiya il\u0259 paralel diplomatik aktivlik n\u00fcmayi\u015f etdirir. <\/p>\n\n\n\n<p>Aprelin 25-d\u0259 Ukrayna Prezidenti Volodimir Zelenskinin Az\u0259rbaycana i\u015fg\u00fczar s\u0259f\u0259ri, alt\u0131 s\u0259n\u0259din imzalanmas\u0131 v\u0259 t\u0259hl\u00fck\u0259sizlik \u0259m\u0259kda\u015fl\u0131\u011f\u0131n\u0131n geni\u015fl\u0259ndirilm\u0259si il\u0259 ba\u011fl\u0131 b\u0259yanatlar Bak\u0131n\u0131n Kiyevl\u0259 m\u00fcnasib\u0259tl\u0259rini yeni m\u0259rh\u0259l\u0259y\u0259 \u00e7\u0131xard\u0131\u011f\u0131n\u0131 g\u00f6st\u0259rdi. Bundan c\u0259mi 10 g\u00fcn \u0259vv\u0259l is\u0259 Bak\u0131 v\u0259 Moskva Aktauda ba\u015f vermi\u015f AZAL-a m\u0259xsus t\u0259yyar\u0259 q\u0259zas\u0131 il\u0259 ba\u011fl\u0131 kompensasiya m\u0259s\u0259l\u0259sind\u0259 raz\u0131l\u0131\u011fa g\u0259lmi\u015f, ard\u0131nca Aleksey Over\u00e7ukun Bak\u0131 s\u0259f\u0259ri zaman\u0131 iki \u00f6lk\u0259 aras\u0131nda iqtisadi \u0259m\u0259kda\u015fl\u0131\u011f\u0131n inki\u015faf\u0131 il\u0259 ba\u011fl\u0131 m\u00fcsb\u0259t mesajlar verilmi\u015fdi.<\/p>\n\n\n\n<p>Bu arada Avropa Birliyi \u00f6lk\u0259l\u0259rinin liderl\u0259ri d\u0259 ard-arda Bak\u0131ya g\u0259lir. Litvan\u0131n Ba\u015f naziri \u0130nqa Ruqiniene, Latviya Prezidenti Edqars Rinkevi\u00e7s v\u0259 \u00c7exiyan\u0131n Ba\u015f naziri Andrey Babi\u015fin son h\u0259ft\u0259l\u0259rd\u0259ki s\u0259f\u0259rl\u0259rind\u0259 \u0259sas diqq\u0259t enerji \u0259m\u0259kda\u015fl\u0131\u011f\u0131na y\u00f6n\u0259lib. \u0130taliyan\u0131n Ba\u015f naziri Giorgia Meloninin Bak\u0131 s\u0259f\u0259ri d\u0259 bu x\u0259ttin davam\u0131 kimi g\u00f6r\u00fcn\u00fcr. Avropa Komissiyas\u0131n\u0131n energetika \u00fczr\u0259 komissar\u0131 Dan Yorqensenin mart ay\u0131nda Bak\u0131da dediyi kimi, \u201cAz\u0259rbaycandan \u0259ld\u0259 ed\u0259 bil\u0259c\u0259yimiz qaz bizim \u00fc\u00e7\u00fcn son d\u0259r\u0259c\u0259 \u00f6n\u0259mlidir\u201d.<\/p>\n\n\n\n<p>B\u00fct\u00fcn bu diplomatik h\u0259r\u0259k\u0259tlilik Bak\u0131n\u0131n \u00e7oxvektorlu xarici siyas\u0259tinin n\u00f6vb\u0259ti m\u0259rh\u0259l\u0259si kimi g\u00f6r\u00fcn\u00fcr: eyni vaxtda Moskva il\u0259 g\u0259rginliyi azaltmaq, Kiyevl\u0259 \u0259laq\u0259l\u0259ri g\u00fccl\u0259ndirm\u0259k v\u0259 Avropa il\u0259 enerji t\u0259r\u0259fda\u015fl\u0131\u011f\u0131n\u0131 d\u0259rinl\u0259\u015fdirm\u0259k. Ancaq bu yax\u0131nla\u015fmalar\u0131n ortaq bir x\u00fcsusiyy\u0259ti var \u2014 insan haqlar\u0131, siyasi m\u0259hbuslar v\u0259 demokratik geril\u0259m\u0259 m\u0259s\u0259l\u0259l\u0259ri dem\u0259k olar ki, m\u00fczakir\u0259 olunmur. Bu is\u0259 Avropa Birliyinin Az\u0259rbaycan siyas\u0259tind\u0259 d\u0259y\u0259rl\u0259rin yox, maraqlar\u0131n \u00f6n planda olub-olmad\u0131\u011f\u0131 sual\u0131n\u0131 yenid\u0259n g\u00fcnd\u0259m\u0259 g\u0259tirir.<br><br>Aprelin ortas\u0131ndan sonuna q\u0259d\u0259r ba\u015f ver\u0259n hadis\u0259l\u0259r g\u00f6st\u0259rir ki, Az\u0259rbaycan eyni vaxtda h\u0259m Rusiya, h\u0259m d\u0259 Ukrayna v\u0259 Avropa istiqam\u0259tind\u0259 balansl\u0131 siyas\u0259t aparma\u011fa \u00e7al\u0131\u015f\u0131r.<\/p>\n\n\n\n<figure class=\"wp-block-image size-full\"><img decoding=\"async\" width=\"945\" height=\"482\" data-src=\"https:\/\/www.meydan.tv\/wp-content\/uploads\/17771111585999948620_1200x630-e1777284164455.jpg\" alt=\"\" class=\"wp-image-344385 lazyload\" src=\"data:image\/svg+xml;base64,PHN2ZyB3aWR0aD0iMSIgaGVpZ2h0PSIxIiB4bWxucz0iaHR0cDovL3d3dy53My5vcmcvMjAwMC9zdmciPjwvc3ZnPg==\" style=\"--smush-placeholder-width: 945px; --smush-placeholder-aspect-ratio: 945\/482;\" \/><figcaption class=\"wp-element-caption\">Foto: Az\u0259rtac<\/figcaption><\/figure>\n\n\n\n<h4 class=\"wp-block-heading\"><strong>Siyas\u0259t d\u0259yi\u015fdi, yoxsa maraqlar?<\/strong><\/h4>\n\n\n\n<p>Son h\u0259ft\u0259l\u0259r Az\u0259rbaycan\u0131n Avropa istiqam\u0259tind\u0259 diplomatik aktivliyi n\u0259z\u0259r\u0259\u00e7arpacaq d\u0259r\u0259c\u0259d\u0259 art\u0131b. Litva, Latviya, \u00c7exiya il\u0259 ke\u00e7iril\u0259n g\u00f6r\u00fc\u015fl\u0259r v\u0259 g\u00fcnd\u0259md\u0259 olan \u0130taliya s\u0259f\u0259ri bir x\u0259tt \u00fczr\u0259 d\u00fcz\u00fcl\u00fcr. R\u0259smi ritorikada bu proses \u201cstrateji t\u0259r\u0259fda\u015fl\u0131\u011f\u0131n d\u0259rinl\u0259\u015fdirilm\u0259si\u201d kimi t\u0259qdim olunur. Amma bu ifad\u0259nin real m\u0259zmunu m\u0259s\u0259l\u0259si a\u00e7\u0131q qal\u0131r.<\/p>\n\n\n\n<p>Litva il\u0259 g\u00f6r\u00fc\u015fd\u0259 \u0259sas m\u00fczakir\u0259 m\u00f6vzular\u0131 enerji, investisiyalar, t\u0259hsil v\u0259 k\u0259nd t\u0259s\u0259rr\u00fcfat\u0131 olub. Latviya il\u0259 g\u00f6r\u00fc\u015f is\u0259 art\u0131q daha strukturla\u015fd\u0131r\u0131lm\u0131\u015f formatda ke\u00e7ib. 2017-ci ild\u0259 imzalanm\u0131\u015f strateji t\u0259r\u0259fda\u015fl\u0131q s\u0259n\u0259di m\u00fcnasib\u0259tl\u0259rin h\u00fcquqi bazas\u0131 kimi t\u0259qdim olunur. G\u00f6r\u00fc\u015fd\u0259 biznes forum, investisiya imkanlar\u0131, m\u00fcdafi\u0259 s\u0259nayesi v\u0259 logistika kimi istiqam\u0259tl\u0259r m\u00fczakir\u0259 edilib.<\/p>\n\n\n\n<p>\u00c7exiya il\u0259 \u0259m\u0259kda\u015fl\u0131q is\u0259 daha konkret iqtisadi g\u00f6st\u0259ricil\u0259rl\u0259 xarakteriz\u0259 olunur. Ticar\u0259t d\u00f6vriyy\u0259si 800 milyon dollardan \u00e7oxdur v\u0259 bunun \u0259sas hiss\u0259sini Az\u0259rbaycan neftinin ixrac\u0131 t\u0259\u015fkil edir. Eyni zamanda Az\u0259rbaycan qaz\u0131n\u0131n Avropaya ixrac\u0131 geni\u015fl\u0259nir v\u0259 10-dan \u00e7ox Avropa \u0130ttifaq\u0131 \u00f6lk\u0259sini \u0259hat\u0259 edir. Burada \u201cstrateji t\u0259r\u0259fda\u015fl\u0131q\u201d art\u0131q abstrakt siyasi termin deyil, konkret enerji ax\u0131nlar\u0131 il\u0259 \u00f6l\u00e7\u00fcl\u0259n iqtisadi reall\u0131qd\u0131r.<\/p>\n\n\n\n<figure class=\"wp-block-image size-full\"><img decoding=\"async\" width=\"978\" height=\"630\" data-src=\"https:\/\/www.meydan.tv\/wp-content\/uploads\/17772809852062811977_1200x630.jpg\" alt=\"\" class=\"wp-image-344405 lazyload\" src=\"data:image\/svg+xml;base64,PHN2ZyB3aWR0aD0iMSIgaGVpZ2h0PSIxIiB4bWxucz0iaHR0cDovL3d3dy53My5vcmcvMjAwMC9zdmciPjwvc3ZnPg==\" style=\"--smush-placeholder-width: 978px; --smush-placeholder-aspect-ratio: 978\/630;\" \/><figcaption class=\"wp-element-caption\">Foto: Az\u0259rtac<\/figcaption><\/figure>\n\n\n\n<p>\u0130taliya il\u0259 ba\u011fl\u0131 is\u0259 h\u0259l\u0259lik proses plan m\u0259rh\u0259l\u0259sind\u0259dir. Avropa Siyasi Birliyi \u00e7\u0259r\u00e7iv\u0259sind\u0259 Yerevan v\u0259 Bak\u0131ya n\u0259z\u0259rd\u0259 tutulan s\u0259f\u0259rl\u0259r, h\u0259m\u00e7inin enerji v\u0259 regional \u0259m\u0259kda\u015fl\u0131q g\u00fcnd\u0259liyi \u0130taliya il\u0259 m\u00fcnasib\u0259tl\u0259rin g\u0259l\u0259c\u0259k konturlar\u0131n\u0131 formala\u015fd\u0131r\u0131r. Lakin bu x\u0259tt h\u0259l\u0259 realla\u015fm\u0131\u015f \u0259m\u0259kda\u015fl\u0131q deyil, siyasi siqnal m\u0259rh\u0259l\u0259sind\u0259dir.<\/p>\n\n\n\n<p>Avropa \u00f6lk\u0259l\u0259ri is\u0259 enerji t\u0259hl\u00fck\u0259sizliyi kontekstind\u0259 Bak\u0131ya daha \u00e7ox maraq g\u00f6st\u0259rir. Siyasi dialoq var, m\u0259d\u0259ni \u0259laq\u0259l\u0259r var, amma g\u00fcnd\u0259liyin m\u0259rk\u0259zind\u0259 yen\u0259 enerji dayan\u0131r. Qalan b\u00fct\u00fcn \u201cstrateji t\u0259r\u0259fda\u015fl\u0131q\u201d c\u00fcml\u0259l\u0259ri is\u0259 bu reall\u0131\u011f\u0131n \u00fcz\u0259rin\u0259 yaz\u0131lan diplomatik dildir.<\/p>\n\n\n\n<h4 class=\"wp-block-heading\"><strong>Enerji yen\u0259 m\u0259rk\u0259zd\u0259<\/strong><\/h4>\n\n\n\n<p>Son ill\u0259rd\u0259 Avropa \u0130ttifaq\u0131 Rusiyadan enerji as\u0131l\u0131l\u0131\u011f\u0131n\u0131 azaltma\u011fa \u00e7al\u0131\u015f\u0131r. X\u00fcsusil\u0259 qaz t\u0259chizat\u0131 m\u0259s\u0259l\u0259si Avropa siyas\u0259tinin m\u0259rk\u0259zin\u0259 \u00e7evrilib. 2022-ci ild\u0259n sonra bu proses daha da s\u00fcr\u0259tl\u0259nib v\u0259 alternativ m\u0259nb\u0259l\u0259r axtar\u0131\u015f\u0131 g\u00fcnd\u0259m\u0259 g\u0259lib.<\/p>\n\n\n\n<p>Bu kontekstd\u0259 Az\u0259rbaycan \u00f6n plana \u00e7\u0131x\u0131b.<\/p>\n\n\n\n<p>Bak\u0131 Avropaya qaz ixrac ed\u0259n \u00f6lk\u0259l\u0259rd\u0259n biridir v\u0259 C\u0259nub Qaz D\u0259hlizi vasit\u0259sil\u0259 Avropa bazar\u0131na \u00e7\u0131x\u0131\u015f \u0259ld\u0259 edib. Bu d\u0259hliz X\u0259z\u0259r regionundan Avropaya qaz n\u0259ql ed\u0259n \u0259sas mar\u015frutlardan biri kimi t\u0259qdim olunur. Az\u0259rbaycan qaz\u0131 art\u0131q bir ne\u00e7\u0259 Avropa \u00f6lk\u0259sin\u0259 \u00e7atd\u0131r\u0131l\u0131r v\u0259 enerji portfelind\u0259 yeni m\u0259nb\u0259 kimi istifad\u0259 olunur.<\/p>\n\n\n\n<p>R\u0259smil\u0259r bunu \u201cenerji t\u0259hl\u00fck\u0259sizliyi\u201d kimi izah edirl\u0259r. Y\u0259ni m\u0259qs\u0259d Avropan\u0131n enerji riskl\u0259rini azaltmaqd\u0131r.<\/p>\n\n\n\n<p>Avropa \u0130ttifaq\u0131n\u0131n enerji \u00fczr\u0259 komissar\u0131n\u0131n \u2013 Dan Yorqensenin \u201cAz\u0259rbaycandan \u0259ld\u0259 ed\u0259 bil\u0259c\u0259yimiz qaz bizim \u00fc\u00e7\u00fcn son d\u0259r\u0259c\u0259 \u00f6n\u0259mlidir\u201d a\u00e7\u0131qlamas\u0131 da bu x\u0259tti t\u0259sdiql\u0259yir. Onun \u00e7\u0131x\u0131\u015flar\u0131nda \u0259sas vur\u011fu alternativ enerji m\u0259nb\u0259l\u0259rinin art\u0131r\u0131lmas\u0131 v\u0259 etibarl\u0131 t\u0259chizat\u00e7\u0131lar\u0131n roludur. Bu tip b\u0259yanatlar bir \u015feyi g\u00f6st\u0259rir: Avropa \u00fc\u00e7\u00fcn \u0259sas prioritet enerji sabitliyidir.<\/p>\n\n\n<div class=\"wp-block-image\">\n<figure class=\"alignright size-full is-resized\"><img decoding=\"async\" width=\"721\" height=\"701\" data-src=\"https:\/\/www.meydan.tv\/wp-content\/uploads\/118728382_357734925398062_7336660153914955853_n.png\" alt=\"\u018fr\u0259stun Oruclu\" class=\"wp-image-147329 lazyload\" style=\"--smush-placeholder-width: 721px; --smush-placeholder-aspect-ratio: 721\/701;aspect-ratio:1.0285488647581442;width:268px;height:auto\" src=\"data:image\/svg+xml;base64,PHN2ZyB3aWR0aD0iMSIgaGVpZ2h0PSIxIiB4bWxucz0iaHR0cDovL3d3dy53My5vcmcvMjAwMC9zdmciPjwvc3ZnPg==\" \/><figcaption class=\"wp-element-caption\">\u018fr\u0259stun Oruclu, M\u0259nb\u0259:  Meydan TV<\/figcaption><\/figure>\n<\/div>\n\n\n<p>Meydan TV-y\u0259 dan\u0131\u015fan siyasi \u015f\u0259rh\u00e7i \u018fr\u0259stun Oruclu da deyir ki, Avropan\u0131n Az\u0259rbaycana mara\u011f\u0131n\u0131n m\u0259rk\u0259zind\u0259 ilk n\u00f6vb\u0259d\u0259 enerji dayan\u0131r. Onun fikrinc\u0259, Rusiyaya qar\u015f\u0131 t\u0259tbiq olunan sanksiyalar v\u0259 Yax\u0131n \u015e\u0259rqd\u0259 artan qeyri-m\u00fc\u0259yy\u0259nlik Avropan\u0131 alternativ enerji m\u0259nb\u0259l\u0259ri axtarma\u011fa m\u0259cbur edib.<\/p>\n\n\n\n<p><em>\u201c\u0130ndi onlar alternativ m\u0259nb\u0259l\u0259r axtar\u0131rlar v\u0259 bel\u0259 m\u0259nb\u0259l\u0259rd\u0259n biri kimi d\u0259 Az\u0259rbaycan\u0131 g\u00f6r\u00fcrl\u0259r. Bu m\u0259qs\u0259dl\u0259 Az\u0259rbaycanla iqtisadi \u0259m\u0259kda\u015fl\u0131q \u0259laq\u0259l\u0259rini davam etdirirl\u0259r\u201d.<\/em><\/p>\n\n\n\n<p>Burada siyasi ritorika il\u0259 real maraq aras\u0131nda f\u0259rq a\u00e7\u0131q g\u00f6r\u00fcn\u00fcr.<\/p>\n\n\n\n<p>Bir t\u0259r\u0259fd\u0259 demokratiya, islahatlar v\u0259 d\u0259y\u0259rl\u0259rd\u0259n dan\u0131\u015f\u0131l\u0131r. Dig\u0259r t\u0259r\u0259fd\u0259 is\u0259 konkret r\u0259q\u0259ml\u0259r, qaz h\u0259cml\u0259ri v\u0259 mar\u015frutlar var.<\/p>\n\n\n\n<p>Faktlar g\u00f6st\u0259rir ki, Bak\u0131 daha \u00e7ox enerji t\u0259chizat\u00e7\u0131s\u0131 kimi qiym\u0259tl\u0259ndirilir, siyasi transformasiya modeli kimi yox.<\/p>\n\n\n\n<p>Bir s\u00f6zl\u0259, Avropa \u00fc\u00e7\u00fcn Az\u0259rbaycan ilk n\u00f6vb\u0259d\u0259 enerji t\u0259r\u0259fda\u015f\u0131d\u0131r. Siyasi v\u0259 demokratik g\u00fcnd\u0259m is\u0259 bu m\u00fcnasib\u0259tl\u0259rin \u0259sas h\u0259r\u0259k\u0259tverici q\u00fcvv\u0259si deyil, ikinci plandad\u0131r.<\/p>\n\n\n\n<p>Siyasi m\u0259hbuslar m\u0259s\u0259l\u0259si, media azadl\u0131\u011f\u0131, se\u00e7ki m\u00fchiti v\u0259 v\u0259t\u0259nda\u015f c\u0259miyy\u0259ti il\u0259 ba\u011fl\u0131 suallar Avropa r\u0259smil\u0259rinin s\u0259f\u0259rl\u0259rind\u0259ki \u0259sas b\u0259yanatlar\u0131nda yer alm\u0131r. R\u0259smi \u00e7\u0131x\u0131\u015flarda bu istiqam\u0259tl\u0259r ya \u00fcmumiyy\u0259tl\u0259 yoxdur, ya da k\u0259nar kontekstd\u0259 ke\u00e7ir.<\/p>\n\n\n\n<p>Bu is\u0259 ziddiyy\u0259t yarad\u0131r.<\/p>\n\n\n\n<p>Bir t\u0259r\u0259fd\u0259 geni\u015f \u201cstrateji t\u0259r\u0259fda\u015fl\u0131q\u201d dili var. Dig\u0259r t\u0259r\u0259fd\u0259 is\u0259 c\u0259miyy\u0259tin daxili siyasi v\u0259ziyy\u0259ti il\u0259 ba\u011fl\u0131 m\u00f6vzular g\u00f6r\u00fcnm\u00fcr.<\/p>\n\n\n\n<p class=\"has-global-color-7-color has-text-color has-link-color has-medium-font-size wp-elements-a94df844ee040408daddfae1236c97fa\"><strong>Niy\u0259 enerji v\u0259 ticar\u0259t bu q\u0259d\u0259r detall\u0131 m\u00fczakir\u0259 olunur, amma insan haqlar\u0131 g\u00fcnd\u0259liyi arxa plana ke\u00e7ir?<\/strong><\/p>\n\n\n\n<p>\u018fr\u0259stun Oruclu hesab edir ki, Avropa \u00fc\u00e7\u00fcn insan haqlar\u0131 m\u0259s\u0259l\u0259si praktik siyas\u0259td\u0259 prioritet deyil v\u0259 iqtisadi maraqlar bu g\u00fcnd\u0259liyi arxa plana ke\u00e7irir.<\/p>\n\n\n\n<p><em>\u201cAvropa \u00f6lk\u0259l\u0259ri v\u0259 Avropa siyas\u0259t\u00e7il\u0259ri \u00fc\u00e7\u00fcn insan h\u00fcquqlar\u0131 m\u0259s\u0259l\u0259l\u0259rind\u0259n daha prioritet iqtisadi m\u0259s\u0259l\u0259l\u0259rdir\u201d.<\/em><\/p>\n\n\n\n<h4 class=\"wp-block-heading\"><strong>Eyni region, iki f\u0259rqli yana\u015fma<\/strong><\/h4>\n\n\n\n<p>Avropa \u0130ttifaq\u0131n\u0131n C\u0259nubi Qafqaz siyas\u0259tind\u0259 iki paralel yana\u015fma g\u00f6r\u00fcn\u00fcr: G\u00fcrc\u00fcstan v\u0259 Az\u0259rbaycan.<\/p>\n\n\n\n<p>G\u00fcrc\u00fcstanla ba\u011fl\u0131 son ill\u0259rd\u0259 Br\u00fcssel a\u00e7\u0131q \u015f\u0259kild\u0259 \u201cdemokratik geril\u0259m\u0259\u201d iddialar\u0131n\u0131 g\u00fcnd\u0259m\u0259 g\u0259tirir. M\u0259hk\u0259m\u0259 sistemi, siyasi prosesl\u0259r v\u0259 se\u00e7ki m\u00fchiti il\u0259 ba\u011fl\u0131 t\u0259nqidl\u0259r art\u0131r\u0131l\u0131b. Bu t\u0259nqidl\u0259r t\u0259k b\u0259yanatlarla yox, h\u0259m d\u0259 sanksiya<strong> <\/strong>mexanizml\u0259ri, maliyy\u0259 t\u0259zyiql\u0259ri v\u0259 siyasi \u015f\u0259rtl\u0259ndirm\u0259 il\u0259 m\u00fc\u015fayi\u0259t olunur. Y\u0259ni Tbilisi il\u0259 m\u00fcnasib\u0259tl\u0259rd\u0259 daha s\u0259rt v\u0259 \u015f\u0259rtli bir x\u0259tt g\u00f6r\u00fcn\u00fcr.<\/p>\n\n\n\n<p>Az\u0259rbaycanla ba\u011fl\u0131 is\u0259 m\u0259nz\u0259r\u0259 f\u0259rqlidir.<\/p>\n\n\n\n<p>\u00d6lk\u0259d\u0259ki avtoritar<strong> <\/strong>hakimiyy\u0259t<strong> <\/strong>modeli, sistemli repressiyalar, m\u0259hdudla\u015fd\u0131r\u0131lm\u0131\u015f media m\u00fchiti v\u0259 siyasi m\u0259hbuslarla ba\u011fl\u0131 hesabatlar beyn\u0259lxalq s\u0259n\u0259dl\u0259rd\u0259 yer al\u0131r. Amma buna baxmayaraq, Avropa \u0130ttifaq\u0131 \u00f6lk\u0259l\u0259ri il\u0259 m\u00fcnasib\u0259tl\u0259rd\u0259 \u0259sas x\u0259tt strateji t\u0259r\u0259fda\u015fl\u0131q \u00fcz\u0259rind\u0259n qurulur. Siyasi t\u0259nqidl\u0259r is\u0259 enerji v\u0259 iqtisadi \u0259m\u0259kda\u015fl\u0131\u011f\u0131n k\u00f6lg\u0259sind\u0259 qal\u0131r.<\/p>\n\n\n\n<p>Burada a\u00e7\u0131q ziddiyy\u0259t yaran\u0131r:<\/p>\n\n\n\n<p><strong>Bir t\u0259r\u0259fd\u0259<\/strong> \u2013 G\u00fcrc\u00fcstan: sanksiya mexanizml\u0259ri, siyasi t\u0259zyiq v\u0259 demokratiya t\u0259l\u0259bl\u0259ri.<br><strong>Dig\u0259r t\u0259r\u0259fd\u0259<\/strong> \u2013 Az\u0259rbaycan: avtoritar idar\u0259etm\u0259 modeli, amma strateji \u0259m\u0259kda\u015fl\u0131q dili.<\/p>\n\n\n\n<p class=\"has-global-color-7-color has-text-color has-link-color has-medium-font-size wp-elements-18ddd6cd1ca22b1caaa4e6872cc1485e\"><strong>Niy\u0259 Tbilisiy\u0259 t\u0259zyiq var, Bak\u0131ya yox?<\/strong><\/p>\n\n\n\n<p>Bu sual\u0131n r\u0259smi cavab\u0131 yoxdur. Amma faktlar g\u00f6st\u0259rir ki, Avropa \u0130ttifaq\u0131n\u0131n yana\u015fmas\u0131 universal demokratiya standartlar\u0131ndan \u00e7ox, \u00f6lk\u0259nin geosiyasi funksiyas\u0131 il\u0259 m\u00fc\u0259yy\u0259n olunur.<\/p>\n\n\n\n<p>Y\u0259ni bel\u0259 dem\u0259k olarsa, Avropa Birliyi \u00f6lk\u0259l\u0259rinin g\u00f6z\u00fcnd\u0259 demokratiya standartlar\u0131 sabit deyil \u2014 onlar geosiyasi faydal\u0131l\u0131\u011fa g\u00f6r\u0259 elastikl\u0259\u015fir.<br><br>Buna \u0259sas s\u0259b\u0259b, dediyimiz kimi, Avropan\u0131n ba\u015fl\u0131ca mara\u011f\u0131 olan enerji t\u0259hl\u00fck\u0259sizliyidir.&nbsp; \u0130kinci s\u0259b\u0259b Orta D\u0259hliz layih\u0259sidir. \u00c7in\u2013Avropa ticar\u0259t ba\u011flant\u0131s\u0131nda bu mar\u015frut getdikc\u0259 daha \u00e7ox \u00f6n\u0259m qazan\u0131r. Rusiya \u00fcz\u0259rind\u0259n ke\u00e7\u0259n yollar\u0131n alternativi kimi X\u0259z\u0259r \u00fcz\u0259rind\u0259n ke\u00e7\u0259n d\u0259hliz Avropa \u00fc\u00e7\u00fcn h\u0259m logistika, h\u0259m d\u0259 ticar\u0259t bax\u0131m\u0131ndan strateji \u0259h\u0259miyy\u0259t da\u015f\u0131y\u0131r.<br><\/p>\n\n\n<div class=\"wp-block-image\">\n<figure class=\"alignleft size-full is-resized\"><img decoding=\"async\" width=\"1200\" height=\"800\" data-src=\"https:\/\/www.meydan.tv\/wp-content\/uploads\/untitled-design-78.jpg\" alt=\"\" class=\"wp-image-262578 lazyload\" style=\"--smush-placeholder-width: 1200px; --smush-placeholder-aspect-ratio: 1200\/800;aspect-ratio:1.5000146485805526;width:313px;height:auto\" src=\"data:image\/svg+xml;base64,PHN2ZyB3aWR0aD0iMSIgaGVpZ2h0PSIxIiB4bWxucz0iaHR0cDovL3d3dy53My5vcmcvMjAwMC9zdmciPjwvc3ZnPg==\" \/><figcaption class=\"wp-element-caption\">Foto: Rauf Mirq\u0259dirovun \u015f\u0259xsi arxivind\u0259n<\/figcaption><\/figure>\n<\/div>\n\n\n<p>Siyasi \u015f\u0259rh\u00e7i Rauf Mirq\u0259dirovun da fikrinc\u0259, Avropa \u00fc\u00e7\u00fcn Az\u0259rbaycan\u0131n \u0259h\u0259miyy\u0259ti t\u0259kc\u0259 enerji il\u0259 m\u0259hdudla\u015fm\u0131r. Burada Orta D\u0259hliz d\u0259 strateji rol oynay\u0131r.<\/p>\n\n\n\n<p><em>\u201cHaz\u0131rda nisb\u0259t\u0259n sabit olan Orta D\u0259hlizdir v\u0259 bu d\u0259hlizin imkanlar\u0131ndan tam istifad\u0259 edilm\u0259si Avropa Birliyinin maraqlar\u0131na ciddi \u015f\u0259kild\u0259 cavab verir\u201d<\/em><strong> .<\/strong><\/p>\n\n\n\n<p>N\u00f6vb\u0259ti amil regional t\u0259hl\u00fck\u0259sizlikdir. C\u0259nubi Qafqaz Avropa \u00fc\u00e7\u00fcn sabitliyin qorundu\u011fu bir zona kimi t\u0259qdim olunur. Burada \u0259sas m\u0259qs\u0259d yeni m\u00fcnaqi\u015f\u0259l\u0259rin qar\u015f\u0131s\u0131n\u0131 almaq, enerji v\u0259 n\u0259qliyyat x\u0259tl\u0259rini t\u0259hl\u00fck\u0259siz saxlamaqd\u0131r. Bu da Az\u0259rbaycanla \u0259m\u0259kda\u015fl\u0131\u011f\u0131 praktik bax\u0131mdan daha \u00f6n\u0259mli edir.<\/p>\n\n\n\n<p>Daha bir faktor is\u0259 \u0130ran balans\u0131d\u0131r. Regionda \u0130ran\u0131n da t\u0259sir imkanlar\u0131 n\u0259z\u0259r\u0259 al\u0131n\u0131r v\u0259 C\u0259nubi Qafqaz Avropa \u00fc\u00e7\u00fcn daha geni\u015f geosiyasi balans\u0131n bir hiss\u0259si kimi g\u00f6r\u00fcn\u00fcr. Bu bax\u0131mdan Az\u0259rbaycanla m\u00fcnasib\u0259tl\u0259r regional tarazl\u0131\u011f\u0131n saxlanmas\u0131 al\u0259ti kimi d\u0259 d\u0259y\u0259rl\u0259ndirilir.<\/p>\n\n\n\n<p>B\u00fct\u00fcn bu faktorlar\u0131 bir yer\u0259 y\u0131\u011fanda \u00fcmumi m\u0259nz\u0259r\u0259 d\u0259yi\u015fmir. Avropa \u00fc\u00e7\u00fcn maraqlar \u00e7ox vaxt d\u0259y\u0259rl\u0259rd\u0259n daha \u00f6n\u0259 ke\u00e7ir. Enerji, t\u0259hl\u00fck\u0259sizlik v\u0259 geosiyasi balans prioritet olduqda, demokratik standartlar arxa plana ke\u00e7ir.<\/p>\n\n\n\n<h4 class=\"wp-block-heading\"><strong>Siyasi qazanc<\/strong><\/h4>\n\n\n\n<p>Bundan ba\u015fqa<strong> <\/strong>aprel ay\u0131nda ard-arda Litva, Latviya v\u0259 \u00c7exiya r\u0259smil\u0259rinin Bak\u0131ya s\u0259f\u0259rl\u0259ri, Q\u0259b\u0259l\u0259d\u0259 ke\u00e7iril\u0259n y\u00fcks\u0259k s\u0259viyy\u0259li g\u00f6r\u00fc\u015fl\u0259r v\u0259 planla\u015fd\u0131r\u0131lan \u0130taliya s\u0259f\u0259ri Az\u0259rbaycan r\u0259hb\u0259rliyini Avropa siyasi x\u0259rit\u0259sind\u0259 aktiv t\u0259r\u0259f kimi g\u00f6st\u0259rir. Bu g\u00f6r\u00fc\u015fl\u0259rin ham\u0131s\u0131 r\u0259smi protokol \u00e7\u0259r\u00e7iv\u0259sind\u0259 ke\u00e7irils\u0259 d\u0259, g\u00f6r\u00fcnt\u00fc eyni qal\u0131r: Avropa liderl\u0259ri Bak\u0131ya g\u0259lir, \u018fliyevl\u0259 masa arxas\u0131nda oturur, birg\u0259 b\u0259yanatlar verir.<br><br>Bu, xarici legitimlik faktorunu g\u00fccl\u0259ndir\u0259n \u0259sas elementl\u0259rd\u0259n biridir. Y\u0259ni Az\u0259rbaycan r\u0259hb\u0259rliyi beyn\u0259lxalq platformalarda \u201ct\u0259crid olunmu\u015f aktor\u201d kimi yox, \u0259m\u0259kda\u015fl\u0131q edil\u0259n siyasi t\u0259r\u0259fda\u015f kimi t\u0259qdim olunur. Avropa \u0130ttifaq\u0131 v\u0259 \u00fczv \u00f6lk\u0259l\u0259rin liderl\u0259ri il\u0259 ard\u0131c\u0131l g\u00f6r\u00fc\u015fl\u0259r bu imicin daimi \u015f\u0259kild\u0259 yenil\u0259nm\u0259sin\u0259 xidm\u0259t edir.<\/p>\n\n\n\n<p>\u0130kinci x\u0259tt daxili legitimlikl\u0259 ba\u011fl\u0131d\u0131r. Xarici g\u00f6r\u00fc\u015fl\u0259r v\u0259 y\u00fcks\u0259k s\u0259viyy\u0259li s\u0259f\u0259rl\u0259r \u00f6lk\u0259 daxilind\u0259 \u201cbeyn\u0259lxalq q\u0259bul olunmu\u015f lider\u201d narrativini g\u00fccl\u0259ndirir. Y\u0259ni xarici platformalarda q\u0259bul edil\u0259n siyasi fiqur obraz\u0131 daxili siyasi sabitliyin ideoloji dayaqlar\u0131ndan birin\u0259 \u00e7evrilir.<\/p>\n\n\n\n<p>\u018fr\u0259stun Oruclu hesab edir ki, \u018fliyevin xarici siyas\u0259td\u0259ki \u0259sas m\u0259qs\u0259di geosiyasi t\u0259r\u0259fda\u015fl\u0131q yox, hakimiyy\u0259tin qorunmas\u0131d\u0131r.<\/p>\n\n\n\n<p><em>\u201clham \u018fliyev h\u0259mi\u015f\u0259 xarici siyas\u0259ti bu c\u00fcr kombinasiyalar \u00fcz\u0259rind\u0259 qurub.Xarici siyas\u0259tinin he\u00e7 vaxt ayd\u0131n prioritetl\u0259ri v\u0259 vektorlar\u0131 olmay\u0131b. Yaln\u0131z \u00f6z hakimiyy\u0259tini qorumaq v\u0259 hakimiyy\u0259td\u0259 qalmaq \u00fc\u00e7\u00fcn bel\u0259 manevrl\u0259r \u00fcz\u0259rind\u0259n siyas\u0259t y\u00fcr\u00fcd\u00fcb\u201d.<\/em><\/p>\n\n\n\n<p>Bir s\u00f6zl\u0259, Avropa il\u0259 \u0259m\u0259kda\u015fl\u0131q Az\u0259rbaycan hakimiyy\u0259ti \u00fc\u00e7\u00fcn t\u0259kc\u0259 iqtisadi v\u0259 diplomatik qazanc deyil, h\u0259m d\u0259 \u018fliyev \u00fc\u00e7\u00fcn siyasi qazanca \u00e7evrilir.<br><br>B\u00fct\u00fcn bu s\u0259f\u0259rl\u0259r, b\u0259yanatlar v\u0259 strateji g\u00f6r\u00fc\u015fl\u0259r bir sual\u0131 daha da k\u0259skinl\u0259\u015fdirir: Avropa Birliyinin xarici siyas\u0259tind\u0259 demokratiya prinsipi do\u011frudan da universal qaydad\u0131r, yoxsa laz\u0131m olanda k\u0259nara qoyulan se\u00e7im al\u0259tidir?<br><br>Rauf Mirq\u0259dirovun fikrinc\u0259, Avropa Birliyinin Az\u0259rbaycan siyas\u0259tind\u0259 insan haqlar\u0131 m\u0259s\u0259l\u0259sinin arxa plana ke\u00e7m\u0259si art\u0131q t\u0259sad\u00fcfi yox, strukturla\u015fd\u0131r\u0131lm\u0131\u015f siyasi se\u00e7imdir.<\/p>\n\n\n\n<p><em>\u201cAvropa Birliyinin Az\u0259rbaycanla m\u00fcnasib\u0259tl\u0259rind\u0259 prioritet m\u0259s\u0259l\u0259l\u0259r Orta D\u0259hliz, enerji da\u015f\u0131y\u0131c\u0131lar\u0131, iqtisadi \u0259m\u0259kda\u015fl\u0131q v\u0259 t\u0259hl\u00fck\u0259sizlik m\u0259s\u0259l\u0259l\u0259ridir. \u0130nsan h\u00fcquqlar\u0131 m\u0259s\u0259l\u0259si is\u0259 arxa plana ke\u00e7ir\u201d.<\/em><\/p>\n\n\n\n<p>Az\u0259rbaycanla m\u00fcnasib\u0259tl\u0259r g\u00f6st\u0259rir ki, Avropa Birliyinin xarici siyas\u0259tind\u0259 demokratiya prinsipi \u00e7ox vaxt universal norma kimi yox, situativ v\u0259 maraqlara uy\u011fun d\u0259yi\u015f\u0259n bir se\u00e7im kimi i\u015fl\u0259yir. <\/p>\n\n\n\n<p>V\u0259 bu modeld\u0259 \u0259sas qayda sad\u0259dir: d\u0259y\u0259rl\u0259r dan\u0131\u015f\u0131l\u0131r, amma \u00e7ox vaxt maraqlar q\u0259rar verir.<\/p>\n","protected":false},"excerpt":{"rendered":"<p>Son bir ayda Az\u0259rbaycan hakimiyy\u0259ti h\u0259m Q\u0259rb, h\u0259m Ukrayna, h\u0259m &#8230; <\/p>\n<p class=\"read-more-container\"><a title=\"Enerji \u00fcz\u0259rind\u0259 qurulan \u201cstrateji t\u0259r\u0259fda\u015fl\u0131q\u201d v\u0259 ya maraqlar k\u00f6lg\u0259sind\u0259 it\u0259n insan haqlar\u0131\" class=\"read-more button\" href=\"https:\/\/www.meydan.tv\/az\/article\/enerji-uz%c9%99rind%c9%99-qurulan-strateji-t%c9%99r%c9%99fdasliq-v%c9%99-ya-maraqlar-kolg%c9%99sind%c9%99-it%c9%99n-insan-haqlari\/#more-344470\" aria-label=\"Read more about Enerji \u00fcz\u0259rind\u0259 qurulan \u201cstrateji t\u0259r\u0259fda\u015fl\u0131q\u201d v\u0259 ya maraqlar k\u00f6lg\u0259sind\u0259 it\u0259n insan haqlar\u0131\">Davam\u0131<\/a><\/p>\n","protected":false},"author":21,"featured_media":344484,"comment_status":"closed","ping_status":"closed","sticky":false,"template":"","format":"standard","meta":{"_acf_changed":false,"_sitemap_exclude":false,"_sitemap_priority":"","_sitemap_frequency":"","footnotes":""},"categories":[51,88,79,56],"tags":[],"class_list":["post-344470","post","type-post","status-publish","format-standard","has-post-thumbnail","hentry","category-analitika","category-redaktor-secimi","category-featured","category-xeberler","infinite-scroll-item","generate-columns","tablet-grid-50","mobile-grid-100","grid-parent","grid-33","no-featured-image-padding"],"acf":[],"yoast_head":"<!-- This site is optimized with the Yoast SEO plugin v27.5 - https:\/\/yoast.com\/product\/yoast-seo-wordpress\/ -->\n<title>Enerji \u00fcz\u0259rind\u0259 qurulan \u201cstrateji t\u0259r\u0259fda\u015fl\u0131q\u201d v\u0259 ya maraqlar k\u00f6lg\u0259sind\u0259 it\u0259n insan haqlar\u0131 - MEYDAN.TV<\/title>\n<meta name=\"robots\" content=\"index, follow, max-snippet:-1, max-image-preview:large, max-video-preview:-1\" \/>\n<link rel=\"canonical\" href=\"https:\/\/www.meydan.tv\/az\/article\/enerji-uz%c9%99rind%c9%99-qurulan-strateji-t%c9%99r%c9%99fdasliq-v%c9%99-ya-maraqlar-kolg%c9%99sind%c9%99-it%c9%99n-insan-haqlari\/\" \/>\n<meta property=\"og:locale\" content=\"az_AZ\" \/>\n<meta property=\"og:type\" content=\"article\" \/>\n<meta property=\"og:title\" content=\"Enerji \u00fcz\u0259rind\u0259 qurulan \u201cstrateji t\u0259r\u0259fda\u015fl\u0131q\u201d v\u0259 ya maraqlar k\u00f6lg\u0259sind\u0259 it\u0259n insan haqlar\u0131 - MEYDAN.TV\" \/>\n<meta property=\"og:description\" content=\"Son bir ayda Az\u0259rbaycan hakimiyy\u0259ti h\u0259m Q\u0259rb, h\u0259m Ukrayna, h\u0259m ... Davam\u0131\" \/>\n<meta property=\"og:url\" content=\"https:\/\/www.meydan.tv\/az\/article\/enerji-uz%c9%99rind%c9%99-qurulan-strateji-t%c9%99r%c9%99fdasliq-v%c9%99-ya-maraqlar-kolg%c9%99sind%c9%99-it%c9%99n-insan-haqlari\/\" \/>\n<meta property=\"og:site_name\" content=\"MEYDAN.TV\" \/>\n<meta property=\"article:published_time\" content=\"2026-04-29T16:48:09+00:00\" \/>\n<meta property=\"article:modified_time\" content=\"2026-04-29T16:48:12+00:00\" \/>\n<meta property=\"og:image\" content=\"https:\/\/www.meydan.tv\/wp-content\/uploads\/07007-1-1200x588.png\" \/>\n\t<meta property=\"og:image:width\" content=\"1200\" \/>\n\t<meta property=\"og:image:height\" content=\"588\" \/>\n\t<meta property=\"og:image:type\" content=\"image\/png\" \/>\n<meta name=\"author\" content=\"mahmud\" \/>\n<meta name=\"twitter:card\" content=\"summary_large_image\" \/>\n<script type=\"application\/ld+json\" class=\"yoast-schema-graph\">{\"@context\":\"https:\\\/\\\/schema.org\",\"@graph\":[{\"@type\":\"Article\",\"@id\":\"https:\\\/\\\/www.meydan.tv\\\/az\\\/article\\\/enerji-uz%c9%99rind%c9%99-qurulan-strateji-t%c9%99r%c9%99fdasliq-v%c9%99-ya-maraqlar-kolg%c9%99sind%c9%99-it%c9%99n-insan-haqlari\\\/#article\",\"isPartOf\":{\"@id\":\"https:\\\/\\\/www.meydan.tv\\\/az\\\/article\\\/enerji-uz%c9%99rind%c9%99-qurulan-strateji-t%c9%99r%c9%99fdasliq-v%c9%99-ya-maraqlar-kolg%c9%99sind%c9%99-it%c9%99n-insan-haqlari\\\/\"},\"author\":{\"name\":\"mahmud\",\"@id\":\"https:\\\/\\\/www.meydan.tv\\\/az\\\/#\\\/schema\\\/person\\\/09863e516102a829e72bedcf3f84c6b0\"},\"headline\":\"Enerji \u00fcz\u0259rind\u0259 qurulan \u201cstrateji t\u0259r\u0259fda\u015fl\u0131q\u201d v\u0259 ya maraqlar k\u00f6lg\u0259sind\u0259 it\u0259n insan haqlar\u0131\",\"datePublished\":\"2026-04-29T16:48:09+00:00\",\"dateModified\":\"2026-04-29T16:48:12+00:00\",\"mainEntityOfPage\":{\"@id\":\"https:\\\/\\\/www.meydan.tv\\\/az\\\/article\\\/enerji-uz%c9%99rind%c9%99-qurulan-strateji-t%c9%99r%c9%99fdasliq-v%c9%99-ya-maraqlar-kolg%c9%99sind%c9%99-it%c9%99n-insan-haqlari\\\/\"},\"wordCount\":2642,\"publisher\":{\"@id\":\"https:\\\/\\\/www.meydan.tv\\\/az\\\/#organization\"},\"image\":{\"@id\":\"https:\\\/\\\/www.meydan.tv\\\/az\\\/article\\\/enerji-uz%c9%99rind%c9%99-qurulan-strateji-t%c9%99r%c9%99fdasliq-v%c9%99-ya-maraqlar-kolg%c9%99sind%c9%99-it%c9%99n-insan-haqlari\\\/#primaryimage\"},\"thumbnailUrl\":\"https:\\\/\\\/www.meydan.tv\\\/wp-content\\\/uploads\\\/07007-1.png\",\"articleSection\":[\"Analitika\",\"Redaktor se\u00e7imi\",\"T\u00f6vsiy\u0259\",\"X\u0259b\u0259rl\u0259r\"],\"inLanguage\":\"az\"},{\"@type\":\"WebPage\",\"@id\":\"https:\\\/\\\/www.meydan.tv\\\/az\\\/article\\\/enerji-uz%c9%99rind%c9%99-qurulan-strateji-t%c9%99r%c9%99fdasliq-v%c9%99-ya-maraqlar-kolg%c9%99sind%c9%99-it%c9%99n-insan-haqlari\\\/\",\"url\":\"https:\\\/\\\/www.meydan.tv\\\/az\\\/article\\\/enerji-uz%c9%99rind%c9%99-qurulan-strateji-t%c9%99r%c9%99fdasliq-v%c9%99-ya-maraqlar-kolg%c9%99sind%c9%99-it%c9%99n-insan-haqlari\\\/\",\"name\":\"Enerji \u00fcz\u0259rind\u0259 qurulan \u201cstrateji t\u0259r\u0259fda\u015fl\u0131q\u201d v\u0259 ya maraqlar k\u00f6lg\u0259sind\u0259 it\u0259n insan haqlar\u0131 - MEYDAN.TV\",\"isPartOf\":{\"@id\":\"https:\\\/\\\/www.meydan.tv\\\/az\\\/#website\"},\"primaryImageOfPage\":{\"@id\":\"https:\\\/\\\/www.meydan.tv\\\/az\\\/article\\\/enerji-uz%c9%99rind%c9%99-qurulan-strateji-t%c9%99r%c9%99fdasliq-v%c9%99-ya-maraqlar-kolg%c9%99sind%c9%99-it%c9%99n-insan-haqlari\\\/#primaryimage\"},\"image\":{\"@id\":\"https:\\\/\\\/www.meydan.tv\\\/az\\\/article\\\/enerji-uz%c9%99rind%c9%99-qurulan-strateji-t%c9%99r%c9%99fdasliq-v%c9%99-ya-maraqlar-kolg%c9%99sind%c9%99-it%c9%99n-insan-haqlari\\\/#primaryimage\"},\"thumbnailUrl\":\"https:\\\/\\\/www.meydan.tv\\\/wp-content\\\/uploads\\\/07007-1.png\",\"datePublished\":\"2026-04-29T16:48:09+00:00\",\"dateModified\":\"2026-04-29T16:48:12+00:00\",\"breadcrumb\":{\"@id\":\"https:\\\/\\\/www.meydan.tv\\\/az\\\/article\\\/enerji-uz%c9%99rind%c9%99-qurulan-strateji-t%c9%99r%c9%99fdasliq-v%c9%99-ya-maraqlar-kolg%c9%99sind%c9%99-it%c9%99n-insan-haqlari\\\/#breadcrumb\"},\"inLanguage\":\"az\",\"potentialAction\":[{\"@type\":\"ReadAction\",\"target\":[\"https:\\\/\\\/www.meydan.tv\\\/az\\\/article\\\/enerji-uz%c9%99rind%c9%99-qurulan-strateji-t%c9%99r%c9%99fdasliq-v%c9%99-ya-maraqlar-kolg%c9%99sind%c9%99-it%c9%99n-insan-haqlari\\\/\"]}]},{\"@type\":\"ImageObject\",\"inLanguage\":\"az\",\"@id\":\"https:\\\/\\\/www.meydan.tv\\\/az\\\/article\\\/enerji-uz%c9%99rind%c9%99-qurulan-strateji-t%c9%99r%c9%99fdasliq-v%c9%99-ya-maraqlar-kolg%c9%99sind%c9%99-it%c9%99n-insan-haqlari\\\/#primaryimage\",\"url\":\"https:\\\/\\\/www.meydan.tv\\\/wp-content\\\/uploads\\\/07007-1.png\",\"contentUrl\":\"https:\\\/\\\/www.meydan.tv\\\/wp-content\\\/uploads\\\/07007-1.png\",\"width\":1920,\"height\":941,\"caption\":\"\u0130ll\u00fcstrasiya: ChatGPT\"},{\"@type\":\"BreadcrumbList\",\"@id\":\"https:\\\/\\\/www.meydan.tv\\\/az\\\/article\\\/enerji-uz%c9%99rind%c9%99-qurulan-strateji-t%c9%99r%c9%99fdasliq-v%c9%99-ya-maraqlar-kolg%c9%99sind%c9%99-it%c9%99n-insan-haqlari\\\/#breadcrumb\",\"itemListElement\":[{\"@type\":\"ListItem\",\"position\":1,\"name\":\"Ana s\u0259hif\u0259\",\"item\":\"https:\\\/\\\/www.meydan.tv\\\/az\\\/\"},{\"@type\":\"ListItem\",\"position\":2,\"name\":\"Analitika\",\"item\":\"https:\\\/\\\/www.meydan.tv\\\/az\\\/section\\\/analitika\\\/\"},{\"@type\":\"ListItem\",\"position\":3,\"name\":\"Enerji \u00fcz\u0259rind\u0259 qurulan \u201cstrateji t\u0259r\u0259fda\u015fl\u0131q\u201d v\u0259 ya maraqlar k\u00f6lg\u0259sind\u0259 it\u0259n insan haqlar\u0131\"}]},{\"@type\":\"WebSite\",\"@id\":\"https:\\\/\\\/www.meydan.tv\\\/az\\\/#website\",\"url\":\"https:\\\/\\\/www.meydan.tv\\\/az\\\/\",\"name\":\"MEYDAN.TV\",\"description\":\"Meydan TV Az\u0259rbaycan\u0131n media m\u0259kan\u0131ndak\u0131 alternativ s\u0259sidir\",\"publisher\":{\"@id\":\"https:\\\/\\\/www.meydan.tv\\\/az\\\/#organization\"},\"potentialAction\":[{\"@type\":\"SearchAction\",\"target\":{\"@type\":\"EntryPoint\",\"urlTemplate\":\"https:\\\/\\\/www.meydan.tv\\\/az\\\/?s={search_term_string}\"},\"query-input\":{\"@type\":\"PropertyValueSpecification\",\"valueRequired\":true,\"valueName\":\"search_term_string\"}}],\"inLanguage\":\"az\"},{\"@type\":\"Organization\",\"@id\":\"https:\\\/\\\/www.meydan.tv\\\/az\\\/#organization\",\"name\":\"Meydan TV\",\"url\":\"https:\\\/\\\/www.meydan.tv\\\/az\\\/\",\"logo\":{\"@type\":\"ImageObject\",\"inLanguage\":\"az\",\"@id\":\"https:\\\/\\\/www.meydan.tv\\\/az\\\/#\\\/schema\\\/logo\\\/image\\\/\",\"url\":\"https:\\\/\\\/www.meydan.tv\\\/wp-content\\\/uploads\\\/2021\\\/07\\\/meydan-logo.svg\",\"contentUrl\":\"https:\\\/\\\/www.meydan.tv\\\/wp-content\\\/uploads\\\/2021\\\/07\\\/meydan-logo.svg\",\"width\":195,\"height\":46,\"caption\":\"Meydan TV\"},\"image\":{\"@id\":\"https:\\\/\\\/www.meydan.tv\\\/az\\\/#\\\/schema\\\/logo\\\/image\\\/\"}},{\"@type\":\"Person\",\"@id\":\"https:\\\/\\\/www.meydan.tv\\\/az\\\/#\\\/schema\\\/person\\\/09863e516102a829e72bedcf3f84c6b0\",\"name\":\"mahmud\"}]}<\/script>\n<!-- \/ Yoast SEO plugin. -->","yoast_head_json":{"title":"Enerji \u00fcz\u0259rind\u0259 qurulan \u201cstrateji t\u0259r\u0259fda\u015fl\u0131q\u201d v\u0259 ya maraqlar k\u00f6lg\u0259sind\u0259 it\u0259n insan haqlar\u0131 - MEYDAN.TV","robots":{"index":"index","follow":"follow","max-snippet":"max-snippet:-1","max-image-preview":"max-image-preview:large","max-video-preview":"max-video-preview:-1"},"canonical":"https:\/\/www.meydan.tv\/az\/article\/enerji-uz%c9%99rind%c9%99-qurulan-strateji-t%c9%99r%c9%99fdasliq-v%c9%99-ya-maraqlar-kolg%c9%99sind%c9%99-it%c9%99n-insan-haqlari\/","og_locale":"az_AZ","og_type":"article","og_title":"Enerji \u00fcz\u0259rind\u0259 qurulan \u201cstrateji t\u0259r\u0259fda\u015fl\u0131q\u201d v\u0259 ya maraqlar k\u00f6lg\u0259sind\u0259 it\u0259n insan haqlar\u0131 - MEYDAN.TV","og_description":"Son bir ayda Az\u0259rbaycan hakimiyy\u0259ti h\u0259m Q\u0259rb, h\u0259m Ukrayna, h\u0259m ... Davam\u0131","og_url":"https:\/\/www.meydan.tv\/az\/article\/enerji-uz%c9%99rind%c9%99-qurulan-strateji-t%c9%99r%c9%99fdasliq-v%c9%99-ya-maraqlar-kolg%c9%99sind%c9%99-it%c9%99n-insan-haqlari\/","og_site_name":"MEYDAN.TV","article_published_time":"2026-04-29T16:48:09+00:00","article_modified_time":"2026-04-29T16:48:12+00:00","og_image":[{"width":1200,"height":588,"url":"https:\/\/www.meydan.tv\/wp-content\/uploads\/07007-1-1200x588.png","type":"image\/png"}],"author":"mahmud","twitter_card":"summary_large_image","schema":{"@context":"https:\/\/schema.org","@graph":[{"@type":"Article","@id":"https:\/\/www.meydan.tv\/az\/article\/enerji-uz%c9%99rind%c9%99-qurulan-strateji-t%c9%99r%c9%99fdasliq-v%c9%99-ya-maraqlar-kolg%c9%99sind%c9%99-it%c9%99n-insan-haqlari\/#article","isPartOf":{"@id":"https:\/\/www.meydan.tv\/az\/article\/enerji-uz%c9%99rind%c9%99-qurulan-strateji-t%c9%99r%c9%99fdasliq-v%c9%99-ya-maraqlar-kolg%c9%99sind%c9%99-it%c9%99n-insan-haqlari\/"},"author":{"name":"mahmud","@id":"https:\/\/www.meydan.tv\/az\/#\/schema\/person\/09863e516102a829e72bedcf3f84c6b0"},"headline":"Enerji \u00fcz\u0259rind\u0259 qurulan \u201cstrateji t\u0259r\u0259fda\u015fl\u0131q\u201d v\u0259 ya maraqlar k\u00f6lg\u0259sind\u0259 it\u0259n insan haqlar\u0131","datePublished":"2026-04-29T16:48:09+00:00","dateModified":"2026-04-29T16:48:12+00:00","mainEntityOfPage":{"@id":"https:\/\/www.meydan.tv\/az\/article\/enerji-uz%c9%99rind%c9%99-qurulan-strateji-t%c9%99r%c9%99fdasliq-v%c9%99-ya-maraqlar-kolg%c9%99sind%c9%99-it%c9%99n-insan-haqlari\/"},"wordCount":2642,"publisher":{"@id":"https:\/\/www.meydan.tv\/az\/#organization"},"image":{"@id":"https:\/\/www.meydan.tv\/az\/article\/enerji-uz%c9%99rind%c9%99-qurulan-strateji-t%c9%99r%c9%99fdasliq-v%c9%99-ya-maraqlar-kolg%c9%99sind%c9%99-it%c9%99n-insan-haqlari\/#primaryimage"},"thumbnailUrl":"https:\/\/www.meydan.tv\/wp-content\/uploads\/07007-1.png","articleSection":["Analitika","Redaktor se\u00e7imi","T\u00f6vsiy\u0259","X\u0259b\u0259rl\u0259r"],"inLanguage":"az"},{"@type":"WebPage","@id":"https:\/\/www.meydan.tv\/az\/article\/enerji-uz%c9%99rind%c9%99-qurulan-strateji-t%c9%99r%c9%99fdasliq-v%c9%99-ya-maraqlar-kolg%c9%99sind%c9%99-it%c9%99n-insan-haqlari\/","url":"https:\/\/www.meydan.tv\/az\/article\/enerji-uz%c9%99rind%c9%99-qurulan-strateji-t%c9%99r%c9%99fdasliq-v%c9%99-ya-maraqlar-kolg%c9%99sind%c9%99-it%c9%99n-insan-haqlari\/","name":"Enerji \u00fcz\u0259rind\u0259 qurulan \u201cstrateji t\u0259r\u0259fda\u015fl\u0131q\u201d v\u0259 ya maraqlar k\u00f6lg\u0259sind\u0259 it\u0259n insan haqlar\u0131 - MEYDAN.TV","isPartOf":{"@id":"https:\/\/www.meydan.tv\/az\/#website"},"primaryImageOfPage":{"@id":"https:\/\/www.meydan.tv\/az\/article\/enerji-uz%c9%99rind%c9%99-qurulan-strateji-t%c9%99r%c9%99fdasliq-v%c9%99-ya-maraqlar-kolg%c9%99sind%c9%99-it%c9%99n-insan-haqlari\/#primaryimage"},"image":{"@id":"https:\/\/www.meydan.tv\/az\/article\/enerji-uz%c9%99rind%c9%99-qurulan-strateji-t%c9%99r%c9%99fdasliq-v%c9%99-ya-maraqlar-kolg%c9%99sind%c9%99-it%c9%99n-insan-haqlari\/#primaryimage"},"thumbnailUrl":"https:\/\/www.meydan.tv\/wp-content\/uploads\/07007-1.png","datePublished":"2026-04-29T16:48:09+00:00","dateModified":"2026-04-29T16:48:12+00:00","breadcrumb":{"@id":"https:\/\/www.meydan.tv\/az\/article\/enerji-uz%c9%99rind%c9%99-qurulan-strateji-t%c9%99r%c9%99fdasliq-v%c9%99-ya-maraqlar-kolg%c9%99sind%c9%99-it%c9%99n-insan-haqlari\/#breadcrumb"},"inLanguage":"az","potentialAction":[{"@type":"ReadAction","target":["https:\/\/www.meydan.tv\/az\/article\/enerji-uz%c9%99rind%c9%99-qurulan-strateji-t%c9%99r%c9%99fdasliq-v%c9%99-ya-maraqlar-kolg%c9%99sind%c9%99-it%c9%99n-insan-haqlari\/"]}]},{"@type":"ImageObject","inLanguage":"az","@id":"https:\/\/www.meydan.tv\/az\/article\/enerji-uz%c9%99rind%c9%99-qurulan-strateji-t%c9%99r%c9%99fdasliq-v%c9%99-ya-maraqlar-kolg%c9%99sind%c9%99-it%c9%99n-insan-haqlari\/#primaryimage","url":"https:\/\/www.meydan.tv\/wp-content\/uploads\/07007-1.png","contentUrl":"https:\/\/www.meydan.tv\/wp-content\/uploads\/07007-1.png","width":1920,"height":941,"caption":"\u0130ll\u00fcstrasiya: ChatGPT"},{"@type":"BreadcrumbList","@id":"https:\/\/www.meydan.tv\/az\/article\/enerji-uz%c9%99rind%c9%99-qurulan-strateji-t%c9%99r%c9%99fdasliq-v%c9%99-ya-maraqlar-kolg%c9%99sind%c9%99-it%c9%99n-insan-haqlari\/#breadcrumb","itemListElement":[{"@type":"ListItem","position":1,"name":"Ana s\u0259hif\u0259","item":"https:\/\/www.meydan.tv\/az\/"},{"@type":"ListItem","position":2,"name":"Analitika","item":"https:\/\/www.meydan.tv\/az\/section\/analitika\/"},{"@type":"ListItem","position":3,"name":"Enerji \u00fcz\u0259rind\u0259 qurulan \u201cstrateji t\u0259r\u0259fda\u015fl\u0131q\u201d v\u0259 ya maraqlar k\u00f6lg\u0259sind\u0259 it\u0259n insan haqlar\u0131"}]},{"@type":"WebSite","@id":"https:\/\/www.meydan.tv\/az\/#website","url":"https:\/\/www.meydan.tv\/az\/","name":"MEYDAN.TV","description":"Meydan TV Az\u0259rbaycan\u0131n media m\u0259kan\u0131ndak\u0131 alternativ s\u0259sidir","publisher":{"@id":"https:\/\/www.meydan.tv\/az\/#organization"},"potentialAction":[{"@type":"SearchAction","target":{"@type":"EntryPoint","urlTemplate":"https:\/\/www.meydan.tv\/az\/?s={search_term_string}"},"query-input":{"@type":"PropertyValueSpecification","valueRequired":true,"valueName":"search_term_string"}}],"inLanguage":"az"},{"@type":"Organization","@id":"https:\/\/www.meydan.tv\/az\/#organization","name":"Meydan TV","url":"https:\/\/www.meydan.tv\/az\/","logo":{"@type":"ImageObject","inLanguage":"az","@id":"https:\/\/www.meydan.tv\/az\/#\/schema\/logo\/image\/","url":"https:\/\/www.meydan.tv\/wp-content\/uploads\/2021\/07\/meydan-logo.svg","contentUrl":"https:\/\/www.meydan.tv\/wp-content\/uploads\/2021\/07\/meydan-logo.svg","width":195,"height":46,"caption":"Meydan TV"},"image":{"@id":"https:\/\/www.meydan.tv\/az\/#\/schema\/logo\/image\/"}},{"@type":"Person","@id":"https:\/\/www.meydan.tv\/az\/#\/schema\/person\/09863e516102a829e72bedcf3f84c6b0","name":"mahmud"}]}},"_links":{"self":[{"href":"https:\/\/www.meydan.tv\/az\/wp-json\/wp\/v2\/posts\/344470","targetHints":{"allow":["GET"]}}],"collection":[{"href":"https:\/\/www.meydan.tv\/az\/wp-json\/wp\/v2\/posts"}],"about":[{"href":"https:\/\/www.meydan.tv\/az\/wp-json\/wp\/v2\/types\/post"}],"author":[{"embeddable":true,"href":"https:\/\/www.meydan.tv\/az\/wp-json\/wp\/v2\/users\/21"}],"replies":[{"embeddable":true,"href":"https:\/\/www.meydan.tv\/az\/wp-json\/wp\/v2\/comments?post=344470"}],"version-history":[{"count":7,"href":"https:\/\/www.meydan.tv\/az\/wp-json\/wp\/v2\/posts\/344470\/revisions"}],"predecessor-version":[{"id":344490,"href":"https:\/\/www.meydan.tv\/az\/wp-json\/wp\/v2\/posts\/344470\/revisions\/344490"}],"wp:featuredmedia":[{"embeddable":true,"href":"https:\/\/www.meydan.tv\/az\/wp-json\/wp\/v2\/media\/344484"}],"wp:attachment":[{"href":"https:\/\/www.meydan.tv\/az\/wp-json\/wp\/v2\/media?parent=344470"}],"wp:term":[{"taxonomy":"category","embeddable":true,"href":"https:\/\/www.meydan.tv\/az\/wp-json\/wp\/v2\/categories?post=344470"},{"taxonomy":"post_tag","embeddable":true,"href":"https:\/\/www.meydan.tv\/az\/wp-json\/wp\/v2\/tags?post=344470"}],"curies":[{"name":"wp","href":"https:\/\/api.w.org\/{rel}","templated":true}]}}