{"id":344447,"date":"2026-04-29T18:05:19","date_gmt":"2026-04-29T14:05:19","guid":{"rendered":"https:\/\/www.meydan.tv\/?p=344447"},"modified":"2026-04-29T18:05:21","modified_gmt":"2026-04-29T14:05:21","slug":"h%c9%99bsd%c9%99-olan-inancli-acliga-baslayib","status":"publish","type":"post","link":"https:\/\/www.meydan.tv\/az\/article\/h%c9%99bsd%c9%99-olan-inancli-acliga-baslayib\/","title":{"rendered":"H\u0259bsd\u0259 olan inancl\u0131 acl\u0131\u011fa ba\u015flay\u0131b"},"content":{"rendered":"\n<p>Haz\u0131rda h\u0259bsd\u0259 olan inancl\u0131 m\u0259hbus M\u0259nsur V\u0259li\u015fov quru acl\u0131\u011fa ba\u015flay\u0131b.<br><br>Bu bar\u0259d\u0259 ail\u0259si Meydan TV-y\u0259 bildirib.\u00a0<\/p>\n\n\n\n<p>Ail\u0259si deyib ki, M\u0259nsur V\u0259li\u015fov \u015f\u0259rl\u0259n\u0259r\u0259k h\u0259bs olunmas\u0131na v\u0259 ail\u0259si il\u0259 g\u00f6r\u00fc\u015fl\u0259rin l\u0259\u011fv olunmas\u0131na etiraz oluraq acl\u0131\u011fa ba\u015flay\u0131b.\u00a0<\/p>\n\n\n\n<p>Onlar\u0131n s\u00f6zl\u0259rin\u0259 g\u00f6r\u0259,&nbsp; M\u0259nsur V\u0259li\u015fov ail\u0259sin\u0259 \u015f\u0259nb\u0259 g\u00fcn\u00fc, aprelin 25-d\u0259 z\u0259ng ed\u0259 bilm\u0259diyi halda acl\u0131\u011fa ba\u015flayaca\u011f\u0131n\u0131 bildirib. Ail\u0259 deyir ki, art\u0131q 5 g\u00fcnd\u00fcr m\u0259hbusla \u0259laq\u0259 saxlaya bilmirl\u0259r:<\/p>\n\n\n\n<p><em>\u201c\u00d6t\u0259n alt\u0131nc\u0131 g\u00fcn M\u0259nsurun z\u0259ng g\u00fcn\u00fc idi, h\u0259min g\u00fcn\u00fc m\u0259n\u0259 z\u0259ng el\u0259m\u0259yib. Ondan \u00f6nc\u0259ki z\u0259ngd\u0259 m\u0259n\u0259 demi\u015fdi ki, alt\u0131nc\u0131 g\u00fcn s\u0259h\u0259r m\u00fctl\u0259q s\u0259n\u0259 z\u0259ng el\u0259y\u0259c\u0259m. Alt\u0131nc\u0131 g\u00fcn m\u0259ni h\u0259r hans\u0131 bir c\u0259za\u00e7\u0259km\u0259 m\u00fc\u0259ssis\u0259sin\u0259 aparmal\u0131d\u0131rlar, amma m\u00fctl\u0259q s\u0259n\u0259 x\u0259b\u0259r el\u0259y\u0259c\u0259m. V\u0259 bildirdi ki, \u0259g\u0259r m\u0259nd\u0259n x\u0259b\u0259r \u00e7\u0131xmasa, bil ki, m\u0259n acl\u0131\u011fa oturacam. \u00c7\u00fcnki deyir, m\u0259ni yenid\u0259n \u015f\u0259rl\u0259yirl\u0259r\u201d<\/em>.&nbsp;<\/p>\n\n\n\n<p>Ail\u0259 deyir ki, V\u0259li\u015fov bar\u0259d\u0259 m\u0259lumat almaq \u00fc\u00e7\u00fcn Penitensiar Xidm\u0259tl\u0259 v\u0259 Ombudsmanla d\u0259f\u0259l\u0259rl\u0259 \u0259laq\u0259 saxlasalar da qurumlar \u201ct\u0259hl\u00fck\u0259sizlikd\u0259dir\u201d cavab\u0131ndan ba\u015fqa m\u0259lumat verm\u0259yib.<\/p>\n\n\n\n<p>M\u0259nsur V\u0259li\u015fovun h\u0259yat yolda\u015f\u0131 bidirir ki, bir ne\u00e7\u0259 z\u0259ngd\u0259n sonra Ombudsman m\u0259hbusun L\u0259nk\u0259ran Penitensiar Kompleksin\u0259 k\u00f6\u00e7\u00fcr\u00fcld\u00fcy\u00fc bar\u0259d\u0259 m\u0259lumat verib.<\/p>\n\n\n\n<p><em>\u201cM\u0259nsur Bak\u0131 qeydiyyat\u0131d\u0131r onun hans\u0131 s\u0259b\u0259bl\u0259 bu q\u0259d\u0259r uzaq yer\u0259 k\u00f6\u00e7\u00fcr\u00fcld\u00fcy\u00fc bar\u0259d\u0259 he\u00e7 kim he\u00e7 n\u0259 demir. Bizim k\u00f6rp\u0259 u\u015fa\u011f\u0131m\u0131z var v\u0259 onunla uzaq yola \u00e7\u0131xmaq m\u00fcmk\u00fcn deyil. H\u0259r d\u0259f\u0259 bu q\u0259d\u0259r uzaq m\u0259saf\u0259 getm\u0259k m\u00fcmk\u00fcn deyil. Bu h\u0259m maddi olaraq, h\u0259m d\u0259, m\u0259n\u0259vi \u00e7ox \u00e7\u0259tindir\u201d,<\/em> &#8211; dey\u0259 h\u0259yat yolda\u015f\u0131 bildirib.<\/p>\n\n\n\n<p>Ail\u0259 deyir ki, V\u0259li\u015fovun sa\u011flaml\u0131\u011f\u0131ndan narahatd\u0131rlar. O, ail\u0259sin\u0259 yaln\u0131z Penitensiar Xidm\u0259tin r\u0259isi Mirsaleh Seyidovla g\u00f6r\u00fc\u015f\u0259c\u0259yi t\u0259qdird\u0259 acl\u0131\u011f\u0131 dayand\u0131raca\u011f\u0131n\u0131 deyib.<\/p>\n\n\n\n<p>M\u0259nsur V\u0259li\u015fov Cinay\u0259t M\u0259c\u0259ll\u0259sinin 234.4.3-c\u00fc (qanunsuz olaraq narkotik vasit\u0259l\u0259ri, psixotrop madd\u0259l\u0259ri&nbsp; haz\u0131rlama, istehsal etm\u0259, \u0259ld\u0259 etm\u0259, saxlama, da\u015f\u0131ma, g\u00f6nd\u0259rm\u0259 v\u0259 ya satma k\u00fclli miqdarda t\u00f6r\u0259dildikd\u0259) madd\u0259si il\u0259 ittiham olunur.<\/p>\n\n\n\n<p>O, 2023-c\u00fc ilin 11 mart tarixind\u0259 \u0130mi\u015fli polis idar\u0259sinin \u0259m\u0259kda\u015flar\u0131 t\u0259r\u0259find\u0259n saxlan\u0131l\u0131b.&nbsp;<\/p>\n\n\n\n<p>L\u0259nk\u0259ran A\u011f\u0131r Cinay\u0259tl\u0259r M\u0259hk\u0259m\u0259sinin h\u00f6km\u00fc il\u0259 6 il m\u00fcdd\u0259tin\u0259 azadl\u0131qdan m\u0259hrum edilib.<\/p>\n","protected":false},"excerpt":{"rendered":"<p>Haz\u0131rda h\u0259bsd\u0259 olan inancl\u0131 m\u0259hbus M\u0259nsur V\u0259li\u015fov quru acl\u0131\u011fa ba\u015flay\u0131b. &#8230; <\/p>\n<p class=\"read-more-container\"><a title=\"H\u0259bsd\u0259 olan inancl\u0131 acl\u0131\u011fa ba\u015flay\u0131b\" class=\"read-more button\" href=\"https:\/\/www.meydan.tv\/az\/article\/h%c9%99bsd%c9%99-olan-inancli-acliga-baslayib\/#more-344447\" aria-label=\"Read more about H\u0259bsd\u0259 olan inancl\u0131 acl\u0131\u011fa ba\u015flay\u0131b\">Davam\u0131<\/a><\/p>\n","protected":false},"author":21,"featured_media":341877,"comment_status":"closed","ping_status":"closed","sticky":false,"template":"","format":"standard","meta":{"_acf_changed":false,"_sitemap_exclude":false,"_sitemap_priority":"","_sitemap_frequency":"","footnotes":""},"categories":[59,79,56],"tags":[],"class_list":["post-344447","post","type-post","status-publish","format-standard","has-post-thumbnail","hentry","category-siyaset","category-featured","category-xeberler","infinite-scroll-item","generate-columns","tablet-grid-50","mobile-grid-100","grid-parent","grid-33","no-featured-image-padding"],"acf":[],"yoast_head":"<!-- This site is optimized with the Yoast SEO plugin v27.5 - https:\/\/yoast.com\/product\/yoast-seo-wordpress\/ -->\n<title>H\u0259bsd\u0259 olan inancl\u0131 acl\u0131\u011fa ba\u015flay\u0131b - MEYDAN.TV<\/title>\n<meta name=\"robots\" content=\"index, follow, max-snippet:-1, max-image-preview:large, max-video-preview:-1\" \/>\n<link rel=\"canonical\" href=\"https:\/\/www.meydan.tv\/az\/article\/h%c9%99bsd%c9%99-olan-inancli-acliga-baslayib\/\" \/>\n<meta property=\"og:locale\" content=\"az_AZ\" \/>\n<meta property=\"og:type\" content=\"article\" \/>\n<meta property=\"og:title\" content=\"H\u0259bsd\u0259 olan inancl\u0131 acl\u0131\u011fa ba\u015flay\u0131b - MEYDAN.TV\" \/>\n<meta property=\"og:description\" content=\"Haz\u0131rda h\u0259bsd\u0259 olan inancl\u0131 m\u0259hbus M\u0259nsur V\u0259li\u015fov quru acl\u0131\u011fa ba\u015flay\u0131b. ... Davam\u0131\" \/>\n<meta property=\"og:url\" content=\"https:\/\/www.meydan.tv\/az\/article\/h%c9%99bsd%c9%99-olan-inancli-acliga-baslayib\/\" \/>\n<meta property=\"og:site_name\" content=\"MEYDAN.TV\" \/>\n<meta property=\"article:published_time\" content=\"2026-04-29T14:05:19+00:00\" \/>\n<meta property=\"article:modified_time\" content=\"2026-04-29T14:05:21+00:00\" \/>\n<meta property=\"og:image\" content=\"https:\/\/www.meydan.tv\/wp-content\/uploads\/img_2452-e1771509053743.jpg\" \/>\n\t<meta property=\"og:image:width\" content=\"1280\" \/>\n\t<meta property=\"og:image:height\" content=\"690\" \/>\n\t<meta property=\"og:image:type\" content=\"image\/jpeg\" \/>\n<meta name=\"author\" content=\"mahmud\" \/>\n<meta name=\"twitter:card\" content=\"summary_large_image\" \/>\n<script type=\"application\/ld+json\" class=\"yoast-schema-graph\">{\"@context\":\"https:\\\/\\\/schema.org\",\"@graph\":[{\"@type\":\"Article\",\"@id\":\"https:\\\/\\\/www.meydan.tv\\\/az\\\/article\\\/h%c9%99bsd%c9%99-olan-inancli-acliga-baslayib\\\/#article\",\"isPartOf\":{\"@id\":\"https:\\\/\\\/www.meydan.tv\\\/az\\\/article\\\/h%c9%99bsd%c9%99-olan-inancli-acliga-baslayib\\\/\"},\"author\":{\"name\":\"mahmud\",\"@id\":\"https:\\\/\\\/www.meydan.tv\\\/az\\\/#\\\/schema\\\/person\\\/09863e516102a829e72bedcf3f84c6b0\"},\"headline\":\"H\u0259bsd\u0259 olan inancl\u0131 acl\u0131\u011fa ba\u015flay\u0131b\",\"datePublished\":\"2026-04-29T14:05:19+00:00\",\"dateModified\":\"2026-04-29T14:05:21+00:00\",\"mainEntityOfPage\":{\"@id\":\"https:\\\/\\\/www.meydan.tv\\\/az\\\/article\\\/h%c9%99bsd%c9%99-olan-inancli-acliga-baslayib\\\/\"},\"wordCount\":511,\"publisher\":{\"@id\":\"https:\\\/\\\/www.meydan.tv\\\/az\\\/#organization\"},\"image\":{\"@id\":\"https:\\\/\\\/www.meydan.tv\\\/az\\\/article\\\/h%c9%99bsd%c9%99-olan-inancli-acliga-baslayib\\\/#primaryimage\"},\"thumbnailUrl\":\"https:\\\/\\\/www.meydan.tv\\\/wp-content\\\/uploads\\\/img_2452-e1771509053743.jpg\",\"articleSection\":[\"Siyas\u0259t\",\"T\u00f6vsiy\u0259\",\"X\u0259b\u0259rl\u0259r\"],\"inLanguage\":\"az\"},{\"@type\":\"WebPage\",\"@id\":\"https:\\\/\\\/www.meydan.tv\\\/az\\\/article\\\/h%c9%99bsd%c9%99-olan-inancli-acliga-baslayib\\\/\",\"url\":\"https:\\\/\\\/www.meydan.tv\\\/az\\\/article\\\/h%c9%99bsd%c9%99-olan-inancli-acliga-baslayib\\\/\",\"name\":\"H\u0259bsd\u0259 olan inancl\u0131 acl\u0131\u011fa ba\u015flay\u0131b - MEYDAN.TV\",\"isPartOf\":{\"@id\":\"https:\\\/\\\/www.meydan.tv\\\/az\\\/#website\"},\"primaryImageOfPage\":{\"@id\":\"https:\\\/\\\/www.meydan.tv\\\/az\\\/article\\\/h%c9%99bsd%c9%99-olan-inancli-acliga-baslayib\\\/#primaryimage\"},\"image\":{\"@id\":\"https:\\\/\\\/www.meydan.tv\\\/az\\\/article\\\/h%c9%99bsd%c9%99-olan-inancli-acliga-baslayib\\\/#primaryimage\"},\"thumbnailUrl\":\"https:\\\/\\\/www.meydan.tv\\\/wp-content\\\/uploads\\\/img_2452-e1771509053743.jpg\",\"datePublished\":\"2026-04-29T14:05:19+00:00\",\"dateModified\":\"2026-04-29T14:05:21+00:00\",\"breadcrumb\":{\"@id\":\"https:\\\/\\\/www.meydan.tv\\\/az\\\/article\\\/h%c9%99bsd%c9%99-olan-inancli-acliga-baslayib\\\/#breadcrumb\"},\"inLanguage\":\"az\",\"potentialAction\":[{\"@type\":\"ReadAction\",\"target\":[\"https:\\\/\\\/www.meydan.tv\\\/az\\\/article\\\/h%c9%99bsd%c9%99-olan-inancli-acliga-baslayib\\\/\"]}]},{\"@type\":\"ImageObject\",\"inLanguage\":\"az\",\"@id\":\"https:\\\/\\\/www.meydan.tv\\\/az\\\/article\\\/h%c9%99bsd%c9%99-olan-inancli-acliga-baslayib\\\/#primaryimage\",\"url\":\"https:\\\/\\\/www.meydan.tv\\\/wp-content\\\/uploads\\\/img_2452-e1771509053743.jpg\",\"contentUrl\":\"https:\\\/\\\/www.meydan.tv\\\/wp-content\\\/uploads\\\/img_2452-e1771509053743.jpg\",\"width\":1280,\"height\":690,\"caption\":\"M\u0259nsur V\u0259li\u015fov. Foto: \u015f\u0259xsi arxivind\u0259n\"},{\"@type\":\"BreadcrumbList\",\"@id\":\"https:\\\/\\\/www.meydan.tv\\\/az\\\/article\\\/h%c9%99bsd%c9%99-olan-inancli-acliga-baslayib\\\/#breadcrumb\",\"itemListElement\":[{\"@type\":\"ListItem\",\"position\":1,\"name\":\"Ana s\u0259hif\u0259\",\"item\":\"https:\\\/\\\/www.meydan.tv\\\/az\\\/\"},{\"@type\":\"ListItem\",\"position\":2,\"name\":\"Siyas\u0259t\",\"item\":\"https:\\\/\\\/www.meydan.tv\\\/az\\\/section\\\/siyaset\\\/\"},{\"@type\":\"ListItem\",\"position\":3,\"name\":\"H\u0259bsd\u0259 olan inancl\u0131 acl\u0131\u011fa ba\u015flay\u0131b\"}]},{\"@type\":\"WebSite\",\"@id\":\"https:\\\/\\\/www.meydan.tv\\\/az\\\/#website\",\"url\":\"https:\\\/\\\/www.meydan.tv\\\/az\\\/\",\"name\":\"MEYDAN.TV\",\"description\":\"Meydan TV Az\u0259rbaycan\u0131n media m\u0259kan\u0131ndak\u0131 alternativ s\u0259sidir\",\"publisher\":{\"@id\":\"https:\\\/\\\/www.meydan.tv\\\/az\\\/#organization\"},\"potentialAction\":[{\"@type\":\"SearchAction\",\"target\":{\"@type\":\"EntryPoint\",\"urlTemplate\":\"https:\\\/\\\/www.meydan.tv\\\/az\\\/?s={search_term_string}\"},\"query-input\":{\"@type\":\"PropertyValueSpecification\",\"valueRequired\":true,\"valueName\":\"search_term_string\"}}],\"inLanguage\":\"az\"},{\"@type\":\"Organization\",\"@id\":\"https:\\\/\\\/www.meydan.tv\\\/az\\\/#organization\",\"name\":\"Meydan TV\",\"url\":\"https:\\\/\\\/www.meydan.tv\\\/az\\\/\",\"logo\":{\"@type\":\"ImageObject\",\"inLanguage\":\"az\",\"@id\":\"https:\\\/\\\/www.meydan.tv\\\/az\\\/#\\\/schema\\\/logo\\\/image\\\/\",\"url\":\"https:\\\/\\\/www.meydan.tv\\\/wp-content\\\/uploads\\\/2021\\\/07\\\/meydan-logo.svg\",\"contentUrl\":\"https:\\\/\\\/www.meydan.tv\\\/wp-content\\\/uploads\\\/2021\\\/07\\\/meydan-logo.svg\",\"width\":195,\"height\":46,\"caption\":\"Meydan TV\"},\"image\":{\"@id\":\"https:\\\/\\\/www.meydan.tv\\\/az\\\/#\\\/schema\\\/logo\\\/image\\\/\"}},{\"@type\":\"Person\",\"@id\":\"https:\\\/\\\/www.meydan.tv\\\/az\\\/#\\\/schema\\\/person\\\/09863e516102a829e72bedcf3f84c6b0\",\"name\":\"mahmud\"}]}<\/script>\n<!-- \/ Yoast SEO plugin. -->","yoast_head_json":{"title":"H\u0259bsd\u0259 olan inancl\u0131 acl\u0131\u011fa ba\u015flay\u0131b - MEYDAN.TV","robots":{"index":"index","follow":"follow","max-snippet":"max-snippet:-1","max-image-preview":"max-image-preview:large","max-video-preview":"max-video-preview:-1"},"canonical":"https:\/\/www.meydan.tv\/az\/article\/h%c9%99bsd%c9%99-olan-inancli-acliga-baslayib\/","og_locale":"az_AZ","og_type":"article","og_title":"H\u0259bsd\u0259 olan inancl\u0131 acl\u0131\u011fa ba\u015flay\u0131b - MEYDAN.TV","og_description":"Haz\u0131rda h\u0259bsd\u0259 olan inancl\u0131 m\u0259hbus M\u0259nsur V\u0259li\u015fov quru acl\u0131\u011fa ba\u015flay\u0131b. ... Davam\u0131","og_url":"https:\/\/www.meydan.tv\/az\/article\/h%c9%99bsd%c9%99-olan-inancli-acliga-baslayib\/","og_site_name":"MEYDAN.TV","article_published_time":"2026-04-29T14:05:19+00:00","article_modified_time":"2026-04-29T14:05:21+00:00","og_image":[{"width":1280,"height":690,"url":"https:\/\/www.meydan.tv\/wp-content\/uploads\/img_2452-e1771509053743.jpg","type":"image\/jpeg"}],"author":"mahmud","twitter_card":"summary_large_image","schema":{"@context":"https:\/\/schema.org","@graph":[{"@type":"Article","@id":"https:\/\/www.meydan.tv\/az\/article\/h%c9%99bsd%c9%99-olan-inancli-acliga-baslayib\/#article","isPartOf":{"@id":"https:\/\/www.meydan.tv\/az\/article\/h%c9%99bsd%c9%99-olan-inancli-acliga-baslayib\/"},"author":{"name":"mahmud","@id":"https:\/\/www.meydan.tv\/az\/#\/schema\/person\/09863e516102a829e72bedcf3f84c6b0"},"headline":"H\u0259bsd\u0259 olan inancl\u0131 acl\u0131\u011fa ba\u015flay\u0131b","datePublished":"2026-04-29T14:05:19+00:00","dateModified":"2026-04-29T14:05:21+00:00","mainEntityOfPage":{"@id":"https:\/\/www.meydan.tv\/az\/article\/h%c9%99bsd%c9%99-olan-inancli-acliga-baslayib\/"},"wordCount":511,"publisher":{"@id":"https:\/\/www.meydan.tv\/az\/#organization"},"image":{"@id":"https:\/\/www.meydan.tv\/az\/article\/h%c9%99bsd%c9%99-olan-inancli-acliga-baslayib\/#primaryimage"},"thumbnailUrl":"https:\/\/www.meydan.tv\/wp-content\/uploads\/img_2452-e1771509053743.jpg","articleSection":["Siyas\u0259t","T\u00f6vsiy\u0259","X\u0259b\u0259rl\u0259r"],"inLanguage":"az"},{"@type":"WebPage","@id":"https:\/\/www.meydan.tv\/az\/article\/h%c9%99bsd%c9%99-olan-inancli-acliga-baslayib\/","url":"https:\/\/www.meydan.tv\/az\/article\/h%c9%99bsd%c9%99-olan-inancli-acliga-baslayib\/","name":"H\u0259bsd\u0259 olan inancl\u0131 acl\u0131\u011fa ba\u015flay\u0131b - MEYDAN.TV","isPartOf":{"@id":"https:\/\/www.meydan.tv\/az\/#website"},"primaryImageOfPage":{"@id":"https:\/\/www.meydan.tv\/az\/article\/h%c9%99bsd%c9%99-olan-inancli-acliga-baslayib\/#primaryimage"},"image":{"@id":"https:\/\/www.meydan.tv\/az\/article\/h%c9%99bsd%c9%99-olan-inancli-acliga-baslayib\/#primaryimage"},"thumbnailUrl":"https:\/\/www.meydan.tv\/wp-content\/uploads\/img_2452-e1771509053743.jpg","datePublished":"2026-04-29T14:05:19+00:00","dateModified":"2026-04-29T14:05:21+00:00","breadcrumb":{"@id":"https:\/\/www.meydan.tv\/az\/article\/h%c9%99bsd%c9%99-olan-inancli-acliga-baslayib\/#breadcrumb"},"inLanguage":"az","potentialAction":[{"@type":"ReadAction","target":["https:\/\/www.meydan.tv\/az\/article\/h%c9%99bsd%c9%99-olan-inancli-acliga-baslayib\/"]}]},{"@type":"ImageObject","inLanguage":"az","@id":"https:\/\/www.meydan.tv\/az\/article\/h%c9%99bsd%c9%99-olan-inancli-acliga-baslayib\/#primaryimage","url":"https:\/\/www.meydan.tv\/wp-content\/uploads\/img_2452-e1771509053743.jpg","contentUrl":"https:\/\/www.meydan.tv\/wp-content\/uploads\/img_2452-e1771509053743.jpg","width":1280,"height":690,"caption":"M\u0259nsur V\u0259li\u015fov. Foto: \u015f\u0259xsi arxivind\u0259n"},{"@type":"BreadcrumbList","@id":"https:\/\/www.meydan.tv\/az\/article\/h%c9%99bsd%c9%99-olan-inancli-acliga-baslayib\/#breadcrumb","itemListElement":[{"@type":"ListItem","position":1,"name":"Ana s\u0259hif\u0259","item":"https:\/\/www.meydan.tv\/az\/"},{"@type":"ListItem","position":2,"name":"Siyas\u0259t","item":"https:\/\/www.meydan.tv\/az\/section\/siyaset\/"},{"@type":"ListItem","position":3,"name":"H\u0259bsd\u0259 olan inancl\u0131 acl\u0131\u011fa ba\u015flay\u0131b"}]},{"@type":"WebSite","@id":"https:\/\/www.meydan.tv\/az\/#website","url":"https:\/\/www.meydan.tv\/az\/","name":"MEYDAN.TV","description":"Meydan TV Az\u0259rbaycan\u0131n media m\u0259kan\u0131ndak\u0131 alternativ s\u0259sidir","publisher":{"@id":"https:\/\/www.meydan.tv\/az\/#organization"},"potentialAction":[{"@type":"SearchAction","target":{"@type":"EntryPoint","urlTemplate":"https:\/\/www.meydan.tv\/az\/?s={search_term_string}"},"query-input":{"@type":"PropertyValueSpecification","valueRequired":true,"valueName":"search_term_string"}}],"inLanguage":"az"},{"@type":"Organization","@id":"https:\/\/www.meydan.tv\/az\/#organization","name":"Meydan TV","url":"https:\/\/www.meydan.tv\/az\/","logo":{"@type":"ImageObject","inLanguage":"az","@id":"https:\/\/www.meydan.tv\/az\/#\/schema\/logo\/image\/","url":"https:\/\/www.meydan.tv\/wp-content\/uploads\/2021\/07\/meydan-logo.svg","contentUrl":"https:\/\/www.meydan.tv\/wp-content\/uploads\/2021\/07\/meydan-logo.svg","width":195,"height":46,"caption":"Meydan TV"},"image":{"@id":"https:\/\/www.meydan.tv\/az\/#\/schema\/logo\/image\/"}},{"@type":"Person","@id":"https:\/\/www.meydan.tv\/az\/#\/schema\/person\/09863e516102a829e72bedcf3f84c6b0","name":"mahmud"}]}},"_links":{"self":[{"href":"https:\/\/www.meydan.tv\/az\/wp-json\/wp\/v2\/posts\/344447","targetHints":{"allow":["GET"]}}],"collection":[{"href":"https:\/\/www.meydan.tv\/az\/wp-json\/wp\/v2\/posts"}],"about":[{"href":"https:\/\/www.meydan.tv\/az\/wp-json\/wp\/v2\/types\/post"}],"author":[{"embeddable":true,"href":"https:\/\/www.meydan.tv\/az\/wp-json\/wp\/v2\/users\/21"}],"replies":[{"embeddable":true,"href":"https:\/\/www.meydan.tv\/az\/wp-json\/wp\/v2\/comments?post=344447"}],"version-history":[{"count":1,"href":"https:\/\/www.meydan.tv\/az\/wp-json\/wp\/v2\/posts\/344447\/revisions"}],"predecessor-version":[{"id":344449,"href":"https:\/\/www.meydan.tv\/az\/wp-json\/wp\/v2\/posts\/344447\/revisions\/344449"}],"wp:featuredmedia":[{"embeddable":true,"href":"https:\/\/www.meydan.tv\/az\/wp-json\/wp\/v2\/media\/341877"}],"wp:attachment":[{"href":"https:\/\/www.meydan.tv\/az\/wp-json\/wp\/v2\/media?parent=344447"}],"wp:term":[{"taxonomy":"category","embeddable":true,"href":"https:\/\/www.meydan.tv\/az\/wp-json\/wp\/v2\/categories?post=344447"},{"taxonomy":"post_tag","embeddable":true,"href":"https:\/\/www.meydan.tv\/az\/wp-json\/wp\/v2\/tags?post=344447"}],"curies":[{"name":"wp","href":"https:\/\/api.w.org\/{rel}","templated":true}]}}