{"id":344441,"date":"2026-04-29T16:34:24","date_gmt":"2026-04-29T12:34:24","guid":{"rendered":"https:\/\/www.meydan.tv\/?p=344441"},"modified":"2026-04-29T16:34:26","modified_gmt":"2026-04-29T12:34:26","slug":"aspa-m%c9%99ruz%c9%99cisi-anar-m%c9%99mm%c9%99dlinin-d%c9%99rhal-azad-olunmasini-t%c9%99l%c9%99b-edib","status":"publish","type":"post","link":"https:\/\/www.meydan.tv\/az\/article\/aspa-m%c9%99ruz%c9%99cisi-anar-m%c9%99mm%c9%99dlinin-d%c9%99rhal-azad-olunmasini-t%c9%99l%c9%99b-edib\/","title":{"rendered":"A\u015ePA m\u0259ruz\u0259\u00e7isi Anar M\u0259mm\u0259dlinin d\u0259rhal azad olunmas\u0131n\u0131 t\u0259l\u0259b edib"},"content":{"rendered":"\n<p>Avropa \u015euras\u0131 Parlament Assambleyas\u0131n\u0131n (PACE) siyasi m\u0259hbuslar \u00fczr\u0259 ba\u015f m\u0259ruz\u0259\u00e7isi Azadeh Rojhan Az\u0259rbaycanda h\u0259bsd\u0259 olan insan h\u00fcquqlar\u0131 m\u00fcdafi\u0259\u00e7isi Anar M\u0259mm\u0259dli il\u0259 ba\u011fl\u0131 b\u0259yanat yay\u0131b.<\/p>\n\n\n\n<p>B\u0259yanat Anar M\u0259mm\u0259dlinin saxlan\u0131lmas\u0131n\u0131n ikinci ild\u00f6n\u00fcm\u00fcnd\u0259 <a href=\"https:\/\/pace.coe.int\/en\/news\/10286\/pace-rapporteur-calls-for-the-immediate-release-of-anar-mammadli\" target=\"_blank\" rel=\"noreferrer noopener nofollow\">verilib.<\/a> Rojhan bildirib ki, o, \u201cm\u00fcst\u0259qil se\u00e7ki m\u00fc\u015fahid\u0259\u00e7iliyi v\u0259 v\u0259t\u0259nda\u015f c\u0259miyy\u0259ti f\u0259aliyy\u0259ti\u201dn\u0259 g\u00f6r\u0259 qisas xarakterli ittihamlarla \u00fczl\u0259\u015fib.<\/p>\n\n\n\n<p><em>\u201cBu g\u00fcn tan\u0131nm\u0131\u015f insan h\u00fcquqlar\u0131 m\u00fcdafi\u0259\u00e7isi v\u0259 se\u00e7ki m\u00fc\u015fahid\u0259\u00e7isi Anar M\u0259mm\u0259dlinin saxlan\u0131lmas\u0131n\u0131n iki ili tamam olur. O, 2014-c\u00fc il Vaslav Havel \u0130nsan H\u00fcquqlar\u0131 M\u00fckafat\u0131n\u0131n qalibidir v\u0259 ona qar\u015f\u0131 ir\u0259li s\u00fcr\u00fcl\u0259n ittihamlar\u0131n onun ictimai f\u0259aliyy\u0259ti il\u0259 ba\u011fl\u0131 oldu\u011fu g\u00fcman edilir\u201d, <\/em>\u2013 dey\u0259 b\u0259yanatda qeyd olunub.<\/p>\n\n\n\n<p>A\u015ePA r\u0259smisi xat\u0131rlad\u0131b ki, Avropa \u0130nsan H\u00fcquqlar\u0131 M\u0259hk\u0259m\u0259si (A\u0130HM) daha \u0259vv\u0259l Anar M\u0259mm\u0259dlinin se\u00e7ki m\u00fc\u015fahid\u0259 f\u0259aliyy\u0259ti s\u0259b\u0259bil\u0259 \u201csusdurulmaq v\u0259 c\u0259zaland\u0131r\u0131lmaq m\u0259qs\u0259dil\u0259\u201d t\u0259qib edildiyi q\u0259na\u0259tin\u0259 g\u0259lmi\u015fdi. Onun s\u00f6zl\u0259rin\u0259 g\u00f6r\u0259, haz\u0131rk\u0131 cinay\u0259t i\u015fi d\u0259 ox\u015far xarakter da\u015f\u0131y\u0131r v\u0259 Az\u0259rbaycan\u0131n beyn\u0259lxalq \u00f6hd\u0259likl\u0259rin\u0259 \u0259m\u0259l etm\u0259si il\u0259 ba\u011fl\u0131 suallar yarad\u0131r.<\/p>\n\n\n\n<p>B\u0259yanatda h\u0259m\u00e7inin qeyd olunur ki, Anar M\u0259mm\u0259dlinin h\u0259bsi Az\u0259rbaycanda v\u0259t\u0259nda\u015f c\u0259miyy\u0259ti, m\u00fcst\u0259qil media v\u0259 insan h\u00fcquqlar\u0131 m\u00fcdafi\u0259\u00e7il\u0259rin\u0259 qar\u015f\u0131 artan t\u0259zyiql\u0259rin fonunda ba\u015f verir.<\/p>\n\n\n\n<p><em>\u201cBel\u0259 hallarda cinay\u0259t qanunvericiliyind\u0259n istifad\u0259 h\u00fcququn aliliyin\u0259 v\u0259 fundamental azadl\u0131qlar\u0131n qorunmas\u0131na ciddi z\u0259rb\u0259 vurur\u201d,<\/em> \u2013 Rojhan bildirib.<\/p>\n\n\n\n<p>O, Az\u0259rbaycan hakimiyy\u0259tini Anar M\u0259mm\u0259dlini d\u0259rhal azad etm\u0259y\u0259 v\u0259 ona qar\u015f\u0131 ir\u0259li s\u00fcr\u00fcl\u0259n ittihamlar\u0131 Avropa \u0130nsan H\u00fcquqlar\u0131 Konvensiyas\u0131 \u00fczr\u0259 \u00f6hd\u0259likl\u0259r\u0259 uy\u011fun olaraq yenid\u0259n n\u0259z\u0259rd\u0259n ke\u00e7irm\u0259y\u0259 \u00e7a\u011f\u0131r\u0131b.<br><br>Se\u00e7kil\u0259rin Monitorinqi v\u0259 Demokratiyan\u0131n T\u0259drisi M\u0259rk\u0259zinin (SMDTM) r\u0259hb\u0259ri Anar M\u0259mm\u0259dli 2024-c\u00fc ilin aprelind\u0259 qa\u00e7aqmal\u00e7\u0131l\u0131q ittiham\u0131 il\u0259 h\u0259bs olunub, sonradan is\u0259 onun ittihamlar\u0131 a\u011f\u0131rla\u015fd\u0131r\u0131l\u0131b. M\u0259mm\u0259dli b\u00fct\u00fcn ittihamlar\u0131 r\u0259dd edir v\u0259 ictimai f\u0259aliyy\u0259tin\u0259 g\u00f6r\u0259 h\u0259bs olundu\u011funu bildirir.<\/p>\n\n\n\n<p>QHT s\u0259dri bundan \u0259vv\u0259l 2013-c\u00fc ild\u0259 qanunsuz sahibkarl\u0131q, vergid\u0259n yay\u0131nma v\u0259 v\u0259zif\u0259 s\u0259lahiyy\u0259tl\u0259rind\u0259n sui-istifad\u0259 etm\u0259 ittihamlar\u0131 il\u0259 h\u0259bs olunmu\u015fdu. 2014-c\u00fc ilin may\u0131nda m\u0259hk\u0259m\u0259 t\u0259r\u0259find\u0259n 5 il 6 ay azadl\u0131qdan m\u0259hrum edilib. 2016-c\u0131 ild\u0259 is\u0259 \u0259fv s\u0259r\u0259ncam\u0131 il\u0259 azadl\u0131\u011fa burax\u0131l\u0131b.<\/p>\n\n\n\n<p>Avropa M\u0259hk\u0259m\u0259si Anar M\u0259mm\u0259dli il\u0259 ba\u011fl\u0131 i\u015fd\u0259 d\u00f6vl\u0259tin haqs\u0131z davranmas\u0131 il\u0259 ba\u011fl\u0131 q\u0259rar q\u0259bul ets\u0259 d\u0259, Az\u0259rbaycan h\u00f6kum\u0259ti bu q\u0259rar\u0131 h\u0259l\u0259 yerin\u0259 yetirm\u0259yib.<\/p>\n","protected":false},"excerpt":{"rendered":"<p>Avropa \u015euras\u0131 Parlament Assambleyas\u0131n\u0131n (PACE) siyasi m\u0259hbuslar \u00fczr\u0259 ba\u015f m\u0259ruz\u0259\u00e7isi &#8230; <\/p>\n<p class=\"read-more-container\"><a title=\"A\u015ePA m\u0259ruz\u0259\u00e7isi Anar M\u0259mm\u0259dlinin d\u0259rhal azad olunmas\u0131n\u0131 t\u0259l\u0259b edib\" class=\"read-more button\" href=\"https:\/\/www.meydan.tv\/az\/article\/aspa-m%c9%99ruz%c9%99cisi-anar-m%c9%99mm%c9%99dlinin-d%c9%99rhal-azad-olunmasini-t%c9%99l%c9%99b-edib\/#more-344441\" aria-label=\"Read more about A\u015ePA m\u0259ruz\u0259\u00e7isi Anar M\u0259mm\u0259dlinin d\u0259rhal azad olunmas\u0131n\u0131 t\u0259l\u0259b edib\">Davam\u0131<\/a><\/p>\n","protected":false},"author":21,"featured_media":210070,"comment_status":"closed","ping_status":"closed","sticky":false,"template":"","format":"standard","meta":{"_acf_changed":false,"_sitemap_exclude":false,"_sitemap_priority":"","_sitemap_frequency":"","footnotes":""},"categories":[59,79,56],"tags":[],"class_list":["post-344441","post","type-post","status-publish","format-standard","has-post-thumbnail","hentry","category-siyaset","category-featured","category-xeberler","infinite-scroll-item","generate-columns","tablet-grid-50","mobile-grid-100","grid-parent","grid-33","no-featured-image-padding"],"acf":[],"yoast_head":"<!-- This site is optimized with the Yoast SEO plugin v27.5 - https:\/\/yoast.com\/product\/yoast-seo-wordpress\/ -->\n<title>A\u015ePA m\u0259ruz\u0259\u00e7isi Anar M\u0259mm\u0259dlinin d\u0259rhal azad olunmas\u0131n\u0131 t\u0259l\u0259b edib - MEYDAN.TV<\/title>\n<meta name=\"robots\" content=\"index, follow, max-snippet:-1, max-image-preview:large, max-video-preview:-1\" \/>\n<link rel=\"canonical\" href=\"https:\/\/www.meydan.tv\/az\/article\/aspa-m%c9%99ruz%c9%99cisi-anar-m%c9%99mm%c9%99dlinin-d%c9%99rhal-azad-olunmasini-t%c9%99l%c9%99b-edib\/\" \/>\n<meta property=\"og:locale\" content=\"az_AZ\" \/>\n<meta property=\"og:type\" content=\"article\" \/>\n<meta property=\"og:title\" content=\"A\u015ePA m\u0259ruz\u0259\u00e7isi Anar M\u0259mm\u0259dlinin d\u0259rhal azad olunmas\u0131n\u0131 t\u0259l\u0259b edib - MEYDAN.TV\" \/>\n<meta property=\"og:description\" content=\"Avropa \u015euras\u0131 Parlament Assambleyas\u0131n\u0131n (PACE) siyasi m\u0259hbuslar \u00fczr\u0259 ba\u015f m\u0259ruz\u0259\u00e7isi ... Davam\u0131\" \/>\n<meta property=\"og:url\" content=\"https:\/\/www.meydan.tv\/az\/article\/aspa-m%c9%99ruz%c9%99cisi-anar-m%c9%99mm%c9%99dlinin-d%c9%99rhal-azad-olunmasini-t%c9%99l%c9%99b-edib\/\" \/>\n<meta property=\"og:site_name\" content=\"MEYDAN.TV\" \/>\n<meta property=\"article:published_time\" content=\"2026-04-29T12:34:24+00:00\" \/>\n<meta property=\"article:modified_time\" content=\"2026-04-29T12:34:26+00:00\" \/>\n<meta property=\"og:image\" content=\"https:\/\/www.meydan.tv\/wp-content\/uploads\/anar_memmedli-scaled-e1714391983460.jpg\" \/>\n\t<meta property=\"og:image:width\" content=\"2560\" \/>\n\t<meta property=\"og:image:height\" content=\"1314\" \/>\n\t<meta property=\"og:image:type\" content=\"image\/jpeg\" \/>\n<meta name=\"author\" content=\"mahmud\" \/>\n<meta name=\"twitter:card\" content=\"summary_large_image\" \/>\n<script type=\"application\/ld+json\" class=\"yoast-schema-graph\">{\"@context\":\"https:\\\/\\\/schema.org\",\"@graph\":[{\"@type\":\"Article\",\"@id\":\"https:\\\/\\\/www.meydan.tv\\\/az\\\/article\\\/aspa-m%c9%99ruz%c9%99cisi-anar-m%c9%99mm%c9%99dlinin-d%c9%99rhal-azad-olunmasini-t%c9%99l%c9%99b-edib\\\/#article\",\"isPartOf\":{\"@id\":\"https:\\\/\\\/www.meydan.tv\\\/az\\\/article\\\/aspa-m%c9%99ruz%c9%99cisi-anar-m%c9%99mm%c9%99dlinin-d%c9%99rhal-azad-olunmasini-t%c9%99l%c9%99b-edib\\\/\"},\"author\":{\"name\":\"mahmud\",\"@id\":\"https:\\\/\\\/www.meydan.tv\\\/az\\\/#\\\/schema\\\/person\\\/09863e516102a829e72bedcf3f84c6b0\"},\"headline\":\"A\u015ePA m\u0259ruz\u0259\u00e7isi Anar M\u0259mm\u0259dlinin d\u0259rhal azad olunmas\u0131n\u0131 t\u0259l\u0259b edib\",\"datePublished\":\"2026-04-29T12:34:24+00:00\",\"dateModified\":\"2026-04-29T12:34:26+00:00\",\"mainEntityOfPage\":{\"@id\":\"https:\\\/\\\/www.meydan.tv\\\/az\\\/article\\\/aspa-m%c9%99ruz%c9%99cisi-anar-m%c9%99mm%c9%99dlinin-d%c9%99rhal-azad-olunmasini-t%c9%99l%c9%99b-edib\\\/\"},\"wordCount\":546,\"publisher\":{\"@id\":\"https:\\\/\\\/www.meydan.tv\\\/az\\\/#organization\"},\"image\":{\"@id\":\"https:\\\/\\\/www.meydan.tv\\\/az\\\/article\\\/aspa-m%c9%99ruz%c9%99cisi-anar-m%c9%99mm%c9%99dlinin-d%c9%99rhal-azad-olunmasini-t%c9%99l%c9%99b-edib\\\/#primaryimage\"},\"thumbnailUrl\":\"https:\\\/\\\/www.meydan.tv\\\/wp-content\\\/uploads\\\/anar_memmedli-scaled-e1714391983460.jpg\",\"articleSection\":[\"Siyas\u0259t\",\"T\u00f6vsiy\u0259\",\"X\u0259b\u0259rl\u0259r\"],\"inLanguage\":\"az\"},{\"@type\":\"WebPage\",\"@id\":\"https:\\\/\\\/www.meydan.tv\\\/az\\\/article\\\/aspa-m%c9%99ruz%c9%99cisi-anar-m%c9%99mm%c9%99dlinin-d%c9%99rhal-azad-olunmasini-t%c9%99l%c9%99b-edib\\\/\",\"url\":\"https:\\\/\\\/www.meydan.tv\\\/az\\\/article\\\/aspa-m%c9%99ruz%c9%99cisi-anar-m%c9%99mm%c9%99dlinin-d%c9%99rhal-azad-olunmasini-t%c9%99l%c9%99b-edib\\\/\",\"name\":\"A\u015ePA m\u0259ruz\u0259\u00e7isi Anar M\u0259mm\u0259dlinin d\u0259rhal azad olunmas\u0131n\u0131 t\u0259l\u0259b edib - MEYDAN.TV\",\"isPartOf\":{\"@id\":\"https:\\\/\\\/www.meydan.tv\\\/az\\\/#website\"},\"primaryImageOfPage\":{\"@id\":\"https:\\\/\\\/www.meydan.tv\\\/az\\\/article\\\/aspa-m%c9%99ruz%c9%99cisi-anar-m%c9%99mm%c9%99dlinin-d%c9%99rhal-azad-olunmasini-t%c9%99l%c9%99b-edib\\\/#primaryimage\"},\"image\":{\"@id\":\"https:\\\/\\\/www.meydan.tv\\\/az\\\/article\\\/aspa-m%c9%99ruz%c9%99cisi-anar-m%c9%99mm%c9%99dlinin-d%c9%99rhal-azad-olunmasini-t%c9%99l%c9%99b-edib\\\/#primaryimage\"},\"thumbnailUrl\":\"https:\\\/\\\/www.meydan.tv\\\/wp-content\\\/uploads\\\/anar_memmedli-scaled-e1714391983460.jpg\",\"datePublished\":\"2026-04-29T12:34:24+00:00\",\"dateModified\":\"2026-04-29T12:34:26+00:00\",\"breadcrumb\":{\"@id\":\"https:\\\/\\\/www.meydan.tv\\\/az\\\/article\\\/aspa-m%c9%99ruz%c9%99cisi-anar-m%c9%99mm%c9%99dlinin-d%c9%99rhal-azad-olunmasini-t%c9%99l%c9%99b-edib\\\/#breadcrumb\"},\"inLanguage\":\"az\",\"potentialAction\":[{\"@type\":\"ReadAction\",\"target\":[\"https:\\\/\\\/www.meydan.tv\\\/az\\\/article\\\/aspa-m%c9%99ruz%c9%99cisi-anar-m%c9%99mm%c9%99dlinin-d%c9%99rhal-azad-olunmasini-t%c9%99l%c9%99b-edib\\\/\"]}]},{\"@type\":\"ImageObject\",\"inLanguage\":\"az\",\"@id\":\"https:\\\/\\\/www.meydan.tv\\\/az\\\/article\\\/aspa-m%c9%99ruz%c9%99cisi-anar-m%c9%99mm%c9%99dlinin-d%c9%99rhal-azad-olunmasini-t%c9%99l%c9%99b-edib\\\/#primaryimage\",\"url\":\"https:\\\/\\\/www.meydan.tv\\\/wp-content\\\/uploads\\\/anar_memmedli-scaled-e1714391983460.jpg\",\"contentUrl\":\"https:\\\/\\\/www.meydan.tv\\\/wp-content\\\/uploads\\\/anar_memmedli-scaled-e1714391983460.jpg\",\"width\":2560,\"height\":1314,\"caption\":\"Anar M\u0259mm\u0259dli. \u0130ll\u00fcstrasiya: Meydan TV\"},{\"@type\":\"BreadcrumbList\",\"@id\":\"https:\\\/\\\/www.meydan.tv\\\/az\\\/article\\\/aspa-m%c9%99ruz%c9%99cisi-anar-m%c9%99mm%c9%99dlinin-d%c9%99rhal-azad-olunmasini-t%c9%99l%c9%99b-edib\\\/#breadcrumb\",\"itemListElement\":[{\"@type\":\"ListItem\",\"position\":1,\"name\":\"Ana s\u0259hif\u0259\",\"item\":\"https:\\\/\\\/www.meydan.tv\\\/az\\\/\"},{\"@type\":\"ListItem\",\"position\":2,\"name\":\"Siyas\u0259t\",\"item\":\"https:\\\/\\\/www.meydan.tv\\\/az\\\/section\\\/siyaset\\\/\"},{\"@type\":\"ListItem\",\"position\":3,\"name\":\"A\u015ePA m\u0259ruz\u0259\u00e7isi Anar M\u0259mm\u0259dlinin d\u0259rhal azad olunmas\u0131n\u0131 t\u0259l\u0259b edib\"}]},{\"@type\":\"WebSite\",\"@id\":\"https:\\\/\\\/www.meydan.tv\\\/az\\\/#website\",\"url\":\"https:\\\/\\\/www.meydan.tv\\\/az\\\/\",\"name\":\"MEYDAN.TV\",\"description\":\"Meydan TV Az\u0259rbaycan\u0131n media m\u0259kan\u0131ndak\u0131 alternativ s\u0259sidir\",\"publisher\":{\"@id\":\"https:\\\/\\\/www.meydan.tv\\\/az\\\/#organization\"},\"potentialAction\":[{\"@type\":\"SearchAction\",\"target\":{\"@type\":\"EntryPoint\",\"urlTemplate\":\"https:\\\/\\\/www.meydan.tv\\\/az\\\/?s={search_term_string}\"},\"query-input\":{\"@type\":\"PropertyValueSpecification\",\"valueRequired\":true,\"valueName\":\"search_term_string\"}}],\"inLanguage\":\"az\"},{\"@type\":\"Organization\",\"@id\":\"https:\\\/\\\/www.meydan.tv\\\/az\\\/#organization\",\"name\":\"Meydan TV\",\"url\":\"https:\\\/\\\/www.meydan.tv\\\/az\\\/\",\"logo\":{\"@type\":\"ImageObject\",\"inLanguage\":\"az\",\"@id\":\"https:\\\/\\\/www.meydan.tv\\\/az\\\/#\\\/schema\\\/logo\\\/image\\\/\",\"url\":\"https:\\\/\\\/www.meydan.tv\\\/wp-content\\\/uploads\\\/2021\\\/07\\\/meydan-logo.svg\",\"contentUrl\":\"https:\\\/\\\/www.meydan.tv\\\/wp-content\\\/uploads\\\/2021\\\/07\\\/meydan-logo.svg\",\"width\":195,\"height\":46,\"caption\":\"Meydan TV\"},\"image\":{\"@id\":\"https:\\\/\\\/www.meydan.tv\\\/az\\\/#\\\/schema\\\/logo\\\/image\\\/\"}},{\"@type\":\"Person\",\"@id\":\"https:\\\/\\\/www.meydan.tv\\\/az\\\/#\\\/schema\\\/person\\\/09863e516102a829e72bedcf3f84c6b0\",\"name\":\"mahmud\"}]}<\/script>\n<!-- \/ Yoast SEO plugin. -->","yoast_head_json":{"title":"A\u015ePA m\u0259ruz\u0259\u00e7isi Anar M\u0259mm\u0259dlinin d\u0259rhal azad olunmas\u0131n\u0131 t\u0259l\u0259b edib - MEYDAN.TV","robots":{"index":"index","follow":"follow","max-snippet":"max-snippet:-1","max-image-preview":"max-image-preview:large","max-video-preview":"max-video-preview:-1"},"canonical":"https:\/\/www.meydan.tv\/az\/article\/aspa-m%c9%99ruz%c9%99cisi-anar-m%c9%99mm%c9%99dlinin-d%c9%99rhal-azad-olunmasini-t%c9%99l%c9%99b-edib\/","og_locale":"az_AZ","og_type":"article","og_title":"A\u015ePA m\u0259ruz\u0259\u00e7isi Anar M\u0259mm\u0259dlinin d\u0259rhal azad olunmas\u0131n\u0131 t\u0259l\u0259b edib - MEYDAN.TV","og_description":"Avropa \u015euras\u0131 Parlament Assambleyas\u0131n\u0131n (PACE) siyasi m\u0259hbuslar \u00fczr\u0259 ba\u015f m\u0259ruz\u0259\u00e7isi ... Davam\u0131","og_url":"https:\/\/www.meydan.tv\/az\/article\/aspa-m%c9%99ruz%c9%99cisi-anar-m%c9%99mm%c9%99dlinin-d%c9%99rhal-azad-olunmasini-t%c9%99l%c9%99b-edib\/","og_site_name":"MEYDAN.TV","article_published_time":"2026-04-29T12:34:24+00:00","article_modified_time":"2026-04-29T12:34:26+00:00","og_image":[{"width":2560,"height":1314,"url":"https:\/\/www.meydan.tv\/wp-content\/uploads\/anar_memmedli-scaled-e1714391983460.jpg","type":"image\/jpeg"}],"author":"mahmud","twitter_card":"summary_large_image","schema":{"@context":"https:\/\/schema.org","@graph":[{"@type":"Article","@id":"https:\/\/www.meydan.tv\/az\/article\/aspa-m%c9%99ruz%c9%99cisi-anar-m%c9%99mm%c9%99dlinin-d%c9%99rhal-azad-olunmasini-t%c9%99l%c9%99b-edib\/#article","isPartOf":{"@id":"https:\/\/www.meydan.tv\/az\/article\/aspa-m%c9%99ruz%c9%99cisi-anar-m%c9%99mm%c9%99dlinin-d%c9%99rhal-azad-olunmasini-t%c9%99l%c9%99b-edib\/"},"author":{"name":"mahmud","@id":"https:\/\/www.meydan.tv\/az\/#\/schema\/person\/09863e516102a829e72bedcf3f84c6b0"},"headline":"A\u015ePA m\u0259ruz\u0259\u00e7isi Anar M\u0259mm\u0259dlinin d\u0259rhal azad olunmas\u0131n\u0131 t\u0259l\u0259b edib","datePublished":"2026-04-29T12:34:24+00:00","dateModified":"2026-04-29T12:34:26+00:00","mainEntityOfPage":{"@id":"https:\/\/www.meydan.tv\/az\/article\/aspa-m%c9%99ruz%c9%99cisi-anar-m%c9%99mm%c9%99dlinin-d%c9%99rhal-azad-olunmasini-t%c9%99l%c9%99b-edib\/"},"wordCount":546,"publisher":{"@id":"https:\/\/www.meydan.tv\/az\/#organization"},"image":{"@id":"https:\/\/www.meydan.tv\/az\/article\/aspa-m%c9%99ruz%c9%99cisi-anar-m%c9%99mm%c9%99dlinin-d%c9%99rhal-azad-olunmasini-t%c9%99l%c9%99b-edib\/#primaryimage"},"thumbnailUrl":"https:\/\/www.meydan.tv\/wp-content\/uploads\/anar_memmedli-scaled-e1714391983460.jpg","articleSection":["Siyas\u0259t","T\u00f6vsiy\u0259","X\u0259b\u0259rl\u0259r"],"inLanguage":"az"},{"@type":"WebPage","@id":"https:\/\/www.meydan.tv\/az\/article\/aspa-m%c9%99ruz%c9%99cisi-anar-m%c9%99mm%c9%99dlinin-d%c9%99rhal-azad-olunmasini-t%c9%99l%c9%99b-edib\/","url":"https:\/\/www.meydan.tv\/az\/article\/aspa-m%c9%99ruz%c9%99cisi-anar-m%c9%99mm%c9%99dlinin-d%c9%99rhal-azad-olunmasini-t%c9%99l%c9%99b-edib\/","name":"A\u015ePA m\u0259ruz\u0259\u00e7isi Anar M\u0259mm\u0259dlinin d\u0259rhal azad olunmas\u0131n\u0131 t\u0259l\u0259b edib - MEYDAN.TV","isPartOf":{"@id":"https:\/\/www.meydan.tv\/az\/#website"},"primaryImageOfPage":{"@id":"https:\/\/www.meydan.tv\/az\/article\/aspa-m%c9%99ruz%c9%99cisi-anar-m%c9%99mm%c9%99dlinin-d%c9%99rhal-azad-olunmasini-t%c9%99l%c9%99b-edib\/#primaryimage"},"image":{"@id":"https:\/\/www.meydan.tv\/az\/article\/aspa-m%c9%99ruz%c9%99cisi-anar-m%c9%99mm%c9%99dlinin-d%c9%99rhal-azad-olunmasini-t%c9%99l%c9%99b-edib\/#primaryimage"},"thumbnailUrl":"https:\/\/www.meydan.tv\/wp-content\/uploads\/anar_memmedli-scaled-e1714391983460.jpg","datePublished":"2026-04-29T12:34:24+00:00","dateModified":"2026-04-29T12:34:26+00:00","breadcrumb":{"@id":"https:\/\/www.meydan.tv\/az\/article\/aspa-m%c9%99ruz%c9%99cisi-anar-m%c9%99mm%c9%99dlinin-d%c9%99rhal-azad-olunmasini-t%c9%99l%c9%99b-edib\/#breadcrumb"},"inLanguage":"az","potentialAction":[{"@type":"ReadAction","target":["https:\/\/www.meydan.tv\/az\/article\/aspa-m%c9%99ruz%c9%99cisi-anar-m%c9%99mm%c9%99dlinin-d%c9%99rhal-azad-olunmasini-t%c9%99l%c9%99b-edib\/"]}]},{"@type":"ImageObject","inLanguage":"az","@id":"https:\/\/www.meydan.tv\/az\/article\/aspa-m%c9%99ruz%c9%99cisi-anar-m%c9%99mm%c9%99dlinin-d%c9%99rhal-azad-olunmasini-t%c9%99l%c9%99b-edib\/#primaryimage","url":"https:\/\/www.meydan.tv\/wp-content\/uploads\/anar_memmedli-scaled-e1714391983460.jpg","contentUrl":"https:\/\/www.meydan.tv\/wp-content\/uploads\/anar_memmedli-scaled-e1714391983460.jpg","width":2560,"height":1314,"caption":"Anar M\u0259mm\u0259dli. \u0130ll\u00fcstrasiya: Meydan TV"},{"@type":"BreadcrumbList","@id":"https:\/\/www.meydan.tv\/az\/article\/aspa-m%c9%99ruz%c9%99cisi-anar-m%c9%99mm%c9%99dlinin-d%c9%99rhal-azad-olunmasini-t%c9%99l%c9%99b-edib\/#breadcrumb","itemListElement":[{"@type":"ListItem","position":1,"name":"Ana s\u0259hif\u0259","item":"https:\/\/www.meydan.tv\/az\/"},{"@type":"ListItem","position":2,"name":"Siyas\u0259t","item":"https:\/\/www.meydan.tv\/az\/section\/siyaset\/"},{"@type":"ListItem","position":3,"name":"A\u015ePA m\u0259ruz\u0259\u00e7isi Anar M\u0259mm\u0259dlinin d\u0259rhal azad olunmas\u0131n\u0131 t\u0259l\u0259b edib"}]},{"@type":"WebSite","@id":"https:\/\/www.meydan.tv\/az\/#website","url":"https:\/\/www.meydan.tv\/az\/","name":"MEYDAN.TV","description":"Meydan TV Az\u0259rbaycan\u0131n media m\u0259kan\u0131ndak\u0131 alternativ s\u0259sidir","publisher":{"@id":"https:\/\/www.meydan.tv\/az\/#organization"},"potentialAction":[{"@type":"SearchAction","target":{"@type":"EntryPoint","urlTemplate":"https:\/\/www.meydan.tv\/az\/?s={search_term_string}"},"query-input":{"@type":"PropertyValueSpecification","valueRequired":true,"valueName":"search_term_string"}}],"inLanguage":"az"},{"@type":"Organization","@id":"https:\/\/www.meydan.tv\/az\/#organization","name":"Meydan TV","url":"https:\/\/www.meydan.tv\/az\/","logo":{"@type":"ImageObject","inLanguage":"az","@id":"https:\/\/www.meydan.tv\/az\/#\/schema\/logo\/image\/","url":"https:\/\/www.meydan.tv\/wp-content\/uploads\/2021\/07\/meydan-logo.svg","contentUrl":"https:\/\/www.meydan.tv\/wp-content\/uploads\/2021\/07\/meydan-logo.svg","width":195,"height":46,"caption":"Meydan TV"},"image":{"@id":"https:\/\/www.meydan.tv\/az\/#\/schema\/logo\/image\/"}},{"@type":"Person","@id":"https:\/\/www.meydan.tv\/az\/#\/schema\/person\/09863e516102a829e72bedcf3f84c6b0","name":"mahmud"}]}},"_links":{"self":[{"href":"https:\/\/www.meydan.tv\/az\/wp-json\/wp\/v2\/posts\/344441","targetHints":{"allow":["GET"]}}],"collection":[{"href":"https:\/\/www.meydan.tv\/az\/wp-json\/wp\/v2\/posts"}],"about":[{"href":"https:\/\/www.meydan.tv\/az\/wp-json\/wp\/v2\/types\/post"}],"author":[{"embeddable":true,"href":"https:\/\/www.meydan.tv\/az\/wp-json\/wp\/v2\/users\/21"}],"replies":[{"embeddable":true,"href":"https:\/\/www.meydan.tv\/az\/wp-json\/wp\/v2\/comments?post=344441"}],"version-history":[{"count":1,"href":"https:\/\/www.meydan.tv\/az\/wp-json\/wp\/v2\/posts\/344441\/revisions"}],"predecessor-version":[{"id":344442,"href":"https:\/\/www.meydan.tv\/az\/wp-json\/wp\/v2\/posts\/344441\/revisions\/344442"}],"wp:featuredmedia":[{"embeddable":true,"href":"https:\/\/www.meydan.tv\/az\/wp-json\/wp\/v2\/media\/210070"}],"wp:attachment":[{"href":"https:\/\/www.meydan.tv\/az\/wp-json\/wp\/v2\/media?parent=344441"}],"wp:term":[{"taxonomy":"category","embeddable":true,"href":"https:\/\/www.meydan.tv\/az\/wp-json\/wp\/v2\/categories?post=344441"},{"taxonomy":"post_tag","embeddable":true,"href":"https:\/\/www.meydan.tv\/az\/wp-json\/wp\/v2\/tags?post=344441"}],"curies":[{"name":"wp","href":"https:\/\/api.w.org\/{rel}","templated":true}]}}