{"id":344439,"date":"2026-04-29T15:34:26","date_gmt":"2026-04-29T11:34:26","guid":{"rendered":"https:\/\/www.meydan.tv\/?p=344439"},"modified":"2026-04-29T16:43:53","modified_gmt":"2026-04-29T12:43:53","slug":"imran-eliyev-m%c9%99hk%c9%99m%c9%99d%c9%99-ona-veril%c9%99n-isg%c9%99nc%c9%99l%c9%99r-bar%c9%99d%c9%99-danisib","status":"publish","type":"post","link":"https:\/\/www.meydan.tv\/az\/article\/imran-eliyev-m%c9%99hk%c9%99m%c9%99d%c9%99-ona-veril%c9%99n-isg%c9%99nc%c9%99l%c9%99r-bar%c9%99d%c9%99-danisib\/","title":{"rendered":"\u0130mran \u018fliyev m\u0259hk\u0259m\u0259d\u0259 ona veril\u0259n i\u015fg\u0259nc\u0259l\u0259r bar\u0259d\u0259 dan\u0131\u015f\u0131b"},"content":{"rendered":"\n<p>Aprelin 28-d\u0259 Bak\u0131 A\u011f\u0131r Cinay\u0259tl\u0259r M\u0259hk\u0259m\u0259sind\u0259 \u201cmeclis.info i\u015fi\u201d \u00fczr\u0259 n\u00f6vb\u0259ti m\u0259hk\u0259m\u0259 prosesi ke\u00e7irilib. Prosesd\u0259 t\u0259qsirl\u0259ndiril\u0259n \u0130mran \u018fliyev, polis n\u0259zar\u0259tind\u0259 saxlan\u0131lan Elgiz Q\u0259hr\u0259man v\u0259 Tamella Musayeva i\u015ftirak edibl\u0259r.<\/p>\n\n\n\n<p>Proses\u0259 hakim Roman \u018fliyev s\u0259drlik edib.<\/p>\n\n\n\n<p>M\u0259hk\u0259m\u0259d\u0259 t\u0259qsirl\u0259ndiril\u0259n \u0130mran \u018fliyev s\u0259rb\u0259st ifad\u0259 verib.<\/p>\n\n\n\n<p>\u0130mran \u018fliyev \u00e7\u0131x\u0131\u015f\u0131nda sayt\u0131n f\u0259aliyy\u0259ti haqq\u0131nda m\u0259lumat verib. O bildirib ki, bir s\u0131ra t\u0259\u015fkilatlardan maliyy\u0259 d\u0259st\u0259yi al\u0131b v\u0259 vergi \u00f6d\u0259yicisi olub.<\/p>\n\n\n\n<p><em>\u201cSayt\u0131n f\u0259alliyy\u0259ti beyn\u0259lxalq t\u0259\u015fkilatlarla \u0259m\u0259kda\u015fl\u0131q hal\u0131nda ba\u015f tutub. Bu d\u00f6vrd\u0259 \u201cGerman Mar\u015fal Fondu\u201d, USA\u0130D v\u0259 AB\u015e S\u0259firliyind\u0259n maliyy\u0259 d\u0259st\u0259yi alm\u0131\u015fam. F\u0259aliyy\u0259t g\u00f6st\u0259rdiyim 3 il \u0259rzind\u0259 V\u00d6EN \u0259sas\u0131nda vergi \u00f6d\u0259mi\u015f\u0259m\u201d, <\/em>&#8211; dey\u0259 \u0130mran \u018fliyev \u00e7\u0131x\u0131\u015f\u0131nda bildirib.<\/p>\n\n\n\n<p>Atas\u0131 Ba\u011f\u0131r \u018fliyev Meydan TV-y\u0259 deyib ki, o\u011flu \u00e7\u0131x\u0131\u015f\u0131nda m\u0259ruz qald\u0131\u011f\u0131 zorak\u0131l\u0131q hallar\u0131ndan da dan\u0131\u015f\u0131b. \u0130mran \u018fliyev bildirib ki, saxlan\u0131ld\u0131\u011f\u0131 g\u00fcn i\u015fg\u0259nc\u0259y\u0259 m\u0259ruz qal\u0131b:<\/p>\n\n\n\n<p><em>\u201cHava liman\u0131n\u0131n \u0259razisind\u0259n m\u0259ni zorla \u00e7\u0131xar\u0131b Bak\u0131 \u015e\u0259h\u0259r Ba\u015f Polis \u0130dar\u0259sin\u0259 apard\u0131lar. H\u0259m yol boyu, h\u0259m d\u0259 idar\u0259d\u0259 olark\u0259n ba\u015f\u0131ma qara torba ke\u00e7irilib v\u0259 fiziki zorak\u0131l\u0131\u011fa m\u0259ruz qalm\u0131\u015fam\u201d.&nbsp;<\/em><\/p>\n\n\n\n<p>\u0130mran \u018fliyevin s\u00f6zl\u0259rin\u0259 g\u00f6r\u0259, To\u011frul H\u00fcseynov v\u0259 Samir \u0130smay\u0131lov adl\u0131 \u015f\u0259xs ona i\u015fg\u0259nc\u0259 edil\u0259n otaqda telefon v\u0259 komp\u00fcterin \u015fifr\u0259l\u0259rini ist\u0259yib, buna raz\u0131 olmad\u0131qda is\u0259 yenid\u0259n zorak\u0131l\u0131\u011fa m\u0259ruz qal\u0131b, b\u0259d\u0259nin\u0259 tok verilib.<\/p>\n\n\n\n<p><em>\u201c\u0130\u015fg\u0259nc\u0259 veril\u0259n zaman otaqda m\u00fcst\u0259ntiq To\u011frul H\u00fcseynov v\u0259 Samir \u0130smay\u0131lov var idi. Onlar arabir ba\u015f\u0131mdak\u0131 torban\u0131 \u00e7\u0131xar\u0131b s\u0259n\u0259dl\u0259r\u0259 imza atma\u011f\u0131m\u0131 t\u0259l\u0259b edirdil\u0259r. B\u00fct\u00fcn bunlar v\u0259kilim olmadan ba\u015f verirdi. S\u0259n\u0259dl\u0259rl\u0259 tan\u0131\u015f olmaq ist\u0259y\u0259nd\u0259 is\u0259 m\u0259n\u0259 tok verib, \u015fill\u0259-yumruq vurur v\u0259 \u2018gecdir, ev\u0259 getm\u0259liyik\u2019 dey\u0259r\u0259k t\u0259l\u0259sdirirdil\u0259r\u201d.<\/em><\/p>\n\n\n\n<p>\u018fliyev deyir ki, Bak\u0131 \u015e\u0259h\u0259r Ba\u015f Polis \u0130dar\u0259sind\u0259 v\u0259 saxlan\u0131ld\u0131\u011f\u0131 1 sayl\u0131 Bak\u0131 \u0130stintaq T\u0259cridxanas\u0131nda ondan zorak\u0131l\u0131q hallar\u0131 v\u0259 tok verilm\u0259si bar\u0259d\u0259 susmaq t\u0259l\u0259b olunub.&nbsp;<\/p>\n\n\n\n<p>\u0130mran \u018fliyev proses zaman\u0131 d\u00f6vl\u0259t ittiham\u00e7\u0131s\u0131n\u0131n suallar\u0131n\u0131 cavabland\u0131rmaqdan imtina edib.&nbsp;<\/p>\n\n\n\n<p>Bundan ba\u015fqa f\u0259al\u0131n atas\u0131 Ba\u011f\u0131r \u018fliyev deyir ki, o\u011flunun s\u0259hh\u0259tind\u0259 ciddi probleml\u0259r var v\u0259 MRT m\u00fcayin\u0259si laz\u0131md\u0131r. Lakin 3 aydan \u00e7oxdur ki, onlar bu m\u00fcayin\u0259d\u0259n ke\u00e7\u0259 bilmirl\u0259r.&nbsp;<\/p>\n\n\n\n<p><em>\u201c\u0130mran\u0131n iki ildir belind\u0259 ciddi a\u011fr\u0131lar\u0131 var v\u0259 b\u00fct\u00fcn m\u0259hk\u0259m\u0259l\u0259r\u0259 d\u0259 a\u011fr\u0131 k\u0259sici iyn\u0259 vurduraraq g\u0259lir. Belind\u0259 qrijas\u0131 yaran\u0131b. Bunun \u00fc\u00e7\u00fcn MRT m\u00fcayin\u0259si t\u0259l\u0259b etmi\u015fik. T\u0259cridxanada MRT aparat\u0131 olmad\u0131\u011f\u0131ndan poliklinikaya y\u00f6nl\u0259ndirdil\u0259r. Poliklinikadan da deyirl\u0259r ki, t\u0259cridxanadan icaz\u0259 almaq laz\u0131md\u0131r. H\u0259r iki qurum bir birinin \u00fcst\u00fcn\u0259 at\u0131r v\u0259 3 ayd\u0131r ki, bir n\u0259tic\u0259 ala bilmirik\u201d<\/em>, &#8211; dey\u0259 Ba\u011f\u0131r \u018fliyev bildirib. &nbsp;<\/p>\n\n\n\n<p>Ba\u011f\u0131r \u018fliyev h\u0259m\u00e7inin qeyd edib ki, m\u0259hk\u0259m\u0259d\u0259 \u0130mran \u018fliyev zorak\u0131l\u0131q g\u00f6st\u0259r\u0259n \u015f\u0259xsl\u0259rin m\u0259suliyy\u0259t\u0259 c\u0259lb olunmas\u0131 v\u0259 bu i\u015fd\u0259 olan s\u0259s v\u0259 video g\u00f6r\u00fcnt\u00fcl\u0259rl\u0259 tan\u0131\u015f olmas\u0131 bar\u0259d\u0259 v\u0259sat\u0259tl\u0259r qald\u0131r\u0131l\u0131b.&nbsp;<\/p>\n\n\n\n<p>M\u0259hk\u0259m\u0259 v\u0259sat\u0259tl\u0259rd\u0259n birini &#8211; s\u0259s v\u0259 g\u00f6r\u00fcnt\u00fcl\u0259rl\u0259 ba\u011fl\u0131 v\u0259sat\u0259ti t\u0259min edib.<\/p>\n\n\n\n<p>\u0130mran \u018fliyev 2024-c\u00fc il aprelin 19-da saxlan\u0131l\u0131b.<\/p>\n\n\n\n<p>Elgiz Q\u0259hr\u0259man v\u0259 Tamella Musayeva is\u0259 daha sonra bu i\u015f \u00fczr\u0259 t\u0259qsirl\u0259ndiril\u0259n \u015f\u0259xs qismind\u0259 tan\u0131n\u0131b v\u0259 onlar\u0131n bar\u0259sind\u0259 polis n\u0259zar\u0259ti alt\u0131nda q\u0259timkan t\u0259dbiri se\u00e7ilib.<\/p>\n\n\n\n<p>Onlara qar\u015f\u0131 Cinay\u0259t M\u0259c\u0259ll\u0259sinin 192.2.2 (k\u00fclli miqdarda g\u0259lir \u0259ld\u0259 etm\u0259kl\u0259 qanunsuz sahibkarl\u0131q), 192.2.3 (m\u00fct\u0259\u015f\u0259kkil d\u0259st\u0259 t\u0259r\u0259find\u0259n t\u00f6r\u0259dildikd\u0259), 193-1.3.1 (cinay\u0259t yolu il\u0259 \u0259ld\u0259 edilmi\u015f \u0259mlak\u0131 leqalla\u015fd\u0131rma), 193-1.3.2 (xeyli miqdarda t\u00f6r\u0259dildikd\u0259), 206.4 (m\u00fct\u0259\u015f\u0259kkil d\u0259st\u0259 t\u0259r\u0259find\u0259n qa\u00e7aqmal\u00e7\u0131l\u0131q), 213.2.1 (vergid\u0259n yay\u0131nma \u2013 m\u00fct\u0259\u015f\u0259kkil d\u0259st\u0259 t\u0259r\u0259find\u0259n t\u00f6r\u0259dildikd\u0259), 320.1 (s\u0259n\u0259d saxtala\u015fd\u0131rma), 320.2 (saxta s\u0259n\u0259dl\u0259rd\u0259n istifad\u0259 etm\u0259) madd\u0259l\u0259ri il\u0259 ittiham ir\u0259li s\u00fcr\u00fcl\u00fcb.<\/p>\n\n\n\n<p>\u0130mran \u018fliyev ittihamlar\u0131 r\u0259dd edir, Milli M\u0259clisin v\u0259 deputatlar\u0131n f\u0259aliyy\u0259tini ara\u015fd\u0131rd\u0131\u011f\u0131na v\u0259 bu istiqam\u0259td\u0259 f\u0259aliyy\u0259t g\u00f6st\u0259r\u0259n \u201cmeclis.info\u201d sayt\u0131na r\u0259hb\u0259rlik etdiyin\u0259 g\u00f6r\u0259 c\u0259zaland\u0131r\u0131ld\u0131\u011f\u0131n\u0131 deyir.<\/p>\n","protected":false},"excerpt":{"rendered":"<p>Aprelin 28-d\u0259 Bak\u0131 A\u011f\u0131r Cinay\u0259tl\u0259r M\u0259hk\u0259m\u0259sind\u0259 \u201cmeclis.info i\u015fi\u201d \u00fczr\u0259 n\u00f6vb\u0259ti &#8230; <\/p>\n<p class=\"read-more-container\"><a title=\"\u0130mran \u018fliyev m\u0259hk\u0259m\u0259d\u0259 ona veril\u0259n i\u015fg\u0259nc\u0259l\u0259r bar\u0259d\u0259 dan\u0131\u015f\u0131b\" class=\"read-more button\" href=\"https:\/\/www.meydan.tv\/az\/article\/imran-eliyev-m%c9%99hk%c9%99m%c9%99d%c9%99-ona-veril%c9%99n-isg%c9%99nc%c9%99l%c9%99r-bar%c9%99d%c9%99-danisib\/#more-344439\" aria-label=\"Read more about \u0130mran \u018fliyev m\u0259hk\u0259m\u0259d\u0259 ona veril\u0259n i\u015fg\u0259nc\u0259l\u0259r bar\u0259d\u0259 dan\u0131\u015f\u0131b\">Davam\u0131<\/a><\/p>\n","protected":false},"author":21,"featured_media":303666,"comment_status":"closed","ping_status":"closed","sticky":false,"template":"","format":"standard","meta":{"_acf_changed":false,"_sitemap_exclude":false,"_sitemap_priority":"","_sitemap_frequency":"","footnotes":""},"categories":[59,79,56],"tags":[],"class_list":["post-344439","post","type-post","status-publish","format-standard","has-post-thumbnail","hentry","category-siyaset","category-featured","category-xeberler","infinite-scroll-item","generate-columns","tablet-grid-50","mobile-grid-100","grid-parent","grid-33","no-featured-image-padding"],"acf":[],"yoast_head":"<!-- This site is optimized with the Yoast SEO plugin v27.5 - https:\/\/yoast.com\/product\/yoast-seo-wordpress\/ -->\n<title>\u0130mran \u018fliyev m\u0259hk\u0259m\u0259d\u0259 ona veril\u0259n i\u015fg\u0259nc\u0259l\u0259r bar\u0259d\u0259 dan\u0131\u015f\u0131b - MEYDAN.TV<\/title>\n<meta name=\"robots\" content=\"index, follow, max-snippet:-1, max-image-preview:large, max-video-preview:-1\" \/>\n<link rel=\"canonical\" href=\"https:\/\/www.meydan.tv\/az\/article\/imran-eliyev-m%c9%99hk%c9%99m%c9%99d%c9%99-ona-veril%c9%99n-isg%c9%99nc%c9%99l%c9%99r-bar%c9%99d%c9%99-danisib\/\" \/>\n<meta property=\"og:locale\" content=\"az_AZ\" \/>\n<meta property=\"og:type\" content=\"article\" \/>\n<meta property=\"og:title\" content=\"\u0130mran \u018fliyev m\u0259hk\u0259m\u0259d\u0259 ona veril\u0259n i\u015fg\u0259nc\u0259l\u0259r bar\u0259d\u0259 dan\u0131\u015f\u0131b - MEYDAN.TV\" \/>\n<meta property=\"og:description\" content=\"Aprelin 28-d\u0259 Bak\u0131 A\u011f\u0131r Cinay\u0259tl\u0259r M\u0259hk\u0259m\u0259sind\u0259 \u201cmeclis.info i\u015fi\u201d \u00fczr\u0259 n\u00f6vb\u0259ti ... Davam\u0131\" \/>\n<meta property=\"og:url\" content=\"https:\/\/www.meydan.tv\/az\/article\/imran-eliyev-m%c9%99hk%c9%99m%c9%99d%c9%99-ona-veril%c9%99n-isg%c9%99nc%c9%99l%c9%99r-bar%c9%99d%c9%99-danisib\/\" \/>\n<meta property=\"og:site_name\" content=\"MEYDAN.TV\" \/>\n<meta property=\"article:published_time\" content=\"2026-04-29T11:34:26+00:00\" \/>\n<meta property=\"article:modified_time\" content=\"2026-04-29T12:43:53+00:00\" \/>\n<meta property=\"og:image\" content=\"https:\/\/www.meydan.tv\/wp-content\/uploads\/screenshot-2024-04-18-at-19.36.53-e1713466846789.png\" \/>\n\t<meta property=\"og:image:width\" content=\"1184\" \/>\n\t<meta property=\"og:image:height\" content=\"428\" \/>\n\t<meta property=\"og:image:type\" content=\"image\/png\" \/>\n<meta name=\"author\" content=\"mahmud\" \/>\n<meta name=\"twitter:card\" content=\"summary_large_image\" \/>\n<script type=\"application\/ld+json\" class=\"yoast-schema-graph\">{\"@context\":\"https:\\\/\\\/schema.org\",\"@graph\":[{\"@type\":\"Article\",\"@id\":\"https:\\\/\\\/www.meydan.tv\\\/az\\\/article\\\/imran-eliyev-m%c9%99hk%c9%99m%c9%99d%c9%99-ona-veril%c9%99n-isg%c9%99nc%c9%99l%c9%99r-bar%c9%99d%c9%99-danisib\\\/#article\",\"isPartOf\":{\"@id\":\"https:\\\/\\\/www.meydan.tv\\\/az\\\/article\\\/imran-eliyev-m%c9%99hk%c9%99m%c9%99d%c9%99-ona-veril%c9%99n-isg%c9%99nc%c9%99l%c9%99r-bar%c9%99d%c9%99-danisib\\\/\"},\"author\":{\"name\":\"mahmud\",\"@id\":\"https:\\\/\\\/www.meydan.tv\\\/az\\\/#\\\/schema\\\/person\\\/09863e516102a829e72bedcf3f84c6b0\"},\"headline\":\"\u0130mran \u018fliyev m\u0259hk\u0259m\u0259d\u0259 ona veril\u0259n i\u015fg\u0259nc\u0259l\u0259r bar\u0259d\u0259 dan\u0131\u015f\u0131b\",\"datePublished\":\"2026-04-29T11:34:26+00:00\",\"dateModified\":\"2026-04-29T12:43:53+00:00\",\"mainEntityOfPage\":{\"@id\":\"https:\\\/\\\/www.meydan.tv\\\/az\\\/article\\\/imran-eliyev-m%c9%99hk%c9%99m%c9%99d%c9%99-ona-veril%c9%99n-isg%c9%99nc%c9%99l%c9%99r-bar%c9%99d%c9%99-danisib\\\/\"},\"wordCount\":865,\"publisher\":{\"@id\":\"https:\\\/\\\/www.meydan.tv\\\/az\\\/#organization\"},\"image\":{\"@id\":\"https:\\\/\\\/www.meydan.tv\\\/az\\\/article\\\/imran-eliyev-m%c9%99hk%c9%99m%c9%99d%c9%99-ona-veril%c9%99n-isg%c9%99nc%c9%99l%c9%99r-bar%c9%99d%c9%99-danisib\\\/#primaryimage\"},\"thumbnailUrl\":\"https:\\\/\\\/www.meydan.tv\\\/wp-content\\\/uploads\\\/screenshot-2024-04-18-at-19.36.53-e1713466846789.png\",\"articleSection\":[\"Siyas\u0259t\",\"T\u00f6vsiy\u0259\",\"X\u0259b\u0259rl\u0259r\"],\"inLanguage\":\"az\"},{\"@type\":\"WebPage\",\"@id\":\"https:\\\/\\\/www.meydan.tv\\\/az\\\/article\\\/imran-eliyev-m%c9%99hk%c9%99m%c9%99d%c9%99-ona-veril%c9%99n-isg%c9%99nc%c9%99l%c9%99r-bar%c9%99d%c9%99-danisib\\\/\",\"url\":\"https:\\\/\\\/www.meydan.tv\\\/az\\\/article\\\/imran-eliyev-m%c9%99hk%c9%99m%c9%99d%c9%99-ona-veril%c9%99n-isg%c9%99nc%c9%99l%c9%99r-bar%c9%99d%c9%99-danisib\\\/\",\"name\":\"\u0130mran \u018fliyev m\u0259hk\u0259m\u0259d\u0259 ona veril\u0259n i\u015fg\u0259nc\u0259l\u0259r bar\u0259d\u0259 dan\u0131\u015f\u0131b - MEYDAN.TV\",\"isPartOf\":{\"@id\":\"https:\\\/\\\/www.meydan.tv\\\/az\\\/#website\"},\"primaryImageOfPage\":{\"@id\":\"https:\\\/\\\/www.meydan.tv\\\/az\\\/article\\\/imran-eliyev-m%c9%99hk%c9%99m%c9%99d%c9%99-ona-veril%c9%99n-isg%c9%99nc%c9%99l%c9%99r-bar%c9%99d%c9%99-danisib\\\/#primaryimage\"},\"image\":{\"@id\":\"https:\\\/\\\/www.meydan.tv\\\/az\\\/article\\\/imran-eliyev-m%c9%99hk%c9%99m%c9%99d%c9%99-ona-veril%c9%99n-isg%c9%99nc%c9%99l%c9%99r-bar%c9%99d%c9%99-danisib\\\/#primaryimage\"},\"thumbnailUrl\":\"https:\\\/\\\/www.meydan.tv\\\/wp-content\\\/uploads\\\/screenshot-2024-04-18-at-19.36.53-e1713466846789.png\",\"datePublished\":\"2026-04-29T11:34:26+00:00\",\"dateModified\":\"2026-04-29T12:43:53+00:00\",\"breadcrumb\":{\"@id\":\"https:\\\/\\\/www.meydan.tv\\\/az\\\/article\\\/imran-eliyev-m%c9%99hk%c9%99m%c9%99d%c9%99-ona-veril%c9%99n-isg%c9%99nc%c9%99l%c9%99r-bar%c9%99d%c9%99-danisib\\\/#breadcrumb\"},\"inLanguage\":\"az\",\"potentialAction\":[{\"@type\":\"ReadAction\",\"target\":[\"https:\\\/\\\/www.meydan.tv\\\/az\\\/article\\\/imran-eliyev-m%c9%99hk%c9%99m%c9%99d%c9%99-ona-veril%c9%99n-isg%c9%99nc%c9%99l%c9%99r-bar%c9%99d%c9%99-danisib\\\/\"]}]},{\"@type\":\"ImageObject\",\"inLanguage\":\"az\",\"@id\":\"https:\\\/\\\/www.meydan.tv\\\/az\\\/article\\\/imran-eliyev-m%c9%99hk%c9%99m%c9%99d%c9%99-ona-veril%c9%99n-isg%c9%99nc%c9%99l%c9%99r-bar%c9%99d%c9%99-danisib\\\/#primaryimage\",\"url\":\"https:\\\/\\\/www.meydan.tv\\\/wp-content\\\/uploads\\\/screenshot-2024-04-18-at-19.36.53-e1713466846789.png\",\"contentUrl\":\"https:\\\/\\\/www.meydan.tv\\\/wp-content\\\/uploads\\\/screenshot-2024-04-18-at-19.36.53-e1713466846789.png\",\"width\":1184,\"height\":428,\"caption\":\"Foto: \u0130mran \u018fliyevin \u015f\u0259xsi arxivind\u0259n\"},{\"@type\":\"BreadcrumbList\",\"@id\":\"https:\\\/\\\/www.meydan.tv\\\/az\\\/article\\\/imran-eliyev-m%c9%99hk%c9%99m%c9%99d%c9%99-ona-veril%c9%99n-isg%c9%99nc%c9%99l%c9%99r-bar%c9%99d%c9%99-danisib\\\/#breadcrumb\",\"itemListElement\":[{\"@type\":\"ListItem\",\"position\":1,\"name\":\"Ana s\u0259hif\u0259\",\"item\":\"https:\\\/\\\/www.meydan.tv\\\/az\\\/\"},{\"@type\":\"ListItem\",\"position\":2,\"name\":\"Siyas\u0259t\",\"item\":\"https:\\\/\\\/www.meydan.tv\\\/az\\\/section\\\/siyaset\\\/\"},{\"@type\":\"ListItem\",\"position\":3,\"name\":\"\u0130mran \u018fliyev m\u0259hk\u0259m\u0259d\u0259 ona veril\u0259n i\u015fg\u0259nc\u0259l\u0259r bar\u0259d\u0259 dan\u0131\u015f\u0131b\"}]},{\"@type\":\"WebSite\",\"@id\":\"https:\\\/\\\/www.meydan.tv\\\/az\\\/#website\",\"url\":\"https:\\\/\\\/www.meydan.tv\\\/az\\\/\",\"name\":\"MEYDAN.TV\",\"description\":\"Meydan TV Az\u0259rbaycan\u0131n media m\u0259kan\u0131ndak\u0131 alternativ s\u0259sidir\",\"publisher\":{\"@id\":\"https:\\\/\\\/www.meydan.tv\\\/az\\\/#organization\"},\"potentialAction\":[{\"@type\":\"SearchAction\",\"target\":{\"@type\":\"EntryPoint\",\"urlTemplate\":\"https:\\\/\\\/www.meydan.tv\\\/az\\\/?s={search_term_string}\"},\"query-input\":{\"@type\":\"PropertyValueSpecification\",\"valueRequired\":true,\"valueName\":\"search_term_string\"}}],\"inLanguage\":\"az\"},{\"@type\":\"Organization\",\"@id\":\"https:\\\/\\\/www.meydan.tv\\\/az\\\/#organization\",\"name\":\"Meydan TV\",\"url\":\"https:\\\/\\\/www.meydan.tv\\\/az\\\/\",\"logo\":{\"@type\":\"ImageObject\",\"inLanguage\":\"az\",\"@id\":\"https:\\\/\\\/www.meydan.tv\\\/az\\\/#\\\/schema\\\/logo\\\/image\\\/\",\"url\":\"https:\\\/\\\/www.meydan.tv\\\/wp-content\\\/uploads\\\/2021\\\/07\\\/meydan-logo.svg\",\"contentUrl\":\"https:\\\/\\\/www.meydan.tv\\\/wp-content\\\/uploads\\\/2021\\\/07\\\/meydan-logo.svg\",\"width\":195,\"height\":46,\"caption\":\"Meydan TV\"},\"image\":{\"@id\":\"https:\\\/\\\/www.meydan.tv\\\/az\\\/#\\\/schema\\\/logo\\\/image\\\/\"}},{\"@type\":\"Person\",\"@id\":\"https:\\\/\\\/www.meydan.tv\\\/az\\\/#\\\/schema\\\/person\\\/09863e516102a829e72bedcf3f84c6b0\",\"name\":\"mahmud\"}]}<\/script>\n<!-- \/ Yoast SEO plugin. -->","yoast_head_json":{"title":"\u0130mran \u018fliyev m\u0259hk\u0259m\u0259d\u0259 ona veril\u0259n i\u015fg\u0259nc\u0259l\u0259r bar\u0259d\u0259 dan\u0131\u015f\u0131b - MEYDAN.TV","robots":{"index":"index","follow":"follow","max-snippet":"max-snippet:-1","max-image-preview":"max-image-preview:large","max-video-preview":"max-video-preview:-1"},"canonical":"https:\/\/www.meydan.tv\/az\/article\/imran-eliyev-m%c9%99hk%c9%99m%c9%99d%c9%99-ona-veril%c9%99n-isg%c9%99nc%c9%99l%c9%99r-bar%c9%99d%c9%99-danisib\/","og_locale":"az_AZ","og_type":"article","og_title":"\u0130mran \u018fliyev m\u0259hk\u0259m\u0259d\u0259 ona veril\u0259n i\u015fg\u0259nc\u0259l\u0259r bar\u0259d\u0259 dan\u0131\u015f\u0131b - MEYDAN.TV","og_description":"Aprelin 28-d\u0259 Bak\u0131 A\u011f\u0131r Cinay\u0259tl\u0259r M\u0259hk\u0259m\u0259sind\u0259 \u201cmeclis.info i\u015fi\u201d \u00fczr\u0259 n\u00f6vb\u0259ti ... Davam\u0131","og_url":"https:\/\/www.meydan.tv\/az\/article\/imran-eliyev-m%c9%99hk%c9%99m%c9%99d%c9%99-ona-veril%c9%99n-isg%c9%99nc%c9%99l%c9%99r-bar%c9%99d%c9%99-danisib\/","og_site_name":"MEYDAN.TV","article_published_time":"2026-04-29T11:34:26+00:00","article_modified_time":"2026-04-29T12:43:53+00:00","og_image":[{"width":1184,"height":428,"url":"https:\/\/www.meydan.tv\/wp-content\/uploads\/screenshot-2024-04-18-at-19.36.53-e1713466846789.png","type":"image\/png"}],"author":"mahmud","twitter_card":"summary_large_image","schema":{"@context":"https:\/\/schema.org","@graph":[{"@type":"Article","@id":"https:\/\/www.meydan.tv\/az\/article\/imran-eliyev-m%c9%99hk%c9%99m%c9%99d%c9%99-ona-veril%c9%99n-isg%c9%99nc%c9%99l%c9%99r-bar%c9%99d%c9%99-danisib\/#article","isPartOf":{"@id":"https:\/\/www.meydan.tv\/az\/article\/imran-eliyev-m%c9%99hk%c9%99m%c9%99d%c9%99-ona-veril%c9%99n-isg%c9%99nc%c9%99l%c9%99r-bar%c9%99d%c9%99-danisib\/"},"author":{"name":"mahmud","@id":"https:\/\/www.meydan.tv\/az\/#\/schema\/person\/09863e516102a829e72bedcf3f84c6b0"},"headline":"\u0130mran \u018fliyev m\u0259hk\u0259m\u0259d\u0259 ona veril\u0259n i\u015fg\u0259nc\u0259l\u0259r bar\u0259d\u0259 dan\u0131\u015f\u0131b","datePublished":"2026-04-29T11:34:26+00:00","dateModified":"2026-04-29T12:43:53+00:00","mainEntityOfPage":{"@id":"https:\/\/www.meydan.tv\/az\/article\/imran-eliyev-m%c9%99hk%c9%99m%c9%99d%c9%99-ona-veril%c9%99n-isg%c9%99nc%c9%99l%c9%99r-bar%c9%99d%c9%99-danisib\/"},"wordCount":865,"publisher":{"@id":"https:\/\/www.meydan.tv\/az\/#organization"},"image":{"@id":"https:\/\/www.meydan.tv\/az\/article\/imran-eliyev-m%c9%99hk%c9%99m%c9%99d%c9%99-ona-veril%c9%99n-isg%c9%99nc%c9%99l%c9%99r-bar%c9%99d%c9%99-danisib\/#primaryimage"},"thumbnailUrl":"https:\/\/www.meydan.tv\/wp-content\/uploads\/screenshot-2024-04-18-at-19.36.53-e1713466846789.png","articleSection":["Siyas\u0259t","T\u00f6vsiy\u0259","X\u0259b\u0259rl\u0259r"],"inLanguage":"az"},{"@type":"WebPage","@id":"https:\/\/www.meydan.tv\/az\/article\/imran-eliyev-m%c9%99hk%c9%99m%c9%99d%c9%99-ona-veril%c9%99n-isg%c9%99nc%c9%99l%c9%99r-bar%c9%99d%c9%99-danisib\/","url":"https:\/\/www.meydan.tv\/az\/article\/imran-eliyev-m%c9%99hk%c9%99m%c9%99d%c9%99-ona-veril%c9%99n-isg%c9%99nc%c9%99l%c9%99r-bar%c9%99d%c9%99-danisib\/","name":"\u0130mran \u018fliyev m\u0259hk\u0259m\u0259d\u0259 ona veril\u0259n i\u015fg\u0259nc\u0259l\u0259r bar\u0259d\u0259 dan\u0131\u015f\u0131b - MEYDAN.TV","isPartOf":{"@id":"https:\/\/www.meydan.tv\/az\/#website"},"primaryImageOfPage":{"@id":"https:\/\/www.meydan.tv\/az\/article\/imran-eliyev-m%c9%99hk%c9%99m%c9%99d%c9%99-ona-veril%c9%99n-isg%c9%99nc%c9%99l%c9%99r-bar%c9%99d%c9%99-danisib\/#primaryimage"},"image":{"@id":"https:\/\/www.meydan.tv\/az\/article\/imran-eliyev-m%c9%99hk%c9%99m%c9%99d%c9%99-ona-veril%c9%99n-isg%c9%99nc%c9%99l%c9%99r-bar%c9%99d%c9%99-danisib\/#primaryimage"},"thumbnailUrl":"https:\/\/www.meydan.tv\/wp-content\/uploads\/screenshot-2024-04-18-at-19.36.53-e1713466846789.png","datePublished":"2026-04-29T11:34:26+00:00","dateModified":"2026-04-29T12:43:53+00:00","breadcrumb":{"@id":"https:\/\/www.meydan.tv\/az\/article\/imran-eliyev-m%c9%99hk%c9%99m%c9%99d%c9%99-ona-veril%c9%99n-isg%c9%99nc%c9%99l%c9%99r-bar%c9%99d%c9%99-danisib\/#breadcrumb"},"inLanguage":"az","potentialAction":[{"@type":"ReadAction","target":["https:\/\/www.meydan.tv\/az\/article\/imran-eliyev-m%c9%99hk%c9%99m%c9%99d%c9%99-ona-veril%c9%99n-isg%c9%99nc%c9%99l%c9%99r-bar%c9%99d%c9%99-danisib\/"]}]},{"@type":"ImageObject","inLanguage":"az","@id":"https:\/\/www.meydan.tv\/az\/article\/imran-eliyev-m%c9%99hk%c9%99m%c9%99d%c9%99-ona-veril%c9%99n-isg%c9%99nc%c9%99l%c9%99r-bar%c9%99d%c9%99-danisib\/#primaryimage","url":"https:\/\/www.meydan.tv\/wp-content\/uploads\/screenshot-2024-04-18-at-19.36.53-e1713466846789.png","contentUrl":"https:\/\/www.meydan.tv\/wp-content\/uploads\/screenshot-2024-04-18-at-19.36.53-e1713466846789.png","width":1184,"height":428,"caption":"Foto: \u0130mran \u018fliyevin \u015f\u0259xsi arxivind\u0259n"},{"@type":"BreadcrumbList","@id":"https:\/\/www.meydan.tv\/az\/article\/imran-eliyev-m%c9%99hk%c9%99m%c9%99d%c9%99-ona-veril%c9%99n-isg%c9%99nc%c9%99l%c9%99r-bar%c9%99d%c9%99-danisib\/#breadcrumb","itemListElement":[{"@type":"ListItem","position":1,"name":"Ana s\u0259hif\u0259","item":"https:\/\/www.meydan.tv\/az\/"},{"@type":"ListItem","position":2,"name":"Siyas\u0259t","item":"https:\/\/www.meydan.tv\/az\/section\/siyaset\/"},{"@type":"ListItem","position":3,"name":"\u0130mran \u018fliyev m\u0259hk\u0259m\u0259d\u0259 ona veril\u0259n i\u015fg\u0259nc\u0259l\u0259r bar\u0259d\u0259 dan\u0131\u015f\u0131b"}]},{"@type":"WebSite","@id":"https:\/\/www.meydan.tv\/az\/#website","url":"https:\/\/www.meydan.tv\/az\/","name":"MEYDAN.TV","description":"Meydan TV Az\u0259rbaycan\u0131n media m\u0259kan\u0131ndak\u0131 alternativ s\u0259sidir","publisher":{"@id":"https:\/\/www.meydan.tv\/az\/#organization"},"potentialAction":[{"@type":"SearchAction","target":{"@type":"EntryPoint","urlTemplate":"https:\/\/www.meydan.tv\/az\/?s={search_term_string}"},"query-input":{"@type":"PropertyValueSpecification","valueRequired":true,"valueName":"search_term_string"}}],"inLanguage":"az"},{"@type":"Organization","@id":"https:\/\/www.meydan.tv\/az\/#organization","name":"Meydan TV","url":"https:\/\/www.meydan.tv\/az\/","logo":{"@type":"ImageObject","inLanguage":"az","@id":"https:\/\/www.meydan.tv\/az\/#\/schema\/logo\/image\/","url":"https:\/\/www.meydan.tv\/wp-content\/uploads\/2021\/07\/meydan-logo.svg","contentUrl":"https:\/\/www.meydan.tv\/wp-content\/uploads\/2021\/07\/meydan-logo.svg","width":195,"height":46,"caption":"Meydan TV"},"image":{"@id":"https:\/\/www.meydan.tv\/az\/#\/schema\/logo\/image\/"}},{"@type":"Person","@id":"https:\/\/www.meydan.tv\/az\/#\/schema\/person\/09863e516102a829e72bedcf3f84c6b0","name":"mahmud"}]}},"_links":{"self":[{"href":"https:\/\/www.meydan.tv\/az\/wp-json\/wp\/v2\/posts\/344439","targetHints":{"allow":["GET"]}}],"collection":[{"href":"https:\/\/www.meydan.tv\/az\/wp-json\/wp\/v2\/posts"}],"about":[{"href":"https:\/\/www.meydan.tv\/az\/wp-json\/wp\/v2\/types\/post"}],"author":[{"embeddable":true,"href":"https:\/\/www.meydan.tv\/az\/wp-json\/wp\/v2\/users\/21"}],"replies":[{"embeddable":true,"href":"https:\/\/www.meydan.tv\/az\/wp-json\/wp\/v2\/comments?post=344439"}],"version-history":[{"count":2,"href":"https:\/\/www.meydan.tv\/az\/wp-json\/wp\/v2\/posts\/344439\/revisions"}],"predecessor-version":[{"id":344443,"href":"https:\/\/www.meydan.tv\/az\/wp-json\/wp\/v2\/posts\/344439\/revisions\/344443"}],"wp:featuredmedia":[{"embeddable":true,"href":"https:\/\/www.meydan.tv\/az\/wp-json\/wp\/v2\/media\/303666"}],"wp:attachment":[{"href":"https:\/\/www.meydan.tv\/az\/wp-json\/wp\/v2\/media?parent=344439"}],"wp:term":[{"taxonomy":"category","embeddable":true,"href":"https:\/\/www.meydan.tv\/az\/wp-json\/wp\/v2\/categories?post=344439"},{"taxonomy":"post_tag","embeddable":true,"href":"https:\/\/www.meydan.tv\/az\/wp-json\/wp\/v2\/tags?post=344439"}],"curies":[{"name":"wp","href":"https:\/\/api.w.org\/{rel}","templated":true}]}}