{"id":344437,"date":"2026-04-28T19:49:23","date_gmt":"2026-04-28T15:49:23","guid":{"rendered":"https:\/\/www.meydan.tv\/?p=344437"},"modified":"2026-04-28T19:49:27","modified_gmt":"2026-04-28T15:49:27","slug":"avropa-m%c9%99hk%c9%99m%c9%99si-gult%c9%99kin-hacib%c9%99yli-il%c9%99-bagli-az%c9%99rbaycan-hokum%c9%99tin%c9%99-sorgu-gond%c9%99rib","status":"publish","type":"post","link":"https:\/\/www.meydan.tv\/az\/article\/avropa-m%c9%99hk%c9%99m%c9%99si-gult%c9%99kin-hacib%c9%99yli-il%c9%99-bagli-az%c9%99rbaycan-hokum%c9%99tin%c9%99-sorgu-gond%c9%99rib\/","title":{"rendered":"Avropa M\u0259hk\u0259m\u0259si G\u00fclt\u0259kin Hac\u0131b\u0259yli il\u0259 ba\u011fl\u0131 Az\u0259rbaycan h\u00f6kum\u0259tin\u0259 sor\u011fu g\u00f6nd\u0259rib\u00a0"},"content":{"rendered":"\n<p>Avropa \u0130nsan H\u00fcquqlar\u0131 M\u0259hk\u0259m\u0259si (A\u0130HM) Milli \u015euran\u0131n Koordinasiya \u015euras\u0131n\u0131n \u00fczv\u00fc G\u00fclt\u0259kin Hac\u0131b\u0259ylinin xarici diplomatlarla s\u00f6hb\u0259tinin dinl\u0259nilm\u0259si, h\u0259m\u00e7inin telefon dan\u0131\u015f\u0131qlar\u0131n\u0131n televiziyada yay\u0131lmas\u0131 il\u0259 ba\u011fl\u0131 Az\u0259rbaycan h\u00f6kum\u0259tin\u0259 sor\u011fu g\u00f6nd\u0259rib.\u00a0<\/p>\n\n\n\n<p>Sor\u011fuda Hac\u0131b\u0259ylinin \u015f\u0259xsi h\u0259yat\u0131n\u0131n toxunulmazl\u0131\u011f\u0131, m\u0259hk\u0259m\u0259l\u0259r\u0259 \u00e7at\u0131ml\u0131l\u0131\u011f\u0131ndan b\u0259hs edil\u0259n suallar \u00fcnvanlan\u0131b.<\/p>\n\n\n\n<p>Bu bar\u0259d\u0259 Azadl\u0131qRadiosu m\u0259lumat yay\u0131b.<\/p>\n\n\n\n<p>G\u00fclt\u0259kin Hac\u0131b\u0259yli Avropa M\u0259hk\u0259m\u0259sin\u0259 t\u0259qdim etdiyi \u0259riz\u0259d\u0259 bildirib ki, onun Avropa \u0130nsan H\u00fcquqlar\u0131 Konvensiyas\u0131n\u0131n 6-c\u0131 (\u0259dal\u0259tli m\u0259hk\u0259m\u0259 ara\u015fd\u0131rmas\u0131), 8-ci (\u015f\u0259xsi v\u0259 ail\u0259 h\u0259yat\u0131na h\u00f6rm\u0259t), 10-cu (ifad\u0259 azadl\u0131\u011f\u0131) v\u0259 18-ci (h\u00fcquqlar\u0131n siyasi v\u0259 ya gizli m\u0259qs\u0259dl\u0259rl\u0259 m\u0259hdudla\u015fd\u0131r\u0131lmas\u0131n\u0131n qada\u011fan olunmas\u0131) madd\u0259l\u0259ri il\u0259 qorunan h\u00fcquqlar\u0131 pozulub.<\/p>\n\n\n\n<p>O, m\u00fcraci\u0259tind\u0259 qeyd edib ki, 2019-cu il oktyabr\u0131n 8-d\u0259 beyn\u0259lxalq t\u0259\u015fkilatlardan birinin \u0259m\u0259kda\u015f\u0131 il\u0259 restoranda ke\u00e7irdiyi g\u00f6r\u00fc\u015f zaman\u0131 apar\u0131lan s\u00f6hb\u0259t, h\u0259m\u00e7inin oktyabr\u0131n 19-da Az\u0259rbaycandak\u0131 s\u0259firlik \u0259m\u0259kda\u015f\u0131 il\u0259 telefon dan\u0131\u015f\u0131\u011f\u0131 gizli \u015f\u0259kild\u0259 qeyd\u0259 al\u0131n\u0131b v\u0259 bu s\u0259s yaz\u0131lar\u0131 oktyabr\u0131n 20-d\u0259 televiziya efirind\u0259 yay\u0131mlan\u0131b. Hac\u0131b\u0259yli vur\u011fulay\u0131b ki, qanunsuz izl\u0259m\u0259, dinl\u0259m\u0259 v\u0259 materiallar\u0131n yay\u0131lmas\u0131 il\u0259 ba\u011fl\u0131 m\u0259sul \u015f\u0259xsl\u0259rin m\u00fc\u0259yy\u0259nl\u0259\u015fdirilm\u0259si v\u0259 cinay\u0259t m\u0259suliyy\u0259tin\u0259 c\u0259lb olunmas\u0131 t\u0259l\u0259bi il\u0259 Ba\u015f Prokurorlu\u011fa m\u00fcraci\u0259t ets\u0259 d\u0259, bu add\u0131m h\u0259r hans\u0131 n\u0259tic\u0259 verm\u0259yib.<\/p>\n\n\n\n<p>Hac\u0131b\u0259yli \u00f6lk\u0259daxili m\u0259hk\u0259m\u0259 m\u0259rh\u0259l\u0259l\u0259rini ba\u015fa vurduqdan sonra Avropa \u0130nsan H\u00fcquqlar\u0131 M\u0259hk\u0259m\u0259sin\u0259 \u00fcz tutub. A\u0130HM-n\u0259 t\u0259qdim etdiyi \u015fikay\u0259td\u0259 o, d\u00f6vl\u0259t qurumlar\u0131n\u0131n dan\u0131\u015f\u0131qlar\u0131n\u0131 qanunsuz dinl\u0259diyini, gizli \u015f\u0259kild\u0259 qeyd\u0259 ald\u0131\u011f\u0131n\u0131 v\u0259 bu materiallar\u0131 jurnalist Mir\u015fahin A\u011fayev\u0259 \u00f6t\u00fcrd\u00fcy\u00fcn\u00fc ir\u0259li s\u00fcr\u00fcr.\u00a0<br><br>2019-cu il oktyabr\u0131n 20-d\u0259 &#8220;Real TV&#8221; kanal\u0131nda G.Hac\u0131b\u0259ylinin AB\u015e s\u0259firliyi v\u0259 Avropa \u0130ttifaq\u0131n\u0131n Az\u0259rbaycandak\u0131 n\u00fcmay\u0259nd\u0259liyinin diplomatlar\u0131 il\u0259 telefon dan\u0131\u015f\u0131\u011f\u0131n\u0131 v\u0259 g\u00f6r\u00fc\u015f\u00fcn\u00fcn s\u0259s yaz\u0131lar\u0131 yay\u0131mlan\u0131b. Bu kanala istinad ed\u0259n bir \u00e7ox ba\u015fqa media orqanlar\u0131 da h\u0259min s\u0259s yaz\u0131lar\u0131n\u0131 tirajlay\u0131b. Bir m\u00fcdd\u0259t sonra &#8220;Real TV&#8221; s\u0259s yaz\u0131lar\u0131 yay\u0131lan verili\u015fi &#8220;Youtube&#8221; platformas\u0131ndan silib. H\u0259min verili\u015fd\u0259 M.A\u011fayev AB\u015e-ni Az\u0259rbaycan\u0131n daxili i\u015fl\u0259rin\u0259 qar\u0131\u015fmaqda su\u00e7lam\u0131\u015f, G.Hac\u0131b\u0259ylini &#8220;casus&#8221; adland\u0131rm\u0131\u015fd\u0131.<\/p>\n\n\n\n<p>Ard\u0131ndan AB\u015e s\u0259firliyi b\u0259yanat yayaraq Az\u0259rbaycanda sabitliyi pozmaqda maraql\u0131 olmas\u0131 haqda ittihamlar\u0131n yalan v\u0259 absurd oldu\u011funu b\u0259yan etmi\u015fdi.&nbsp;<\/p>\n","protected":false},"excerpt":{"rendered":"<p>Avropa \u0130nsan H\u00fcquqlar\u0131 M\u0259hk\u0259m\u0259si (A\u0130HM) Milli \u015euran\u0131n Koordinasiya \u015euras\u0131n\u0131n \u00fczv\u00fc &#8230; <\/p>\n<p class=\"read-more-container\"><a title=\"Avropa M\u0259hk\u0259m\u0259si G\u00fclt\u0259kin Hac\u0131b\u0259yli il\u0259 ba\u011fl\u0131 Az\u0259rbaycan h\u00f6kum\u0259tin\u0259 sor\u011fu g\u00f6nd\u0259rib\u00a0\" class=\"read-more button\" href=\"https:\/\/www.meydan.tv\/az\/article\/avropa-m%c9%99hk%c9%99m%c9%99si-gult%c9%99kin-hacib%c9%99yli-il%c9%99-bagli-az%c9%99rbaycan-hokum%c9%99tin%c9%99-sorgu-gond%c9%99rib\/#more-344437\" aria-label=\"Read more about Avropa M\u0259hk\u0259m\u0259si G\u00fclt\u0259kin Hac\u0131b\u0259yli il\u0259 ba\u011fl\u0131 Az\u0259rbaycan h\u00f6kum\u0259tin\u0259 sor\u011fu g\u00f6nd\u0259rib\u00a0\">Davam\u0131<\/a><\/p>\n","protected":false},"author":21,"featured_media":338592,"comment_status":"closed","ping_status":"closed","sticky":false,"template":"","format":"standard","meta":{"_acf_changed":false,"_sitemap_exclude":false,"_sitemap_priority":"","_sitemap_frequency":"","footnotes":""},"categories":[59,79,56],"tags":[],"class_list":["post-344437","post","type-post","status-publish","format-standard","has-post-thumbnail","hentry","category-siyaset","category-featured","category-xeberler","infinite-scroll-item","generate-columns","tablet-grid-50","mobile-grid-100","grid-parent","grid-33","no-featured-image-padding"],"acf":[],"yoast_head":"<!-- This site is optimized with the Yoast SEO plugin v27.5 - https:\/\/yoast.com\/product\/yoast-seo-wordpress\/ -->\n<title>Avropa M\u0259hk\u0259m\u0259si G\u00fclt\u0259kin Hac\u0131b\u0259yli il\u0259 ba\u011fl\u0131 Az\u0259rbaycan h\u00f6kum\u0259tin\u0259 sor\u011fu g\u00f6nd\u0259rib\u00a0 - MEYDAN.TV<\/title>\n<meta name=\"robots\" content=\"index, follow, max-snippet:-1, max-image-preview:large, max-video-preview:-1\" \/>\n<link rel=\"canonical\" href=\"https:\/\/www.meydan.tv\/az\/article\/avropa-m%c9%99hk%c9%99m%c9%99si-gult%c9%99kin-hacib%c9%99yli-il%c9%99-bagli-az%c9%99rbaycan-hokum%c9%99tin%c9%99-sorgu-gond%c9%99rib\/\" \/>\n<meta property=\"og:locale\" content=\"az_AZ\" \/>\n<meta property=\"og:type\" content=\"article\" \/>\n<meta property=\"og:title\" content=\"Avropa M\u0259hk\u0259m\u0259si G\u00fclt\u0259kin Hac\u0131b\u0259yli il\u0259 ba\u011fl\u0131 Az\u0259rbaycan h\u00f6kum\u0259tin\u0259 sor\u011fu g\u00f6nd\u0259rib\u00a0 - MEYDAN.TV\" \/>\n<meta property=\"og:description\" content=\"Avropa \u0130nsan H\u00fcquqlar\u0131 M\u0259hk\u0259m\u0259si (A\u0130HM) Milli \u015euran\u0131n Koordinasiya \u015euras\u0131n\u0131n \u00fczv\u00fc ... Davam\u0131\" \/>\n<meta property=\"og:url\" content=\"https:\/\/www.meydan.tv\/az\/article\/avropa-m%c9%99hk%c9%99m%c9%99si-gult%c9%99kin-hacib%c9%99yli-il%c9%99-bagli-az%c9%99rbaycan-hokum%c9%99tin%c9%99-sorgu-gond%c9%99rib\/\" \/>\n<meta property=\"og:site_name\" content=\"MEYDAN.TV\" \/>\n<meta property=\"article:published_time\" content=\"2026-04-28T15:49:23+00:00\" \/>\n<meta property=\"article:modified_time\" content=\"2026-04-28T15:49:27+00:00\" \/>\n<meta property=\"og:image\" content=\"https:\/\/www.meydan.tv\/wp-content\/uploads\/4555.png\" \/>\n\t<meta property=\"og:image:width\" content=\"1920\" \/>\n\t<meta property=\"og:image:height\" content=\"938\" \/>\n\t<meta property=\"og:image:type\" content=\"image\/png\" \/>\n<meta name=\"author\" content=\"mahmud\" \/>\n<meta name=\"twitter:card\" content=\"summary_large_image\" \/>\n<script type=\"application\/ld+json\" class=\"yoast-schema-graph\">{\"@context\":\"https:\\\/\\\/schema.org\",\"@graph\":[{\"@type\":\"Article\",\"@id\":\"https:\\\/\\\/www.meydan.tv\\\/az\\\/article\\\/avropa-m%c9%99hk%c9%99m%c9%99si-gult%c9%99kin-hacib%c9%99yli-il%c9%99-bagli-az%c9%99rbaycan-hokum%c9%99tin%c9%99-sorgu-gond%c9%99rib\\\/#article\",\"isPartOf\":{\"@id\":\"https:\\\/\\\/www.meydan.tv\\\/az\\\/article\\\/avropa-m%c9%99hk%c9%99m%c9%99si-gult%c9%99kin-hacib%c9%99yli-il%c9%99-bagli-az%c9%99rbaycan-hokum%c9%99tin%c9%99-sorgu-gond%c9%99rib\\\/\"},\"author\":{\"name\":\"mahmud\",\"@id\":\"https:\\\/\\\/www.meydan.tv\\\/az\\\/#\\\/schema\\\/person\\\/09863e516102a829e72bedcf3f84c6b0\"},\"headline\":\"Avropa M\u0259hk\u0259m\u0259si G\u00fclt\u0259kin Hac\u0131b\u0259yli il\u0259 ba\u011fl\u0131 Az\u0259rbaycan h\u00f6kum\u0259tin\u0259 sor\u011fu g\u00f6nd\u0259rib\u00a0\",\"datePublished\":\"2026-04-28T15:49:23+00:00\",\"dateModified\":\"2026-04-28T15:49:27+00:00\",\"mainEntityOfPage\":{\"@id\":\"https:\\\/\\\/www.meydan.tv\\\/az\\\/article\\\/avropa-m%c9%99hk%c9%99m%c9%99si-gult%c9%99kin-hacib%c9%99yli-il%c9%99-bagli-az%c9%99rbaycan-hokum%c9%99tin%c9%99-sorgu-gond%c9%99rib\\\/\"},\"wordCount\":529,\"publisher\":{\"@id\":\"https:\\\/\\\/www.meydan.tv\\\/az\\\/#organization\"},\"image\":{\"@id\":\"https:\\\/\\\/www.meydan.tv\\\/az\\\/article\\\/avropa-m%c9%99hk%c9%99m%c9%99si-gult%c9%99kin-hacib%c9%99yli-il%c9%99-bagli-az%c9%99rbaycan-hokum%c9%99tin%c9%99-sorgu-gond%c9%99rib\\\/#primaryimage\"},\"thumbnailUrl\":\"https:\\\/\\\/www.meydan.tv\\\/wp-content\\\/uploads\\\/4555.png\",\"articleSection\":[\"Siyas\u0259t\",\"T\u00f6vsiy\u0259\",\"X\u0259b\u0259rl\u0259r\"],\"inLanguage\":\"az\"},{\"@type\":\"WebPage\",\"@id\":\"https:\\\/\\\/www.meydan.tv\\\/az\\\/article\\\/avropa-m%c9%99hk%c9%99m%c9%99si-gult%c9%99kin-hacib%c9%99yli-il%c9%99-bagli-az%c9%99rbaycan-hokum%c9%99tin%c9%99-sorgu-gond%c9%99rib\\\/\",\"url\":\"https:\\\/\\\/www.meydan.tv\\\/az\\\/article\\\/avropa-m%c9%99hk%c9%99m%c9%99si-gult%c9%99kin-hacib%c9%99yli-il%c9%99-bagli-az%c9%99rbaycan-hokum%c9%99tin%c9%99-sorgu-gond%c9%99rib\\\/\",\"name\":\"Avropa M\u0259hk\u0259m\u0259si G\u00fclt\u0259kin Hac\u0131b\u0259yli il\u0259 ba\u011fl\u0131 Az\u0259rbaycan h\u00f6kum\u0259tin\u0259 sor\u011fu g\u00f6nd\u0259rib\u00a0 - MEYDAN.TV\",\"isPartOf\":{\"@id\":\"https:\\\/\\\/www.meydan.tv\\\/az\\\/#website\"},\"primaryImageOfPage\":{\"@id\":\"https:\\\/\\\/www.meydan.tv\\\/az\\\/article\\\/avropa-m%c9%99hk%c9%99m%c9%99si-gult%c9%99kin-hacib%c9%99yli-il%c9%99-bagli-az%c9%99rbaycan-hokum%c9%99tin%c9%99-sorgu-gond%c9%99rib\\\/#primaryimage\"},\"image\":{\"@id\":\"https:\\\/\\\/www.meydan.tv\\\/az\\\/article\\\/avropa-m%c9%99hk%c9%99m%c9%99si-gult%c9%99kin-hacib%c9%99yli-il%c9%99-bagli-az%c9%99rbaycan-hokum%c9%99tin%c9%99-sorgu-gond%c9%99rib\\\/#primaryimage\"},\"thumbnailUrl\":\"https:\\\/\\\/www.meydan.tv\\\/wp-content\\\/uploads\\\/4555.png\",\"datePublished\":\"2026-04-28T15:49:23+00:00\",\"dateModified\":\"2026-04-28T15:49:27+00:00\",\"breadcrumb\":{\"@id\":\"https:\\\/\\\/www.meydan.tv\\\/az\\\/article\\\/avropa-m%c9%99hk%c9%99m%c9%99si-gult%c9%99kin-hacib%c9%99yli-il%c9%99-bagli-az%c9%99rbaycan-hokum%c9%99tin%c9%99-sorgu-gond%c9%99rib\\\/#breadcrumb\"},\"inLanguage\":\"az\",\"potentialAction\":[{\"@type\":\"ReadAction\",\"target\":[\"https:\\\/\\\/www.meydan.tv\\\/az\\\/article\\\/avropa-m%c9%99hk%c9%99m%c9%99si-gult%c9%99kin-hacib%c9%99yli-il%c9%99-bagli-az%c9%99rbaycan-hokum%c9%99tin%c9%99-sorgu-gond%c9%99rib\\\/\"]}]},{\"@type\":\"ImageObject\",\"inLanguage\":\"az\",\"@id\":\"https:\\\/\\\/www.meydan.tv\\\/az\\\/article\\\/avropa-m%c9%99hk%c9%99m%c9%99si-gult%c9%99kin-hacib%c9%99yli-il%c9%99-bagli-az%c9%99rbaycan-hokum%c9%99tin%c9%99-sorgu-gond%c9%99rib\\\/#primaryimage\",\"url\":\"https:\\\/\\\/www.meydan.tv\\\/wp-content\\\/uploads\\\/4555.png\",\"contentUrl\":\"https:\\\/\\\/www.meydan.tv\\\/wp-content\\\/uploads\\\/4555.png\",\"width\":1920,\"height\":938,\"caption\":\"G\u00fclt\u0259kin Hac\u0131b\u0259yli - Foto: \u015e\u0259xsi \\\"Facebook\\\" s\u0259hif\u0259sind\u0259n\"},{\"@type\":\"BreadcrumbList\",\"@id\":\"https:\\\/\\\/www.meydan.tv\\\/az\\\/article\\\/avropa-m%c9%99hk%c9%99m%c9%99si-gult%c9%99kin-hacib%c9%99yli-il%c9%99-bagli-az%c9%99rbaycan-hokum%c9%99tin%c9%99-sorgu-gond%c9%99rib\\\/#breadcrumb\",\"itemListElement\":[{\"@type\":\"ListItem\",\"position\":1,\"name\":\"Ana s\u0259hif\u0259\",\"item\":\"https:\\\/\\\/www.meydan.tv\\\/az\\\/\"},{\"@type\":\"ListItem\",\"position\":2,\"name\":\"Siyas\u0259t\",\"item\":\"https:\\\/\\\/www.meydan.tv\\\/az\\\/section\\\/siyaset\\\/\"},{\"@type\":\"ListItem\",\"position\":3,\"name\":\"Avropa M\u0259hk\u0259m\u0259si G\u00fclt\u0259kin Hac\u0131b\u0259yli il\u0259 ba\u011fl\u0131 Az\u0259rbaycan h\u00f6kum\u0259tin\u0259 sor\u011fu g\u00f6nd\u0259rib\u00a0\"}]},{\"@type\":\"WebSite\",\"@id\":\"https:\\\/\\\/www.meydan.tv\\\/az\\\/#website\",\"url\":\"https:\\\/\\\/www.meydan.tv\\\/az\\\/\",\"name\":\"MEYDAN.TV\",\"description\":\"Meydan TV Az\u0259rbaycan\u0131n media m\u0259kan\u0131ndak\u0131 alternativ s\u0259sidir\",\"publisher\":{\"@id\":\"https:\\\/\\\/www.meydan.tv\\\/az\\\/#organization\"},\"potentialAction\":[{\"@type\":\"SearchAction\",\"target\":{\"@type\":\"EntryPoint\",\"urlTemplate\":\"https:\\\/\\\/www.meydan.tv\\\/az\\\/?s={search_term_string}\"},\"query-input\":{\"@type\":\"PropertyValueSpecification\",\"valueRequired\":true,\"valueName\":\"search_term_string\"}}],\"inLanguage\":\"az\"},{\"@type\":\"Organization\",\"@id\":\"https:\\\/\\\/www.meydan.tv\\\/az\\\/#organization\",\"name\":\"Meydan TV\",\"url\":\"https:\\\/\\\/www.meydan.tv\\\/az\\\/\",\"logo\":{\"@type\":\"ImageObject\",\"inLanguage\":\"az\",\"@id\":\"https:\\\/\\\/www.meydan.tv\\\/az\\\/#\\\/schema\\\/logo\\\/image\\\/\",\"url\":\"https:\\\/\\\/www.meydan.tv\\\/wp-content\\\/uploads\\\/2021\\\/07\\\/meydan-logo.svg\",\"contentUrl\":\"https:\\\/\\\/www.meydan.tv\\\/wp-content\\\/uploads\\\/2021\\\/07\\\/meydan-logo.svg\",\"width\":195,\"height\":46,\"caption\":\"Meydan TV\"},\"image\":{\"@id\":\"https:\\\/\\\/www.meydan.tv\\\/az\\\/#\\\/schema\\\/logo\\\/image\\\/\"}},{\"@type\":\"Person\",\"@id\":\"https:\\\/\\\/www.meydan.tv\\\/az\\\/#\\\/schema\\\/person\\\/09863e516102a829e72bedcf3f84c6b0\",\"name\":\"mahmud\"}]}<\/script>\n<!-- \/ Yoast SEO plugin. -->","yoast_head_json":{"title":"Avropa M\u0259hk\u0259m\u0259si G\u00fclt\u0259kin Hac\u0131b\u0259yli il\u0259 ba\u011fl\u0131 Az\u0259rbaycan h\u00f6kum\u0259tin\u0259 sor\u011fu g\u00f6nd\u0259rib\u00a0 - MEYDAN.TV","robots":{"index":"index","follow":"follow","max-snippet":"max-snippet:-1","max-image-preview":"max-image-preview:large","max-video-preview":"max-video-preview:-1"},"canonical":"https:\/\/www.meydan.tv\/az\/article\/avropa-m%c9%99hk%c9%99m%c9%99si-gult%c9%99kin-hacib%c9%99yli-il%c9%99-bagli-az%c9%99rbaycan-hokum%c9%99tin%c9%99-sorgu-gond%c9%99rib\/","og_locale":"az_AZ","og_type":"article","og_title":"Avropa M\u0259hk\u0259m\u0259si G\u00fclt\u0259kin Hac\u0131b\u0259yli il\u0259 ba\u011fl\u0131 Az\u0259rbaycan h\u00f6kum\u0259tin\u0259 sor\u011fu g\u00f6nd\u0259rib\u00a0 - MEYDAN.TV","og_description":"Avropa \u0130nsan H\u00fcquqlar\u0131 M\u0259hk\u0259m\u0259si (A\u0130HM) Milli \u015euran\u0131n Koordinasiya \u015euras\u0131n\u0131n \u00fczv\u00fc ... Davam\u0131","og_url":"https:\/\/www.meydan.tv\/az\/article\/avropa-m%c9%99hk%c9%99m%c9%99si-gult%c9%99kin-hacib%c9%99yli-il%c9%99-bagli-az%c9%99rbaycan-hokum%c9%99tin%c9%99-sorgu-gond%c9%99rib\/","og_site_name":"MEYDAN.TV","article_published_time":"2026-04-28T15:49:23+00:00","article_modified_time":"2026-04-28T15:49:27+00:00","og_image":[{"width":1920,"height":938,"url":"https:\/\/www.meydan.tv\/wp-content\/uploads\/4555.png","type":"image\/png"}],"author":"mahmud","twitter_card":"summary_large_image","schema":{"@context":"https:\/\/schema.org","@graph":[{"@type":"Article","@id":"https:\/\/www.meydan.tv\/az\/article\/avropa-m%c9%99hk%c9%99m%c9%99si-gult%c9%99kin-hacib%c9%99yli-il%c9%99-bagli-az%c9%99rbaycan-hokum%c9%99tin%c9%99-sorgu-gond%c9%99rib\/#article","isPartOf":{"@id":"https:\/\/www.meydan.tv\/az\/article\/avropa-m%c9%99hk%c9%99m%c9%99si-gult%c9%99kin-hacib%c9%99yli-il%c9%99-bagli-az%c9%99rbaycan-hokum%c9%99tin%c9%99-sorgu-gond%c9%99rib\/"},"author":{"name":"mahmud","@id":"https:\/\/www.meydan.tv\/az\/#\/schema\/person\/09863e516102a829e72bedcf3f84c6b0"},"headline":"Avropa M\u0259hk\u0259m\u0259si G\u00fclt\u0259kin Hac\u0131b\u0259yli il\u0259 ba\u011fl\u0131 Az\u0259rbaycan h\u00f6kum\u0259tin\u0259 sor\u011fu g\u00f6nd\u0259rib\u00a0","datePublished":"2026-04-28T15:49:23+00:00","dateModified":"2026-04-28T15:49:27+00:00","mainEntityOfPage":{"@id":"https:\/\/www.meydan.tv\/az\/article\/avropa-m%c9%99hk%c9%99m%c9%99si-gult%c9%99kin-hacib%c9%99yli-il%c9%99-bagli-az%c9%99rbaycan-hokum%c9%99tin%c9%99-sorgu-gond%c9%99rib\/"},"wordCount":529,"publisher":{"@id":"https:\/\/www.meydan.tv\/az\/#organization"},"image":{"@id":"https:\/\/www.meydan.tv\/az\/article\/avropa-m%c9%99hk%c9%99m%c9%99si-gult%c9%99kin-hacib%c9%99yli-il%c9%99-bagli-az%c9%99rbaycan-hokum%c9%99tin%c9%99-sorgu-gond%c9%99rib\/#primaryimage"},"thumbnailUrl":"https:\/\/www.meydan.tv\/wp-content\/uploads\/4555.png","articleSection":["Siyas\u0259t","T\u00f6vsiy\u0259","X\u0259b\u0259rl\u0259r"],"inLanguage":"az"},{"@type":"WebPage","@id":"https:\/\/www.meydan.tv\/az\/article\/avropa-m%c9%99hk%c9%99m%c9%99si-gult%c9%99kin-hacib%c9%99yli-il%c9%99-bagli-az%c9%99rbaycan-hokum%c9%99tin%c9%99-sorgu-gond%c9%99rib\/","url":"https:\/\/www.meydan.tv\/az\/article\/avropa-m%c9%99hk%c9%99m%c9%99si-gult%c9%99kin-hacib%c9%99yli-il%c9%99-bagli-az%c9%99rbaycan-hokum%c9%99tin%c9%99-sorgu-gond%c9%99rib\/","name":"Avropa M\u0259hk\u0259m\u0259si G\u00fclt\u0259kin Hac\u0131b\u0259yli il\u0259 ba\u011fl\u0131 Az\u0259rbaycan h\u00f6kum\u0259tin\u0259 sor\u011fu g\u00f6nd\u0259rib\u00a0 - MEYDAN.TV","isPartOf":{"@id":"https:\/\/www.meydan.tv\/az\/#website"},"primaryImageOfPage":{"@id":"https:\/\/www.meydan.tv\/az\/article\/avropa-m%c9%99hk%c9%99m%c9%99si-gult%c9%99kin-hacib%c9%99yli-il%c9%99-bagli-az%c9%99rbaycan-hokum%c9%99tin%c9%99-sorgu-gond%c9%99rib\/#primaryimage"},"image":{"@id":"https:\/\/www.meydan.tv\/az\/article\/avropa-m%c9%99hk%c9%99m%c9%99si-gult%c9%99kin-hacib%c9%99yli-il%c9%99-bagli-az%c9%99rbaycan-hokum%c9%99tin%c9%99-sorgu-gond%c9%99rib\/#primaryimage"},"thumbnailUrl":"https:\/\/www.meydan.tv\/wp-content\/uploads\/4555.png","datePublished":"2026-04-28T15:49:23+00:00","dateModified":"2026-04-28T15:49:27+00:00","breadcrumb":{"@id":"https:\/\/www.meydan.tv\/az\/article\/avropa-m%c9%99hk%c9%99m%c9%99si-gult%c9%99kin-hacib%c9%99yli-il%c9%99-bagli-az%c9%99rbaycan-hokum%c9%99tin%c9%99-sorgu-gond%c9%99rib\/#breadcrumb"},"inLanguage":"az","potentialAction":[{"@type":"ReadAction","target":["https:\/\/www.meydan.tv\/az\/article\/avropa-m%c9%99hk%c9%99m%c9%99si-gult%c9%99kin-hacib%c9%99yli-il%c9%99-bagli-az%c9%99rbaycan-hokum%c9%99tin%c9%99-sorgu-gond%c9%99rib\/"]}]},{"@type":"ImageObject","inLanguage":"az","@id":"https:\/\/www.meydan.tv\/az\/article\/avropa-m%c9%99hk%c9%99m%c9%99si-gult%c9%99kin-hacib%c9%99yli-il%c9%99-bagli-az%c9%99rbaycan-hokum%c9%99tin%c9%99-sorgu-gond%c9%99rib\/#primaryimage","url":"https:\/\/www.meydan.tv\/wp-content\/uploads\/4555.png","contentUrl":"https:\/\/www.meydan.tv\/wp-content\/uploads\/4555.png","width":1920,"height":938,"caption":"G\u00fclt\u0259kin Hac\u0131b\u0259yli - Foto: \u015e\u0259xsi \"Facebook\" s\u0259hif\u0259sind\u0259n"},{"@type":"BreadcrumbList","@id":"https:\/\/www.meydan.tv\/az\/article\/avropa-m%c9%99hk%c9%99m%c9%99si-gult%c9%99kin-hacib%c9%99yli-il%c9%99-bagli-az%c9%99rbaycan-hokum%c9%99tin%c9%99-sorgu-gond%c9%99rib\/#breadcrumb","itemListElement":[{"@type":"ListItem","position":1,"name":"Ana s\u0259hif\u0259","item":"https:\/\/www.meydan.tv\/az\/"},{"@type":"ListItem","position":2,"name":"Siyas\u0259t","item":"https:\/\/www.meydan.tv\/az\/section\/siyaset\/"},{"@type":"ListItem","position":3,"name":"Avropa M\u0259hk\u0259m\u0259si G\u00fclt\u0259kin Hac\u0131b\u0259yli il\u0259 ba\u011fl\u0131 Az\u0259rbaycan h\u00f6kum\u0259tin\u0259 sor\u011fu g\u00f6nd\u0259rib\u00a0"}]},{"@type":"WebSite","@id":"https:\/\/www.meydan.tv\/az\/#website","url":"https:\/\/www.meydan.tv\/az\/","name":"MEYDAN.TV","description":"Meydan TV Az\u0259rbaycan\u0131n media m\u0259kan\u0131ndak\u0131 alternativ s\u0259sidir","publisher":{"@id":"https:\/\/www.meydan.tv\/az\/#organization"},"potentialAction":[{"@type":"SearchAction","target":{"@type":"EntryPoint","urlTemplate":"https:\/\/www.meydan.tv\/az\/?s={search_term_string}"},"query-input":{"@type":"PropertyValueSpecification","valueRequired":true,"valueName":"search_term_string"}}],"inLanguage":"az"},{"@type":"Organization","@id":"https:\/\/www.meydan.tv\/az\/#organization","name":"Meydan TV","url":"https:\/\/www.meydan.tv\/az\/","logo":{"@type":"ImageObject","inLanguage":"az","@id":"https:\/\/www.meydan.tv\/az\/#\/schema\/logo\/image\/","url":"https:\/\/www.meydan.tv\/wp-content\/uploads\/2021\/07\/meydan-logo.svg","contentUrl":"https:\/\/www.meydan.tv\/wp-content\/uploads\/2021\/07\/meydan-logo.svg","width":195,"height":46,"caption":"Meydan TV"},"image":{"@id":"https:\/\/www.meydan.tv\/az\/#\/schema\/logo\/image\/"}},{"@type":"Person","@id":"https:\/\/www.meydan.tv\/az\/#\/schema\/person\/09863e516102a829e72bedcf3f84c6b0","name":"mahmud"}]}},"_links":{"self":[{"href":"https:\/\/www.meydan.tv\/az\/wp-json\/wp\/v2\/posts\/344437","targetHints":{"allow":["GET"]}}],"collection":[{"href":"https:\/\/www.meydan.tv\/az\/wp-json\/wp\/v2\/posts"}],"about":[{"href":"https:\/\/www.meydan.tv\/az\/wp-json\/wp\/v2\/types\/post"}],"author":[{"embeddable":true,"href":"https:\/\/www.meydan.tv\/az\/wp-json\/wp\/v2\/users\/21"}],"replies":[{"embeddable":true,"href":"https:\/\/www.meydan.tv\/az\/wp-json\/wp\/v2\/comments?post=344437"}],"version-history":[{"count":1,"href":"https:\/\/www.meydan.tv\/az\/wp-json\/wp\/v2\/posts\/344437\/revisions"}],"predecessor-version":[{"id":344438,"href":"https:\/\/www.meydan.tv\/az\/wp-json\/wp\/v2\/posts\/344437\/revisions\/344438"}],"wp:featuredmedia":[{"embeddable":true,"href":"https:\/\/www.meydan.tv\/az\/wp-json\/wp\/v2\/media\/338592"}],"wp:attachment":[{"href":"https:\/\/www.meydan.tv\/az\/wp-json\/wp\/v2\/media?parent=344437"}],"wp:term":[{"taxonomy":"category","embeddable":true,"href":"https:\/\/www.meydan.tv\/az\/wp-json\/wp\/v2\/categories?post=344437"},{"taxonomy":"post_tag","embeddable":true,"href":"https:\/\/www.meydan.tv\/az\/wp-json\/wp\/v2\/tags?post=344437"}],"curies":[{"name":"wp","href":"https:\/\/api.w.org\/{rel}","templated":true}]}}